{"id":106064,"date":"2026-09-05T12:25:04","date_gmt":"2026-09-05T12:25:04","guid":{"rendered":"https:\/\/www.shqiperia.com\/blog\/?p=106064"},"modified":"2026-09-05T12:25:04","modified_gmt":"2026-09-05T12:25:04","slug":"pamje-te-frikshme-nga-himara-flaket-ne-lartesine-e-hoteleve-7-banesa-te-djegura-situata-mengjesin-e-sotem","status":"publish","type":"post","link":"https:\/\/www.shqiperia.com\/blog\/pamje-te-frikshme-nga-himara-flaket-ne-lartesine-e-hoteleve-7-banesa-te-djegura-situata-mengjesin-e-sotem\/","title":{"rendered":"Pamje t\u00eb frikshme nga Himara, flak\u00ebt n\u00eb lart\u00ebsin\u00eb e hoteleve, 7 banesa t\u00eb djegura. Situata m\u00ebngjesin e sot\u00ebm"},"content":{"rendered":"<div class=\"s-ct-inner\">\n<div class=\"e-ct-outer\">\n<div class=\"entry-content rbct clearfix is-highlight-shares\">\n<p><img data-recalc-dims=\"1\" loading=\"lazy\" decoding=\"async\" data-attachment-id=\"106065\" data-permalink=\"https:\/\/www.shqiperia.com\/blog\/pamje-te-frikshme-nga-himara-flaket-ne-lartesine-e-hoteleve-7-banesa-te-djegura-situata-mengjesin-e-sotem\/images-19-2\/\" data-orig-file=\"https:\/\/i0.wp.com\/www.shqiperia.com\/blog\/wp-content\/uploads\/2026\/09\/images-19.jpg?fit=682%2C450&amp;ssl=1\" data-orig-size=\"682,450\" data-comments-opened=\"1\" data-image-meta=\"{&quot;aperture&quot;:&quot;0&quot;,&quot;credit&quot;:&quot;&quot;,&quot;camera&quot;:&quot;&quot;,&quot;caption&quot;:&quot;&quot;,&quot;created_timestamp&quot;:&quot;0&quot;,&quot;copyright&quot;:&quot;&quot;,&quot;focal_length&quot;:&quot;0&quot;,&quot;iso&quot;:&quot;0&quot;,&quot;shutter_speed&quot;:&quot;0&quot;,&quot;title&quot;:&quot;&quot;,&quot;orientation&quot;:&quot;0&quot;}\" data-image-title=\"images-19\" data-image-description=\"\" data-image-caption=\"\" data-medium-file=\"https:\/\/i0.wp.com\/www.shqiperia.com\/blog\/wp-content\/uploads\/2026\/09\/images-19.jpg?fit=300%2C198&amp;ssl=1\" data-large-file=\"https:\/\/i0.wp.com\/www.shqiperia.com\/blog\/wp-content\/uploads\/2026\/09\/images-19.jpg?fit=682%2C450&amp;ssl=1\" class=\"alignnone  wp-image-106065\" alt=\"\" src=\"https:\/\/i0.wp.com\/www.shqiperia.com\/blog\/wp-content\/uploads\/2026\/09\/images-19.jpg?resize=592%2C391&#038;ssl=1\" width=\"592\" height=\"391\" srcset=\"https:\/\/i0.wp.com\/www.shqiperia.com\/blog\/wp-content\/uploads\/2026\/09\/images-19.jpg?resize=300%2C198&amp;ssl=1 300w, https:\/\/i0.wp.com\/www.shqiperia.com\/blog\/wp-content\/uploads\/2026\/09\/images-19.jpg?resize=450%2C297&amp;ssl=1 450w, https:\/\/i0.wp.com\/www.shqiperia.com\/blog\/wp-content\/uploads\/2026\/09\/images-19.jpg?resize=600%2C396&amp;ssl=1 600w, https:\/\/i0.wp.com\/www.shqiperia.com\/blog\/wp-content\/uploads\/2026\/09\/images-19.jpg?resize=400%2C264&amp;ssl=1 400w, https:\/\/i0.wp.com\/www.shqiperia.com\/blog\/wp-content\/uploads\/2026\/09\/images-19.jpg?w=682&amp;ssl=1 682w\" sizes=\"auto, (max-width: 592px) 100vw, 592px\" \/><\/p>\n<p>5 Shtator 2026<\/p>\n<p>Nj\u00eb vat\u00ebr e fuqishme zjarri \u00ebsht\u00eb regjistruar gjat\u00eb nat\u00ebs n\u00eb Himar\u00eb, ku nj\u00eb vat\u00ebr e fuqishme zjarri u p\u00ebrhap me shpejt\u00ebsi p\u00ebr shkak t\u00eb er\u00ebs s\u00eb fort\u00eb.<\/p>\n<p>Sipas informacioneve t\u00eb b\u00ebra me dije nga Prefektura dhe strukturat e Mbrojtjes Civile, shtat\u00eb banesa jan\u00eb djegur plot\u00ebsisht, nd\u00ebrsa banor\u00eb dhe turist\u00eb jan\u00eb detyruar t\u00eb largohen nga zona e rrezikuar. Aktualisht zjarri \u00ebsht\u00eb v\u00ebn\u00eb n\u00ebn kontroll, nd\u00ebrsa nj\u00eb helikopter po nd\u00ebrhyn nga ajri p\u00ebr shuarjen e plot\u00eb t\u00eb flak\u00ebve.<\/p>\n<p>Zjarri shp\u00ebrtheu mbr\u00ebmjen e s\u00eb premtes n\u00eb territorin e Bashkis\u00eb Himar\u00eb, konkretisht n\u00eb lagjen nr. 1, pran\u00eb zon\u00ebs s\u00eb bypass-it, duke krijuar nj\u00eb situat\u00eb alarmante p\u00ebr banor\u00ebt dhe bizneset q\u00eb ndodhen n\u00eb zon\u00eb.<\/p>\n<p>Era e fort\u00eb ka favorizuar p\u00ebrhapjen e shpejt\u00eb t\u00eb flak\u00ebve, t\u00eb cilat kan\u00eb avancuar drejt zonave t\u00eb banuara. Situata \u00ebsht\u00eb b\u00ebr\u00eb ve\u00e7an\u00ebrisht problematike gjat\u00eb nat\u00ebs, nd\u00ebrsa zjarri ka shkaktuar d\u00ebme t\u00eb konsiderueshme materiale.<\/p>\n<p>Sipas t\u00eb dh\u00ebnave t\u00eb deritanishme t\u00eb b\u00ebra me dije nga Prefektura dhe strukturat e Mbrojtjes Civile, shtat\u00eb banesa jan\u00eb djegur totalisht.<\/p>\n<p><strong>Banor\u00eb dhe turist\u00eb evakuohen nga zona<\/strong><\/p>\n<p>Momente t\u00eb v\u00ebshtira kan\u00eb p\u00ebrjetuar banor\u00ebt e zon\u00ebs, nd\u00ebrsa p\u00ebrhapja e shpejt\u00eb e flak\u00ebve ka detyruar disa persona t\u00eb largohen nga banesat e tyre.<\/p>\n<p>Edhe turist\u00eb q\u00eb ndodheshin n\u00eb zon\u00eb jan\u00eb detyruar t\u00eb braktisin strukturat ku ishin akomoduar dhe t\u00eb zhvendosen drejt vendeve m\u00eb t\u00eb sigurta.<\/p>\n<p>Pavar\u00ebsisht p\u00ebrmasave t\u00eb zjarrit dhe d\u00ebmeve t\u00eb shkaktuara, nga informacionet paraprake nuk raportohet p\u00ebr persona t\u00eb l\u00ebnduar.<\/p>\n<p>Operator\u00ebt turistik\u00eb dhe pronar\u00ebt e bizneseve n\u00eb zon\u00eb tregojn\u00eb se situata i ka gjetur t\u00eb pap\u00ebrgatitur. Sipas tyre, era e fort\u00eb ka b\u00ebr\u00eb q\u00eb flak\u00ebt t\u00eb p\u00ebrhapen me shpejt\u00ebsi, duke e v\u00ebshtir\u00ebsuar situat\u00ebn dhe duke shtuar rrezikun p\u00ebr objektet dhe banesat p\u00ebrreth.<\/p>\n<p><strong>Nat\u00eb e v\u00ebshtir\u00eb n\u00eb Himar\u00eb<\/strong><\/p>\n<p>Situata ka vijuar t\u00eb mbetet problematike deri n\u00eb or\u00ebt e para t\u00eb m\u00ebngjesit t\u00eb s\u00eb shtun\u00ebs. Forcat zjarrfik\u00ebse dhe strukturat e emergjencave kan\u00eb punuar p\u00ebr izolimin e vatr\u00ebs dhe pengimin e p\u00ebrhapjes s\u00eb m\u00ebtejshme t\u00eb flak\u00ebve.<\/p>\n<p>Pas nd\u00ebrhyrjes s\u00eb forcave n\u00eb terren, zjarri \u00ebsht\u00eb v\u00ebn\u00eb n\u00ebn kontroll.<\/p>\n<p>Operacioni megjithat\u00eb vijon, pasi nj\u00eb helikopter po punon nga ajri p\u00ebr shuarjen e plot\u00eb t\u00eb flak\u00ebve dhe eliminimin e vatrave t\u00eb mbetura.<\/p>\n<p>Bilanci paraprak \u00ebsht\u00eb i r\u00ebnd\u00eb sa u p\u00ebrket d\u00ebmeve materiale, me shtat\u00eb banesa t\u00eb shkrumbuara plot\u00ebsisht. Mbetet p\u00ebr t\u2019u p\u00ebrcaktuar shkalla e plot\u00eb e d\u00ebmeve t\u00eb shkaktuara nga zjarri, si dhe shkaqet e r\u00ebnies s\u00eb tij.<\/p>\n<p>P\u00ebr shkak t\u00eb rrezikut t\u00eb krijuar, Policia ka bllokuar bypass-in e Himar\u00ebs. Qarkullimi n\u00eb k\u00ebt\u00eb aks lejohet vet\u00ebm p\u00ebr mjetet e emergjenc\u00ebs dhe automjetet q\u00eb jan\u00eb angazhuar n\u00eb operacionin p\u00ebr shuarjen e flak\u00ebve.<\/p>\n<p>Situata ka vijuar t\u00eb mbetet problematike deri n\u00eb or\u00ebt e para t\u00eb m\u00ebngjesit t\u00eb s\u00eb shtun\u00ebs. Rreth or\u00ebs 02:00, nj\u00eb tjet\u00ebr banes\u00eb \u00ebsht\u00eb p\u00ebrfshir\u00eb nga flak\u00ebt, duke shtuar panikun mes familjeve q\u00eb banonin n\u00eb zon\u00eb.<\/p>\n<p>Nd\u00ebrkoh\u00eb, m\u00ebngjesin e sot\u00ebm ka nisur edhe nd\u00ebrhyrja nga ajri, me helikopter\u00eb q\u00eb po hedhin uj\u00eb mbi vatrat e zjarrit.<\/p>\n<p>N\u00eb terren vijojn\u00eb t\u00eb jen\u00eb t\u00eb angazhuara Forcat e Armatosura, s\u00eb bashku me forca t\u00eb shumta zjarrfik\u00ebse t\u00eb mb\u00ebrritura nga qytete t\u00eb ndryshme t\u00eb vendit, n\u00eb p\u00ebrpjekje p\u00ebr t\u00eb izoluar dhe shuar vatrat q\u00eb vijojn\u00eb t\u00eb jen\u00eb aktive n\u00eb territorin e Bashkis\u00eb Himar\u00eb.<\/p>\n<p>Situata mbetet e v\u00ebshtir\u00eb, nd\u00ebrsa forcat n\u00eb terren po punojn\u00eb p\u00ebr t\u00eb frenuar p\u00ebrhapjen e flak\u00ebve dhe p\u00ebr t\u00eb mbrojtur banesat dhe zonat e banuara.<\/p>\n<p><img data-recalc-dims=\"1\" loading=\"lazy\" decoding=\"async\" class=\"alignnone wp-image-320155 \" alt=\"\" src=\"https:\/\/i0.wp.com\/gazetadita.al\/wp-content\/uploads\/2026\/09\/zjarr-himare-2.webp?resize=714%2C408&#038;ssl=1\" width=\"714\" height=\"408\" \/><\/p>\n<p><em>Gazeta: dita<\/em><\/p>\n<\/div>\n<\/div>\n<\/div>\n<div class=\"e-shared-sec entry-sec\">\n<div class=\"e-shared-header h4\"><i class=\"rbi rbi-share\" aria-hidden=\"true\"><\/i><\/div>\n<\/div>\n","protected":false},"excerpt":{"rendered":"<p>5 Shtator 2026 Nj\u00eb vat\u00ebr e fuqishme zjarri \u00ebsht\u00eb regjistruar gjat\u00eb nat\u00ebs n\u00eb Himar\u00eb, ku nj\u00eb vat\u00ebr e fuqishme zjarri u p\u00ebrhap me shpejt\u00ebsi p\u00ebr shkak t\u00eb er\u00ebs s\u00eb fort\u00eb. Sipas informacioneve t\u00eb b\u00ebra me dije nga Prefektura dhe strukturat e Mbrojtjes Civile, shtat\u00eb banesa jan\u00eb djegur plot\u00ebsisht, nd\u00ebrsa banor\u00eb dhe turist\u00eb jan\u00eb detyruar t\u00eb [&hellip;]<\/p>\n","protected":false},"author":9,"featured_media":106065,"comment_status":"open","ping_status":"open","sticky":false,"template":"","format":"standard","meta":{"jetpack_post_was_ever_published":false,"_jetpack_newsletter_access":"","_jetpack_dont_email_post_to_subs":false,"_jetpack_newsletter_tier_id":0,"_jetpack_memberships_contains_paywalled_content":false,"_jetpack_memberships_contains_paid_content":false,"footnotes":"","jetpack_publicize_message":"","jetpack_publicize_feature_enabled":true,"jetpack_social_post_already_shared":true,"jetpack_social_options":{"image_generator_settings":{"template":"highway","default_image_id":0,"font":"","enabled":false},"version":2}},"categories":[27,1,35],"tags":[],"class_list":["post-106064","post","type-post","status-publish","format-standard","has-post-thumbnail","hentry","category-blogu-i-udhetarit","category-njoftime-shtypi","category-shoqerore"],"jetpack_publicize_connections":[],"jetpack_featured_media_url":"https:\/\/i0.wp.com\/www.shqiperia.com\/blog\/wp-content\/uploads\/2026\/09\/images-19.jpg?fit=682%2C450&ssl=1","jetpack_sharing_enabled":true,"jetpack_shortlink":"https:\/\/wp.me\/p5Z6wp-rAI","jetpack-related-posts":[{"id":106058,"url":"https:\/\/www.shqiperia.com\/blog\/zjarri-ne-himare-shoqerohet-ne-komisariat-nje-person-dyshohet-se-i-vuri-flaken-zones\/","url_meta":{"origin":106064,"position":0},"title":"Zjarri n\u00eb Himar\u00eb, shoq\u00ebrohet n\u00eb komisariat nj\u00eb person, dyshohet se i vuri flak\u00ebn zon\u00ebs","author":"Kurt Farka","date":"September 5, 2026","format":false,"excerpt":"5 Shtator 2026 Nj\u00eb person \u00ebsht\u00eb shoq\u00ebruar n\u00eb Komisariatin e Vlor\u00ebs, pasi dyshohet se ka vendosur zjarrin n\u00eb zon\u00ebn e bypass-it t\u00eb Vlor\u00ebs, ku flak\u00ebt p\u00ebrfshin\u00eb mbr\u00ebmjen e s\u00eb premtes edhe lagjen nr. 1 n\u00eb Himar\u00eb. Personi i shoq\u00ebruar \u00ebsht\u00eb nj\u00eb \u00e7oban i zon\u00ebs, i cili kullot bag\u00ebtit\u00eb n\u00eb territorin\u2026","rel":"","context":"In &quot;Blogu i Udh\u00ebtarit&quot;","block_context":{"text":"Blogu i Udh\u00ebtarit","link":"https:\/\/www.shqiperia.com\/blog\/category\/blogu-i-udhetarit\/"},"img":{"alt_text":"","src":"https:\/\/i0.wp.com\/www.shqiperia.com\/blog\/wp-content\/uploads\/2026\/09\/800-0-69a1a68eb801daf07c0c0ad0a0b5001a-6a9beb6a6ef24.png?fit=800%2C538&ssl=1&resize=350%2C200","width":350,"height":200,"srcset":"https:\/\/i0.wp.com\/www.shqiperia.com\/blog\/wp-content\/uploads\/2026\/09\/800-0-69a1a68eb801daf07c0c0ad0a0b5001a-6a9beb6a6ef24.png?fit=800%2C538&ssl=1&resize=350%2C200 1x, https:\/\/i0.wp.com\/www.shqiperia.com\/blog\/wp-content\/uploads\/2026\/09\/800-0-69a1a68eb801daf07c0c0ad0a0b5001a-6a9beb6a6ef24.png?fit=800%2C538&ssl=1&resize=525%2C300 1.5x, https:\/\/i0.wp.com\/www.shqiperia.com\/blog\/wp-content\/uploads\/2026\/09\/800-0-69a1a68eb801daf07c0c0ad0a0b5001a-6a9beb6a6ef24.png?fit=800%2C538&ssl=1&resize=700%2C400 2x"},"classes":[]},{"id":106025,"url":"https:\/\/www.shqiperia.com\/blog\/shkrumbohet-nje-banese-nga-flaket-e-medha-ne-himare\/","url_meta":{"origin":106064,"position":1},"title":"P\u00ebrkeq\u00ebsohet situata nga zjarri n\u00eb Himar\u00eb, digjen 2 banesa, rrezikohen 40 t\u00eb tjera, banor\u00ebt k\u00ebrkojn\u00eb ndihm\u00eb","author":"Kurt Farka","date":"September 4, 2026","format":false,"excerpt":"4 Shtator 2026 Kjo \u00ebsht\u00eb nj\u00eb nga banesat e p\u00ebrfshira nga zjarri i fuqish\u00ebm n\u00eb Himar\u00eb. Banesa \u00ebsht\u00eb p\u00ebrfshir\u00eb e gjitha nga flak\u00ebt dhe \u00ebsht\u00eb shkrumbuar plot\u00ebsisht. Situata paraqitet e v\u00ebshtir\u00eb p\u00ebr zjarrfik\u00ebsit, t\u00eb cil\u00ebt vijojn\u00eb t\u00eb jen\u00eb n\u00eb terren, duke punuar p\u00ebr shuarjen dhe izolimin e flak\u00ebve, me q\u00ebllim\u2026","rel":"","context":"In &quot;Blogu i Udh\u00ebtarit&quot;","block_context":{"text":"Blogu i Udh\u00ebtarit","link":"https:\/\/www.shqiperia.com\/blog\/category\/blogu-i-udhetarit\/"},"img":{"alt_text":"","src":"https:\/\/i0.wp.com\/www.shqiperia.com\/blog\/wp-content\/uploads\/2026\/09\/800-0-6a9b3c2ac6573.jpg?fit=800%2C450&ssl=1&resize=350%2C200","width":350,"height":200,"srcset":"https:\/\/i0.wp.com\/www.shqiperia.com\/blog\/wp-content\/uploads\/2026\/09\/800-0-6a9b3c2ac6573.jpg?fit=800%2C450&ssl=1&resize=350%2C200 1x, https:\/\/i0.wp.com\/www.shqiperia.com\/blog\/wp-content\/uploads\/2026\/09\/800-0-6a9b3c2ac6573.jpg?fit=800%2C450&ssl=1&resize=525%2C300 1.5x, https:\/\/i0.wp.com\/www.shqiperia.com\/blog\/wp-content\/uploads\/2026\/09\/800-0-6a9b3c2ac6573.jpg?fit=800%2C450&ssl=1&resize=700%2C400 2x"},"classes":[]},{"id":105407,"url":"https:\/\/www.shqiperia.com\/blog\/zjarri-ne-vranisht-te-vlores-perfshihet-nga-flaket-nje-banese-digjen-dhe-disa-hektare-siperfaqe-pyjore\/","url_meta":{"origin":106064,"position":2},"title":"Zjarri n\u00eb Vranisht t\u00eb Vlor\u00ebs, p\u00ebrfshihet nga flak\u00ebt nj\u00eb banes\u00eb, digjen dhe disa hektar\u00eb sip\u00ebrfaqe pyjore","author":"Kurt Farka","date":"August 28, 2026","format":false,"excerpt":"28 Gusht 2026 Nj\u00eb banes\u00eb e pabanuar \u00ebsht\u00eb p\u00ebrfshir\u00eb nga flak\u00ebt, nd\u00ebrsa zjarri ka p\u00ebrfshir\u00eb disa hektar\u00eb me pisha dhe sip\u00ebrfaqe pyjore n\u00eb fshatin Vranisht t\u00eb bashkis\u00eb Himar\u00eb. Situata paraqitet e v\u00ebshtir\u00eb p\u00ebr shkak t\u00eb er\u00ebrave t\u00eb forta dhe temperaturave t\u00eb larta, nd\u00ebrsa flak\u00ebt vijojn\u00eb t\u00eb jen\u00eb aktive dhe rrezikojn\u00eb\u2026","rel":"","context":"In &quot;Blogu i Udh\u00ebtarit&quot;","block_context":{"text":"Blogu i Udh\u00ebtarit","link":"https:\/\/www.shqiperia.com\/blog\/category\/blogu-i-udhetarit\/"},"img":{"alt_text":"","src":"https:\/\/i0.wp.com\/www.shqiperia.com\/blog\/wp-content\/uploads\/2026\/08\/Untitled-design-42.webp?fit=1200%2C675&ssl=1&resize=350%2C200","width":350,"height":200,"srcset":"https:\/\/i0.wp.com\/www.shqiperia.com\/blog\/wp-content\/uploads\/2026\/08\/Untitled-design-42.webp?fit=1200%2C675&ssl=1&resize=350%2C200 1x, https:\/\/i0.wp.com\/www.shqiperia.com\/blog\/wp-content\/uploads\/2026\/08\/Untitled-design-42.webp?fit=1200%2C675&ssl=1&resize=525%2C300 1.5x, https:\/\/i0.wp.com\/www.shqiperia.com\/blog\/wp-content\/uploads\/2026\/08\/Untitled-design-42.webp?fit=1200%2C675&ssl=1&resize=700%2C400 2x, https:\/\/i0.wp.com\/www.shqiperia.com\/blog\/wp-content\/uploads\/2026\/08\/Untitled-design-42.webp?fit=1200%2C675&ssl=1&resize=1050%2C600 3x"},"classes":[]},{"id":106018,"url":"https:\/\/www.shqiperia.com\/blog\/lajme-katastrofe-ku-po-shkojme-zjarri-apokaliptik-ne-himare-po-perhapet-me-shpejtesi-bashkia-thirrje-banoreve-dhe-turisteve-largohuni-nga-zonat-me-rrezik\/","url_meta":{"origin":106064,"position":3},"title":"Lajme katastrofe, Ku po shkojm\u00eb. &#8211; Zjarri apokaliptik n\u00eb Himar\u00eb po p\u00ebrhapet me shpejt\u00ebsi, bashkia thirrje banor\u00ebve dhe turist\u00ebve: Largohuni nga zonat me rrezik","author":"Kurt Farka","date":"September 4, 2026","format":false,"excerpt":"4 Shtator 2026 Zjarri n\u00eb Himar\u00eb po merr p\u00ebrmasa t\u00eb frikshme dhe po p\u00ebrhapet me shpejt\u00ebsi n\u00eb zonat e banuara. Si\u00e7 ka raportuar edhe m\u00eb her\u00ebt korrespondenti i Top Channel Mikel Marsi, nj\u00eb banes\u00eb \u00ebsht\u00eb shkrumbuar nd\u00ebrsa rrezikohen m\u00eb shum\u00eb se 40 sht\u00ebpi dhe hotele. Bashkia e Himar\u00ebs ka dal\u00eb\u2026","rel":"","context":"In &quot;Blogu i Udh\u00ebtarit&quot;","block_context":{"text":"Blogu i Udh\u00ebtarit","link":"https:\/\/www.shqiperia.com\/blog\/category\/blogu-i-udhetarit\/"},"img":{"alt_text":"","src":"https:\/\/i0.wp.com\/www.shqiperia.com\/blog\/wp-content\/uploads\/2026\/09\/Zjarri-ne-Himare-4-Shtator-2026.webp?fit=1200%2C675&ssl=1&resize=350%2C200","width":350,"height":200,"srcset":"https:\/\/i0.wp.com\/www.shqiperia.com\/blog\/wp-content\/uploads\/2026\/09\/Zjarri-ne-Himare-4-Shtator-2026.webp?fit=1200%2C675&ssl=1&resize=350%2C200 1x, https:\/\/i0.wp.com\/www.shqiperia.com\/blog\/wp-content\/uploads\/2026\/09\/Zjarri-ne-Himare-4-Shtator-2026.webp?fit=1200%2C675&ssl=1&resize=525%2C300 1.5x, https:\/\/i0.wp.com\/www.shqiperia.com\/blog\/wp-content\/uploads\/2026\/09\/Zjarri-ne-Himare-4-Shtator-2026.webp?fit=1200%2C675&ssl=1&resize=700%2C400 2x, https:\/\/i0.wp.com\/www.shqiperia.com\/blog\/wp-content\/uploads\/2026\/09\/Zjarri-ne-Himare-4-Shtator-2026.webp?fit=1200%2C675&ssl=1&resize=1050%2C600 3x"},"classes":[]},{"id":103742,"url":"https:\/\/www.shqiperia.com\/blog\/flaket-po-perhapen-shpejt-digjen-dy-banesa-ne-opar-te-maliqit\/","url_meta":{"origin":106064,"position":4},"title":"Flak\u00ebt po p\u00ebrhapen shpejt, digjen dy banesa n\u00eb Opar t\u00eb Maliqit","author":"Kurt Farka","date":"August 4, 2026","format":false,"excerpt":"4 Gusht 2026 Nj\u00eb vat\u00ebr zjarri ka r\u00ebn\u00eb n\u00eb fshatin Opar t\u00eb nj\u00ebsis\u00eb administrative Moglic\u00eb, n\u00eb Maliq. Sipas t\u00eb dh\u00ebnave, zjarri ka p\u00ebrfshir\u00eb nj\u00eb sip\u00ebrfaqe me shkurre dhe barishte. P\u00ebr shkak t\u00eb p\u00ebrhapjes s\u00eb shpejt\u00eb t\u00eb flak\u00ebve, zjarri ka prekur edhe dy banesa t\u00eb pabanuara. Forcat zjarrfik\u00ebse jan\u00eb nisur drejt\u2026","rel":"","context":"In &quot;Blogu i Udh\u00ebtarit&quot;","block_context":{"text":"Blogu i Udh\u00ebtarit","link":"https:\/\/www.shqiperia.com\/blog\/category\/blogu-i-udhetarit\/"},"img":{"alt_text":"","src":"https:\/\/i0.wp.com\/www.shqiperia.com\/blog\/wp-content\/uploads\/2026\/08\/auto_maliiiqii1785780641.jpg?fit=900%2C586&ssl=1&resize=350%2C200","width":350,"height":200,"srcset":"https:\/\/i0.wp.com\/www.shqiperia.com\/blog\/wp-content\/uploads\/2026\/08\/auto_maliiiqii1785780641.jpg?fit=900%2C586&ssl=1&resize=350%2C200 1x, https:\/\/i0.wp.com\/www.shqiperia.com\/blog\/wp-content\/uploads\/2026\/08\/auto_maliiiqii1785780641.jpg?fit=900%2C586&ssl=1&resize=525%2C300 1.5x, https:\/\/i0.wp.com\/www.shqiperia.com\/blog\/wp-content\/uploads\/2026\/08\/auto_maliiiqii1785780641.jpg?fit=900%2C586&ssl=1&resize=700%2C400 2x"},"classes":[]},{"id":103529,"url":"https:\/\/www.shqiperia.com\/blog\/vater-zjarri-qe-ka-9-vite-qe-perseritet-ne-te-njejten-zone-prane-rruges-se-kombit\/","url_meta":{"origin":106064,"position":5},"title":"Vater Zjarri  qe ka 9 vite qe perseritet ne te njejten zone pran\u00eb Rrug\u00ebs s\u00eb Kombit","author":"Kurt Farka","date":"July 31, 2026","format":false,"excerpt":"31 Korrik 2026 Nj\u00eb vat\u00ebr zjarri \u00ebsht\u00eb rishfaqur edhe sot, zjarri ketu eshte i pranishem per 9 vite rrjesht\u00eb. Kjo vater \u00ebshte mes nj\u00ebsive administrative Kolsh dhe Surroj, n\u00eb af\u00ebrsi t\u00eb Rrug\u00ebs s\u00eb Kombit, rreth dy kilometra larg tunelit t\u00eb Kalimashit. Flak\u00ebt kan\u00eb p\u00ebrfshir\u00eb nj\u00eb sip\u00ebrfaqe me bim\u00ebsi dhe shkurre,\u2026","rel":"","context":"In &quot;Blogu i Udh\u00ebtarit&quot;","block_context":{"text":"Blogu i Udh\u00ebtarit","link":"https:\/\/www.shqiperia.com\/blog\/category\/blogu-i-udhetarit\/"},"img":{"alt_text":"","src":"https:\/\/i0.wp.com\/www.shqiperia.com\/blog\/wp-content\/uploads\/2026\/07\/Screenshot-2026-07-31-201319.jpg?fit=654%2C315&ssl=1&resize=350%2C200","width":350,"height":200,"srcset":"https:\/\/i0.wp.com\/www.shqiperia.com\/blog\/wp-content\/uploads\/2026\/07\/Screenshot-2026-07-31-201319.jpg?fit=654%2C315&ssl=1&resize=350%2C200 1x, https:\/\/i0.wp.com\/www.shqiperia.com\/blog\/wp-content\/uploads\/2026\/07\/Screenshot-2026-07-31-201319.jpg?fit=654%2C315&ssl=1&resize=525%2C300 1.5x"},"classes":[]}],"_links":{"self":[{"href":"https:\/\/www.shqiperia.com\/blog\/wp-json\/wp\/v2\/posts\/106064","targetHints":{"allow":["GET"]}}],"collection":[{"href":"https:\/\/www.shqiperia.com\/blog\/wp-json\/wp\/v2\/posts"}],"about":[{"href":"https:\/\/www.shqiperia.com\/blog\/wp-json\/wp\/v2\/types\/post"}],"author":[{"embeddable":true,"href":"https:\/\/www.shqiperia.com\/blog\/wp-json\/wp\/v2\/users\/9"}],"replies":[{"embeddable":true,"href":"https:\/\/www.shqiperia.com\/blog\/wp-json\/wp\/v2\/comments?post=106064"}],"version-history":[{"count":1,"href":"https:\/\/www.shqiperia.com\/blog\/wp-json\/wp\/v2\/posts\/106064\/revisions"}],"predecessor-version":[{"id":106066,"href":"https:\/\/www.shqiperia.com\/blog\/wp-json\/wp\/v2\/posts\/106064\/revisions\/106066"}],"wp:featuredmedia":[{"embeddable":true,"href":"https:\/\/www.shqiperia.com\/blog\/wp-json\/wp\/v2\/media\/106065"}],"wp:attachment":[{"href":"https:\/\/www.shqiperia.com\/blog\/wp-json\/wp\/v2\/media?parent=106064"}],"wp:term":[{"taxonomy":"category","embeddable":true,"href":"https:\/\/www.shqiperia.com\/blog\/wp-json\/wp\/v2\/categories?post=106064"},{"taxonomy":"post_tag","embeddable":true,"href":"https:\/\/www.shqiperia.com\/blog\/wp-json\/wp\/v2\/tags?post=106064"}],"curies":[{"name":"wp","href":"https:\/\/api.w.org\/{rel}","templated":true}]}}