{"id":106061,"date":"2026-09-05T12:14:43","date_gmt":"2026-09-05T12:14:43","guid":{"rendered":"https:\/\/www.shqiperia.com\/blog\/?p=106061"},"modified":"2026-09-05T12:14:43","modified_gmt":"2026-09-05T12:14:43","slug":"mekat-ndaj-natyres-teologet-e-vatikanit-kerkojne-ndryshim-te-jeteses-kriza-mjedisore-godet-me-fort-te-varfrit","status":"publish","type":"post","link":"https:\/\/www.shqiperia.com\/blog\/mekat-ndaj-natyres-teologet-e-vatikanit-kerkojne-ndryshim-te-jeteses-kriza-mjedisore-godet-me-fort-te-varfrit\/","title":{"rendered":"\u201cM\u00ebkat ndaj natyr\u00ebs\u201d, teolog\u00ebt e Vatikanit k\u00ebrkojn\u00eb ndryshim t\u00eb jetes\u00ebs: Kriza mjedisore godet m\u00eb fort t\u00eb varfrit"},"content":{"rendered":"<div class=\"firstP\">\n<p><img data-recalc-dims=\"1\" loading=\"lazy\" decoding=\"async\" data-attachment-id=\"106062\" data-permalink=\"https:\/\/www.shqiperia.com\/blog\/mekat-ndaj-natyres-teologet-e-vatikanit-kerkojne-ndryshim-te-jeteses-kriza-mjedisore-godet-me-fort-te-varfrit\/800-0-zazazaaaa_sd-800x450\/\" data-orig-file=\"https:\/\/i0.wp.com\/www.shqiperia.com\/blog\/wp-content\/uploads\/2026\/09\/800-0-zazazaaaa_sd-800x450-1.webp?fit=800%2C450&amp;ssl=1\" data-orig-size=\"800,450\" data-comments-opened=\"1\" data-image-meta=\"{&quot;aperture&quot;:&quot;0&quot;,&quot;credit&quot;:&quot;&quot;,&quot;camera&quot;:&quot;&quot;,&quot;caption&quot;:&quot;&quot;,&quot;created_timestamp&quot;:&quot;0&quot;,&quot;copyright&quot;:&quot;&quot;,&quot;focal_length&quot;:&quot;0&quot;,&quot;iso&quot;:&quot;0&quot;,&quot;shutter_speed&quot;:&quot;0&quot;,&quot;title&quot;:&quot;&quot;,&quot;orientation&quot;:&quot;0&quot;}\" data-image-title=\"800-0-zazazaaaa_sd-800&#215;450\" data-image-description=\"\" data-image-caption=\"\" data-medium-file=\"https:\/\/i0.wp.com\/www.shqiperia.com\/blog\/wp-content\/uploads\/2026\/09\/800-0-zazazaaaa_sd-800x450-1.webp?fit=300%2C169&amp;ssl=1\" data-large-file=\"https:\/\/i0.wp.com\/www.shqiperia.com\/blog\/wp-content\/uploads\/2026\/09\/800-0-zazazaaaa_sd-800x450-1.webp?fit=800%2C450&amp;ssl=1\" class=\"alignnone  wp-image-106062\" alt=\"\" src=\"https:\/\/i0.wp.com\/www.shqiperia.com\/blog\/wp-content\/uploads\/2026\/09\/800-0-zazazaaaa_sd-800x450-1.webp?resize=609%2C343&#038;ssl=1\" width=\"609\" height=\"343\" srcset=\"https:\/\/i0.wp.com\/www.shqiperia.com\/blog\/wp-content\/uploads\/2026\/09\/800-0-zazazaaaa_sd-800x450-1.webp?resize=300%2C169&amp;ssl=1 300w, https:\/\/i0.wp.com\/www.shqiperia.com\/blog\/wp-content\/uploads\/2026\/09\/800-0-zazazaaaa_sd-800x450-1.webp?resize=768%2C432&amp;ssl=1 768w, https:\/\/i0.wp.com\/www.shqiperia.com\/blog\/wp-content\/uploads\/2026\/09\/800-0-zazazaaaa_sd-800x450-1.webp?resize=450%2C253&amp;ssl=1 450w, https:\/\/i0.wp.com\/www.shqiperia.com\/blog\/wp-content\/uploads\/2026\/09\/800-0-zazazaaaa_sd-800x450-1.webp?resize=600%2C338&amp;ssl=1 600w, https:\/\/i0.wp.com\/www.shqiperia.com\/blog\/wp-content\/uploads\/2026\/09\/800-0-zazazaaaa_sd-800x450-1.webp?resize=400%2C225&amp;ssl=1 400w, https:\/\/i0.wp.com\/www.shqiperia.com\/blog\/wp-content\/uploads\/2026\/09\/800-0-zazazaaaa_sd-800x450-1.webp?w=800&amp;ssl=1 800w\" sizes=\"auto, (max-width: 609px) 100vw, 609px\" \/><\/p>\n<p>5 Shtator 2026<\/p>\n<p>Vatikani propozon q\u00eb d\u00ebmtimi i natyr\u00ebs t\u00eb konsiderohet \u201cm\u00ebkat kund\u00ebr krijimit dhe Krijuesit\u201d.<\/p>\n<\/div>\n<p>N\u00eb nj\u00eb dokument t\u00eb ri, teolog\u00ebt theksojn\u00eb se ndotja, shkat\u00ebrrimi i ekosistemeve dhe ndryshimet klimatike kan\u00eb pasoja t\u00eb r\u00ebnda, sidomos p\u00ebr m\u00eb t\u00eb varfrit, nd\u00ebrsa kujdesi p\u00ebr planetin cil\u00ebsohet edhe p\u00ebrgjegj\u00ebsi shpirt\u00ebrore.<\/p>\n<p>Mbrojtja e mjedisit nuk \u00ebsht\u00eb vet\u00ebm nj\u00eb \u00e7\u00ebshtje ekologjike, por edhe nj\u00eb p\u00ebrgjegj\u00ebsi e besimit t\u00eb krishter\u00eb. Komisioni Teologjik Nd\u00ebrkomb\u00ebtar i Vatikanit propozon futjen e konceptit t\u00eb \u201cm\u00ebkatit kund\u00ebr krijimit dhe Krijuesit\u201d. N\u00eb dokumentin e ri \u201cT\u00eb kujdesemi p\u00ebr Sht\u00ebpin\u00eb ton\u00eb t\u00eb p\u00ebrbashk\u00ebt\u201d, teolog\u00ebt e Vatikanit theksojn\u00eb se njeriu ka p\u00ebrgjegj\u00ebsi t\u00eb drejtp\u00ebrdrejt\u00eb p\u00ebr p\u00ebrkeq\u00ebsimin e mjedisit dhe se d\u00ebmtimi i natyr\u00ebs nuk mund t\u00eb ndahet nga p\u00ebrgjegj\u00ebsia ndaj Zotit. P\u00ebr k\u00ebt\u00eb arsye, Komisioni preferon formulimin \u201cm\u00ebkat kund\u00ebr krijimit dhe Krijuesit\u201d, n\u00eb vend t\u00eb termave si \u201cm\u00ebkat ekologjik\u201d apo \u201cekocid\u201d.<\/p>\n<p>Dokumenti paralajm\u00ebron se pasojat e kriz\u00ebs mjedisore jan\u00eb konkrete dhe shpesh dramatike. Ndotja, shkat\u00ebrrimi i ekosistemeve dhe ndryshimet klimatike godasin n\u00eb m\u00ebnyr\u00eb t\u00eb ve\u00e7ant\u00eb shtresat m\u00eb t\u00eb varfra dhe, sipas Vatikanit, shkaktojn\u00eb edhe humbje t\u00eb shumta jet\u00ebsh.<\/p>\n<p>Mesazhi \u00ebsht\u00eb edhe nj\u00eb thirrje p\u00ebr ndryshimin e m\u00ebnyr\u00ebs s\u00eb jetes\u00ebs dhe konsumit: kujdesi p\u00ebr planetin konsiderohet jo vet\u00ebm detyrim moral, por edhe p\u00ebrgjegj\u00ebsi shpirt\u00ebrore.<\/p>\n<p class=\"last\"><strong>Top Channel<\/strong><\/p>\n","protected":false},"excerpt":{"rendered":"<p>5 Shtator 2026 Vatikani propozon q\u00eb d\u00ebmtimi i natyr\u00ebs t\u00eb konsiderohet \u201cm\u00ebkat kund\u00ebr krijimit dhe Krijuesit\u201d. N\u00eb nj\u00eb dokument t\u00eb ri, teolog\u00ebt theksojn\u00eb se ndotja, shkat\u00ebrrimi i ekosistemeve dhe ndryshimet klimatike kan\u00eb pasoja t\u00eb r\u00ebnda, sidomos p\u00ebr m\u00eb t\u00eb varfrit, nd\u00ebrsa kujdesi p\u00ebr planetin cil\u00ebsohet edhe p\u00ebrgjegj\u00ebsi shpirt\u00ebrore. Mbrojtja e mjedisit nuk \u00ebsht\u00eb vet\u00ebm nj\u00eb [&hellip;]<\/p>\n","protected":false},"author":9,"featured_media":106062,"comment_status":"open","ping_status":"open","sticky":false,"template":"","format":"standard","meta":{"jetpack_post_was_ever_published":false,"_jetpack_newsletter_access":"","_jetpack_dont_email_post_to_subs":false,"_jetpack_newsletter_tier_id":0,"_jetpack_memberships_contains_paywalled_content":false,"_jetpack_memberships_contains_paid_content":false,"footnotes":"","jetpack_publicize_message":"","jetpack_publicize_feature_enabled":true,"jetpack_social_post_already_shared":true,"jetpack_social_options":{"image_generator_settings":{"template":"highway","default_image_id":0,"font":"","enabled":false},"version":2}},"categories":[27,85,10,35],"tags":[],"class_list":["post-106061","post","type-post","status-publish","format-standard","has-post-thumbnail","hentry","category-blogu-i-udhetarit","category-histori","category-kultura","category-shoqerore"],"jetpack_publicize_connections":[],"jetpack_featured_media_url":"https:\/\/i0.wp.com\/www.shqiperia.com\/blog\/wp-content\/uploads\/2026\/09\/800-0-zazazaaaa_sd-800x450-1.webp?fit=800%2C450&ssl=1","jetpack_sharing_enabled":true,"jetpack_shortlink":"https:\/\/wp.me\/p5Z6wp-rAF","jetpack-related-posts":[{"id":101662,"url":"https:\/\/www.shqiperia.com\/blog\/lajm-arkiv-shteti-mysliman-i-rames-nje-mikroshtet-per-bektashinjte-brenda-tiranes\/","url_meta":{"origin":106061,"position":0},"title":"Lajm Arkiv: &#8211; Shteti mysliman i Rames  &#8211; Nj\u00eb mikroshtet p\u00ebr bektashinjt\u00eb brenda Tiran\u00ebs","author":"Kurt Farka","date":"June 21, 2026","format":false,"excerpt":"21 Shtator 2024 New York Times i ka kushtuar nj\u00eb artikull mund\u00ebsis\u00eb s\u00eb krijimit t\u00eb nj\u00eb shteti t\u00eb stilit t\u00eb Vatikanit n\u00eb Shqip\u00ebri. Sipas NYT kryeministri Edi Rama d\u00ebshiron t\u2019u jap\u00eb an\u00ebtar\u00ebve t\u00eb Bektashinjve enklav\u00ebn e tyre t\u00eb stilit t\u00eb Vatikanit si nj\u00eb m\u00ebnyr\u00eb p\u00ebr t\u00eb promovuar toleranc\u00ebn fetare. Kleriku\u2026","rel":"","context":"In &quot;Blogu i Udh\u00ebtarit&quot;","block_context":{"text":"Blogu i Udh\u00ebtarit","link":"https:\/\/www.shqiperia.com\/blog\/category\/blogu-i-udhetarit\/"},"img":{"alt_text":"","src":"https:\/\/i0.wp.com\/www.shqiperia.com\/blog\/wp-content\/uploads\/2026\/06\/Rama-Baba-Mondi-1.jpg?fit=753%2C450&ssl=1&resize=350%2C200","width":350,"height":200,"srcset":"https:\/\/i0.wp.com\/www.shqiperia.com\/blog\/wp-content\/uploads\/2026\/06\/Rama-Baba-Mondi-1.jpg?fit=753%2C450&ssl=1&resize=350%2C200 1x, https:\/\/i0.wp.com\/www.shqiperia.com\/blog\/wp-content\/uploads\/2026\/06\/Rama-Baba-Mondi-1.jpg?fit=753%2C450&ssl=1&resize=525%2C300 1.5x, https:\/\/i0.wp.com\/www.shqiperia.com\/blog\/wp-content\/uploads\/2026\/06\/Rama-Baba-Mondi-1.jpg?fit=753%2C450&ssl=1&resize=700%2C400 2x"},"classes":[]},{"id":104205,"url":"https:\/\/www.shqiperia.com\/blog\/situata-me-zjarret-marjana-koceku-shteti-ka-me-shume-prioritet-paketen-e-maleve-sesa-vete-mbrojtjen-e-tyre-po-digjet-pasuria-me-e-madhe-e-vendit\/","url_meta":{"origin":106061,"position":1},"title":"Situata me zjarret, Marjana Ko\u00e7eku: Shteti ka m\u00eb shum\u00eb prioritet Paket\u00ebn e Maleve, sesa vet\u00eb mbrojtjen e tyre! Po digjet pasuria m\u00eb e madhe e vendit","author":"Kurt Farka","date":"August 12, 2026","format":false,"excerpt":"12 Gusht 2026 Deputetja e pavarur Marjana Ko\u00e7eku, e cila u largua nga PS disa jav\u00eb m\u00eb par\u00eb pas nisjes s\u00eb protestave kund\u00ebr qeveris\u00eb s\u00eb Edi Ram\u00ebs, ka b\u00ebr\u00eb nj\u00eb reagim n\u00eb lidhje me situat\u00ebn e zjarreve q\u00eb kan\u00eb prekur vendin dit\u00ebt e fundit. N\u00eb nj\u00eb postim, deputetja thot\u00eb se\u2026","rel":"","context":"In &quot;Blogu i Udh\u00ebtarit&quot;","block_context":{"text":"Blogu i Udh\u00ebtarit","link":"https:\/\/www.shqiperia.com\/blog\/category\/blogu-i-udhetarit\/"},"img":{"alt_text":"","src":"https:\/\/i0.wp.com\/www.shqiperia.com\/blog\/wp-content\/uploads\/2026\/08\/koceku-zjarret.jpg?fit=776%2C429&ssl=1&resize=350%2C200","width":350,"height":200,"srcset":"https:\/\/i0.wp.com\/www.shqiperia.com\/blog\/wp-content\/uploads\/2026\/08\/koceku-zjarret.jpg?fit=776%2C429&ssl=1&resize=350%2C200 1x, https:\/\/i0.wp.com\/www.shqiperia.com\/blog\/wp-content\/uploads\/2026\/08\/koceku-zjarret.jpg?fit=776%2C429&ssl=1&resize=525%2C300 1.5x, https:\/\/i0.wp.com\/www.shqiperia.com\/blog\/wp-content\/uploads\/2026\/08\/koceku-zjarret.jpg?fit=776%2C429&ssl=1&resize=700%2C400 2x"},"classes":[]},{"id":105381,"url":"https:\/\/www.shqiperia.com\/blog\/rritja-e-tarifave-ne-zonat-e-mbrojtura-taksim-i-natyres-barre-per-qytetaret-dhe-turistet\/","url_meta":{"origin":106061,"position":2},"title":"Rritja e tarifave n\u00eb zonat e mbrojtura: &#8211; Taksim i natyr\u00ebs, barr\u00eb p\u00ebr qytetar\u00ebt dhe turist\u00ebt!","author":"Kurt Farka","date":"August 28, 2026","format":false,"excerpt":"28 Gusht 2026 Kryetarja e komisionit parlamentar p\u00ebr kultur\u00ebn, turizmin dhe diaspor\u00ebn, Ina Zhupa, ka kund\u00ebrshtuar rritjen e propozuar t\u00eb tarifave p\u00ebr aksesin n\u00eb zonat e mbrojtura, duke e cil\u00ebsuar at\u00eb si nj\u00eb tjet\u00ebr barr\u00eb p\u00ebr qytetar\u00ebt dhe turist\u00ebt. Zhupa thekson se tarifat n\u00eb disa raste rriten 4-5 her\u00eb, nd\u00ebrsa\u2026","rel":"","context":"In &quot;Kultura&quot;","block_context":{"text":"Kultura","link":"https:\/\/www.shqiperia.com\/blog\/category\/kultura\/"},"img":{"alt_text":"","src":"https:\/\/i0.wp.com\/www.shqiperia.com\/blog\/wp-content\/uploads\/2026\/08\/640-0-zona3-1708845356.jpg?fit=640%2C449&ssl=1&resize=350%2C200","width":350,"height":200,"srcset":"https:\/\/i0.wp.com\/www.shqiperia.com\/blog\/wp-content\/uploads\/2026\/08\/640-0-zona3-1708845356.jpg?fit=640%2C449&ssl=1&resize=350%2C200 1x, https:\/\/i0.wp.com\/www.shqiperia.com\/blog\/wp-content\/uploads\/2026\/08\/640-0-zona3-1708845356.jpg?fit=640%2C449&ssl=1&resize=525%2C300 1.5x"},"classes":[]},{"id":104470,"url":"https:\/\/www.shqiperia.com\/blog\/thatesira-zbulon-rrenojat-e-nje-ure-te-lashte-prane-vatikanit\/","url_meta":{"origin":106061,"position":3},"title":"That\u00ebsira zbulon rr\u00ebnojat e nj\u00eb ure t\u00eb lasht\u00eb pran\u00eb Vatikanit","author":"Kurt Farka","date":"August 14, 2026","format":false,"excerpt":"14 Gusht 2026 Rr\u00ebnojat e nj\u00eb ure t\u00eb lasht\u00eb romake jan\u00eb shfaqur s\u00ebrish n\u00eb lumin Tiber, pasi nj\u00eb periudh\u00eb e zgjatur that\u00ebsire ka ulur ndjesh\u00ebm nivelin e ujit n\u00eb Rom\u00eb. B\u00ebhet fjal\u00eb p\u00ebr at\u00eb q\u00eb njihet si Ura e Neronit, rr\u00ebnojat e s\u00eb cil\u00ebs jan\u00eb b\u00ebr\u00eb t\u00eb dukshme pran\u00eb Bazilik\u00ebs\u2026","rel":"","context":"In &quot;Blogu i Udh\u00ebtarit&quot;","block_context":{"text":"Blogu i Udh\u00ebtarit","link":"https:\/\/www.shqiperia.com\/blog\/category\/blogu-i-udhetarit\/"},"img":{"alt_text":"","src":"https:\/\/i0.wp.com\/www.shqiperia.com\/blog\/wp-content\/uploads\/2026\/08\/640-0-uytrejpg-1786713755.jpg?fit=640%2C364&ssl=1&resize=350%2C200","width":350,"height":200,"srcset":"https:\/\/i0.wp.com\/www.shqiperia.com\/blog\/wp-content\/uploads\/2026\/08\/640-0-uytrejpg-1786713755.jpg?fit=640%2C364&ssl=1&resize=350%2C200 1x, https:\/\/i0.wp.com\/www.shqiperia.com\/blog\/wp-content\/uploads\/2026\/08\/640-0-uytrejpg-1786713755.jpg?fit=640%2C364&ssl=1&resize=525%2C300 1.5x"},"classes":[]},{"id":105084,"url":"https:\/\/www.shqiperia.com\/blog\/mediat-evropiane-rinia-shqiptare-ngrihet-kunder-regjimit-autokratik-te-rames\/","url_meta":{"origin":106061,"position":4},"title":"Mediat evropiane: Rinia shqiptare ngrihet kund\u00ebr regjimit autokratik t\u00eb Ram\u00ebs","author":"Kurt Farka","date":"August 24, 2026","format":false,"excerpt":"24 Gusht 2026 Mediat n\u00eb Shqip\u00ebri e kan\u00eb kufizuar ndjesh\u00ebm raportimin p\u00ebr protestat q\u00eb po zhvillohen rregullisht prej thuajse tre muajsh p\u00ebrpara kryeministris\u00eb. Por mediat nd\u00ebrkomb\u00ebtare vazhdojn\u00eb ta ken\u00eb l\u00ebvizjen rinore qytetare n\u00eb qend\u00ebr t\u00eb v\u00ebmendjes. Gazeta franceze \u2018L\u2019Humanite\u2019 shkruan\u00a0se nga Serbia n\u00eb Shqip\u00ebri, rinia e Ballkanit po ngrihet kund\u00ebr\u2026","rel":"","context":"In &quot;Blogu i Udh\u00ebtarit&quot;","block_context":{"text":"Blogu i Udh\u00ebtarit","link":"https:\/\/www.shqiperia.com\/blog\/category\/blogu-i-udhetarit\/"},"img":{"alt_text":"","src":"https:\/\/i0.wp.com\/www.shqiperia.com\/blog\/wp-content\/uploads\/2026\/08\/770985824_3285727254921661_236673638084350325_n-3.jpg?fit=1200%2C800&ssl=1&resize=350%2C200","width":350,"height":200,"srcset":"https:\/\/i0.wp.com\/www.shqiperia.com\/blog\/wp-content\/uploads\/2026\/08\/770985824_3285727254921661_236673638084350325_n-3.jpg?fit=1200%2C800&ssl=1&resize=350%2C200 1x, https:\/\/i0.wp.com\/www.shqiperia.com\/blog\/wp-content\/uploads\/2026\/08\/770985824_3285727254921661_236673638084350325_n-3.jpg?fit=1200%2C800&ssl=1&resize=525%2C300 1.5x, https:\/\/i0.wp.com\/www.shqiperia.com\/blog\/wp-content\/uploads\/2026\/08\/770985824_3285727254921661_236673638084350325_n-3.jpg?fit=1200%2C800&ssl=1&resize=700%2C400 2x, https:\/\/i0.wp.com\/www.shqiperia.com\/blog\/wp-content\/uploads\/2026\/08\/770985824_3285727254921661_236673638084350325_n-3.jpg?fit=1200%2C800&ssl=1&resize=1050%2C600 3x"},"classes":[]},{"id":101834,"url":"https:\/\/www.shqiperia.com\/blog\/2-mln-euro-per-te-shkaterruar-banjat-e-benjes-gjendja-sot-skandaloze-fshzh-te-mbaj-pergjegjesi\/","url_meta":{"origin":106061,"position":5},"title":"2 mln euro p\u00ebr t\u00eb shkat\u00ebrruar Banjat e B\u00ebnj\u00ebs. Gjendja sot skandaloze, FSHZH t\u00eb mbaj p\u00ebrgjegj\u00ebsi","author":"Kurt Farka","date":"June 25, 2026","format":false,"excerpt":"25 Qershor 2026 Deputetja e Partis\u00eb Demokratike dhe Kryetarja e Komisionit t\u00eb Kultur\u00ebs, Turizmit dhe Diaspor\u00ebs Ina Zhupa ka reaguar ashp\u00ebr ndaj nd\u00ebrhyrjeve n\u00eb Banjat e B\u00ebnj\u00ebs, duke i cil\u00ebsuar ato si nj\u00eb shkat\u00ebrrim t\u00eb nj\u00eb prej pasurive natyrore dhe turistike m\u00eb t\u00eb \u00e7muara t\u00eb vendit. N\u00eb nj\u00eb status publik,\u2026","rel":"","context":"In &quot;Blogu i Udh\u00ebtarit&quot;","block_context":{"text":"Blogu i Udh\u00ebtarit","link":"https:\/\/www.shqiperia.com\/blog\/category\/blogu-i-udhetarit\/"},"img":{"alt_text":"","src":"https:\/\/i0.wp.com\/www.shqiperia.com\/blog\/wp-content\/uploads\/2026\/06\/Pamja_e_astit_2026-05-24_0909471779606600.webp?fit=851%2C434&ssl=1&resize=350%2C200","width":350,"height":200,"srcset":"https:\/\/i0.wp.com\/www.shqiperia.com\/blog\/wp-content\/uploads\/2026\/06\/Pamja_e_astit_2026-05-24_0909471779606600.webp?fit=851%2C434&ssl=1&resize=350%2C200 1x, https:\/\/i0.wp.com\/www.shqiperia.com\/blog\/wp-content\/uploads\/2026\/06\/Pamja_e_astit_2026-05-24_0909471779606600.webp?fit=851%2C434&ssl=1&resize=525%2C300 1.5x, https:\/\/i0.wp.com\/www.shqiperia.com\/blog\/wp-content\/uploads\/2026\/06\/Pamja_e_astit_2026-05-24_0909471779606600.webp?fit=851%2C434&ssl=1&resize=700%2C400 2x"},"classes":[]}],"_links":{"self":[{"href":"https:\/\/www.shqiperia.com\/blog\/wp-json\/wp\/v2\/posts\/106061","targetHints":{"allow":["GET"]}}],"collection":[{"href":"https:\/\/www.shqiperia.com\/blog\/wp-json\/wp\/v2\/posts"}],"about":[{"href":"https:\/\/www.shqiperia.com\/blog\/wp-json\/wp\/v2\/types\/post"}],"author":[{"embeddable":true,"href":"https:\/\/www.shqiperia.com\/blog\/wp-json\/wp\/v2\/users\/9"}],"replies":[{"embeddable":true,"href":"https:\/\/www.shqiperia.com\/blog\/wp-json\/wp\/v2\/comments?post=106061"}],"version-history":[{"count":1,"href":"https:\/\/www.shqiperia.com\/blog\/wp-json\/wp\/v2\/posts\/106061\/revisions"}],"predecessor-version":[{"id":106063,"href":"https:\/\/www.shqiperia.com\/blog\/wp-json\/wp\/v2\/posts\/106061\/revisions\/106063"}],"wp:featuredmedia":[{"embeddable":true,"href":"https:\/\/www.shqiperia.com\/blog\/wp-json\/wp\/v2\/media\/106062"}],"wp:attachment":[{"href":"https:\/\/www.shqiperia.com\/blog\/wp-json\/wp\/v2\/media?parent=106061"}],"wp:term":[{"taxonomy":"category","embeddable":true,"href":"https:\/\/www.shqiperia.com\/blog\/wp-json\/wp\/v2\/categories?post=106061"},{"taxonomy":"post_tag","embeddable":true,"href":"https:\/\/www.shqiperia.com\/blog\/wp-json\/wp\/v2\/tags?post=106061"}],"curies":[{"name":"wp","href":"https:\/\/api.w.org\/{rel}","templated":true}]}}