{"id":106058,"date":"2026-09-05T12:11:22","date_gmt":"2026-09-05T12:11:22","guid":{"rendered":"https:\/\/www.shqiperia.com\/blog\/?p=106058"},"modified":"2026-09-05T12:11:22","modified_gmt":"2026-09-05T12:11:22","slug":"zjarri-ne-himare-shoqerohet-ne-komisariat-nje-person-dyshohet-se-i-vuri-flaken-zones","status":"publish","type":"post","link":"https:\/\/www.shqiperia.com\/blog\/zjarri-ne-himare-shoqerohet-ne-komisariat-nje-person-dyshohet-se-i-vuri-flaken-zones\/","title":{"rendered":"Zjarri n\u00eb Himar\u00eb, shoq\u00ebrohet n\u00eb komisariat nj\u00eb person, dyshohet se i vuri flak\u00ebn zon\u00ebs"},"content":{"rendered":"<p><img data-recalc-dims=\"1\" loading=\"lazy\" decoding=\"async\" data-attachment-id=\"106059\" data-permalink=\"https:\/\/www.shqiperia.com\/blog\/zjarri-ne-himare-shoqerohet-ne-komisariat-nje-person-dyshohet-se-i-vuri-flaken-zones\/800-0-69a1a68eb801daf07c0c0ad0a0b5001a-6a9beb6a6ef24\/\" data-orig-file=\"https:\/\/i0.wp.com\/www.shqiperia.com\/blog\/wp-content\/uploads\/2026\/09\/800-0-69a1a68eb801daf07c0c0ad0a0b5001a-6a9beb6a6ef24.png?fit=800%2C538&amp;ssl=1\" data-orig-size=\"800,538\" data-comments-opened=\"1\" data-image-meta=\"{&quot;aperture&quot;:&quot;0&quot;,&quot;credit&quot;:&quot;&quot;,&quot;camera&quot;:&quot;&quot;,&quot;caption&quot;:&quot;&quot;,&quot;created_timestamp&quot;:&quot;0&quot;,&quot;copyright&quot;:&quot;&quot;,&quot;focal_length&quot;:&quot;0&quot;,&quot;iso&quot;:&quot;0&quot;,&quot;shutter_speed&quot;:&quot;0&quot;,&quot;title&quot;:&quot;&quot;,&quot;orientation&quot;:&quot;0&quot;}\" data-image-title=\"800-0-69a1a68eb801daf07c0c0ad0a0b5001a-6a9beb6a6ef24\" data-image-description=\"\" data-image-caption=\"\" data-medium-file=\"https:\/\/i0.wp.com\/www.shqiperia.com\/blog\/wp-content\/uploads\/2026\/09\/800-0-69a1a68eb801daf07c0c0ad0a0b5001a-6a9beb6a6ef24.png?fit=300%2C202&amp;ssl=1\" data-large-file=\"https:\/\/i0.wp.com\/www.shqiperia.com\/blog\/wp-content\/uploads\/2026\/09\/800-0-69a1a68eb801daf07c0c0ad0a0b5001a-6a9beb6a6ef24.png?fit=800%2C538&amp;ssl=1\" class=\"alignnone  wp-image-106059\" alt=\"\" src=\"https:\/\/i0.wp.com\/www.shqiperia.com\/blog\/wp-content\/uploads\/2026\/09\/800-0-69a1a68eb801daf07c0c0ad0a0b5001a-6a9beb6a6ef24.png?resize=547%2C368&#038;ssl=1\" width=\"547\" height=\"368\" srcset=\"https:\/\/i0.wp.com\/www.shqiperia.com\/blog\/wp-content\/uploads\/2026\/09\/800-0-69a1a68eb801daf07c0c0ad0a0b5001a-6a9beb6a6ef24.png?resize=300%2C202&amp;ssl=1 300w, https:\/\/i0.wp.com\/www.shqiperia.com\/blog\/wp-content\/uploads\/2026\/09\/800-0-69a1a68eb801daf07c0c0ad0a0b5001a-6a9beb6a6ef24.png?resize=768%2C516&amp;ssl=1 768w, https:\/\/i0.wp.com\/www.shqiperia.com\/blog\/wp-content\/uploads\/2026\/09\/800-0-69a1a68eb801daf07c0c0ad0a0b5001a-6a9beb6a6ef24.png?resize=450%2C303&amp;ssl=1 450w, https:\/\/i0.wp.com\/www.shqiperia.com\/blog\/wp-content\/uploads\/2026\/09\/800-0-69a1a68eb801daf07c0c0ad0a0b5001a-6a9beb6a6ef24.png?resize=600%2C404&amp;ssl=1 600w, https:\/\/i0.wp.com\/www.shqiperia.com\/blog\/wp-content\/uploads\/2026\/09\/800-0-69a1a68eb801daf07c0c0ad0a0b5001a-6a9beb6a6ef24.png?resize=400%2C269&amp;ssl=1 400w, https:\/\/i0.wp.com\/www.shqiperia.com\/blog\/wp-content\/uploads\/2026\/09\/800-0-69a1a68eb801daf07c0c0ad0a0b5001a-6a9beb6a6ef24.png?w=800&amp;ssl=1 800w\" sizes=\"auto, (max-width: 547px) 100vw, 547px\" \/><\/p>\n<p>5 Shtator 2026<\/p>\n<p>Nj\u00eb person \u00ebsht\u00eb shoq\u00ebruar n\u00eb Komisariatin e Vlor\u00ebs, pasi dyshohet se ka vendosur zjarrin n\u00eb zon\u00ebn e bypass-it t\u00eb Vlor\u00ebs, ku flak\u00ebt p\u00ebrfshin\u00eb mbr\u00ebmjen e s\u00eb premtes edhe lagjen nr. 1 n\u00eb Himar\u00eb.<\/p>\n<p>Personi i shoq\u00ebruar \u00ebsht\u00eb nj\u00eb \u00e7oban i zon\u00ebs, i cili kullot bag\u00ebtit\u00eb n\u00eb territorin pran\u00eb bypass-it. Sipas dyshimeve paraprake t\u00eb autoriteteve, ai mund t\u00eb ket\u00eb lidhje me vendosjen e flak\u00ebve, nd\u00ebrsa po kryhen hetime p\u00ebr t\u00eb zbardhur rrethanat e plota t\u00eb ngjarjes.<\/p>\n<p>Zjarri, i favorizuar edhe nga era e fort\u00eb, u p\u00ebrhap me shpejt\u00ebsi dhe doli jasht\u00eb kontrollit, duke rrezikuar banesa dhe biznese. Si pasoj\u00eb, gjasht\u00eb banesa u dogj\u00ebn plot\u00ebsisht, duke shkaktuar d\u00ebme t\u00eb konsiderueshme materiale.<\/p>\n<p>P\u00ebr shkak t\u00eb rrezikut, banor\u00ebt dhe turist\u00ebt q\u00eb ndodheshin n\u00eb zon\u00eb u detyruan t\u00eb largoheshin nga banesat dhe strukturat ku q\u00ebndronin.<\/p>\n<p>Forcat zjarrfik\u00ebse dhe strukturat e emergjencave punuan gjat\u00eb gjith\u00eb nat\u00ebs p\u00ebr izolimin e flak\u00ebve dhe parandalimin e p\u00ebrhapjes s\u00eb m\u00ebtejshme t\u00eb zjarrit. N\u00eb or\u00ebt e m\u00ebngjesit, situata u vu n\u00ebn kontroll, nd\u00ebrsa vijon puna p\u00ebr shuarjen p\u00ebrfundimtare t\u00eb vatrave.<\/p>\n<p>Nd\u00ebrkoh\u00eb, autoritetet po vijojn\u00eb hetimet p\u00ebr t\u00eb p\u00ebrcaktuar n\u00ebse personi i shoq\u00ebruar \u00ebsht\u00eb p\u00ebrgjegj\u00ebs p\u00ebr zjarrin dhe p\u00ebr t\u00eb dokumentuar rrethanat e ngjarjes.<\/p>\n","protected":false},"excerpt":{"rendered":"<p>5 Shtator 2026 Nj\u00eb person \u00ebsht\u00eb shoq\u00ebruar n\u00eb Komisariatin e Vlor\u00ebs, pasi dyshohet se ka vendosur zjarrin n\u00eb zon\u00ebn e bypass-it t\u00eb Vlor\u00ebs, ku flak\u00ebt p\u00ebrfshin\u00eb mbr\u00ebmjen e s\u00eb premtes edhe lagjen nr. 1 n\u00eb Himar\u00eb. Personi i shoq\u00ebruar \u00ebsht\u00eb nj\u00eb \u00e7oban i zon\u00ebs, i cili kullot bag\u00ebtit\u00eb n\u00eb territorin pran\u00eb bypass-it. Sipas dyshimeve paraprake [&hellip;]<\/p>\n","protected":false},"author":9,"featured_media":106059,"comment_status":"open","ping_status":"open","sticky":false,"template":"","format":"standard","meta":{"jetpack_post_was_ever_published":false,"_jetpack_newsletter_access":"","_jetpack_dont_email_post_to_subs":false,"_jetpack_newsletter_tier_id":0,"_jetpack_memberships_contains_paywalled_content":false,"_jetpack_memberships_contains_paid_content":false,"footnotes":"","jetpack_publicize_message":"","jetpack_publicize_feature_enabled":true,"jetpack_social_post_already_shared":true,"jetpack_social_options":{"image_generator_settings":{"template":"highway","default_image_id":0,"font":"","enabled":false},"version":2}},"categories":[27,1,35],"tags":[],"class_list":["post-106058","post","type-post","status-publish","format-standard","has-post-thumbnail","hentry","category-blogu-i-udhetarit","category-njoftime-shtypi","category-shoqerore"],"jetpack_publicize_connections":[],"jetpack_featured_media_url":"https:\/\/i0.wp.com\/www.shqiperia.com\/blog\/wp-content\/uploads\/2026\/09\/800-0-69a1a68eb801daf07c0c0ad0a0b5001a-6a9beb6a6ef24.png?fit=800%2C538&ssl=1","jetpack_sharing_enabled":true,"jetpack_shortlink":"https:\/\/wp.me\/p5Z6wp-rAC","jetpack-related-posts":[{"id":105407,"url":"https:\/\/www.shqiperia.com\/blog\/zjarri-ne-vranisht-te-vlores-perfshihet-nga-flaket-nje-banese-digjen-dhe-disa-hektare-siperfaqe-pyjore\/","url_meta":{"origin":106058,"position":0},"title":"Zjarri n\u00eb Vranisht t\u00eb Vlor\u00ebs, p\u00ebrfshihet nga flak\u00ebt nj\u00eb banes\u00eb, digjen dhe disa hektar\u00eb sip\u00ebrfaqe pyjore","author":"Kurt Farka","date":"August 28, 2026","format":false,"excerpt":"28 Gusht 2026 Nj\u00eb banes\u00eb e pabanuar \u00ebsht\u00eb p\u00ebrfshir\u00eb nga flak\u00ebt, nd\u00ebrsa zjarri ka p\u00ebrfshir\u00eb disa hektar\u00eb me pisha dhe sip\u00ebrfaqe pyjore n\u00eb fshatin Vranisht t\u00eb bashkis\u00eb Himar\u00eb. Situata paraqitet e v\u00ebshtir\u00eb p\u00ebr shkak t\u00eb er\u00ebrave t\u00eb forta dhe temperaturave t\u00eb larta, nd\u00ebrsa flak\u00ebt vijojn\u00eb t\u00eb jen\u00eb aktive dhe rrezikojn\u00eb\u2026","rel":"","context":"In &quot;Blogu i Udh\u00ebtarit&quot;","block_context":{"text":"Blogu i Udh\u00ebtarit","link":"https:\/\/www.shqiperia.com\/blog\/category\/blogu-i-udhetarit\/"},"img":{"alt_text":"","src":"https:\/\/i0.wp.com\/www.shqiperia.com\/blog\/wp-content\/uploads\/2026\/08\/Untitled-design-42.webp?fit=1200%2C675&ssl=1&resize=350%2C200","width":350,"height":200,"srcset":"https:\/\/i0.wp.com\/www.shqiperia.com\/blog\/wp-content\/uploads\/2026\/08\/Untitled-design-42.webp?fit=1200%2C675&ssl=1&resize=350%2C200 1x, https:\/\/i0.wp.com\/www.shqiperia.com\/blog\/wp-content\/uploads\/2026\/08\/Untitled-design-42.webp?fit=1200%2C675&ssl=1&resize=525%2C300 1.5x, https:\/\/i0.wp.com\/www.shqiperia.com\/blog\/wp-content\/uploads\/2026\/08\/Untitled-design-42.webp?fit=1200%2C675&ssl=1&resize=700%2C400 2x, https:\/\/i0.wp.com\/www.shqiperia.com\/blog\/wp-content\/uploads\/2026\/08\/Untitled-design-42.webp?fit=1200%2C675&ssl=1&resize=1050%2C600 3x"},"classes":[]},{"id":106025,"url":"https:\/\/www.shqiperia.com\/blog\/shkrumbohet-nje-banese-nga-flaket-e-medha-ne-himare\/","url_meta":{"origin":106058,"position":1},"title":"P\u00ebrkeq\u00ebsohet situata nga zjarri n\u00eb Himar\u00eb, digjen 2 banesa, rrezikohen 40 t\u00eb tjera, banor\u00ebt k\u00ebrkojn\u00eb ndihm\u00eb","author":"Kurt Farka","date":"September 4, 2026","format":false,"excerpt":"4 Shtator 2026 Kjo \u00ebsht\u00eb nj\u00eb nga banesat e p\u00ebrfshira nga zjarri i fuqish\u00ebm n\u00eb Himar\u00eb. Banesa \u00ebsht\u00eb p\u00ebrfshir\u00eb e gjitha nga flak\u00ebt dhe \u00ebsht\u00eb shkrumbuar plot\u00ebsisht. Situata paraqitet e v\u00ebshtir\u00eb p\u00ebr zjarrfik\u00ebsit, t\u00eb cil\u00ebt vijojn\u00eb t\u00eb jen\u00eb n\u00eb terren, duke punuar p\u00ebr shuarjen dhe izolimin e flak\u00ebve, me q\u00ebllim\u2026","rel":"","context":"In &quot;Blogu i Udh\u00ebtarit&quot;","block_context":{"text":"Blogu i Udh\u00ebtarit","link":"https:\/\/www.shqiperia.com\/blog\/category\/blogu-i-udhetarit\/"},"img":{"alt_text":"","src":"https:\/\/i0.wp.com\/www.shqiperia.com\/blog\/wp-content\/uploads\/2026\/09\/800-0-6a9b3c2ac6573.jpg?fit=800%2C450&ssl=1&resize=350%2C200","width":350,"height":200,"srcset":"https:\/\/i0.wp.com\/www.shqiperia.com\/blog\/wp-content\/uploads\/2026\/09\/800-0-6a9b3c2ac6573.jpg?fit=800%2C450&ssl=1&resize=350%2C200 1x, https:\/\/i0.wp.com\/www.shqiperia.com\/blog\/wp-content\/uploads\/2026\/09\/800-0-6a9b3c2ac6573.jpg?fit=800%2C450&ssl=1&resize=525%2C300 1.5x, https:\/\/i0.wp.com\/www.shqiperia.com\/blog\/wp-content\/uploads\/2026\/09\/800-0-6a9b3c2ac6573.jpg?fit=800%2C450&ssl=1&resize=700%2C400 2x"},"classes":[]},{"id":105885,"url":"https:\/\/www.shqiperia.com\/blog\/zjarri-ne-kalivac-djeg-disa-banesa-ndreu-situata-po-vihet-nen-kontroll-nderhyrje-me-2-helikoptere\/","url_meta":{"origin":106058,"position":2},"title":"Zjarri n\u00eb Kaliva\u00e7 djeg disa banesa\/ Ndreu: &#8211; Situata po vihet n\u00ebn kontroll, nd\u00ebrhyrje me 2 helikopter\u00eb","author":"Kurt Farka","date":"September 3, 2026","format":false,"excerpt":"3 Shtator 2026 Kryebashkiaku i Lezh\u00ebs, Pjerin Ndreu, ka vizituar nga af\u00ebr zonat e prekura nga zjarri n\u00eb Kaliva\u00e7, ku u dogj\u00ebn edhe disa banesa. P\u00ebr mediat, Ndreu tha se zjarri ka pasur nmj\u00eb p\u00ebrhapje t\u00eb shpejt\u00eb, duke u favorizuar edhe nga era e fort\u00eb. M\u00eb tej Ndreu theksoi se\u2026","rel":"","context":"In &quot;Blogu i Udh\u00ebtarit&quot;","block_context":{"text":"Blogu i Udh\u00ebtarit","link":"https:\/\/www.shqiperia.com\/blog\/category\/blogu-i-udhetarit\/"},"img":{"alt_text":"","src":"https:\/\/i0.wp.com\/www.shqiperia.com\/blog\/wp-content\/uploads\/2026\/09\/1788455896-struoopas-6a99acbd20785.jpg?fit=780%2C440&ssl=1&resize=350%2C200","width":350,"height":200,"srcset":"https:\/\/i0.wp.com\/www.shqiperia.com\/blog\/wp-content\/uploads\/2026\/09\/1788455896-struoopas-6a99acbd20785.jpg?fit=780%2C440&ssl=1&resize=350%2C200 1x, https:\/\/i0.wp.com\/www.shqiperia.com\/blog\/wp-content\/uploads\/2026\/09\/1788455896-struoopas-6a99acbd20785.jpg?fit=780%2C440&ssl=1&resize=525%2C300 1.5x, https:\/\/i0.wp.com\/www.shqiperia.com\/blog\/wp-content\/uploads\/2026\/09\/1788455896-struoopas-6a99acbd20785.jpg?fit=780%2C440&ssl=1&resize=700%2C400 2x"},"classes":[]},{"id":106018,"url":"https:\/\/www.shqiperia.com\/blog\/lajme-katastrofe-ku-po-shkojme-zjarri-apokaliptik-ne-himare-po-perhapet-me-shpejtesi-bashkia-thirrje-banoreve-dhe-turisteve-largohuni-nga-zonat-me-rrezik\/","url_meta":{"origin":106058,"position":3},"title":"Lajme katastrofe, Ku po shkojm\u00eb. &#8211; Zjarri apokaliptik n\u00eb Himar\u00eb po p\u00ebrhapet me shpejt\u00ebsi, bashkia thirrje banor\u00ebve dhe turist\u00ebve: Largohuni nga zonat me rrezik","author":"Kurt Farka","date":"September 4, 2026","format":false,"excerpt":"4 Shtator 2026 Zjarri n\u00eb Himar\u00eb po merr p\u00ebrmasa t\u00eb frikshme dhe po p\u00ebrhapet me shpejt\u00ebsi n\u00eb zonat e banuara. Si\u00e7 ka raportuar edhe m\u00eb her\u00ebt korrespondenti i Top Channel Mikel Marsi, nj\u00eb banes\u00eb \u00ebsht\u00eb shkrumbuar nd\u00ebrsa rrezikohen m\u00eb shum\u00eb se 40 sht\u00ebpi dhe hotele. Bashkia e Himar\u00ebs ka dal\u00eb\u2026","rel":"","context":"In &quot;Blogu i Udh\u00ebtarit&quot;","block_context":{"text":"Blogu i Udh\u00ebtarit","link":"https:\/\/www.shqiperia.com\/blog\/category\/blogu-i-udhetarit\/"},"img":{"alt_text":"","src":"https:\/\/i0.wp.com\/www.shqiperia.com\/blog\/wp-content\/uploads\/2026\/09\/Zjarri-ne-Himare-4-Shtator-2026.webp?fit=1200%2C675&ssl=1&resize=350%2C200","width":350,"height":200,"srcset":"https:\/\/i0.wp.com\/www.shqiperia.com\/blog\/wp-content\/uploads\/2026\/09\/Zjarri-ne-Himare-4-Shtator-2026.webp?fit=1200%2C675&ssl=1&resize=350%2C200 1x, https:\/\/i0.wp.com\/www.shqiperia.com\/blog\/wp-content\/uploads\/2026\/09\/Zjarri-ne-Himare-4-Shtator-2026.webp?fit=1200%2C675&ssl=1&resize=525%2C300 1.5x, https:\/\/i0.wp.com\/www.shqiperia.com\/blog\/wp-content\/uploads\/2026\/09\/Zjarri-ne-Himare-4-Shtator-2026.webp?fit=1200%2C675&ssl=1&resize=700%2C400 2x, https:\/\/i0.wp.com\/www.shqiperia.com\/blog\/wp-content\/uploads\/2026\/09\/Zjarri-ne-Himare-4-Shtator-2026.webp?fit=1200%2C675&ssl=1&resize=1050%2C600 3x"},"classes":[]},{"id":102663,"url":"https:\/\/www.shqiperia.com\/blog\/pas-flakes-do-ngrihen-hotele-dhe-vila-dyshime-se-zjarri-ne-kodren-e-gjirit-te-llamanit-ishte-i-qellimshem\/","url_meta":{"origin":106058,"position":4},"title":"Pas flak\u00ebs do ngrihen hotele dhe vila? Dyshime se zjarri n\u00eb kodr\u00ebn e Gjirit t\u00eb Llamanit ishte i q\u00ebllimsh\u00ebm","author":"Kurt Farka","date":"July 14, 2026","format":false,"excerpt":"14 Korrik 2026 Nj\u00eb zjarr i p\u00ebrmasave t\u00eb m\u00ebdha u regjistrua pasditen e 13 korrikut n\u00eb nj\u00eb nga gjiret m\u00eb t\u00eb bukura t\u00eb Detit Jon, n\u00eb zon\u00ebn e Himar\u00ebs. Flak\u00ebt shkrumbuan kodr\u00ebn nga ana veriore e Llamanit, teksa e gjith\u00eb zona \u00ebsht\u00eb me pem\u00eb t\u00eb vogla dhe shkurre. Mediat raportuan\u2026","rel":"","context":"In &quot;Blogu i Udh\u00ebtarit&quot;","block_context":{"text":"Blogu i Udh\u00ebtarit","link":"https:\/\/www.shqiperia.com\/blog\/category\/blogu-i-udhetarit\/"},"img":{"alt_text":"","src":"https:\/\/i0.wp.com\/www.shqiperia.com\/blog\/wp-content\/uploads\/2026\/07\/640-0-d2-1783972641.jpeg?fit=640%2C340&ssl=1&resize=350%2C200","width":350,"height":200,"srcset":"https:\/\/i0.wp.com\/www.shqiperia.com\/blog\/wp-content\/uploads\/2026\/07\/640-0-d2-1783972641.jpeg?fit=640%2C340&ssl=1&resize=350%2C200 1x, https:\/\/i0.wp.com\/www.shqiperia.com\/blog\/wp-content\/uploads\/2026\/07\/640-0-d2-1783972641.jpeg?fit=640%2C340&ssl=1&resize=525%2C300 1.5x"},"classes":[]},{"id":103247,"url":"https:\/\/www.shqiperia.com\/blog\/zjarri-ne-zvernec-perfshin-pyllin-me-pisha-shumevjecare\/","url_meta":{"origin":106058,"position":5},"title":"Zjarri n\u00eb Zv\u00ebrnec p\u00ebrfshin pyllin me pisha shum\u00ebvje\u00e7are","author":"Kurt Farka","date":"July 26, 2026","format":false,"excerpt":"26 Korrik 2026 Nj\u00eb zjarr i p\u00ebrmasave t\u00eb m\u00ebdha ka p\u00ebrfshir\u00eb pasditen e s\u00eb diel\u00ebs Pyllin e Sod\u00ebs, pran\u00eb zon\u00ebs s\u00eb Petrolifer\u00ebs n\u00eb Vlor\u00eb, duke djegur nj\u00eb sip\u00ebrfaqe t\u00eb konsiderueshme me pisha shum\u00ebvje\u00e7are dhe fidan\u00eb t\u00eb rinj t\u00eb mbjell\u00eb gjat\u00eb viteve t\u00eb fundit. Sipas informacioneve nga vendngjarja, zjarri u raportua\u2026","rel":"","context":"In &quot;Blogu i Udh\u00ebtarit&quot;","block_context":{"text":"Blogu i Udh\u00ebtarit","link":"https:\/\/www.shqiperia.com\/blog\/category\/blogu-i-udhetarit\/"},"img":{"alt_text":"","src":"https:\/\/i0.wp.com\/www.shqiperia.com\/blog\/wp-content\/uploads\/2026\/07\/zvernec.jpg?fit=1024%2C576&ssl=1&resize=350%2C200","width":350,"height":200,"srcset":"https:\/\/i0.wp.com\/www.shqiperia.com\/blog\/wp-content\/uploads\/2026\/07\/zvernec.jpg?fit=1024%2C576&ssl=1&resize=350%2C200 1x, https:\/\/i0.wp.com\/www.shqiperia.com\/blog\/wp-content\/uploads\/2026\/07\/zvernec.jpg?fit=1024%2C576&ssl=1&resize=525%2C300 1.5x, https:\/\/i0.wp.com\/www.shqiperia.com\/blog\/wp-content\/uploads\/2026\/07\/zvernec.jpg?fit=1024%2C576&ssl=1&resize=700%2C400 2x"},"classes":[]}],"_links":{"self":[{"href":"https:\/\/www.shqiperia.com\/blog\/wp-json\/wp\/v2\/posts\/106058","targetHints":{"allow":["GET"]}}],"collection":[{"href":"https:\/\/www.shqiperia.com\/blog\/wp-json\/wp\/v2\/posts"}],"about":[{"href":"https:\/\/www.shqiperia.com\/blog\/wp-json\/wp\/v2\/types\/post"}],"author":[{"embeddable":true,"href":"https:\/\/www.shqiperia.com\/blog\/wp-json\/wp\/v2\/users\/9"}],"replies":[{"embeddable":true,"href":"https:\/\/www.shqiperia.com\/blog\/wp-json\/wp\/v2\/comments?post=106058"}],"version-history":[{"count":1,"href":"https:\/\/www.shqiperia.com\/blog\/wp-json\/wp\/v2\/posts\/106058\/revisions"}],"predecessor-version":[{"id":106060,"href":"https:\/\/www.shqiperia.com\/blog\/wp-json\/wp\/v2\/posts\/106058\/revisions\/106060"}],"wp:featuredmedia":[{"embeddable":true,"href":"https:\/\/www.shqiperia.com\/blog\/wp-json\/wp\/v2\/media\/106059"}],"wp:attachment":[{"href":"https:\/\/www.shqiperia.com\/blog\/wp-json\/wp\/v2\/media?parent=106058"}],"wp:term":[{"taxonomy":"category","embeddable":true,"href":"https:\/\/www.shqiperia.com\/blog\/wp-json\/wp\/v2\/categories?post=106058"},{"taxonomy":"post_tag","embeddable":true,"href":"https:\/\/www.shqiperia.com\/blog\/wp-json\/wp\/v2\/tags?post=106058"}],"curies":[{"name":"wp","href":"https:\/\/api.w.org\/{rel}","templated":true}]}}