{"id":106055,"date":"2026-09-05T12:07:48","date_gmt":"2026-09-05T12:07:48","guid":{"rendered":"https:\/\/www.shqiperia.com\/blog\/?p=106055"},"modified":"2026-09-05T12:08:37","modified_gmt":"2026-09-05T12:08:37","slug":"titaniku-spo-merr-kthesen-dhe-rama-ne-forumin-inteligjenca-e-botes-nuk-ka-vend-per-shqiperine-ne-be-nese-unioni-nuk-ndryshon","status":"publish","type":"post","link":"https:\/\/www.shqiperia.com\/blog\/titaniku-spo-merr-kthesen-dhe-rama-ne-forumin-inteligjenca-e-botes-nuk-ka-vend-per-shqiperine-ne-be-nese-unioni-nuk-ndryshon\/","title":{"rendered":"\u201cTitaniku s\u2019po merr kthes\u00ebn dhe&#8230;&#8221;\/ Rama n\u00eb forumin \u201cInteligjenca e Bot\u00ebs\u201d: &#8211; Nuk ka vend p\u00ebr Shqip\u00ebrin\u00eb n\u00eb BE n\u00ebse Unioni nuk ndryshon!"},"content":{"rendered":"<p><img data-recalc-dims=\"1\" loading=\"lazy\" decoding=\"async\" data-attachment-id=\"106056\" data-permalink=\"https:\/\/www.shqiperia.com\/blog\/titaniku-spo-merr-kthesen-dhe-rama-ne-forumin-inteligjenca-e-botes-nuk-ka-vend-per-shqiperine-ne-be-nese-unioni-nuk-ndryshon\/1788428684_edirama\/\" data-orig-file=\"https:\/\/i0.wp.com\/www.shqiperia.com\/blog\/wp-content\/uploads\/2026\/09\/1788428684_edirama.jpg?fit=780%2C440&amp;ssl=1\" data-orig-size=\"780,440\" data-comments-opened=\"1\" data-image-meta=\"{&quot;aperture&quot;:&quot;0&quot;,&quot;credit&quot;:&quot;&quot;,&quot;camera&quot;:&quot;&quot;,&quot;caption&quot;:&quot;&quot;,&quot;created_timestamp&quot;:&quot;0&quot;,&quot;copyright&quot;:&quot;&quot;,&quot;focal_length&quot;:&quot;0&quot;,&quot;iso&quot;:&quot;0&quot;,&quot;shutter_speed&quot;:&quot;0&quot;,&quot;title&quot;:&quot;&quot;,&quot;orientation&quot;:&quot;0&quot;}\" data-image-title=\"1788428684_edirama\" data-image-description=\"\" data-image-caption=\"\" data-medium-file=\"https:\/\/i0.wp.com\/www.shqiperia.com\/blog\/wp-content\/uploads\/2026\/09\/1788428684_edirama.jpg?fit=300%2C169&amp;ssl=1\" data-large-file=\"https:\/\/i0.wp.com\/www.shqiperia.com\/blog\/wp-content\/uploads\/2026\/09\/1788428684_edirama.jpg?fit=780%2C440&amp;ssl=1\" class=\"alignnone wp-image-106056\" alt=\"\" src=\"https:\/\/i0.wp.com\/www.shqiperia.com\/blog\/wp-content\/uploads\/2026\/09\/1788428684_edirama.jpg?resize=659%2C371&#038;ssl=1\" width=\"659\" height=\"371\" srcset=\"https:\/\/i0.wp.com\/www.shqiperia.com\/blog\/wp-content\/uploads\/2026\/09\/1788428684_edirama.jpg?resize=300%2C169&amp;ssl=1 300w, https:\/\/i0.wp.com\/www.shqiperia.com\/blog\/wp-content\/uploads\/2026\/09\/1788428684_edirama.jpg?resize=768%2C433&amp;ssl=1 768w, https:\/\/i0.wp.com\/www.shqiperia.com\/blog\/wp-content\/uploads\/2026\/09\/1788428684_edirama.jpg?resize=450%2C254&amp;ssl=1 450w, https:\/\/i0.wp.com\/www.shqiperia.com\/blog\/wp-content\/uploads\/2026\/09\/1788428684_edirama.jpg?resize=600%2C338&amp;ssl=1 600w, https:\/\/i0.wp.com\/www.shqiperia.com\/blog\/wp-content\/uploads\/2026\/09\/1788428684_edirama.jpg?resize=400%2C226&amp;ssl=1 400w, https:\/\/i0.wp.com\/www.shqiperia.com\/blog\/wp-content\/uploads\/2026\/09\/1788428684_edirama.jpg?w=780&amp;ssl=1 780w\" sizes=\"auto, (max-width: 659px) 100vw, 659px\" \/><\/p>\n<p>5 Shtator 2026<\/p>\n<p>Kryeministri Edi Rama ishte sot pjes\u00eb e forumit\u201d Inteligjenca e Bot\u00ebs\u201d.<\/p>\n<p>Ai u shpreh se vendi yn\u00eb \u00ebsht\u00eb duke u p\u00ebrpjekur t\u00eb b\u00ebhet pjes\u00eb e Bashkimit Europian, por se jo gjith\u00e7ka po shkon si\u00e7 duhet.<\/p>\n<p>\u201cNe jemi jasht\u00eb klubit dhe p\u00ebrpiqemi t\u00eb hyjm\u00eb n\u00eb klub. Nga nj\u00eb an\u00eb ndihemi t\u00eb inkurajuar nga ky moment i ri dhe nga kjo atmosfer\u00eb e re q\u00eb p\u00ebr fat t\u00eb keq duhet t\u00eb falenderojm\u00eb Putinin, por nga ana tjet\u00ebr shohim ende q\u00eb ka di\u00e7ka q\u00eb nuk shkon sepse po, ka shum\u00eb p\u00ebrpjekje q\u00eb po b\u00ebhen, por \u00ebsht\u00eb nj\u00eb Mario tjet\u00ebr q\u00eb me k\u00ebmb\u00ebngulje na thot\u00eb gj\u00ebrat nuk po shkojn\u00eb ashtu si\u00e7 duhet. Kjo \u00ebsht\u00eb sit \u00eb d\u00ebgjosh nj\u00eb muzik\u00eb t\u00eb mrekullueshme por Titaniku nuk po merr kthes\u00ebn dhe para nesh \u00ebsht\u00eb nj\u00eb ajsberg.<\/p>\n<p>Flasim p\u00ebr nj\u00eb Europ\u00eb dhe nj\u00eb treg, por nga ana tjet\u00ebr n\u00eb nj\u00eb dokument t\u00eb fort\u00eb, Ballkani Per\u00ebndimor nuk ishte aspak i p\u00ebrfshir\u00eb n\u00eb t\u00eb. Kjo duket sikur \u00ebsht\u00eb nj\u00eb vendim luks t\u00eb na l\u00ebsh jasht\u00eb.<\/p>\n<p>Ajo q\u00eb v\u00eb re \u00ebsht\u00eb nj\u00eb prirje nacionaliste e shum\u00eb vendeve q\u00eb duhet t\u00eb ishin fari i BE. Kjo \u00ebsht\u00eb d\u00ebshp\u00ebruese sepse ishim ne ata q\u00eb ishim nacionalist\u00ebt.<\/p>\n<p>D\u00ebshp\u00ebruese t\u00eb shoh\u00ebsh t\u00eb na smbrapsin sepse ka disa q\u00eb na kusht\u00ebzojn\u00eb. D\u00ebshp\u00ebruese t\u00eb shoh\u00ebsh qeveri t\u00eb moderuara demokratike q\u00eb nuk jan\u00eb plot\u00ebsisht n\u00eb krye n\u00eb l\u00ebvizje sepse politika p\u00ebr nj\u00eb BE m\u00eb t\u00eb fort\u00eb e t\u00eb bashkuar kusht\u00ebzohet nga ekstremet.<\/p>\n<p>Nuk besoj se 2027 do t\u00eb na pres\u00eb lumturisht me kompetenc\u00ebn e vetos n\u00ebse nuk ndryshon brenda BE-s\u00eb, nuk do t\u00eb ket\u00eb vend n\u00eb BE p\u00ebr ne n\u00ebse nuk ndryshon di\u00e7ka brenda Unionin\u201d, tha ai.<\/p>\n","protected":false},"excerpt":{"rendered":"<p>5 Shtator 2026 Kryeministri Edi Rama ishte sot pjes\u00eb e forumit\u201d Inteligjenca e Bot\u00ebs\u201d. Ai u shpreh se vendi yn\u00eb \u00ebsht\u00eb duke u p\u00ebrpjekur t\u00eb b\u00ebhet pjes\u00eb e Bashkimit Europian, por se jo gjith\u00e7ka po shkon si\u00e7 duhet. \u201cNe jemi jasht\u00eb klubit dhe p\u00ebrpiqemi t\u00eb hyjm\u00eb n\u00eb klub. Nga nj\u00eb an\u00eb ndihemi t\u00eb inkurajuar nga [&hellip;]<\/p>\n","protected":false},"author":9,"featured_media":106056,"comment_status":"open","ping_status":"open","sticky":false,"template":"","format":"standard","meta":{"jetpack_post_was_ever_published":false,"_jetpack_newsletter_access":"","_jetpack_dont_email_post_to_subs":false,"_jetpack_newsletter_tier_id":0,"_jetpack_memberships_contains_paywalled_content":false,"_jetpack_memberships_contains_paid_content":false,"footnotes":"","jetpack_publicize_message":"","jetpack_publicize_feature_enabled":true,"jetpack_social_post_already_shared":true,"jetpack_social_options":{"image_generator_settings":{"template":"highway","default_image_id":0,"font":"","enabled":false},"version":2}},"categories":[27,1,35],"tags":[],"class_list":["post-106055","post","type-post","status-publish","format-standard","has-post-thumbnail","hentry","category-blogu-i-udhetarit","category-njoftime-shtypi","category-shoqerore"],"jetpack_publicize_connections":[],"jetpack_featured_media_url":"https:\/\/i0.wp.com\/www.shqiperia.com\/blog\/wp-content\/uploads\/2026\/09\/1788428684_edirama.jpg?fit=780%2C440&ssl=1","jetpack_sharing_enabled":true,"jetpack_shortlink":"https:\/\/wp.me\/p5Z6wp-rAz","jetpack-related-posts":[{"id":101483,"url":"https:\/\/www.shqiperia.com\/blog\/rama-sulmon-protestuesit-hajvane-fryme-fashiste-po-demtojne-turizmin\/","url_meta":{"origin":106055,"position":0},"title":"Rama sulmon protestuesit: -Hajvan\u00eb, frym\u00eb fashiste! Po d\u00ebmtojn\u00eb turizmin","author":"Kurt Farka","date":"June 14, 2026","format":false,"excerpt":"Kryeministri Edi Rama ka zgjedhur q\u00eb s\u00ebrish t\u00eb sulmoj\u00eb protestuesit, q\u00eb prej dy jav\u00ebsh dalin \u00e7do dit\u00eb n\u00eb shesh p\u00ebr t\u00eb k\u00ebrkuar largimin e tij nga qeveria. N\u00eb rubrik\u00ebn \u2018sh\u00ebnimet e jav\u00ebs\u2019 n\u00eb potkastin e tij \u201cFlasim\u201d, kreu i qeveris\u00eb i konsideroi protestuesit si \u2018hajvan\u00eb\u2019 me mend\u00ebsi fashiste, q\u00eb si\u00e7\u2026","rel":"","context":"In &quot;Blogu i Udh\u00ebtarit&quot;","block_context":{"text":"Blogu i Udh\u00ebtarit","link":"https:\/\/www.shqiperia.com\/blog\/category\/blogu-i-udhetarit\/"},"img":{"alt_text":"","src":"https:\/\/i0.wp.com\/www.shqiperia.com\/blog\/wp-content\/uploads\/2026\/06\/rama-protestat1-433x300-1.jpg?fit=433%2C300&ssl=1&resize=350%2C200","width":350,"height":200},"classes":[]},{"id":100697,"url":"https:\/\/www.shqiperia.com\/blog\/e-drejta-e-vetos-kos-asgje-nuk-eshte-vendosur-ende\/","url_meta":{"origin":106055,"position":1},"title":"E drejta e vetos, Kos: &#8211; Asgj\u00eb nuk \u00ebsht\u00eb vendosur ende.","author":"Kurt Farka","date":"May 27, 2026","format":false,"excerpt":"27 Maji 2026 Pas p\u00ebrfundimit sot t\u00eb Konferenc\u00ebs s\u00eb 8-t\u00eb Nd\u00ebrqeveritare Shqip\u00ebri-BE, kryeministri Edi Rama, z\u00ebvend\u00ebsministrja p\u00ebr \u00c7\u00ebshtjet Evropiane t\u00eb Qipros, Marilena Raouna dhe Komisionerja p\u00ebr Zgjerimin e BE-s\u00eb s\u00eb Marta Kos, zhvilluan nj\u00eb konferenc\u00eb p\u00ebr mediet. Gjat\u00eb konferenc\u00ebs, nj\u00eb nga pyetjet lidhej me mund\u00ebsin\u00eb q\u00eb vendet kandidate si Mali\u2026","rel":"","context":"In &quot;Blogu i Udh\u00ebtarit&quot;","block_context":{"text":"Blogu i Udh\u00ebtarit","link":"https:\/\/www.shqiperia.com\/blog\/category\/blogu-i-udhetarit\/"},"img":{"alt_text":"","src":"https:\/\/i0.wp.com\/www.shqiperia.com\/blog\/wp-content\/uploads\/2026\/05\/800-0-a50f39518994f97abd661f0cbaacb890.png?fit=800%2C420&ssl=1&resize=350%2C200","width":350,"height":200,"srcset":"https:\/\/i0.wp.com\/www.shqiperia.com\/blog\/wp-content\/uploads\/2026\/05\/800-0-a50f39518994f97abd661f0cbaacb890.png?fit=800%2C420&ssl=1&resize=350%2C200 1x, https:\/\/i0.wp.com\/www.shqiperia.com\/blog\/wp-content\/uploads\/2026\/05\/800-0-a50f39518994f97abd661f0cbaacb890.png?fit=800%2C420&ssl=1&resize=525%2C300 1.5x, https:\/\/i0.wp.com\/www.shqiperia.com\/blog\/wp-content\/uploads\/2026\/05\/800-0-a50f39518994f97abd661f0cbaacb890.png?fit=800%2C420&ssl=1&resize=700%2C400 2x"},"classes":[]},{"id":101024,"url":"https:\/\/www.shqiperia.com\/blog\/mijera-protestues-ne-shesh-kerkojne-doreheqjen-e-rames-kryeministri-per-cnn-eshte-lufte-hibride-shqiperia-po-sulmohet-nga-armiqte\/","url_meta":{"origin":106055,"position":2},"title":"Mij\u00ebra protestues n\u00eb shesh k\u00ebrkojn\u00eb dor\u00ebheqjen e Ram\u00ebs, kryeministri p\u00ebr CNN: &#8211; \u00cbsht\u00eb luft\u00eb hibride, Shqip\u00ebria po sulmohet nga armiqt\u00eb","author":"Kurt Farka","date":"June 3, 2026","format":false,"excerpt":"3 Qershor 2026 N\u00eb deklarat\u00ebn e tij p\u00ebr CNN, Rama i ka cil\u00ebsuar protestat dhe raportimet si pjes\u00eb t\u00eb nj\u00eb \u201clufte hibride\u201d, duke pretenduar se Shqip\u00ebria po sulmohet nga\u00a0\u201carmiq dhe konkurrenc\u00eb e fort\u00eb n\u00eb rajon\u201d,\u00a0si dhe nga fushata dezinformimi n\u00eb rrjete sociale. \u201cNuk ka protesta n\u00eb t\u00eb gjith\u00eb Shqip\u00ebrin\u00eb. Ka\u2026","rel":"","context":"In &quot;Blogu i Udh\u00ebtarit&quot;","block_context":{"text":"Blogu i Udh\u00ebtarit","link":"https:\/\/www.shqiperia.com\/blog\/category\/blogu-i-udhetarit\/"},"img":{"alt_text":"","src":"https:\/\/i0.wp.com\/www.shqiperia.com\/blog\/wp-content\/uploads\/2026\/06\/images-1.webp?fit=678%2C452&ssl=1&resize=350%2C200","width":350,"height":200,"srcset":"https:\/\/i0.wp.com\/www.shqiperia.com\/blog\/wp-content\/uploads\/2026\/06\/images-1.webp?fit=678%2C452&ssl=1&resize=350%2C200 1x, https:\/\/i0.wp.com\/www.shqiperia.com\/blog\/wp-content\/uploads\/2026\/06\/images-1.webp?fit=678%2C452&ssl=1&resize=525%2C300 1.5x"},"classes":[]},{"id":104134,"url":"https:\/\/www.shqiperia.com\/blog\/nga-skandali-i-ministrit-te-jashtem-qe-i-humbi-laptopi-me-te-dhenat-sekrete-te-nato-s-ne-shba-shtatzenia-e-belinda\/","url_meta":{"origin":106055,"position":3},"title":"Nga skandali i ministrit t\u00eb Jasht\u00ebm q\u00eb i humbi laptopi me t\u00eb dh\u00ebnat sekrete t\u00eb NATO-s n\u00eb SHBA, shtatz\u00ebnia e Belinda\u2026","author":"Kurt Farka","date":"August 10, 2026","format":false,"excerpt":"10 Gusht 2026 Grid Rroji tregon se \u00e7far\u00eb po p\u00ebrgatitet n\u00eb prapasken\u00eb Grid\u00a0Rroji,\u00a0analist dhe\u00a0pedagog i shkencave politike n\u00eb universitetin\u00a0\u201cCUNY-New\u00a0York\u201d\u00a0n\u00eb Shtetet e Bashkuara t\u00eb Amerik\u00ebs, ka dh\u00ebn\u00eb nj\u00eb intervist\u00eb t\u00eb fort\u00eb p\u00ebr \u201cVip\u00a0Magazine\u201d mbi zhvillimet e fundit politike n\u00eb Shqip\u00ebri. I pyetur mbi aludimet p\u00ebr shtatz\u00ebnin\u00eb e Belinda Ballukut pasi u\u2026","rel":"","context":"In &quot;Blogu i Udh\u00ebtarit&quot;","block_context":{"text":"Blogu i Udh\u00ebtarit","link":"https:\/\/www.shqiperia.com\/blog\/category\/blogu-i-udhetarit\/"},"img":{"alt_text":"","src":"https:\/\/i0.wp.com\/www.shqiperia.com\/blog\/wp-content\/uploads\/2026\/08\/IMG_2264-1140x570-1.jpeg?fit=1140%2C570&ssl=1&resize=350%2C200","width":350,"height":200,"srcset":"https:\/\/i0.wp.com\/www.shqiperia.com\/blog\/wp-content\/uploads\/2026\/08\/IMG_2264-1140x570-1.jpeg?fit=1140%2C570&ssl=1&resize=350%2C200 1x, https:\/\/i0.wp.com\/www.shqiperia.com\/blog\/wp-content\/uploads\/2026\/08\/IMG_2264-1140x570-1.jpeg?fit=1140%2C570&ssl=1&resize=525%2C300 1.5x, https:\/\/i0.wp.com\/www.shqiperia.com\/blog\/wp-content\/uploads\/2026\/08\/IMG_2264-1140x570-1.jpeg?fit=1140%2C570&ssl=1&resize=700%2C400 2x, https:\/\/i0.wp.com\/www.shqiperia.com\/blog\/wp-content\/uploads\/2026\/08\/IMG_2264-1140x570-1.jpeg?fit=1140%2C570&ssl=1&resize=1050%2C600 3x"},"classes":[]},{"id":106067,"url":"https:\/\/www.shqiperia.com\/blog\/shqiperia-ka-qene-toka-e-njeriut-te-lire-e-njeriut-te-ashper-dhe-zemermire\/","url_meta":{"origin":106055,"position":4},"title":"\u201cShqip\u00ebria ka qen\u00eb toka e njeriut t\u00eb lir\u00eb&#8230; e njeriut t\u00eb ashp\u00ebr dhe zem\u00ebrmir\u00eb&#8230;\u201d","author":"Kurt Farka","date":"September 5, 2026","format":false,"excerpt":"5 Shtator 2026 P\u00ebr shekuj me radh\u00eb, Shqip\u00ebria ka qen\u00eb p\u00ebr Evrop\u00ebn nj\u00ebkoh\u00ebsisht af\u00ebr dhe larg. Af\u00ebr n\u00eb hart\u00eb, por larg n\u00eb p\u00ebrfytyrim. Pran\u00eb Adriatikut, por e mb\u00ebshtjell\u00eb me nj\u00eb mjegull legjendash, paragjykimesh dhe misteresh. Prandaj, kur lexojm\u00eb se \u201cShqip\u00ebria ka qen\u00eb toka e njeriut t\u00eb lir\u00eb... e njeriut t\u00eb\u2026","rel":"","context":"In &quot;Blogu i Udh\u00ebtarit&quot;","block_context":{"text":"Blogu i Udh\u00ebtarit","link":"https:\/\/www.shqiperia.com\/blog\/category\/blogu-i-udhetarit\/"},"img":{"alt_text":"","src":"https:\/\/i0.wp.com\/www.shqiperia.com\/blog\/wp-content\/uploads\/2026\/09\/640-0-shq-1788601854-Copy.jpg?fit=640%2C406&ssl=1&resize=350%2C200","width":350,"height":200,"srcset":"https:\/\/i0.wp.com\/www.shqiperia.com\/blog\/wp-content\/uploads\/2026\/09\/640-0-shq-1788601854-Copy.jpg?fit=640%2C406&ssl=1&resize=350%2C200 1x, https:\/\/i0.wp.com\/www.shqiperia.com\/blog\/wp-content\/uploads\/2026\/09\/640-0-shq-1788601854-Copy.jpg?fit=640%2C406&ssl=1&resize=525%2C300 1.5x"},"classes":[]},{"id":105381,"url":"https:\/\/www.shqiperia.com\/blog\/rritja-e-tarifave-ne-zonat-e-mbrojtura-taksim-i-natyres-barre-per-qytetaret-dhe-turistet\/","url_meta":{"origin":106055,"position":5},"title":"Rritja e tarifave n\u00eb zonat e mbrojtura: &#8211; Taksim i natyr\u00ebs, barr\u00eb p\u00ebr qytetar\u00ebt dhe turist\u00ebt!","author":"Kurt Farka","date":"August 28, 2026","format":false,"excerpt":"28 Gusht 2026 Kryetarja e komisionit parlamentar p\u00ebr kultur\u00ebn, turizmin dhe diaspor\u00ebn, Ina Zhupa, ka kund\u00ebrshtuar rritjen e propozuar t\u00eb tarifave p\u00ebr aksesin n\u00eb zonat e mbrojtura, duke e cil\u00ebsuar at\u00eb si nj\u00eb tjet\u00ebr barr\u00eb p\u00ebr qytetar\u00ebt dhe turist\u00ebt. Zhupa thekson se tarifat n\u00eb disa raste rriten 4-5 her\u00eb, nd\u00ebrsa\u2026","rel":"","context":"In &quot;Kultura&quot;","block_context":{"text":"Kultura","link":"https:\/\/www.shqiperia.com\/blog\/category\/kultura\/"},"img":{"alt_text":"","src":"https:\/\/i0.wp.com\/www.shqiperia.com\/blog\/wp-content\/uploads\/2026\/08\/640-0-zona3-1708845356.jpg?fit=640%2C449&ssl=1&resize=350%2C200","width":350,"height":200,"srcset":"https:\/\/i0.wp.com\/www.shqiperia.com\/blog\/wp-content\/uploads\/2026\/08\/640-0-zona3-1708845356.jpg?fit=640%2C449&ssl=1&resize=350%2C200 1x, https:\/\/i0.wp.com\/www.shqiperia.com\/blog\/wp-content\/uploads\/2026\/08\/640-0-zona3-1708845356.jpg?fit=640%2C449&ssl=1&resize=525%2C300 1.5x"},"classes":[]}],"_links":{"self":[{"href":"https:\/\/www.shqiperia.com\/blog\/wp-json\/wp\/v2\/posts\/106055","targetHints":{"allow":["GET"]}}],"collection":[{"href":"https:\/\/www.shqiperia.com\/blog\/wp-json\/wp\/v2\/posts"}],"about":[{"href":"https:\/\/www.shqiperia.com\/blog\/wp-json\/wp\/v2\/types\/post"}],"author":[{"embeddable":true,"href":"https:\/\/www.shqiperia.com\/blog\/wp-json\/wp\/v2\/users\/9"}],"replies":[{"embeddable":true,"href":"https:\/\/www.shqiperia.com\/blog\/wp-json\/wp\/v2\/comments?post=106055"}],"version-history":[{"count":1,"href":"https:\/\/www.shqiperia.com\/blog\/wp-json\/wp\/v2\/posts\/106055\/revisions"}],"predecessor-version":[{"id":106057,"href":"https:\/\/www.shqiperia.com\/blog\/wp-json\/wp\/v2\/posts\/106055\/revisions\/106057"}],"wp:featuredmedia":[{"embeddable":true,"href":"https:\/\/www.shqiperia.com\/blog\/wp-json\/wp\/v2\/media\/106056"}],"wp:attachment":[{"href":"https:\/\/www.shqiperia.com\/blog\/wp-json\/wp\/v2\/media?parent=106055"}],"wp:term":[{"taxonomy":"category","embeddable":true,"href":"https:\/\/www.shqiperia.com\/blog\/wp-json\/wp\/v2\/categories?post=106055"},{"taxonomy":"post_tag","embeddable":true,"href":"https:\/\/www.shqiperia.com\/blog\/wp-json\/wp\/v2\/tags?post=106055"}],"curies":[{"name":"wp","href":"https:\/\/api.w.org\/{rel}","templated":true}]}}