{"id":106050,"date":"2026-09-05T02:13:39","date_gmt":"2026-09-05T02:13:39","guid":{"rendered":"https:\/\/www.shqiperia.com\/blog\/?p=106050"},"modified":"2026-09-05T02:13:57","modified_gmt":"2026-09-05T02:13:57","slug":"himara-ne-flake-drejtuesit-e-larte-ne-terren","status":"publish","type":"post","link":"https:\/\/www.shqiperia.com\/blog\/himara-ne-flake-drejtuesit-e-larte-ne-terren\/","title":{"rendered":"Himara n\u00eb Flak\u00eb, drejtuesit e lart\u00eb n\u00eb terren"},"content":{"rendered":"<div><\/div>\n<div>\n<div id=\"attachment_106052\" style=\"width: 625px\" class=\"wp-caption alignnone\"><img data-recalc-dims=\"1\" loading=\"lazy\" decoding=\"async\" aria-describedby=\"caption-attachment-106052\" data-attachment-id=\"106052\" data-permalink=\"https:\/\/www.shqiperia.com\/blog\/himara-ne-flake-drejtuesit-e-larte-ne-terren\/himara-ne-flake-foto-etleva-merko-2\/\" data-orig-file=\"https:\/\/i0.wp.com\/www.shqiperia.com\/blog\/wp-content\/uploads\/2026\/09\/Himara-ne-Flake.-Foto-Etleva-Merko-1.jpg?fit=2048%2C1259&amp;ssl=1\" data-orig-size=\"2048,1259\" data-comments-opened=\"1\" data-image-meta=\"{&quot;aperture&quot;:&quot;0&quot;,&quot;credit&quot;:&quot;&quot;,&quot;camera&quot;:&quot;&quot;,&quot;caption&quot;:&quot;&quot;,&quot;created_timestamp&quot;:&quot;0&quot;,&quot;copyright&quot;:&quot;&quot;,&quot;focal_length&quot;:&quot;0&quot;,&quot;iso&quot;:&quot;0&quot;,&quot;shutter_speed&quot;:&quot;0&quot;,&quot;title&quot;:&quot;&quot;,&quot;orientation&quot;:&quot;0&quot;}\" data-image-title=\"Himara n\u00eb Flak\u00eb. Foto Etleva Merko\" data-image-description=\"\" data-image-caption=\"&lt;p&gt;Himara n\u00eb Flak\u00eb. Foto Etleva Merko&lt;\/p&gt;\n\" data-medium-file=\"https:\/\/i0.wp.com\/www.shqiperia.com\/blog\/wp-content\/uploads\/2026\/09\/Himara-ne-Flake.-Foto-Etleva-Merko-1.jpg?fit=300%2C184&amp;ssl=1\" data-large-file=\"https:\/\/i0.wp.com\/www.shqiperia.com\/blog\/wp-content\/uploads\/2026\/09\/Himara-ne-Flake.-Foto-Etleva-Merko-1.jpg?fit=1024%2C630&amp;ssl=1\" class=\" wp-image-106052\" alt=\"\" src=\"https:\/\/i0.wp.com\/www.shqiperia.com\/blog\/wp-content\/uploads\/2026\/09\/Himara-ne-Flake.-Foto-Etleva-Merko-1.jpg?resize=615%2C377&#038;ssl=1\" width=\"615\" height=\"377\" srcset=\"https:\/\/i0.wp.com\/www.shqiperia.com\/blog\/wp-content\/uploads\/2026\/09\/Himara-ne-Flake.-Foto-Etleva-Merko-1.jpg?resize=300%2C184&amp;ssl=1 300w, https:\/\/i0.wp.com\/www.shqiperia.com\/blog\/wp-content\/uploads\/2026\/09\/Himara-ne-Flake.-Foto-Etleva-Merko-1.jpg?resize=1024%2C630&amp;ssl=1 1024w, https:\/\/i0.wp.com\/www.shqiperia.com\/blog\/wp-content\/uploads\/2026\/09\/Himara-ne-Flake.-Foto-Etleva-Merko-1.jpg?resize=768%2C472&amp;ssl=1 768w, https:\/\/i0.wp.com\/www.shqiperia.com\/blog\/wp-content\/uploads\/2026\/09\/Himara-ne-Flake.-Foto-Etleva-Merko-1.jpg?resize=1536%2C944&amp;ssl=1 1536w, https:\/\/i0.wp.com\/www.shqiperia.com\/blog\/wp-content\/uploads\/2026\/09\/Himara-ne-Flake.-Foto-Etleva-Merko-1.jpg?resize=2000%2C1229&amp;ssl=1 2000w, https:\/\/i0.wp.com\/www.shqiperia.com\/blog\/wp-content\/uploads\/2026\/09\/Himara-ne-Flake.-Foto-Etleva-Merko-1.jpg?resize=450%2C277&amp;ssl=1 450w, https:\/\/i0.wp.com\/www.shqiperia.com\/blog\/wp-content\/uploads\/2026\/09\/Himara-ne-Flake.-Foto-Etleva-Merko-1.jpg?resize=600%2C369&amp;ssl=1 600w, https:\/\/i0.wp.com\/www.shqiperia.com\/blog\/wp-content\/uploads\/2026\/09\/Himara-ne-Flake.-Foto-Etleva-Merko-1.jpg?resize=1500%2C922&amp;ssl=1 1500w, https:\/\/i0.wp.com\/www.shqiperia.com\/blog\/wp-content\/uploads\/2026\/09\/Himara-ne-Flake.-Foto-Etleva-Merko-1.jpg?resize=1300%2C799&amp;ssl=1 1300w, https:\/\/i0.wp.com\/www.shqiperia.com\/blog\/wp-content\/uploads\/2026\/09\/Himara-ne-Flake.-Foto-Etleva-Merko-1.jpg?resize=400%2C246&amp;ssl=1 400w, https:\/\/i0.wp.com\/www.shqiperia.com\/blog\/wp-content\/uploads\/2026\/09\/Himara-ne-Flake.-Foto-Etleva-Merko-1.jpg?w=2048&amp;ssl=1 2048w\" sizes=\"auto, (max-width: 615px) 100vw, 615px\" \/><p id=\"caption-attachment-106052\" class=\"wp-caption-text\">Himara n\u00eb Flak\u00eb. Foto Etleva Merko<\/p><\/div>\n<\/div>\n<div>5 Shtator 2026<\/div>\n<div>Zjarri q\u00eb ka p\u00ebrfshir\u00eb zon\u00ebn e Himar\u00ebs vijon t\u00eb marr\u00eb p\u00ebrmasa, nd\u00ebrsa operacioni p\u00ebr shuarjen e flak\u00ebve po zhvillohet n\u00eb kushte t\u00eb v\u00ebshtira p\u00ebr shkak t\u00eb terrenit dhe er\u00ebs s\u00eb fort\u00eb.<\/div>\n<div>N\u00eb terren ndodhen Drejtori i P\u00ebrgjithsh\u00ebm i Policis\u00eb s\u00eb Shtetit, Sk\u00ebnder Hita, kreu i Emergjencave Civile, Haki \u00c7ako, si dhe Prefektja e Qarkut Vlor\u00eb, Evis Alushi, t\u00eb cil\u00ebt po ndjekin nga af\u00ebr situat\u00ebn dhe operacionin e nd\u00ebrhyrjes.<\/div>\n<div>Nd\u00ebrkoh\u00eb, pritet edhe mb\u00ebrritja n\u00eb terren e Ministrit t\u00eb Brendsh\u00ebm dhe Ministrit t\u00eb Mbrojtjes, teksa forcat zjarrfik\u00ebse dhe strukturat e emergjencave vijojn\u00eb p\u00ebrpjekjet p\u00ebr v\u00ebnien n\u00ebn kontroll t\u00eb flak\u00ebve.<\/div>\n<div>Situata mbetet e v\u00ebshtir\u00eb, nd\u00ebrsa era e fort\u00eb favorizon p\u00ebrhapjen e zjarrit.<\/div>\n","protected":false},"excerpt":{"rendered":"<p>5 Shtator 2026 Zjarri q\u00eb ka p\u00ebrfshir\u00eb zon\u00ebn e Himar\u00ebs vijon t\u00eb marr\u00eb p\u00ebrmasa, nd\u00ebrsa operacioni p\u00ebr shuarjen e flak\u00ebve po zhvillohet n\u00eb kushte t\u00eb v\u00ebshtira p\u00ebr shkak t\u00eb terrenit dhe er\u00ebs s\u00eb fort\u00eb. N\u00eb terren ndodhen Drejtori i P\u00ebrgjithsh\u00ebm i Policis\u00eb s\u00eb Shtetit, Sk\u00ebnder Hita, kreu i Emergjencave Civile, Haki \u00c7ako, si dhe Prefektja [&hellip;]<\/p>\n","protected":false},"author":9,"featured_media":106052,"comment_status":"open","ping_status":"open","sticky":false,"template":"","format":"standard","meta":{"jetpack_post_was_ever_published":false,"_jetpack_newsletter_access":"","_jetpack_dont_email_post_to_subs":false,"_jetpack_newsletter_tier_id":0,"_jetpack_memberships_contains_paywalled_content":false,"_jetpack_memberships_contains_paid_content":false,"footnotes":"","jetpack_publicize_message":"","jetpack_publicize_feature_enabled":true,"jetpack_social_post_already_shared":true,"jetpack_social_options":{"image_generator_settings":{"template":"highway","default_image_id":0,"font":"","enabled":false},"version":2}},"categories":[27,1,35],"tags":[],"class_list":["post-106050","post","type-post","status-publish","format-standard","has-post-thumbnail","hentry","category-blogu-i-udhetarit","category-njoftime-shtypi","category-shoqerore"],"jetpack_publicize_connections":[],"jetpack_featured_media_url":"https:\/\/i0.wp.com\/www.shqiperia.com\/blog\/wp-content\/uploads\/2026\/09\/Himara-ne-Flake.-Foto-Etleva-Merko-1.jpg?fit=2048%2C1259&ssl=1","jetpack_sharing_enabled":true,"jetpack_shortlink":"https:\/\/wp.me\/p5Z6wp-rAu","jetpack-related-posts":[{"id":106064,"url":"https:\/\/www.shqiperia.com\/blog\/pamje-te-frikshme-nga-himara-flaket-ne-lartesine-e-hoteleve-7-banesa-te-djegura-situata-mengjesin-e-sotem\/","url_meta":{"origin":106050,"position":0},"title":"Pamje t\u00eb frikshme nga Himara, flak\u00ebt n\u00eb lart\u00ebsin\u00eb e hoteleve, 7 banesa t\u00eb djegura. Situata m\u00ebngjesin e sot\u00ebm","author":"Kurt Farka","date":"September 5, 2026","format":false,"excerpt":"5 Shtator 2026 Nj\u00eb vat\u00ebr e fuqishme zjarri \u00ebsht\u00eb regjistruar gjat\u00eb nat\u00ebs n\u00eb Himar\u00eb, ku nj\u00eb vat\u00ebr e fuqishme zjarri u p\u00ebrhap me shpejt\u00ebsi p\u00ebr shkak t\u00eb er\u00ebs s\u00eb fort\u00eb. Sipas informacioneve t\u00eb b\u00ebra me dije nga Prefektura dhe strukturat e Mbrojtjes Civile, shtat\u00eb banesa jan\u00eb djegur plot\u00ebsisht, nd\u00ebrsa banor\u00eb\u2026","rel":"","context":"In &quot;Blogu i Udh\u00ebtarit&quot;","block_context":{"text":"Blogu i Udh\u00ebtarit","link":"https:\/\/www.shqiperia.com\/blog\/category\/blogu-i-udhetarit\/"},"img":{"alt_text":"","src":"https:\/\/i0.wp.com\/www.shqiperia.com\/blog\/wp-content\/uploads\/2026\/09\/images-19.jpg?fit=682%2C450&ssl=1&resize=350%2C200","width":350,"height":200,"srcset":"https:\/\/i0.wp.com\/www.shqiperia.com\/blog\/wp-content\/uploads\/2026\/09\/images-19.jpg?fit=682%2C450&ssl=1&resize=350%2C200 1x, https:\/\/i0.wp.com\/www.shqiperia.com\/blog\/wp-content\/uploads\/2026\/09\/images-19.jpg?fit=682%2C450&ssl=1&resize=525%2C300 1.5x"},"classes":[]},{"id":104277,"url":"https:\/\/www.shqiperia.com\/blog\/ne-kruje-vazdojne-vatrat-e-zjarrit\/","url_meta":{"origin":106050,"position":1},"title":"N\u00eb Kruj\u00eb vazdojn\u00eb vatrat e Zjarrit","author":"Kurt Farka","date":"August 12, 2026","format":false,"excerpt":"12 Gusht 2026 P\u00ebrkeq\u00ebsohet situata n\u00eb Abaze t\u00eb Kruj\u00ebs dhe v\u00ebmendja \u00ebsht\u00eb p\u00ebrqendruar s\u00ebrish n\u00eb k\u00ebt\u00eb zon\u00eb prej m\u00ebngjesit t\u00eb sot\u00ebm. Riaktivizimi her\u00eb pas here i vatrave ka b\u00ebr\u00eb q\u00eb ekipet e Emergjencave Civile dhe sh\u00ebrbimet zjarrfik\u00ebse t\u00eb q\u00ebndrojn\u00eb n\u00eb gatishm\u00ebri t\u00eb plot\u00eb, nd\u00ebrsa aktualisht, q\u00eb nga m\u00ebngjesi, nd\u00ebrhyrja p\u00ebr\u2026","rel":"","context":"In &quot;Blogu i Udh\u00ebtarit&quot;","block_context":{"text":"Blogu i Udh\u00ebtarit","link":"https:\/\/www.shqiperia.com\/blog\/category\/blogu-i-udhetarit\/"},"img":{"alt_text":"","src":"https:\/\/i0.wp.com\/www.shqiperia.com\/blog\/wp-content\/uploads\/2026\/08\/Screenshot_1-107.png?fit=1011%2C545&ssl=1&resize=350%2C200","width":350,"height":200,"srcset":"https:\/\/i0.wp.com\/www.shqiperia.com\/blog\/wp-content\/uploads\/2026\/08\/Screenshot_1-107.png?fit=1011%2C545&ssl=1&resize=350%2C200 1x, https:\/\/i0.wp.com\/www.shqiperia.com\/blog\/wp-content\/uploads\/2026\/08\/Screenshot_1-107.png?fit=1011%2C545&ssl=1&resize=525%2C300 1.5x, https:\/\/i0.wp.com\/www.shqiperia.com\/blog\/wp-content\/uploads\/2026\/08\/Screenshot_1-107.png?fit=1011%2C545&ssl=1&resize=700%2C400 2x"},"classes":[]},{"id":104353,"url":"https:\/\/www.shqiperia.com\/blog\/zjarret-ne-qarkun-e-dibres-nuk-ndalen-flaket-i-afrohen-banesave-rreth-100-forca-ne-terren-nderhyhet-edhe-nga-ajri\/","url_meta":{"origin":106050,"position":2},"title":"Zjarret n\u00eb qarkun e Dibr\u00ebs nuk ndalen, flak\u00ebt i afrohen banesave. Rreth 100 forca n\u00eb terren, nd\u00ebrhyhet edhe nga ajri","author":"Kurt Farka","date":"August 13, 2026","format":false,"excerpt":"13 Gusht 2026 Vijojn\u00eb edhe gjat\u00eb dit\u00ebs s\u00eb sotme zjarret n\u00eb qarkun e Dibr\u00ebs, nd\u00ebrsa situata mbetet problematike p\u00ebr shkak t\u00eb afrimit t\u00eb flak\u00ebve pran\u00eb zonave t\u00eb banuara. Rreth 100 forca jan\u00eb angazhuar n\u00eb terren dhe, fal\u00eb nd\u00ebrhyrjes s\u00eb tyre, \u00ebsht\u00eb b\u00ebr\u00eb i mundur frenimi i p\u00ebrhapjes s\u00eb zjarrit n\u00eb\u2026","rel":"","context":"In &quot;Blogu i Udh\u00ebtarit&quot;","block_context":{"text":"Blogu i Udh\u00ebtarit","link":"https:\/\/www.shqiperia.com\/blog\/category\/blogu-i-udhetarit\/"},"img":{"alt_text":"","src":"https:\/\/i0.wp.com\/www.shqiperia.com\/blog\/wp-content\/uploads\/2026\/08\/zjarr_sd-4-1.webp?fit=1200%2C675&ssl=1&resize=350%2C200","width":350,"height":200,"srcset":"https:\/\/i0.wp.com\/www.shqiperia.com\/blog\/wp-content\/uploads\/2026\/08\/zjarr_sd-4-1.webp?fit=1200%2C675&ssl=1&resize=350%2C200 1x, https:\/\/i0.wp.com\/www.shqiperia.com\/blog\/wp-content\/uploads\/2026\/08\/zjarr_sd-4-1.webp?fit=1200%2C675&ssl=1&resize=525%2C300 1.5x, https:\/\/i0.wp.com\/www.shqiperia.com\/blog\/wp-content\/uploads\/2026\/08\/zjarr_sd-4-1.webp?fit=1200%2C675&ssl=1&resize=700%2C400 2x, https:\/\/i0.wp.com\/www.shqiperia.com\/blog\/wp-content\/uploads\/2026\/08\/zjarr_sd-4-1.webp?fit=1200%2C675&ssl=1&resize=1050%2C600 3x"},"classes":[]},{"id":103671,"url":"https:\/\/www.shqiperia.com\/blog\/zjarri-ne-dardhe-te-librazhdit-vijon-prej-6-ditesh-terreni-malor-veshtireson-shuarjen-e-flakeve\/","url_meta":{"origin":106050,"position":3},"title":"Zjarri n\u00eb Dardh\u00eb t\u00eb Librazhdit vijon prej 6 dit\u00ebsh, terreni malor v\u00ebshtir\u00ebson shuarjen e flak\u00ebve","author":"Kurt Farka","date":"August 3, 2026","format":false,"excerpt":"3 Gusht 2026 Prej 6 dit\u00ebsh, nj\u00eb zjarr i p\u00ebrmasave t\u00eb m\u00ebdha vijon t\u00eb djeg\u00eb nj\u00eb pjes\u00eb t\u00eb zon\u00ebs pyjore t\u00eb fshatit Dardh\u00eb, n\u00eb Bashkin\u00eb e Librazhdit, nd\u00ebrsa p\u00ebrpjekjet p\u00ebr v\u00ebnien n\u00ebn kontroll t\u00eb flak\u00ebve po p\u00ebrballen me v\u00ebshtir\u00ebsi t\u00eb m\u00ebdha p\u00ebr shkak t\u00eb terrenit malor, er\u00ebs s\u00eb fort\u00eb dhe\u2026","rel":"","context":"In &quot;Blogu i Udh\u00ebtarit&quot;","block_context":{"text":"Blogu i Udh\u00ebtarit","link":"https:\/\/www.shqiperia.com\/blog\/category\/blogu-i-udhetarit\/"},"img":{"alt_text":"","src":"https:\/\/i0.wp.com\/www.shqiperia.com\/blog\/wp-content\/uploads\/2026\/08\/zjarr_sd-1.jpg?fit=1200%2C675&ssl=1&resize=350%2C200","width":350,"height":200,"srcset":"https:\/\/i0.wp.com\/www.shqiperia.com\/blog\/wp-content\/uploads\/2026\/08\/zjarr_sd-1.jpg?fit=1200%2C675&ssl=1&resize=350%2C200 1x, https:\/\/i0.wp.com\/www.shqiperia.com\/blog\/wp-content\/uploads\/2026\/08\/zjarr_sd-1.jpg?fit=1200%2C675&ssl=1&resize=525%2C300 1.5x, https:\/\/i0.wp.com\/www.shqiperia.com\/blog\/wp-content\/uploads\/2026\/08\/zjarr_sd-1.jpg?fit=1200%2C675&ssl=1&resize=700%2C400 2x, https:\/\/i0.wp.com\/www.shqiperia.com\/blog\/wp-content\/uploads\/2026\/08\/zjarr_sd-1.jpg?fit=1200%2C675&ssl=1&resize=1050%2C600 3x"},"classes":[]},{"id":104838,"url":"https:\/\/www.shqiperia.com\/blog\/zjarr-ne-masivin-pyjor-prane-qytetit-te-milotit-rrezikohen-banesat-prane-tij\/","url_meta":{"origin":106050,"position":4},"title":"Zjarr n\u00eb masivin pyjor pran\u00eb qytetit t\u00eb Milotit, rrezikohen banesat pran\u00eb tij","author":"Kurt Farka","date":"August 20, 2026","format":false,"excerpt":"20 Gusht 2026 Nj\u00eb vat\u00ebr zjarri ka p\u00ebrfshir\u00eb masivin pyjor mbi qytetin e Milotit, n\u00eb Bashkin\u00eb Kurbin, duke shkaktuar shqet\u00ebsim p\u00ebr shkak t\u00eb p\u00ebrhapjes s\u00eb shpejt\u00eb t\u00eb flak\u00ebve. Bim\u00ebsia e dendur po favorizon avancimin e zjarrit, nd\u00ebrsa tymi dhe flak\u00ebt jan\u00eb afruar drejt zon\u00ebs s\u00eb banuar, duke rritur rrezikun p\u00ebr\u2026","rel":"","context":"In &quot;Blogu i Udh\u00ebtarit&quot;","block_context":{"text":"Blogu i Udh\u00ebtarit","link":"https:\/\/www.shqiperia.com\/blog\/category\/blogu-i-udhetarit\/"},"img":{"alt_text":"","src":"https:\/\/i0.wp.com\/www.shqiperia.com\/blog\/wp-content\/uploads\/2026\/08\/zjarr-6a87098cb1ce2.jpg?fit=980%2C560&ssl=1&resize=350%2C200","width":350,"height":200,"srcset":"https:\/\/i0.wp.com\/www.shqiperia.com\/blog\/wp-content\/uploads\/2026\/08\/zjarr-6a87098cb1ce2.jpg?fit=980%2C560&ssl=1&resize=350%2C200 1x, https:\/\/i0.wp.com\/www.shqiperia.com\/blog\/wp-content\/uploads\/2026\/08\/zjarr-6a87098cb1ce2.jpg?fit=980%2C560&ssl=1&resize=525%2C300 1.5x, https:\/\/i0.wp.com\/www.shqiperia.com\/blog\/wp-content\/uploads\/2026\/08\/zjarr-6a87098cb1ce2.jpg?fit=980%2C560&ssl=1&resize=700%2C400 2x"},"classes":[]},{"id":105868,"url":"https:\/\/www.shqiperia.com\/blog\/flaket-pushtojne-kalivacin-ne-lezhe-nderhyrje-emergjente-per-te-mbrojtur-zonen-e-banuar\/","url_meta":{"origin":106050,"position":5},"title":"Flak\u00ebt pushtojn\u00eb Kalivacin n\u00eb Lezh\u00eb, nd\u00ebrhyrje emergjente p\u00ebr t\u00eb mbrojtur zon\u00ebn e banuar","author":"Kurt Farka","date":"September 3, 2026","format":false,"excerpt":"3 Shtator 2026 Nj\u00eb zjarr i p\u00ebrmasave t\u00eb m\u00ebdha ka p\u00ebrfshir\u00eb zon\u00ebn e Kalivacit n\u00eb Lezh\u00eb, duke rrezikuar zon\u00ebn e banuar. Flak\u00ebt jan\u00eb p\u00ebrhapur me shpejt\u00ebsi n\u00eb disa drejtime, t\u00eb favorizuara edhe nga era e fort\u00eb q\u00eb po p\u00ebrfshin zon\u00ebn. Situata paraqitet e v\u00ebshtir\u00eb, nd\u00ebrsa zjarri vijon t\u00eb zgjeroj\u00eb perimetrin.\u2026","rel":"","context":"In &quot;Blogu i Udh\u00ebtarit&quot;","block_context":{"text":"Blogu i Udh\u00ebtarit","link":"https:\/\/www.shqiperia.com\/blog\/category\/blogu-i-udhetarit\/"},"img":{"alt_text":"","src":"https:\/\/i0.wp.com\/www.shqiperia.com\/blog\/wp-content\/uploads\/2026\/09\/Zjarri-ne-kalivac-Lezhe.webp?fit=1200%2C675&ssl=1&resize=350%2C200","width":350,"height":200,"srcset":"https:\/\/i0.wp.com\/www.shqiperia.com\/blog\/wp-content\/uploads\/2026\/09\/Zjarri-ne-kalivac-Lezhe.webp?fit=1200%2C675&ssl=1&resize=350%2C200 1x, https:\/\/i0.wp.com\/www.shqiperia.com\/blog\/wp-content\/uploads\/2026\/09\/Zjarri-ne-kalivac-Lezhe.webp?fit=1200%2C675&ssl=1&resize=525%2C300 1.5x, https:\/\/i0.wp.com\/www.shqiperia.com\/blog\/wp-content\/uploads\/2026\/09\/Zjarri-ne-kalivac-Lezhe.webp?fit=1200%2C675&ssl=1&resize=700%2C400 2x, https:\/\/i0.wp.com\/www.shqiperia.com\/blog\/wp-content\/uploads\/2026\/09\/Zjarri-ne-kalivac-Lezhe.webp?fit=1200%2C675&ssl=1&resize=1050%2C600 3x"},"classes":[]}],"_links":{"self":[{"href":"https:\/\/www.shqiperia.com\/blog\/wp-json\/wp\/v2\/posts\/106050","targetHints":{"allow":["GET"]}}],"collection":[{"href":"https:\/\/www.shqiperia.com\/blog\/wp-json\/wp\/v2\/posts"}],"about":[{"href":"https:\/\/www.shqiperia.com\/blog\/wp-json\/wp\/v2\/types\/post"}],"author":[{"embeddable":true,"href":"https:\/\/www.shqiperia.com\/blog\/wp-json\/wp\/v2\/users\/9"}],"replies":[{"embeddable":true,"href":"https:\/\/www.shqiperia.com\/blog\/wp-json\/wp\/v2\/comments?post=106050"}],"version-history":[{"count":1,"href":"https:\/\/www.shqiperia.com\/blog\/wp-json\/wp\/v2\/posts\/106050\/revisions"}],"predecessor-version":[{"id":106053,"href":"https:\/\/www.shqiperia.com\/blog\/wp-json\/wp\/v2\/posts\/106050\/revisions\/106053"}],"wp:featuredmedia":[{"embeddable":true,"href":"https:\/\/www.shqiperia.com\/blog\/wp-json\/wp\/v2\/media\/106052"}],"wp:attachment":[{"href":"https:\/\/www.shqiperia.com\/blog\/wp-json\/wp\/v2\/media?parent=106050"}],"wp:term":[{"taxonomy":"category","embeddable":true,"href":"https:\/\/www.shqiperia.com\/blog\/wp-json\/wp\/v2\/categories?post=106050"},{"taxonomy":"post_tag","embeddable":true,"href":"https:\/\/www.shqiperia.com\/blog\/wp-json\/wp\/v2\/tags?post=106050"}],"curies":[{"name":"wp","href":"https:\/\/api.w.org\/{rel}","templated":true}]}}