{"id":106046,"date":"2026-09-05T01:55:20","date_gmt":"2026-09-05T01:55:20","guid":{"rendered":"https:\/\/www.shqiperia.com\/blog\/?p=106046"},"modified":"2026-09-05T02:14:55","modified_gmt":"2026-09-05T02:14:55","slug":"himare-edhe-piluri-ne-shpresen-qe-te-mos-nderroi-drejtim-era","status":"publish","type":"post","link":"https:\/\/www.shqiperia.com\/blog\/himare-edhe-piluri-ne-shpresen-qe-te-mos-nderroi-drejtim-era\/","title":{"rendered":"Himar\u00eb, edhe Piluri n\u00eb shpres\u00ebn q\u00eb t\u00eb mos nd\u00ebrroi drejtim era"},"content":{"rendered":"<div id=\"attachment_106048\" style=\"width: 310px\" class=\"wp-caption alignnone\"><img data-recalc-dims=\"1\" loading=\"lazy\" decoding=\"async\" aria-describedby=\"caption-attachment-106048\" data-attachment-id=\"106048\" data-permalink=\"https:\/\/www.shqiperia.com\/blog\/himare-edhe-piluri-ne-shpresen-qe-te-mos-nderroi-drejtim-era\/himare\/\" data-orig-file=\"https:\/\/i0.wp.com\/www.shqiperia.com\/blog\/wp-content\/uploads\/2026\/09\/Himare.webp?fit=474%2C459&amp;ssl=1\" data-orig-size=\"474,459\" data-comments-opened=\"1\" data-image-meta=\"{&quot;aperture&quot;:&quot;0&quot;,&quot;credit&quot;:&quot;&quot;,&quot;camera&quot;:&quot;&quot;,&quot;caption&quot;:&quot;&quot;,&quot;created_timestamp&quot;:&quot;0&quot;,&quot;copyright&quot;:&quot;&quot;,&quot;focal_length&quot;:&quot;0&quot;,&quot;iso&quot;:&quot;0&quot;,&quot;shutter_speed&quot;:&quot;0&quot;,&quot;title&quot;:&quot;&quot;,&quot;orientation&quot;:&quot;0&quot;}\" data-image-title=\"Himar\u00eb, 5 Shtator 2026\" data-image-description=\"\" data-image-caption=\"&lt;p&gt;Himar\u00eb, 5 Shtator 2026&lt;\/p&gt;\n\" data-medium-file=\"https:\/\/i0.wp.com\/www.shqiperia.com\/blog\/wp-content\/uploads\/2026\/09\/Himare.webp?fit=300%2C291&amp;ssl=1\" data-large-file=\"https:\/\/i0.wp.com\/www.shqiperia.com\/blog\/wp-content\/uploads\/2026\/09\/Himare.webp?fit=474%2C459&amp;ssl=1\" class=\"size-medium wp-image-106048\" alt=\"\" src=\"https:\/\/i0.wp.com\/www.shqiperia.com\/blog\/wp-content\/uploads\/2026\/09\/Himare.webp?resize=300%2C291&#038;ssl=1\" width=\"300\" height=\"291\" srcset=\"https:\/\/i0.wp.com\/www.shqiperia.com\/blog\/wp-content\/uploads\/2026\/09\/Himare.webp?resize=300%2C291&amp;ssl=1 300w, https:\/\/i0.wp.com\/www.shqiperia.com\/blog\/wp-content\/uploads\/2026\/09\/Himare.webp?resize=450%2C436&amp;ssl=1 450w, https:\/\/i0.wp.com\/www.shqiperia.com\/blog\/wp-content\/uploads\/2026\/09\/Himare.webp?resize=50%2C50&amp;ssl=1 50w, https:\/\/i0.wp.com\/www.shqiperia.com\/blog\/wp-content\/uploads\/2026\/09\/Himare.webp?resize=400%2C387&amp;ssl=1 400w, https:\/\/i0.wp.com\/www.shqiperia.com\/blog\/wp-content\/uploads\/2026\/09\/Himare.webp?w=474&amp;ssl=1 474w\" sizes=\"auto, (max-width: 300px) 100vw, 300px\" \/><p id=\"caption-attachment-106048\" class=\"wp-caption-text\">Himar\u00eb, 5 Shtator 2026<\/p><\/div>\n<p>5 Shtator 2026.<\/p>\n<p>Sipas gazetarit t\u00eb Szri tv t\u00eb or\u00ebs 01, njofton se banor\u00ebt kan\u00eb frik\u00eb edhe p\u00ebr Pilurin q\u00eb rrezikon nga drejtimi i er\u00ebs q\u00eb mundet t\u00eb ndryshoi\u00a0 drejtim.<\/p>\n<p>Zjarri ne keto momente (ora 01, dt 5) po i afrohet Potamit. Situat\u00eb e frikshme.<\/p>\n<div id=\"attachment_106048\" style=\"width: 659px\" class=\"wp-caption alignnone\"><img data-recalc-dims=\"1\" loading=\"lazy\" decoding=\"async\" aria-describedby=\"caption-attachment-106048\" data-attachment-id=\"106048\" data-permalink=\"https:\/\/www.shqiperia.com\/blog\/himare-edhe-piluri-ne-shpresen-qe-te-mos-nderroi-drejtim-era\/himare\/\" data-orig-file=\"https:\/\/i0.wp.com\/www.shqiperia.com\/blog\/wp-content\/uploads\/2026\/09\/Himare.webp?fit=474%2C459&amp;ssl=1\" data-orig-size=\"474,459\" data-comments-opened=\"1\" data-image-meta=\"{&quot;aperture&quot;:&quot;0&quot;,&quot;credit&quot;:&quot;&quot;,&quot;camera&quot;:&quot;&quot;,&quot;caption&quot;:&quot;&quot;,&quot;created_timestamp&quot;:&quot;0&quot;,&quot;copyright&quot;:&quot;&quot;,&quot;focal_length&quot;:&quot;0&quot;,&quot;iso&quot;:&quot;0&quot;,&quot;shutter_speed&quot;:&quot;0&quot;,&quot;title&quot;:&quot;&quot;,&quot;orientation&quot;:&quot;0&quot;}\" data-image-title=\"Himar\u00eb, 5 Shtator 2026\" data-image-description=\"\" data-image-caption=\"&lt;p&gt;Himar\u00eb, 5 Shtator 2026&lt;\/p&gt;\n\" data-medium-file=\"https:\/\/i0.wp.com\/www.shqiperia.com\/blog\/wp-content\/uploads\/2026\/09\/Himare.webp?fit=300%2C291&amp;ssl=1\" data-large-file=\"https:\/\/i0.wp.com\/www.shqiperia.com\/blog\/wp-content\/uploads\/2026\/09\/Himare.webp?fit=474%2C459&amp;ssl=1\" class=\" wp-image-106048\" alt=\"\" src=\"https:\/\/i0.wp.com\/www.shqiperia.com\/blog\/wp-content\/uploads\/2026\/09\/Himare.webp?resize=649%2C630&#038;ssl=1\" width=\"649\" height=\"630\" srcset=\"https:\/\/i0.wp.com\/www.shqiperia.com\/blog\/wp-content\/uploads\/2026\/09\/Himare.webp?resize=300%2C291&amp;ssl=1 300w, https:\/\/i0.wp.com\/www.shqiperia.com\/blog\/wp-content\/uploads\/2026\/09\/Himare.webp?resize=450%2C436&amp;ssl=1 450w, https:\/\/i0.wp.com\/www.shqiperia.com\/blog\/wp-content\/uploads\/2026\/09\/Himare.webp?resize=50%2C50&amp;ssl=1 50w, https:\/\/i0.wp.com\/www.shqiperia.com\/blog\/wp-content\/uploads\/2026\/09\/Himare.webp?resize=400%2C387&amp;ssl=1 400w, https:\/\/i0.wp.com\/www.shqiperia.com\/blog\/wp-content\/uploads\/2026\/09\/Himare.webp?w=474&amp;ssl=1 474w\" sizes=\"auto, (max-width: 649px) 100vw, 649px\" \/><p id=\"caption-attachment-106048\" class=\"wp-caption-text\">Himar\u00eb, 5 Shtator 2026<\/p><\/div>\n","protected":false},"excerpt":{"rendered":"<p>5 Shtator 2026. Sipas gazetarit t\u00eb Szri tv t\u00eb or\u00ebs 01, njofton se banor\u00ebt kan\u00eb frik\u00eb edhe p\u00ebr Pilurin q\u00eb rrezikon nga drejtimi i er\u00ebs q\u00eb mundet t\u00eb ndryshoi\u00a0 drejtim. Zjarri ne keto momente (ora 01, dt 5) po i afrohet Potamit. Situat\u00eb e frikshme.<\/p>\n","protected":false},"author":9,"featured_media":106048,"comment_status":"open","ping_status":"open","sticky":false,"template":"","format":"standard","meta":{"jetpack_post_was_ever_published":false,"_jetpack_newsletter_access":"","_jetpack_dont_email_post_to_subs":false,"_jetpack_newsletter_tier_id":0,"_jetpack_memberships_contains_paywalled_content":false,"_jetpack_memberships_contains_paid_content":false,"footnotes":"","jetpack_publicize_message":"","jetpack_publicize_feature_enabled":true,"jetpack_social_post_already_shared":true,"jetpack_social_options":{"image_generator_settings":{"template":"highway","default_image_id":0,"font":"","enabled":false},"version":2}},"categories":[27,1,35],"tags":[],"class_list":["post-106046","post","type-post","status-publish","format-standard","has-post-thumbnail","hentry","category-blogu-i-udhetarit","category-njoftime-shtypi","category-shoqerore"],"jetpack_publicize_connections":[],"jetpack_featured_media_url":"https:\/\/i0.wp.com\/www.shqiperia.com\/blog\/wp-content\/uploads\/2026\/09\/Himare.webp?fit=474%2C459&ssl=1","jetpack_sharing_enabled":true,"jetpack_shortlink":"https:\/\/wp.me\/p5Z6wp-rAq","jetpack-related-posts":[{"id":106018,"url":"https:\/\/www.shqiperia.com\/blog\/lajme-katastrofe-ku-po-shkojme-zjarri-apokaliptik-ne-himare-po-perhapet-me-shpejtesi-bashkia-thirrje-banoreve-dhe-turisteve-largohuni-nga-zonat-me-rrezik\/","url_meta":{"origin":106046,"position":0},"title":"Lajme katastrofe, Ku po shkojm\u00eb. &#8211; Zjarri apokaliptik n\u00eb Himar\u00eb po p\u00ebrhapet me shpejt\u00ebsi, bashkia thirrje banor\u00ebve dhe turist\u00ebve: Largohuni nga zonat me rrezik","author":"Kurt Farka","date":"September 4, 2026","format":false,"excerpt":"4 Shtator 2026 Zjarri n\u00eb Himar\u00eb po merr p\u00ebrmasa t\u00eb frikshme dhe po p\u00ebrhapet me shpejt\u00ebsi n\u00eb zonat e banuara. Si\u00e7 ka raportuar edhe m\u00eb her\u00ebt korrespondenti i Top Channel Mikel Marsi, nj\u00eb banes\u00eb \u00ebsht\u00eb shkrumbuar nd\u00ebrsa rrezikohen m\u00eb shum\u00eb se 40 sht\u00ebpi dhe hotele. Bashkia e Himar\u00ebs ka dal\u00eb\u2026","rel":"","context":"In &quot;Blogu i Udh\u00ebtarit&quot;","block_context":{"text":"Blogu i Udh\u00ebtarit","link":"https:\/\/www.shqiperia.com\/blog\/category\/blogu-i-udhetarit\/"},"img":{"alt_text":"","src":"https:\/\/i0.wp.com\/www.shqiperia.com\/blog\/wp-content\/uploads\/2026\/09\/Zjarri-ne-Himare-4-Shtator-2026.webp?fit=1200%2C675&ssl=1&resize=350%2C200","width":350,"height":200,"srcset":"https:\/\/i0.wp.com\/www.shqiperia.com\/blog\/wp-content\/uploads\/2026\/09\/Zjarri-ne-Himare-4-Shtator-2026.webp?fit=1200%2C675&ssl=1&resize=350%2C200 1x, https:\/\/i0.wp.com\/www.shqiperia.com\/blog\/wp-content\/uploads\/2026\/09\/Zjarri-ne-Himare-4-Shtator-2026.webp?fit=1200%2C675&ssl=1&resize=525%2C300 1.5x, https:\/\/i0.wp.com\/www.shqiperia.com\/blog\/wp-content\/uploads\/2026\/09\/Zjarri-ne-Himare-4-Shtator-2026.webp?fit=1200%2C675&ssl=1&resize=700%2C400 2x, https:\/\/i0.wp.com\/www.shqiperia.com\/blog\/wp-content\/uploads\/2026\/09\/Zjarri-ne-Himare-4-Shtator-2026.webp?fit=1200%2C675&ssl=1&resize=1050%2C600 3x"},"classes":[]},{"id":106033,"url":"https:\/\/www.shqiperia.com\/blog\/zjarret-ne-himare-kryebashkiaku-vangjel-tavo-thirrje-per-banoret-largohuni-nga-zonat-e-rrezikuara\/","url_meta":{"origin":106046,"position":1},"title":"Zjarret n\u00eb Himar\u00eb, kryebashkiaku Vangjel Tavo thirrje p\u00ebr banor\u00ebt: &#8211; Largohuni nga zonat e rrezikuara","author":"Kurt Farka","date":"September 4, 2026","format":false,"excerpt":"\u00a04 Shtator 2026 Situata e r\u00ebnd\u00eb zjarri \u00ebsht\u00eb raportuar n\u00eb zon\u00ebn e Himar\u00ebs, me flak\u00ebt q\u00eb po p\u00ebrparojn\u00eb n\u00eb drejtim t\u00eb zonave t\u00eb banuara. P\u00ebr shkak t\u00eb rrezikut t\u00eb p\u00ebrhapjes s\u00eb zjarrit, banor\u00ebve u \u00ebsht\u00eb b\u00ebr\u00eb thirrje urgjente t\u00eb largohen nga banesat, bizneset apo ambientet e tjera q\u00eb mund t\u00eb\u2026","rel":"","context":"In &quot;Blogu i Udh\u00ebtarit&quot;","block_context":{"text":"Blogu i Udh\u00ebtarit","link":"https:\/\/www.shqiperia.com\/blog\/category\/blogu-i-udhetarit\/"},"img":{"alt_text":"","src":"https:\/\/i0.wp.com\/www.shqiperia.com\/blog\/wp-content\/uploads\/2026\/09\/zjarret-tavoooooooo.jpg?fit=800%2C400&ssl=1&resize=350%2C200","width":350,"height":200,"srcset":"https:\/\/i0.wp.com\/www.shqiperia.com\/blog\/wp-content\/uploads\/2026\/09\/zjarret-tavoooooooo.jpg?fit=800%2C400&ssl=1&resize=350%2C200 1x, https:\/\/i0.wp.com\/www.shqiperia.com\/blog\/wp-content\/uploads\/2026\/09\/zjarret-tavoooooooo.jpg?fit=800%2C400&ssl=1&resize=525%2C300 1.5x, https:\/\/i0.wp.com\/www.shqiperia.com\/blog\/wp-content\/uploads\/2026\/09\/zjarret-tavoooooooo.jpg?fit=800%2C400&ssl=1&resize=700%2C400 2x"},"classes":[]},{"id":106043,"url":"https:\/\/www.shqiperia.com\/blog\/perkeqesohet-situata-ne-himare-digjen-2-banesa-shume-te-tjera-ne-rrezik\/","url_meta":{"origin":106046,"position":2},"title":"P\u00ebrkeq\u00ebsohet situata n\u00eb Himar\u00eb, digjen 2 banesa, shum\u00eb t\u00eb tjera n\u00eb rrezik","author":"Kurt Farka","date":"September 5, 2026","format":false,"excerpt":"5 Shtator 2026, ora 00:23 Situata nga zjarri n\u00eb Himar\u00eb vijon t\u00eb p\u00ebrkeq\u00ebsohet, nd\u00ebrsa flak\u00ebt po p\u00ebrhapen me shpejt\u00ebsi n\u00eb zon\u00eb. Deri m\u00eb tani raportohet se jan\u00eb djegur dy banesa, nd\u00ebrsa rrezikohen edhe rreth 40 t\u00eb tjera. Forcat zjarrfik\u00ebse\u00a0vijojn\u00eb luft\u00ebn me flak\u00ebt n\u00eb terren, nd\u00ebrsa situata paraqitet e v\u00ebshtir\u00eb p\u00ebr\u2026","rel":"","context":"In &quot;Blogu i Udh\u00ebtarit&quot;","block_context":{"text":"Blogu i Udh\u00ebtarit","link":"https:\/\/www.shqiperia.com\/blog\/category\/blogu-i-udhetarit\/"},"img":{"alt_text":"","src":"https:\/\/i0.wp.com\/www.shqiperia.com\/blog\/wp-content\/uploads\/2026\/09\/auto_IMG_33361788560704.jpeg?fit=900%2C507&ssl=1&resize=350%2C200","width":350,"height":200,"srcset":"https:\/\/i0.wp.com\/www.shqiperia.com\/blog\/wp-content\/uploads\/2026\/09\/auto_IMG_33361788560704.jpeg?fit=900%2C507&ssl=1&resize=350%2C200 1x, https:\/\/i0.wp.com\/www.shqiperia.com\/blog\/wp-content\/uploads\/2026\/09\/auto_IMG_33361788560704.jpeg?fit=900%2C507&ssl=1&resize=525%2C300 1.5x, https:\/\/i0.wp.com\/www.shqiperia.com\/blog\/wp-content\/uploads\/2026\/09\/auto_IMG_33361788560704.jpeg?fit=900%2C507&ssl=1&resize=700%2C400 2x"},"classes":[]},{"id":106025,"url":"https:\/\/www.shqiperia.com\/blog\/shkrumbohet-nje-banese-nga-flaket-e-medha-ne-himare\/","url_meta":{"origin":106046,"position":3},"title":"P\u00ebrkeq\u00ebsohet situata nga zjarri n\u00eb Himar\u00eb, digjen 2 banesa, rrezikohen 40 t\u00eb tjera, banor\u00ebt k\u00ebrkojn\u00eb ndihm\u00eb","author":"Kurt Farka","date":"September 4, 2026","format":false,"excerpt":"4 Shtator 2026 Kjo \u00ebsht\u00eb nj\u00eb nga banesat e p\u00ebrfshira nga zjarri i fuqish\u00ebm n\u00eb Himar\u00eb. Banesa \u00ebsht\u00eb p\u00ebrfshir\u00eb e gjitha nga flak\u00ebt dhe \u00ebsht\u00eb shkrumbuar plot\u00ebsisht. Situata paraqitet e v\u00ebshtir\u00eb p\u00ebr zjarrfik\u00ebsit, t\u00eb cil\u00ebt vijojn\u00eb t\u00eb jen\u00eb n\u00eb terren, duke punuar p\u00ebr shuarjen dhe izolimin e flak\u00ebve, me q\u00ebllim\u2026","rel":"","context":"In &quot;Blogu i Udh\u00ebtarit&quot;","block_context":{"text":"Blogu i Udh\u00ebtarit","link":"https:\/\/www.shqiperia.com\/blog\/category\/blogu-i-udhetarit\/"},"img":{"alt_text":"","src":"https:\/\/i0.wp.com\/www.shqiperia.com\/blog\/wp-content\/uploads\/2026\/09\/800-0-6a9b3c2ac6573.jpg?fit=800%2C450&ssl=1&resize=350%2C200","width":350,"height":200,"srcset":"https:\/\/i0.wp.com\/www.shqiperia.com\/blog\/wp-content\/uploads\/2026\/09\/800-0-6a9b3c2ac6573.jpg?fit=800%2C450&ssl=1&resize=350%2C200 1x, https:\/\/i0.wp.com\/www.shqiperia.com\/blog\/wp-content\/uploads\/2026\/09\/800-0-6a9b3c2ac6573.jpg?fit=800%2C450&ssl=1&resize=525%2C300 1.5x, https:\/\/i0.wp.com\/www.shqiperia.com\/blog\/wp-content\/uploads\/2026\/09\/800-0-6a9b3c2ac6573.jpg?fit=800%2C450&ssl=1&resize=700%2C400 2x"},"classes":[]},{"id":105953,"url":"https:\/\/www.shqiperia.com\/blog\/mishi-i-brazilit-qe-bllokoi-evropa-do-ushqeje-shqiptaret-edhe-pas-3-shtatorit-skema-se-si-po-mbushen-magazinat\/","url_meta":{"origin":106046,"position":4},"title":"Mishi i Brazilit q\u00eb bllokoi Evropa do \u201cushqej\u00eb\u201d shqiptar\u00ebt edhe pas 3 shtatorit. Skema se si po mbushen magazinat","author":"Kurt Farka","date":"September 4, 2026","format":false,"excerpt":"4 Shtator 2026 Nga Alketa \u00c7eku Pas dat\u00ebs 3 shtator, Shqip\u00ebria ndaloi\u00a0 zyrtarisht importin e mishit t\u00eb gjedhit dhe shpend\u00ebve nga Brazili. Ky vendim u mor pasi Bashkimi Evropian i mbylli dyert mishit brazilian, p\u00ebr shkak t\u00eb p\u00ebrdorimit pa kontroll t\u00eb antibiotik\u00ebve,q\u00eb sh\u00ebrbejn\u00eb si nxit\u00ebs t\u2019u shtuar kafsh\u00ebve mas\u00ebn muskulare.\u2026","rel":"","context":"In &quot;Blogu i Udh\u00ebtarit&quot;","block_context":{"text":"Blogu i Udh\u00ebtarit","link":"https:\/\/www.shqiperia.com\/blog\/category\/blogu-i-udhetarit\/"},"img":{"alt_text":"","src":"https:\/\/i0.wp.com\/www.shqiperia.com\/blog\/wp-content\/uploads\/2026\/09\/600-388-whatsapp-image-2026-09-04-at-102929-1788510600.jpeg?fit=600%2C388&ssl=1&resize=350%2C200","width":350,"height":200,"srcset":"https:\/\/i0.wp.com\/www.shqiperia.com\/blog\/wp-content\/uploads\/2026\/09\/600-388-whatsapp-image-2026-09-04-at-102929-1788510600.jpeg?fit=600%2C388&ssl=1&resize=350%2C200 1x, https:\/\/i0.wp.com\/www.shqiperia.com\/blog\/wp-content\/uploads\/2026\/09\/600-388-whatsapp-image-2026-09-04-at-102929-1788510600.jpeg?fit=600%2C388&ssl=1&resize=525%2C300 1.5x"},"classes":[]},{"id":102918,"url":"https:\/\/www.shqiperia.com\/blog\/auron-tare-shpella-e-ciklopit-ne-himare-mes-filmit-te-nolan-dhe-lavazhit-te-makinave\/","url_meta":{"origin":106046,"position":5},"title":"Auron Tare: &#8211; Shpella e Ciklopit n\u00eb Himar\u00eb, mes filmit t\u00eb Nolan dhe lavazhit t\u00eb makinave","author":"Kurt Farka","date":"July 19, 2026","format":false,"excerpt":"19 Korrik 2026 Nga Auron Tare Shfaqja e filmit \u201cOdiseu\u201d nga regjisori Christopher Nolan ka hapur nj\u00eb debat t\u00eb gjer\u00eb n\u00eb t\u00eb dy an\u00ebt e Atlantikut mbi nj\u00eb nga veprat m\u00eb identifikuese t\u00eb let\u00ebrsis\u00eb bot\u00ebrore \u201cOdisea\u201d e Homerit. N\u00eb podcast-et m\u00eb t\u00eb njohura, studiues dhe ekspert\u00eb me fam\u00eb bot\u00ebrore kan\u00eb\u2026","rel":"","context":"In &quot;Blogu i Udh\u00ebtarit&quot;","block_context":{"text":"Blogu i Udh\u00ebtarit","link":"https:\/\/www.shqiperia.com\/blog\/category\/blogu-i-udhetarit\/"},"img":{"alt_text":"","src":"https:\/\/i0.wp.com\/www.shqiperia.com\/blog\/wp-content\/uploads\/2026\/07\/WhatsApp-Image-2026-07-19-at-11.08.08.jpeg?fit=780%2C440&ssl=1&resize=350%2C200","width":350,"height":200,"srcset":"https:\/\/i0.wp.com\/www.shqiperia.com\/blog\/wp-content\/uploads\/2026\/07\/WhatsApp-Image-2026-07-19-at-11.08.08.jpeg?fit=780%2C440&ssl=1&resize=350%2C200 1x, https:\/\/i0.wp.com\/www.shqiperia.com\/blog\/wp-content\/uploads\/2026\/07\/WhatsApp-Image-2026-07-19-at-11.08.08.jpeg?fit=780%2C440&ssl=1&resize=525%2C300 1.5x, https:\/\/i0.wp.com\/www.shqiperia.com\/blog\/wp-content\/uploads\/2026\/07\/WhatsApp-Image-2026-07-19-at-11.08.08.jpeg?fit=780%2C440&ssl=1&resize=700%2C400 2x"},"classes":[]}],"_links":{"self":[{"href":"https:\/\/www.shqiperia.com\/blog\/wp-json\/wp\/v2\/posts\/106046","targetHints":{"allow":["GET"]}}],"collection":[{"href":"https:\/\/www.shqiperia.com\/blog\/wp-json\/wp\/v2\/posts"}],"about":[{"href":"https:\/\/www.shqiperia.com\/blog\/wp-json\/wp\/v2\/types\/post"}],"author":[{"embeddable":true,"href":"https:\/\/www.shqiperia.com\/blog\/wp-json\/wp\/v2\/users\/9"}],"replies":[{"embeddable":true,"href":"https:\/\/www.shqiperia.com\/blog\/wp-json\/wp\/v2\/comments?post=106046"}],"version-history":[{"count":3,"href":"https:\/\/www.shqiperia.com\/blog\/wp-json\/wp\/v2\/posts\/106046\/revisions"}],"predecessor-version":[{"id":106054,"href":"https:\/\/www.shqiperia.com\/blog\/wp-json\/wp\/v2\/posts\/106046\/revisions\/106054"}],"wp:featuredmedia":[{"embeddable":true,"href":"https:\/\/www.shqiperia.com\/blog\/wp-json\/wp\/v2\/media\/106048"}],"wp:attachment":[{"href":"https:\/\/www.shqiperia.com\/blog\/wp-json\/wp\/v2\/media?parent=106046"}],"wp:term":[{"taxonomy":"category","embeddable":true,"href":"https:\/\/www.shqiperia.com\/blog\/wp-json\/wp\/v2\/categories?post=106046"},{"taxonomy":"post_tag","embeddable":true,"href":"https:\/\/www.shqiperia.com\/blog\/wp-json\/wp\/v2\/tags?post=106046"}],"curies":[{"name":"wp","href":"https:\/\/api.w.org\/{rel}","templated":true}]}}