{"id":106039,"date":"2026-09-04T22:29:20","date_gmt":"2026-09-04T22:29:20","guid":{"rendered":"https:\/\/www.shqiperia.com\/blog\/?p=106039"},"modified":"2026-09-04T22:29:33","modified_gmt":"2026-09-04T22:29:33","slug":"foto-e-oreve-te-findit-nga-himara","status":"publish","type":"post","link":"https:\/\/www.shqiperia.com\/blog\/foto-e-oreve-te-findit-nga-himara\/","title":{"rendered":"Foto e or\u00ebve t\u00eb findit nga Himara"},"content":{"rendered":"<p><img data-recalc-dims=\"1\" loading=\"lazy\" decoding=\"async\" data-attachment-id=\"106040\" data-permalink=\"https:\/\/www.shqiperia.com\/blog\/foto-e-oreve-te-findit-nga-himara\/797783825_2147290959551381_2843177629286655742_n\/\" data-orig-file=\"https:\/\/i0.wp.com\/www.shqiperia.com\/blog\/wp-content\/uploads\/2026\/09\/797783825_2147290959551381_2843177629286655742_n.jpg?fit=1280%2C720&amp;ssl=1\" data-orig-size=\"1280,720\" data-comments-opened=\"1\" data-image-meta=\"{&quot;aperture&quot;:&quot;0&quot;,&quot;credit&quot;:&quot;&quot;,&quot;camera&quot;:&quot;&quot;,&quot;caption&quot;:&quot;&quot;,&quot;created_timestamp&quot;:&quot;0&quot;,&quot;copyright&quot;:&quot;&quot;,&quot;focal_length&quot;:&quot;0&quot;,&quot;iso&quot;:&quot;0&quot;,&quot;shutter_speed&quot;:&quot;0&quot;,&quot;title&quot;:&quot;&quot;,&quot;orientation&quot;:&quot;0&quot;}\" data-image-title=\"797783825_2147290959551381_2843177629286655742_n\" data-image-description=\"\" data-image-caption=\"\" data-medium-file=\"https:\/\/i0.wp.com\/www.shqiperia.com\/blog\/wp-content\/uploads\/2026\/09\/797783825_2147290959551381_2843177629286655742_n.jpg?fit=300%2C169&amp;ssl=1\" data-large-file=\"https:\/\/i0.wp.com\/www.shqiperia.com\/blog\/wp-content\/uploads\/2026\/09\/797783825_2147290959551381_2843177629286655742_n.jpg?fit=1024%2C576&amp;ssl=1\" class=\"alignnone wp-image-106040\" alt=\"\" src=\"https:\/\/i0.wp.com\/www.shqiperia.com\/blog\/wp-content\/uploads\/2026\/09\/797783825_2147290959551381_2843177629286655742_n.jpg?resize=524%2C295&#038;ssl=1\" width=\"524\" height=\"295\" srcset=\"https:\/\/i0.wp.com\/www.shqiperia.com\/blog\/wp-content\/uploads\/2026\/09\/797783825_2147290959551381_2843177629286655742_n.jpg?resize=300%2C169&amp;ssl=1 300w, https:\/\/i0.wp.com\/www.shqiperia.com\/blog\/wp-content\/uploads\/2026\/09\/797783825_2147290959551381_2843177629286655742_n.jpg?resize=1024%2C576&amp;ssl=1 1024w, https:\/\/i0.wp.com\/www.shqiperia.com\/blog\/wp-content\/uploads\/2026\/09\/797783825_2147290959551381_2843177629286655742_n.jpg?resize=768%2C432&amp;ssl=1 768w, https:\/\/i0.wp.com\/www.shqiperia.com\/blog\/wp-content\/uploads\/2026\/09\/797783825_2147290959551381_2843177629286655742_n.jpg?resize=450%2C253&amp;ssl=1 450w, https:\/\/i0.wp.com\/www.shqiperia.com\/blog\/wp-content\/uploads\/2026\/09\/797783825_2147290959551381_2843177629286655742_n.jpg?resize=600%2C338&amp;ssl=1 600w, https:\/\/i0.wp.com\/www.shqiperia.com\/blog\/wp-content\/uploads\/2026\/09\/797783825_2147290959551381_2843177629286655742_n.jpg?resize=400%2C225&amp;ssl=1 400w, https:\/\/i0.wp.com\/www.shqiperia.com\/blog\/wp-content\/uploads\/2026\/09\/797783825_2147290959551381_2843177629286655742_n.jpg?w=1280&amp;ssl=1 1280w\" sizes=\"auto, (max-width: 524px) 100vw, 524px\" \/><\/p>\n<p>4 Shtator 2026<\/p>\n<p>Foto e or\u00ebve t\u00eb findit nga Himara.<\/p>\n<p><img data-recalc-dims=\"1\" loading=\"lazy\" decoding=\"async\" data-attachment-id=\"106040\" data-permalink=\"https:\/\/www.shqiperia.com\/blog\/foto-e-oreve-te-findit-nga-himara\/797783825_2147290959551381_2843177629286655742_n\/\" data-orig-file=\"https:\/\/i0.wp.com\/www.shqiperia.com\/blog\/wp-content\/uploads\/2026\/09\/797783825_2147290959551381_2843177629286655742_n.jpg?fit=1280%2C720&amp;ssl=1\" data-orig-size=\"1280,720\" data-comments-opened=\"1\" data-image-meta=\"{&quot;aperture&quot;:&quot;0&quot;,&quot;credit&quot;:&quot;&quot;,&quot;camera&quot;:&quot;&quot;,&quot;caption&quot;:&quot;&quot;,&quot;created_timestamp&quot;:&quot;0&quot;,&quot;copyright&quot;:&quot;&quot;,&quot;focal_length&quot;:&quot;0&quot;,&quot;iso&quot;:&quot;0&quot;,&quot;shutter_speed&quot;:&quot;0&quot;,&quot;title&quot;:&quot;&quot;,&quot;orientation&quot;:&quot;0&quot;}\" data-image-title=\"797783825_2147290959551381_2843177629286655742_n\" data-image-description=\"\" data-image-caption=\"\" data-medium-file=\"https:\/\/i0.wp.com\/www.shqiperia.com\/blog\/wp-content\/uploads\/2026\/09\/797783825_2147290959551381_2843177629286655742_n.jpg?fit=300%2C169&amp;ssl=1\" data-large-file=\"https:\/\/i0.wp.com\/www.shqiperia.com\/blog\/wp-content\/uploads\/2026\/09\/797783825_2147290959551381_2843177629286655742_n.jpg?fit=1024%2C576&amp;ssl=1\" class=\"alignnone wp-image-106040\" alt=\"\" src=\"https:\/\/i0.wp.com\/www.shqiperia.com\/blog\/wp-content\/uploads\/2026\/09\/797783825_2147290959551381_2843177629286655742_n.jpg?resize=818%2C461&#038;ssl=1\" width=\"818\" height=\"461\" srcset=\"https:\/\/i0.wp.com\/www.shqiperia.com\/blog\/wp-content\/uploads\/2026\/09\/797783825_2147290959551381_2843177629286655742_n.jpg?resize=300%2C169&amp;ssl=1 300w, https:\/\/i0.wp.com\/www.shqiperia.com\/blog\/wp-content\/uploads\/2026\/09\/797783825_2147290959551381_2843177629286655742_n.jpg?resize=1024%2C576&amp;ssl=1 1024w, https:\/\/i0.wp.com\/www.shqiperia.com\/blog\/wp-content\/uploads\/2026\/09\/797783825_2147290959551381_2843177629286655742_n.jpg?resize=768%2C432&amp;ssl=1 768w, https:\/\/i0.wp.com\/www.shqiperia.com\/blog\/wp-content\/uploads\/2026\/09\/797783825_2147290959551381_2843177629286655742_n.jpg?resize=450%2C253&amp;ssl=1 450w, https:\/\/i0.wp.com\/www.shqiperia.com\/blog\/wp-content\/uploads\/2026\/09\/797783825_2147290959551381_2843177629286655742_n.jpg?resize=600%2C338&amp;ssl=1 600w, https:\/\/i0.wp.com\/www.shqiperia.com\/blog\/wp-content\/uploads\/2026\/09\/797783825_2147290959551381_2843177629286655742_n.jpg?resize=400%2C225&amp;ssl=1 400w, https:\/\/i0.wp.com\/www.shqiperia.com\/blog\/wp-content\/uploads\/2026\/09\/797783825_2147290959551381_2843177629286655742_n.jpg?w=1280&amp;ssl=1 1280w\" sizes=\"auto, (max-width: 818px) 100vw, 818px\" \/><\/p>\n","protected":false},"excerpt":{"rendered":"<p>4 Shtator 2026 Foto e or\u00ebve t\u00eb findit nga Himara.<\/p>\n","protected":false},"author":9,"featured_media":106040,"comment_status":"open","ping_status":"open","sticky":false,"template":"","format":"standard","meta":{"jetpack_post_was_ever_published":false,"_jetpack_newsletter_access":"","_jetpack_dont_email_post_to_subs":false,"_jetpack_newsletter_tier_id":0,"_jetpack_memberships_contains_paywalled_content":false,"_jetpack_memberships_contains_paid_content":false,"footnotes":"","jetpack_publicize_message":"","jetpack_publicize_feature_enabled":true,"jetpack_social_post_already_shared":true,"jetpack_social_options":{"image_generator_settings":{"template":"highway","default_image_id":0,"font":"","enabled":false},"version":2}},"categories":[27,1,35],"tags":[],"class_list":["post-106039","post","type-post","status-publish","format-standard","has-post-thumbnail","hentry","category-blogu-i-udhetarit","category-njoftime-shtypi","category-shoqerore"],"jetpack_publicize_connections":[],"jetpack_featured_media_url":"https:\/\/i0.wp.com\/www.shqiperia.com\/blog\/wp-content\/uploads\/2026\/09\/797783825_2147290959551381_2843177629286655742_n.jpg?fit=1280%2C720&ssl=1","jetpack_sharing_enabled":true,"jetpack_shortlink":"https:\/\/wp.me\/p5Z6wp-rAj","jetpack-related-posts":[{"id":105491,"url":"https:\/\/www.shqiperia.com\/blog\/termeti-ne-himare-nuk-ka-patur-deme\/","url_meta":{"origin":106039,"position":0},"title":"Termeti ne Himare nuk ka patur d\u00ebme.","author":"Kurt Farka","date":"August 30, 2026","format":false,"excerpt":"30 Gusht 2026 L\u00ebkundje t\u00eb forta t\u00ebrmeti jan\u00eb sh\u00ebnuar pak m\u00eb par\u00eb n\u00eb jug t\u00eb vendit, rreth or\u00ebs 00:40. Epiqendra ka qen\u00eb 6 kilometra nga Himara, me magnitud\u00eb 4.5 ball\u00eb i shkall\u00ebs rihter n\u00eb raportimet e para. Thell\u00ebsia \u00ebsht\u00eb regjistruar 5 kilometra. L\u00ebkundjet e forta jan\u00eb ndjer\u00eb n\u00eb disa qytete\u2026","rel":"","context":"In &quot;Blogu i Udh\u00ebtarit&quot;","block_context":{"text":"Blogu i Udh\u00ebtarit","link":"https:\/\/www.shqiperia.com\/blog\/category\/blogu-i-udhetarit\/"},"img":{"alt_text":"","src":"https:\/\/i0.wp.com\/www.shqiperia.com\/blog\/wp-content\/uploads\/2026\/08\/Qyteti-i-vjeter-i-Himares.webp?fit=474%2C266&ssl=1&resize=350%2C200","width":350,"height":200},"classes":[]},{"id":102133,"url":"https:\/\/www.shqiperia.com\/blog\/shqiperia-ne-prag-vendosje-te-gjendjes-se-jashtezakonshme\/","url_meta":{"origin":106039,"position":1},"title":"Shqiperia ne prag vendosje te Gjendjes se Jashtezakonshme.","author":"Kurt Farka","date":"July 2, 2026","format":false,"excerpt":"2 Korrik 2026 Parlamenti vepron ne gjendje shteterrethimi. Filloi sot\u00a0 shteterrethimii tek punimet e Parlamentit ku shume deputete u detyruan te paraqiten ne parlament 1 ore e gjysme perpara orarit. Kurse gjate ketyre oreve kur pritet te filloj seanca, Parlamenti u mor ne mbrojtje nga Policia e Shtetit. Pra parlamenti\u2026","rel":"","context":"In &quot;Blogu i Udh\u00ebtarit&quot;","block_context":{"text":"Blogu i Udh\u00ebtarit","link":"https:\/\/www.shqiperia.com\/blog\/category\/blogu-i-udhetarit\/"},"img":{"alt_text":"","src":"https:\/\/i0.wp.com\/www.shqiperia.com\/blog\/wp-content\/uploads\/2026\/07\/1200-630-1770748563xparlamenti-678.jpg?fit=1200%2C630&ssl=1&resize=350%2C200","width":350,"height":200,"srcset":"https:\/\/i0.wp.com\/www.shqiperia.com\/blog\/wp-content\/uploads\/2026\/07\/1200-630-1770748563xparlamenti-678.jpg?fit=1200%2C630&ssl=1&resize=350%2C200 1x, https:\/\/i0.wp.com\/www.shqiperia.com\/blog\/wp-content\/uploads\/2026\/07\/1200-630-1770748563xparlamenti-678.jpg?fit=1200%2C630&ssl=1&resize=525%2C300 1.5x, https:\/\/i0.wp.com\/www.shqiperia.com\/blog\/wp-content\/uploads\/2026\/07\/1200-630-1770748563xparlamenti-678.jpg?fit=1200%2C630&ssl=1&resize=700%2C400 2x, https:\/\/i0.wp.com\/www.shqiperia.com\/blog\/wp-content\/uploads\/2026\/07\/1200-630-1770748563xparlamenti-678.jpg?fit=1200%2C630&ssl=1&resize=1050%2C600 3x"},"classes":[]},{"id":105384,"url":"https:\/\/www.shqiperia.com\/blog\/vera-zgjatet-edhe-ne-shtator-temperaturat-mbeten-te-larta-termometri-pritet-te-arrije-deri-ne-42c\/","url_meta":{"origin":106039,"position":2},"title":"Vera zgjatet edhe n\u00eb shtator\/ Temperaturat mbeten t\u00eb larta, termometri pritet t\u00eb arrij\u00eb deri n\u00eb 42\u00b0C","author":"Kurt Farka","date":"August 28, 2026","format":false,"excerpt":"28 Gusht 2026 Vera duket se do t\u00eb zgjas\u00eb edhe n\u00eb dit\u00ebt e para t\u00eb shtatorit, me temperatura t\u00eb larta q\u00eb pritet t\u00eb vijojn\u00eb edhe gjat\u00eb jav\u00ebs s\u00eb ardhshme. Sinoptikania Elida Malo\u00e7ali, n\u00eb nj\u00eb lidhje t\u00eb drejtp\u00ebrdrejt\u00eb n\u00eb nj\u00eb studio televizive, dha parashikimin e motit p\u00ebr fundjav\u00ebn dhe dit\u00ebt n\u00eb\u2026","rel":"","context":"In &quot;Blogu i Udh\u00ebtarit&quot;","block_context":{"text":"Blogu i Udh\u00ebtarit","link":"https:\/\/www.shqiperia.com\/blog\/category\/blogu-i-udhetarit\/"},"img":{"alt_text":"","src":"https:\/\/i0.wp.com\/www.shqiperia.com\/blog\/wp-content\/uploads\/2026\/08\/640-0-greqi-vape-1724171595.webp?fit=640%2C428&ssl=1&resize=350%2C200","width":350,"height":200,"srcset":"https:\/\/i0.wp.com\/www.shqiperia.com\/blog\/wp-content\/uploads\/2026\/08\/640-0-greqi-vape-1724171595.webp?fit=640%2C428&ssl=1&resize=350%2C200 1x, https:\/\/i0.wp.com\/www.shqiperia.com\/blog\/wp-content\/uploads\/2026\/08\/640-0-greqi-vape-1724171595.webp?fit=640%2C428&ssl=1&resize=525%2C300 1.5x"},"classes":[]},{"id":105985,"url":"https:\/\/www.shqiperia.com\/blog\/zjarri-po-perparon-drejt-tiranes-flaket-ne-nikel-te-krujes-aulon-kalaja-kerkohet-nderhyrje-urgjente-nga-ajri\/","url_meta":{"origin":106039,"position":3},"title":"\u201cZjarri po p\u00ebrparon drejt Tiran\u00ebs\u201d\/ Flak\u00ebt n\u00eb Nik\u00ebl t\u00eb Kruj\u00ebs, Aulon Kalaja: &#8211; K\u00ebrkohet nd\u00ebrhyrje urgjente nga ajri","author":"Kurt Farka","date":"September 4, 2026","format":false,"excerpt":"4 Shtator 2026 Nj\u00eb zjarr masiv ka p\u00ebrfshir\u00eb prej or\u00ebve t\u00eb m\u00ebngjesit fshatrat e nj\u00ebsis\u00eb administrative Nik\u00ebl n\u00eb Bashkin\u00eb e Kruj\u00ebs, duke krijuar nj\u00eb situat\u00eb kritike p\u00ebr shkak t\u00eb af\u00ebrsis\u00eb me zonat e banuara. Kreu i Partis\u00eb Demokratike n\u00eb Kruj\u00eb, Aulon Kalaja, p\u00ebrmes nj\u00eb reagimi publik ka b\u00ebr\u00eb thirrje p\u00ebr\u2026","rel":"","context":"In &quot;Blogu i Udh\u00ebtarit&quot;","block_context":{"text":"Blogu i Udh\u00ebtarit","link":"https:\/\/www.shqiperia.com\/blog\/category\/blogu-i-udhetarit\/"},"img":{"alt_text":"","src":"https:\/\/i0.wp.com\/www.shqiperia.com\/blog\/wp-content\/uploads\/2026\/09\/7689789789.jpg?fit=921%2C506&ssl=1&resize=350%2C200","width":350,"height":200,"srcset":"https:\/\/i0.wp.com\/www.shqiperia.com\/blog\/wp-content\/uploads\/2026\/09\/7689789789.jpg?fit=921%2C506&ssl=1&resize=350%2C200 1x, https:\/\/i0.wp.com\/www.shqiperia.com\/blog\/wp-content\/uploads\/2026\/09\/7689789789.jpg?fit=921%2C506&ssl=1&resize=525%2C300 1.5x, https:\/\/i0.wp.com\/www.shqiperia.com\/blog\/wp-content\/uploads\/2026\/09\/7689789789.jpg?fit=921%2C506&ssl=1&resize=700%2C400 2x"},"classes":[]},{"id":104640,"url":"https:\/\/www.shqiperia.com\/blog\/vijon-te-shkrumbohet-lura-dhe-terbuni-ne-puke-jane-33-vatra-zjarri-brenda-24-oreve\/","url_meta":{"origin":106039,"position":4},"title":"Vijon t\u00eb shkrumbohet Lura dhe Terbuni n\u00eb Puk\u00eb. &#8211; Jan\u00eb 33 vatra zjarri brenda 24 or\u00ebve!","author":"Kurt Farka","date":"August 17, 2026","format":false,"excerpt":"17 Gusht 2026 Gjat\u00eb 24 or\u00ebve t\u00eb fundit jan\u00eb raportuar 33 vatra zjarri, nga t\u00eb cilat 8 mbeten aktive dhe 5 jan\u00eb n\u00eb monitorim. Nd\u00ebr vatrat aktive jan\u00eb ajo n\u00eb Malin e Dajtit dhe Gur\u00eb- Lur\u00eb t\u00eb Dibr\u00ebs. Vatrat kryesore aktive, sipas ministris\u00eb s\u00eb Mbrojtjes * Mali i Dajtit, Tiran\u00eb\u2026","rel":"","context":"In &quot;Blogu i Udh\u00ebtarit&quot;","block_context":{"text":"Blogu i Udh\u00ebtarit","link":"https:\/\/www.shqiperia.com\/blog\/category\/blogu-i-udhetarit\/"},"img":{"alt_text":"","src":"https:\/\/i0.wp.com\/www.shqiperia.com\/blog\/wp-content\/uploads\/2026\/08\/auto_auto_auto_zjarri-4-770x438178669485617868087581786821238-1.jpg?fit=900%2C512&ssl=1&resize=350%2C200","width":350,"height":200,"srcset":"https:\/\/i0.wp.com\/www.shqiperia.com\/blog\/wp-content\/uploads\/2026\/08\/auto_auto_auto_zjarri-4-770x438178669485617868087581786821238-1.jpg?fit=900%2C512&ssl=1&resize=350%2C200 1x, https:\/\/i0.wp.com\/www.shqiperia.com\/blog\/wp-content\/uploads\/2026\/08\/auto_auto_auto_zjarri-4-770x438178669485617868087581786821238-1.jpg?fit=900%2C512&ssl=1&resize=525%2C300 1.5x, https:\/\/i0.wp.com\/www.shqiperia.com\/blog\/wp-content\/uploads\/2026\/08\/auto_auto_auto_zjarri-4-770x438178669485617868087581786821238-1.jpg?fit=900%2C512&ssl=1&resize=700%2C400 2x"},"classes":[]},{"id":103545,"url":"https:\/\/www.shqiperia.com\/blog\/60-mije-emigrante-nga-maroku-kaluan-kufirin-spanjoll-brenda-24-oreve\/","url_meta":{"origin":106039,"position":5},"title":"60 mij\u00eb emigrant\u00eb nga Maroku kaluan kufirin spanjoll brenda 24 or\u00ebve.","author":"Kurt Farka","date":"July 31, 2026","format":false,"excerpt":"31 Korrik 2026 Italia pezullon marr\u00ebveshjen e Shengenit me Spanj\u00ebn, e cila po p\u00ebrballet me kriz\u00ebn m\u00eb t\u00eb r\u00ebnd\u00eb migratore nd\u00ebr vite, me rreth 60 mij\u00eb emigrant\u00eb nga Maroku q\u00eb kaluan enklav\u00ebn spanjolle brenda 24 or\u00ebve. Kryeministrja e Italis\u00eb, Giorgia Meloni, e konsideron Spanj\u00ebn p\u00ebrgjegj\u00ebse p\u00ebr situat\u00ebn dhe vendosi pezullimin\u2026","rel":"","context":"In &quot;Blogu i Udh\u00ebtarit&quot;","block_context":{"text":"Blogu i Udh\u00ebtarit","link":"https:\/\/www.shqiperia.com\/blog\/category\/blogu-i-udhetarit\/"},"img":{"alt_text":"","src":"https:\/\/i0.wp.com\/www.shqiperia.com\/blog\/wp-content\/uploads\/2026\/07\/image-622-1024x682-1.webp?fit=1024%2C682&ssl=1&resize=350%2C200","width":350,"height":200,"srcset":"https:\/\/i0.wp.com\/www.shqiperia.com\/blog\/wp-content\/uploads\/2026\/07\/image-622-1024x682-1.webp?fit=1024%2C682&ssl=1&resize=350%2C200 1x, https:\/\/i0.wp.com\/www.shqiperia.com\/blog\/wp-content\/uploads\/2026\/07\/image-622-1024x682-1.webp?fit=1024%2C682&ssl=1&resize=525%2C300 1.5x, https:\/\/i0.wp.com\/www.shqiperia.com\/blog\/wp-content\/uploads\/2026\/07\/image-622-1024x682-1.webp?fit=1024%2C682&ssl=1&resize=700%2C400 2x"},"classes":[]}],"_links":{"self":[{"href":"https:\/\/www.shqiperia.com\/blog\/wp-json\/wp\/v2\/posts\/106039","targetHints":{"allow":["GET"]}}],"collection":[{"href":"https:\/\/www.shqiperia.com\/blog\/wp-json\/wp\/v2\/posts"}],"about":[{"href":"https:\/\/www.shqiperia.com\/blog\/wp-json\/wp\/v2\/types\/post"}],"author":[{"embeddable":true,"href":"https:\/\/www.shqiperia.com\/blog\/wp-json\/wp\/v2\/users\/9"}],"replies":[{"embeddable":true,"href":"https:\/\/www.shqiperia.com\/blog\/wp-json\/wp\/v2\/comments?post=106039"}],"version-history":[{"count":2,"href":"https:\/\/www.shqiperia.com\/blog\/wp-json\/wp\/v2\/posts\/106039\/revisions"}],"predecessor-version":[{"id":106042,"href":"https:\/\/www.shqiperia.com\/blog\/wp-json\/wp\/v2\/posts\/106039\/revisions\/106042"}],"wp:featuredmedia":[{"embeddable":true,"href":"https:\/\/www.shqiperia.com\/blog\/wp-json\/wp\/v2\/media\/106040"}],"wp:attachment":[{"href":"https:\/\/www.shqiperia.com\/blog\/wp-json\/wp\/v2\/media?parent=106039"}],"wp:term":[{"taxonomy":"category","embeddable":true,"href":"https:\/\/www.shqiperia.com\/blog\/wp-json\/wp\/v2\/categories?post=106039"},{"taxonomy":"post_tag","embeddable":true,"href":"https:\/\/www.shqiperia.com\/blog\/wp-json\/wp\/v2\/tags?post=106039"}],"curies":[{"name":"wp","href":"https:\/\/api.w.org\/{rel}","templated":true}]}}