{"id":106036,"date":"2026-09-04T22:25:55","date_gmt":"2026-09-04T22:25:55","guid":{"rendered":"https:\/\/www.shqiperia.com\/blog\/?p=106036"},"modified":"2026-09-04T22:25:55","modified_gmt":"2026-09-04T22:25:55","slug":"ore-kritike-per-himaren-kerkohet-nderhyrje-urgjente-flaket-afrohen-me-shpejtesi-drejt-qytetit-banoret-ne-panik-disa-shtepi-jane-rrethuar-nga-zjarri","status":"publish","type":"post","link":"https:\/\/www.shqiperia.com\/blog\/ore-kritike-per-himaren-kerkohet-nderhyrje-urgjente-flaket-afrohen-me-shpejtesi-drejt-qytetit-banoret-ne-panik-disa-shtepi-jane-rrethuar-nga-zjarri\/","title":{"rendered":"Or\u00eb kritike p\u00ebr Himar\u00ebn\/ K\u00ebrkohet nd\u00ebrhyrje urgjente, flak\u00ebt afrohen me shpejt\u00ebsi drejt qytetit, banor\u00ebt n\u00eb panik: &#8211; Disa sht\u00ebpi jan\u00eb rrethuar nga zjarri"},"content":{"rendered":"<p><img data-recalc-dims=\"1\" loading=\"lazy\" decoding=\"async\" data-attachment-id=\"106037\" data-permalink=\"https:\/\/www.shqiperia.com\/blog\/ore-kritike-per-himaren-kerkohet-nderhyrje-urgjente-flaket-afrohen-me-shpejtesi-drejt-qytetit-banoret-ne-panik-disa-shtepi-jane-rrethuar-nga-zjarri\/800-0-6a9b35c69f21e\/\" data-orig-file=\"https:\/\/i0.wp.com\/www.shqiperia.com\/blog\/wp-content\/uploads\/2026\/09\/800-0-6a9b35c69f21e.jpg?fit=800%2C450&amp;ssl=1\" data-orig-size=\"800,450\" data-comments-opened=\"1\" data-image-meta=\"{&quot;aperture&quot;:&quot;0&quot;,&quot;credit&quot;:&quot;&quot;,&quot;camera&quot;:&quot;&quot;,&quot;caption&quot;:&quot;&quot;,&quot;created_timestamp&quot;:&quot;0&quot;,&quot;copyright&quot;:&quot;&quot;,&quot;focal_length&quot;:&quot;0&quot;,&quot;iso&quot;:&quot;0&quot;,&quot;shutter_speed&quot;:&quot;0&quot;,&quot;title&quot;:&quot;&quot;,&quot;orientation&quot;:&quot;0&quot;}\" data-image-title=\"-800-0-6a9b35c69f21e\" data-image-description=\"\" data-image-caption=\"\" data-medium-file=\"https:\/\/i0.wp.com\/www.shqiperia.com\/blog\/wp-content\/uploads\/2026\/09\/800-0-6a9b35c69f21e.jpg?fit=300%2C169&amp;ssl=1\" data-large-file=\"https:\/\/i0.wp.com\/www.shqiperia.com\/blog\/wp-content\/uploads\/2026\/09\/800-0-6a9b35c69f21e.jpg?fit=800%2C450&amp;ssl=1\" class=\"alignnone  wp-image-106037\" alt=\"\" src=\"https:\/\/i0.wp.com\/www.shqiperia.com\/blog\/wp-content\/uploads\/2026\/09\/800-0-6a9b35c69f21e.jpg?resize=676%2C381&#038;ssl=1\" width=\"676\" height=\"381\" srcset=\"https:\/\/i0.wp.com\/www.shqiperia.com\/blog\/wp-content\/uploads\/2026\/09\/800-0-6a9b35c69f21e.jpg?resize=300%2C169&amp;ssl=1 300w, https:\/\/i0.wp.com\/www.shqiperia.com\/blog\/wp-content\/uploads\/2026\/09\/800-0-6a9b35c69f21e.jpg?resize=768%2C432&amp;ssl=1 768w, https:\/\/i0.wp.com\/www.shqiperia.com\/blog\/wp-content\/uploads\/2026\/09\/800-0-6a9b35c69f21e.jpg?resize=450%2C253&amp;ssl=1 450w, https:\/\/i0.wp.com\/www.shqiperia.com\/blog\/wp-content\/uploads\/2026\/09\/800-0-6a9b35c69f21e.jpg?resize=600%2C338&amp;ssl=1 600w, https:\/\/i0.wp.com\/www.shqiperia.com\/blog\/wp-content\/uploads\/2026\/09\/800-0-6a9b35c69f21e.jpg?resize=400%2C225&amp;ssl=1 400w, https:\/\/i0.wp.com\/www.shqiperia.com\/blog\/wp-content\/uploads\/2026\/09\/800-0-6a9b35c69f21e.jpg?w=800&amp;ssl=1 800w\" sizes=\"auto, (max-width: 676px) 100vw, 676px\" \/><\/p>\n<p>4 Shtator 2026<\/p>\n<p>Or\u00eb kritike p\u00ebr Himar\u00ebn. Zjarri ka p\u00ebrfshir\u00eb sip\u00ebrfaqe t\u00eb m\u00ebdha toke.<\/p>\n<p>Qytetar\u00ebt k\u00ebrkojn\u00eb nd\u00ebrhyrje t\u00eb menj\u00ebhershme, nd\u00ebrsa flak\u00ebt po afrohen me shpejt\u00ebsi drejt qytetit.<\/p>\n<p>\u201cK\u00ebrkohet nd\u00ebrhyrje urgjente, disa sht\u00ebpi jan\u00eb rrethuar nga zjarri. Nuk dihet n\u00ebse ka pasur banor\u00eb brenda. Zjarri po I afrohet qytetit. K\u00ebrkojm\u00eb ndihm\u00eb\u201d, \u00ebsht\u00eb shprehur nj\u00eb qytetar.<\/p>\n<div class=\"ai-viewport-1\" data-insertion-position=\"prepend\" data-selector=\".ai-insert-7-97293415\" data-insertion-no-dbg=\"\" data-code=\"PGRpdiBjbGFzcz0nY29kZS1ibG9jayBjb2RlLWJsb2NrLTcnIHN0eWxlPSdtYXJnaW46IDhweCAwOyBjbGVhcjogYm90aDsnPgo8L2Rpdj4K\" data-block=\"7\">\n<div class=\"code-block code-block-7\"><\/div>\n<\/div>\n<div id=\"beacon_5e3974be46\"><img loading=\"lazy\" decoding=\"async\" alt=\"\" src=\"https:\/\/ads.balkanweb.com\/www\/delivery\/lg.php?bannerid=0&amp;campaignid=0&amp;zoneid=629&amp;loc=https%3A%2F%2Fwww.balkanweb.com%2Fore-kritike-per-himaren-kerkohet-nderhyrje-urgjente-flaket-afrohen-me-shpejtesi-drejt-qytetit-banoret-ne-panik-disa-shtepi-jane-rrethuar-nga-zjarri%2F&amp;referer=https%3A%2F%2Fwww.balkanweb.com%2F&amp;cb=5e3974be46\" width=\"0\" height=\"0\" \/><\/div>\n<div class=\"\" id=\"MDA34416\" data-adid=\"mdabalkanweb121885\" data-netid=\"137356148\" data-sizes=\"300x250\" data-google-query-id=\"CKWJ2cv71ZYDFRT7DQkdVtUvhA\"><\/div>\n","protected":false},"excerpt":{"rendered":"<p>4 Shtator 2026 Or\u00eb kritike p\u00ebr Himar\u00ebn. Zjarri ka p\u00ebrfshir\u00eb sip\u00ebrfaqe t\u00eb m\u00ebdha toke. Qytetar\u00ebt k\u00ebrkojn\u00eb nd\u00ebrhyrje t\u00eb menj\u00ebhershme, nd\u00ebrsa flak\u00ebt po afrohen me shpejt\u00ebsi drejt qytetit. \u201cK\u00ebrkohet nd\u00ebrhyrje urgjente, disa sht\u00ebpi jan\u00eb rrethuar nga zjarri. Nuk dihet n\u00ebse ka pasur banor\u00eb brenda. Zjarri po I afrohet qytetit. K\u00ebrkojm\u00eb ndihm\u00eb\u201d, \u00ebsht\u00eb shprehur nj\u00eb qytetar.<\/p>\n","protected":false},"author":9,"featured_media":106037,"comment_status":"open","ping_status":"open","sticky":false,"template":"","format":"standard","meta":{"jetpack_post_was_ever_published":false,"_jetpack_newsletter_access":"","_jetpack_dont_email_post_to_subs":false,"_jetpack_newsletter_tier_id":0,"_jetpack_memberships_contains_paywalled_content":false,"_jetpack_memberships_contains_paid_content":false,"footnotes":"","jetpack_publicize_message":"","jetpack_publicize_feature_enabled":true,"jetpack_social_post_already_shared":true,"jetpack_social_options":{"image_generator_settings":{"template":"highway","default_image_id":0,"font":"","enabled":false},"version":2}},"categories":[27,1,35],"tags":[],"class_list":["post-106036","post","type-post","status-publish","format-standard","has-post-thumbnail","hentry","category-blogu-i-udhetarit","category-njoftime-shtypi","category-shoqerore"],"jetpack_publicize_connections":[],"jetpack_featured_media_url":"https:\/\/i0.wp.com\/www.shqiperia.com\/blog\/wp-content\/uploads\/2026\/09\/800-0-6a9b35c69f21e.jpg?fit=800%2C450&ssl=1","jetpack_sharing_enabled":true,"jetpack_shortlink":"https:\/\/wp.me\/p5Z6wp-rAg","jetpack-related-posts":[{"id":105985,"url":"https:\/\/www.shqiperia.com\/blog\/zjarri-po-perparon-drejt-tiranes-flaket-ne-nikel-te-krujes-aulon-kalaja-kerkohet-nderhyrje-urgjente-nga-ajri\/","url_meta":{"origin":106036,"position":0},"title":"\u201cZjarri po p\u00ebrparon drejt Tiran\u00ebs\u201d\/ Flak\u00ebt n\u00eb Nik\u00ebl t\u00eb Kruj\u00ebs, Aulon Kalaja: &#8211; K\u00ebrkohet nd\u00ebrhyrje urgjente nga ajri","author":"Kurt Farka","date":"September 4, 2026","format":false,"excerpt":"4 Shtator 2026 Nj\u00eb zjarr masiv ka p\u00ebrfshir\u00eb prej or\u00ebve t\u00eb m\u00ebngjesit fshatrat e nj\u00ebsis\u00eb administrative Nik\u00ebl n\u00eb Bashkin\u00eb e Kruj\u00ebs, duke krijuar nj\u00eb situat\u00eb kritike p\u00ebr shkak t\u00eb af\u00ebrsis\u00eb me zonat e banuara. Kreu i Partis\u00eb Demokratike n\u00eb Kruj\u00eb, Aulon Kalaja, p\u00ebrmes nj\u00eb reagimi publik ka b\u00ebr\u00eb thirrje p\u00ebr\u2026","rel":"","context":"In &quot;Blogu i Udh\u00ebtarit&quot;","block_context":{"text":"Blogu i Udh\u00ebtarit","link":"https:\/\/www.shqiperia.com\/blog\/category\/blogu-i-udhetarit\/"},"img":{"alt_text":"","src":"https:\/\/i0.wp.com\/www.shqiperia.com\/blog\/wp-content\/uploads\/2026\/09\/7689789789.jpg?fit=921%2C506&ssl=1&resize=350%2C200","width":350,"height":200,"srcset":"https:\/\/i0.wp.com\/www.shqiperia.com\/blog\/wp-content\/uploads\/2026\/09\/7689789789.jpg?fit=921%2C506&ssl=1&resize=350%2C200 1x, https:\/\/i0.wp.com\/www.shqiperia.com\/blog\/wp-content\/uploads\/2026\/09\/7689789789.jpg?fit=921%2C506&ssl=1&resize=525%2C300 1.5x, https:\/\/i0.wp.com\/www.shqiperia.com\/blog\/wp-content\/uploads\/2026\/09\/7689789789.jpg?fit=921%2C506&ssl=1&resize=700%2C400 2x"},"classes":[]},{"id":106003,"url":"https:\/\/www.shqiperia.com\/blog\/situate-kritike-ne-disa-fshatra-te-fierit-zjarri-avancon-drejt-levanit-digjen-tre-shtepi-dhe-nje-magazine-rrezikohet-edhe-nje-biznes\/","url_meta":{"origin":106036,"position":1},"title":"Situat\u00eb kritike n\u00eb disa fshatra t\u00eb Fierit, zjarri avancon drejt Levanit. Digjen tre sht\u00ebpi dhe nj\u00eb magazin\u00eb, rrezikohet edhe nj\u00eb biznes","author":"Kurt Farka","date":"September 4, 2026","format":false,"excerpt":"4 Shtator 2026 Zjarri i nisur mesdit\u00ebn e sotme n\u00eb fshatin Vadhiz\u00eb t\u00eb Fierit ka marr\u00eb p\u00ebrmasa t\u00eb m\u00ebdha vet\u00ebm pak or\u00eb pas shp\u00ebrthimit t\u00eb vatr\u00ebs s\u00eb par\u00eb. Si\u00e7 raporton korrespondenti i Top Channel Neritan Trifoni, flak\u00ebt q\u00eb nis\u00ebn n\u00eb fshatin Vadhiz\u00eb, ka avancuar drejt Levanit, dhe sipas banor\u00ebve jan\u00eb\u2026","rel":"","context":"In &quot;Blogu i Udh\u00ebtarit&quot;","block_context":{"text":"Blogu i Udh\u00ebtarit","link":"https:\/\/www.shqiperia.com\/blog\/category\/blogu-i-udhetarit\/"},"img":{"alt_text":"","src":"https:\/\/i0.wp.com\/www.shqiperia.com\/blog\/wp-content\/uploads\/2026\/09\/FIERII_sd-800x450-2.webp?fit=800%2C450&ssl=1&resize=350%2C200","width":350,"height":200,"srcset":"https:\/\/i0.wp.com\/www.shqiperia.com\/blog\/wp-content\/uploads\/2026\/09\/FIERII_sd-800x450-2.webp?fit=800%2C450&ssl=1&resize=350%2C200 1x, https:\/\/i0.wp.com\/www.shqiperia.com\/blog\/wp-content\/uploads\/2026\/09\/FIERII_sd-800x450-2.webp?fit=800%2C450&ssl=1&resize=525%2C300 1.5x, https:\/\/i0.wp.com\/www.shqiperia.com\/blog\/wp-content\/uploads\/2026\/09\/FIERII_sd-800x450-2.webp?fit=800%2C450&ssl=1&resize=700%2C400 2x"},"classes":[]},{"id":105989,"url":"https:\/\/www.shqiperia.com\/blog\/situate-kritike-ne-radostine-flaket-po-i-afrohen-shtepive-nis-evakuimi-i-banoreve-dhe-kerkohet-nderhyrje-nga-ajri\/","url_meta":{"origin":106036,"position":2},"title":"Situat\u00eb kritike n\u00eb Radostin\u00eb\/ Flak\u00ebt po i afrohen sht\u00ebpive, nis evakuimi i banor\u00ebve dhe k\u00ebrkohet nd\u00ebrhyrje nga ajri","author":"Kurt Farka","date":"September 4, 2026","format":false,"excerpt":"4 Shtator 2026 Nj\u00eb zjarr me p\u00ebrmasa t\u00eb m\u00ebdha ka p\u00ebrfshir\u00eb kodrat e mbjella me ullinj n\u00eb fshatin Radostin\u00eb Fier, duke krijuar nj\u00eb situat\u00eb alarmante p\u00ebr banor\u00ebt e zon\u00ebs. Meqen\u00ebse flak\u00ebt po p\u00ebrparojn\u00eb me shpejt\u00ebsi drejt zonave t\u00eb banuara, autoritetet kan\u00eb nisur me urgjenc\u00eb evakuimin e qytetar\u00ebve p\u00ebr t\u00eb shmangur\u2026","rel":"","context":"In &quot;Blogu i Udh\u00ebtarit&quot;","block_context":{"text":"Blogu i Udh\u00ebtarit","link":"https:\/\/www.shqiperia.com\/blog\/category\/blogu-i-udhetarit\/"},"img":{"alt_text":"","src":"https:\/\/i0.wp.com\/www.shqiperia.com\/blog\/wp-content\/uploads\/2026\/09\/Radostine-Fier-4-Gusht-2926.jpg?fit=826%2C465&ssl=1&resize=350%2C200","width":350,"height":200,"srcset":"https:\/\/i0.wp.com\/www.shqiperia.com\/blog\/wp-content\/uploads\/2026\/09\/Radostine-Fier-4-Gusht-2926.jpg?fit=826%2C465&ssl=1&resize=350%2C200 1x, https:\/\/i0.wp.com\/www.shqiperia.com\/blog\/wp-content\/uploads\/2026\/09\/Radostine-Fier-4-Gusht-2926.jpg?fit=826%2C465&ssl=1&resize=525%2C300 1.5x, https:\/\/i0.wp.com\/www.shqiperia.com\/blog\/wp-content\/uploads\/2026\/09\/Radostine-Fier-4-Gusht-2926.jpg?fit=826%2C465&ssl=1&resize=700%2C400 2x"},"classes":[]},{"id":104042,"url":"https:\/\/www.shqiperia.com\/blog\/zjarri-ne-kruje-merr-permasa-te-frikshme-flaket-po-rrezikojne-banoret-dhe-shtepite-kerkohet-nderhyrje-emergjente-dhe-evakuim\/","url_meta":{"origin":106036,"position":3},"title":"Zjarri n\u00eb Kruj\u00eb merr p\u00ebrmasa t\u00eb frikshme, flak\u00ebt po rrezikojn\u00eb banor\u00ebt dhe sht\u00ebpit\u00eb, k\u00ebrkohet nd\u00ebrhyrje emergjente dhe evakuim","author":"Kurt Farka","date":"August 9, 2026","format":false,"excerpt":"9 Gusht 2026 T\u00eb gjitha mediat e shkruara dhe vizive jane t\u00eb z\u00ebne me lajmin \u00cb Si po e shijojne te huajt n\u00eb Shqiperi Burr\u00ebn shqiptare. ndersa njoftimet per zjarret jane katastrofike. Zjarri n\u00eb Kruj\u00eb po merr p\u00ebrmasa t\u00eb frikshme, duke rrezikuar banor\u00ebt dhe sht\u00ebpit\u00eb. Flak\u00ebt po intensifikohen dhe po\u2026","rel":"","context":"In &quot;Blogu i Udh\u00ebtarit&quot;","block_context":{"text":"Blogu i Udh\u00ebtarit","link":"https:\/\/www.shqiperia.com\/blog\/category\/blogu-i-udhetarit\/"},"img":{"alt_text":"","src":"https:\/\/i0.wp.com\/www.shqiperia.com\/blog\/wp-content\/uploads\/2026\/08\/32e25ed6-2e63-4a54-ac1b-44d06527eb86.jpg?fit=1200%2C876&ssl=1&resize=350%2C200","width":350,"height":200,"srcset":"https:\/\/i0.wp.com\/www.shqiperia.com\/blog\/wp-content\/uploads\/2026\/08\/32e25ed6-2e63-4a54-ac1b-44d06527eb86.jpg?fit=1200%2C876&ssl=1&resize=350%2C200 1x, https:\/\/i0.wp.com\/www.shqiperia.com\/blog\/wp-content\/uploads\/2026\/08\/32e25ed6-2e63-4a54-ac1b-44d06527eb86.jpg?fit=1200%2C876&ssl=1&resize=525%2C300 1.5x, https:\/\/i0.wp.com\/www.shqiperia.com\/blog\/wp-content\/uploads\/2026\/08\/32e25ed6-2e63-4a54-ac1b-44d06527eb86.jpg?fit=1200%2C876&ssl=1&resize=700%2C400 2x, https:\/\/i0.wp.com\/www.shqiperia.com\/blog\/wp-content\/uploads\/2026\/08\/32e25ed6-2e63-4a54-ac1b-44d06527eb86.jpg?fit=1200%2C876&ssl=1&resize=1050%2C600 3x"},"classes":[]},{"id":104827,"url":"https:\/\/www.shqiperia.com\/blog\/zjarri-po-perpin-kuroren-e-fshatit-rrezikohen-banesat-ne-gojan-te-pukes\/","url_meta":{"origin":106036,"position":4},"title":"Zjarri po p\u00ebrpin kuror\u00ebn e fshatit, rrezikohen banesat n\u00eb Gojan t\u00eb Puk\u00ebs","author":"Kurt Farka","date":"August 20, 2026","format":false,"excerpt":"20 Gusht 2026 Zjarri i p\u00ebrmasave t\u00eb m\u00ebdha ka p\u00ebrfshir\u00eb zon\u00ebn pran\u00eb Gojanit t\u00eb Vog\u00ebl n\u00eb Puk\u00eb, duke p\u00ebrparuar me shpejt\u00ebsi drejt kuror\u00ebs s\u00eb fshatit. Zjarri ka shtat\u00eb dite q\u00eb po shkreti qindea hektar pyje e bim\u00ebsi ne Terbun dhe rreth fshatrave. Flak\u00ebt jan\u00eb afruar pran\u00eb banesave t\u00eb fshatit, nd\u00ebrsa\u2026","rel":"","context":"In &quot;Blogu i Udh\u00ebtarit&quot;","block_context":{"text":"Blogu i Udh\u00ebtarit","link":"https:\/\/www.shqiperia.com\/blog\/category\/blogu-i-udhetarit\/"},"img":{"alt_text":"","src":"https:\/\/i0.wp.com\/www.shqiperia.com\/blog\/wp-content\/uploads\/2026\/08\/Fashati-Gojan-Puke.jpg?fit=900%2C715&ssl=1&resize=350%2C200","width":350,"height":200,"srcset":"https:\/\/i0.wp.com\/www.shqiperia.com\/blog\/wp-content\/uploads\/2026\/08\/Fashati-Gojan-Puke.jpg?fit=900%2C715&ssl=1&resize=350%2C200 1x, https:\/\/i0.wp.com\/www.shqiperia.com\/blog\/wp-content\/uploads\/2026\/08\/Fashati-Gojan-Puke.jpg?fit=900%2C715&ssl=1&resize=525%2C300 1.5x, https:\/\/i0.wp.com\/www.shqiperia.com\/blog\/wp-content\/uploads\/2026\/08\/Fashati-Gojan-Puke.jpg?fit=900%2C715&ssl=1&resize=700%2C400 2x"},"classes":[]},{"id":104023,"url":"https:\/\/www.shqiperia.com\/blog\/po-digjet-qyteti-situate-dramatike-ne-kruje-flaket-gjigante-perparojne-drejt-banesave-digjen-disa-prej-tyre\/","url_meta":{"origin":106036,"position":5},"title":"\u201cPo digjet qyteti!\u201d\/ Situat\u00eb dramatike n\u00eb Kruj\u00eb, flak\u00ebt gjigante p\u00ebrparojn\u00eb drejt banesave, digjen disa prej tyre","author":"Kurt Farka","date":"August 9, 2026","format":false,"excerpt":"9 Korrik 2025 Nga Ballkanweb Sipas lajmit t\u00eb mbrmshem\u00a0 08 Gusht, 2026 22:20. Situata paraqitet tejet dramatike n\u00eb Kruj\u00eb, ku flak\u00ebt e zjarrit po p\u00ebrhapen me shpejt\u00ebsi n\u00eb drejtim t\u00eb zonave t\u00eb banuara, duke rrezikuar seriozisht banesat dhe qytetar\u00ebt. Sipas raportimeve t\u00eb qytetar\u00ebve pran\u00eb\u00a0BalkanWeb, zjarri ka dal\u00eb jasht\u00eb kontrollit n\u00eb\u2026","rel":"","context":"In &quot;Blogu i Udh\u00ebtarit&quot;","block_context":{"text":"Blogu i Udh\u00ebtarit","link":"https:\/\/www.shqiperia.com\/blog\/category\/blogu-i-udhetarit\/"},"img":{"alt_text":"","src":"https:\/\/i0.wp.com\/www.shqiperia.com\/blog\/wp-content\/uploads\/2026\/08\/Krujaa.jpg?fit=596%2C524&ssl=1&resize=350%2C200","width":350,"height":200,"srcset":"https:\/\/i0.wp.com\/www.shqiperia.com\/blog\/wp-content\/uploads\/2026\/08\/Krujaa.jpg?fit=596%2C524&ssl=1&resize=350%2C200 1x, https:\/\/i0.wp.com\/www.shqiperia.com\/blog\/wp-content\/uploads\/2026\/08\/Krujaa.jpg?fit=596%2C524&ssl=1&resize=525%2C300 1.5x"},"classes":[]}],"_links":{"self":[{"href":"https:\/\/www.shqiperia.com\/blog\/wp-json\/wp\/v2\/posts\/106036","targetHints":{"allow":["GET"]}}],"collection":[{"href":"https:\/\/www.shqiperia.com\/blog\/wp-json\/wp\/v2\/posts"}],"about":[{"href":"https:\/\/www.shqiperia.com\/blog\/wp-json\/wp\/v2\/types\/post"}],"author":[{"embeddable":true,"href":"https:\/\/www.shqiperia.com\/blog\/wp-json\/wp\/v2\/users\/9"}],"replies":[{"embeddable":true,"href":"https:\/\/www.shqiperia.com\/blog\/wp-json\/wp\/v2\/comments?post=106036"}],"version-history":[{"count":1,"href":"https:\/\/www.shqiperia.com\/blog\/wp-json\/wp\/v2\/posts\/106036\/revisions"}],"predecessor-version":[{"id":106038,"href":"https:\/\/www.shqiperia.com\/blog\/wp-json\/wp\/v2\/posts\/106036\/revisions\/106038"}],"wp:featuredmedia":[{"embeddable":true,"href":"https:\/\/www.shqiperia.com\/blog\/wp-json\/wp\/v2\/media\/106037"}],"wp:attachment":[{"href":"https:\/\/www.shqiperia.com\/blog\/wp-json\/wp\/v2\/media?parent=106036"}],"wp:term":[{"taxonomy":"category","embeddable":true,"href":"https:\/\/www.shqiperia.com\/blog\/wp-json\/wp\/v2\/categories?post=106036"},{"taxonomy":"post_tag","embeddable":true,"href":"https:\/\/www.shqiperia.com\/blog\/wp-json\/wp\/v2\/tags?post=106036"}],"curies":[{"name":"wp","href":"https:\/\/api.w.org\/{rel}","templated":true}]}}