{"id":106033,"date":"2026-09-04T22:21:45","date_gmt":"2026-09-04T22:21:45","guid":{"rendered":"https:\/\/www.shqiperia.com\/blog\/?p=106033"},"modified":"2026-09-04T22:21:45","modified_gmt":"2026-09-04T22:21:45","slug":"zjarret-ne-himare-kryebashkiaku-vangjel-tavo-thirrje-per-banoret-largohuni-nga-zonat-e-rrezikuara","status":"publish","type":"post","link":"https:\/\/www.shqiperia.com\/blog\/zjarret-ne-himare-kryebashkiaku-vangjel-tavo-thirrje-per-banoret-largohuni-nga-zonat-e-rrezikuara\/","title":{"rendered":"Zjarret n\u00eb Himar\u00eb, kryebashkiaku Vangjel Tavo thirrje p\u00ebr banor\u00ebt: &#8211; Largohuni nga zonat e rrezikuara"},"content":{"rendered":"<p><img data-recalc-dims=\"1\" loading=\"lazy\" decoding=\"async\" data-attachment-id=\"106034\" data-permalink=\"https:\/\/www.shqiperia.com\/blog\/zjarret-ne-himare-kryebashkiaku-vangjel-tavo-thirrje-per-banoret-largohuni-nga-zonat-e-rrezikuara\/zjarret-tavoooooooo\/\" data-orig-file=\"https:\/\/i0.wp.com\/www.shqiperia.com\/blog\/wp-content\/uploads\/2026\/09\/zjarret-tavoooooooo.jpg?fit=800%2C400&amp;ssl=1\" data-orig-size=\"800,400\" data-comments-opened=\"1\" data-image-meta=\"{&quot;aperture&quot;:&quot;0&quot;,&quot;credit&quot;:&quot;&quot;,&quot;camera&quot;:&quot;&quot;,&quot;caption&quot;:&quot;&quot;,&quot;created_timestamp&quot;:&quot;0&quot;,&quot;copyright&quot;:&quot;&quot;,&quot;focal_length&quot;:&quot;0&quot;,&quot;iso&quot;:&quot;0&quot;,&quot;shutter_speed&quot;:&quot;0&quot;,&quot;title&quot;:&quot;&quot;,&quot;orientation&quot;:&quot;0&quot;}\" data-image-title=\"zjarret-tavoooooooo\" data-image-description=\"\" data-image-caption=\"\" data-medium-file=\"https:\/\/i0.wp.com\/www.shqiperia.com\/blog\/wp-content\/uploads\/2026\/09\/zjarret-tavoooooooo.jpg?fit=300%2C150&amp;ssl=1\" data-large-file=\"https:\/\/i0.wp.com\/www.shqiperia.com\/blog\/wp-content\/uploads\/2026\/09\/zjarret-tavoooooooo.jpg?fit=800%2C400&amp;ssl=1\" class=\"alignnone  wp-image-106034\" alt=\"\" src=\"https:\/\/i0.wp.com\/www.shqiperia.com\/blog\/wp-content\/uploads\/2026\/09\/zjarret-tavoooooooo.jpg?resize=672%2C336&#038;ssl=1\" width=\"672\" height=\"336\" srcset=\"https:\/\/i0.wp.com\/www.shqiperia.com\/blog\/wp-content\/uploads\/2026\/09\/zjarret-tavoooooooo.jpg?resize=300%2C150&amp;ssl=1 300w, https:\/\/i0.wp.com\/www.shqiperia.com\/blog\/wp-content\/uploads\/2026\/09\/zjarret-tavoooooooo.jpg?resize=768%2C384&amp;ssl=1 768w, https:\/\/i0.wp.com\/www.shqiperia.com\/blog\/wp-content\/uploads\/2026\/09\/zjarret-tavoooooooo.jpg?resize=450%2C225&amp;ssl=1 450w, https:\/\/i0.wp.com\/www.shqiperia.com\/blog\/wp-content\/uploads\/2026\/09\/zjarret-tavoooooooo.jpg?resize=600%2C300&amp;ssl=1 600w, https:\/\/i0.wp.com\/www.shqiperia.com\/blog\/wp-content\/uploads\/2026\/09\/zjarret-tavoooooooo.jpg?resize=400%2C200&amp;ssl=1 400w, https:\/\/i0.wp.com\/www.shqiperia.com\/blog\/wp-content\/uploads\/2026\/09\/zjarret-tavoooooooo.jpg?w=800&amp;ssl=1 800w\" sizes=\"auto, (max-width: 672px) 100vw, 672px\" \/><\/p>\n<p><span>\u00a04 Shtator 2026<\/span><\/p>\n<p><span>S<\/span>ituata e r\u00ebnd\u00eb zjarri \u00ebsht\u00eb raportuar n\u00eb zon\u00ebn e Himar\u00ebs, me flak\u00ebt q\u00eb po p\u00ebrparojn\u00eb n\u00eb drejtim t\u00eb zonave t\u00eb banuara.<\/p>\n<p>P\u00ebr shkak t\u00eb rrezikut t\u00eb p\u00ebrhapjes s\u00eb zjarrit, banor\u00ebve u \u00ebsht\u00eb b\u00ebr\u00eb thirrje urgjente t\u00eb largohen nga banesat, bizneset apo ambientet e tjera q\u00eb mund t\u00eb jen\u00eb n\u00eb rrezik.<\/p>\n<div class=\"galery-slider\">\n<ul class=\"slides\">\n<li class=\"flex-slider-item flex-active-slide\"><a href=\"https:\/\/i0.wp.com\/www.balkanweb.com\/wp-content\/uploads\/2026\/09\/791996879_4494937104086936_6845141528294735447_n-2.jpg?ssl=1\"><img data-recalc-dims=\"1\" decoding=\"async\" alt=\"foto galeri \" src=\"https:\/\/i0.wp.com\/www.balkanweb.com\/wp-content\/uploads\/2026\/09\/791996879_4494937104086936_6845141528294735447_n-2.jpg?ssl=1\" \/><\/a><\/li>\n<\/ul>\n<ol class=\"flex-control-nav flex-control-paging\"><\/ol>\n<ul class=\"flex-direction-nav\"><\/ul>\n<\/div>\n<p>N\u00eb njoftimin e shp\u00ebrndar\u00eb nga kryebashkiaku Vangjel Tavo, p\u00ebr qytetar\u00ebt k\u00ebrkohet q\u00eb banor\u00ebt t\u00eb tregojn\u00eb kujdes maksimal dhe t\u00eb ndjekin udh\u00ebzimet e autoriteteve gjat\u00eb situat\u00ebs.<\/p>\n<p>Gjithashtu, qytetar\u00ebve u b\u00ebhet apel q\u00eb, n\u00eb rast nevoje, t\u00eb k\u00ebrkojn\u00eb menj\u00ebher\u00eb ndihm\u00ebn e strukturave t\u00eb Policis\u00eb s\u00eb Shtetit, Policis\u00eb Bashkiake, sh\u00ebrbimeve zjarrfik\u00ebse dhe urgjenc\u00ebs mjek\u00ebsore.<\/p>\n<p>\u201cRuani qet\u00ebsin\u00eb dhe zbatoni udh\u00ebzimet e autoriteteve!\u201d, thuhet n\u00eb njoftim.<\/p>\n<p>N\u00eb terren jan\u00eb v\u00ebn\u00eb n\u00eb dispozicion edhe numra kontakti p\u00ebr koordinimin dhe marrjen e ndihm\u00ebs nga banor\u00ebt n\u00eb zonat e prekura:<\/p>\n<p>+355 69 600 0200<br \/>\n+355 69 260 4355<br \/>\n+355 69 478 6723<br \/>\n+355 69 726 6533<br \/>\n+355 69 252 1907<br \/>\n+355 68 240 6302<br \/>\n+355 69 539 2571<br \/>\n+355 69 580 3899<br \/>\n+355 69 323 7130<br \/>\n+355 69 463 6213<\/p>\n<p>Autoritetet u b\u00ebjn\u00eb thirrje banor\u00ebve t\u00eb Himar\u00ebs t\u00eb mos neglizhojn\u00eb situat\u00ebn dhe t\u00eb largohen n\u00eb koh\u00eb nga \u00e7do zon\u00eb ku flak\u00ebt p\u00ebrb\u00ebjn\u00eb rrezik p\u00ebr jet\u00ebn dhe pron\u00ebn.<\/p>\n<div class=\"post-copyright\"><span>Nga: Balkan<\/span><span>Web<\/span><\/div>\n","protected":false},"excerpt":{"rendered":"<p>\u00a04 Shtator 2026 Situata e r\u00ebnd\u00eb zjarri \u00ebsht\u00eb raportuar n\u00eb zon\u00ebn e Himar\u00ebs, me flak\u00ebt q\u00eb po p\u00ebrparojn\u00eb n\u00eb drejtim t\u00eb zonave t\u00eb banuara. P\u00ebr shkak t\u00eb rrezikut t\u00eb p\u00ebrhapjes s\u00eb zjarrit, banor\u00ebve u \u00ebsht\u00eb b\u00ebr\u00eb thirrje urgjente t\u00eb largohen nga banesat, bizneset apo ambientet e tjera q\u00eb mund t\u00eb jen\u00eb n\u00eb rrezik. N\u00eb njoftimin [&hellip;]<\/p>\n","protected":false},"author":9,"featured_media":106034,"comment_status":"open","ping_status":"open","sticky":false,"template":"","format":"standard","meta":{"jetpack_post_was_ever_published":false,"_jetpack_newsletter_access":"","_jetpack_dont_email_post_to_subs":false,"_jetpack_newsletter_tier_id":0,"_jetpack_memberships_contains_paywalled_content":false,"_jetpack_memberships_contains_paid_content":false,"footnotes":"","jetpack_publicize_message":"","jetpack_publicize_feature_enabled":true,"jetpack_social_post_already_shared":true,"jetpack_social_options":{"image_generator_settings":{"template":"highway","default_image_id":0,"font":"","enabled":false},"version":2}},"categories":[27,1,35],"tags":[],"class_list":["post-106033","post","type-post","status-publish","format-standard","has-post-thumbnail","hentry","category-blogu-i-udhetarit","category-njoftime-shtypi","category-shoqerore"],"jetpack_publicize_connections":[],"jetpack_featured_media_url":"https:\/\/i0.wp.com\/www.shqiperia.com\/blog\/wp-content\/uploads\/2026\/09\/zjarret-tavoooooooo.jpg?fit=800%2C400&ssl=1","jetpack_sharing_enabled":true,"jetpack_shortlink":"https:\/\/wp.me\/p5Z6wp-rAd","jetpack-related-posts":[{"id":104363,"url":"https:\/\/www.shqiperia.com\/blog\/rama-perze-nga-mbledhja-kryetarin-e-policanit-mbeshteti-banoret-per-mosshkrirjen-e-bashkise\/","url_meta":{"origin":106033,"position":0},"title":"Rama p\u00ebrze nga mbledhja kryetarin e Poli\u00e7anit. &#8211; Mb\u00ebshteti banor\u00ebt p\u00ebr mosshkrirjen e bashkis\u00eb","author":"Kurt Farka","date":"August 13, 2026","format":false,"excerpt":"13 Gusht 2026 Kryeministri Edi Rama dhe kryetari i Bashkis\u00eb s\u00eb Poli\u00e7anit, Adriatik Zotkaj, jan\u00eb p\u00ebrfshir\u00eb n\u00eb nj\u00eb debat gjat\u00eb mbledhjes me dyer t\u00eb mbyllura, ku m\u00ebsohet se kryeministri ka vendosur q\u00eb kryebashkiaku t\u00eb largohet nga takimi q\u00eb n\u00eb nisje t\u00eb tij. Burime p\u00ebr mediat, b\u00ebjn\u00eb me dije se mbledhja\u2026","rel":"","context":"In &quot;Blogu i Udh\u00ebtarit&quot;","block_context":{"text":"Blogu i Udh\u00ebtarit","link":"https:\/\/www.shqiperia.com\/blog\/category\/blogu-i-udhetarit\/"},"img":{"alt_text":"","src":"https:\/\/i0.wp.com\/www.shqiperia.com\/blog\/wp-content\/uploads\/2026\/08\/Edi-Rama-1.jpg?fit=657%2C430&ssl=1&resize=350%2C200","width":350,"height":200,"srcset":"https:\/\/i0.wp.com\/www.shqiperia.com\/blog\/wp-content\/uploads\/2026\/08\/Edi-Rama-1.jpg?fit=657%2C430&ssl=1&resize=350%2C200 1x, https:\/\/i0.wp.com\/www.shqiperia.com\/blog\/wp-content\/uploads\/2026\/08\/Edi-Rama-1.jpg?fit=657%2C430&ssl=1&resize=525%2C300 1.5x"},"classes":[]},{"id":103480,"url":"https:\/\/www.shqiperia.com\/blog\/banoret-e-policanit-protestojne-kunder-reformes-territoriale-kundershtojne-planin-per-bashkimin-me-beratin\/","url_meta":{"origin":106033,"position":1},"title":"Banor\u00ebt e Poli\u00e7anit protestojn\u00eb kund\u00ebr Reform\u00ebs Territoriale, kund\u00ebrshtojn\u00eb planin p\u00ebr bashkimin me Beratin","author":"Kurt Farka","date":"July 30, 2026","format":false,"excerpt":"30 Korrik 2026 Mijera qytetar\u00eb u mblodh\u00ebn k\u00ebt\u00eb t\u00eb enjte n\u00eb Poli\u00e7an p\u00ebr t\u00eb protestuar kund\u00ebr planit p\u00ebr shkrirjen e bashkis\u00eb s\u00eb tyre n\u00eb kuad\u00ebr t\u00eb Reform\u00ebs Territoriale 2.0. \u201cF\u00ebmij\u00ebt na i larguat, tani doni t\u00eb na fshini nga harta\u201d, shkruhej n\u00eb nj\u00eb nga pankartat e mbajtura nga protestuesit, t\u00eb\u2026","rel":"","context":"In &quot;Blogu i Udh\u00ebtarit&quot;","block_context":{"text":"Blogu i Udh\u00ebtarit","link":"https:\/\/www.shqiperia.com\/blog\/category\/blogu-i-udhetarit\/"},"img":{"alt_text":"","src":"https:\/\/i0.wp.com\/www.shqiperia.com\/blog\/wp-content\/uploads\/2026\/07\/Proteste-ne-Polican.jpg?fit=780%2C440&ssl=1&resize=350%2C200","width":350,"height":200,"srcset":"https:\/\/i0.wp.com\/www.shqiperia.com\/blog\/wp-content\/uploads\/2026\/07\/Proteste-ne-Polican.jpg?fit=780%2C440&ssl=1&resize=350%2C200 1x, https:\/\/i0.wp.com\/www.shqiperia.com\/blog\/wp-content\/uploads\/2026\/07\/Proteste-ne-Polican.jpg?fit=780%2C440&ssl=1&resize=525%2C300 1.5x, https:\/\/i0.wp.com\/www.shqiperia.com\/blog\/wp-content\/uploads\/2026\/07\/Proteste-ne-Polican.jpg?fit=780%2C440&ssl=1&resize=700%2C400 2x"},"classes":[]},{"id":105531,"url":"https:\/\/www.shqiperia.com\/blog\/puka-digjet-turbinat-vijne-malet-e-shkrumbuara-parashikohen-per-parqe-eolike-banoret-a-u-dogjen-per-energjine\/","url_meta":{"origin":106033,"position":2},"title":"Puka digjet, turbinat vijn\u00eb\/ Malet e shkrumbuara parashikohen p\u00ebr parqe eolike, banor\u00ebt: &#8211; A u dogj\u00ebn p\u00ebr energjin\u00eb?","author":"Kurt Farka","date":"August 30, 2026","format":false,"excerpt":"30 Gusht 2026 Pak dit\u00eb pasi zjarret masive p\u00ebrfshin\u00eb pyjet e mbrojtura t\u00eb Puk\u00ebs, m\u00ebsohet se bashkia e qytetit, ka njoftuar hapjen e konsultimeve publike, p\u00ebr P\u00ebrdorimin e Fondit Pyjor p\u00ebr Instalimin e Turbinave Eolike. Konsultimet publike p\u00ebr at\u00eb q\u00eb bashkia e cil\u00ebson ekonomi pyjore, b\u00ebhen pik\u00ebrisht p\u00ebr zonat e\u2026","rel":"","context":"In &quot;Blogu i Udh\u00ebtarit&quot;","block_context":{"text":"Blogu i Udh\u00ebtarit","link":"https:\/\/www.shqiperia.com\/blog\/category\/blogu-i-udhetarit\/"},"img":{"alt_text":"","src":"https:\/\/i0.wp.com\/www.shqiperia.com\/blog\/wp-content\/uploads\/2026\/08\/collage-13.png?fit=780%2C440&ssl=1&resize=350%2C200","width":350,"height":200,"srcset":"https:\/\/i0.wp.com\/www.shqiperia.com\/blog\/wp-content\/uploads\/2026\/08\/collage-13.png?fit=780%2C440&ssl=1&resize=350%2C200 1x, https:\/\/i0.wp.com\/www.shqiperia.com\/blog\/wp-content\/uploads\/2026\/08\/collage-13.png?fit=780%2C440&ssl=1&resize=525%2C300 1.5x, https:\/\/i0.wp.com\/www.shqiperia.com\/blog\/wp-content\/uploads\/2026\/08\/collage-13.png?fit=780%2C440&ssl=1&resize=700%2C400 2x"},"classes":[]},{"id":103557,"url":"https:\/\/www.shqiperia.com\/blog\/ish-kryebashkiaku-socialist-i-pukes-gjon-gjonaj-del-kunder-shkrirjes-se-bashkise-fushe-arrez\/","url_meta":{"origin":106033,"position":3},"title":"Ish-kryebashkiaku socialist i Puk\u00ebs, Gjon Gjonaj, del kund\u00ebr shkrirjes s\u00eb Bashkis\u00eb Fush\u00eb-Arr\u00ebz","author":"Kurt Farka","date":"August 1, 2026","format":false,"excerpt":"1 Gusht 2026 Ish-kryebashkiaku socialist i Puk\u00ebs, Gjon Gjonaj, ka reaguar kund\u00ebr draftit t\u00eb reform\u00ebs s\u00eb re administrativo-territoriale, q\u00eb parashikon bashkimin e bashkive Puk\u00eb dhe Fush\u00eb-Arr\u00ebz n\u00eb nj\u00eb nj\u00ebsi t\u00eb vetme administrative. N\u00eb nj\u00eb reagim publik, Gjonaj argumenton se bashkimi i dy bashkive nuk do t\u00eb sjell\u00eb p\u00ebrmir\u00ebsim t\u00eb sh\u00ebrbimeve\u2026","rel":"","context":"In &quot;Blogu i Udh\u00ebtarit&quot;","block_context":{"text":"Blogu i Udh\u00ebtarit","link":"https:\/\/www.shqiperia.com\/blog\/category\/blogu-i-udhetarit\/"},"img":{"alt_text":"","src":"https:\/\/i0.wp.com\/www.shqiperia.com\/blog\/wp-content\/uploads\/2026\/08\/759786847_2515183438917137_6948813854080628593_n.jpg?fit=816%2C581&ssl=1&resize=350%2C200","width":350,"height":200,"srcset":"https:\/\/i0.wp.com\/www.shqiperia.com\/blog\/wp-content\/uploads\/2026\/08\/759786847_2515183438917137_6948813854080628593_n.jpg?fit=816%2C581&ssl=1&resize=350%2C200 1x, https:\/\/i0.wp.com\/www.shqiperia.com\/blog\/wp-content\/uploads\/2026\/08\/759786847_2515183438917137_6948813854080628593_n.jpg?fit=816%2C581&ssl=1&resize=525%2C300 1.5x, https:\/\/i0.wp.com\/www.shqiperia.com\/blog\/wp-content\/uploads\/2026\/08\/759786847_2515183438917137_6948813854080628593_n.jpg?fit=816%2C581&ssl=1&resize=700%2C400 2x"},"classes":[]},{"id":100816,"url":"https:\/\/www.shqiperia.com\/blog\/protesta-qytetare-zhvendoset-nga-ministria-e-brendshme-te-kryeministria\/","url_meta":{"origin":106033,"position":4},"title":"Protesta Qytetare zhvendoset nga Ministria e Brendshme te Kryeministria","author":"Kurt Farka","date":"May 31, 2026","format":false,"excerpt":"31 Maji 2026 Qytetar\u00eb t\u00eb shum\u00eb jan\u00eb mbledhur p\u00ebrpara Ministris\u00eb s\u00eb Brendshme. Protesta \u00ebsht\u00eb organizuar n\u00eb lidhje me ngjarjen n\u00eb Zv\u00ebrnec, pas dhun\u00ebs s\u00eb ndodhur ndaj qytetar\u00ebve q\u00eb protestonin n\u00eb Zv\u00ebrnec. Banor\u00ebt n\u00eb Zv\u00ebrnec kan\u00eb protestuar kund\u00ebr nd\u00ebrtimeve n\u00eb zon\u00ebn e mbrojtur, nd\u00ebrsa theksojn\u00eb se mbrojn\u00eb pron\u00ebn e tyre. N\u00eb\u2026","rel":"","context":"In &quot;Blogu i Udh\u00ebtarit&quot;","block_context":{"text":"Blogu i Udh\u00ebtarit","link":"https:\/\/www.shqiperia.com\/blog\/category\/blogu-i-udhetarit\/"},"img":{"alt_text":"","src":"https:\/\/i0.wp.com\/www.shqiperia.com\/blog\/wp-content\/uploads\/2026\/05\/Protesta-Qytetare.jpeg?fit=1200%2C800&ssl=1&resize=350%2C200","width":350,"height":200,"srcset":"https:\/\/i0.wp.com\/www.shqiperia.com\/blog\/wp-content\/uploads\/2026\/05\/Protesta-Qytetare.jpeg?fit=1200%2C800&ssl=1&resize=350%2C200 1x, https:\/\/i0.wp.com\/www.shqiperia.com\/blog\/wp-content\/uploads\/2026\/05\/Protesta-Qytetare.jpeg?fit=1200%2C800&ssl=1&resize=525%2C300 1.5x, https:\/\/i0.wp.com\/www.shqiperia.com\/blog\/wp-content\/uploads\/2026\/05\/Protesta-Qytetare.jpeg?fit=1200%2C800&ssl=1&resize=700%2C400 2x, https:\/\/i0.wp.com\/www.shqiperia.com\/blog\/wp-content\/uploads\/2026\/05\/Protesta-Qytetare.jpeg?fit=1200%2C800&ssl=1&resize=1050%2C600 3x"},"classes":[]},{"id":102319,"url":"https:\/\/www.shqiperia.com\/blog\/anuloni-shitjen-e-shqiperise-protestuesi-ky-eshte-revolucioni-i-shqiponjave\/","url_meta":{"origin":106033,"position":5},"title":"\u2018Anuloni shitjen e Shqip\u00ebris\u00eb!\u2019\/ Protestuesi: &#8211; Ky \u00ebsht\u00eb Revolucioni i Shqiponjave","author":"Kurt Farka","date":"July 6, 2026","format":false,"excerpt":"6 Korrik 2026 Nj\u00eb nga protestuesit q\u00eb mori fjal\u00ebn n\u00eb dit\u00ebn e 37-t\u00eb t\u00eb protest\u00ebs qytetare kund\u00ebr qeveris\u00eb s\u00eb Edi Ram\u00ebs l\u00ebshoi akuza t\u00eb forta p\u00ebr, sipas tij, keqmenaxhimin e pasurive natyrore t\u00eb vendit dhe braktisjen e interesit publik. Ai u b\u00ebri thirrje qytetar\u00ebve, ve\u00e7an\u00ebrisht emigrant\u00ebve, t\u00eb mos q\u00ebndrojn\u00eb indiferent\u00eb\u2026","rel":"","context":"In &quot;Blogu i Udh\u00ebtarit&quot;","block_context":{"text":"Blogu i Udh\u00ebtarit","link":"https:\/\/www.shqiperia.com\/blog\/category\/blogu-i-udhetarit\/"},"img":{"alt_text":"","src":"https:\/\/i0.wp.com\/www.shqiperia.com\/blog\/wp-content\/uploads\/2026\/07\/WhatsApp-Image-2026-06-19-at-21.03.56-1-5.jpeg?fit=1200%2C900&ssl=1&resize=350%2C200","width":350,"height":200,"srcset":"https:\/\/i0.wp.com\/www.shqiperia.com\/blog\/wp-content\/uploads\/2026\/07\/WhatsApp-Image-2026-06-19-at-21.03.56-1-5.jpeg?fit=1200%2C900&ssl=1&resize=350%2C200 1x, https:\/\/i0.wp.com\/www.shqiperia.com\/blog\/wp-content\/uploads\/2026\/07\/WhatsApp-Image-2026-06-19-at-21.03.56-1-5.jpeg?fit=1200%2C900&ssl=1&resize=525%2C300 1.5x, https:\/\/i0.wp.com\/www.shqiperia.com\/blog\/wp-content\/uploads\/2026\/07\/WhatsApp-Image-2026-06-19-at-21.03.56-1-5.jpeg?fit=1200%2C900&ssl=1&resize=700%2C400 2x, https:\/\/i0.wp.com\/www.shqiperia.com\/blog\/wp-content\/uploads\/2026\/07\/WhatsApp-Image-2026-06-19-at-21.03.56-1-5.jpeg?fit=1200%2C900&ssl=1&resize=1050%2C600 3x"},"classes":[]}],"_links":{"self":[{"href":"https:\/\/www.shqiperia.com\/blog\/wp-json\/wp\/v2\/posts\/106033","targetHints":{"allow":["GET"]}}],"collection":[{"href":"https:\/\/www.shqiperia.com\/blog\/wp-json\/wp\/v2\/posts"}],"about":[{"href":"https:\/\/www.shqiperia.com\/blog\/wp-json\/wp\/v2\/types\/post"}],"author":[{"embeddable":true,"href":"https:\/\/www.shqiperia.com\/blog\/wp-json\/wp\/v2\/users\/9"}],"replies":[{"embeddable":true,"href":"https:\/\/www.shqiperia.com\/blog\/wp-json\/wp\/v2\/comments?post=106033"}],"version-history":[{"count":1,"href":"https:\/\/www.shqiperia.com\/blog\/wp-json\/wp\/v2\/posts\/106033\/revisions"}],"predecessor-version":[{"id":106035,"href":"https:\/\/www.shqiperia.com\/blog\/wp-json\/wp\/v2\/posts\/106033\/revisions\/106035"}],"wp:featuredmedia":[{"embeddable":true,"href":"https:\/\/www.shqiperia.com\/blog\/wp-json\/wp\/v2\/media\/106034"}],"wp:attachment":[{"href":"https:\/\/www.shqiperia.com\/blog\/wp-json\/wp\/v2\/media?parent=106033"}],"wp:term":[{"taxonomy":"category","embeddable":true,"href":"https:\/\/www.shqiperia.com\/blog\/wp-json\/wp\/v2\/categories?post=106033"},{"taxonomy":"post_tag","embeddable":true,"href":"https:\/\/www.shqiperia.com\/blog\/wp-json\/wp\/v2\/tags?post=106033"}],"curies":[{"name":"wp","href":"https:\/\/api.w.org\/{rel}","templated":true}]}}