{"id":106030,"date":"2026-09-04T22:16:36","date_gmt":"2026-09-04T22:16:36","guid":{"rendered":"https:\/\/www.shqiperia.com\/blog\/?p=106030"},"modified":"2026-09-04T22:16:36","modified_gmt":"2026-09-04T22:16:36","slug":"lekundje-sizmike-te-lehta-ne-elbasan-ja-sa-ishte-magnituda-e-termetit","status":"publish","type":"post","link":"https:\/\/www.shqiperia.com\/blog\/lekundje-sizmike-te-lehta-ne-elbasan-ja-sa-ishte-magnituda-e-termetit\/","title":{"rendered":"L\u00ebkundje sizmike t\u00eb lehta n\u00eb Elbasan, ja sa ishte magnituda e t\u00ebrmetit"},"content":{"rendered":"<p><img data-recalc-dims=\"1\" loading=\"lazy\" decoding=\"async\" data-attachment-id=\"106031\" data-permalink=\"https:\/\/www.shqiperia.com\/blog\/lekundje-sizmike-te-lehta-ne-elbasan-ja-sa-ishte-magnituda-e-termetit\/image-9-1-6a9b259567118-1\/\" data-orig-file=\"https:\/\/i0.wp.com\/www.shqiperia.com\/blog\/wp-content\/uploads\/2026\/09\/image-9-1-6a9b259567118-1.webp?fit=596%2C335&amp;ssl=1\" data-orig-size=\"596,335\" data-comments-opened=\"1\" data-image-meta=\"{&quot;aperture&quot;:&quot;0&quot;,&quot;credit&quot;:&quot;&quot;,&quot;camera&quot;:&quot;&quot;,&quot;caption&quot;:&quot;&quot;,&quot;created_timestamp&quot;:&quot;0&quot;,&quot;copyright&quot;:&quot;&quot;,&quot;focal_length&quot;:&quot;0&quot;,&quot;iso&quot;:&quot;0&quot;,&quot;shutter_speed&quot;:&quot;0&quot;,&quot;title&quot;:&quot;&quot;,&quot;orientation&quot;:&quot;0&quot;}\" data-image-title=\"image-9-1-6a9b259567118 (1)\" data-image-description=\"\" data-image-caption=\"\" data-medium-file=\"https:\/\/i0.wp.com\/www.shqiperia.com\/blog\/wp-content\/uploads\/2026\/09\/image-9-1-6a9b259567118-1.webp?fit=300%2C169&amp;ssl=1\" data-large-file=\"https:\/\/i0.wp.com\/www.shqiperia.com\/blog\/wp-content\/uploads\/2026\/09\/image-9-1-6a9b259567118-1.webp?fit=596%2C335&amp;ssl=1\" class=\"alignnone  wp-image-106031\" alt=\"\" src=\"https:\/\/i0.wp.com\/www.shqiperia.com\/blog\/wp-content\/uploads\/2026\/09\/image-9-1-6a9b259567118-1.webp?resize=630%2C355&#038;ssl=1\" width=\"630\" height=\"355\" srcset=\"https:\/\/i0.wp.com\/www.shqiperia.com\/blog\/wp-content\/uploads\/2026\/09\/image-9-1-6a9b259567118-1.webp?resize=300%2C169&amp;ssl=1 300w, https:\/\/i0.wp.com\/www.shqiperia.com\/blog\/wp-content\/uploads\/2026\/09\/image-9-1-6a9b259567118-1.webp?resize=450%2C253&amp;ssl=1 450w, https:\/\/i0.wp.com\/www.shqiperia.com\/blog\/wp-content\/uploads\/2026\/09\/image-9-1-6a9b259567118-1.webp?resize=400%2C225&amp;ssl=1 400w, https:\/\/i0.wp.com\/www.shqiperia.com\/blog\/wp-content\/uploads\/2026\/09\/image-9-1-6a9b259567118-1.webp?w=596&amp;ssl=1 596w\" sizes=\"auto, (max-width: 630px) 100vw, 630px\" \/><\/p>\n<p>4 Shtator 2026<\/p>\n<p>Nj\u00eb l\u00ebkundje sizmike me magnitud\u00eb 2.7 \u00ebsht\u00eb regjistruar n\u00eb zon\u00ebn e Elbasanit sonte n\u00eb 4 shtator.<\/p>\n<p>Epiqendra ishte n\u00eb fshatin Tregan.<\/p>\n<p>Sipas t\u00eb dh\u00ebnave paraprake, t\u00ebrmeti \u00ebsht\u00eb regjistruar n\u00eb nj\u00eb thell\u00ebsi prej rreth 10 kilometrash.<\/p>\n<p>Epiqendra ishte rreth 7 kilometra larg qytetit t\u00eb Elbasanit<\/p>\n","protected":false},"excerpt":{"rendered":"<p>4 Shtator 2026 Nj\u00eb l\u00ebkundje sizmike me magnitud\u00eb 2.7 \u00ebsht\u00eb regjistruar n\u00eb zon\u00ebn e Elbasanit sonte n\u00eb 4 shtator. Epiqendra ishte n\u00eb fshatin Tregan. Sipas t\u00eb dh\u00ebnave paraprake, t\u00ebrmeti \u00ebsht\u00eb regjistruar n\u00eb nj\u00eb thell\u00ebsi prej rreth 10 kilometrash. Epiqendra ishte rreth 7 kilometra larg qytetit t\u00eb Elbasanit<\/p>\n","protected":false},"author":9,"featured_media":106031,"comment_status":"open","ping_status":"open","sticky":false,"template":"","format":"standard","meta":{"jetpack_post_was_ever_published":false,"_jetpack_newsletter_access":"","_jetpack_dont_email_post_to_subs":false,"_jetpack_newsletter_tier_id":0,"_jetpack_memberships_contains_paywalled_content":false,"_jetpack_memberships_contains_paid_content":false,"footnotes":"","jetpack_publicize_message":"","jetpack_publicize_feature_enabled":true,"jetpack_social_post_already_shared":true,"jetpack_social_options":{"image_generator_settings":{"template":"highway","default_image_id":0,"font":"","enabled":false},"version":2}},"categories":[27,1],"tags":[],"class_list":["post-106030","post","type-post","status-publish","format-standard","has-post-thumbnail","hentry","category-blogu-i-udhetarit","category-njoftime-shtypi"],"jetpack_publicize_connections":[],"jetpack_featured_media_url":"https:\/\/i0.wp.com\/www.shqiperia.com\/blog\/wp-content\/uploads\/2026\/09\/image-9-1-6a9b259567118-1.webp?fit=596%2C335&ssl=1","jetpack_sharing_enabled":true,"jetpack_shortlink":"https:\/\/wp.me\/p5Z6wp-rAa","jetpack-related-posts":[{"id":103659,"url":"https:\/\/www.shqiperia.com\/blog\/termet-ne-elbasan-ja-sa-balle-ishte-magnituda-e-lekundjeve-sizmike\/","url_meta":{"origin":106030,"position":0},"title":"T\u00ebrmet n\u00eb Elbasan, ja sa ball\u00eb ishte magnituda e l\u00ebkundjeve sizmike","author":"Kurt Farka","date":"August 2, 2026","format":false,"excerpt":"2 Gusht 2026 Nj\u00eb t\u00ebrmet me magnitud\u00eb 3.5 i shkall\u00ebs Rihter ka tronditur zon\u00ebn e Elbasanit pasditen e sotme, duke shkaktuar panik te qytetar\u00ebt. L\u00ebkundja e fort\u00eb sizmike \u00ebsht\u00eb regjistruar n\u00eb or\u00ebn 16:28 dhe \u00ebsht\u00eb ndjer\u00eb e menj\u00ebhershme n\u00eb t\u00eb gjith\u00eb qytetin e Elbasanit. Sipas t\u00eb dh\u00ebnave sizmologjike, epiqendra e\u2026","rel":"","context":"In &quot;Blogu i Udh\u00ebtarit&quot;","block_context":{"text":"Blogu i Udh\u00ebtarit","link":"https:\/\/www.shqiperia.com\/blog\/category\/blogu-i-udhetarit\/"},"img":{"alt_text":"","src":"https:\/\/i0.wp.com\/www.shqiperia.com\/blog\/wp-content\/uploads\/2026\/08\/Nje-termet-me-magnitude.jpg?fit=850%2C478&ssl=1&resize=350%2C200","width":350,"height":200,"srcset":"https:\/\/i0.wp.com\/www.shqiperia.com\/blog\/wp-content\/uploads\/2026\/08\/Nje-termet-me-magnitude.jpg?fit=850%2C478&ssl=1&resize=350%2C200 1x, https:\/\/i0.wp.com\/www.shqiperia.com\/blog\/wp-content\/uploads\/2026\/08\/Nje-termet-me-magnitude.jpg?fit=850%2C478&ssl=1&resize=525%2C300 1.5x, https:\/\/i0.wp.com\/www.shqiperia.com\/blog\/wp-content\/uploads\/2026\/08\/Nje-termet-me-magnitude.jpg?fit=850%2C478&ssl=1&resize=700%2C400 2x"},"classes":[]},{"id":62422,"url":"https:\/\/www.shqiperia.com\/blog\/lekundje-termeti-ne-vendin-fqinj-ja-sa-ishte-magnituda\/","url_meta":{"origin":106030,"position":1},"title":"L\u00ebkundje termeti n\u00eb vendin fqinj, ja sa ishte magnituda","author":"Kurt Farka","date":"September 17, 2022","format":false,"excerpt":"17 Shtator 2022 Nj\u00eb tjet\u00ebr termet \u00ebsht\u00eb ndjer\u00eb n\u00eb Greqi. Sipas mediave vendase, l\u00ebkundje sizmike me magnitud\u00eb 4.1 ball\u00eb t\u00eb shkall\u00ebs Rihter jan\u00eb regjistruar n\u00eb Kret\u00eb mbr\u00ebmjen e k\u00ebsaj t\u00eb shtune. Sipas informacioneve t\u00eb para, epiqendra ishte 33.7 km n\u00eb verilindje t\u00eb Elounda-s dhe n\u00eb nj\u00eb thell\u00ebsi prej 5.0 km.","rel":"","context":"In &quot;Kultura&quot;","block_context":{"text":"Kultura","link":"https:\/\/www.shqiperia.com\/blog\/category\/kultura\/"},"img":{"alt_text":"","src":"https:\/\/i0.wp.com\/www.shqiperia.com\/blog\/wp-content\/uploads\/2022\/09\/800-0-63262677aabd9.jpg?fit=800%2C434&ssl=1&resize=350%2C200","width":350,"height":200,"srcset":"https:\/\/i0.wp.com\/www.shqiperia.com\/blog\/wp-content\/uploads\/2022\/09\/800-0-63262677aabd9.jpg?fit=800%2C434&ssl=1&resize=350%2C200 1x, https:\/\/i0.wp.com\/www.shqiperia.com\/blog\/wp-content\/uploads\/2022\/09\/800-0-63262677aabd9.jpg?fit=800%2C434&ssl=1&resize=525%2C300 1.5x, https:\/\/i0.wp.com\/www.shqiperia.com\/blog\/wp-content\/uploads\/2022\/09\/800-0-63262677aabd9.jpg?fit=800%2C434&ssl=1&resize=700%2C400 2x"},"classes":[]},{"id":52854,"url":"https:\/\/www.shqiperia.com\/blog\/nje-lekundje-termeti-eshte-regjistruar-mbreme\/","url_meta":{"origin":106030,"position":2},"title":"Nj\u00eb l\u00ebkundje t\u00ebrmeti \u00ebsht\u00eb regjistruar mbreme","author":"Kurt Farka","date":"January 3, 2022","format":false,"excerpt":"T\u00ebrmet n\u00eb Shqip\u00ebri, ja ku ishte epiqendra 3 JANAR 2022 Nj\u00eb l\u00ebkundje t\u00ebrmeti \u00ebsht\u00eb regjistruar mbreme disa minuta para mesnate n\u00eb vendin ton\u00eb. L\u00ebkundje e par\u00eb sizmike p\u00ebr vitin e ri 2022 \u00ebsht\u00eb ndjer\u00eb n\u00eb or\u00ebn 23:36 nd\u00ebrsa epiqendra ka qen\u00eb n\u00eb Lezh\u00eb. Paraprakisht raportohet se t\u00ebrmeti ka qen\u00eb 2.9\u2026","rel":"","context":"In &quot;Blogu i Udh\u00ebtarit&quot;","block_context":{"text":"Blogu i Udh\u00ebtarit","link":"https:\/\/www.shqiperia.com\/blog\/category\/blogu-i-udhetarit\/"},"img":{"alt_text":"","src":"https:\/\/i0.wp.com\/www.shqiperia.com\/blog\/wp-content\/uploads\/2022\/01\/640-0-61d2a55243674.jpg?fit=640%2C377&ssl=1&resize=350%2C200","width":350,"height":200,"srcset":"https:\/\/i0.wp.com\/www.shqiperia.com\/blog\/wp-content\/uploads\/2022\/01\/640-0-61d2a55243674.jpg?fit=640%2C377&ssl=1&resize=350%2C200 1x, https:\/\/i0.wp.com\/www.shqiperia.com\/blog\/wp-content\/uploads\/2022\/01\/640-0-61d2a55243674.jpg?fit=640%2C377&ssl=1&resize=525%2C300 1.5x"},"classes":[]},{"id":37205,"url":"https:\/\/www.shqiperia.com\/blog\/lekundje-termeti-te-lehta-ne-shqiperi\/","url_meta":{"origin":106030,"position":3},"title":"L\u00ebkundje t\u00ebrmeti te lehta n\u00eb Shqip\u00ebri","author":"Kurt Farka","date":"August 14, 2020","format":false,"excerpt":"L\u00ebkundje t\u00ebrmeti te lehta n\u00eb Shqip\u00ebri 14 GUSHT 2020, 20:47\u00a0\u00a0\u00a0 Nj\u00eb t\u00ebrmet me magnitud\u00eb 3.1 \u00ebsht\u00eb regjistruar n\u00eb qarkun e Elbasanit, rreth 9 kilometra nga Librazhdi, pasditen e sotme. L\u00ebkundja ka qen\u00eb e leht\u00eb, dhe fatmir\u00ebsisht nuk raportohet p\u00ebr asnj\u00eb d\u00ebm. Prej disa jav\u00ebsh n\u00eb vendin ton\u00eb jan\u00eb sh\u00ebnuar l\u00ebkundje\u2026","rel":"","context":"In &quot;Blogu i Udh\u00ebtarit&quot;","block_context":{"text":"Blogu i Udh\u00ebtarit","link":"https:\/\/www.shqiperia.com\/blog\/category\/blogu-i-udhetarit\/"},"img":{"alt_text":"","src":"https:\/\/i0.wp.com\/www.shqiperia.com\/blog\/wp-content\/uploads\/2020\/08\/640-0-5f36dbf15eaa4.jpg?fit=446%2C233&ssl=1&resize=350%2C200","width":350,"height":200},"classes":[]},{"id":38266,"url":"https:\/\/www.shqiperia.com\/blog\/lekundje-termeti-te-lehta-ja-ku-ishte-epiqendra-e-termetit\/","url_meta":{"origin":106030,"position":4},"title":"L\u00ebkundje termeti te lehta, ja ku ishte \u00a0epiqendra e t\u00ebrmetit","author":"Kurt Farka","date":"September 10, 2020","format":false,"excerpt":"L\u00ebkundje termeti te lehta, ja ku ishte \u00a0epiqendra e t\u00ebrmetit 10 SHTATOR 2020 Disa l\u00ebkundje t\u00eb tjera\u00a0sizmike jan\u00eb sh\u00ebnuar k\u00ebt\u00eb m\u00ebngjes n\u00eb vendin ton\u00eb.Thell\u00ebsia e t\u00ebrmetit ka qen\u00eb 5 kilomet\u00ebr, nd\u00ebrsa epiqendra ka qen\u00eb n\u00eb Detin Adriatik. Ky t\u00ebrmet ka r\u00ebn\u00eb rreth or\u00ebs 07:00 t\u00eb dit\u00ebs s\u00eb sotme, me tronditje\u2026","rel":"","context":"In &quot;Blogu i Udh\u00ebtarit&quot;","block_context":{"text":"Blogu i Udh\u00ebtarit","link":"https:\/\/www.shqiperia.com\/blog\/category\/blogu-i-udhetarit\/"},"img":{"alt_text":"","src":"https:\/\/i0.wp.com\/www.shqiperia.com\/blog\/wp-content\/uploads\/2020\/09\/640-0-5f59b7d64010d.jpg?fit=517%2C292&ssl=1&resize=350%2C200","width":350,"height":200},"classes":[]},{"id":35953,"url":"https:\/\/www.shqiperia.com\/blog\/lekundje-termeti-ne-shqiperi-00-12-ja-ku-ishte-epiqendra-dhe-magnituda\/","url_meta":{"origin":106030,"position":5},"title":"L\u00ebkundje t\u00ebrmeti n\u00eb Shqip\u00ebri 00.12, ja ku ishte epiqendra dhe magnituda","author":"Kurt Farka","date":"June 29, 2020","format":false,"excerpt":"L\u00ebkundje t\u00ebrmeti n\u00eb Shqip\u00ebri 00.12, ja ku ishte epiqendra dhe magnituda 30 Qershor 2020 | 00 : 12 Nj\u00eb l\u00ebkundje e leht\u00eb t\u00ebrmeti \u00ebsht\u00eb regjistruar mbr\u00ebmjen e sotme n\u00eb vendin ton\u00eb. Paraprakisht b\u00ebhet me dije se t\u00ebrmeti ka pasur nj\u00eb magnitud\u00eb prej 3.4, nd\u00ebrsa epiqendra ndryshe nga her\u00ebt e tjera\u2026","rel":"","context":"In &quot;Blogu i Udh\u00ebtarit&quot;","block_context":{"text":"Blogu i Udh\u00ebtarit","link":"https:\/\/www.shqiperia.com\/blog\/category\/blogu-i-udhetarit\/"},"img":{"alt_text":"","src":"https:\/\/i0.wp.com\/www.shqiperia.com\/blog\/wp-content\/uploads\/2020\/06\/160.jpg?fit=402%2C201&ssl=1&resize=350%2C200","width":350,"height":200},"classes":[]}],"_links":{"self":[{"href":"https:\/\/www.shqiperia.com\/blog\/wp-json\/wp\/v2\/posts\/106030","targetHints":{"allow":["GET"]}}],"collection":[{"href":"https:\/\/www.shqiperia.com\/blog\/wp-json\/wp\/v2\/posts"}],"about":[{"href":"https:\/\/www.shqiperia.com\/blog\/wp-json\/wp\/v2\/types\/post"}],"author":[{"embeddable":true,"href":"https:\/\/www.shqiperia.com\/blog\/wp-json\/wp\/v2\/users\/9"}],"replies":[{"embeddable":true,"href":"https:\/\/www.shqiperia.com\/blog\/wp-json\/wp\/v2\/comments?post=106030"}],"version-history":[{"count":1,"href":"https:\/\/www.shqiperia.com\/blog\/wp-json\/wp\/v2\/posts\/106030\/revisions"}],"predecessor-version":[{"id":106032,"href":"https:\/\/www.shqiperia.com\/blog\/wp-json\/wp\/v2\/posts\/106030\/revisions\/106032"}],"wp:featuredmedia":[{"embeddable":true,"href":"https:\/\/www.shqiperia.com\/blog\/wp-json\/wp\/v2\/media\/106031"}],"wp:attachment":[{"href":"https:\/\/www.shqiperia.com\/blog\/wp-json\/wp\/v2\/media?parent=106030"}],"wp:term":[{"taxonomy":"category","embeddable":true,"href":"https:\/\/www.shqiperia.com\/blog\/wp-json\/wp\/v2\/categories?post=106030"},{"taxonomy":"post_tag","embeddable":true,"href":"https:\/\/www.shqiperia.com\/blog\/wp-json\/wp\/v2\/tags?post=106030"}],"curies":[{"name":"wp","href":"https:\/\/api.w.org\/{rel}","templated":true}]}}