{"id":106025,"date":"2026-09-04T22:12:04","date_gmt":"2026-09-04T22:12:04","guid":{"rendered":"https:\/\/www.shqiperia.com\/blog\/?p=106025"},"modified":"2026-09-04T22:14:44","modified_gmt":"2026-09-04T22:14:44","slug":"shkrumbohet-nje-banese-nga-flaket-e-medha-ne-himare","status":"publish","type":"post","link":"https:\/\/www.shqiperia.com\/blog\/shkrumbohet-nje-banese-nga-flaket-e-medha-ne-himare\/","title":{"rendered":"P\u00ebrkeq\u00ebsohet situata nga zjarri n\u00eb Himar\u00eb, digjen 2 banesa, rrezikohen 40 t\u00eb tjera, banor\u00ebt k\u00ebrkojn\u00eb ndihm\u00eb"},"content":{"rendered":"<p><img data-recalc-dims=\"1\" loading=\"lazy\" decoding=\"async\" data-attachment-id=\"106026\" data-permalink=\"https:\/\/www.shqiperia.com\/blog\/shkrumbohet-nje-banese-nga-flaket-e-medha-ne-himare\/800-0-6a9b3c2ac6573\/\" data-orig-file=\"https:\/\/i0.wp.com\/www.shqiperia.com\/blog\/wp-content\/uploads\/2026\/09\/800-0-6a9b3c2ac6573.jpg?fit=800%2C450&amp;ssl=1\" data-orig-size=\"800,450\" data-comments-opened=\"1\" data-image-meta=\"{&quot;aperture&quot;:&quot;0&quot;,&quot;credit&quot;:&quot;&quot;,&quot;camera&quot;:&quot;&quot;,&quot;caption&quot;:&quot;&quot;,&quot;created_timestamp&quot;:&quot;0&quot;,&quot;copyright&quot;:&quot;&quot;,&quot;focal_length&quot;:&quot;0&quot;,&quot;iso&quot;:&quot;0&quot;,&quot;shutter_speed&quot;:&quot;0&quot;,&quot;title&quot;:&quot;&quot;,&quot;orientation&quot;:&quot;0&quot;}\" data-image-title=\"-800-0-6a9b3c2ac6573\" data-image-description=\"\" data-image-caption=\"\" data-medium-file=\"https:\/\/i0.wp.com\/www.shqiperia.com\/blog\/wp-content\/uploads\/2026\/09\/800-0-6a9b3c2ac6573.jpg?fit=300%2C169&amp;ssl=1\" data-large-file=\"https:\/\/i0.wp.com\/www.shqiperia.com\/blog\/wp-content\/uploads\/2026\/09\/800-0-6a9b3c2ac6573.jpg?fit=800%2C450&amp;ssl=1\" class=\"alignnone wp-image-106026\" alt=\"\" src=\"https:\/\/i0.wp.com\/www.shqiperia.com\/blog\/wp-content\/uploads\/2026\/09\/800-0-6a9b3c2ac6573.jpg?resize=596%2C336&#038;ssl=1\" width=\"596\" height=\"336\" srcset=\"https:\/\/i0.wp.com\/www.shqiperia.com\/blog\/wp-content\/uploads\/2026\/09\/800-0-6a9b3c2ac6573.jpg?resize=300%2C169&amp;ssl=1 300w, https:\/\/i0.wp.com\/www.shqiperia.com\/blog\/wp-content\/uploads\/2026\/09\/800-0-6a9b3c2ac6573.jpg?resize=768%2C432&amp;ssl=1 768w, https:\/\/i0.wp.com\/www.shqiperia.com\/blog\/wp-content\/uploads\/2026\/09\/800-0-6a9b3c2ac6573.jpg?resize=450%2C253&amp;ssl=1 450w, https:\/\/i0.wp.com\/www.shqiperia.com\/blog\/wp-content\/uploads\/2026\/09\/800-0-6a9b3c2ac6573.jpg?resize=600%2C338&amp;ssl=1 600w, https:\/\/i0.wp.com\/www.shqiperia.com\/blog\/wp-content\/uploads\/2026\/09\/800-0-6a9b3c2ac6573.jpg?resize=400%2C225&amp;ssl=1 400w, https:\/\/i0.wp.com\/www.shqiperia.com\/blog\/wp-content\/uploads\/2026\/09\/800-0-6a9b3c2ac6573.jpg?w=800&amp;ssl=1 800w\" sizes=\"auto, (max-width: 596px) 100vw, 596px\" \/><\/p>\n<p>4 Shtator 2026<\/p>\n<p>Kjo \u00ebsht\u00eb nj\u00eb nga banesat e p\u00ebrfshira nga zjarri i fuqish\u00ebm n\u00eb Himar\u00eb. Banesa \u00ebsht\u00eb p\u00ebrfshir\u00eb e gjitha nga flak\u00ebt dhe \u00ebsht\u00eb shkrumbuar plot\u00ebsisht.<\/p>\n<p>Situata paraqitet e v\u00ebshtir\u00eb p\u00ebr zjarrfik\u00ebsit, t\u00eb cil\u00ebt vijojn\u00eb t\u00eb jen\u00eb n\u00eb terren, duke punuar p\u00ebr shuarjen dhe izolimin e flak\u00ebve, me q\u00ebllim parandalimin e p\u00ebrhapjes s\u00eb m\u00ebtejshme t\u00eb zjarrit.<\/p>\n<p>N\u00eb video duken pamjet e frikshme, teksa flak\u00ebt u afrohen me shpejt\u00ebsi banesave t\u00eb tjera n\u00eb zon\u00eb.<\/p>\n<p>Nd\u00ebrkoh\u00eb, banor\u00ebt b\u00ebjn\u00eb apel p\u00ebr ndihm\u00eb, nd\u00ebrsa flak\u00ebt po u afrohen sht\u00ebpive t\u00eb tjera n\u00eb qytet.<\/p>\n","protected":false},"excerpt":{"rendered":"<p>4 Shtator 2026 Kjo \u00ebsht\u00eb nj\u00eb nga banesat e p\u00ebrfshira nga zjarri i fuqish\u00ebm n\u00eb Himar\u00eb. Banesa \u00ebsht\u00eb p\u00ebrfshir\u00eb e gjitha nga flak\u00ebt dhe \u00ebsht\u00eb shkrumbuar plot\u00ebsisht. Situata paraqitet e v\u00ebshtir\u00eb p\u00ebr zjarrfik\u00ebsit, t\u00eb cil\u00ebt vijojn\u00eb t\u00eb jen\u00eb n\u00eb terren, duke punuar p\u00ebr shuarjen dhe izolimin e flak\u00ebve, me q\u00ebllim parandalimin e p\u00ebrhapjes s\u00eb m\u00ebtejshme [&hellip;]<\/p>\n","protected":false},"author":9,"featured_media":106026,"comment_status":"open","ping_status":"open","sticky":false,"template":"","format":"standard","meta":{"jetpack_post_was_ever_published":false,"_jetpack_newsletter_access":"","_jetpack_dont_email_post_to_subs":false,"_jetpack_newsletter_tier_id":0,"_jetpack_memberships_contains_paywalled_content":false,"_jetpack_memberships_contains_paid_content":false,"footnotes":"","jetpack_publicize_message":"","jetpack_publicize_feature_enabled":true,"jetpack_social_post_already_shared":true,"jetpack_social_options":{"image_generator_settings":{"template":"highway","default_image_id":0,"font":"","enabled":false},"version":2}},"categories":[27,1,35],"tags":[],"class_list":["post-106025","post","type-post","status-publish","format-standard","has-post-thumbnail","hentry","category-blogu-i-udhetarit","category-njoftime-shtypi","category-shoqerore"],"jetpack_publicize_connections":[],"jetpack_featured_media_url":"https:\/\/i0.wp.com\/www.shqiperia.com\/blog\/wp-content\/uploads\/2026\/09\/800-0-6a9b3c2ac6573.jpg?fit=800%2C450&ssl=1","jetpack_sharing_enabled":true,"jetpack_shortlink":"https:\/\/wp.me\/p5Z6wp-rA5","jetpack-related-posts":[{"id":106018,"url":"https:\/\/www.shqiperia.com\/blog\/lajme-katastrofe-ku-po-shkojme-zjarri-apokaliptik-ne-himare-po-perhapet-me-shpejtesi-bashkia-thirrje-banoreve-dhe-turisteve-largohuni-nga-zonat-me-rrezik\/","url_meta":{"origin":106025,"position":0},"title":"Lajme katastrofe, Ku po shkojm\u00eb. &#8211; Zjarri apokaliptik n\u00eb Himar\u00eb po p\u00ebrhapet me shpejt\u00ebsi, bashkia thirrje banor\u00ebve dhe turist\u00ebve: Largohuni nga zonat me rrezik","author":"Kurt Farka","date":"September 4, 2026","format":false,"excerpt":"4 Shtator 2026 Zjarri n\u00eb Himar\u00eb po merr p\u00ebrmasa t\u00eb frikshme dhe po p\u00ebrhapet me shpejt\u00ebsi n\u00eb zonat e banuara. Si\u00e7 ka raportuar edhe m\u00eb her\u00ebt korrespondenti i Top Channel Mikel Marsi, nj\u00eb banes\u00eb \u00ebsht\u00eb shkrumbuar nd\u00ebrsa rrezikohen m\u00eb shum\u00eb se 40 sht\u00ebpi dhe hotele. Bashkia e Himar\u00ebs ka dal\u00eb\u2026","rel":"","context":"In &quot;Blogu i Udh\u00ebtarit&quot;","block_context":{"text":"Blogu i Udh\u00ebtarit","link":"https:\/\/www.shqiperia.com\/blog\/category\/blogu-i-udhetarit\/"},"img":{"alt_text":"","src":"https:\/\/i0.wp.com\/www.shqiperia.com\/blog\/wp-content\/uploads\/2026\/09\/Zjarri-ne-Himare-4-Shtator-2026.webp?fit=1200%2C675&ssl=1&resize=350%2C200","width":350,"height":200,"srcset":"https:\/\/i0.wp.com\/www.shqiperia.com\/blog\/wp-content\/uploads\/2026\/09\/Zjarri-ne-Himare-4-Shtator-2026.webp?fit=1200%2C675&ssl=1&resize=350%2C200 1x, https:\/\/i0.wp.com\/www.shqiperia.com\/blog\/wp-content\/uploads\/2026\/09\/Zjarri-ne-Himare-4-Shtator-2026.webp?fit=1200%2C675&ssl=1&resize=525%2C300 1.5x, https:\/\/i0.wp.com\/www.shqiperia.com\/blog\/wp-content\/uploads\/2026\/09\/Zjarri-ne-Himare-4-Shtator-2026.webp?fit=1200%2C675&ssl=1&resize=700%2C400 2x, https:\/\/i0.wp.com\/www.shqiperia.com\/blog\/wp-content\/uploads\/2026\/09\/Zjarri-ne-Himare-4-Shtator-2026.webp?fit=1200%2C675&ssl=1&resize=1050%2C600 3x"},"classes":[]},{"id":106033,"url":"https:\/\/www.shqiperia.com\/blog\/zjarret-ne-himare-kryebashkiaku-vangjel-tavo-thirrje-per-banoret-largohuni-nga-zonat-e-rrezikuara\/","url_meta":{"origin":106025,"position":1},"title":"Zjarret n\u00eb Himar\u00eb, kryebashkiaku Vangjel Tavo thirrje p\u00ebr banor\u00ebt: &#8211; Largohuni nga zonat e rrezikuara","author":"Kurt Farka","date":"September 4, 2026","format":false,"excerpt":"\u00a04 Shtator 2026 Situata e r\u00ebnd\u00eb zjarri \u00ebsht\u00eb raportuar n\u00eb zon\u00ebn e Himar\u00ebs, me flak\u00ebt q\u00eb po p\u00ebrparojn\u00eb n\u00eb drejtim t\u00eb zonave t\u00eb banuara. P\u00ebr shkak t\u00eb rrezikut t\u00eb p\u00ebrhapjes s\u00eb zjarrit, banor\u00ebve u \u00ebsht\u00eb b\u00ebr\u00eb thirrje urgjente t\u00eb largohen nga banesat, bizneset apo ambientet e tjera q\u00eb mund t\u00eb\u2026","rel":"","context":"In &quot;Blogu i Udh\u00ebtarit&quot;","block_context":{"text":"Blogu i Udh\u00ebtarit","link":"https:\/\/www.shqiperia.com\/blog\/category\/blogu-i-udhetarit\/"},"img":{"alt_text":"","src":"https:\/\/i0.wp.com\/www.shqiperia.com\/blog\/wp-content\/uploads\/2026\/09\/zjarret-tavoooooooo.jpg?fit=800%2C400&ssl=1&resize=350%2C200","width":350,"height":200,"srcset":"https:\/\/i0.wp.com\/www.shqiperia.com\/blog\/wp-content\/uploads\/2026\/09\/zjarret-tavoooooooo.jpg?fit=800%2C400&ssl=1&resize=350%2C200 1x, https:\/\/i0.wp.com\/www.shqiperia.com\/blog\/wp-content\/uploads\/2026\/09\/zjarret-tavoooooooo.jpg?fit=800%2C400&ssl=1&resize=525%2C300 1.5x, https:\/\/i0.wp.com\/www.shqiperia.com\/blog\/wp-content\/uploads\/2026\/09\/zjarret-tavoooooooo.jpg?fit=800%2C400&ssl=1&resize=700%2C400 2x"},"classes":[]},{"id":106036,"url":"https:\/\/www.shqiperia.com\/blog\/ore-kritike-per-himaren-kerkohet-nderhyrje-urgjente-flaket-afrohen-me-shpejtesi-drejt-qytetit-banoret-ne-panik-disa-shtepi-jane-rrethuar-nga-zjarri\/","url_meta":{"origin":106025,"position":2},"title":"Or\u00eb kritike p\u00ebr Himar\u00ebn\/ K\u00ebrkohet nd\u00ebrhyrje urgjente, flak\u00ebt afrohen me shpejt\u00ebsi drejt qytetit, banor\u00ebt n\u00eb panik: &#8211; Disa sht\u00ebpi jan\u00eb rrethuar nga zjarri","author":"Kurt Farka","date":"September 4, 2026","format":false,"excerpt":"4 Shtator 2026 Or\u00eb kritike p\u00ebr Himar\u00ebn. Zjarri ka p\u00ebrfshir\u00eb sip\u00ebrfaqe t\u00eb m\u00ebdha toke. Qytetar\u00ebt k\u00ebrkojn\u00eb nd\u00ebrhyrje t\u00eb menj\u00ebhershme, nd\u00ebrsa flak\u00ebt po afrohen me shpejt\u00ebsi drejt qytetit. \u201cK\u00ebrkohet nd\u00ebrhyrje urgjente, disa sht\u00ebpi jan\u00eb rrethuar nga zjarri. Nuk dihet n\u00ebse ka pasur banor\u00eb brenda. Zjarri po I afrohet qytetit. K\u00ebrkojm\u00eb ndihm\u00eb\u201d,\u2026","rel":"","context":"In &quot;Blogu i Udh\u00ebtarit&quot;","block_context":{"text":"Blogu i Udh\u00ebtarit","link":"https:\/\/www.shqiperia.com\/blog\/category\/blogu-i-udhetarit\/"},"img":{"alt_text":"","src":"https:\/\/i0.wp.com\/www.shqiperia.com\/blog\/wp-content\/uploads\/2026\/09\/800-0-6a9b35c69f21e.jpg?fit=800%2C450&ssl=1&resize=350%2C200","width":350,"height":200,"srcset":"https:\/\/i0.wp.com\/www.shqiperia.com\/blog\/wp-content\/uploads\/2026\/09\/800-0-6a9b35c69f21e.jpg?fit=800%2C450&ssl=1&resize=350%2C200 1x, https:\/\/i0.wp.com\/www.shqiperia.com\/blog\/wp-content\/uploads\/2026\/09\/800-0-6a9b35c69f21e.jpg?fit=800%2C450&ssl=1&resize=525%2C300 1.5x, https:\/\/i0.wp.com\/www.shqiperia.com\/blog\/wp-content\/uploads\/2026\/09\/800-0-6a9b35c69f21e.jpg?fit=800%2C450&ssl=1&resize=700%2C400 2x"},"classes":[]},{"id":104023,"url":"https:\/\/www.shqiperia.com\/blog\/po-digjet-qyteti-situate-dramatike-ne-kruje-flaket-gjigante-perparojne-drejt-banesave-digjen-disa-prej-tyre\/","url_meta":{"origin":106025,"position":3},"title":"\u201cPo digjet qyteti!\u201d\/ Situat\u00eb dramatike n\u00eb Kruj\u00eb, flak\u00ebt gjigante p\u00ebrparojn\u00eb drejt banesave, digjen disa prej tyre","author":"Kurt Farka","date":"August 9, 2026","format":false,"excerpt":"9 Korrik 2025 Nga Ballkanweb Sipas lajmit t\u00eb mbrmshem\u00a0 08 Gusht, 2026 22:20. Situata paraqitet tejet dramatike n\u00eb Kruj\u00eb, ku flak\u00ebt e zjarrit po p\u00ebrhapen me shpejt\u00ebsi n\u00eb drejtim t\u00eb zonave t\u00eb banuara, duke rrezikuar seriozisht banesat dhe qytetar\u00ebt. Sipas raportimeve t\u00eb qytetar\u00ebve pran\u00eb\u00a0BalkanWeb, zjarri ka dal\u00eb jasht\u00eb kontrollit n\u00eb\u2026","rel":"","context":"In &quot;Blogu i Udh\u00ebtarit&quot;","block_context":{"text":"Blogu i Udh\u00ebtarit","link":"https:\/\/www.shqiperia.com\/blog\/category\/blogu-i-udhetarit\/"},"img":{"alt_text":"","src":"https:\/\/i0.wp.com\/www.shqiperia.com\/blog\/wp-content\/uploads\/2026\/08\/Krujaa.jpg?fit=596%2C524&ssl=1&resize=350%2C200","width":350,"height":200,"srcset":"https:\/\/i0.wp.com\/www.shqiperia.com\/blog\/wp-content\/uploads\/2026\/08\/Krujaa.jpg?fit=596%2C524&ssl=1&resize=350%2C200 1x, https:\/\/i0.wp.com\/www.shqiperia.com\/blog\/wp-content\/uploads\/2026\/08\/Krujaa.jpg?fit=596%2C524&ssl=1&resize=525%2C300 1.5x"},"classes":[]},{"id":105407,"url":"https:\/\/www.shqiperia.com\/blog\/zjarri-ne-vranisht-te-vlores-perfshihet-nga-flaket-nje-banese-digjen-dhe-disa-hektare-siperfaqe-pyjore\/","url_meta":{"origin":106025,"position":4},"title":"Zjarri n\u00eb Vranisht t\u00eb Vlor\u00ebs, p\u00ebrfshihet nga flak\u00ebt nj\u00eb banes\u00eb, digjen dhe disa hektar\u00eb sip\u00ebrfaqe pyjore","author":"Kurt Farka","date":"August 28, 2026","format":false,"excerpt":"28 Gusht 2026 Nj\u00eb banes\u00eb e pabanuar \u00ebsht\u00eb p\u00ebrfshir\u00eb nga flak\u00ebt, nd\u00ebrsa zjarri ka p\u00ebrfshir\u00eb disa hektar\u00eb me pisha dhe sip\u00ebrfaqe pyjore n\u00eb fshatin Vranisht t\u00eb bashkis\u00eb Himar\u00eb. Situata paraqitet e v\u00ebshtir\u00eb p\u00ebr shkak t\u00eb er\u00ebrave t\u00eb forta dhe temperaturave t\u00eb larta, nd\u00ebrsa flak\u00ebt vijojn\u00eb t\u00eb jen\u00eb aktive dhe rrezikojn\u00eb\u2026","rel":"","context":"In &quot;Blogu i Udh\u00ebtarit&quot;","block_context":{"text":"Blogu i Udh\u00ebtarit","link":"https:\/\/www.shqiperia.com\/blog\/category\/blogu-i-udhetarit\/"},"img":{"alt_text":"","src":"https:\/\/i0.wp.com\/www.shqiperia.com\/blog\/wp-content\/uploads\/2026\/08\/Untitled-design-42.webp?fit=1200%2C675&ssl=1&resize=350%2C200","width":350,"height":200,"srcset":"https:\/\/i0.wp.com\/www.shqiperia.com\/blog\/wp-content\/uploads\/2026\/08\/Untitled-design-42.webp?fit=1200%2C675&ssl=1&resize=350%2C200 1x, https:\/\/i0.wp.com\/www.shqiperia.com\/blog\/wp-content\/uploads\/2026\/08\/Untitled-design-42.webp?fit=1200%2C675&ssl=1&resize=525%2C300 1.5x, https:\/\/i0.wp.com\/www.shqiperia.com\/blog\/wp-content\/uploads\/2026\/08\/Untitled-design-42.webp?fit=1200%2C675&ssl=1&resize=700%2C400 2x, https:\/\/i0.wp.com\/www.shqiperia.com\/blog\/wp-content\/uploads\/2026\/08\/Untitled-design-42.webp?fit=1200%2C675&ssl=1&resize=1050%2C600 3x"},"classes":[]},{"id":104318,"url":"https:\/\/www.shqiperia.com\/blog\/zjarri-ne-lagjen-abaze-te-krujes-mbetet-aktiv-flaket-afrohen-prane-banesave\/","url_meta":{"origin":106025,"position":5},"title":"Zjarri n\u00eb lagjen Abaze t\u00eb Kruj\u00ebs mbetet aktiv, flak\u00ebt afrohen pran\u00eb banesave","author":"Kurt Farka","date":"August 13, 2026","format":false,"excerpt":"13 Gusht 2026 Situata n\u00eb lagjen Abaze t\u00eb Kruj\u00ebs \u00ebsht\u00eb kritike. Zjarri ka marr\u00eb p\u00ebrmasa m\u00eb t\u00eb m\u00ebdha gjat\u00eb nat\u00ebs, nd\u00ebrsa raportohet se flak\u00ebt jan\u00eb afruar pran\u00eb banesave. N\u00eb mb\u00ebshtetje t\u00eb strukturave t\u00eb emergjencave jan\u00eb angazhuar edhe efektiv\u00eb t\u00eb Forcave t\u00eb Armatosura. Sipas Ministris\u00eb s\u00eb Mbrojtjes, nd\u00ebrhyrje t\u00eb Forcave t\u00eb\u2026","rel":"","context":"In &quot;Blogu i Udh\u00ebtarit&quot;","block_context":{"text":"Blogu i Udh\u00ebtarit","link":"https:\/\/www.shqiperia.com\/blog\/category\/blogu-i-udhetarit\/"},"img":{"alt_text":"","src":"https:\/\/i0.wp.com\/www.shqiperia.com\/blog\/wp-content\/uploads\/2026\/08\/zjarrrr-2-735x450-1.jpg?fit=735%2C450&ssl=1&resize=350%2C200","width":350,"height":200,"srcset":"https:\/\/i0.wp.com\/www.shqiperia.com\/blog\/wp-content\/uploads\/2026\/08\/zjarrrr-2-735x450-1.jpg?fit=735%2C450&ssl=1&resize=350%2C200 1x, https:\/\/i0.wp.com\/www.shqiperia.com\/blog\/wp-content\/uploads\/2026\/08\/zjarrrr-2-735x450-1.jpg?fit=735%2C450&ssl=1&resize=525%2C300 1.5x, https:\/\/i0.wp.com\/www.shqiperia.com\/blog\/wp-content\/uploads\/2026\/08\/zjarrrr-2-735x450-1.jpg?fit=735%2C450&ssl=1&resize=700%2C400 2x"},"classes":[]}],"_links":{"self":[{"href":"https:\/\/www.shqiperia.com\/blog\/wp-json\/wp\/v2\/posts\/106025","targetHints":{"allow":["GET"]}}],"collection":[{"href":"https:\/\/www.shqiperia.com\/blog\/wp-json\/wp\/v2\/posts"}],"about":[{"href":"https:\/\/www.shqiperia.com\/blog\/wp-json\/wp\/v2\/types\/post"}],"author":[{"embeddable":true,"href":"https:\/\/www.shqiperia.com\/blog\/wp-json\/wp\/v2\/users\/9"}],"replies":[{"embeddable":true,"href":"https:\/\/www.shqiperia.com\/blog\/wp-json\/wp\/v2\/comments?post=106025"}],"version-history":[{"count":3,"href":"https:\/\/www.shqiperia.com\/blog\/wp-json\/wp\/v2\/posts\/106025\/revisions"}],"predecessor-version":[{"id":106029,"href":"https:\/\/www.shqiperia.com\/blog\/wp-json\/wp\/v2\/posts\/106025\/revisions\/106029"}],"wp:featuredmedia":[{"embeddable":true,"href":"https:\/\/www.shqiperia.com\/blog\/wp-json\/wp\/v2\/media\/106026"}],"wp:attachment":[{"href":"https:\/\/www.shqiperia.com\/blog\/wp-json\/wp\/v2\/media?parent=106025"}],"wp:term":[{"taxonomy":"category","embeddable":true,"href":"https:\/\/www.shqiperia.com\/blog\/wp-json\/wp\/v2\/categories?post=106025"},{"taxonomy":"post_tag","embeddable":true,"href":"https:\/\/www.shqiperia.com\/blog\/wp-json\/wp\/v2\/tags?post=106025"}],"curies":[{"name":"wp","href":"https:\/\/api.w.org\/{rel}","templated":true}]}}