{"id":106018,"date":"2026-09-04T22:04:36","date_gmt":"2026-09-04T22:04:36","guid":{"rendered":"https:\/\/www.shqiperia.com\/blog\/?p=106018"},"modified":"2026-09-04T22:09:08","modified_gmt":"2026-09-04T22:09:08","slug":"lajme-katastrofe-ku-po-shkojme-zjarri-apokaliptik-ne-himare-po-perhapet-me-shpejtesi-bashkia-thirrje-banoreve-dhe-turisteve-largohuni-nga-zonat-me-rrezik","status":"publish","type":"post","link":"https:\/\/www.shqiperia.com\/blog\/lajme-katastrofe-ku-po-shkojme-zjarri-apokaliptik-ne-himare-po-perhapet-me-shpejtesi-bashkia-thirrje-banoreve-dhe-turisteve-largohuni-nga-zonat-me-rrezik\/","title":{"rendered":"Lajme katastrofe, Ku po shkojm\u00eb. &#8211; Zjarri apokaliptik n\u00eb Himar\u00eb po p\u00ebrhapet me shpejt\u00ebsi, bashkia thirrje banor\u00ebve dhe turist\u00ebve: Largohuni nga zonat me rrezik"},"content":{"rendered":"<div class=\"firstP\">\n<div id=\"attachment_106019\" style=\"width: 670px\" class=\"wp-caption alignnone\"><img data-recalc-dims=\"1\" loading=\"lazy\" decoding=\"async\" aria-describedby=\"caption-attachment-106019\" data-attachment-id=\"106019\" data-permalink=\"https:\/\/www.shqiperia.com\/blog\/lajme-katastrofe-ku-po-shkojme-zjarri-apokaliptik-ne-himare-po-perhapet-me-shpejtesi-bashkia-thirrje-banoreve-dhe-turisteve-largohuni-nga-zonat-me-rrezik\/zjarri-ne-himare-4-shtator-2026\/\" data-orig-file=\"https:\/\/i0.wp.com\/www.shqiperia.com\/blog\/wp-content\/uploads\/2026\/09\/Zjarri-ne-Himare-4-Shtator-2026.webp?fit=1280%2C720&amp;ssl=1\" data-orig-size=\"1280,720\" data-comments-opened=\"1\" data-image-meta=\"{&quot;aperture&quot;:&quot;0&quot;,&quot;credit&quot;:&quot;&quot;,&quot;camera&quot;:&quot;&quot;,&quot;caption&quot;:&quot;&quot;,&quot;created_timestamp&quot;:&quot;0&quot;,&quot;copyright&quot;:&quot;&quot;,&quot;focal_length&quot;:&quot;0&quot;,&quot;iso&quot;:&quot;0&quot;,&quot;shutter_speed&quot;:&quot;0&quot;,&quot;title&quot;:&quot;&quot;,&quot;orientation&quot;:&quot;0&quot;}\" data-image-title=\"Zjarri n\u00eb Himar\u00eb, 4 Shtator 2026\" data-image-description=\"\" data-image-caption=\"&lt;p&gt;Zjarri n\u00eb Himar\u00eb, 4 Shtator 2026&lt;\/p&gt;\n\" data-medium-file=\"https:\/\/i0.wp.com\/www.shqiperia.com\/blog\/wp-content\/uploads\/2026\/09\/Zjarri-ne-Himare-4-Shtator-2026.webp?fit=300%2C169&amp;ssl=1\" data-large-file=\"https:\/\/i0.wp.com\/www.shqiperia.com\/blog\/wp-content\/uploads\/2026\/09\/Zjarri-ne-Himare-4-Shtator-2026.webp?fit=1024%2C576&amp;ssl=1\" class=\" wp-image-106019\" alt=\"\" src=\"https:\/\/i0.wp.com\/www.shqiperia.com\/blog\/wp-content\/uploads\/2026\/09\/Zjarri-ne-Himare-4-Shtator-2026.webp?resize=660%2C372&#038;ssl=1\" width=\"660\" height=\"372\" srcset=\"https:\/\/i0.wp.com\/www.shqiperia.com\/blog\/wp-content\/uploads\/2026\/09\/Zjarri-ne-Himare-4-Shtator-2026.webp?resize=300%2C169&amp;ssl=1 300w, https:\/\/i0.wp.com\/www.shqiperia.com\/blog\/wp-content\/uploads\/2026\/09\/Zjarri-ne-Himare-4-Shtator-2026.webp?resize=1024%2C576&amp;ssl=1 1024w, https:\/\/i0.wp.com\/www.shqiperia.com\/blog\/wp-content\/uploads\/2026\/09\/Zjarri-ne-Himare-4-Shtator-2026.webp?resize=768%2C432&amp;ssl=1 768w, https:\/\/i0.wp.com\/www.shqiperia.com\/blog\/wp-content\/uploads\/2026\/09\/Zjarri-ne-Himare-4-Shtator-2026.webp?resize=450%2C253&amp;ssl=1 450w, https:\/\/i0.wp.com\/www.shqiperia.com\/blog\/wp-content\/uploads\/2026\/09\/Zjarri-ne-Himare-4-Shtator-2026.webp?resize=600%2C338&amp;ssl=1 600w, https:\/\/i0.wp.com\/www.shqiperia.com\/blog\/wp-content\/uploads\/2026\/09\/Zjarri-ne-Himare-4-Shtator-2026.webp?resize=400%2C225&amp;ssl=1 400w, https:\/\/i0.wp.com\/www.shqiperia.com\/blog\/wp-content\/uploads\/2026\/09\/Zjarri-ne-Himare-4-Shtator-2026.webp?w=1280&amp;ssl=1 1280w\" sizes=\"auto, (max-width: 660px) 100vw, 660px\" \/><p id=\"caption-attachment-106019\" class=\"wp-caption-text\">Zjarri n\u00eb Himar\u00eb, 4 Shtator 2026<\/p><\/div>\n<p>4 Shtator 2026<\/p>\n<p>Zjarri n\u00eb Himar\u00eb po merr p\u00ebrmasa t\u00eb frikshme dhe po p\u00ebrhapet me shpejt\u00ebsi n\u00eb zonat e banuara.<\/p>\n<\/div>\n<p>Si\u00e7 ka raportuar edhe m\u00eb her\u00ebt korrespondenti i Top Channel Mikel Marsi, nj\u00eb banes\u00eb \u00ebsht\u00eb shkrumbuar nd\u00ebrsa rrezikohen m\u00eb shum\u00eb se 40 sht\u00ebpi dhe hotele.<\/p>\n<p>Bashkia e Himar\u00ebs ka dal\u00eb me nj\u00eb njoftim ku u k\u00ebrkon banor\u00ebve dhe turist\u00ebve q\u00eb ndodhen n\u00eb zonat pran\u00eb rrezikut t\u00eb largohen dhe t\u00eb kontaktojn\u00eb me autoritetet.<\/p>\n<p>Situata paraqitet e v\u00ebshtir\u00eb p\u00ebr zjarrfik\u00ebsit, t\u00eb cil\u00ebt vijojn\u00eb t\u00eb jen\u00eb n\u00eb terren, duke punuar p\u00ebr shuarjen dhe izolimin e flak\u00ebve, me q\u00ebllim parandalimin e p\u00ebrhapjes s\u00eb m\u00ebtejshme t\u00eb zjarrit.<\/p>\n<div id=\"attachment_106023\" style=\"width: 807px\" class=\"wp-caption alignnone\"><img data-recalc-dims=\"1\" loading=\"lazy\" decoding=\"async\" aria-describedby=\"caption-attachment-106023\" data-attachment-id=\"106023\" data-permalink=\"https:\/\/www.shqiperia.com\/blog\/lajme-katastrofe-ku-po-shkojme-zjarri-apokaliptik-ne-himare-po-perhapet-me-shpejtesi-bashkia-thirrje-banoreve-dhe-turisteve-largohuni-nga-zonat-me-rrezik\/himare-zjarri-i-afrohet-banesave\/\" data-orig-file=\"https:\/\/i0.wp.com\/www.shqiperia.com\/blog\/wp-content\/uploads\/2026\/09\/Himare-zjarri-i-afrohet-banesave.jpg?fit=1614%2C1329&amp;ssl=1\" data-orig-size=\"1614,1329\" data-comments-opened=\"1\" data-image-meta=\"{&quot;aperture&quot;:&quot;0&quot;,&quot;credit&quot;:&quot;&quot;,&quot;camera&quot;:&quot;&quot;,&quot;caption&quot;:&quot;&quot;,&quot;created_timestamp&quot;:&quot;1788559570&quot;,&quot;copyright&quot;:&quot;&quot;,&quot;focal_length&quot;:&quot;0&quot;,&quot;iso&quot;:&quot;0&quot;,&quot;shutter_speed&quot;:&quot;0&quot;,&quot;title&quot;:&quot;&quot;,&quot;orientation&quot;:&quot;0&quot;}\" data-image-title=\"Himar\u00eb zjarri i afrohet banesave\" data-image-description=\"\" data-image-caption=\"&lt;p&gt;Himar\u00eb zjarri i afrohet banesave&lt;\/p&gt;\n\" data-medium-file=\"https:\/\/i0.wp.com\/www.shqiperia.com\/blog\/wp-content\/uploads\/2026\/09\/Himare-zjarri-i-afrohet-banesave.jpg?fit=300%2C247&amp;ssl=1\" data-large-file=\"https:\/\/i0.wp.com\/www.shqiperia.com\/blog\/wp-content\/uploads\/2026\/09\/Himare-zjarri-i-afrohet-banesave.jpg?fit=1024%2C843&amp;ssl=1\" class=\" wp-image-106023\" alt=\"\" src=\"https:\/\/i0.wp.com\/www.shqiperia.com\/blog\/wp-content\/uploads\/2026\/09\/Himare-zjarri-i-afrohet-banesave.jpg?resize=797%2C656&#038;ssl=1\" width=\"797\" height=\"656\" srcset=\"https:\/\/i0.wp.com\/www.shqiperia.com\/blog\/wp-content\/uploads\/2026\/09\/Himare-zjarri-i-afrohet-banesave.jpg?resize=300%2C247&amp;ssl=1 300w, https:\/\/i0.wp.com\/www.shqiperia.com\/blog\/wp-content\/uploads\/2026\/09\/Himare-zjarri-i-afrohet-banesave.jpg?resize=1024%2C843&amp;ssl=1 1024w, https:\/\/i0.wp.com\/www.shqiperia.com\/blog\/wp-content\/uploads\/2026\/09\/Himare-zjarri-i-afrohet-banesave.jpg?resize=768%2C632&amp;ssl=1 768w, https:\/\/i0.wp.com\/www.shqiperia.com\/blog\/wp-content\/uploads\/2026\/09\/Himare-zjarri-i-afrohet-banesave.jpg?resize=1536%2C1265&amp;ssl=1 1536w, https:\/\/i0.wp.com\/www.shqiperia.com\/blog\/wp-content\/uploads\/2026\/09\/Himare-zjarri-i-afrohet-banesave.jpg?resize=450%2C371&amp;ssl=1 450w, https:\/\/i0.wp.com\/www.shqiperia.com\/blog\/wp-content\/uploads\/2026\/09\/Himare-zjarri-i-afrohet-banesave.jpg?resize=600%2C494&amp;ssl=1 600w, https:\/\/i0.wp.com\/www.shqiperia.com\/blog\/wp-content\/uploads\/2026\/09\/Himare-zjarri-i-afrohet-banesave.jpg?resize=1500%2C1235&amp;ssl=1 1500w, https:\/\/i0.wp.com\/www.shqiperia.com\/blog\/wp-content\/uploads\/2026\/09\/Himare-zjarri-i-afrohet-banesave.jpg?resize=1300%2C1070&amp;ssl=1 1300w, https:\/\/i0.wp.com\/www.shqiperia.com\/blog\/wp-content\/uploads\/2026\/09\/Himare-zjarri-i-afrohet-banesave.jpg?resize=400%2C329&amp;ssl=1 400w, https:\/\/i0.wp.com\/www.shqiperia.com\/blog\/wp-content\/uploads\/2026\/09\/Himare-zjarri-i-afrohet-banesave.jpg?w=1614&amp;ssl=1 1614w\" sizes=\"auto, (max-width: 797px) 100vw, 797px\" \/><p id=\"caption-attachment-106023\" class=\"wp-caption-text\">Himar\u00eb zjarri i afrohet banesave<\/p><\/div>\n<p>Nd\u00ebrkoh\u00eb banor\u00ebt b\u00ebjn\u00eb apel p\u00ebr ndihm\u00eb, nd\u00ebrsa flak\u00ebt po u afrohen sht\u00ebpive t\u00eb tjera n\u00eb qytet.<\/p>\n<p>N\u00eb ndihm\u00eb \u00ebsht\u00eb nisur nj\u00eb zjarrfik\u00ebse nga Vlora, Finiqi, Delvina, Saranda, 50 forca i<br \/>\nUshtarake nga Gjirokastra dhe 3 mjete t\u00eb Himar\u00ebs. Po ashtu dy ambulanca nga Vlora jan\u00eb nisur drejt Himar\u00ebs.<\/p>\n<p>P\u00ebr shkak t\u00eb p\u00ebrhapjes s\u00eb shpejt\u00eb t\u00eb flak\u00ebve dhe er\u00ebs, situata \u00ebsht\u00eb r\u00ebnduar ndjesh\u00ebm, nd\u00ebrsa ka nisur edhe evakuimi i banor\u00ebve, por edhe i turist\u00ebve q\u00eb ndodhen n\u00eb hotelet e Himar\u00ebs.<\/p>\n<p>Era dhe terreni i v\u00ebshtir\u00eb po favorizojn\u00eb p\u00ebrhapjen e flak\u00ebve, duke e b\u00ebr\u00eb nd\u00ebrhyrjen e forcave zjarrfik\u00ebse edhe m\u00eb t\u00eb v\u00ebshtir\u00eb.<\/p>\n","protected":false},"excerpt":{"rendered":"<p>4 Shtator 2026 Zjarri n\u00eb Himar\u00eb po merr p\u00ebrmasa t\u00eb frikshme dhe po p\u00ebrhapet me shpejt\u00ebsi n\u00eb zonat e banuara. Si\u00e7 ka raportuar edhe m\u00eb her\u00ebt korrespondenti i Top Channel Mikel Marsi, nj\u00eb banes\u00eb \u00ebsht\u00eb shkrumbuar nd\u00ebrsa rrezikohen m\u00eb shum\u00eb se 40 sht\u00ebpi dhe hotele. Bashkia e Himar\u00ebs ka dal\u00eb me nj\u00eb njoftim ku u [&hellip;]<\/p>\n","protected":false},"author":9,"featured_media":106019,"comment_status":"open","ping_status":"open","sticky":false,"template":"","format":"standard","meta":{"jetpack_post_was_ever_published":false,"_jetpack_newsletter_access":"","_jetpack_dont_email_post_to_subs":false,"_jetpack_newsletter_tier_id":0,"_jetpack_memberships_contains_paywalled_content":false,"_jetpack_memberships_contains_paid_content":false,"footnotes":"","jetpack_publicize_message":"","jetpack_publicize_feature_enabled":true,"jetpack_social_post_already_shared":true,"jetpack_social_options":{"image_generator_settings":{"template":"highway","default_image_id":0,"font":"","enabled":false},"version":2}},"categories":[27,1,2,35],"tags":[],"class_list":["post-106018","post","type-post","status-publish","format-standard","has-post-thumbnail","hentry","category-blogu-i-udhetarit","category-njoftime-shtypi","category-politika","category-shoqerore"],"jetpack_publicize_connections":[],"jetpack_featured_media_url":"https:\/\/i0.wp.com\/www.shqiperia.com\/blog\/wp-content\/uploads\/2026\/09\/Zjarri-ne-Himare-4-Shtator-2026.webp?fit=1280%2C720&ssl=1","jetpack_sharing_enabled":true,"jetpack_shortlink":"https:\/\/wp.me\/p5Z6wp-rzY","jetpack-related-posts":[{"id":104012,"url":"https:\/\/www.shqiperia.com\/blog\/flake-ferri-ne-kruje-bashkia-jep-urdher-evakuimi-per-banoret-e-barabit-dhe-llubanit-zjarri-rrezikon-zonat-e-banuara\/","url_meta":{"origin":106018,"position":0},"title":"Flak\u00eb &#8220;ferri&#8221; n\u00eb Kruj\u00eb, Bashkia jep urdh\u00ebr evakuimi p\u00ebr banor\u00ebt e Barabit dhe Llubanit, zjarri rrezikon zonat e banuara","author":"Kurt Farka","date":"August 8, 2026","format":false,"excerpt":"8 Gusht 2026 Situata e zjarrit n\u00eb Kruj\u00eb ka detyruar autoritetet t\u00eb marrin masa emergjente p\u00ebr mbrojtjen e banor\u00ebve. Bashkia Kruj\u00eb ka urdh\u00ebruar evakuimin e menj\u00ebhersh\u00ebm t\u00eb zon\u00ebs Barabit-Lluban, nd\u00ebrsa strukturat e emergjencave, Policia e Shtetit dhe Forcat e Armatosura jan\u00eb angazhuar p\u00ebr realizimin e evakuimit dhe garantimin e siguris\u00eb\u2026","rel":"","context":"In &quot;Blogu i Udh\u00ebtarit&quot;","block_context":{"text":"Blogu i Udh\u00ebtarit","link":"https:\/\/www.shqiperia.com\/blog\/category\/blogu-i-udhetarit\/"},"img":{"alt_text":"","src":"https:\/\/i0.wp.com\/www.shqiperia.com\/blog\/wp-content\/uploads\/2026\/08\/Delvina-ne-flake-Nate-ferri-dhe-perballje-me-zjarri-ne-delvine-1024x576-1.jpeg?fit=1024%2C576&ssl=1&resize=350%2C200","width":350,"height":200,"srcset":"https:\/\/i0.wp.com\/www.shqiperia.com\/blog\/wp-content\/uploads\/2026\/08\/Delvina-ne-flake-Nate-ferri-dhe-perballje-me-zjarri-ne-delvine-1024x576-1.jpeg?fit=1024%2C576&ssl=1&resize=350%2C200 1x, https:\/\/i0.wp.com\/www.shqiperia.com\/blog\/wp-content\/uploads\/2026\/08\/Delvina-ne-flake-Nate-ferri-dhe-perballje-me-zjarri-ne-delvine-1024x576-1.jpeg?fit=1024%2C576&ssl=1&resize=525%2C300 1.5x, https:\/\/i0.wp.com\/www.shqiperia.com\/blog\/wp-content\/uploads\/2026\/08\/Delvina-ne-flake-Nate-ferri-dhe-perballje-me-zjarri-ne-delvine-1024x576-1.jpeg?fit=1024%2C576&ssl=1&resize=700%2C400 2x"},"classes":[]},{"id":104059,"url":"https:\/\/www.shqiperia.com\/blog\/situate-e-jashtezakonshme-ne-kruje-zjarri-jashte-kontrollit-perfshin-zonat-e-banuara-urdherohet-evakuim-i-menjehershem\/","url_meta":{"origin":106018,"position":1},"title":"Situat\u00eb e jasht\u00ebzakonshme n\u00eb Kruj\u00eb, zjarri jasht\u00eb kontrollit p\u00ebrfshin zonat e banuara, urdh\u00ebrohet evakuim i menj\u00ebhersh\u00ebm","author":"Kurt Farka","date":"August 9, 2026","format":false,"excerpt":"9 Gusht 2026 Bashkia e Kruj\u00ebs ka l\u00ebshuar mbr\u00ebm\u00eb von\u00eb nj\u00eb urdh\u00ebr evakuimi t\u00eb menj\u00ebhersh\u00ebm t\u00eb banor\u00ebve t\u00eb zon\u00ebs s\u00eb Barabit, Lluban, p\u00ebr shkak t\u00eb situat\u00ebs s\u00eb krijuar nga zjarri. Nd\u00ebrhyrja erdhi pas p\u00ebrhapjes s\u00eb videove t\u00eb shumta n\u00eb rrjete sociale ku shiheshin flak\u00eb t\u00eb jasht\u00ebzakonshme q\u00eb po u afroheshin\u2026","rel":"","context":"In &quot;Blogu i Udh\u00ebtarit&quot;","block_context":{"text":"Blogu i Udh\u00ebtarit","link":"https:\/\/www.shqiperia.com\/blog\/category\/blogu-i-udhetarit\/"},"img":{"alt_text":"","src":"https:\/\/i0.wp.com\/www.shqiperia.com\/blog\/wp-content\/uploads\/2026\/08\/Kruje-duke-u-gdhire-data-9-gusht.jpg?fit=900%2C500&ssl=1&resize=350%2C200","width":350,"height":200,"srcset":"https:\/\/i0.wp.com\/www.shqiperia.com\/blog\/wp-content\/uploads\/2026\/08\/Kruje-duke-u-gdhire-data-9-gusht.jpg?fit=900%2C500&ssl=1&resize=350%2C200 1x, https:\/\/i0.wp.com\/www.shqiperia.com\/blog\/wp-content\/uploads\/2026\/08\/Kruje-duke-u-gdhire-data-9-gusht.jpg?fit=900%2C500&ssl=1&resize=525%2C300 1.5x, https:\/\/i0.wp.com\/www.shqiperia.com\/blog\/wp-content\/uploads\/2026\/08\/Kruje-duke-u-gdhire-data-9-gusht.jpg?fit=900%2C500&ssl=1&resize=700%2C400 2x"},"classes":[]},{"id":106003,"url":"https:\/\/www.shqiperia.com\/blog\/situate-kritike-ne-disa-fshatra-te-fierit-zjarri-avancon-drejt-levanit-digjen-tre-shtepi-dhe-nje-magazine-rrezikohet-edhe-nje-biznes\/","url_meta":{"origin":106018,"position":2},"title":"Situat\u00eb kritike n\u00eb disa fshatra t\u00eb Fierit, zjarri avancon drejt Levanit. Digjen tre sht\u00ebpi dhe nj\u00eb magazin\u00eb, rrezikohet edhe nj\u00eb biznes","author":"Kurt Farka","date":"September 4, 2026","format":false,"excerpt":"4 Shtator 2026 Zjarri i nisur mesdit\u00ebn e sotme n\u00eb fshatin Vadhiz\u00eb t\u00eb Fierit ka marr\u00eb p\u00ebrmasa t\u00eb m\u00ebdha vet\u00ebm pak or\u00eb pas shp\u00ebrthimit t\u00eb vatr\u00ebs s\u00eb par\u00eb. Si\u00e7 raporton korrespondenti i Top Channel Neritan Trifoni, flak\u00ebt q\u00eb nis\u00ebn n\u00eb fshatin Vadhiz\u00eb, ka avancuar drejt Levanit, dhe sipas banor\u00ebve jan\u00eb\u2026","rel":"","context":"In &quot;Blogu i Udh\u00ebtarit&quot;","block_context":{"text":"Blogu i Udh\u00ebtarit","link":"https:\/\/www.shqiperia.com\/blog\/category\/blogu-i-udhetarit\/"},"img":{"alt_text":"","src":"https:\/\/i0.wp.com\/www.shqiperia.com\/blog\/wp-content\/uploads\/2026\/09\/FIERII_sd-800x450-2.webp?fit=800%2C450&ssl=1&resize=350%2C200","width":350,"height":200,"srcset":"https:\/\/i0.wp.com\/www.shqiperia.com\/blog\/wp-content\/uploads\/2026\/09\/FIERII_sd-800x450-2.webp?fit=800%2C450&ssl=1&resize=350%2C200 1x, https:\/\/i0.wp.com\/www.shqiperia.com\/blog\/wp-content\/uploads\/2026\/09\/FIERII_sd-800x450-2.webp?fit=800%2C450&ssl=1&resize=525%2C300 1.5x, https:\/\/i0.wp.com\/www.shqiperia.com\/blog\/wp-content\/uploads\/2026\/09\/FIERII_sd-800x450-2.webp?fit=800%2C450&ssl=1&resize=700%2C400 2x"},"classes":[]},{"id":104348,"url":"https:\/\/www.shqiperia.com\/blog\/42-vatra-zjarri-ne-te-gjithe-vendin-rritet-rreziku-ne-tirane-kruje-diber-dhe-mallakaster-nis-evakuimi-i-banoreve-839-forca-operacionale-ne-terren-ne-lufte-me-flaket\/","url_meta":{"origin":106018,"position":3},"title":"42 vatra zjarri n\u00eb t\u00eb gjith\u00eb vendin, rritet rreziku n\u00eb Tiran\u00eb, Kruj\u00eb, Dib\u00ebr dhe Mallakast\u00ebr. Nis evakuimi i banor\u00ebve, 839 forca operacionale n\u00eb terren n\u00eb luft\u00eb me flak\u00ebt","author":"Kurt Farka","date":"August 13, 2026","format":false,"excerpt":"13 Gusht 2026 Temperaturat e larta dhe era jan\u00eb b\u00ebr\u00eb faktor\u00ebt ky\u00e7 n\u00eb intensifikimi e zjarreve dhe rindezjen e vatrave q\u00eb m\u00eb par\u00eb jan\u00eb v\u00ebn\u00eb n\u00eb kontroll n\u00eb vendin ton\u00eb. N\u00eb 24 or\u00ebt e fundit, sipas Ministris\u00eb s\u00eb Mbrojtjes jan\u00eb raportuar 45 vatra zjarri, nga t\u00eb cilat 12 mbeten aktive\u2026","rel":"","context":"In &quot;Blogu i Udh\u00ebtarit&quot;","block_context":{"text":"Blogu i Udh\u00ebtarit","link":"https:\/\/www.shqiperia.com\/blog\/category\/blogu-i-udhetarit\/"},"img":{"alt_text":"","src":"https:\/\/i0.wp.com\/www.shqiperia.com\/blog\/wp-content\/uploads\/2026\/08\/762689152_3762198220600953_7001392962709730454_n-300x175.jpg?resize=350%2C200&ssl=1","width":350,"height":200,"srcset":"https:\/\/i0.wp.com\/www.shqiperia.com\/blog\/wp-content\/uploads\/2026\/08\/762689152_3762198220600953_7001392962709730454_n-300x175.jpg?resize=350%2C200&ssl=1 1x, https:\/\/i0.wp.com\/www.shqiperia.com\/blog\/wp-content\/uploads\/2026\/08\/762689152_3762198220600953_7001392962709730454_n-300x175.jpg?resize=525%2C300&ssl=1 1.5x, https:\/\/i0.wp.com\/www.shqiperia.com\/blog\/wp-content\/uploads\/2026\/08\/762689152_3762198220600953_7001392962709730454_n-300x175.jpg?resize=700%2C400&ssl=1 2x"},"classes":[]},{"id":102252,"url":"https:\/\/www.shqiperia.com\/blog\/zjarri-ne-fier-perhapet-me-shpejtesi-mjetet-zjarrfikese-dhe-efektive-ne-terren-per-te-mbrojtur-banesat-dhe-objektet\/","url_meta":{"origin":106018,"position":4},"title":"Zjarri n\u00eb Fier p\u00ebrhapet me shpejt\u00ebsi, mjetet zjarrfik\u00ebse dhe efektiv\u00eb n\u00eb terren p\u00ebr t\u00eb mbrojtur banesat dhe objektet","author":"Kurt Farka","date":"July 5, 2026","format":false,"excerpt":"5 Korrik 2026 Situata nga zjarri n\u00eb zon\u00ebn e Driz\u00ebs, n\u00eb Fier, paraqitet problematike, pasi flak\u00ebt jan\u00eb p\u00ebrhapur n\u00eb nj\u00eb sip\u00ebrfaqe t\u00eb gjer\u00eb dhe po i afrohen zon\u00ebs s\u00eb banuar. Autoritetet kan\u00eb angazhuar 10 mjete zjarrfik\u00ebse dhe 50 efektiv\u00eb, nd\u00ebrsa prioritet mbetet mbrojtja e banesave dhe objekteve n\u00eb rrezik. P\u00ebrgjegj\u00ebsi\u2026","rel":"","context":"In &quot;Blogu i Udh\u00ebtarit&quot;","block_context":{"text":"Blogu i Udh\u00ebtarit","link":"https:\/\/www.shqiperia.com\/blog\/category\/blogu-i-udhetarit\/"},"img":{"alt_text":"","src":"https:\/\/i0.wp.com\/www.shqiperia.com\/blog\/wp-content\/uploads\/2026\/07\/iier-makina_sd-1140x570-1.webp?fit=1140%2C570&ssl=1&resize=350%2C200","width":350,"height":200,"srcset":"https:\/\/i0.wp.com\/www.shqiperia.com\/blog\/wp-content\/uploads\/2026\/07\/iier-makina_sd-1140x570-1.webp?fit=1140%2C570&ssl=1&resize=350%2C200 1x, https:\/\/i0.wp.com\/www.shqiperia.com\/blog\/wp-content\/uploads\/2026\/07\/iier-makina_sd-1140x570-1.webp?fit=1140%2C570&ssl=1&resize=525%2C300 1.5x, https:\/\/i0.wp.com\/www.shqiperia.com\/blog\/wp-content\/uploads\/2026\/07\/iier-makina_sd-1140x570-1.webp?fit=1140%2C570&ssl=1&resize=700%2C400 2x, https:\/\/i0.wp.com\/www.shqiperia.com\/blog\/wp-content\/uploads\/2026\/07\/iier-makina_sd-1140x570-1.webp?fit=1140%2C570&ssl=1&resize=1050%2C600 3x"},"classes":[]},{"id":105985,"url":"https:\/\/www.shqiperia.com\/blog\/zjarri-po-perparon-drejt-tiranes-flaket-ne-nikel-te-krujes-aulon-kalaja-kerkohet-nderhyrje-urgjente-nga-ajri\/","url_meta":{"origin":106018,"position":5},"title":"\u201cZjarri po p\u00ebrparon drejt Tiran\u00ebs\u201d\/ Flak\u00ebt n\u00eb Nik\u00ebl t\u00eb Kruj\u00ebs, Aulon Kalaja: &#8211; K\u00ebrkohet nd\u00ebrhyrje urgjente nga ajri","author":"Kurt Farka","date":"September 4, 2026","format":false,"excerpt":"4 Shtator 2026 Nj\u00eb zjarr masiv ka p\u00ebrfshir\u00eb prej or\u00ebve t\u00eb m\u00ebngjesit fshatrat e nj\u00ebsis\u00eb administrative Nik\u00ebl n\u00eb Bashkin\u00eb e Kruj\u00ebs, duke krijuar nj\u00eb situat\u00eb kritike p\u00ebr shkak t\u00eb af\u00ebrsis\u00eb me zonat e banuara. Kreu i Partis\u00eb Demokratike n\u00eb Kruj\u00eb, Aulon Kalaja, p\u00ebrmes nj\u00eb reagimi publik ka b\u00ebr\u00eb thirrje p\u00ebr\u2026","rel":"","context":"In &quot;Blogu i Udh\u00ebtarit&quot;","block_context":{"text":"Blogu i Udh\u00ebtarit","link":"https:\/\/www.shqiperia.com\/blog\/category\/blogu-i-udhetarit\/"},"img":{"alt_text":"","src":"https:\/\/i0.wp.com\/www.shqiperia.com\/blog\/wp-content\/uploads\/2026\/09\/7689789789.jpg?fit=921%2C506&ssl=1&resize=350%2C200","width":350,"height":200,"srcset":"https:\/\/i0.wp.com\/www.shqiperia.com\/blog\/wp-content\/uploads\/2026\/09\/7689789789.jpg?fit=921%2C506&ssl=1&resize=350%2C200 1x, https:\/\/i0.wp.com\/www.shqiperia.com\/blog\/wp-content\/uploads\/2026\/09\/7689789789.jpg?fit=921%2C506&ssl=1&resize=525%2C300 1.5x, https:\/\/i0.wp.com\/www.shqiperia.com\/blog\/wp-content\/uploads\/2026\/09\/7689789789.jpg?fit=921%2C506&ssl=1&resize=700%2C400 2x"},"classes":[]}],"_links":{"self":[{"href":"https:\/\/www.shqiperia.com\/blog\/wp-json\/wp\/v2\/posts\/106018","targetHints":{"allow":["GET"]}}],"collection":[{"href":"https:\/\/www.shqiperia.com\/blog\/wp-json\/wp\/v2\/posts"}],"about":[{"href":"https:\/\/www.shqiperia.com\/blog\/wp-json\/wp\/v2\/types\/post"}],"author":[{"embeddable":true,"href":"https:\/\/www.shqiperia.com\/blog\/wp-json\/wp\/v2\/users\/9"}],"replies":[{"embeddable":true,"href":"https:\/\/www.shqiperia.com\/blog\/wp-json\/wp\/v2\/comments?post=106018"}],"version-history":[{"count":3,"href":"https:\/\/www.shqiperia.com\/blog\/wp-json\/wp\/v2\/posts\/106018\/revisions"}],"predecessor-version":[{"id":106024,"href":"https:\/\/www.shqiperia.com\/blog\/wp-json\/wp\/v2\/posts\/106018\/revisions\/106024"}],"wp:featuredmedia":[{"embeddable":true,"href":"https:\/\/www.shqiperia.com\/blog\/wp-json\/wp\/v2\/media\/106019"}],"wp:attachment":[{"href":"https:\/\/www.shqiperia.com\/blog\/wp-json\/wp\/v2\/media?parent=106018"}],"wp:term":[{"taxonomy":"category","embeddable":true,"href":"https:\/\/www.shqiperia.com\/blog\/wp-json\/wp\/v2\/categories?post=106018"},{"taxonomy":"post_tag","embeddable":true,"href":"https:\/\/www.shqiperia.com\/blog\/wp-json\/wp\/v2\/tags?post=106018"}],"curies":[{"name":"wp","href":"https:\/\/api.w.org\/{rel}","templated":true}]}}