{"id":106015,"date":"2026-09-04T18:37:09","date_gmt":"2026-09-04T18:37:09","guid":{"rendered":"https:\/\/www.shqiperia.com\/blog\/?p=106015"},"modified":"2026-09-04T18:37:09","modified_gmt":"2026-09-04T18:37:09","slug":"me-canta-ne-krahe-dhe-te-perlotur-nis-evakuimi-i-banoreve-ne-fshatrat-e-fierit","status":"publish","type":"post","link":"https:\/\/www.shqiperia.com\/blog\/me-canta-ne-krahe-dhe-te-perlotur-nis-evakuimi-i-banoreve-ne-fshatrat-e-fierit\/","title":{"rendered":"Me \u00e7anta n\u00eb krah\u00eb dhe t\u00eb p\u00ebrlotur, nis evakuimi i banor\u00ebve n\u00eb fshatrat e Fierit"},"content":{"rendered":"<div id=\"attachment_106016\" style=\"width: 690px\" class=\"wp-caption alignnone\"><img data-recalc-dims=\"1\" loading=\"lazy\" decoding=\"async\" aria-describedby=\"caption-attachment-106016\" data-attachment-id=\"106016\" data-permalink=\"https:\/\/www.shqiperia.com\/blog\/me-canta-ne-krahe-dhe-te-perlotur-nis-evakuimi-i-banoreve-ne-fshatrat-e-fierit\/evakuimi-nga-zjarret-ne-fshatrat-e-fierit-4-shtator\/\" data-orig-file=\"https:\/\/i0.wp.com\/www.shqiperia.com\/blog\/wp-content\/uploads\/2026\/09\/Evakuimi-nga-zjarret-ne-fshatrat-e-Fierit-4-shtator.webp?fit=1280%2C720&amp;ssl=1\" data-orig-size=\"1280,720\" data-comments-opened=\"1\" data-image-meta=\"{&quot;aperture&quot;:&quot;0&quot;,&quot;credit&quot;:&quot;&quot;,&quot;camera&quot;:&quot;&quot;,&quot;caption&quot;:&quot;&quot;,&quot;created_timestamp&quot;:&quot;0&quot;,&quot;copyright&quot;:&quot;&quot;,&quot;focal_length&quot;:&quot;0&quot;,&quot;iso&quot;:&quot;0&quot;,&quot;shutter_speed&quot;:&quot;0&quot;,&quot;title&quot;:&quot;&quot;,&quot;orientation&quot;:&quot;0&quot;}\" data-image-title=\"Evakuimi nga zjarret ne fshatrat e Fierit, 4 shtator.\" data-image-description=\"\" data-image-caption=\"&lt;p&gt;Evakuimi nga zjarret ne fshatrat e Fierit, 4 shtator.&lt;\/p&gt;\n\" data-medium-file=\"https:\/\/i0.wp.com\/www.shqiperia.com\/blog\/wp-content\/uploads\/2026\/09\/Evakuimi-nga-zjarret-ne-fshatrat-e-Fierit-4-shtator.webp?fit=300%2C169&amp;ssl=1\" data-large-file=\"https:\/\/i0.wp.com\/www.shqiperia.com\/blog\/wp-content\/uploads\/2026\/09\/Evakuimi-nga-zjarret-ne-fshatrat-e-Fierit-4-shtator.webp?fit=1024%2C576&amp;ssl=1\" class=\" wp-image-106016\" alt=\"\" src=\"https:\/\/i0.wp.com\/www.shqiperia.com\/blog\/wp-content\/uploads\/2026\/09\/Evakuimi-nga-zjarret-ne-fshatrat-e-Fierit-4-shtator.webp?resize=680%2C383&#038;ssl=1\" width=\"680\" height=\"383\" srcset=\"https:\/\/i0.wp.com\/www.shqiperia.com\/blog\/wp-content\/uploads\/2026\/09\/Evakuimi-nga-zjarret-ne-fshatrat-e-Fierit-4-shtator.webp?resize=300%2C169&amp;ssl=1 300w, https:\/\/i0.wp.com\/www.shqiperia.com\/blog\/wp-content\/uploads\/2026\/09\/Evakuimi-nga-zjarret-ne-fshatrat-e-Fierit-4-shtator.webp?resize=1024%2C576&amp;ssl=1 1024w, https:\/\/i0.wp.com\/www.shqiperia.com\/blog\/wp-content\/uploads\/2026\/09\/Evakuimi-nga-zjarret-ne-fshatrat-e-Fierit-4-shtator.webp?resize=768%2C432&amp;ssl=1 768w, https:\/\/i0.wp.com\/www.shqiperia.com\/blog\/wp-content\/uploads\/2026\/09\/Evakuimi-nga-zjarret-ne-fshatrat-e-Fierit-4-shtator.webp?resize=450%2C253&amp;ssl=1 450w, https:\/\/i0.wp.com\/www.shqiperia.com\/blog\/wp-content\/uploads\/2026\/09\/Evakuimi-nga-zjarret-ne-fshatrat-e-Fierit-4-shtator.webp?resize=600%2C338&amp;ssl=1 600w, https:\/\/i0.wp.com\/www.shqiperia.com\/blog\/wp-content\/uploads\/2026\/09\/Evakuimi-nga-zjarret-ne-fshatrat-e-Fierit-4-shtator.webp?resize=400%2C225&amp;ssl=1 400w, https:\/\/i0.wp.com\/www.shqiperia.com\/blog\/wp-content\/uploads\/2026\/09\/Evakuimi-nga-zjarret-ne-fshatrat-e-Fierit-4-shtator.webp?w=1280&amp;ssl=1 1280w\" sizes=\"auto, (max-width: 680px) 100vw, 680px\" \/><p id=\"caption-attachment-106016\" class=\"wp-caption-text\">Evakuimi nga zjarret ne fshatrat e Fierit, 4 shtator.<\/p><\/div>\n<p>4 Shtator 2026<\/p>\n<p>Situata me zjarrin n\u00eb fshatrat e Fieri vijon t\u00eb jet\u00eb ende alarmante.<\/p>\n<p>N\u00eb pamjet e siguruara nga mediat duken banor\u00ebt q\u00eb kan\u00eb marr\u00eb sendet personale me vete dhe po evakuohen.<\/p>\n<p>Disa prej tyre shfaqen t\u00eb p\u00ebrlotur, nd\u00ebrsa nuk pranojn\u00eb t\u00eb largohen dhe t\u00eb l\u00ebn\u00eb sht\u00ebpit\u00eb mes flak\u00ebve.<\/p>\n<p>Admin i webit\u00a0 me dhimbje percjell keto kronika t\u00eb zhuritjes s\u00eb vendbanimeve dhe truallit ton. Shpresa tek Perendia dhe tek heronj\u00ebt q\u00eb me heroiz\u00ebm po luftojn\u00eb n\u00eb ket\u00eb situat\u00eb alarmante.<\/p>\n","protected":false},"excerpt":{"rendered":"<p>4 Shtator 2026 Situata me zjarrin n\u00eb fshatrat e Fieri vijon t\u00eb jet\u00eb ende alarmante. N\u00eb pamjet e siguruara nga mediat duken banor\u00ebt q\u00eb kan\u00eb marr\u00eb sendet personale me vete dhe po evakuohen. Disa prej tyre shfaqen t\u00eb p\u00ebrlotur, nd\u00ebrsa nuk pranojn\u00eb t\u00eb largohen dhe t\u00eb l\u00ebn\u00eb sht\u00ebpit\u00eb mes flak\u00ebve. Admin i webit\u00a0 me dhimbje [&hellip;]<\/p>\n","protected":false},"author":9,"featured_media":106016,"comment_status":"open","ping_status":"open","sticky":false,"template":"","format":"standard","meta":{"jetpack_post_was_ever_published":false,"_jetpack_newsletter_access":"","_jetpack_dont_email_post_to_subs":false,"_jetpack_newsletter_tier_id":0,"_jetpack_memberships_contains_paywalled_content":false,"_jetpack_memberships_contains_paid_content":false,"footnotes":"","jetpack_publicize_message":"","jetpack_publicize_feature_enabled":true,"jetpack_social_post_already_shared":true,"jetpack_social_options":{"image_generator_settings":{"template":"highway","default_image_id":0,"font":"","enabled":false},"version":2}},"categories":[27,1,35],"tags":[],"class_list":["post-106015","post","type-post","status-publish","format-standard","has-post-thumbnail","hentry","category-blogu-i-udhetarit","category-njoftime-shtypi","category-shoqerore"],"jetpack_publicize_connections":[],"jetpack_featured_media_url":"https:\/\/i0.wp.com\/www.shqiperia.com\/blog\/wp-content\/uploads\/2026\/09\/Evakuimi-nga-zjarret-ne-fshatrat-e-Fierit-4-shtator.webp?fit=1280%2C720&ssl=1","jetpack_sharing_enabled":true,"jetpack_shortlink":"https:\/\/wp.me\/p5Z6wp-rzV","jetpack-related-posts":[{"id":103720,"url":"https:\/\/www.shqiperia.com\/blog\/zjarri-ne-fshatrat-e-finiqit-lamallari-publikon-pamje-nga-evakuimi-i-banoreve-situate-e-veshtire-prioritet\/","url_meta":{"origin":106015,"position":0},"title":"Zjarri n\u00eb fshatrat e Finiqit, Lamallari publikon pamje nga evakuimi i banor\u00ebve: &#8211; Situat\u00eb e v\u00ebshtir\u00eb, prioritet\u2026","author":"Kurt Farka","date":"August 4, 2026","format":false,"excerpt":"4 Gusht 2026 Ministri i Brendsh\u00ebm, Besfort Lamallari, ka reaguar p\u00ebr situat\u00ebn e v\u00ebshtir\u00eb me t\u00eb cil\u00ebn po p\u00ebrballen disa fshatra t\u00eb Finiqit, pas zjarrit t\u00eb r\u00ebnd\u00eb dit\u00ebn e sotme. P\u00ebrmes nj\u00eb postimi n\u00eb rrjetet sociale, Lamallari ka publikuar pamje nga evakuimi i banor\u00ebve t\u00eb zonave t\u00eb prekura nga flak\u00ebt\u2026","rel":"","context":"In &quot;Blogu i Udh\u00ebtarit&quot;","block_context":{"text":"Blogu i Udh\u00ebtarit","link":"https:\/\/www.shqiperia.com\/blog\/category\/blogu-i-udhetarit\/"},"img":{"alt_text":"","src":"https:\/\/i0.wp.com\/www.shqiperia.com\/blog\/wp-content\/uploads\/2026\/08\/Ministri-Besfort-Lamallari.png?fit=900%2C573&ssl=1&resize=350%2C200","width":350,"height":200,"srcset":"https:\/\/i0.wp.com\/www.shqiperia.com\/blog\/wp-content\/uploads\/2026\/08\/Ministri-Besfort-Lamallari.png?fit=900%2C573&ssl=1&resize=350%2C200 1x, https:\/\/i0.wp.com\/www.shqiperia.com\/blog\/wp-content\/uploads\/2026\/08\/Ministri-Besfort-Lamallari.png?fit=900%2C573&ssl=1&resize=525%2C300 1.5x, https:\/\/i0.wp.com\/www.shqiperia.com\/blog\/wp-content\/uploads\/2026\/08\/Ministri-Besfort-Lamallari.png?fit=900%2C573&ssl=1&resize=700%2C400 2x"},"classes":[]},{"id":105698,"url":"https:\/\/www.shqiperia.com\/blog\/zjarri-ne-ulez-del-jashte-kontrollit-flaket-i-afrohen-banesave-pritet-evakuimi-i-banoreve\/","url_meta":{"origin":106015,"position":1},"title":"Zjarri n\u00eb Ul\u00ebz del jasht\u00eb kontrollit, flak\u00ebt i afrohen banesave! Pritet evakuimi i banor\u00ebve","author":"Kurt Farka","date":"September 1, 2026","format":false,"excerpt":"1 Shtator 2026 Situata e krijuar nga zjarri n\u00eb fshatrat e Ulz\u00ebs n\u00eb Burrel vijon t\u00eb jet\u00eb kritike. P\u00ebr shkak t\u00eb p\u00ebrhapjes s\u00eb perimetrit n\u00eb nj\u00eb rreze prej 5 km, rreziku iu \u00ebsht\u00eb afruar banesave. Pritet q\u00eb nga momenti n\u00eb moment t\u00eb b\u00ebhet evakuimi i banor\u00ebve q\u00eb kan\u00eb sht\u00ebpit\u00eb n\u00eb\u2026","rel":"","context":"In &quot;Blogu i Udh\u00ebtarit&quot;","block_context":{"text":"Blogu i Udh\u00ebtarit","link":"https:\/\/www.shqiperia.com\/blog\/category\/blogu-i-udhetarit\/"},"img":{"alt_text":"","src":"https:\/\/i0.wp.com\/www.shqiperia.com\/blog\/wp-content\/uploads\/2026\/09\/capture-770x418-6a96e6940f920.jpg?fit=770%2C418&ssl=1&resize=350%2C200","width":350,"height":200,"srcset":"https:\/\/i0.wp.com\/www.shqiperia.com\/blog\/wp-content\/uploads\/2026\/09\/capture-770x418-6a96e6940f920.jpg?fit=770%2C418&ssl=1&resize=350%2C200 1x, https:\/\/i0.wp.com\/www.shqiperia.com\/blog\/wp-content\/uploads\/2026\/09\/capture-770x418-6a96e6940f920.jpg?fit=770%2C418&ssl=1&resize=525%2C300 1.5x, https:\/\/i0.wp.com\/www.shqiperia.com\/blog\/wp-content\/uploads\/2026\/09\/capture-770x418-6a96e6940f920.jpg?fit=770%2C418&ssl=1&resize=700%2C400 2x"},"classes":[]},{"id":105989,"url":"https:\/\/www.shqiperia.com\/blog\/situate-kritike-ne-radostine-flaket-po-i-afrohen-shtepive-nis-evakuimi-i-banoreve-dhe-kerkohet-nderhyrje-nga-ajri\/","url_meta":{"origin":106015,"position":2},"title":"Situat\u00eb kritike n\u00eb Radostin\u00eb\/ Flak\u00ebt po i afrohen sht\u00ebpive, nis evakuimi i banor\u00ebve dhe k\u00ebrkohet nd\u00ebrhyrje nga ajri","author":"Kurt Farka","date":"September 4, 2026","format":false,"excerpt":"4 Shtator 2026 Nj\u00eb zjarr me p\u00ebrmasa t\u00eb m\u00ebdha ka p\u00ebrfshir\u00eb kodrat e mbjella me ullinj n\u00eb fshatin Radostin\u00eb Fier, duke krijuar nj\u00eb situat\u00eb alarmante p\u00ebr banor\u00ebt e zon\u00ebs. Meqen\u00ebse flak\u00ebt po p\u00ebrparojn\u00eb me shpejt\u00ebsi drejt zonave t\u00eb banuara, autoritetet kan\u00eb nisur me urgjenc\u00eb evakuimin e qytetar\u00ebve p\u00ebr t\u00eb shmangur\u2026","rel":"","context":"In &quot;Blogu i Udh\u00ebtarit&quot;","block_context":{"text":"Blogu i Udh\u00ebtarit","link":"https:\/\/www.shqiperia.com\/blog\/category\/blogu-i-udhetarit\/"},"img":{"alt_text":"","src":"https:\/\/i0.wp.com\/www.shqiperia.com\/blog\/wp-content\/uploads\/2026\/09\/Radostine-Fier-4-Gusht-2926.jpg?fit=826%2C465&ssl=1&resize=350%2C200","width":350,"height":200,"srcset":"https:\/\/i0.wp.com\/www.shqiperia.com\/blog\/wp-content\/uploads\/2026\/09\/Radostine-Fier-4-Gusht-2926.jpg?fit=826%2C465&ssl=1&resize=350%2C200 1x, https:\/\/i0.wp.com\/www.shqiperia.com\/blog\/wp-content\/uploads\/2026\/09\/Radostine-Fier-4-Gusht-2926.jpg?fit=826%2C465&ssl=1&resize=525%2C300 1.5x, https:\/\/i0.wp.com\/www.shqiperia.com\/blog\/wp-content\/uploads\/2026\/09\/Radostine-Fier-4-Gusht-2926.jpg?fit=826%2C465&ssl=1&resize=700%2C400 2x"},"classes":[]},{"id":104859,"url":"https:\/\/www.shqiperia.com\/blog\/aktivisti-fshatrat-e-vendit-po-digjen-ndersa-patronazhistet-sulmojne-protesten-me-propagande\/","url_meta":{"origin":106015,"position":3},"title":"Aktivisti: Fshatrat e vendit po digjen, nd\u00ebrsa patronazhist\u00ebt sulmojn\u00eb protest\u00ebn me propagand\u00eb!","author":"Kurt Farka","date":"August 21, 2026","format":false,"excerpt":"21 Gusht 2026 Aktivisti Arben Kola, gjat\u00eb fjal\u00ebs s\u00eb tij n\u00eb nat\u00ebn e 82-t\u00eb t\u00eb q\u00ebndres\u00ebs qytetare p\u00ebrpara Kryeministris\u00eb, i b\u00ebri thirrje protestuesve t\u00eb ruajn\u00eb unitetin dhe t\u00eb mos bien pre e tentativave p\u00ebr shp\u00ebrqendrim, duke e cil\u00ebsuar l\u00ebvizjen si nj\u00eb \u201cdit\u00eb t\u00eb vet\u00ebdijes komb\u00ebtare\u201d. Kola n\u00ebnvizoi se \u00e7do qytetar\u2026","rel":"","context":"In &quot;Blogu i Udh\u00ebtarit&quot;","block_context":{"text":"Blogu i Udh\u00ebtarit","link":"https:\/\/www.shqiperia.com\/blog\/category\/blogu-i-udhetarit\/"},"img":{"alt_text":"","src":"https:\/\/i0.wp.com\/www.shqiperia.com\/blog\/wp-content\/uploads\/2026\/08\/600-388-screenshot-2026-08-20-094000-1787211608.png?fit=600%2C388&ssl=1&resize=350%2C200","width":350,"height":200,"srcset":"https:\/\/i0.wp.com\/www.shqiperia.com\/blog\/wp-content\/uploads\/2026\/08\/600-388-screenshot-2026-08-20-094000-1787211608.png?fit=600%2C388&ssl=1&resize=350%2C200 1x, https:\/\/i0.wp.com\/www.shqiperia.com\/blog\/wp-content\/uploads\/2026\/08\/600-388-screenshot-2026-08-20-094000-1787211608.png?fit=600%2C388&ssl=1&resize=525%2C300 1.5x"},"classes":[]},{"id":105985,"url":"https:\/\/www.shqiperia.com\/blog\/zjarri-po-perparon-drejt-tiranes-flaket-ne-nikel-te-krujes-aulon-kalaja-kerkohet-nderhyrje-urgjente-nga-ajri\/","url_meta":{"origin":106015,"position":4},"title":"\u201cZjarri po p\u00ebrparon drejt Tiran\u00ebs\u201d\/ Flak\u00ebt n\u00eb Nik\u00ebl t\u00eb Kruj\u00ebs, Aulon Kalaja: &#8211; K\u00ebrkohet nd\u00ebrhyrje urgjente nga ajri","author":"Kurt Farka","date":"September 4, 2026","format":false,"excerpt":"4 Shtator 2026 Nj\u00eb zjarr masiv ka p\u00ebrfshir\u00eb prej or\u00ebve t\u00eb m\u00ebngjesit fshatrat e nj\u00ebsis\u00eb administrative Nik\u00ebl n\u00eb Bashkin\u00eb e Kruj\u00ebs, duke krijuar nj\u00eb situat\u00eb kritike p\u00ebr shkak t\u00eb af\u00ebrsis\u00eb me zonat e banuara. Kreu i Partis\u00eb Demokratike n\u00eb Kruj\u00eb, Aulon Kalaja, p\u00ebrmes nj\u00eb reagimi publik ka b\u00ebr\u00eb thirrje p\u00ebr\u2026","rel":"","context":"In &quot;Blogu i Udh\u00ebtarit&quot;","block_context":{"text":"Blogu i Udh\u00ebtarit","link":"https:\/\/www.shqiperia.com\/blog\/category\/blogu-i-udhetarit\/"},"img":{"alt_text":"","src":"https:\/\/i0.wp.com\/www.shqiperia.com\/blog\/wp-content\/uploads\/2026\/09\/7689789789.jpg?fit=921%2C506&ssl=1&resize=350%2C200","width":350,"height":200,"srcset":"https:\/\/i0.wp.com\/www.shqiperia.com\/blog\/wp-content\/uploads\/2026\/09\/7689789789.jpg?fit=921%2C506&ssl=1&resize=350%2C200 1x, https:\/\/i0.wp.com\/www.shqiperia.com\/blog\/wp-content\/uploads\/2026\/09\/7689789789.jpg?fit=921%2C506&ssl=1&resize=525%2C300 1.5x, https:\/\/i0.wp.com\/www.shqiperia.com\/blog\/wp-content\/uploads\/2026\/09\/7689789789.jpg?fit=921%2C506&ssl=1&resize=700%2C400 2x"},"classes":[]},{"id":104296,"url":"https:\/\/www.shqiperia.com\/blog\/cpo-ndodh-me-krujen-nis-evakuimi-i-banoreve-ne-lagjen-abaze\/","url_meta":{"origin":106015,"position":5},"title":"\u00c7po ndodh me Kruj\u00ebn! &#8211; Nis evakuimi i banor\u00ebve n\u00eb lagjen Abaze","author":"Kurt Farka","date":"August 12, 2026","format":false,"excerpt":"12 Gusht 2026 Situat\u00eb alarmante po kalon qyteti i Kruj\u00ebs, ku vatrat e zjarrit po p\u00ebrparojn\u00eb me shpejt\u00ebsi drejt zonave t\u00eb banuara. P\u00ebr shkak t\u00eb rrezikut t\u00eb drejtp\u00ebrdrejt\u00eb p\u00ebr jet\u00ebn dhe pron\u00ebn e qytetar\u00ebve, autoritetet kan\u00eb nisur me urgjenc\u00eb evakuimin e banor\u00ebve n\u00eb lagjen \u201cAbaze\u201d. Flak\u00ebt po ushqehen nga er\u00ebrat\u2026","rel":"","context":"In &quot;Blogu i Udh\u00ebtarit&quot;","block_context":{"text":"Blogu i Udh\u00ebtarit","link":"https:\/\/www.shqiperia.com\/blog\/category\/blogu-i-udhetarit\/"},"img":{"alt_text":"","src":"https:\/\/i0.wp.com\/www.shqiperia.com\/blog\/wp-content\/uploads\/2026\/08\/728-412-1786254104ximg-1801-295.jpeg?fit=728%2C412&ssl=1&resize=350%2C200","width":350,"height":200,"srcset":"https:\/\/i0.wp.com\/www.shqiperia.com\/blog\/wp-content\/uploads\/2026\/08\/728-412-1786254104ximg-1801-295.jpeg?fit=728%2C412&ssl=1&resize=350%2C200 1x, https:\/\/i0.wp.com\/www.shqiperia.com\/blog\/wp-content\/uploads\/2026\/08\/728-412-1786254104ximg-1801-295.jpeg?fit=728%2C412&ssl=1&resize=525%2C300 1.5x, https:\/\/i0.wp.com\/www.shqiperia.com\/blog\/wp-content\/uploads\/2026\/08\/728-412-1786254104ximg-1801-295.jpeg?fit=728%2C412&ssl=1&resize=700%2C400 2x"},"classes":[]}],"_links":{"self":[{"href":"https:\/\/www.shqiperia.com\/blog\/wp-json\/wp\/v2\/posts\/106015","targetHints":{"allow":["GET"]}}],"collection":[{"href":"https:\/\/www.shqiperia.com\/blog\/wp-json\/wp\/v2\/posts"}],"about":[{"href":"https:\/\/www.shqiperia.com\/blog\/wp-json\/wp\/v2\/types\/post"}],"author":[{"embeddable":true,"href":"https:\/\/www.shqiperia.com\/blog\/wp-json\/wp\/v2\/users\/9"}],"replies":[{"embeddable":true,"href":"https:\/\/www.shqiperia.com\/blog\/wp-json\/wp\/v2\/comments?post=106015"}],"version-history":[{"count":1,"href":"https:\/\/www.shqiperia.com\/blog\/wp-json\/wp\/v2\/posts\/106015\/revisions"}],"predecessor-version":[{"id":106017,"href":"https:\/\/www.shqiperia.com\/blog\/wp-json\/wp\/v2\/posts\/106015\/revisions\/106017"}],"wp:featuredmedia":[{"embeddable":true,"href":"https:\/\/www.shqiperia.com\/blog\/wp-json\/wp\/v2\/media\/106016"}],"wp:attachment":[{"href":"https:\/\/www.shqiperia.com\/blog\/wp-json\/wp\/v2\/media?parent=106015"}],"wp:term":[{"taxonomy":"category","embeddable":true,"href":"https:\/\/www.shqiperia.com\/blog\/wp-json\/wp\/v2\/categories?post=106015"},{"taxonomy":"post_tag","embeddable":true,"href":"https:\/\/www.shqiperia.com\/blog\/wp-json\/wp\/v2\/tags?post=106015"}],"curies":[{"name":"wp","href":"https:\/\/api.w.org\/{rel}","templated":true}]}}