{"id":106012,"date":"2026-09-04T18:28:37","date_gmt":"2026-09-04T18:28:37","guid":{"rendered":"https:\/\/www.shqiperia.com\/blog\/?p=106012"},"modified":"2026-09-04T18:28:37","modified_gmt":"2026-09-04T18:28:37","slug":"alarm-ne-picar-te-gjirokastres-zjarri-ne-zonen-pyjore-avancon-kercenueshem-drejt-fshatit","status":"publish","type":"post","link":"https:\/\/www.shqiperia.com\/blog\/alarm-ne-picar-te-gjirokastres-zjarri-ne-zonen-pyjore-avancon-kercenueshem-drejt-fshatit\/","title":{"rendered":"Alarm n\u00eb Picar t\u00eb Gjirokastr\u00ebs, zjarri n\u00eb zon\u00ebn pyjore avancon k\u00ebrc\u00ebnuesh\u00ebm drejt fshatit"},"content":{"rendered":"<div class=\"firstP\">\n<p><img data-recalc-dims=\"1\" loading=\"lazy\" decoding=\"async\" data-attachment-id=\"106013\" data-permalink=\"https:\/\/www.shqiperia.com\/blog\/alarm-ne-picar-te-gjirokastres-zjarri-ne-zonen-pyjore-avancon-kercenueshem-drejt-fshatit\/zarri-ne-picar-gjirokaster\/\" data-orig-file=\"https:\/\/i0.wp.com\/www.shqiperia.com\/blog\/wp-content\/uploads\/2026\/09\/Zarri-ne-Picar-Gjirokaster.jpg?fit=1920%2C1080&amp;ssl=1\" data-orig-size=\"1920,1080\" data-comments-opened=\"1\" data-image-meta=\"{&quot;aperture&quot;:&quot;0&quot;,&quot;credit&quot;:&quot;&quot;,&quot;camera&quot;:&quot;&quot;,&quot;caption&quot;:&quot;&quot;,&quot;created_timestamp&quot;:&quot;0&quot;,&quot;copyright&quot;:&quot;&quot;,&quot;focal_length&quot;:&quot;0&quot;,&quot;iso&quot;:&quot;0&quot;,&quot;shutter_speed&quot;:&quot;0&quot;,&quot;title&quot;:&quot;&quot;,&quot;orientation&quot;:&quot;0&quot;}\" data-image-title=\"Zarri n\u00eb Picar Gjirokast\u00ebr\" data-image-description=\"\" data-image-caption=\"\" data-medium-file=\"https:\/\/i0.wp.com\/www.shqiperia.com\/blog\/wp-content\/uploads\/2026\/09\/Zarri-ne-Picar-Gjirokaster.jpg?fit=300%2C169&amp;ssl=1\" data-large-file=\"https:\/\/i0.wp.com\/www.shqiperia.com\/blog\/wp-content\/uploads\/2026\/09\/Zarri-ne-Picar-Gjirokaster.jpg?fit=1024%2C576&amp;ssl=1\" class=\"alignnone  wp-image-106013\" alt=\"\" src=\"https:\/\/i0.wp.com\/www.shqiperia.com\/blog\/wp-content\/uploads\/2026\/09\/Zarri-ne-Picar-Gjirokaster.jpg?resize=554%2C312&#038;ssl=1\" width=\"554\" height=\"312\" srcset=\"https:\/\/i0.wp.com\/www.shqiperia.com\/blog\/wp-content\/uploads\/2026\/09\/Zarri-ne-Picar-Gjirokaster.jpg?resize=300%2C169&amp;ssl=1 300w, https:\/\/i0.wp.com\/www.shqiperia.com\/blog\/wp-content\/uploads\/2026\/09\/Zarri-ne-Picar-Gjirokaster.jpg?resize=1024%2C576&amp;ssl=1 1024w, https:\/\/i0.wp.com\/www.shqiperia.com\/blog\/wp-content\/uploads\/2026\/09\/Zarri-ne-Picar-Gjirokaster.jpg?resize=768%2C432&amp;ssl=1 768w, https:\/\/i0.wp.com\/www.shqiperia.com\/blog\/wp-content\/uploads\/2026\/09\/Zarri-ne-Picar-Gjirokaster.jpg?resize=1536%2C864&amp;ssl=1 1536w, https:\/\/i0.wp.com\/www.shqiperia.com\/blog\/wp-content\/uploads\/2026\/09\/Zarri-ne-Picar-Gjirokaster.jpg?resize=450%2C253&amp;ssl=1 450w, https:\/\/i0.wp.com\/www.shqiperia.com\/blog\/wp-content\/uploads\/2026\/09\/Zarri-ne-Picar-Gjirokaster.jpg?resize=600%2C338&amp;ssl=1 600w, https:\/\/i0.wp.com\/www.shqiperia.com\/blog\/wp-content\/uploads\/2026\/09\/Zarri-ne-Picar-Gjirokaster.jpg?resize=1500%2C844&amp;ssl=1 1500w, https:\/\/i0.wp.com\/www.shqiperia.com\/blog\/wp-content\/uploads\/2026\/09\/Zarri-ne-Picar-Gjirokaster.jpg?resize=1300%2C731&amp;ssl=1 1300w, https:\/\/i0.wp.com\/www.shqiperia.com\/blog\/wp-content\/uploads\/2026\/09\/Zarri-ne-Picar-Gjirokaster.jpg?resize=400%2C225&amp;ssl=1 400w, https:\/\/i0.wp.com\/www.shqiperia.com\/blog\/wp-content\/uploads\/2026\/09\/Zarri-ne-Picar-Gjirokaster.jpg?w=1920&amp;ssl=1 1920w\" sizes=\"auto, (max-width: 554px) 100vw, 554px\" \/><\/p>\n<p>4 Shtator 2026<\/p>\n<p>Zjarr n\u00eb fshatin Picar t\u00eb Gjirokastr\u00ebs. Menj\u00ebher\u00eb u nis\u00ebn drejt vendngjarjes dy grupe sh\u00ebrbimi zjarrfik\u00ebs.<\/p>\n<\/div>\n<p>Me mb\u00ebrritjen n\u00eb vendngjarje, u konstatua se zjarri kishte r\u00ebn\u00eb n\u00eb zon\u00ebn pyjore n\u00eb hyrje t\u00eb fshatit, n\u00eb nj\u00eb terren t\u00eb v\u00ebshtir\u00eb p\u00ebr nd\u00ebrhyrje, p\u00ebr shkak t\u00eb dend\u00ebsis\u00eb s\u00eb shkurreve dhe pyllit.<\/p>\n<p>Situata paraqet rrezik p\u00ebr fshatin Picar, pasi zjarri ndodhet n\u00eb af\u00ebrsi t\u00eb zon\u00ebs s\u00eb banuar dhe ekziston rreziku i p\u00ebrhapjes s\u00eb flak\u00ebve n\u00eb drejtim t\u00eb fshatit.<\/p>\n<p>Aktualisht, n\u00eb aksion ndodhen dy grupe t\u00eb sh\u00ebrbimit zjarrfik\u00ebs, nd\u00ebrsa po mb\u00ebrrin edhe grupi i tret\u00eb, me q\u00ebllim v\u00ebnien sa m\u00eb shpejt t\u00eb situat\u00ebs n\u00ebn kontroll dhe parandalimin e p\u00ebrhapjes s\u00eb zjarrit drejt banesave dhe zon\u00ebs s\u00eb banuar t\u00eb fshatit Picar.<\/p>\n<p>Prioriteti kryesor i nd\u00ebrhyrjes \u00ebsht\u00eb mbrojtja e fshatit Picar dhe banor\u00ebve t\u00eb tij nga p\u00ebrhapja e flak\u00ebve. Sh\u00ebrbimi zjarrfik\u00ebs vijon nd\u00ebrhyrjen n\u00eb terren.<\/p>\n<p class=\"last\"><strong>Top Channel<\/strong><\/p>\n","protected":false},"excerpt":{"rendered":"<p>4 Shtator 2026 Zjarr n\u00eb fshatin Picar t\u00eb Gjirokastr\u00ebs. Menj\u00ebher\u00eb u nis\u00ebn drejt vendngjarjes dy grupe sh\u00ebrbimi zjarrfik\u00ebs. Me mb\u00ebrritjen n\u00eb vendngjarje, u konstatua se zjarri kishte r\u00ebn\u00eb n\u00eb zon\u00ebn pyjore n\u00eb hyrje t\u00eb fshatit, n\u00eb nj\u00eb terren t\u00eb v\u00ebshtir\u00eb p\u00ebr nd\u00ebrhyrje, p\u00ebr shkak t\u00eb dend\u00ebsis\u00eb s\u00eb shkurreve dhe pyllit. Situata paraqet rrezik p\u00ebr fshatin [&hellip;]<\/p>\n","protected":false},"author":9,"featured_media":106013,"comment_status":"open","ping_status":"open","sticky":false,"template":"","format":"standard","meta":{"jetpack_post_was_ever_published":false,"_jetpack_newsletter_access":"","_jetpack_dont_email_post_to_subs":false,"_jetpack_newsletter_tier_id":0,"_jetpack_memberships_contains_paywalled_content":false,"_jetpack_memberships_contains_paid_content":false,"footnotes":"","jetpack_publicize_message":"","jetpack_publicize_feature_enabled":true,"jetpack_social_post_already_shared":true,"jetpack_social_options":{"image_generator_settings":{"template":"highway","default_image_id":0,"font":"","enabled":false},"version":2}},"categories":[27,1,35],"tags":[],"class_list":["post-106012","post","type-post","status-publish","format-standard","has-post-thumbnail","hentry","category-blogu-i-udhetarit","category-njoftime-shtypi","category-shoqerore"],"jetpack_publicize_connections":[],"jetpack_featured_media_url":"https:\/\/i0.wp.com\/www.shqiperia.com\/blog\/wp-content\/uploads\/2026\/09\/Zarri-ne-Picar-Gjirokaster.jpg?fit=1920%2C1080&ssl=1","jetpack_sharing_enabled":true,"jetpack_shortlink":"https:\/\/wp.me\/p5Z6wp-rzS","jetpack-related-posts":[{"id":105760,"url":"https:\/\/www.shqiperia.com\/blog\/zjarri-del-jashte-kontrollit-ne-ulez-digjen-banesa-e-pemetore-evakuohen-qindra-krere-bageti\/","url_meta":{"origin":106012,"position":0},"title":"Zjarri del jasht\u00eb kontrollit n\u00eb Ul\u00ebz, digjen banesa e pem\u00ebtore! Evakuohen qindra krer\u00eb bag\u00ebti","author":"Kurt Farka","date":"September 2, 2026","format":false,"excerpt":"2 Shtator 2026 Situata me zjarret q\u00eb kan\u00eb p\u00ebrfshir\u00eb disa fshatra n\u00eb Nj\u00ebsin\u00eb Administrative Ul\u00ebz t\u00eb Bashkis\u00eb s\u00eb Matit po paraqitet mjaft kritike dhe ka dal\u00eb t\u00ebr\u00ebsisht jasht\u00eb kontrollit. Flak\u00ebt e p\u00ebrmasave t\u00eb m\u00ebdha kan\u00eb shkrumbuar deri tani qindra hektar\u00eb me sip\u00ebrfaqe pyjore, nd\u00ebrsa kan\u00eb djegur edhe banesa. T\u00eb pakt\u00ebn\u2026","rel":"","context":"In &quot;Blogu i Udh\u00ebtarit&quot;","block_context":{"text":"Blogu i Udh\u00ebtarit","link":"https:\/\/www.shqiperia.com\/blog\/category\/blogu-i-udhetarit\/"},"img":{"alt_text":"","src":"https:\/\/i0.wp.com\/www.shqiperia.com\/blog\/wp-content\/uploads\/2026\/09\/567575675-770x415-6a982b0dd2098.jpg?fit=770%2C415&ssl=1&resize=350%2C200","width":350,"height":200,"srcset":"https:\/\/i0.wp.com\/www.shqiperia.com\/blog\/wp-content\/uploads\/2026\/09\/567575675-770x415-6a982b0dd2098.jpg?fit=770%2C415&ssl=1&resize=350%2C200 1x, https:\/\/i0.wp.com\/www.shqiperia.com\/blog\/wp-content\/uploads\/2026\/09\/567575675-770x415-6a982b0dd2098.jpg?fit=770%2C415&ssl=1&resize=525%2C300 1.5x, https:\/\/i0.wp.com\/www.shqiperia.com\/blog\/wp-content\/uploads\/2026\/09\/567575675-770x415-6a982b0dd2098.jpg?fit=770%2C415&ssl=1&resize=700%2C400 2x"},"classes":[]},{"id":106003,"url":"https:\/\/www.shqiperia.com\/blog\/situate-kritike-ne-disa-fshatra-te-fierit-zjarri-avancon-drejt-levanit-digjen-tre-shtepi-dhe-nje-magazine-rrezikohet-edhe-nje-biznes\/","url_meta":{"origin":106012,"position":1},"title":"Situat\u00eb kritike n\u00eb disa fshatra t\u00eb Fierit, zjarri avancon drejt Levanit. Digjen tre sht\u00ebpi dhe nj\u00eb magazin\u00eb, rrezikohet edhe nj\u00eb biznes","author":"Kurt Farka","date":"September 4, 2026","format":false,"excerpt":"4 Shtator 2026 Zjarri i nisur mesdit\u00ebn e sotme n\u00eb fshatin Vadhiz\u00eb t\u00eb Fierit ka marr\u00eb p\u00ebrmasa t\u00eb m\u00ebdha vet\u00ebm pak or\u00eb pas shp\u00ebrthimit t\u00eb vatr\u00ebs s\u00eb par\u00eb. Si\u00e7 raporton korrespondenti i Top Channel Neritan Trifoni, flak\u00ebt q\u00eb nis\u00ebn n\u00eb fshatin Vadhiz\u00eb, ka avancuar drejt Levanit, dhe sipas banor\u00ebve jan\u00eb\u2026","rel":"","context":"In &quot;Blogu i Udh\u00ebtarit&quot;","block_context":{"text":"Blogu i Udh\u00ebtarit","link":"https:\/\/www.shqiperia.com\/blog\/category\/blogu-i-udhetarit\/"},"img":{"alt_text":"","src":"https:\/\/i0.wp.com\/www.shqiperia.com\/blog\/wp-content\/uploads\/2026\/09\/FIERII_sd-800x450-2.webp?fit=800%2C450&ssl=1&resize=350%2C200","width":350,"height":200,"srcset":"https:\/\/i0.wp.com\/www.shqiperia.com\/blog\/wp-content\/uploads\/2026\/09\/FIERII_sd-800x450-2.webp?fit=800%2C450&ssl=1&resize=350%2C200 1x, https:\/\/i0.wp.com\/www.shqiperia.com\/blog\/wp-content\/uploads\/2026\/09\/FIERII_sd-800x450-2.webp?fit=800%2C450&ssl=1&resize=525%2C300 1.5x, https:\/\/i0.wp.com\/www.shqiperia.com\/blog\/wp-content\/uploads\/2026\/09\/FIERII_sd-800x450-2.webp?fit=800%2C450&ssl=1&resize=700%2C400 2x"},"classes":[]},{"id":104016,"url":"https:\/\/www.shqiperia.com\/blog\/zjarr-i-fuqishem-edhe-ne-hundekuq-te-gjirokastres-flaket-po-u-afrohen-zonave-te-banuara\/","url_meta":{"origin":106012,"position":2},"title":"Zjarr i fuqish\u00ebm edhe n\u00eb Hund\u00ebkuq t\u00eb Gjirokastr\u00ebs, flak\u00ebt po u afrohen zonave t\u00eb banuara","author":"Kurt Farka","date":"August 9, 2026","format":false,"excerpt":"9 Korrok 2026 Nj\u00eb zjarr i p\u00ebrmasave t\u00eb m\u00ebdha \u00ebsht\u00eb aktivizuar n\u00eb zon\u00ebn nd\u00ebrmjet fshatrave Andon Po\u00e7i dhe Hund\u00ebkuq, duke paraqitur rrezik p\u00ebr p\u00ebrhapjen e flak\u00ebve drejt zonave t\u00eb banuara. Zjarri \u00ebsht\u00eb i ndar\u00eb n\u00eb dy vatra aktive, me nj\u00eb perimet\u00ebr t\u00eb p\u00ebrgjithsh\u00ebm rreth 4 km. Terreni i thyer dhe\u2026","rel":"","context":"In &quot;Blogu i Udh\u00ebtarit&quot;","block_context":{"text":"Blogu i Udh\u00ebtarit","link":"https:\/\/www.shqiperia.com\/blog\/category\/blogu-i-udhetarit\/"},"img":{"alt_text":"","src":"https:\/\/i0.wp.com\/www.shqiperia.com\/blog\/wp-content\/uploads\/2026\/08\/IMG_8126.jpg?fit=1200%2C718&ssl=1&resize=350%2C200","width":350,"height":200,"srcset":"https:\/\/i0.wp.com\/www.shqiperia.com\/blog\/wp-content\/uploads\/2026\/08\/IMG_8126.jpg?fit=1200%2C718&ssl=1&resize=350%2C200 1x, https:\/\/i0.wp.com\/www.shqiperia.com\/blog\/wp-content\/uploads\/2026\/08\/IMG_8126.jpg?fit=1200%2C718&ssl=1&resize=525%2C300 1.5x, https:\/\/i0.wp.com\/www.shqiperia.com\/blog\/wp-content\/uploads\/2026\/08\/IMG_8126.jpg?fit=1200%2C718&ssl=1&resize=700%2C400 2x, https:\/\/i0.wp.com\/www.shqiperia.com\/blog\/wp-content\/uploads\/2026\/08\/IMG_8126.jpg?fit=1200%2C718&ssl=1&resize=1050%2C600 3x"},"classes":[]},{"id":104827,"url":"https:\/\/www.shqiperia.com\/blog\/zjarri-po-perpin-kuroren-e-fshatit-rrezikohen-banesat-ne-gojan-te-pukes\/","url_meta":{"origin":106012,"position":3},"title":"Zjarri po p\u00ebrpin kuror\u00ebn e fshatit, rrezikohen banesat n\u00eb Gojan t\u00eb Puk\u00ebs","author":"Kurt Farka","date":"August 20, 2026","format":false,"excerpt":"20 Gusht 2026 Zjarri i p\u00ebrmasave t\u00eb m\u00ebdha ka p\u00ebrfshir\u00eb zon\u00ebn pran\u00eb Gojanit t\u00eb Vog\u00ebl n\u00eb Puk\u00eb, duke p\u00ebrparuar me shpejt\u00ebsi drejt kuror\u00ebs s\u00eb fshatit. Zjarri ka shtat\u00eb dite q\u00eb po shkreti qindea hektar pyje e bim\u00ebsi ne Terbun dhe rreth fshatrave. Flak\u00ebt jan\u00eb afruar pran\u00eb banesave t\u00eb fshatit, nd\u00ebrsa\u2026","rel":"","context":"In &quot;Blogu i Udh\u00ebtarit&quot;","block_context":{"text":"Blogu i Udh\u00ebtarit","link":"https:\/\/www.shqiperia.com\/blog\/category\/blogu-i-udhetarit\/"},"img":{"alt_text":"","src":"https:\/\/i0.wp.com\/www.shqiperia.com\/blog\/wp-content\/uploads\/2026\/08\/Fashati-Gojan-Puke.jpg?fit=900%2C715&ssl=1&resize=350%2C200","width":350,"height":200,"srcset":"https:\/\/i0.wp.com\/www.shqiperia.com\/blog\/wp-content\/uploads\/2026\/08\/Fashati-Gojan-Puke.jpg?fit=900%2C715&ssl=1&resize=350%2C200 1x, https:\/\/i0.wp.com\/www.shqiperia.com\/blog\/wp-content\/uploads\/2026\/08\/Fashati-Gojan-Puke.jpg?fit=900%2C715&ssl=1&resize=525%2C300 1.5x, https:\/\/i0.wp.com\/www.shqiperia.com\/blog\/wp-content\/uploads\/2026\/08\/Fashati-Gojan-Puke.jpg?fit=900%2C715&ssl=1&resize=700%2C400 2x"},"classes":[]},{"id":104980,"url":"https:\/\/www.shqiperia.com\/blog\/zjarr-ne-malin-e-cikes-flaket-afrohen-drejt-fshatit-turistik-te-dhermiut\/","url_meta":{"origin":106012,"position":4},"title":"Zjarr n\u00eb malin e \u00c7ik\u00ebs\/ Flak\u00ebt afrohen drejt fshatit turistik t\u00eb Dh\u00ebrmiut","author":"Kurt Farka","date":"August 22, 2026","format":false,"excerpt":"22 Gusht 2026 Nj\u00eb zjarr ka r\u00ebn\u00eb n\u00eb Malin e \u00c7ik\u00ebs, nd\u00ebrsa i \u00ebsht\u00eb afruar fshatit turistik t\u00eb Dh\u00ebrmiut. Vatra \u00ebsht\u00eb aktivizuar para dy dit\u00ebsh dhe ka p\u00ebrshkuar nj\u00eb sip\u00ebrfaqe t\u00eb konsiderueshme n\u00eb an\u00ebn e malit n\u00eb drejtim t\u00eb Dukatit. Forcat zjarrfik\u00ebse kan\u00eb shkuar n\u00eb terren dhe po punojn\u00eb p\u00ebr\u2026","rel":"","context":"In &quot;Blogu i Udh\u00ebtarit&quot;","block_context":{"text":"Blogu i Udh\u00ebtarit","link":"https:\/\/www.shqiperia.com\/blog\/category\/blogu-i-udhetarit\/"},"img":{"alt_text":"","src":"https:\/\/i0.wp.com\/www.shqiperia.com\/blog\/wp-content\/uploads\/2026\/08\/800-0-mali-i-cikes-6a8a00782300d.jpg?fit=800%2C450&ssl=1&resize=350%2C200","width":350,"height":200,"srcset":"https:\/\/i0.wp.com\/www.shqiperia.com\/blog\/wp-content\/uploads\/2026\/08\/800-0-mali-i-cikes-6a8a00782300d.jpg?fit=800%2C450&ssl=1&resize=350%2C200 1x, https:\/\/i0.wp.com\/www.shqiperia.com\/blog\/wp-content\/uploads\/2026\/08\/800-0-mali-i-cikes-6a8a00782300d.jpg?fit=800%2C450&ssl=1&resize=525%2C300 1.5x, https:\/\/i0.wp.com\/www.shqiperia.com\/blog\/wp-content\/uploads\/2026\/08\/800-0-mali-i-cikes-6a8a00782300d.jpg?fit=800%2C450&ssl=1&resize=700%2C400 2x"},"classes":[]},{"id":103671,"url":"https:\/\/www.shqiperia.com\/blog\/zjarri-ne-dardhe-te-librazhdit-vijon-prej-6-ditesh-terreni-malor-veshtireson-shuarjen-e-flakeve\/","url_meta":{"origin":106012,"position":5},"title":"Zjarri n\u00eb Dardh\u00eb t\u00eb Librazhdit vijon prej 6 dit\u00ebsh, terreni malor v\u00ebshtir\u00ebson shuarjen e flak\u00ebve","author":"Kurt Farka","date":"August 3, 2026","format":false,"excerpt":"3 Gusht 2026 Prej 6 dit\u00ebsh, nj\u00eb zjarr i p\u00ebrmasave t\u00eb m\u00ebdha vijon t\u00eb djeg\u00eb nj\u00eb pjes\u00eb t\u00eb zon\u00ebs pyjore t\u00eb fshatit Dardh\u00eb, n\u00eb Bashkin\u00eb e Librazhdit, nd\u00ebrsa p\u00ebrpjekjet p\u00ebr v\u00ebnien n\u00ebn kontroll t\u00eb flak\u00ebve po p\u00ebrballen me v\u00ebshtir\u00ebsi t\u00eb m\u00ebdha p\u00ebr shkak t\u00eb terrenit malor, er\u00ebs s\u00eb fort\u00eb dhe\u2026","rel":"","context":"In &quot;Blogu i Udh\u00ebtarit&quot;","block_context":{"text":"Blogu i Udh\u00ebtarit","link":"https:\/\/www.shqiperia.com\/blog\/category\/blogu-i-udhetarit\/"},"img":{"alt_text":"","src":"https:\/\/i0.wp.com\/www.shqiperia.com\/blog\/wp-content\/uploads\/2026\/08\/zjarr_sd-1.jpg?fit=1200%2C675&ssl=1&resize=350%2C200","width":350,"height":200,"srcset":"https:\/\/i0.wp.com\/www.shqiperia.com\/blog\/wp-content\/uploads\/2026\/08\/zjarr_sd-1.jpg?fit=1200%2C675&ssl=1&resize=350%2C200 1x, https:\/\/i0.wp.com\/www.shqiperia.com\/blog\/wp-content\/uploads\/2026\/08\/zjarr_sd-1.jpg?fit=1200%2C675&ssl=1&resize=525%2C300 1.5x, https:\/\/i0.wp.com\/www.shqiperia.com\/blog\/wp-content\/uploads\/2026\/08\/zjarr_sd-1.jpg?fit=1200%2C675&ssl=1&resize=700%2C400 2x, https:\/\/i0.wp.com\/www.shqiperia.com\/blog\/wp-content\/uploads\/2026\/08\/zjarr_sd-1.jpg?fit=1200%2C675&ssl=1&resize=1050%2C600 3x"},"classes":[]}],"_links":{"self":[{"href":"https:\/\/www.shqiperia.com\/blog\/wp-json\/wp\/v2\/posts\/106012","targetHints":{"allow":["GET"]}}],"collection":[{"href":"https:\/\/www.shqiperia.com\/blog\/wp-json\/wp\/v2\/posts"}],"about":[{"href":"https:\/\/www.shqiperia.com\/blog\/wp-json\/wp\/v2\/types\/post"}],"author":[{"embeddable":true,"href":"https:\/\/www.shqiperia.com\/blog\/wp-json\/wp\/v2\/users\/9"}],"replies":[{"embeddable":true,"href":"https:\/\/www.shqiperia.com\/blog\/wp-json\/wp\/v2\/comments?post=106012"}],"version-history":[{"count":1,"href":"https:\/\/www.shqiperia.com\/blog\/wp-json\/wp\/v2\/posts\/106012\/revisions"}],"predecessor-version":[{"id":106014,"href":"https:\/\/www.shqiperia.com\/blog\/wp-json\/wp\/v2\/posts\/106012\/revisions\/106014"}],"wp:featuredmedia":[{"embeddable":true,"href":"https:\/\/www.shqiperia.com\/blog\/wp-json\/wp\/v2\/media\/106013"}],"wp:attachment":[{"href":"https:\/\/www.shqiperia.com\/blog\/wp-json\/wp\/v2\/media?parent=106012"}],"wp:term":[{"taxonomy":"category","embeddable":true,"href":"https:\/\/www.shqiperia.com\/blog\/wp-json\/wp\/v2\/categories?post=106012"},{"taxonomy":"post_tag","embeddable":true,"href":"https:\/\/www.shqiperia.com\/blog\/wp-json\/wp\/v2\/tags?post=106012"}],"curies":[{"name":"wp","href":"https:\/\/api.w.org\/{rel}","templated":true}]}}