{"id":106009,"date":"2026-09-04T17:18:52","date_gmt":"2026-09-04T17:18:52","guid":{"rendered":"https:\/\/www.shqiperia.com\/blog\/?p=106009"},"modified":"2026-09-04T17:18:52","modified_gmt":"2026-09-04T17:18:52","slug":"nga-zjarri-masiv-ne-fier-shtellungat-e-tymit-mberrijne-ne-vlore-qielli-i-nxire-mbi-qytetin-bregdetar","status":"publish","type":"post","link":"https:\/\/www.shqiperia.com\/blog\/nga-zjarri-masiv-ne-fier-shtellungat-e-tymit-mberrijne-ne-vlore-qielli-i-nxire-mbi-qytetin-bregdetar\/","title":{"rendered":"Nga zjarri masiv n\u00eb Fier, sht\u00ebllungat e tymit mb\u00ebrrijn\u00eb n\u00eb Vlor\u00eb! &#8211; Qielli i nxir\u00eb mbi qytetin bregdetar"},"content":{"rendered":"<p><img data-recalc-dims=\"1\" loading=\"lazy\" decoding=\"async\" data-attachment-id=\"106010\" data-permalink=\"https:\/\/www.shqiperia.com\/blog\/nga-zjarri-masiv-ne-fier-shtellungat-e-tymit-mberrijne-ne-vlore-qielli-i-nxire-mbi-qytetin-bregdetar\/1788540419-rgtdrtiio-6a9af7d9c710c\/\" data-orig-file=\"https:\/\/i0.wp.com\/www.shqiperia.com\/blog\/wp-content\/uploads\/2026\/09\/1788540419-rgtdrtiio-6a9af7d9c710c.jpeg?fit=780%2C440&amp;ssl=1\" data-orig-size=\"780,440\" data-comments-opened=\"1\" data-image-meta=\"{&quot;aperture&quot;:&quot;0&quot;,&quot;credit&quot;:&quot;&quot;,&quot;camera&quot;:&quot;&quot;,&quot;caption&quot;:&quot;&quot;,&quot;created_timestamp&quot;:&quot;0&quot;,&quot;copyright&quot;:&quot;&quot;,&quot;focal_length&quot;:&quot;0&quot;,&quot;iso&quot;:&quot;0&quot;,&quot;shutter_speed&quot;:&quot;0&quot;,&quot;title&quot;:&quot;&quot;,&quot;orientation&quot;:&quot;0&quot;}\" data-image-title=\"1788540419-rgtdrtiio-6a9af7d9c710c\" data-image-description=\"\" data-image-caption=\"\" data-medium-file=\"https:\/\/i0.wp.com\/www.shqiperia.com\/blog\/wp-content\/uploads\/2026\/09\/1788540419-rgtdrtiio-6a9af7d9c710c.jpeg?fit=300%2C169&amp;ssl=1\" data-large-file=\"https:\/\/i0.wp.com\/www.shqiperia.com\/blog\/wp-content\/uploads\/2026\/09\/1788540419-rgtdrtiio-6a9af7d9c710c.jpeg?fit=780%2C440&amp;ssl=1\" class=\"alignnone  wp-image-106010\" alt=\"\" src=\"https:\/\/i0.wp.com\/www.shqiperia.com\/blog\/wp-content\/uploads\/2026\/09\/1788540419-rgtdrtiio-6a9af7d9c710c.jpeg?resize=682%2C384&#038;ssl=1\" width=\"682\" height=\"384\" srcset=\"https:\/\/i0.wp.com\/www.shqiperia.com\/blog\/wp-content\/uploads\/2026\/09\/1788540419-rgtdrtiio-6a9af7d9c710c.jpeg?resize=300%2C169&amp;ssl=1 300w, https:\/\/i0.wp.com\/www.shqiperia.com\/blog\/wp-content\/uploads\/2026\/09\/1788540419-rgtdrtiio-6a9af7d9c710c.jpeg?resize=768%2C433&amp;ssl=1 768w, https:\/\/i0.wp.com\/www.shqiperia.com\/blog\/wp-content\/uploads\/2026\/09\/1788540419-rgtdrtiio-6a9af7d9c710c.jpeg?resize=450%2C254&amp;ssl=1 450w, https:\/\/i0.wp.com\/www.shqiperia.com\/blog\/wp-content\/uploads\/2026\/09\/1788540419-rgtdrtiio-6a9af7d9c710c.jpeg?resize=600%2C338&amp;ssl=1 600w, https:\/\/i0.wp.com\/www.shqiperia.com\/blog\/wp-content\/uploads\/2026\/09\/1788540419-rgtdrtiio-6a9af7d9c710c.jpeg?resize=400%2C226&amp;ssl=1 400w, https:\/\/i0.wp.com\/www.shqiperia.com\/blog\/wp-content\/uploads\/2026\/09\/1788540419-rgtdrtiio-6a9af7d9c710c.jpeg?w=780&amp;ssl=1 780w\" sizes=\"auto, (max-width: 682px) 100vw, 682px\" \/><\/p>\n<p>4 Shtator 2026<\/p>\n<p>P\u00ebrmasat masive t\u00eb zjarri q\u00eb ka r\u00ebn\u00eb dit\u00ebn e sotme n\u00eb kodrat e Radostin\u00ebs n\u00eb Fier, kan\u00eb b\u00ebr\u00eb q\u00eb sht\u00ebllungat e tymit t\u00eb mb\u00ebrrijn\u00eb edhe n\u00eb Vlor\u00eb.<\/p>\n<p>Mediat kan\u00eb siguruar pamjet nga qyteti bregdetar, ku duket se nj\u00eb pjes\u00eb e qiellit n\u00eb hyrje t\u00eb Vlor\u00ebs ka marr\u00eb ngjyr\u00ebn e zez\u00eb, p\u00ebr shkak t\u00eb tymit t\u00eb ardhur nga zjarri n\u00eb Fier, \u00e7\u2019ka tregon ndotjen e madhe q\u00eb vjen edhe drejt Vlor\u00ebs nga kjo situat\u00eb e rrezikshme.<\/p>\n","protected":false},"excerpt":{"rendered":"<p>4 Shtator 2026 P\u00ebrmasat masive t\u00eb zjarri q\u00eb ka r\u00ebn\u00eb dit\u00ebn e sotme n\u00eb kodrat e Radostin\u00ebs n\u00eb Fier, kan\u00eb b\u00ebr\u00eb q\u00eb sht\u00ebllungat e tymit t\u00eb mb\u00ebrrijn\u00eb edhe n\u00eb Vlor\u00eb. Mediat kan\u00eb siguruar pamjet nga qyteti bregdetar, ku duket se nj\u00eb pjes\u00eb e qiellit n\u00eb hyrje t\u00eb Vlor\u00ebs ka marr\u00eb ngjyr\u00ebn e zez\u00eb, p\u00ebr shkak [&hellip;]<\/p>\n","protected":false},"author":9,"featured_media":106010,"comment_status":"open","ping_status":"open","sticky":false,"template":"","format":"standard","meta":{"jetpack_post_was_ever_published":false,"_jetpack_newsletter_access":"","_jetpack_dont_email_post_to_subs":false,"_jetpack_newsletter_tier_id":0,"_jetpack_memberships_contains_paywalled_content":false,"_jetpack_memberships_contains_paid_content":false,"footnotes":"","jetpack_publicize_message":"","jetpack_publicize_feature_enabled":true,"jetpack_social_post_already_shared":true,"jetpack_social_options":{"image_generator_settings":{"template":"highway","default_image_id":0,"font":"","enabled":false},"version":2}},"categories":[27,1,35],"tags":[],"class_list":["post-106009","post","type-post","status-publish","format-standard","has-post-thumbnail","hentry","category-blogu-i-udhetarit","category-njoftime-shtypi","category-shoqerore"],"jetpack_publicize_connections":[],"jetpack_featured_media_url":"https:\/\/i0.wp.com\/www.shqiperia.com\/blog\/wp-content\/uploads\/2026\/09\/1788540419-rgtdrtiio-6a9af7d9c710c.jpeg?fit=780%2C440&ssl=1","jetpack_sharing_enabled":true,"jetpack_shortlink":"https:\/\/wp.me\/p5Z6wp-rzP","jetpack-related-posts":[{"id":105965,"url":"https:\/\/www.shqiperia.com\/blog\/zjarri-del-jashte-kontrollit-ne-zonen-e-qafes-se-koshovices-flaket-perfshijne-pyllin-me-pisha-bllokohet-aksi-fier-levan\/","url_meta":{"origin":106009,"position":0},"title":"Zjarri del jasht\u00eb kontrollit n\u00eb zon\u00ebn e Qaf\u00ebs s\u00eb Koshovic\u00ebs, flak\u00ebt p\u00ebrfshijn\u00eb pyllin me pisha, bllokohet aksi Fier-Levan","author":"Kurt Farka","date":"September 4, 2026","format":false,"excerpt":"4 Shtator 2026 Situata nga zjarri n\u00eb zon\u00ebn e Qaf\u00ebs s\u00eb Koshovic\u00ebs n\u00eb Fier paraqitet alarmante, nd\u00ebrsa flak\u00ebt kan\u00eb dal\u00eb jasht\u00eb kontrollit dhe kan\u00eb p\u00ebrfshir\u00eb edhe pyllin me pisha pran\u00eb liqenit. P\u00ebr pasoj\u00eb \u00ebsht\u00eb bllokuar qarkullimi n\u00eb aksin Fier-Levan. Sakaq nj\u00eb \u00e7ift ka rrezikuar seriozisht jet\u00ebn teksa \u00ebsht\u00eb p\u00ebrpjekur t\u00eb\u2026","rel":"","context":"In &quot;Blogu i Udh\u00ebtarit&quot;","block_context":{"text":"Blogu i Udh\u00ebtarit","link":"https:\/\/www.shqiperia.com\/blog\/category\/blogu-i-udhetarit\/"},"img":{"alt_text":"","src":"https:\/\/i0.wp.com\/www.shqiperia.com\/blog\/wp-content\/uploads\/2026\/09\/jarr-autostrada-sd-6a9acf6ecf6e7.webp?fit=1200%2C675&ssl=1&resize=350%2C200","width":350,"height":200,"srcset":"https:\/\/i0.wp.com\/www.shqiperia.com\/blog\/wp-content\/uploads\/2026\/09\/jarr-autostrada-sd-6a9acf6ecf6e7.webp?fit=1200%2C675&ssl=1&resize=350%2C200 1x, https:\/\/i0.wp.com\/www.shqiperia.com\/blog\/wp-content\/uploads\/2026\/09\/jarr-autostrada-sd-6a9acf6ecf6e7.webp?fit=1200%2C675&ssl=1&resize=525%2C300 1.5x, https:\/\/i0.wp.com\/www.shqiperia.com\/blog\/wp-content\/uploads\/2026\/09\/jarr-autostrada-sd-6a9acf6ecf6e7.webp?fit=1200%2C675&ssl=1&resize=700%2C400 2x, https:\/\/i0.wp.com\/www.shqiperia.com\/blog\/wp-content\/uploads\/2026\/09\/jarr-autostrada-sd-6a9acf6ecf6e7.webp?fit=1200%2C675&ssl=1&resize=1050%2C600 3x"},"classes":[]},{"id":106003,"url":"https:\/\/www.shqiperia.com\/blog\/situate-kritike-ne-disa-fshatra-te-fierit-zjarri-avancon-drejt-levanit-digjen-tre-shtepi-dhe-nje-magazine-rrezikohet-edhe-nje-biznes\/","url_meta":{"origin":106009,"position":1},"title":"Situat\u00eb kritike n\u00eb disa fshatra t\u00eb Fierit, zjarri avancon drejt Levanit. Digjen tre sht\u00ebpi dhe nj\u00eb magazin\u00eb, rrezikohet edhe nj\u00eb biznes","author":"Kurt Farka","date":"September 4, 2026","format":false,"excerpt":"4 Shtator 2026 Zjarri i nisur mesdit\u00ebn e sotme n\u00eb fshatin Vadhiz\u00eb t\u00eb Fierit ka marr\u00eb p\u00ebrmasa t\u00eb m\u00ebdha vet\u00ebm pak or\u00eb pas shp\u00ebrthimit t\u00eb vatr\u00ebs s\u00eb par\u00eb. Si\u00e7 raporton korrespondenti i Top Channel Neritan Trifoni, flak\u00ebt q\u00eb nis\u00ebn n\u00eb fshatin Vadhiz\u00eb, ka avancuar drejt Levanit, dhe sipas banor\u00ebve jan\u00eb\u2026","rel":"","context":"In &quot;Blogu i Udh\u00ebtarit&quot;","block_context":{"text":"Blogu i Udh\u00ebtarit","link":"https:\/\/www.shqiperia.com\/blog\/category\/blogu-i-udhetarit\/"},"img":{"alt_text":"","src":"https:\/\/i0.wp.com\/www.shqiperia.com\/blog\/wp-content\/uploads\/2026\/09\/FIERII_sd-800x450-2.webp?fit=800%2C450&ssl=1&resize=350%2C200","width":350,"height":200,"srcset":"https:\/\/i0.wp.com\/www.shqiperia.com\/blog\/wp-content\/uploads\/2026\/09\/FIERII_sd-800x450-2.webp?fit=800%2C450&ssl=1&resize=350%2C200 1x, https:\/\/i0.wp.com\/www.shqiperia.com\/blog\/wp-content\/uploads\/2026\/09\/FIERII_sd-800x450-2.webp?fit=800%2C450&ssl=1&resize=525%2C300 1.5x, https:\/\/i0.wp.com\/www.shqiperia.com\/blog\/wp-content\/uploads\/2026\/09\/FIERII_sd-800x450-2.webp?fit=800%2C450&ssl=1&resize=700%2C400 2x"},"classes":[]},{"id":104548,"url":"https:\/\/www.shqiperia.com\/blog\/ishte-djegur-pothuajse-100-zjarri-ne-hotel-brooklyn-mjeku-rrefen-gjendjen-e-te-lenduarve-nje-vajze-rrezikon-jeten-tre-paciente-me-djegie-ne-qsut-dy-te-traum\/","url_meta":{"origin":106009,"position":2},"title":"\u201cIshte djegur pothuajse 100%!\u201d- Zjarri n\u00eb hotel \u201cBrooklyn\u201d, mjeku rr\u00ebfen gjendjen e t\u00eb l\u00ebnduarve: &#8211; Nj\u00eb vajz\u00eb rrezikon jet\u00ebn! Tre pacient\u00eb me djegie n\u00eb QSUT, dy te Trauma","author":"Kurt Farka","date":"August 16, 2026","format":false,"excerpt":"16 Gusht 2026 Shefi i Reanimacionit n\u00eb Spitalin Rajonal t\u00eb Vlor\u00ebs, Edmond Breshanaj, ka dh\u00ebn\u00eb detaje p\u00ebr gjendjen e personave t\u00eb plagosur nga zjarri q\u00eb p\u00ebrfshiu hotel \u201cBrooklyn\u201d n\u00eb Lungomare, gjat\u00eb or\u00ebve t\u00eb para t\u00eb m\u00ebngjesit. Breshanaj tha se situata ka qen\u00eb emergjente, nd\u00ebrsa n\u00eb spital jan\u00eb paraqitur gjasht\u00eb pacient\u00eb\u2026","rel":"","context":"In &quot;Blogu i Udh\u00ebtarit&quot;","block_context":{"text":"Blogu i Udh\u00ebtarit","link":"https:\/\/www.shqiperia.com\/blog\/category\/blogu-i-udhetarit\/"},"img":{"alt_text":"","src":"https:\/\/i0.wp.com\/www.shqiperia.com\/blog\/wp-content\/uploads\/2026\/08\/mjeku-Edmond-Breshanaj.jpg?fit=780%2C440&ssl=1&resize=350%2C200","width":350,"height":200,"srcset":"https:\/\/i0.wp.com\/www.shqiperia.com\/blog\/wp-content\/uploads\/2026\/08\/mjeku-Edmond-Breshanaj.jpg?fit=780%2C440&ssl=1&resize=350%2C200 1x, https:\/\/i0.wp.com\/www.shqiperia.com\/blog\/wp-content\/uploads\/2026\/08\/mjeku-Edmond-Breshanaj.jpg?fit=780%2C440&ssl=1&resize=525%2C300 1.5x, https:\/\/i0.wp.com\/www.shqiperia.com\/blog\/wp-content\/uploads\/2026\/08\/mjeku-Edmond-Breshanaj.jpg?fit=780%2C440&ssl=1&resize=700%2C400 2x"},"classes":[]},{"id":103247,"url":"https:\/\/www.shqiperia.com\/blog\/zjarri-ne-zvernec-perfshin-pyllin-me-pisha-shumevjecare\/","url_meta":{"origin":106009,"position":3},"title":"Zjarri n\u00eb Zv\u00ebrnec p\u00ebrfshin pyllin me pisha shum\u00ebvje\u00e7are","author":"Kurt Farka","date":"July 26, 2026","format":false,"excerpt":"26 Korrik 2026 Nj\u00eb zjarr i p\u00ebrmasave t\u00eb m\u00ebdha ka p\u00ebrfshir\u00eb pasditen e s\u00eb diel\u00ebs Pyllin e Sod\u00ebs, pran\u00eb zon\u00ebs s\u00eb Petrolifer\u00ebs n\u00eb Vlor\u00eb, duke djegur nj\u00eb sip\u00ebrfaqe t\u00eb konsiderueshme me pisha shum\u00ebvje\u00e7are dhe fidan\u00eb t\u00eb rinj t\u00eb mbjell\u00eb gjat\u00eb viteve t\u00eb fundit. Sipas informacioneve nga vendngjarja, zjarri u raportua\u2026","rel":"","context":"In &quot;Blogu i Udh\u00ebtarit&quot;","block_context":{"text":"Blogu i Udh\u00ebtarit","link":"https:\/\/www.shqiperia.com\/blog\/category\/blogu-i-udhetarit\/"},"img":{"alt_text":"","src":"https:\/\/i0.wp.com\/www.shqiperia.com\/blog\/wp-content\/uploads\/2026\/07\/zvernec.jpg?fit=1024%2C576&ssl=1&resize=350%2C200","width":350,"height":200,"srcset":"https:\/\/i0.wp.com\/www.shqiperia.com\/blog\/wp-content\/uploads\/2026\/07\/zvernec.jpg?fit=1024%2C576&ssl=1&resize=350%2C200 1x, https:\/\/i0.wp.com\/www.shqiperia.com\/blog\/wp-content\/uploads\/2026\/07\/zvernec.jpg?fit=1024%2C576&ssl=1&resize=525%2C300 1.5x, https:\/\/i0.wp.com\/www.shqiperia.com\/blog\/wp-content\/uploads\/2026\/07\/zvernec.jpg?fit=1024%2C576&ssl=1&resize=700%2C400 2x"},"classes":[]},{"id":104983,"url":"https:\/\/www.shqiperia.com\/blog\/dhermi-tymi-i-zjarrit-perhapet-ne-te-gjithe-plazhin-largohen-pushuesit\/","url_meta":{"origin":106009,"position":4},"title":"Dh\u00ebrmi tymi i zjarrit p\u00ebrhapet n\u00eb t\u00eb gjith\u00eb plazhin! Largohen pushuesit","author":"Kurt Farka","date":"August 22, 2026","format":false,"excerpt":"22 Gusht 2026 Nga: Top Channel Zjarri n\u00eb malin e \u00c7ik\u00ebs vazhdon p\u00ebr t\u00eb tret\u00ebn dit\u00eb, nd\u00ebrsa pasditen e sotme flak\u00ebt kan\u00eb zbritur edhe m\u00eb posht\u00eb duke iu afruar fshatit Dh\u00ebrmi. Nga tymi q\u00eb ka p\u00ebrfshir\u00eb k\u00ebt\u00eb zon\u00eb ka larguar dhe pushuesit nga plazhi, pasi era q\u00eb fryn nga jugu\u2026","rel":"","context":"In &quot;Blogu i Udh\u00ebtarit&quot;","block_context":{"text":"Blogu i Udh\u00ebtarit","link":"https:\/\/www.shqiperia.com\/blog\/category\/blogu-i-udhetarit\/"},"img":{"alt_text":"","src":"https:\/\/i0.wp.com\/www.shqiperia.com\/blog\/wp-content\/uploads\/2026\/08\/dhermi-1.webp?fit=1200%2C675&ssl=1&resize=350%2C200","width":350,"height":200,"srcset":"https:\/\/i0.wp.com\/www.shqiperia.com\/blog\/wp-content\/uploads\/2026\/08\/dhermi-1.webp?fit=1200%2C675&ssl=1&resize=350%2C200 1x, https:\/\/i0.wp.com\/www.shqiperia.com\/blog\/wp-content\/uploads\/2026\/08\/dhermi-1.webp?fit=1200%2C675&ssl=1&resize=525%2C300 1.5x, https:\/\/i0.wp.com\/www.shqiperia.com\/blog\/wp-content\/uploads\/2026\/08\/dhermi-1.webp?fit=1200%2C675&ssl=1&resize=700%2C400 2x, https:\/\/i0.wp.com\/www.shqiperia.com\/blog\/wp-content\/uploads\/2026\/08\/dhermi-1.webp?fit=1200%2C675&ssl=1&resize=1050%2C600 3x"},"classes":[]},{"id":102252,"url":"https:\/\/www.shqiperia.com\/blog\/zjarri-ne-fier-perhapet-me-shpejtesi-mjetet-zjarrfikese-dhe-efektive-ne-terren-per-te-mbrojtur-banesat-dhe-objektet\/","url_meta":{"origin":106009,"position":5},"title":"Zjarri n\u00eb Fier p\u00ebrhapet me shpejt\u00ebsi, mjetet zjarrfik\u00ebse dhe efektiv\u00eb n\u00eb terren p\u00ebr t\u00eb mbrojtur banesat dhe objektet","author":"Kurt Farka","date":"July 5, 2026","format":false,"excerpt":"5 Korrik 2026 Situata nga zjarri n\u00eb zon\u00ebn e Driz\u00ebs, n\u00eb Fier, paraqitet problematike, pasi flak\u00ebt jan\u00eb p\u00ebrhapur n\u00eb nj\u00eb sip\u00ebrfaqe t\u00eb gjer\u00eb dhe po i afrohen zon\u00ebs s\u00eb banuar. Autoritetet kan\u00eb angazhuar 10 mjete zjarrfik\u00ebse dhe 50 efektiv\u00eb, nd\u00ebrsa prioritet mbetet mbrojtja e banesave dhe objekteve n\u00eb rrezik. P\u00ebrgjegj\u00ebsi\u2026","rel":"","context":"In &quot;Blogu i Udh\u00ebtarit&quot;","block_context":{"text":"Blogu i Udh\u00ebtarit","link":"https:\/\/www.shqiperia.com\/blog\/category\/blogu-i-udhetarit\/"},"img":{"alt_text":"","src":"https:\/\/i0.wp.com\/www.shqiperia.com\/blog\/wp-content\/uploads\/2026\/07\/iier-makina_sd-1140x570-1.webp?fit=1140%2C570&ssl=1&resize=350%2C200","width":350,"height":200,"srcset":"https:\/\/i0.wp.com\/www.shqiperia.com\/blog\/wp-content\/uploads\/2026\/07\/iier-makina_sd-1140x570-1.webp?fit=1140%2C570&ssl=1&resize=350%2C200 1x, https:\/\/i0.wp.com\/www.shqiperia.com\/blog\/wp-content\/uploads\/2026\/07\/iier-makina_sd-1140x570-1.webp?fit=1140%2C570&ssl=1&resize=525%2C300 1.5x, https:\/\/i0.wp.com\/www.shqiperia.com\/blog\/wp-content\/uploads\/2026\/07\/iier-makina_sd-1140x570-1.webp?fit=1140%2C570&ssl=1&resize=700%2C400 2x, https:\/\/i0.wp.com\/www.shqiperia.com\/blog\/wp-content\/uploads\/2026\/07\/iier-makina_sd-1140x570-1.webp?fit=1140%2C570&ssl=1&resize=1050%2C600 3x"},"classes":[]}],"_links":{"self":[{"href":"https:\/\/www.shqiperia.com\/blog\/wp-json\/wp\/v2\/posts\/106009","targetHints":{"allow":["GET"]}}],"collection":[{"href":"https:\/\/www.shqiperia.com\/blog\/wp-json\/wp\/v2\/posts"}],"about":[{"href":"https:\/\/www.shqiperia.com\/blog\/wp-json\/wp\/v2\/types\/post"}],"author":[{"embeddable":true,"href":"https:\/\/www.shqiperia.com\/blog\/wp-json\/wp\/v2\/users\/9"}],"replies":[{"embeddable":true,"href":"https:\/\/www.shqiperia.com\/blog\/wp-json\/wp\/v2\/comments?post=106009"}],"version-history":[{"count":1,"href":"https:\/\/www.shqiperia.com\/blog\/wp-json\/wp\/v2\/posts\/106009\/revisions"}],"predecessor-version":[{"id":106011,"href":"https:\/\/www.shqiperia.com\/blog\/wp-json\/wp\/v2\/posts\/106009\/revisions\/106011"}],"wp:featuredmedia":[{"embeddable":true,"href":"https:\/\/www.shqiperia.com\/blog\/wp-json\/wp\/v2\/media\/106010"}],"wp:attachment":[{"href":"https:\/\/www.shqiperia.com\/blog\/wp-json\/wp\/v2\/media?parent=106009"}],"wp:term":[{"taxonomy":"category","embeddable":true,"href":"https:\/\/www.shqiperia.com\/blog\/wp-json\/wp\/v2\/categories?post=106009"},{"taxonomy":"post_tag","embeddable":true,"href":"https:\/\/www.shqiperia.com\/blog\/wp-json\/wp\/v2\/tags?post=106009"}],"curies":[{"name":"wp","href":"https:\/\/api.w.org\/{rel}","templated":true}]}}