{"id":106006,"date":"2026-09-04T17:16:13","date_gmt":"2026-09-04T17:16:13","guid":{"rendered":"https:\/\/www.shqiperia.com\/blog\/?p=106006"},"modified":"2026-09-04T17:16:13","modified_gmt":"2026-09-04T17:16:13","slug":"ne-qafen-e-koshovices-ne-fier-flaket-perfshijne-nje-lokal-dhe-nje-shtepi-te-pabanuar-nis-nderhyrja-nga-ajri","status":"publish","type":"post","link":"https:\/\/www.shqiperia.com\/blog\/ne-qafen-e-koshovices-ne-fier-flaket-perfshijne-nje-lokal-dhe-nje-shtepi-te-pabanuar-nis-nderhyrja-nga-ajri\/","title":{"rendered":"N\u00eb Qaf\u00ebn e Koshovic\u00ebs n\u00eb Fier\/ Flak\u00ebt p\u00ebrfshijn\u00eb nj\u00eb lokal dhe nj\u00eb sht\u00ebpi t\u00eb pabanuar, nis nd\u00ebrhyrja nga ajri"},"content":{"rendered":"<div class=\"firstP\">\n<p><img data-recalc-dims=\"1\" loading=\"lazy\" decoding=\"async\" data-attachment-id=\"106007\" data-permalink=\"https:\/\/www.shqiperia.com\/blog\/ne-qafen-e-koshovices-ne-fier-flaket-perfshijne-nje-lokal-dhe-nje-shtepi-te-pabanuar-nis-nderhyrja-nga-ajri\/fier_sd-1\/\" data-orig-file=\"https:\/\/i0.wp.com\/www.shqiperia.com\/blog\/wp-content\/uploads\/2026\/09\/fier_sd-1.webp?fit=1280%2C720&amp;ssl=1\" data-orig-size=\"1280,720\" data-comments-opened=\"1\" data-image-meta=\"{&quot;aperture&quot;:&quot;0&quot;,&quot;credit&quot;:&quot;&quot;,&quot;camera&quot;:&quot;&quot;,&quot;caption&quot;:&quot;&quot;,&quot;created_timestamp&quot;:&quot;0&quot;,&quot;copyright&quot;:&quot;&quot;,&quot;focal_length&quot;:&quot;0&quot;,&quot;iso&quot;:&quot;0&quot;,&quot;shutter_speed&quot;:&quot;0&quot;,&quot;title&quot;:&quot;&quot;,&quot;orientation&quot;:&quot;0&quot;}\" data-image-title=\"fier_sd-1\" data-image-description=\"\" data-image-caption=\"\" data-medium-file=\"https:\/\/i0.wp.com\/www.shqiperia.com\/blog\/wp-content\/uploads\/2026\/09\/fier_sd-1.webp?fit=300%2C169&amp;ssl=1\" data-large-file=\"https:\/\/i0.wp.com\/www.shqiperia.com\/blog\/wp-content\/uploads\/2026\/09\/fier_sd-1.webp?fit=1024%2C576&amp;ssl=1\" class=\"alignnone  wp-image-106007\" alt=\"\" src=\"https:\/\/i0.wp.com\/www.shqiperia.com\/blog\/wp-content\/uploads\/2026\/09\/fier_sd-1.webp?resize=683%2C385&#038;ssl=1\" width=\"683\" height=\"385\" srcset=\"https:\/\/i0.wp.com\/www.shqiperia.com\/blog\/wp-content\/uploads\/2026\/09\/fier_sd-1.webp?resize=300%2C169&amp;ssl=1 300w, https:\/\/i0.wp.com\/www.shqiperia.com\/blog\/wp-content\/uploads\/2026\/09\/fier_sd-1.webp?resize=1024%2C576&amp;ssl=1 1024w, https:\/\/i0.wp.com\/www.shqiperia.com\/blog\/wp-content\/uploads\/2026\/09\/fier_sd-1.webp?resize=768%2C432&amp;ssl=1 768w, https:\/\/i0.wp.com\/www.shqiperia.com\/blog\/wp-content\/uploads\/2026\/09\/fier_sd-1.webp?resize=450%2C253&amp;ssl=1 450w, https:\/\/i0.wp.com\/www.shqiperia.com\/blog\/wp-content\/uploads\/2026\/09\/fier_sd-1.webp?resize=600%2C338&amp;ssl=1 600w, https:\/\/i0.wp.com\/www.shqiperia.com\/blog\/wp-content\/uploads\/2026\/09\/fier_sd-1.webp?resize=400%2C225&amp;ssl=1 400w, https:\/\/i0.wp.com\/www.shqiperia.com\/blog\/wp-content\/uploads\/2026\/09\/fier_sd-1.webp?w=1280&amp;ssl=1 1280w\" sizes=\"auto, (max-width: 683px) 100vw, 683px\" \/><\/p>\n<p>4 Shtator 2026<\/p>\n<p>Situata nga zjarri n\u00eb zon\u00ebn e Qaf\u00ebs s\u00eb Koshovic\u00ebs n\u00eb Fier paraqitet ende alarmante, nd\u00ebrsa flak\u00ebt q\u00eb p\u00ebrfshin\u00eb zon\u00ebn q\u00eb n\u00eb mesdit\u00eb kan\u00eb dal\u00eb jasht\u00eb kontrollit.<\/p>\n<\/div>\n<p>Nga pamjet e siguruara nga korrespondenti i Top Channel Neritan Trifoni, flak\u00ebt kan\u00eb p\u00ebrfshir\u00eb nj\u00eb lokal dhe nj\u00eb sht\u00ebpi t\u00eb pabanuar.<\/p>\n<div class=\"tch-embed-card\">\n<h5>\u00a0Bllokohet qarkullimi n\u00eb aksin Fier-Levan<\/h5>\n<\/div>\n<p>Nd\u00ebrkoh\u00eb, n\u00eb terren jan\u00eb angazhuar disa forca zjarrfik\u00ebse dhe ka nisur nd\u00ebrhyrja nga ajri me nj\u00eb helikopter p\u00ebr shuarjen e flak\u00ebve.<\/p>\n","protected":false},"excerpt":{"rendered":"<p>4 Shtator 2026 Situata nga zjarri n\u00eb zon\u00ebn e Qaf\u00ebs s\u00eb Koshovic\u00ebs n\u00eb Fier paraqitet ende alarmante, nd\u00ebrsa flak\u00ebt q\u00eb p\u00ebrfshin\u00eb zon\u00ebn q\u00eb n\u00eb mesdit\u00eb kan\u00eb dal\u00eb jasht\u00eb kontrollit. Nga pamjet e siguruara nga korrespondenti i Top Channel Neritan Trifoni, flak\u00ebt kan\u00eb p\u00ebrfshir\u00eb nj\u00eb lokal dhe nj\u00eb sht\u00ebpi t\u00eb pabanuar. \u00a0Bllokohet qarkullimi n\u00eb aksin Fier-Levan [&hellip;]<\/p>\n","protected":false},"author":9,"featured_media":106007,"comment_status":"open","ping_status":"open","sticky":false,"template":"","format":"standard","meta":{"jetpack_post_was_ever_published":false,"_jetpack_newsletter_access":"","_jetpack_dont_email_post_to_subs":false,"_jetpack_newsletter_tier_id":0,"_jetpack_memberships_contains_paywalled_content":false,"_jetpack_memberships_contains_paid_content":false,"footnotes":"","jetpack_publicize_message":"","jetpack_publicize_feature_enabled":true,"jetpack_social_post_already_shared":true,"jetpack_social_options":{"image_generator_settings":{"template":"highway","default_image_id":0,"font":"","enabled":false},"version":2}},"categories":[27,1,35],"tags":[],"class_list":["post-106006","post","type-post","status-publish","format-standard","has-post-thumbnail","hentry","category-blogu-i-udhetarit","category-njoftime-shtypi","category-shoqerore"],"jetpack_publicize_connections":[],"jetpack_featured_media_url":"https:\/\/i0.wp.com\/www.shqiperia.com\/blog\/wp-content\/uploads\/2026\/09\/fier_sd-1.webp?fit=1280%2C720&ssl=1","jetpack_sharing_enabled":true,"jetpack_shortlink":"https:\/\/wp.me\/p5Z6wp-rzM","jetpack-related-posts":[{"id":106003,"url":"https:\/\/www.shqiperia.com\/blog\/situate-kritike-ne-disa-fshatra-te-fierit-zjarri-avancon-drejt-levanit-digjen-tre-shtepi-dhe-nje-magazine-rrezikohet-edhe-nje-biznes\/","url_meta":{"origin":106006,"position":0},"title":"Situat\u00eb kritike n\u00eb disa fshatra t\u00eb Fierit, zjarri avancon drejt Levanit. Digjen tre sht\u00ebpi dhe nj\u00eb magazin\u00eb, rrezikohet edhe nj\u00eb biznes","author":"Kurt Farka","date":"September 4, 2026","format":false,"excerpt":"4 Shtator 2026 Zjarri i nisur mesdit\u00ebn e sotme n\u00eb fshatin Vadhiz\u00eb t\u00eb Fierit ka marr\u00eb p\u00ebrmasa t\u00eb m\u00ebdha vet\u00ebm pak or\u00eb pas shp\u00ebrthimit t\u00eb vatr\u00ebs s\u00eb par\u00eb. Si\u00e7 raporton korrespondenti i Top Channel Neritan Trifoni, flak\u00ebt q\u00eb nis\u00ebn n\u00eb fshatin Vadhiz\u00eb, ka avancuar drejt Levanit, dhe sipas banor\u00ebve jan\u00eb\u2026","rel":"","context":"In &quot;Blogu i Udh\u00ebtarit&quot;","block_context":{"text":"Blogu i Udh\u00ebtarit","link":"https:\/\/www.shqiperia.com\/blog\/category\/blogu-i-udhetarit\/"},"img":{"alt_text":"","src":"https:\/\/i0.wp.com\/www.shqiperia.com\/blog\/wp-content\/uploads\/2026\/09\/FIERII_sd-800x450-2.webp?fit=800%2C450&ssl=1&resize=350%2C200","width":350,"height":200,"srcset":"https:\/\/i0.wp.com\/www.shqiperia.com\/blog\/wp-content\/uploads\/2026\/09\/FIERII_sd-800x450-2.webp?fit=800%2C450&ssl=1&resize=350%2C200 1x, https:\/\/i0.wp.com\/www.shqiperia.com\/blog\/wp-content\/uploads\/2026\/09\/FIERII_sd-800x450-2.webp?fit=800%2C450&ssl=1&resize=525%2C300 1.5x, https:\/\/i0.wp.com\/www.shqiperia.com\/blog\/wp-content\/uploads\/2026\/09\/FIERII_sd-800x450-2.webp?fit=800%2C450&ssl=1&resize=700%2C400 2x"},"classes":[]},{"id":105965,"url":"https:\/\/www.shqiperia.com\/blog\/zjarri-del-jashte-kontrollit-ne-zonen-e-qafes-se-koshovices-flaket-perfshijne-pyllin-me-pisha-bllokohet-aksi-fier-levan\/","url_meta":{"origin":106006,"position":1},"title":"Zjarri del jasht\u00eb kontrollit n\u00eb zon\u00ebn e Qaf\u00ebs s\u00eb Koshovic\u00ebs, flak\u00ebt p\u00ebrfshijn\u00eb pyllin me pisha, bllokohet aksi Fier-Levan","author":"Kurt Farka","date":"September 4, 2026","format":false,"excerpt":"4 Shtator 2026 Situata nga zjarri n\u00eb zon\u00ebn e Qaf\u00ebs s\u00eb Koshovic\u00ebs n\u00eb Fier paraqitet alarmante, nd\u00ebrsa flak\u00ebt kan\u00eb dal\u00eb jasht\u00eb kontrollit dhe kan\u00eb p\u00ebrfshir\u00eb edhe pyllin me pisha pran\u00eb liqenit. P\u00ebr pasoj\u00eb \u00ebsht\u00eb bllokuar qarkullimi n\u00eb aksin Fier-Levan. Sakaq nj\u00eb \u00e7ift ka rrezikuar seriozisht jet\u00ebn teksa \u00ebsht\u00eb p\u00ebrpjekur t\u00eb\u2026","rel":"","context":"In &quot;Blogu i Udh\u00ebtarit&quot;","block_context":{"text":"Blogu i Udh\u00ebtarit","link":"https:\/\/www.shqiperia.com\/blog\/category\/blogu-i-udhetarit\/"},"img":{"alt_text":"","src":"https:\/\/i0.wp.com\/www.shqiperia.com\/blog\/wp-content\/uploads\/2026\/09\/jarr-autostrada-sd-6a9acf6ecf6e7.webp?fit=1200%2C675&ssl=1&resize=350%2C200","width":350,"height":200,"srcset":"https:\/\/i0.wp.com\/www.shqiperia.com\/blog\/wp-content\/uploads\/2026\/09\/jarr-autostrada-sd-6a9acf6ecf6e7.webp?fit=1200%2C675&ssl=1&resize=350%2C200 1x, https:\/\/i0.wp.com\/www.shqiperia.com\/blog\/wp-content\/uploads\/2026\/09\/jarr-autostrada-sd-6a9acf6ecf6e7.webp?fit=1200%2C675&ssl=1&resize=525%2C300 1.5x, https:\/\/i0.wp.com\/www.shqiperia.com\/blog\/wp-content\/uploads\/2026\/09\/jarr-autostrada-sd-6a9acf6ecf6e7.webp?fit=1200%2C675&ssl=1&resize=700%2C400 2x, https:\/\/i0.wp.com\/www.shqiperia.com\/blog\/wp-content\/uploads\/2026\/09\/jarr-autostrada-sd-6a9acf6ecf6e7.webp?fit=1200%2C675&ssl=1&resize=1050%2C600 3x"},"classes":[]},{"id":104350,"url":"https:\/\/www.shqiperia.com\/blog\/zjarri-ne-prisken-e-madhe-merr-permasa-te-medha-nje-shtepi-e-djegur-dhe-familje-te-evakuuara-shkrumbohet-siperfaqe-e-madhe-pyjesh-dhe-ullishtesh\/","url_meta":{"origin":106006,"position":2},"title":"Zjarri n\u00eb Prisk\u00ebn e Madhe merr p\u00ebrmasa t\u00eb m\u00ebdha, nj\u00eb sht\u00ebpi e djegur dhe familje t\u00eb evakuuara. Shkrumbohet sip\u00ebrfaqe e madhe pyjesh dhe ullishtesh","author":"Kurt Farka","date":"August 13, 2026","format":false,"excerpt":"13 Gusht 2026 Zjarri q\u00eb prej dit\u00ebsh vijon t\u00eb jet\u00eb aktiv n\u00eb zon\u00ebn e Prisk\u00ebs s\u00eb Madhe ka marr\u00eb p\u00ebrmasa m\u00eb t\u00eb m\u00ebdha dhe \u00ebsht\u00eb p\u00ebrhapur edhe n\u00eb drejtim t\u00eb Lundr\u00ebs, Fark\u00ebs s\u00eb Madhe dhe Gurr\u00ebs, duke rritur ndjesh\u00ebm rrezikun p\u00ebr banor\u00ebt dhe pronat e tyre. Flak\u00ebt kan\u00eb p\u00ebrfshir\u00eb sip\u00ebrfaqe\u2026","rel":"","context":"In &quot;Blogu i Udh\u00ebtarit&quot;","block_context":{"text":"Blogu i Udh\u00ebtarit","link":"https:\/\/www.shqiperia.com\/blog\/category\/blogu-i-udhetarit\/"},"img":{"alt_text":"","src":"https:\/\/i0.wp.com\/www.shqiperia.com\/blog\/wp-content\/uploads\/2026\/08\/Zjarri-ne-Prisken-e-Madhe.webp?fit=1200%2C675&ssl=1&resize=350%2C200","width":350,"height":200,"srcset":"https:\/\/i0.wp.com\/www.shqiperia.com\/blog\/wp-content\/uploads\/2026\/08\/Zjarri-ne-Prisken-e-Madhe.webp?fit=1200%2C675&ssl=1&resize=350%2C200 1x, https:\/\/i0.wp.com\/www.shqiperia.com\/blog\/wp-content\/uploads\/2026\/08\/Zjarri-ne-Prisken-e-Madhe.webp?fit=1200%2C675&ssl=1&resize=525%2C300 1.5x, https:\/\/i0.wp.com\/www.shqiperia.com\/blog\/wp-content\/uploads\/2026\/08\/Zjarri-ne-Prisken-e-Madhe.webp?fit=1200%2C675&ssl=1&resize=700%2C400 2x, https:\/\/i0.wp.com\/www.shqiperia.com\/blog\/wp-content\/uploads\/2026\/08\/Zjarri-ne-Prisken-e-Madhe.webp?fit=1200%2C675&ssl=1&resize=1050%2C600 3x"},"classes":[]},{"id":102252,"url":"https:\/\/www.shqiperia.com\/blog\/zjarri-ne-fier-perhapet-me-shpejtesi-mjetet-zjarrfikese-dhe-efektive-ne-terren-per-te-mbrojtur-banesat-dhe-objektet\/","url_meta":{"origin":106006,"position":3},"title":"Zjarri n\u00eb Fier p\u00ebrhapet me shpejt\u00ebsi, mjetet zjarrfik\u00ebse dhe efektiv\u00eb n\u00eb terren p\u00ebr t\u00eb mbrojtur banesat dhe objektet","author":"Kurt Farka","date":"July 5, 2026","format":false,"excerpt":"5 Korrik 2026 Situata nga zjarri n\u00eb zon\u00ebn e Driz\u00ebs, n\u00eb Fier, paraqitet problematike, pasi flak\u00ebt jan\u00eb p\u00ebrhapur n\u00eb nj\u00eb sip\u00ebrfaqe t\u00eb gjer\u00eb dhe po i afrohen zon\u00ebs s\u00eb banuar. Autoritetet kan\u00eb angazhuar 10 mjete zjarrfik\u00ebse dhe 50 efektiv\u00eb, nd\u00ebrsa prioritet mbetet mbrojtja e banesave dhe objekteve n\u00eb rrezik. P\u00ebrgjegj\u00ebsi\u2026","rel":"","context":"In &quot;Blogu i Udh\u00ebtarit&quot;","block_context":{"text":"Blogu i Udh\u00ebtarit","link":"https:\/\/www.shqiperia.com\/blog\/category\/blogu-i-udhetarit\/"},"img":{"alt_text":"","src":"https:\/\/i0.wp.com\/www.shqiperia.com\/blog\/wp-content\/uploads\/2026\/07\/iier-makina_sd-1140x570-1.webp?fit=1140%2C570&ssl=1&resize=350%2C200","width":350,"height":200,"srcset":"https:\/\/i0.wp.com\/www.shqiperia.com\/blog\/wp-content\/uploads\/2026\/07\/iier-makina_sd-1140x570-1.webp?fit=1140%2C570&ssl=1&resize=350%2C200 1x, https:\/\/i0.wp.com\/www.shqiperia.com\/blog\/wp-content\/uploads\/2026\/07\/iier-makina_sd-1140x570-1.webp?fit=1140%2C570&ssl=1&resize=525%2C300 1.5x, https:\/\/i0.wp.com\/www.shqiperia.com\/blog\/wp-content\/uploads\/2026\/07\/iier-makina_sd-1140x570-1.webp?fit=1140%2C570&ssl=1&resize=700%2C400 2x, https:\/\/i0.wp.com\/www.shqiperia.com\/blog\/wp-content\/uploads\/2026\/07\/iier-makina_sd-1140x570-1.webp?fit=1140%2C570&ssl=1&resize=1050%2C600 3x"},"classes":[]},{"id":105989,"url":"https:\/\/www.shqiperia.com\/blog\/situate-kritike-ne-radostine-flaket-po-i-afrohen-shtepive-nis-evakuimi-i-banoreve-dhe-kerkohet-nderhyrje-nga-ajri\/","url_meta":{"origin":106006,"position":4},"title":"Situat\u00eb kritike n\u00eb Radostin\u00eb\/ Flak\u00ebt po i afrohen sht\u00ebpive, nis evakuimi i banor\u00ebve dhe k\u00ebrkohet nd\u00ebrhyrje nga ajri","author":"Kurt Farka","date":"September 4, 2026","format":false,"excerpt":"4 Shtator 2026 Nj\u00eb zjarr me p\u00ebrmasa t\u00eb m\u00ebdha ka p\u00ebrfshir\u00eb kodrat e mbjella me ullinj n\u00eb fshatin Radostin\u00eb Fier, duke krijuar nj\u00eb situat\u00eb alarmante p\u00ebr banor\u00ebt e zon\u00ebs. Meqen\u00ebse flak\u00ebt po p\u00ebrparojn\u00eb me shpejt\u00ebsi drejt zonave t\u00eb banuara, autoritetet kan\u00eb nisur me urgjenc\u00eb evakuimin e qytetar\u00ebve p\u00ebr t\u00eb shmangur\u2026","rel":"","context":"In &quot;Blogu i Udh\u00ebtarit&quot;","block_context":{"text":"Blogu i Udh\u00ebtarit","link":"https:\/\/www.shqiperia.com\/blog\/category\/blogu-i-udhetarit\/"},"img":{"alt_text":"","src":"https:\/\/i0.wp.com\/www.shqiperia.com\/blog\/wp-content\/uploads\/2026\/09\/Radostine-Fier-4-Gusht-2926.jpg?fit=826%2C465&ssl=1&resize=350%2C200","width":350,"height":200,"srcset":"https:\/\/i0.wp.com\/www.shqiperia.com\/blog\/wp-content\/uploads\/2026\/09\/Radostine-Fier-4-Gusht-2926.jpg?fit=826%2C465&ssl=1&resize=350%2C200 1x, https:\/\/i0.wp.com\/www.shqiperia.com\/blog\/wp-content\/uploads\/2026\/09\/Radostine-Fier-4-Gusht-2926.jpg?fit=826%2C465&ssl=1&resize=525%2C300 1.5x, https:\/\/i0.wp.com\/www.shqiperia.com\/blog\/wp-content\/uploads\/2026\/09\/Radostine-Fier-4-Gusht-2926.jpg?fit=826%2C465&ssl=1&resize=700%2C400 2x"},"classes":[]},{"id":105478,"url":"https:\/\/www.shqiperia.com\/blog\/prape-zjarr-ne-malesine-e-krujes-flaket-perhapen-me-shpejtesi-kerkohet-nderhyrja-nga-ajri\/","url_meta":{"origin":106006,"position":5},"title":"Prap\u00eb zjarr n\u00eb Mal\u00ebsin\u00eb e Kruj\u00ebs, flak\u00ebt p\u00ebrhapen me shpejt\u00ebsi! K\u00ebrkohet nd\u00ebrhyrja nga ajri","author":"Kurt Farka","date":"August 29, 2026","format":false,"excerpt":"29 Gusht 2026 Nj\u00eb vat\u00ebr zjarri \u00ebsht\u00eb regjistruar n\u00eb zon\u00ebn mes vendit t\u00eb quajtur \u201cKroi i Madh\u201d dhe fshatit \u00c7udhi, n\u00eb mal\u00ebsin\u00eb e Kruj\u00ebs. Flak\u00ebt kan\u00eb p\u00ebrfshir\u00eb sip\u00ebrfaqe t\u00eb m\u00ebdha me shkurre dhe pem\u00eb t\u00eb ndryshme, nd\u00ebrsa zjarri po p\u00ebrhapet me shpejt\u00ebsi, i favorizuar edhe nga era. Terreni i v\u00ebshtir\u00eb\u2026","rel":"","context":"In &quot;Blogu i Udh\u00ebtarit&quot;","block_context":{"text":"Blogu i Udh\u00ebtarit","link":"https:\/\/www.shqiperia.com\/blog\/category\/blogu-i-udhetarit\/"},"img":{"alt_text":"","src":"https:\/\/i0.wp.com\/www.shqiperia.com\/blog\/wp-content\/uploads\/2026\/08\/zjarr-kruje-1.jpg?fit=622%2C395&ssl=1&resize=350%2C200","width":350,"height":200,"srcset":"https:\/\/i0.wp.com\/www.shqiperia.com\/blog\/wp-content\/uploads\/2026\/08\/zjarr-kruje-1.jpg?fit=622%2C395&ssl=1&resize=350%2C200 1x, https:\/\/i0.wp.com\/www.shqiperia.com\/blog\/wp-content\/uploads\/2026\/08\/zjarr-kruje-1.jpg?fit=622%2C395&ssl=1&resize=525%2C300 1.5x"},"classes":[]}],"_links":{"self":[{"href":"https:\/\/www.shqiperia.com\/blog\/wp-json\/wp\/v2\/posts\/106006","targetHints":{"allow":["GET"]}}],"collection":[{"href":"https:\/\/www.shqiperia.com\/blog\/wp-json\/wp\/v2\/posts"}],"about":[{"href":"https:\/\/www.shqiperia.com\/blog\/wp-json\/wp\/v2\/types\/post"}],"author":[{"embeddable":true,"href":"https:\/\/www.shqiperia.com\/blog\/wp-json\/wp\/v2\/users\/9"}],"replies":[{"embeddable":true,"href":"https:\/\/www.shqiperia.com\/blog\/wp-json\/wp\/v2\/comments?post=106006"}],"version-history":[{"count":1,"href":"https:\/\/www.shqiperia.com\/blog\/wp-json\/wp\/v2\/posts\/106006\/revisions"}],"predecessor-version":[{"id":106008,"href":"https:\/\/www.shqiperia.com\/blog\/wp-json\/wp\/v2\/posts\/106006\/revisions\/106008"}],"wp:featuredmedia":[{"embeddable":true,"href":"https:\/\/www.shqiperia.com\/blog\/wp-json\/wp\/v2\/media\/106007"}],"wp:attachment":[{"href":"https:\/\/www.shqiperia.com\/blog\/wp-json\/wp\/v2\/media?parent=106006"}],"wp:term":[{"taxonomy":"category","embeddable":true,"href":"https:\/\/www.shqiperia.com\/blog\/wp-json\/wp\/v2\/categories?post=106006"},{"taxonomy":"post_tag","embeddable":true,"href":"https:\/\/www.shqiperia.com\/blog\/wp-json\/wp\/v2\/tags?post=106006"}],"curies":[{"name":"wp","href":"https:\/\/api.w.org\/{rel}","templated":true}]}}