{"id":106003,"date":"2026-09-04T17:12:46","date_gmt":"2026-09-04T17:12:46","guid":{"rendered":"https:\/\/www.shqiperia.com\/blog\/?p=106003"},"modified":"2026-09-04T17:12:46","modified_gmt":"2026-09-04T17:12:46","slug":"situate-kritike-ne-disa-fshatra-te-fierit-zjarri-avancon-drejt-levanit-digjen-tre-shtepi-dhe-nje-magazine-rrezikohet-edhe-nje-biznes","status":"publish","type":"post","link":"https:\/\/www.shqiperia.com\/blog\/situate-kritike-ne-disa-fshatra-te-fierit-zjarri-avancon-drejt-levanit-digjen-tre-shtepi-dhe-nje-magazine-rrezikohet-edhe-nje-biznes\/","title":{"rendered":"Situat\u00eb kritike n\u00eb disa fshatra t\u00eb Fierit, zjarri avancon drejt Levanit. Digjen tre sht\u00ebpi dhe nj\u00eb magazin\u00eb, rrezikohet edhe nj\u00eb biznes"},"content":{"rendered":"<div class=\"firstP\">\n<p><img data-recalc-dims=\"1\" loading=\"lazy\" decoding=\"async\" data-attachment-id=\"105993\" data-permalink=\"https:\/\/www.shqiperia.com\/blog\/?attachment_id=105993\" data-orig-file=\"https:\/\/i0.wp.com\/www.shqiperia.com\/blog\/wp-content\/uploads\/2026\/09\/FIERII_sd-800x450-1.webp?fit=800%2C450&amp;ssl=1\" data-orig-size=\"800,450\" data-comments-opened=\"1\" data-image-meta=\"{&quot;aperture&quot;:&quot;0&quot;,&quot;credit&quot;:&quot;&quot;,&quot;camera&quot;:&quot;&quot;,&quot;caption&quot;:&quot;&quot;,&quot;created_timestamp&quot;:&quot;0&quot;,&quot;copyright&quot;:&quot;&quot;,&quot;focal_length&quot;:&quot;0&quot;,&quot;iso&quot;:&quot;0&quot;,&quot;shutter_speed&quot;:&quot;0&quot;,&quot;title&quot;:&quot;&quot;,&quot;orientation&quot;:&quot;0&quot;}\" data-image-title=\"FIERII_sd-800&#215;450\" data-image-description=\"\" data-image-caption=\"\" data-medium-file=\"https:\/\/i0.wp.com\/www.shqiperia.com\/blog\/wp-content\/uploads\/2026\/09\/FIERII_sd-800x450-1.webp?fit=300%2C169&amp;ssl=1\" data-large-file=\"https:\/\/i0.wp.com\/www.shqiperia.com\/blog\/wp-content\/uploads\/2026\/09\/FIERII_sd-800x450-1.webp?fit=800%2C450&amp;ssl=1\" class=\"alignnone  wp-image-105993\" alt=\"\" src=\"https:\/\/i0.wp.com\/www.shqiperia.com\/blog\/wp-content\/uploads\/2026\/09\/FIERII_sd-800x450-1.webp?resize=625%2C352&#038;ssl=1\" width=\"625\" height=\"352\" srcset=\"https:\/\/i0.wp.com\/www.shqiperia.com\/blog\/wp-content\/uploads\/2026\/09\/FIERII_sd-800x450-1.webp?resize=300%2C169&amp;ssl=1 300w, https:\/\/i0.wp.com\/www.shqiperia.com\/blog\/wp-content\/uploads\/2026\/09\/FIERII_sd-800x450-1.webp?resize=768%2C432&amp;ssl=1 768w, https:\/\/i0.wp.com\/www.shqiperia.com\/blog\/wp-content\/uploads\/2026\/09\/FIERII_sd-800x450-1.webp?resize=450%2C253&amp;ssl=1 450w, https:\/\/i0.wp.com\/www.shqiperia.com\/blog\/wp-content\/uploads\/2026\/09\/FIERII_sd-800x450-1.webp?resize=600%2C338&amp;ssl=1 600w, https:\/\/i0.wp.com\/www.shqiperia.com\/blog\/wp-content\/uploads\/2026\/09\/FIERII_sd-800x450-1.webp?resize=400%2C225&amp;ssl=1 400w, https:\/\/i0.wp.com\/www.shqiperia.com\/blog\/wp-content\/uploads\/2026\/09\/FIERII_sd-800x450-1.webp?w=800&amp;ssl=1 800w\" sizes=\"auto, (max-width: 625px) 100vw, 625px\" \/><\/p>\n<p>4 Shtator 2026<\/p>\n<p>Zjarri i nisur mesdit\u00ebn e sotme n\u00eb fshatin Vadhiz\u00eb t\u00eb Fierit ka marr\u00eb p\u00ebrmasa t\u00eb m\u00ebdha vet\u00ebm pak or\u00eb pas shp\u00ebrthimit t\u00eb vatr\u00ebs s\u00eb par\u00eb.<\/p>\n<\/div>\n<p>Si\u00e7 raporton korrespondenti i Top Channel Neritan Trifoni, flak\u00ebt q\u00eb nis\u00ebn n\u00eb fshatin Vadhiz\u00eb, ka avancuar drejt Levanit, dhe sipas banor\u00ebve jan\u00eb djegur tre sht\u00ebpi, nj\u00eb magazin\u00eb q\u00eb prodhon koshere blet\u00ebsh dhe i jan\u00eb afruar nj\u00eb biznesi.<\/p>\n<p>I favorizuar nga era e fort\u00eb dhe temperaturat e larta, zjarri \u00ebsht\u00eb p\u00ebrhapur me shpejt\u00ebsi, duke p\u00ebrshkuar sip\u00ebrfaqe t\u00eb m\u00ebdha me ullishte, pyje me pisha, shkurre dhe sht\u00ebpi.<\/p>\n<p>N\u00eb or\u00ebt e pasdites, flak\u00ebt iu afruan dy lokaleve pran\u00eb liqenit, n\u00eb zon\u00ebn e Qaf\u00ebs s\u00eb Koshovic\u00ebs. Edhe pse nd\u00ebrhyrja e forcave zjarrfik\u00ebse ka qen\u00eb e menj\u00ebhershme, era e fort\u00eb i ka shp\u00ebrndar\u00eb flak\u00ebt n\u00eb nj\u00eb perimet\u00ebr shum\u00eb t\u00eb gjer\u00eb, duke e v\u00ebshtir\u00ebsuar ndjesh\u00ebm nd\u00ebrhyrjen nga toka.<\/p>\n<p>Nj\u00eb lokal dhe nj\u00eb sht\u00ebpi e pabanuar jan\u00eb djegur n\u00eb zon\u00ebn e Qaf\u00ebs s\u00eb Koshovic\u00ebs, nd\u00ebrkoh\u00eb ka nisur edhe nd\u00ebrhyrja nga ajri.<\/p>\n<p>N\u00eb ndihm\u00eb t\u00eb forcave zjarrfik\u00ebse kan\u00eb mb\u00ebrritur edhe dy helikopter\u00eb, t\u00eb cil\u00ebt kan\u00eb nd\u00ebrhyr\u00eb nga ajri p\u00ebr neutralizimin e vatrave m\u00eb problematike.<\/p>\n<p>Flak\u00ebt kaluan edhe rrug\u00ebn nacionale Fier\u2013Levan, duke detyruar policin\u00eb t\u00eb bllokoj\u00eb p\u00ebrkoh\u00ebsisht qarkullimin n\u00eb k\u00ebt\u00eb aks, p\u00ebr shkak t\u00eb rrezikut dhe tymit t\u00eb dendur.<\/p>\n<p>Zjarri ka vijuar t\u00eb p\u00ebrparoj\u00eb duke djegur pyllin e dendur dhe \u00ebsht\u00eb avancuar me shpejt\u00ebsi n\u00eb drejtim t\u00eb fshatit Peshtan i Vog\u00ebl.<\/p>\n<p>P\u00ebr shkak t\u00eb afrimit t\u00eb flak\u00ebve pran\u00eb zonave t\u00eb banuara, forca t\u00eb shumta policie kan\u00eb nisur evakuimin e banor\u00ebve. Rreth 15 familje jan\u00eb larguar nga banesat e tyre, nd\u00ebrsa efektiv\u00ebt vijojn\u00eb t\u00eb monitorojn\u00eb zonat ku zjarri paraqet rrezik p\u00ebr banesat.<\/p>\n<p>Nd\u00ebrkoh\u00eb, jan\u00eb krijuar edhe disa vatra t\u00eb tjera, \u00e7ka e ka b\u00ebr\u00eb situat\u00ebn edhe m\u00eb t\u00eb v\u00ebshtir\u00eb p\u00ebr t\u2019u menaxhuar.<\/p>\n<p>Forca t\u00eb shumta zjarrfik\u00ebse nga Fier, Mallakastra, Lushnja Vlora dhe Berati vijojn\u00eb t\u00eb jen\u00eb n\u00eb terren, s\u00eb bashku me policin\u00eb dhe strukturat e tjera t\u00eb emergjencave, n\u00eb nj\u00eb betej\u00eb t\u00eb vazhdueshme me flak\u00ebt.<\/p>\n<p>Operacioni p\u00ebr shuarjen e zjarrit vijon, nd\u00ebrsa situata mbetet kritike p\u00ebr shkak t\u00eb er\u00ebs s\u00eb fort\u00eb, e cila favorizon p\u00ebrhapjen e shpejt\u00eb t\u00eb flak\u00ebve drejt zonave t\u00eb tjera.<\/p>\n","protected":false},"excerpt":{"rendered":"<p>4 Shtator 2026 Zjarri i nisur mesdit\u00ebn e sotme n\u00eb fshatin Vadhiz\u00eb t\u00eb Fierit ka marr\u00eb p\u00ebrmasa t\u00eb m\u00ebdha vet\u00ebm pak or\u00eb pas shp\u00ebrthimit t\u00eb vatr\u00ebs s\u00eb par\u00eb. Si\u00e7 raporton korrespondenti i Top Channel Neritan Trifoni, flak\u00ebt q\u00eb nis\u00ebn n\u00eb fshatin Vadhiz\u00eb, ka avancuar drejt Levanit, dhe sipas banor\u00ebve jan\u00eb djegur tre sht\u00ebpi, nj\u00eb magazin\u00eb [&hellip;]<\/p>\n","protected":false},"author":9,"featured_media":106004,"comment_status":"open","ping_status":"open","sticky":false,"template":"full-width.php","format":"standard","meta":{"jetpack_post_was_ever_published":false,"_jetpack_newsletter_access":"","_jetpack_dont_email_post_to_subs":false,"_jetpack_newsletter_tier_id":0,"_jetpack_memberships_contains_paywalled_content":false,"_jetpack_memberships_contains_paid_content":false,"footnotes":"","jetpack_publicize_message":"","jetpack_publicize_feature_enabled":true,"jetpack_social_post_already_shared":true,"jetpack_social_options":{"image_generator_settings":{"template":"highway","default_image_id":0,"font":"","enabled":false},"version":2}},"categories":[27,2,35],"tags":[],"class_list":["post-106003","post","type-post","status-publish","format-standard","has-post-thumbnail","hentry","category-blogu-i-udhetarit","category-politika","category-shoqerore"],"jetpack_publicize_connections":[],"jetpack_featured_media_url":"https:\/\/i0.wp.com\/www.shqiperia.com\/blog\/wp-content\/uploads\/2026\/09\/FIERII_sd-800x450-2.webp?fit=800%2C450&ssl=1","jetpack_sharing_enabled":true,"jetpack_shortlink":"https:\/\/wp.me\/p5Z6wp-rzJ","jetpack-related-posts":[{"id":104350,"url":"https:\/\/www.shqiperia.com\/blog\/zjarri-ne-prisken-e-madhe-merr-permasa-te-medha-nje-shtepi-e-djegur-dhe-familje-te-evakuuara-shkrumbohet-siperfaqe-e-madhe-pyjesh-dhe-ullishtesh\/","url_meta":{"origin":106003,"position":0},"title":"Zjarri n\u00eb Prisk\u00ebn e Madhe merr p\u00ebrmasa t\u00eb m\u00ebdha, nj\u00eb sht\u00ebpi e djegur dhe familje t\u00eb evakuuara. Shkrumbohet sip\u00ebrfaqe e madhe pyjesh dhe ullishtesh","author":"Kurt Farka","date":"August 13, 2026","format":false,"excerpt":"13 Gusht 2026 Zjarri q\u00eb prej dit\u00ebsh vijon t\u00eb jet\u00eb aktiv n\u00eb zon\u00ebn e Prisk\u00ebs s\u00eb Madhe ka marr\u00eb p\u00ebrmasa m\u00eb t\u00eb m\u00ebdha dhe \u00ebsht\u00eb p\u00ebrhapur edhe n\u00eb drejtim t\u00eb Lundr\u00ebs, Fark\u00ebs s\u00eb Madhe dhe Gurr\u00ebs, duke rritur ndjesh\u00ebm rrezikun p\u00ebr banor\u00ebt dhe pronat e tyre. Flak\u00ebt kan\u00eb p\u00ebrfshir\u00eb sip\u00ebrfaqe\u2026","rel":"","context":"In &quot;Blogu i Udh\u00ebtarit&quot;","block_context":{"text":"Blogu i Udh\u00ebtarit","link":"https:\/\/www.shqiperia.com\/blog\/category\/blogu-i-udhetarit\/"},"img":{"alt_text":"","src":"https:\/\/i0.wp.com\/www.shqiperia.com\/blog\/wp-content\/uploads\/2026\/08\/Zjarri-ne-Prisken-e-Madhe.webp?fit=1200%2C675&ssl=1&resize=350%2C200","width":350,"height":200,"srcset":"https:\/\/i0.wp.com\/www.shqiperia.com\/blog\/wp-content\/uploads\/2026\/08\/Zjarri-ne-Prisken-e-Madhe.webp?fit=1200%2C675&ssl=1&resize=350%2C200 1x, https:\/\/i0.wp.com\/www.shqiperia.com\/blog\/wp-content\/uploads\/2026\/08\/Zjarri-ne-Prisken-e-Madhe.webp?fit=1200%2C675&ssl=1&resize=525%2C300 1.5x, https:\/\/i0.wp.com\/www.shqiperia.com\/blog\/wp-content\/uploads\/2026\/08\/Zjarri-ne-Prisken-e-Madhe.webp?fit=1200%2C675&ssl=1&resize=700%2C400 2x, https:\/\/i0.wp.com\/www.shqiperia.com\/blog\/wp-content\/uploads\/2026\/08\/Zjarri-ne-Prisken-e-Madhe.webp?fit=1200%2C675&ssl=1&resize=1050%2C600 3x"},"classes":[]},{"id":105760,"url":"https:\/\/www.shqiperia.com\/blog\/zjarri-del-jashte-kontrollit-ne-ulez-digjen-banesa-e-pemetore-evakuohen-qindra-krere-bageti\/","url_meta":{"origin":106003,"position":1},"title":"Zjarri del jasht\u00eb kontrollit n\u00eb Ul\u00ebz, digjen banesa e pem\u00ebtore! Evakuohen qindra krer\u00eb bag\u00ebti","author":"Kurt Farka","date":"September 2, 2026","format":false,"excerpt":"2 Shtator 2026 Situata me zjarret q\u00eb kan\u00eb p\u00ebrfshir\u00eb disa fshatra n\u00eb Nj\u00ebsin\u00eb Administrative Ul\u00ebz t\u00eb Bashkis\u00eb s\u00eb Matit po paraqitet mjaft kritike dhe ka dal\u00eb t\u00ebr\u00ebsisht jasht\u00eb kontrollit. Flak\u00ebt e p\u00ebrmasave t\u00eb m\u00ebdha kan\u00eb shkrumbuar deri tani qindra hektar\u00eb me sip\u00ebrfaqe pyjore, nd\u00ebrsa kan\u00eb djegur edhe banesa. T\u00eb pakt\u00ebn\u2026","rel":"","context":"In &quot;Blogu i Udh\u00ebtarit&quot;","block_context":{"text":"Blogu i Udh\u00ebtarit","link":"https:\/\/www.shqiperia.com\/blog\/category\/blogu-i-udhetarit\/"},"img":{"alt_text":"","src":"https:\/\/i0.wp.com\/www.shqiperia.com\/blog\/wp-content\/uploads\/2026\/09\/567575675-770x415-6a982b0dd2098.jpg?fit=770%2C415&ssl=1&resize=350%2C200","width":350,"height":200,"srcset":"https:\/\/i0.wp.com\/www.shqiperia.com\/blog\/wp-content\/uploads\/2026\/09\/567575675-770x415-6a982b0dd2098.jpg?fit=770%2C415&ssl=1&resize=350%2C200 1x, https:\/\/i0.wp.com\/www.shqiperia.com\/blog\/wp-content\/uploads\/2026\/09\/567575675-770x415-6a982b0dd2098.jpg?fit=770%2C415&ssl=1&resize=525%2C300 1.5x, https:\/\/i0.wp.com\/www.shqiperia.com\/blog\/wp-content\/uploads\/2026\/09\/567575675-770x415-6a982b0dd2098.jpg?fit=770%2C415&ssl=1&resize=700%2C400 2x"},"classes":[]},{"id":104892,"url":"https:\/\/www.shqiperia.com\/blog\/zjarri-mbi-dukat-merr-permasa-me-te-medha-perhapet-drejt-malit-te-cikes-nis-nderhyrja-nga-ajri-me-dy-avionet-air-tractor\/","url_meta":{"origin":106003,"position":2},"title":"Zjarri mbi Dukat merr p\u00ebrmasa m\u00eb t\u00eb m\u00ebdha, p\u00ebrhapet drejt Malit t\u00eb \u00c7ik\u00ebs. Nis nd\u00ebrhyrja nga ajri me dy avion\u00ebt \u201cAir Tractor\u201d","author":"Kurt Farka","date":"August 21, 2026","format":false,"excerpt":"21 Gusht 2026 Nj\u00eb zjarr i p\u00ebrmasave t\u00eb m\u00ebdha ka p\u00ebrfshir\u00eb zon\u00ebn mbi fshatin Dukat, n\u00eb jug t\u00eb vendit, nd\u00ebrsa dyshohet se flak\u00ebt mund t\u00eb jen\u00eb shkaktuar q\u00ebllimisht. Zjarri \u00ebsht\u00eb shfaqur rreth or\u00ebs 19:00 t\u00eb mbr\u00ebmjes s\u00eb djeshme, fillimisht n\u00eb kat\u00ebr vatra. Gjat\u00eb nat\u00ebs, flak\u00ebt jan\u00eb p\u00ebrhapur n\u00eb nj\u00eb sip\u00ebrfaqe\u2026","rel":"","context":"In &quot;Blogu i Udh\u00ebtarit&quot;","block_context":{"text":"Blogu i Udh\u00ebtarit","link":"https:\/\/www.shqiperia.com\/blog\/category\/blogu-i-udhetarit\/"},"img":{"alt_text":"","src":"https:\/\/i0.wp.com\/www.shqiperia.com\/blog\/wp-content\/uploads\/2026\/08\/dukat_sd-800x450-1.jpg?fit=800%2C450&ssl=1&resize=350%2C200","width":350,"height":200,"srcset":"https:\/\/i0.wp.com\/www.shqiperia.com\/blog\/wp-content\/uploads\/2026\/08\/dukat_sd-800x450-1.jpg?fit=800%2C450&ssl=1&resize=350%2C200 1x, https:\/\/i0.wp.com\/www.shqiperia.com\/blog\/wp-content\/uploads\/2026\/08\/dukat_sd-800x450-1.jpg?fit=800%2C450&ssl=1&resize=525%2C300 1.5x, https:\/\/i0.wp.com\/www.shqiperia.com\/blog\/wp-content\/uploads\/2026\/08\/dukat_sd-800x450-1.jpg?fit=800%2C450&ssl=1&resize=700%2C400 2x"},"classes":[]},{"id":103733,"url":"https:\/\/www.shqiperia.com\/blog\/zjarr-edhe-ne-opar-te-moglices-flaket-perhapen-me-shpejtesi\/","url_meta":{"origin":106003,"position":3},"title":"Zjarr edhe n\u00eb Opar t\u00eb Moglic\u00ebs, flak\u00ebt p\u00ebrhapen me shpejt\u00ebsi","author":"Kurt Farka","date":"August 4, 2026","format":false,"excerpt":"4 Gusht 2026 Nj\u00eb vat\u00ebr zjarri ka r\u00ebn\u00eb n\u00eb fshatin Opar t\u00eb nj\u00ebsis\u00eb administrative t\u00eb Moglic\u00ebs. Sipas t\u00eb dh\u00ebnave, zjarri ka p\u00ebrfshir\u00eb nj\u00eb sip\u00ebrfaqe me shkurre dhe barishte. M\u00ebsohet se drejt vendngjarjes jan\u00eb nisur forcat zjarrfik\u00ebse q\u00eb do t\u00eb b\u00ebjn\u00eb t\u00eb mundur izolimin e vatr\u00ebs, raporton korrespondentja e Top Channel\u2026","rel":"","context":"In &quot;Blogu i Udh\u00ebtarit&quot;","block_context":{"text":"Blogu i Udh\u00ebtarit","link":"https:\/\/www.shqiperia.com\/blog\/category\/blogu-i-udhetarit\/"},"img":{"alt_text":"","src":"https:\/\/i0.wp.com\/www.shqiperia.com\/blog\/wp-content\/uploads\/2026\/08\/4445487-800x450-1.webp?fit=800%2C450&ssl=1&resize=350%2C200","width":350,"height":200,"srcset":"https:\/\/i0.wp.com\/www.shqiperia.com\/blog\/wp-content\/uploads\/2026\/08\/4445487-800x450-1.webp?fit=800%2C450&ssl=1&resize=350%2C200 1x, https:\/\/i0.wp.com\/www.shqiperia.com\/blog\/wp-content\/uploads\/2026\/08\/4445487-800x450-1.webp?fit=800%2C450&ssl=1&resize=525%2C300 1.5x, https:\/\/i0.wp.com\/www.shqiperia.com\/blog\/wp-content\/uploads\/2026\/08\/4445487-800x450-1.webp?fit=800%2C450&ssl=1&resize=700%2C400 2x"},"classes":[]},{"id":106006,"url":"https:\/\/www.shqiperia.com\/blog\/ne-qafen-e-koshovices-ne-fier-flaket-perfshijne-nje-lokal-dhe-nje-shtepi-te-pabanuar-nis-nderhyrja-nga-ajri\/","url_meta":{"origin":106003,"position":4},"title":"N\u00eb Qaf\u00ebn e Koshovic\u00ebs n\u00eb Fier\/ Flak\u00ebt p\u00ebrfshijn\u00eb nj\u00eb lokal dhe nj\u00eb sht\u00ebpi t\u00eb pabanuar, nis nd\u00ebrhyrja nga ajri","author":"Kurt Farka","date":"September 4, 2026","format":false,"excerpt":"4 Shtator 2026 Situata nga zjarri n\u00eb zon\u00ebn e Qaf\u00ebs s\u00eb Koshovic\u00ebs n\u00eb Fier paraqitet ende alarmante, nd\u00ebrsa flak\u00ebt q\u00eb p\u00ebrfshin\u00eb zon\u00ebn q\u00eb n\u00eb mesdit\u00eb kan\u00eb dal\u00eb jasht\u00eb kontrollit. Nga pamjet e siguruara nga korrespondenti i Top Channel Neritan Trifoni, flak\u00ebt kan\u00eb p\u00ebrfshir\u00eb nj\u00eb lokal dhe nj\u00eb sht\u00ebpi t\u00eb pabanuar.\u2026","rel":"","context":"In &quot;Blogu i Udh\u00ebtarit&quot;","block_context":{"text":"Blogu i Udh\u00ebtarit","link":"https:\/\/www.shqiperia.com\/blog\/category\/blogu-i-udhetarit\/"},"img":{"alt_text":"","src":"https:\/\/i0.wp.com\/www.shqiperia.com\/blog\/wp-content\/uploads\/2026\/09\/fier_sd-1.webp?fit=1200%2C675&ssl=1&resize=350%2C200","width":350,"height":200,"srcset":"https:\/\/i0.wp.com\/www.shqiperia.com\/blog\/wp-content\/uploads\/2026\/09\/fier_sd-1.webp?fit=1200%2C675&ssl=1&resize=350%2C200 1x, https:\/\/i0.wp.com\/www.shqiperia.com\/blog\/wp-content\/uploads\/2026\/09\/fier_sd-1.webp?fit=1200%2C675&ssl=1&resize=525%2C300 1.5x, https:\/\/i0.wp.com\/www.shqiperia.com\/blog\/wp-content\/uploads\/2026\/09\/fier_sd-1.webp?fit=1200%2C675&ssl=1&resize=700%2C400 2x, https:\/\/i0.wp.com\/www.shqiperia.com\/blog\/wp-content\/uploads\/2026\/09\/fier_sd-1.webp?fit=1200%2C675&ssl=1&resize=1050%2C600 3x"},"classes":[]},{"id":103742,"url":"https:\/\/www.shqiperia.com\/blog\/flaket-po-perhapen-shpejt-digjen-dy-banesa-ne-opar-te-maliqit\/","url_meta":{"origin":106003,"position":5},"title":"Flak\u00ebt po p\u00ebrhapen shpejt, digjen dy banesa n\u00eb Opar t\u00eb Maliqit","author":"Kurt Farka","date":"August 4, 2026","format":false,"excerpt":"4 Gusht 2026 Nj\u00eb vat\u00ebr zjarri ka r\u00ebn\u00eb n\u00eb fshatin Opar t\u00eb nj\u00ebsis\u00eb administrative Moglic\u00eb, n\u00eb Maliq. Sipas t\u00eb dh\u00ebnave, zjarri ka p\u00ebrfshir\u00eb nj\u00eb sip\u00ebrfaqe me shkurre dhe barishte. P\u00ebr shkak t\u00eb p\u00ebrhapjes s\u00eb shpejt\u00eb t\u00eb flak\u00ebve, zjarri ka prekur edhe dy banesa t\u00eb pabanuara. Forcat zjarrfik\u00ebse jan\u00eb nisur drejt\u2026","rel":"","context":"In &quot;Blogu i Udh\u00ebtarit&quot;","block_context":{"text":"Blogu i Udh\u00ebtarit","link":"https:\/\/www.shqiperia.com\/blog\/category\/blogu-i-udhetarit\/"},"img":{"alt_text":"","src":"https:\/\/i0.wp.com\/www.shqiperia.com\/blog\/wp-content\/uploads\/2026\/08\/auto_maliiiqii1785780641.jpg?fit=900%2C586&ssl=1&resize=350%2C200","width":350,"height":200,"srcset":"https:\/\/i0.wp.com\/www.shqiperia.com\/blog\/wp-content\/uploads\/2026\/08\/auto_maliiiqii1785780641.jpg?fit=900%2C586&ssl=1&resize=350%2C200 1x, https:\/\/i0.wp.com\/www.shqiperia.com\/blog\/wp-content\/uploads\/2026\/08\/auto_maliiiqii1785780641.jpg?fit=900%2C586&ssl=1&resize=525%2C300 1.5x, https:\/\/i0.wp.com\/www.shqiperia.com\/blog\/wp-content\/uploads\/2026\/08\/auto_maliiiqii1785780641.jpg?fit=900%2C586&ssl=1&resize=700%2C400 2x"},"classes":[]}],"_links":{"self":[{"href":"https:\/\/www.shqiperia.com\/blog\/wp-json\/wp\/v2\/posts\/106003","targetHints":{"allow":["GET"]}}],"collection":[{"href":"https:\/\/www.shqiperia.com\/blog\/wp-json\/wp\/v2\/posts"}],"about":[{"href":"https:\/\/www.shqiperia.com\/blog\/wp-json\/wp\/v2\/types\/post"}],"author":[{"embeddable":true,"href":"https:\/\/www.shqiperia.com\/blog\/wp-json\/wp\/v2\/users\/9"}],"replies":[{"embeddable":true,"href":"https:\/\/www.shqiperia.com\/blog\/wp-json\/wp\/v2\/comments?post=106003"}],"version-history":[{"count":1,"href":"https:\/\/www.shqiperia.com\/blog\/wp-json\/wp\/v2\/posts\/106003\/revisions"}],"predecessor-version":[{"id":106005,"href":"https:\/\/www.shqiperia.com\/blog\/wp-json\/wp\/v2\/posts\/106003\/revisions\/106005"}],"wp:featuredmedia":[{"embeddable":true,"href":"https:\/\/www.shqiperia.com\/blog\/wp-json\/wp\/v2\/media\/106004"}],"wp:attachment":[{"href":"https:\/\/www.shqiperia.com\/blog\/wp-json\/wp\/v2\/media?parent=106003"}],"wp:term":[{"taxonomy":"category","embeddable":true,"href":"https:\/\/www.shqiperia.com\/blog\/wp-json\/wp\/v2\/categories?post=106003"},{"taxonomy":"post_tag","embeddable":true,"href":"https:\/\/www.shqiperia.com\/blog\/wp-json\/wp\/v2\/tags?post=106003"}],"curies":[{"name":"wp","href":"https:\/\/api.w.org\/{rel}","templated":true}]}}