{"id":105989,"date":"2026-09-04T16:48:23","date_gmt":"2026-09-04T16:48:23","guid":{"rendered":"https:\/\/www.shqiperia.com\/blog\/?p=105989"},"modified":"2026-09-04T16:48:23","modified_gmt":"2026-09-04T16:48:23","slug":"situate-kritike-ne-radostine-flaket-po-i-afrohen-shtepive-nis-evakuimi-i-banoreve-dhe-kerkohet-nderhyrje-nga-ajri","status":"publish","type":"post","link":"https:\/\/www.shqiperia.com\/blog\/situate-kritike-ne-radostine-flaket-po-i-afrohen-shtepive-nis-evakuimi-i-banoreve-dhe-kerkohet-nderhyrje-nga-ajri\/","title":{"rendered":"Situat\u00eb kritike n\u00eb Radostin\u00eb\/ Flak\u00ebt po i afrohen sht\u00ebpive, nis evakuimi i banor\u00ebve dhe k\u00ebrkohet nd\u00ebrhyrje nga ajri"},"content":{"rendered":"<div id=\"attachment_105990\" style=\"width: 658px\" class=\"wp-caption alignnone\"><img data-recalc-dims=\"1\" loading=\"lazy\" decoding=\"async\" aria-describedby=\"caption-attachment-105990\" data-attachment-id=\"105990\" data-permalink=\"https:\/\/www.shqiperia.com\/blog\/situate-kritike-ne-radostine-flaket-po-i-afrohen-shtepive-nis-evakuimi-i-banoreve-dhe-kerkohet-nderhyrje-nga-ajri\/radostine-fier-4-gusht-2926\/\" data-orig-file=\"https:\/\/i0.wp.com\/www.shqiperia.com\/blog\/wp-content\/uploads\/2026\/09\/Radostine-Fier-4-Gusht-2926.jpg?fit=826%2C465&amp;ssl=1\" data-orig-size=\"826,465\" data-comments-opened=\"1\" data-image-meta=\"{&quot;aperture&quot;:&quot;0&quot;,&quot;credit&quot;:&quot;Redaksia&quot;,&quot;camera&quot;:&quot;&quot;,&quot;caption&quot;:&quot;&quot;,&quot;created_timestamp&quot;:&quot;1788539014&quot;,&quot;copyright&quot;:&quot;&quot;,&quot;focal_length&quot;:&quot;0&quot;,&quot;iso&quot;:&quot;0&quot;,&quot;shutter_speed&quot;:&quot;0&quot;,&quot;title&quot;:&quot;&quot;,&quot;orientation&quot;:&quot;0&quot;}\" data-image-title=\"Radostin\u00eb Fier, 4 Gusht 2926\" data-image-description=\"\" data-image-caption=\"&lt;p&gt;Radostin\u00eb Fier, 4 Gusht 2926&lt;\/p&gt;\n\" data-medium-file=\"https:\/\/i0.wp.com\/www.shqiperia.com\/blog\/wp-content\/uploads\/2026\/09\/Radostine-Fier-4-Gusht-2926.jpg?fit=300%2C169&amp;ssl=1\" data-large-file=\"https:\/\/i0.wp.com\/www.shqiperia.com\/blog\/wp-content\/uploads\/2026\/09\/Radostine-Fier-4-Gusht-2926.jpg?fit=826%2C465&amp;ssl=1\" class=\" wp-image-105990\" alt=\"\" src=\"https:\/\/i0.wp.com\/www.shqiperia.com\/blog\/wp-content\/uploads\/2026\/09\/Radostine-Fier-4-Gusht-2926.jpg?resize=648%2C365&#038;ssl=1\" width=\"648\" height=\"365\" srcset=\"https:\/\/i0.wp.com\/www.shqiperia.com\/blog\/wp-content\/uploads\/2026\/09\/Radostine-Fier-4-Gusht-2926.jpg?resize=300%2C169&amp;ssl=1 300w, https:\/\/i0.wp.com\/www.shqiperia.com\/blog\/wp-content\/uploads\/2026\/09\/Radostine-Fier-4-Gusht-2926.jpg?resize=768%2C432&amp;ssl=1 768w, https:\/\/i0.wp.com\/www.shqiperia.com\/blog\/wp-content\/uploads\/2026\/09\/Radostine-Fier-4-Gusht-2926.jpg?resize=450%2C253&amp;ssl=1 450w, https:\/\/i0.wp.com\/www.shqiperia.com\/blog\/wp-content\/uploads\/2026\/09\/Radostine-Fier-4-Gusht-2926.jpg?resize=600%2C338&amp;ssl=1 600w, https:\/\/i0.wp.com\/www.shqiperia.com\/blog\/wp-content\/uploads\/2026\/09\/Radostine-Fier-4-Gusht-2926.jpg?resize=400%2C225&amp;ssl=1 400w, https:\/\/i0.wp.com\/www.shqiperia.com\/blog\/wp-content\/uploads\/2026\/09\/Radostine-Fier-4-Gusht-2926.jpg?w=826&amp;ssl=1 826w\" sizes=\"auto, (max-width: 648px) 100vw, 648px\" \/><p id=\"caption-attachment-105990\" class=\"wp-caption-text\">Radostin\u00eb Fier, 4 Gusht 2926<\/p><\/div>\n<p>4 Shtator 2026<\/p>\n<p>Nj\u00eb zjarr me p\u00ebrmasa t\u00eb m\u00ebdha ka p\u00ebrfshir\u00eb kodrat e mbjella me ullinj n\u00eb fshatin Radostin\u00eb Fier, duke krijuar nj\u00eb situat\u00eb alarmante p\u00ebr banor\u00ebt e zon\u00ebs. Meqen\u00ebse flak\u00ebt po p\u00ebrparojn\u00eb me shpejt\u00ebsi drejt zonave t\u00eb banuara, autoritetet kan\u00eb nisur me urgjenc\u00eb evakuimin e qytetar\u00ebve p\u00ebr t\u00eb shmangur rrezikun p\u00ebr jet\u00ebn e tyre.<\/p>\n<p>P\u00ebrpjekjet e zjarrfik\u00ebsve dhe ekipeve t\u00eb emergjenc\u00ebs po pengohen ndjesh\u00ebm nga relievi i thyer i terrenit, \u00e7ka e b\u00ebn pothuajse t\u00eb pamundur izolimin e vatr\u00ebs me mjete nga toka.<\/p>\n<p>P\u00ebrball\u00eb rrezikut t\u00eb menj\u00ebhersh\u00ebm q\u00eb i kanoset banesave, po k\u00ebrkohet me urgjenc\u00eb nd\u00ebrhyrja nga ajri p\u00ebrmes helikopter\u00ebve, si e vetmja mund\u00ebsi p\u00ebr t\u00eb v\u00ebn\u00eb n\u00ebn kontroll p\u00ebrhapjen e flak\u00ebve.<\/p>\n","protected":false},"excerpt":{"rendered":"<p>4 Shtator 2026 Nj\u00eb zjarr me p\u00ebrmasa t\u00eb m\u00ebdha ka p\u00ebrfshir\u00eb kodrat e mbjella me ullinj n\u00eb fshatin Radostin\u00eb Fier, duke krijuar nj\u00eb situat\u00eb alarmante p\u00ebr banor\u00ebt e zon\u00ebs. Meqen\u00ebse flak\u00ebt po p\u00ebrparojn\u00eb me shpejt\u00ebsi drejt zonave t\u00eb banuara, autoritetet kan\u00eb nisur me urgjenc\u00eb evakuimin e qytetar\u00ebve p\u00ebr t\u00eb shmangur rrezikun p\u00ebr jet\u00ebn e tyre. [&hellip;]<\/p>\n","protected":false},"author":9,"featured_media":105990,"comment_status":"open","ping_status":"open","sticky":false,"template":"","format":"standard","meta":{"jetpack_post_was_ever_published":false,"_jetpack_newsletter_access":"","_jetpack_dont_email_post_to_subs":false,"_jetpack_newsletter_tier_id":0,"_jetpack_memberships_contains_paywalled_content":false,"_jetpack_memberships_contains_paid_content":false,"footnotes":"","jetpack_publicize_message":"","jetpack_publicize_feature_enabled":true,"jetpack_social_post_already_shared":true,"jetpack_social_options":{"image_generator_settings":{"template":"highway","default_image_id":0,"font":"","enabled":false},"version":2}},"categories":[27,1,35],"tags":[],"class_list":["post-105989","post","type-post","status-publish","format-standard","has-post-thumbnail","hentry","category-blogu-i-udhetarit","category-njoftime-shtypi","category-shoqerore"],"jetpack_publicize_connections":[],"jetpack_featured_media_url":"https:\/\/i0.wp.com\/www.shqiperia.com\/blog\/wp-content\/uploads\/2026\/09\/Radostine-Fier-4-Gusht-2926.jpg?fit=826%2C465&ssl=1","jetpack_sharing_enabled":true,"jetpack_shortlink":"https:\/\/wp.me\/p5Z6wp-rzv","jetpack-related-posts":[{"id":105985,"url":"https:\/\/www.shqiperia.com\/blog\/zjarri-po-perparon-drejt-tiranes-flaket-ne-nikel-te-krujes-aulon-kalaja-kerkohet-nderhyrje-urgjente-nga-ajri\/","url_meta":{"origin":105989,"position":0},"title":"\u201cZjarri po p\u00ebrparon drejt Tiran\u00ebs\u201d\/ Flak\u00ebt n\u00eb Nik\u00ebl t\u00eb Kruj\u00ebs, Aulon Kalaja: &#8211; K\u00ebrkohet nd\u00ebrhyrje urgjente nga ajri","author":"Kurt Farka","date":"September 4, 2026","format":false,"excerpt":"4 Shtator 2026 Nj\u00eb zjarr masiv ka p\u00ebrfshir\u00eb prej or\u00ebve t\u00eb m\u00ebngjesit fshatrat e nj\u00ebsis\u00eb administrative Nik\u00ebl n\u00eb Bashkin\u00eb e Kruj\u00ebs, duke krijuar nj\u00eb situat\u00eb kritike p\u00ebr shkak t\u00eb af\u00ebrsis\u00eb me zonat e banuara. Kreu i Partis\u00eb Demokratike n\u00eb Kruj\u00eb, Aulon Kalaja, p\u00ebrmes nj\u00eb reagimi publik ka b\u00ebr\u00eb thirrje p\u00ebr\u2026","rel":"","context":"In &quot;Blogu i Udh\u00ebtarit&quot;","block_context":{"text":"Blogu i Udh\u00ebtarit","link":"https:\/\/www.shqiperia.com\/blog\/category\/blogu-i-udhetarit\/"},"img":{"alt_text":"","src":"https:\/\/i0.wp.com\/www.shqiperia.com\/blog\/wp-content\/uploads\/2026\/09\/7689789789.jpg?fit=921%2C506&ssl=1&resize=350%2C200","width":350,"height":200,"srcset":"https:\/\/i0.wp.com\/www.shqiperia.com\/blog\/wp-content\/uploads\/2026\/09\/7689789789.jpg?fit=921%2C506&ssl=1&resize=350%2C200 1x, https:\/\/i0.wp.com\/www.shqiperia.com\/blog\/wp-content\/uploads\/2026\/09\/7689789789.jpg?fit=921%2C506&ssl=1&resize=525%2C300 1.5x, https:\/\/i0.wp.com\/www.shqiperia.com\/blog\/wp-content\/uploads\/2026\/09\/7689789789.jpg?fit=921%2C506&ssl=1&resize=700%2C400 2x"},"classes":[]},{"id":105478,"url":"https:\/\/www.shqiperia.com\/blog\/prape-zjarr-ne-malesine-e-krujes-flaket-perhapen-me-shpejtesi-kerkohet-nderhyrja-nga-ajri\/","url_meta":{"origin":105989,"position":1},"title":"Prap\u00eb zjarr n\u00eb Mal\u00ebsin\u00eb e Kruj\u00ebs, flak\u00ebt p\u00ebrhapen me shpejt\u00ebsi! K\u00ebrkohet nd\u00ebrhyrja nga ajri","author":"Kurt Farka","date":"August 29, 2026","format":false,"excerpt":"29 Gusht 2026 Nj\u00eb vat\u00ebr zjarri \u00ebsht\u00eb regjistruar n\u00eb zon\u00ebn mes vendit t\u00eb quajtur \u201cKroi i Madh\u201d dhe fshatit \u00c7udhi, n\u00eb mal\u00ebsin\u00eb e Kruj\u00ebs. Flak\u00ebt kan\u00eb p\u00ebrfshir\u00eb sip\u00ebrfaqe t\u00eb m\u00ebdha me shkurre dhe pem\u00eb t\u00eb ndryshme, nd\u00ebrsa zjarri po p\u00ebrhapet me shpejt\u00ebsi, i favorizuar edhe nga era. Terreni i v\u00ebshtir\u00eb\u2026","rel":"","context":"In &quot;Blogu i Udh\u00ebtarit&quot;","block_context":{"text":"Blogu i Udh\u00ebtarit","link":"https:\/\/www.shqiperia.com\/blog\/category\/blogu-i-udhetarit\/"},"img":{"alt_text":"","src":"https:\/\/i0.wp.com\/www.shqiperia.com\/blog\/wp-content\/uploads\/2026\/08\/zjarr-kruje-1.jpg?fit=622%2C395&ssl=1&resize=350%2C200","width":350,"height":200,"srcset":"https:\/\/i0.wp.com\/www.shqiperia.com\/blog\/wp-content\/uploads\/2026\/08\/zjarr-kruje-1.jpg?fit=622%2C395&ssl=1&resize=350%2C200 1x, https:\/\/i0.wp.com\/www.shqiperia.com\/blog\/wp-content\/uploads\/2026\/08\/zjarr-kruje-1.jpg?fit=622%2C395&ssl=1&resize=525%2C300 1.5x"},"classes":[]},{"id":105695,"url":"https:\/\/www.shqiperia.com\/blog\/zjarri-del-jashte-kontrollit-situate-kritike-ne-lunder-flaket-mberrijne-ne-vargmalin-e-skenderbeut\/","url_meta":{"origin":105989,"position":2},"title":"Zjarri del jasht\u00eb kontrollit\/ Situat\u00eb kritike n\u00eb Lund\u00ebr, flak\u00ebt mb\u00ebrrijn\u00eb n\u00eb vargmalin e Sk\u00ebnderbeut","author":"Kurt Farka","date":"September 1, 2026","format":false,"excerpt":"1 Shtator 2026 Situata e zjarrit n\u00eb fshatin Lund\u00ebr paraqitet mjaft e agravuar gjat\u00eb or\u00ebve t\u00eb fundit. Vatra e zjarrit ka dal\u00eb t\u00ebr\u00ebsisht jasht\u00eb kontrollit dhe po p\u00ebrhapet me shpejt\u00ebsi n\u00eb terrenin malor, duke k\u00ebrc\u00ebnuar seriozisht banesat, stallat e bag\u00ebtive dhe sip\u00ebrfaqet e m\u00ebdha pyjore t\u00eb zon\u00ebs. Pavar\u00ebsisht angazhimit maksimal\u2026","rel":"","context":"In &quot;Blogu i Udh\u00ebtarit&quot;","block_context":{"text":"Blogu i Udh\u00ebtarit","link":"https:\/\/www.shqiperia.com\/blog\/category\/blogu-i-udhetarit\/"},"img":{"alt_text":"","src":"https:\/\/i0.wp.com\/www.shqiperia.com\/blog\/wp-content\/uploads\/2026\/09\/121212.jpg?fit=786%2C421&ssl=1&resize=350%2C200","width":350,"height":200,"srcset":"https:\/\/i0.wp.com\/www.shqiperia.com\/blog\/wp-content\/uploads\/2026\/09\/121212.jpg?fit=786%2C421&ssl=1&resize=350%2C200 1x, https:\/\/i0.wp.com\/www.shqiperia.com\/blog\/wp-content\/uploads\/2026\/09\/121212.jpg?fit=786%2C421&ssl=1&resize=525%2C300 1.5x, https:\/\/i0.wp.com\/www.shqiperia.com\/blog\/wp-content\/uploads\/2026\/09\/121212.jpg?fit=786%2C421&ssl=1&resize=700%2C400 2x"},"classes":[]},{"id":105760,"url":"https:\/\/www.shqiperia.com\/blog\/zjarri-del-jashte-kontrollit-ne-ulez-digjen-banesa-e-pemetore-evakuohen-qindra-krere-bageti\/","url_meta":{"origin":105989,"position":3},"title":"Zjarri del jasht\u00eb kontrollit n\u00eb Ul\u00ebz, digjen banesa e pem\u00ebtore! Evakuohen qindra krer\u00eb bag\u00ebti","author":"Kurt Farka","date":"September 2, 2026","format":false,"excerpt":"2 Shtator 2026 Situata me zjarret q\u00eb kan\u00eb p\u00ebrfshir\u00eb disa fshatra n\u00eb Nj\u00ebsin\u00eb Administrative Ul\u00ebz t\u00eb Bashkis\u00eb s\u00eb Matit po paraqitet mjaft kritike dhe ka dal\u00eb t\u00ebr\u00ebsisht jasht\u00eb kontrollit. Flak\u00ebt e p\u00ebrmasave t\u00eb m\u00ebdha kan\u00eb shkrumbuar deri tani qindra hektar\u00eb me sip\u00ebrfaqe pyjore, nd\u00ebrsa kan\u00eb djegur edhe banesa. T\u00eb pakt\u00ebn\u2026","rel":"","context":"In &quot;Blogu i Udh\u00ebtarit&quot;","block_context":{"text":"Blogu i Udh\u00ebtarit","link":"https:\/\/www.shqiperia.com\/blog\/category\/blogu-i-udhetarit\/"},"img":{"alt_text":"","src":"https:\/\/i0.wp.com\/www.shqiperia.com\/blog\/wp-content\/uploads\/2026\/09\/567575675-770x415-6a982b0dd2098.jpg?fit=770%2C415&ssl=1&resize=350%2C200","width":350,"height":200,"srcset":"https:\/\/i0.wp.com\/www.shqiperia.com\/blog\/wp-content\/uploads\/2026\/09\/567575675-770x415-6a982b0dd2098.jpg?fit=770%2C415&ssl=1&resize=350%2C200 1x, https:\/\/i0.wp.com\/www.shqiperia.com\/blog\/wp-content\/uploads\/2026\/09\/567575675-770x415-6a982b0dd2098.jpg?fit=770%2C415&ssl=1&resize=525%2C300 1.5x, https:\/\/i0.wp.com\/www.shqiperia.com\/blog\/wp-content\/uploads\/2026\/09\/567575675-770x415-6a982b0dd2098.jpg?fit=770%2C415&ssl=1&resize=700%2C400 2x"},"classes":[]},{"id":102252,"url":"https:\/\/www.shqiperia.com\/blog\/zjarri-ne-fier-perhapet-me-shpejtesi-mjetet-zjarrfikese-dhe-efektive-ne-terren-per-te-mbrojtur-banesat-dhe-objektet\/","url_meta":{"origin":105989,"position":4},"title":"Zjarri n\u00eb Fier p\u00ebrhapet me shpejt\u00ebsi, mjetet zjarrfik\u00ebse dhe efektiv\u00eb n\u00eb terren p\u00ebr t\u00eb mbrojtur banesat dhe objektet","author":"Kurt Farka","date":"July 5, 2026","format":false,"excerpt":"5 Korrik 2026 Situata nga zjarri n\u00eb zon\u00ebn e Driz\u00ebs, n\u00eb Fier, paraqitet problematike, pasi flak\u00ebt jan\u00eb p\u00ebrhapur n\u00eb nj\u00eb sip\u00ebrfaqe t\u00eb gjer\u00eb dhe po i afrohen zon\u00ebs s\u00eb banuar. Autoritetet kan\u00eb angazhuar 10 mjete zjarrfik\u00ebse dhe 50 efektiv\u00eb, nd\u00ebrsa prioritet mbetet mbrojtja e banesave dhe objekteve n\u00eb rrezik. P\u00ebrgjegj\u00ebsi\u2026","rel":"","context":"In &quot;Blogu i Udh\u00ebtarit&quot;","block_context":{"text":"Blogu i Udh\u00ebtarit","link":"https:\/\/www.shqiperia.com\/blog\/category\/blogu-i-udhetarit\/"},"img":{"alt_text":"","src":"https:\/\/i0.wp.com\/www.shqiperia.com\/blog\/wp-content\/uploads\/2026\/07\/iier-makina_sd-1140x570-1.webp?fit=1140%2C570&ssl=1&resize=350%2C200","width":350,"height":200,"srcset":"https:\/\/i0.wp.com\/www.shqiperia.com\/blog\/wp-content\/uploads\/2026\/07\/iier-makina_sd-1140x570-1.webp?fit=1140%2C570&ssl=1&resize=350%2C200 1x, https:\/\/i0.wp.com\/www.shqiperia.com\/blog\/wp-content\/uploads\/2026\/07\/iier-makina_sd-1140x570-1.webp?fit=1140%2C570&ssl=1&resize=525%2C300 1.5x, https:\/\/i0.wp.com\/www.shqiperia.com\/blog\/wp-content\/uploads\/2026\/07\/iier-makina_sd-1140x570-1.webp?fit=1140%2C570&ssl=1&resize=700%2C400 2x, https:\/\/i0.wp.com\/www.shqiperia.com\/blog\/wp-content\/uploads\/2026\/07\/iier-makina_sd-1140x570-1.webp?fit=1140%2C570&ssl=1&resize=1050%2C600 3x"},"classes":[]},{"id":105192,"url":"https:\/\/www.shqiperia.com\/blog\/dajti-nuk-gjen-qetesi-nga-flaket-siperfaqe-e-madhe-pyjore-perfshihet-nga-zjarri\/","url_meta":{"origin":105989,"position":5},"title":"DAJTI NUK GJEN QET\u00cbSI NGA FLAK\u00cbT\/ Sip\u00ebrfaqe e madhe pyjore p\u00ebrfshihet nga zjarri","author":"Kurt Farka","date":"August 25, 2026","format":false,"excerpt":"25 Gusht 2026 Nj\u00eb zjarr ka p\u00ebrfshir\u00eb nj\u00eb sip\u00ebrfaqe t\u00eb konsiderueshme me pyje n\u00eb malin e Dajtit, n\u00eb Tiran\u00eb. Flak\u00ebt jan\u00eb p\u00ebrhapur n\u00eb nj\u00eb hap\u00ebsir\u00eb t\u00eb gjer\u00eb, duke v\u00ebn\u00eb n\u00eb rrezik zon\u00ebn pyjore. P\u00ebr shuarjen e zjarrit po nd\u00ebrhyhet edhe nga ajri. Zjarri ka 10 dit\u00eb q\u00eb vazhdon n\u00eb Dajt\u2026","rel":"","context":"In &quot;Blogu i Udh\u00ebtarit&quot;","block_context":{"text":"Blogu i Udh\u00ebtarit","link":"https:\/\/www.shqiperia.com\/blog\/category\/blogu-i-udhetarit\/"},"img":{"alt_text":"","src":"https:\/\/i0.wp.com\/www.shqiperia.com\/blog\/wp-content\/uploads\/2026\/08\/Vazhdon-Zjarri-ne-Dajt-25-Gusht-2026.jpg?fit=640%2C370&ssl=1&resize=350%2C200","width":350,"height":200,"srcset":"https:\/\/i0.wp.com\/www.shqiperia.com\/blog\/wp-content\/uploads\/2026\/08\/Vazhdon-Zjarri-ne-Dajt-25-Gusht-2026.jpg?fit=640%2C370&ssl=1&resize=350%2C200 1x, https:\/\/i0.wp.com\/www.shqiperia.com\/blog\/wp-content\/uploads\/2026\/08\/Vazhdon-Zjarri-ne-Dajt-25-Gusht-2026.jpg?fit=640%2C370&ssl=1&resize=525%2C300 1.5x"},"classes":[]}],"_links":{"self":[{"href":"https:\/\/www.shqiperia.com\/blog\/wp-json\/wp\/v2\/posts\/105989","targetHints":{"allow":["GET"]}}],"collection":[{"href":"https:\/\/www.shqiperia.com\/blog\/wp-json\/wp\/v2\/posts"}],"about":[{"href":"https:\/\/www.shqiperia.com\/blog\/wp-json\/wp\/v2\/types\/post"}],"author":[{"embeddable":true,"href":"https:\/\/www.shqiperia.com\/blog\/wp-json\/wp\/v2\/users\/9"}],"replies":[{"embeddable":true,"href":"https:\/\/www.shqiperia.com\/blog\/wp-json\/wp\/v2\/comments?post=105989"}],"version-history":[{"count":1,"href":"https:\/\/www.shqiperia.com\/blog\/wp-json\/wp\/v2\/posts\/105989\/revisions"}],"predecessor-version":[{"id":105991,"href":"https:\/\/www.shqiperia.com\/blog\/wp-json\/wp\/v2\/posts\/105989\/revisions\/105991"}],"wp:featuredmedia":[{"embeddable":true,"href":"https:\/\/www.shqiperia.com\/blog\/wp-json\/wp\/v2\/media\/105990"}],"wp:attachment":[{"href":"https:\/\/www.shqiperia.com\/blog\/wp-json\/wp\/v2\/media?parent=105989"}],"wp:term":[{"taxonomy":"category","embeddable":true,"href":"https:\/\/www.shqiperia.com\/blog\/wp-json\/wp\/v2\/categories?post=105989"},{"taxonomy":"post_tag","embeddable":true,"href":"https:\/\/www.shqiperia.com\/blog\/wp-json\/wp\/v2\/tags?post=105989"}],"curies":[{"name":"wp","href":"https:\/\/api.w.org\/{rel}","templated":true}]}}