{"id":105985,"date":"2026-09-04T16:43:26","date_gmt":"2026-09-04T16:43:26","guid":{"rendered":"https:\/\/www.shqiperia.com\/blog\/?p=105985"},"modified":"2026-09-04T16:43:48","modified_gmt":"2026-09-04T16:43:48","slug":"zjarri-po-perparon-drejt-tiranes-flaket-ne-nikel-te-krujes-aulon-kalaja-kerkohet-nderhyrje-urgjente-nga-ajri","status":"publish","type":"post","link":"https:\/\/www.shqiperia.com\/blog\/zjarri-po-perparon-drejt-tiranes-flaket-ne-nikel-te-krujes-aulon-kalaja-kerkohet-nderhyrje-urgjente-nga-ajri\/","title":{"rendered":"\u201cZjarri po p\u00ebrparon drejt Tiran\u00ebs\u201d\/ Flak\u00ebt n\u00eb Nik\u00ebl t\u00eb Kruj\u00ebs, Aulon Kalaja: &#8211; K\u00ebrkohet nd\u00ebrhyrje urgjente nga ajri"},"content":{"rendered":"<div id=\"attachment_105986\" style=\"width: 648px\" class=\"wp-caption alignnone\"><img data-recalc-dims=\"1\" loading=\"lazy\" decoding=\"async\" aria-describedby=\"caption-attachment-105986\" data-attachment-id=\"105986\" data-permalink=\"https:\/\/www.shqiperia.com\/blog\/zjarri-po-perparon-drejt-tiranes-flaket-ne-nikel-te-krujes-aulon-kalaja-kerkohet-nderhyrje-urgjente-nga-ajri\/attachment\/7689789789\/\" data-orig-file=\"https:\/\/i0.wp.com\/www.shqiperia.com\/blog\/wp-content\/uploads\/2026\/09\/7689789789.jpg?fit=921%2C506&amp;ssl=1\" data-orig-size=\"921,506\" data-comments-opened=\"1\" data-image-meta=\"{&quot;aperture&quot;:&quot;0&quot;,&quot;credit&quot;:&quot;Redaksia&quot;,&quot;camera&quot;:&quot;&quot;,&quot;caption&quot;:&quot;&quot;,&quot;created_timestamp&quot;:&quot;1788544955&quot;,&quot;copyright&quot;:&quot;&quot;,&quot;focal_length&quot;:&quot;0&quot;,&quot;iso&quot;:&quot;0&quot;,&quot;shutter_speed&quot;:&quot;0&quot;,&quot;title&quot;:&quot;&quot;,&quot;orientation&quot;:&quot;0&quot;}\" data-image-title=\"Aulon Kalaja\" data-image-description=\"\" data-image-caption=\"&lt;p&gt;Aulon Kalaja&lt;\/p&gt;\n\" data-medium-file=\"https:\/\/i0.wp.com\/www.shqiperia.com\/blog\/wp-content\/uploads\/2026\/09\/7689789789.jpg?fit=300%2C165&amp;ssl=1\" data-large-file=\"https:\/\/i0.wp.com\/www.shqiperia.com\/blog\/wp-content\/uploads\/2026\/09\/7689789789.jpg?fit=921%2C506&amp;ssl=1\" class=\" wp-image-105986\" alt=\"\" src=\"https:\/\/i0.wp.com\/www.shqiperia.com\/blog\/wp-content\/uploads\/2026\/09\/7689789789.jpg?resize=638%2C351&#038;ssl=1\" width=\"638\" height=\"351\" srcset=\"https:\/\/i0.wp.com\/www.shqiperia.com\/blog\/wp-content\/uploads\/2026\/09\/7689789789.jpg?resize=300%2C165&amp;ssl=1 300w, https:\/\/i0.wp.com\/www.shqiperia.com\/blog\/wp-content\/uploads\/2026\/09\/7689789789.jpg?resize=768%2C422&amp;ssl=1 768w, https:\/\/i0.wp.com\/www.shqiperia.com\/blog\/wp-content\/uploads\/2026\/09\/7689789789.jpg?resize=450%2C247&amp;ssl=1 450w, https:\/\/i0.wp.com\/www.shqiperia.com\/blog\/wp-content\/uploads\/2026\/09\/7689789789.jpg?resize=600%2C330&amp;ssl=1 600w, https:\/\/i0.wp.com\/www.shqiperia.com\/blog\/wp-content\/uploads\/2026\/09\/7689789789.jpg?resize=400%2C220&amp;ssl=1 400w, https:\/\/i0.wp.com\/www.shqiperia.com\/blog\/wp-content\/uploads\/2026\/09\/7689789789.jpg?w=921&amp;ssl=1 921w\" sizes=\"auto, (max-width: 638px) 100vw, 638px\" \/><p id=\"caption-attachment-105986\" class=\"wp-caption-text\">Aulon Kalaja<\/p><\/div>\n<p>4 Shtator 2026<\/p>\n<p>Nj\u00eb zjarr masiv ka p\u00ebrfshir\u00eb prej or\u00ebve t\u00eb m\u00ebngjesit fshatrat e nj\u00ebsis\u00eb administrative Nik\u00ebl n\u00eb Bashkin\u00eb e Kruj\u00ebs, duke krijuar nj\u00eb situat\u00eb kritike p\u00ebr shkak t\u00eb af\u00ebrsis\u00eb me zonat e banuara.<\/p>\n<p>Kreu i Partis\u00eb Demokratike n\u00eb Kruj\u00eb, Aulon Kalaja, p\u00ebrmes nj\u00eb reagimi publik ka b\u00ebr\u00eb thirrje p\u00ebr nd\u00ebrhyrje t\u00eb menj\u00ebhershme nga ajri, duke denoncuar munges\u00ebn e helikopter\u00ebve n\u00eb zon\u00eb.<\/p>\n<p>Sipas Kalas\u00eb, flak\u00ebt vazhdojn\u00eb t\u00eb p\u00ebrhapen me shpejt\u00ebsi q\u00eb prej or\u00ebs 10:00 t\u00eb m\u00ebngjesit, nd\u00ebrsa vonesa e nd\u00ebrhyrjes nga ajri rrezikon shtrirjen e vatr\u00ebs drejt territorit t\u00eb kryeqytetit.<\/p>\n<p>\u201cK\u00ebrkojm\u00eb nd\u00ebrhyrje urgjente nga ajri n\u00eb fshatrat e Nikl\u00ebs, Bashkia Kruj\u00eb, q\u00eb po digjen fuqish\u00ebm q\u00eb rreth or\u00ebs 10:00 e deri tani. Asnj\u00eb helikopter nuk \u00ebsht\u00eb dukur mbi k\u00ebt\u00eb zon\u00eb dhe po vazhdoi k\u00ebshtu, zjarri do t\u00eb p\u00ebrparoj\u00eb drejt territoreve t\u00eb Bashkis\u00eb Tiran\u00eb,\u201d deklaroi ai.<\/p>\n<p>P\u00ebrfaq\u00ebsuesi i opozit\u00ebs ngriti alarmin se or\u00ebt e nat\u00ebs pritet t\u00eb jen\u00eb me mjaft v\u00ebshtir\u00ebsi p\u00ebr shkak t\u00eb kushteve atmosferike dhe er\u00ebrave t\u00eb forta q\u00eb favorsh\u00ebm p\u00ebrhapjen e flak\u00ebve pran\u00eb sht\u00ebpive. Kalaja k\u00ebrkoi reagim institucional pa vones\u00eb p\u00ebr t\u00eb parandaluar djegien e banesave dhe p\u00ebrshkall\u00ebzimin e m\u00ebtejsh\u00ebm t\u00eb vatr\u00ebs.<\/p>\n","protected":false},"excerpt":{"rendered":"<p>4 Shtator 2026 Nj\u00eb zjarr masiv ka p\u00ebrfshir\u00eb prej or\u00ebve t\u00eb m\u00ebngjesit fshatrat e nj\u00ebsis\u00eb administrative Nik\u00ebl n\u00eb Bashkin\u00eb e Kruj\u00ebs, duke krijuar nj\u00eb situat\u00eb kritike p\u00ebr shkak t\u00eb af\u00ebrsis\u00eb me zonat e banuara. Kreu i Partis\u00eb Demokratike n\u00eb Kruj\u00eb, Aulon Kalaja, p\u00ebrmes nj\u00eb reagimi publik ka b\u00ebr\u00eb thirrje p\u00ebr nd\u00ebrhyrje t\u00eb menj\u00ebhershme nga ajri, [&hellip;]<\/p>\n","protected":false},"author":9,"featured_media":105986,"comment_status":"open","ping_status":"open","sticky":false,"template":"","format":"standard","meta":{"jetpack_post_was_ever_published":false,"_jetpack_newsletter_access":"","_jetpack_dont_email_post_to_subs":false,"_jetpack_newsletter_tier_id":0,"_jetpack_memberships_contains_paywalled_content":false,"_jetpack_memberships_contains_paid_content":false,"footnotes":"","jetpack_publicize_message":"","jetpack_publicize_feature_enabled":true,"jetpack_social_post_already_shared":true,"jetpack_social_options":{"image_generator_settings":{"template":"highway","default_image_id":0,"font":"","enabled":false},"version":2}},"categories":[27,1,2,35],"tags":[],"class_list":["post-105985","post","type-post","status-publish","format-standard","has-post-thumbnail","hentry","category-blogu-i-udhetarit","category-njoftime-shtypi","category-politika","category-shoqerore"],"jetpack_publicize_connections":[],"jetpack_featured_media_url":"https:\/\/i0.wp.com\/www.shqiperia.com\/blog\/wp-content\/uploads\/2026\/09\/7689789789.jpg?fit=921%2C506&ssl=1","jetpack_sharing_enabled":true,"jetpack_shortlink":"https:\/\/wp.me\/p5Z6wp-rzr","jetpack-related-posts":[{"id":105478,"url":"https:\/\/www.shqiperia.com\/blog\/prape-zjarr-ne-malesine-e-krujes-flaket-perhapen-me-shpejtesi-kerkohet-nderhyrja-nga-ajri\/","url_meta":{"origin":105985,"position":0},"title":"Prap\u00eb zjarr n\u00eb Mal\u00ebsin\u00eb e Kruj\u00ebs, flak\u00ebt p\u00ebrhapen me shpejt\u00ebsi! K\u00ebrkohet nd\u00ebrhyrja nga ajri","author":"Kurt Farka","date":"August 29, 2026","format":false,"excerpt":"29 Gusht 2026 Nj\u00eb vat\u00ebr zjarri \u00ebsht\u00eb regjistruar n\u00eb zon\u00ebn mes vendit t\u00eb quajtur \u201cKroi i Madh\u201d dhe fshatit \u00c7udhi, n\u00eb mal\u00ebsin\u00eb e Kruj\u00ebs. Flak\u00ebt kan\u00eb p\u00ebrfshir\u00eb sip\u00ebrfaqe t\u00eb m\u00ebdha me shkurre dhe pem\u00eb t\u00eb ndryshme, nd\u00ebrsa zjarri po p\u00ebrhapet me shpejt\u00ebsi, i favorizuar edhe nga era. Terreni i v\u00ebshtir\u00eb\u2026","rel":"","context":"In &quot;Blogu i Udh\u00ebtarit&quot;","block_context":{"text":"Blogu i Udh\u00ebtarit","link":"https:\/\/www.shqiperia.com\/blog\/category\/blogu-i-udhetarit\/"},"img":{"alt_text":"","src":"https:\/\/i0.wp.com\/www.shqiperia.com\/blog\/wp-content\/uploads\/2026\/08\/zjarr-kruje-1.jpg?fit=622%2C395&ssl=1&resize=350%2C200","width":350,"height":200,"srcset":"https:\/\/i0.wp.com\/www.shqiperia.com\/blog\/wp-content\/uploads\/2026\/08\/zjarr-kruje-1.jpg?fit=622%2C395&ssl=1&resize=350%2C200 1x, https:\/\/i0.wp.com\/www.shqiperia.com\/blog\/wp-content\/uploads\/2026\/08\/zjarr-kruje-1.jpg?fit=622%2C395&ssl=1&resize=525%2C300 1.5x"},"classes":[]},{"id":105989,"url":"https:\/\/www.shqiperia.com\/blog\/situate-kritike-ne-radostine-flaket-po-i-afrohen-shtepive-nis-evakuimi-i-banoreve-dhe-kerkohet-nderhyrje-nga-ajri\/","url_meta":{"origin":105985,"position":1},"title":"Situat\u00eb kritike n\u00eb Radostin\u00eb\/ Flak\u00ebt po i afrohen sht\u00ebpive, nis evakuimi i banor\u00ebve dhe k\u00ebrkohet nd\u00ebrhyrje nga ajri","author":"Kurt Farka","date":"September 4, 2026","format":false,"excerpt":"4 Shtator 2026 Nj\u00eb zjarr me p\u00ebrmasa t\u00eb m\u00ebdha ka p\u00ebrfshir\u00eb kodrat e mbjella me ullinj n\u00eb fshatin Radostin\u00eb Fier, duke krijuar nj\u00eb situat\u00eb alarmante p\u00ebr banor\u00ebt e zon\u00ebs. Meqen\u00ebse flak\u00ebt po p\u00ebrparojn\u00eb me shpejt\u00ebsi drejt zonave t\u00eb banuara, autoritetet kan\u00eb nisur me urgjenc\u00eb evakuimin e qytetar\u00ebve p\u00ebr t\u00eb shmangur\u2026","rel":"","context":"In &quot;Blogu i Udh\u00ebtarit&quot;","block_context":{"text":"Blogu i Udh\u00ebtarit","link":"https:\/\/www.shqiperia.com\/blog\/category\/blogu-i-udhetarit\/"},"img":{"alt_text":"","src":"https:\/\/i0.wp.com\/www.shqiperia.com\/blog\/wp-content\/uploads\/2026\/09\/Radostine-Fier-4-Gusht-2926.jpg?fit=826%2C465&ssl=1&resize=350%2C200","width":350,"height":200,"srcset":"https:\/\/i0.wp.com\/www.shqiperia.com\/blog\/wp-content\/uploads\/2026\/09\/Radostine-Fier-4-Gusht-2926.jpg?fit=826%2C465&ssl=1&resize=350%2C200 1x, https:\/\/i0.wp.com\/www.shqiperia.com\/blog\/wp-content\/uploads\/2026\/09\/Radostine-Fier-4-Gusht-2926.jpg?fit=826%2C465&ssl=1&resize=525%2C300 1.5x, https:\/\/i0.wp.com\/www.shqiperia.com\/blog\/wp-content\/uploads\/2026\/09\/Radostine-Fier-4-Gusht-2926.jpg?fit=826%2C465&ssl=1&resize=700%2C400 2x"},"classes":[]},{"id":105032,"url":"https:\/\/www.shqiperia.com\/blog\/zjarri-apo-njerzit-duan-te-djegin-krujen-qyteti-i-krujes-rrezikohet-nga-flaket\/","url_meta":{"origin":105985,"position":2},"title":"Zjarri apo njerzit duan t\u00eb djegin KRUJEN.\u00a0  Qyteti i Kruj\u00ebs rrezikohet nga Flaket","author":"Kurt Farka","date":"August 23, 2026","format":false,"excerpt":"23 Gusht 2024 Pes\u00eb vatra zjarri jan\u00eb regjistruar nj\u00ebkoh\u00ebsisht gjat\u00eb or\u00ebve t\u00eb fundit n\u00eb masivin pyjor t\u00eb Krast\u00ebs n\u00eb Kruj\u00eb, duke v\u00ebn\u00eb s\u00ebrish n\u00eb alarm strukturat e emergjencave civile. Flak\u00ebt po p\u00ebrhapen me shpejt\u00ebsi pasi po favorizohen nga era e fort\u00eb n\u00eb zon\u00eb, teksa vatrat e reja jan\u00eb shfaqur n\u00eb\u2026","rel":"","context":"In &quot;Blogu i Udh\u00ebtarit&quot;","block_context":{"text":"Blogu i Udh\u00ebtarit","link":"https:\/\/www.shqiperia.com\/blog\/category\/blogu-i-udhetarit\/"},"img":{"alt_text":"","src":"https:\/\/i0.wp.com\/www.shqiperia.com\/blog\/wp-content\/uploads\/2026\/08\/auto_Zjarr-41786395787.jpg?fit=900%2C675&ssl=1&resize=350%2C200","width":350,"height":200,"srcset":"https:\/\/i0.wp.com\/www.shqiperia.com\/blog\/wp-content\/uploads\/2026\/08\/auto_Zjarr-41786395787.jpg?fit=900%2C675&ssl=1&resize=350%2C200 1x, https:\/\/i0.wp.com\/www.shqiperia.com\/blog\/wp-content\/uploads\/2026\/08\/auto_Zjarr-41786395787.jpg?fit=900%2C675&ssl=1&resize=525%2C300 1.5x, https:\/\/i0.wp.com\/www.shqiperia.com\/blog\/wp-content\/uploads\/2026\/08\/auto_Zjarr-41786395787.jpg?fit=900%2C675&ssl=1&resize=700%2C400 2x"},"classes":[]},{"id":104453,"url":"https:\/\/www.shqiperia.com\/blog\/jane-djegur-300-hektare-pyje-ne-lure-flaket-vazhdojne\/","url_meta":{"origin":105985,"position":3},"title":"Jan\u00eb djegur 300 hektar\u00eb pyje n\u00eb Lur\u00eb. Flak\u00ebt vazhdojn\u00eb","author":"Kurt Farka","date":"August 14, 2026","format":false,"excerpt":"14 Gusht 2026 Zjarri n\u00eb Lur\u00eb ka marr\u00eb p\u00ebrmasa dhe po zhvillohet n\u00eb 3 drejtime t\u00eb ndryshme nga kahu Gur\u00eb Lur\u00ebs, Fush\u00eb-Lur\u00ebs dhe Borie Lur\u00ebs, vat\u00ebr e cila \u00ebsht\u00eb ofruar shum\u00eb pran\u00eb banesave t\u00eb k\u00ebtij fshati. N\u00eb kahun q\u00eb rrezikohen banesat, jan\u00eb p\u00ebrqendruar t\u00eb gjith\u00eb forcat operacionale t\u00eb angazhuara duke\u2026","rel":"","context":"In &quot;Blogu i Udh\u00ebtarit&quot;","block_context":{"text":"Blogu i Udh\u00ebtarit","link":"https:\/\/www.shqiperia.com\/blog\/category\/blogu-i-udhetarit\/"},"img":{"alt_text":"","src":"https:\/\/i0.wp.com\/www.shqiperia.com\/blog\/wp-content\/uploads\/2026\/08\/Lure.webp?fit=800%2C450&ssl=1&resize=350%2C200","width":350,"height":200,"srcset":"https:\/\/i0.wp.com\/www.shqiperia.com\/blog\/wp-content\/uploads\/2026\/08\/Lure.webp?fit=800%2C450&ssl=1&resize=350%2C200 1x, https:\/\/i0.wp.com\/www.shqiperia.com\/blog\/wp-content\/uploads\/2026\/08\/Lure.webp?fit=800%2C450&ssl=1&resize=525%2C300 1.5x, https:\/\/i0.wp.com\/www.shqiperia.com\/blog\/wp-content\/uploads\/2026\/08\/Lure.webp?fit=800%2C450&ssl=1&resize=700%2C400 2x"},"classes":[]},{"id":104023,"url":"https:\/\/www.shqiperia.com\/blog\/po-digjet-qyteti-situate-dramatike-ne-kruje-flaket-gjigante-perparojne-drejt-banesave-digjen-disa-prej-tyre\/","url_meta":{"origin":105985,"position":4},"title":"\u201cPo digjet qyteti!\u201d\/ Situat\u00eb dramatike n\u00eb Kruj\u00eb, flak\u00ebt gjigante p\u00ebrparojn\u00eb drejt banesave, digjen disa prej tyre","author":"Kurt Farka","date":"August 9, 2026","format":false,"excerpt":"9 Korrik 2025 Nga Ballkanweb Sipas lajmit t\u00eb mbrmshem\u00a0 08 Gusht, 2026 22:20. Situata paraqitet tejet dramatike n\u00eb Kruj\u00eb, ku flak\u00ebt e zjarrit po p\u00ebrhapen me shpejt\u00ebsi n\u00eb drejtim t\u00eb zonave t\u00eb banuara, duke rrezikuar seriozisht banesat dhe qytetar\u00ebt. Sipas raportimeve t\u00eb qytetar\u00ebve pran\u00eb\u00a0BalkanWeb, zjarri ka dal\u00eb jasht\u00eb kontrollit n\u00eb\u2026","rel":"","context":"In &quot;Blogu i Udh\u00ebtarit&quot;","block_context":{"text":"Blogu i Udh\u00ebtarit","link":"https:\/\/www.shqiperia.com\/blog\/category\/blogu-i-udhetarit\/"},"img":{"alt_text":"","src":"https:\/\/i0.wp.com\/www.shqiperia.com\/blog\/wp-content\/uploads\/2026\/08\/Krujaa.jpg?fit=596%2C524&ssl=1&resize=350%2C200","width":350,"height":200,"srcset":"https:\/\/i0.wp.com\/www.shqiperia.com\/blog\/wp-content\/uploads\/2026\/08\/Krujaa.jpg?fit=596%2C524&ssl=1&resize=350%2C200 1x, https:\/\/i0.wp.com\/www.shqiperia.com\/blog\/wp-content\/uploads\/2026\/08\/Krujaa.jpg?fit=596%2C524&ssl=1&resize=525%2C300 1.5x"},"classes":[]},{"id":105039,"url":"https:\/\/www.shqiperia.com\/blog\/riaktivizohen-flaket-ne-krasten-e-krujes-pese-vatra-njekohesisht-rrezik-per-banesat-e-bizneset\/","url_meta":{"origin":105985,"position":5},"title":"Riaktivizohen flak\u00ebt n\u00eb Krast\u00ebn e Kruj\u00ebs\/ Pes\u00eb vatra nj\u00ebkoh\u00ebsisht. Rrezik p\u00ebr banesat e bizneset","author":"Kurt Farka","date":"August 23, 2026","format":false,"excerpt":"23 Gusht 2026 Pes\u00eb vatra zjarri jan\u00eb regjistruar nj\u00ebkoh\u00ebsisht gjat\u00eb or\u00ebve t\u00eb fundit n\u00eb masivin pyjor t\u00eb Krast\u00ebs n\u00eb Kruj\u00eb, duke v\u00ebn\u00eb s\u00ebrish n\u00eb alarm strukturat e emergjencave civile. Flak\u00ebt po p\u00ebrhapen me shpejt\u00ebsi pasi po favorizohen nga era e fort\u00eb n\u00eb zon\u00eb, teksa vatrat e reja jan\u00eb shfaqur n\u00eb\u2026","rel":"","context":"In &quot;Blogu i Udh\u00ebtarit&quot;","block_context":{"text":"Blogu i Udh\u00ebtarit","link":"https:\/\/www.shqiperia.com\/blog\/category\/blogu-i-udhetarit\/"},"img":{"alt_text":"","src":"https:\/\/i0.wp.com\/www.shqiperia.com\/blog\/wp-content\/uploads\/2026\/08\/34345345-1-1.jpg?fit=852%2C455&ssl=1&resize=350%2C200","width":350,"height":200,"srcset":"https:\/\/i0.wp.com\/www.shqiperia.com\/blog\/wp-content\/uploads\/2026\/08\/34345345-1-1.jpg?fit=852%2C455&ssl=1&resize=350%2C200 1x, https:\/\/i0.wp.com\/www.shqiperia.com\/blog\/wp-content\/uploads\/2026\/08\/34345345-1-1.jpg?fit=852%2C455&ssl=1&resize=525%2C300 1.5x, https:\/\/i0.wp.com\/www.shqiperia.com\/blog\/wp-content\/uploads\/2026\/08\/34345345-1-1.jpg?fit=852%2C455&ssl=1&resize=700%2C400 2x"},"classes":[]}],"_links":{"self":[{"href":"https:\/\/www.shqiperia.com\/blog\/wp-json\/wp\/v2\/posts\/105985","targetHints":{"allow":["GET"]}}],"collection":[{"href":"https:\/\/www.shqiperia.com\/blog\/wp-json\/wp\/v2\/posts"}],"about":[{"href":"https:\/\/www.shqiperia.com\/blog\/wp-json\/wp\/v2\/types\/post"}],"author":[{"embeddable":true,"href":"https:\/\/www.shqiperia.com\/blog\/wp-json\/wp\/v2\/users\/9"}],"replies":[{"embeddable":true,"href":"https:\/\/www.shqiperia.com\/blog\/wp-json\/wp\/v2\/comments?post=105985"}],"version-history":[{"count":2,"href":"https:\/\/www.shqiperia.com\/blog\/wp-json\/wp\/v2\/posts\/105985\/revisions"}],"predecessor-version":[{"id":105988,"href":"https:\/\/www.shqiperia.com\/blog\/wp-json\/wp\/v2\/posts\/105985\/revisions\/105988"}],"wp:featuredmedia":[{"embeddable":true,"href":"https:\/\/www.shqiperia.com\/blog\/wp-json\/wp\/v2\/media\/105986"}],"wp:attachment":[{"href":"https:\/\/www.shqiperia.com\/blog\/wp-json\/wp\/v2\/media?parent=105985"}],"wp:term":[{"taxonomy":"category","embeddable":true,"href":"https:\/\/www.shqiperia.com\/blog\/wp-json\/wp\/v2\/categories?post=105985"},{"taxonomy":"post_tag","embeddable":true,"href":"https:\/\/www.shqiperia.com\/blog\/wp-json\/wp\/v2\/tags?post=105985"}],"curies":[{"name":"wp","href":"https:\/\/api.w.org\/{rel}","templated":true}]}}