{"id":105973,"date":"2026-09-04T16:23:32","date_gmt":"2026-09-04T16:23:32","guid":{"rendered":"https:\/\/www.shqiperia.com\/blog\/?p=105973"},"modified":"2026-09-04T16:28:06","modified_gmt":"2026-09-04T16:28:06","slug":"mbyllja-e-llogarive-ne-instagram-eurodepuetja-anna-strolenberg-censure-dhe-shtypje-e-lirise-se-fjales-kjo-eshte-cmenduri","status":"publish","type":"post","link":"https:\/\/www.shqiperia.com\/blog\/mbyllja-e-llogarive-ne-instagram-eurodepuetja-anna-strolenberg-censure-dhe-shtypje-e-lirise-se-fjales-kjo-eshte-cmenduri\/","title":{"rendered":"&#8211; Mbyllja e llogarive n\u00eb Instagram, eurodepuetja, Anna Strolenberg: Censur\u00eb dhe shtypje e liris\u00eb s\u00eb fjal\u00ebs! Kjo \u00ebsht\u00eb \u00e7menduri"},"content":{"rendered":"<div id=\"attachment_105974\" style=\"width: 671px\" class=\"wp-caption alignnone\"><img data-recalc-dims=\"1\" loading=\"lazy\" decoding=\"async\" aria-describedby=\"caption-attachment-105974\" data-attachment-id=\"105974\" data-permalink=\"https:\/\/www.shqiperia.com\/blog\/mbyllja-e-llogarive-ne-instagram-eurodepuetja-anna-strolenberg-censure-dhe-shtypje-e-lirise-se-fjales-kjo-eshte-cmenduri\/ep-178297a_femm\/\" data-orig-file=\"https:\/\/i0.wp.com\/www.shqiperia.com\/blog\/wp-content\/uploads\/2026\/09\/Eurodeputetja-Anna-Strolenberg.jpg?fit=768%2C380&amp;ssl=1\" data-orig-size=\"768,380\" data-comments-opened=\"1\" data-image-meta=\"{&quot;aperture&quot;:&quot;2.8&quot;,&quot;credit&quot;:&quot;Denis LOMME&quot;,&quot;camera&quot;:&quot;NIKON Z 9&quot;,&quot;caption&quot;:&quot;EP-178297A_FEMM&quot;,&quot;created_timestamp&quot;:&quot;1738061546&quot;,&quot;copyright&quot;:&quot;\\u00a9 European Union 2025 - Source : EP&quot;,&quot;focal_length&quot;:&quot;165&quot;,&quot;iso&quot;:&quot;2500&quot;,&quot;shutter_speed&quot;:&quot;0.003125&quot;,&quot;title&quot;:&quot;EP-178297A_FEMM&quot;,&quot;orientation&quot;:&quot;0&quot;}\" data-image-title=\"Eurodeputetja Anna Strolenberg\" data-image-description=\"\" data-image-caption=\"&lt;p&gt;Eurodeputetja Anna Strolenberg&lt;\/p&gt;\n\" data-medium-file=\"https:\/\/i0.wp.com\/www.shqiperia.com\/blog\/wp-content\/uploads\/2026\/09\/Eurodeputetja-Anna-Strolenberg.jpg?fit=300%2C148&amp;ssl=1\" data-large-file=\"https:\/\/i0.wp.com\/www.shqiperia.com\/blog\/wp-content\/uploads\/2026\/09\/Eurodeputetja-Anna-Strolenberg.jpg?fit=768%2C380&amp;ssl=1\" class=\" wp-image-105974\" alt=\"\" src=\"https:\/\/i0.wp.com\/www.shqiperia.com\/blog\/wp-content\/uploads\/2026\/09\/Eurodeputetja-Anna-Strolenberg.jpg?resize=661%2C326&#038;ssl=1\" width=\"661\" height=\"326\" srcset=\"https:\/\/i0.wp.com\/www.shqiperia.com\/blog\/wp-content\/uploads\/2026\/09\/Eurodeputetja-Anna-Strolenberg.jpg?resize=300%2C148&amp;ssl=1 300w, https:\/\/i0.wp.com\/www.shqiperia.com\/blog\/wp-content\/uploads\/2026\/09\/Eurodeputetja-Anna-Strolenberg.jpg?resize=450%2C223&amp;ssl=1 450w, https:\/\/i0.wp.com\/www.shqiperia.com\/blog\/wp-content\/uploads\/2026\/09\/Eurodeputetja-Anna-Strolenberg.jpg?resize=600%2C297&amp;ssl=1 600w, https:\/\/i0.wp.com\/www.shqiperia.com\/blog\/wp-content\/uploads\/2026\/09\/Eurodeputetja-Anna-Strolenberg.jpg?resize=400%2C198&amp;ssl=1 400w, https:\/\/i0.wp.com\/www.shqiperia.com\/blog\/wp-content\/uploads\/2026\/09\/Eurodeputetja-Anna-Strolenberg.jpg?w=768&amp;ssl=1 768w\" sizes=\"auto, (max-width: 661px) 100vw, 661px\" \/><p id=\"caption-attachment-105974\" class=\"wp-caption-text\">Eurodeputetja Anna Strolenberg<\/p><\/div>\n<p>4 Shtator 2026<\/p>\n<p>&#8230; Kjo \u00ebsht\u00eb \u00e7menduri\u201d.<\/p>\n<p><strong>Eurodeputetja Anna Strolenberg ka reaguar n\u00eb lidhje me mbylljen e disa llogarive t\u00eb aktivist\u00ebv\u00eb q\u00eb protestojn\u00eb n\u00eb Tiran\u00eb, duke akuzuar autoritetet p\u00ebr censur\u00eb dhe kufizim t\u00eb liris\u00eb s\u00eb shprehjes.<\/strong><\/p>\n<p>N\u00eb nj\u00eb postim n\u00eb rrjetet sociale, Strolenberg shkruan se disa prej llogarive t\u00eb aktivist\u00ebve q\u00eb informojn\u00eb publikun mbi protestat n\u00eb Shqip\u00ebri po hiqen nga platformat online.<\/p>\n<p>\u201cDikush po p\u00ebrpiqet t\u00eb hesht\u00eb Revolucionin e Flamingos\u201d, shkruan ajo.<\/p>\n<p>Strolenberg tregon se disa muaj m\u00eb par\u00eb kishte udh\u00ebtuar n\u00eb Shqip\u00ebri p\u00ebr t\u00eb mb\u00ebshtetur qytetar\u00ebt shqiptar\u00eb n\u00eb k\u00ebrkesat e tyre p\u00ebr nj\u00eb t\u00eb ardhme m\u00eb t\u00eb mir\u00eb.<\/p>\n<div id=\"attachment_105976\" style=\"width: 806px\" class=\"wp-caption alignnone\"><img data-recalc-dims=\"1\" loading=\"lazy\" decoding=\"async\" aria-describedby=\"caption-attachment-105976\" data-attachment-id=\"105976\" data-permalink=\"https:\/\/www.shqiperia.com\/blog\/mbyllja-e-llogarive-ne-instagram-eurodepuetja-anna-strolenberg-censure-dhe-shtypje-e-lirise-se-fjales-kjo-eshte-cmenduri\/eurodeputetja-anna-strolenberg-ne-tirane\/\" data-orig-file=\"https:\/\/i0.wp.com\/www.shqiperia.com\/blog\/wp-content\/uploads\/2026\/09\/Eurodeputetja-Anna-Strolenberg-ne-Tirane.jpg?fit=1200%2C630&amp;ssl=1\" data-orig-size=\"1200,630\" data-comments-opened=\"1\" data-image-meta=\"{&quot;aperture&quot;:&quot;0&quot;,&quot;credit&quot;:&quot;&quot;,&quot;camera&quot;:&quot;&quot;,&quot;caption&quot;:&quot;&quot;,&quot;created_timestamp&quot;:&quot;0&quot;,&quot;copyright&quot;:&quot;&quot;,&quot;focal_length&quot;:&quot;0&quot;,&quot;iso&quot;:&quot;0&quot;,&quot;shutter_speed&quot;:&quot;0&quot;,&quot;title&quot;:&quot;&quot;,&quot;orientation&quot;:&quot;0&quot;}\" data-image-title=\"Eurodeputetja Anna Strolenberg n\u00eb Tiran\u00eb\" data-image-description=\"\" data-image-caption=\"&lt;p&gt;Eurodeputetja Anna Strolenberg n\u00eb Tiran\u00eb&lt;\/p&gt;\n\" data-medium-file=\"https:\/\/i0.wp.com\/www.shqiperia.com\/blog\/wp-content\/uploads\/2026\/09\/Eurodeputetja-Anna-Strolenberg-ne-Tirane.jpg?fit=300%2C158&amp;ssl=1\" data-large-file=\"https:\/\/i0.wp.com\/www.shqiperia.com\/blog\/wp-content\/uploads\/2026\/09\/Eurodeputetja-Anna-Strolenberg-ne-Tirane.jpg?fit=1024%2C538&amp;ssl=1\" class=\" wp-image-105976\" alt=\"\" src=\"https:\/\/i0.wp.com\/www.shqiperia.com\/blog\/wp-content\/uploads\/2026\/09\/Eurodeputetja-Anna-Strolenberg-ne-Tirane.jpg?resize=796%2C419&#038;ssl=1\" width=\"796\" height=\"419\" srcset=\"https:\/\/i0.wp.com\/www.shqiperia.com\/blog\/wp-content\/uploads\/2026\/09\/Eurodeputetja-Anna-Strolenberg-ne-Tirane.jpg?resize=300%2C158&amp;ssl=1 300w, https:\/\/i0.wp.com\/www.shqiperia.com\/blog\/wp-content\/uploads\/2026\/09\/Eurodeputetja-Anna-Strolenberg-ne-Tirane.jpg?resize=1024%2C538&amp;ssl=1 1024w, https:\/\/i0.wp.com\/www.shqiperia.com\/blog\/wp-content\/uploads\/2026\/09\/Eurodeputetja-Anna-Strolenberg-ne-Tirane.jpg?resize=768%2C403&amp;ssl=1 768w, https:\/\/i0.wp.com\/www.shqiperia.com\/blog\/wp-content\/uploads\/2026\/09\/Eurodeputetja-Anna-Strolenberg-ne-Tirane.jpg?resize=450%2C236&amp;ssl=1 450w, https:\/\/i0.wp.com\/www.shqiperia.com\/blog\/wp-content\/uploads\/2026\/09\/Eurodeputetja-Anna-Strolenberg-ne-Tirane.jpg?resize=600%2C315&amp;ssl=1 600w, https:\/\/i0.wp.com\/www.shqiperia.com\/blog\/wp-content\/uploads\/2026\/09\/Eurodeputetja-Anna-Strolenberg-ne-Tirane.jpg?resize=400%2C210&amp;ssl=1 400w, https:\/\/i0.wp.com\/www.shqiperia.com\/blog\/wp-content\/uploads\/2026\/09\/Eurodeputetja-Anna-Strolenberg-ne-Tirane.jpg?w=1200&amp;ssl=1 1200w\" sizes=\"auto, (max-width: 796px) 100vw, 796px\" \/><p id=\"caption-attachment-105976\" class=\"wp-caption-text\">Eurodeputetja Anna Strolenberg n\u00eb Tiran\u00eb<\/p><\/div>\n<p>\u201cDisa muaj m\u00eb par\u00eb shkova n\u00eb Shqip\u00ebri p\u00ebr t\u00eb mb\u00ebshtetur shqiptar\u00ebt n\u00eb luft\u00ebn e tyre p\u00ebr nj\u00eb t\u00eb ardhme m\u00eb t\u00eb mir\u00eb. Lufta e tyre p\u00ebr pensione m\u00eb t\u00eb mira, kujdes sh\u00ebndet\u00ebsor m\u00eb t\u00eb mir\u00eb dhe kund\u00ebr qeveris\u00eb s\u00eb korruptuar ishte nj\u00eb frym\u00ebzim. Tani, rr\u00ebfimet e njer\u00ebzve q\u00eb e mbajn\u00eb bot\u00ebn t\u00eb informuar p\u00ebr at\u00eb q\u00eb po ndodh n\u00eb rrug\u00eb po hiqen nga rrjeti. Kjo nuk \u00ebsht\u00eb asgj\u00eb m\u00eb pak se censur\u00eb dhe shtypje e liris\u00eb s\u00eb fjal\u00ebs\u201d, shprehet eurodeputetja.<\/p>\n<p>Ajo shprehet se \u201cme sa duket dikush ishte i gatsh\u00ebm t\u00eb shtypte nj\u00eb buton dhe papritmas t\u00eb hesht\u00eb t\u00eb gjith\u00eb opozit\u00ebn, kjo \u00ebsht\u00eb \u00e7menduri\u201d.<\/p>\n","protected":false},"excerpt":{"rendered":"<p>4 Shtator 2026 &#8230; Kjo \u00ebsht\u00eb \u00e7menduri\u201d. Eurodeputetja Anna Strolenberg ka reaguar n\u00eb lidhje me mbylljen e disa llogarive t\u00eb aktivist\u00ebv\u00eb q\u00eb protestojn\u00eb n\u00eb Tiran\u00eb, duke akuzuar autoritetet p\u00ebr censur\u00eb dhe kufizim t\u00eb liris\u00eb s\u00eb shprehjes. N\u00eb nj\u00eb postim n\u00eb rrjetet sociale, Strolenberg shkruan se disa prej llogarive t\u00eb aktivist\u00ebve q\u00eb informojn\u00eb publikun mbi protestat [&hellip;]<\/p>\n","protected":false},"author":9,"featured_media":105974,"comment_status":"open","ping_status":"open","sticky":false,"template":"","format":"standard","meta":{"jetpack_post_was_ever_published":false,"_jetpack_newsletter_access":"","_jetpack_dont_email_post_to_subs":false,"_jetpack_newsletter_tier_id":0,"_jetpack_memberships_contains_paywalled_content":false,"_jetpack_memberships_contains_paid_content":false,"footnotes":"","jetpack_publicize_message":"","jetpack_publicize_feature_enabled":true,"jetpack_social_post_already_shared":true,"jetpack_social_options":{"image_generator_settings":{"template":"highway","default_image_id":0,"font":"","enabled":false},"version":2}},"categories":[27,1,2,35],"tags":[],"class_list":["post-105973","post","type-post","status-publish","format-standard","has-post-thumbnail","hentry","category-blogu-i-udhetarit","category-njoftime-shtypi","category-politika","category-shoqerore"],"jetpack_publicize_connections":[],"jetpack_featured_media_url":"https:\/\/i0.wp.com\/www.shqiperia.com\/blog\/wp-content\/uploads\/2026\/09\/Eurodeputetja-Anna-Strolenberg.jpg?fit=768%2C380&ssl=1","jetpack_sharing_enabled":true,"jetpack_shortlink":"https:\/\/wp.me\/p5Z6wp-rzf","jetpack-related-posts":[{"id":102012,"url":"https:\/\/www.shqiperia.com\/blog\/eurodeputetja-holandeze-i-drejtohet-kryeministrit-kerkesat-e-protestuesve-jane-te-qarta\/","url_meta":{"origin":105973,"position":0},"title":"Eurodeputetja holandeze i drejtohet kryeministrit: &#8211; K\u00ebrkesat e protestuesve jan\u00eb t\u00eb qarta!","author":"Kurt Farka","date":"June 30, 2026","format":false,"excerpt":"30 Qershor 2026 Eurodeputetja Anna Strolenberg ka vijuar mesazhet mb\u00ebshtet\u00ebse t\u00eb nd\u00ebrkomb\u00ebtar\u00ebve n\u00eb protest\u00eb, duke deklaruar se k\u00ebrkesat e qytetar\u00ebve shqiptar\u00eb p\u00ebrkojn\u00eb plot\u00ebsisht me parimet baz\u00eb mbi t\u00eb cilat \u00ebsht\u00eb ngritur Bashkimi Europian. Ajo iu drejtua drejtp\u00ebrdrejt kryeministrit me nj\u00eb thirrje t\u00eb fort\u00eb e t\u00eb qart\u00eb p\u00ebr t\u00eb d\u00ebgjuar z\u00ebrin\u2026","rel":"","context":"In &quot;Blogu i Udh\u00ebtarit&quot;","block_context":{"text":"Blogu i Udh\u00ebtarit","link":"https:\/\/www.shqiperia.com\/blog\/category\/blogu-i-udhetarit\/"},"img":{"alt_text":"","src":"https:\/\/i0.wp.com\/www.shqiperia.com\/blog\/wp-content\/uploads\/2026\/06\/5555555555555-1.jpg?fit=895%2C498&ssl=1&resize=350%2C200","width":350,"height":200,"srcset":"https:\/\/i0.wp.com\/www.shqiperia.com\/blog\/wp-content\/uploads\/2026\/06\/5555555555555-1.jpg?fit=895%2C498&ssl=1&resize=350%2C200 1x, https:\/\/i0.wp.com\/www.shqiperia.com\/blog\/wp-content\/uploads\/2026\/06\/5555555555555-1.jpg?fit=895%2C498&ssl=1&resize=525%2C300 1.5x, https:\/\/i0.wp.com\/www.shqiperia.com\/blog\/wp-content\/uploads\/2026\/06\/5555555555555-1.jpg?fit=895%2C498&ssl=1&resize=700%2C400 2x"},"classes":[]},{"id":102082,"url":"https:\/\/www.shqiperia.com\/blog\/protestuesit-u-terhoqen-zvarre-para-kuvendit-eurodeputetja-paulus-reagon-pas-perplasjeve-ne-tirane-dhuna-0820-01-07-2026-a-a-protestuesit-u-terhoqen-zvarre-para-kuvendit-eurodeputetja\/","url_meta":{"origin":105973,"position":1},"title":"Protestuesit u t\u00ebrhoq\u00ebn zvarr\u00eb para Kuvendit, eurodeputetja Paulus reagon pas p\u00ebrplasjeve n\u00eb Tiran\u00eb: Dhuna\u2026   08:20 | 01\/07\/2026 A A Protestuesit u t\u00ebrhoq\u00ebn zvarr\u00eb para Kuvendit, eurodeputetja Paulus reagon pas p\u00ebrplasjeve n\u00eb Tiran\u00eb: Dhuna\u2026 Eurodeputetja","author":"Kurt Farka","date":"July 1, 2026","format":false,"excerpt":"1 Korrik 2026 Eurodeputetja gjermane e grupit t\u00eb t\u00eb Gjelb\u00ebrve n\u00eb Parlamentin Evropian, Jutta Paulus, ka reaguar pas incidenteve mes protestuesve dhe policis\u00eb n\u00eb Tiran\u00eb, duke theksuar se \u00e7do form\u00eb dhune \u00ebsht\u00eb e papranueshme. N\u00eb nj\u00eb prononcim p\u00ebr Politico, Paulus tha se kishte marr\u00eb pjes\u00eb n\u00eb protest\u00ebn e s\u00eb h\u00ebn\u00ebs,\u2026","rel":"","context":"In &quot;Blogu i Udh\u00ebtarit&quot;","block_context":{"text":"Blogu i Udh\u00ebtarit","link":"https:\/\/www.shqiperia.com\/blog\/category\/blogu-i-udhetarit\/"},"img":{"alt_text":"","src":"https:\/\/i0.wp.com\/www.shqiperia.com\/blog\/wp-content\/uploads\/2026\/07\/polici-qellon-gent-prognin-1140x570-1.jpg?fit=1140%2C570&ssl=1&resize=350%2C200","width":350,"height":200,"srcset":"https:\/\/i0.wp.com\/www.shqiperia.com\/blog\/wp-content\/uploads\/2026\/07\/polici-qellon-gent-prognin-1140x570-1.jpg?fit=1140%2C570&ssl=1&resize=350%2C200 1x, https:\/\/i0.wp.com\/www.shqiperia.com\/blog\/wp-content\/uploads\/2026\/07\/polici-qellon-gent-prognin-1140x570-1.jpg?fit=1140%2C570&ssl=1&resize=525%2C300 1.5x, https:\/\/i0.wp.com\/www.shqiperia.com\/blog\/wp-content\/uploads\/2026\/07\/polici-qellon-gent-prognin-1140x570-1.jpg?fit=1140%2C570&ssl=1&resize=700%2C400 2x, https:\/\/i0.wp.com\/www.shqiperia.com\/blog\/wp-content\/uploads\/2026\/07\/polici-qellon-gent-prognin-1140x570-1.jpg?fit=1140%2C570&ssl=1&resize=1050%2C600 3x"},"classes":[]},{"id":101734,"url":"https:\/\/www.shqiperia.com\/blog\/eurodeputetja-franceze-kritikon-macron-per-takimin-me-ramen-dhe-mbeshtet-protestat-ne-tirane\/","url_meta":{"origin":105973,"position":2},"title":"Eurodeputetja franceze kritikon Macron p\u00ebr takimin me Ram\u00ebn dhe mb\u00ebshtet protestat n\u00eb Tiran\u00eb","author":"Kurt Farka","date":"June 23, 2026","format":false,"excerpt":"23 Qershor 2026 Eurodeputetja franceze Manon Aubry ka reaguar publikisht p\u00ebr zhvillimet e fundit politike n\u00eb Shqip\u00ebri, duke kritikuar presidentin francez Emmanuel Macron p\u00ebr takimin me kryeministrin Edi Rama dhe duke shprehur hapur mb\u00ebshtetjen p\u00ebr protestat qytetare q\u00eb po zhvillohen n\u00eb vend. N\u00eb q\u00ebndrimin e saj, Aubry shfaqet kund\u00ebr asaj\u2026","rel":"","context":"In &quot;Blogu i Udh\u00ebtarit&quot;","block_context":{"text":"Blogu i Udh\u00ebtarit","link":"https:\/\/www.shqiperia.com\/blog\/category\/blogu-i-udhetarit\/"},"img":{"alt_text":"","src":"https:\/\/i0.wp.com\/www.shqiperia.com\/blog\/wp-content\/uploads\/2026\/06\/IMG_3892-1.jpeg?fit=696%2C464&ssl=1&resize=350%2C200","width":350,"height":200,"srcset":"https:\/\/i0.wp.com\/www.shqiperia.com\/blog\/wp-content\/uploads\/2026\/06\/IMG_3892-1.jpeg?fit=696%2C464&ssl=1&resize=350%2C200 1x, https:\/\/i0.wp.com\/www.shqiperia.com\/blog\/wp-content\/uploads\/2026\/06\/IMG_3892-1.jpeg?fit=696%2C464&ssl=1&resize=525%2C300 1.5x"},"classes":[]},{"id":102121,"url":"https:\/\/www.shqiperia.com\/blog\/raport-trondites-i-grupit-te-pe-qe-inspektoi-zvernecin-jane-demtuar-rende-dunat-dhe-ligatinat-eshte-bllokuar-lidhja-mes-detit-dhe-lagunes\/","url_meta":{"origin":105973,"position":3},"title":"Raport trondit\u00ebs i grupit t\u00eb PE q\u00eb inspektoi Zv\u00ebrnecin: &#8211; Jan\u00eb d\u00ebmtuar r\u00ebnd\u00eb dunat dhe ligatinat, \u00ebsht\u00eb bllokuar lidhja mes detit dhe lagun\u00ebs","author":"Kurt Farka","date":"July 2, 2026","format":false,"excerpt":"2 Korrik 2026 N\u00eb p\u00ebrfundim t\u00eb vizit\u00ebs faktmbledh\u00ebse, deputet\u00ebt e Parlamentit Europian thon\u00eb se qeveria shqiptare nuk u dha garanci q\u00eb zona e mbrojtur n\u00eb Zv\u00ebrnec nuk do t\u00eb shkat\u00ebrrohet nga nj\u00eb projekt p\u00ebr nd\u00ebrtimin e nj\u00eb resorti turistik, q\u00eb u b\u00eb shkak p\u00ebr protestat masive n\u00eb vend q\u00eb k\u00ebrkojn\u00eb\u2026","rel":"","context":"In &quot;Blogu i Udh\u00ebtarit&quot;","block_context":{"text":"Blogu i Udh\u00ebtarit","link":"https:\/\/www.shqiperia.com\/blog\/category\/blogu-i-udhetarit\/"},"img":{"alt_text":"","src":"https:\/\/i0.wp.com\/www.shqiperia.com\/blog\/wp-content\/uploads\/2026\/07\/Screenshot_20260701_183210_Gallery.jpg?fit=720%2C543&ssl=1&resize=350%2C200","width":350,"height":200,"srcset":"https:\/\/i0.wp.com\/www.shqiperia.com\/blog\/wp-content\/uploads\/2026\/07\/Screenshot_20260701_183210_Gallery.jpg?fit=720%2C543&ssl=1&resize=350%2C200 1x, https:\/\/i0.wp.com\/www.shqiperia.com\/blog\/wp-content\/uploads\/2026\/07\/Screenshot_20260701_183210_Gallery.jpg?fit=720%2C543&ssl=1&resize=525%2C300 1.5x, https:\/\/i0.wp.com\/www.shqiperia.com\/blog\/wp-content\/uploads\/2026\/07\/Screenshot_20260701_183210_Gallery.jpg?fit=720%2C543&ssl=1&resize=700%2C400 2x"},"classes":[]},{"id":104450,"url":"https:\/\/www.shqiperia.com\/blog\/gazeta-zvicerane-rama-e-drejton-personalisht-bumin-e-ndertimeve-libri-albanian-files-u-botua-ne-zyrih\/","url_meta":{"origin":105973,"position":4},"title":"Gazeta zvicerane: &#8211; Rama e drejton personalisht bumin e nd\u00ebrtimeve.   \u201cLibri \u2018Albanian Files\u2019 u botua n\u00eb Zyrih\u201d","author":"Kurt Farka","date":"August 14, 2026","format":false,"excerpt":"14 Gusht 2026 Gazeta e njohur zvicerane \u2018Tages Anzeiger\u2019 publikoi nj\u00eb shkrim t\u00eb gjat\u00eb n\u00eb lidhje me zhvillimet e fundit n\u00eb Shqip\u00ebri. Gazeta ndalet tek projekti i investimit n\u00eb Zv\u00ebrnec, duke theksuar se nuk ka asnj\u00eb mund\u00ebsi q\u00eb Edi Rama t\u00eb mos e dinte se \u00e7far\u00eb po ndodh, pasi ai\u2026","rel":"","context":"In &quot;Blogu i Udh\u00ebtarit&quot;","block_context":{"text":"Blogu i Udh\u00ebtarit","link":"https:\/\/www.shqiperia.com\/blog\/category\/blogu-i-udhetarit\/"},"img":{"alt_text":"","src":"https:\/\/i0.wp.com\/www.shqiperia.com\/blog\/wp-content\/uploads\/2026\/08\/Edi-Rama-albanian-files1-558x350-1.jpg?fit=558%2C350&ssl=1&resize=350%2C200","width":350,"height":200,"srcset":"https:\/\/i0.wp.com\/www.shqiperia.com\/blog\/wp-content\/uploads\/2026\/08\/Edi-Rama-albanian-files1-558x350-1.jpg?fit=558%2C350&ssl=1&resize=350%2C200 1x, https:\/\/i0.wp.com\/www.shqiperia.com\/blog\/wp-content\/uploads\/2026\/08\/Edi-Rama-albanian-files1-558x350-1.jpg?fit=558%2C350&ssl=1&resize=525%2C300 1.5x"},"classes":[]},{"id":104477,"url":"https:\/\/www.shqiperia.com\/blog\/toka-e-kushnerit-me-dokumente-false-gazeta-zvicerane-shkruan-per-te-hetuarin-e-droges-ramen-dhe-sazan-zvernecin\/","url_meta":{"origin":105973,"position":5},"title":"\u201cToka e Kushnerit\u201d, me dokumente false: &#8211; Gazeta zvicerane shkruan p\u00ebr t\u00eb hetuarin e drog\u00ebs, Ram\u00ebn dhe Sazan-Zv\u00ebrnecin","author":"Kurt Farka","date":"August 15, 2026","format":false,"excerpt":"15 Gusht 2026 Edhe gazeta zvicerane Tages-Anzeiger ka shkruar mbi prapaskenat e nj\u00eb prej projekteve t\u00eb luksit n\u00eb bregdetin shqiptar, ku kryq\u00ebzohen miliona dollar\u00eb, emra t\u00eb njohur nd\u00ebrkomb\u00ebtar\u00eb dhe figura t\u00eb bot\u00ebs s\u00eb krimit. N\u00eb qend\u00ebr t\u00eb shkrimit \u00ebsht\u00eb Artur Shehu \u2014 i k\u00ebrkuar nga drejt\u00ebsia dhe i akuzuar p\u00ebr\u2026","rel":"","context":"In &quot;Blogu i Udh\u00ebtarit&quot;","block_context":{"text":"Blogu i Udh\u00ebtarit","link":"https:\/\/www.shqiperia.com\/blog\/category\/blogu-i-udhetarit\/"},"img":{"alt_text":"","src":"https:\/\/i0.wp.com\/www.shqiperia.com\/blog\/wp-content\/uploads\/2026\/08\/Zvernec-Beach-1-2-1.jpg?fit=1024%2C723&ssl=1&resize=350%2C200","width":350,"height":200,"srcset":"https:\/\/i0.wp.com\/www.shqiperia.com\/blog\/wp-content\/uploads\/2026\/08\/Zvernec-Beach-1-2-1.jpg?fit=1024%2C723&ssl=1&resize=350%2C200 1x, https:\/\/i0.wp.com\/www.shqiperia.com\/blog\/wp-content\/uploads\/2026\/08\/Zvernec-Beach-1-2-1.jpg?fit=1024%2C723&ssl=1&resize=525%2C300 1.5x, https:\/\/i0.wp.com\/www.shqiperia.com\/blog\/wp-content\/uploads\/2026\/08\/Zvernec-Beach-1-2-1.jpg?fit=1024%2C723&ssl=1&resize=700%2C400 2x"},"classes":[]}],"_links":{"self":[{"href":"https:\/\/www.shqiperia.com\/blog\/wp-json\/wp\/v2\/posts\/105973","targetHints":{"allow":["GET"]}}],"collection":[{"href":"https:\/\/www.shqiperia.com\/blog\/wp-json\/wp\/v2\/posts"}],"about":[{"href":"https:\/\/www.shqiperia.com\/blog\/wp-json\/wp\/v2\/types\/post"}],"author":[{"embeddable":true,"href":"https:\/\/www.shqiperia.com\/blog\/wp-json\/wp\/v2\/users\/9"}],"replies":[{"embeddable":true,"href":"https:\/\/www.shqiperia.com\/blog\/wp-json\/wp\/v2\/comments?post=105973"}],"version-history":[{"count":3,"href":"https:\/\/www.shqiperia.com\/blog\/wp-json\/wp\/v2\/posts\/105973\/revisions"}],"predecessor-version":[{"id":105978,"href":"https:\/\/www.shqiperia.com\/blog\/wp-json\/wp\/v2\/posts\/105973\/revisions\/105978"}],"wp:featuredmedia":[{"embeddable":true,"href":"https:\/\/www.shqiperia.com\/blog\/wp-json\/wp\/v2\/media\/105974"}],"wp:attachment":[{"href":"https:\/\/www.shqiperia.com\/blog\/wp-json\/wp\/v2\/media?parent=105973"}],"wp:term":[{"taxonomy":"category","embeddable":true,"href":"https:\/\/www.shqiperia.com\/blog\/wp-json\/wp\/v2\/categories?post=105973"},{"taxonomy":"post_tag","embeddable":true,"href":"https:\/\/www.shqiperia.com\/blog\/wp-json\/wp\/v2\/tags?post=105973"}],"curies":[{"name":"wp","href":"https:\/\/api.w.org\/{rel}","templated":true}]}}