{"id":105965,"date":"2026-09-04T16:05:42","date_gmt":"2026-09-04T16:05:42","guid":{"rendered":"https:\/\/www.shqiperia.com\/blog\/?p=105965"},"modified":"2026-09-04T16:05:42","modified_gmt":"2026-09-04T16:05:42","slug":"zjarri-del-jashte-kontrollit-ne-zonen-e-qafes-se-koshovices-flaket-perfshijne-pyllin-me-pisha-bllokohet-aksi-fier-levan","status":"publish","type":"post","link":"https:\/\/www.shqiperia.com\/blog\/zjarri-del-jashte-kontrollit-ne-zonen-e-qafes-se-koshovices-flaket-perfshijne-pyllin-me-pisha-bllokohet-aksi-fier-levan\/","title":{"rendered":"Zjarri del jasht\u00eb kontrollit n\u00eb zon\u00ebn e Qaf\u00ebs s\u00eb Koshovic\u00ebs, flak\u00ebt p\u00ebrfshijn\u00eb pyllin me pisha, bllokohet aksi Fier-Levan"},"content":{"rendered":"<p><img data-recalc-dims=\"1\" loading=\"lazy\" decoding=\"async\" data-attachment-id=\"105966\" data-permalink=\"https:\/\/www.shqiperia.com\/blog\/zjarri-del-jashte-kontrollit-ne-zonen-e-qafes-se-koshovices-flaket-perfshijne-pyllin-me-pisha-bllokohet-aksi-fier-levan\/jarr-autostrada-sd-6a9acf6ecf6e7\/\" data-orig-file=\"https:\/\/i0.wp.com\/www.shqiperia.com\/blog\/wp-content\/uploads\/2026\/09\/jarr-autostrada-sd-6a9acf6ecf6e7.webp?fit=1280%2C720&amp;ssl=1\" data-orig-size=\"1280,720\" data-comments-opened=\"1\" data-image-meta=\"{&quot;aperture&quot;:&quot;0&quot;,&quot;credit&quot;:&quot;&quot;,&quot;camera&quot;:&quot;&quot;,&quot;caption&quot;:&quot;&quot;,&quot;created_timestamp&quot;:&quot;0&quot;,&quot;copyright&quot;:&quot;&quot;,&quot;focal_length&quot;:&quot;0&quot;,&quot;iso&quot;:&quot;0&quot;,&quot;shutter_speed&quot;:&quot;0&quot;,&quot;title&quot;:&quot;&quot;,&quot;orientation&quot;:&quot;0&quot;}\" data-image-title=\"jarr-autostrada-sd-6a9acf6ecf6e7\" data-image-description=\"\" data-image-caption=\"\" data-medium-file=\"https:\/\/i0.wp.com\/www.shqiperia.com\/blog\/wp-content\/uploads\/2026\/09\/jarr-autostrada-sd-6a9acf6ecf6e7.webp?fit=300%2C169&amp;ssl=1\" data-large-file=\"https:\/\/i0.wp.com\/www.shqiperia.com\/blog\/wp-content\/uploads\/2026\/09\/jarr-autostrada-sd-6a9acf6ecf6e7.webp?fit=1024%2C576&amp;ssl=1\" class=\"alignnone  wp-image-105966\" alt=\"\" src=\"https:\/\/i0.wp.com\/www.shqiperia.com\/blog\/wp-content\/uploads\/2026\/09\/jarr-autostrada-sd-6a9acf6ecf6e7.webp?resize=637%2C359&#038;ssl=1\" width=\"637\" height=\"359\" srcset=\"https:\/\/i0.wp.com\/www.shqiperia.com\/blog\/wp-content\/uploads\/2026\/09\/jarr-autostrada-sd-6a9acf6ecf6e7.webp?resize=300%2C169&amp;ssl=1 300w, https:\/\/i0.wp.com\/www.shqiperia.com\/blog\/wp-content\/uploads\/2026\/09\/jarr-autostrada-sd-6a9acf6ecf6e7.webp?resize=1024%2C576&amp;ssl=1 1024w, https:\/\/i0.wp.com\/www.shqiperia.com\/blog\/wp-content\/uploads\/2026\/09\/jarr-autostrada-sd-6a9acf6ecf6e7.webp?resize=768%2C432&amp;ssl=1 768w, https:\/\/i0.wp.com\/www.shqiperia.com\/blog\/wp-content\/uploads\/2026\/09\/jarr-autostrada-sd-6a9acf6ecf6e7.webp?resize=450%2C253&amp;ssl=1 450w, https:\/\/i0.wp.com\/www.shqiperia.com\/blog\/wp-content\/uploads\/2026\/09\/jarr-autostrada-sd-6a9acf6ecf6e7.webp?resize=600%2C338&amp;ssl=1 600w, https:\/\/i0.wp.com\/www.shqiperia.com\/blog\/wp-content\/uploads\/2026\/09\/jarr-autostrada-sd-6a9acf6ecf6e7.webp?resize=400%2C225&amp;ssl=1 400w, https:\/\/i0.wp.com\/www.shqiperia.com\/blog\/wp-content\/uploads\/2026\/09\/jarr-autostrada-sd-6a9acf6ecf6e7.webp?w=1280&amp;ssl=1 1280w\" sizes=\"auto, (max-width: 637px) 100vw, 637px\" \/><\/p>\n<p>4 Shtator 2026<\/p>\n<p>Situata nga zjarri n\u00eb zon\u00ebn e Qaf\u00ebs s\u00eb Koshovic\u00ebs n\u00eb Fier paraqitet alarmante, nd\u00ebrsa flak\u00ebt kan\u00eb dal\u00eb jasht\u00eb kontrollit dhe kan\u00eb p\u00ebrfshir\u00eb edhe pyllin me pisha pran\u00eb liqenit.<\/p>\n<p>P\u00ebr pasoj\u00eb \u00ebsht\u00eb bllokuar qarkullimi n\u00eb aksin Fier-Levan.<\/p>\n<p>Sakaq nj\u00eb \u00e7ift ka rrezikuar seriozisht jet\u00ebn teksa \u00ebsht\u00eb p\u00ebrpjekur t\u00eb shuaj\u00eb vet\u00eb nj\u00eb zjarr q\u00eb kishte p\u00ebrfshir\u00eb pron\u00ebn e tyre.<\/p>\n<p>Mes flak\u00ebve dhe tymit, ata jan\u00eb p\u00ebrballur me situat\u00ebn e rrezikshme pa pritur nd\u00ebrhyrjen e forcave zjarrfik\u00ebse.<\/p>\n<p>Pamjet tregojn\u00eb momentet e tensionuara, nd\u00ebrsa \u00e7ifti lufton me flak\u00ebt p\u00ebr t\u00eb parandaluar p\u00ebrhapjen e zjarrit. Nj\u00eb situat\u00eb alarmante, ku \u00e7do sekond\u00eb mund t\u00eb kishte sjell\u00eb pasoja t\u00eb r\u00ebnda.<\/p>\n","protected":false},"excerpt":{"rendered":"<p>4 Shtator 2026 Situata nga zjarri n\u00eb zon\u00ebn e Qaf\u00ebs s\u00eb Koshovic\u00ebs n\u00eb Fier paraqitet alarmante, nd\u00ebrsa flak\u00ebt kan\u00eb dal\u00eb jasht\u00eb kontrollit dhe kan\u00eb p\u00ebrfshir\u00eb edhe pyllin me pisha pran\u00eb liqenit. P\u00ebr pasoj\u00eb \u00ebsht\u00eb bllokuar qarkullimi n\u00eb aksin Fier-Levan. Sakaq nj\u00eb \u00e7ift ka rrezikuar seriozisht jet\u00ebn teksa \u00ebsht\u00eb p\u00ebrpjekur t\u00eb shuaj\u00eb vet\u00eb nj\u00eb zjarr q\u00eb [&hellip;]<\/p>\n","protected":false},"author":9,"featured_media":105966,"comment_status":"open","ping_status":"open","sticky":false,"template":"","format":"standard","meta":{"jetpack_post_was_ever_published":false,"_jetpack_newsletter_access":"","_jetpack_dont_email_post_to_subs":false,"_jetpack_newsletter_tier_id":0,"_jetpack_memberships_contains_paywalled_content":false,"_jetpack_memberships_contains_paid_content":false,"footnotes":"","jetpack_publicize_message":"","jetpack_publicize_feature_enabled":true,"jetpack_social_post_already_shared":true,"jetpack_social_options":{"image_generator_settings":{"template":"highway","default_image_id":0,"font":"","enabled":false},"version":2}},"categories":[27,1,35],"tags":[],"class_list":["post-105965","post","type-post","status-publish","format-standard","has-post-thumbnail","hentry","category-blogu-i-udhetarit","category-njoftime-shtypi","category-shoqerore"],"jetpack_publicize_connections":[],"jetpack_featured_media_url":"https:\/\/i0.wp.com\/www.shqiperia.com\/blog\/wp-content\/uploads\/2026\/09\/jarr-autostrada-sd-6a9acf6ecf6e7.webp?fit=1280%2C720&ssl=1","jetpack_sharing_enabled":true,"jetpack_shortlink":"https:\/\/wp.me\/p5Z6wp-rz7","jetpack-related-posts":[{"id":106006,"url":"https:\/\/www.shqiperia.com\/blog\/ne-qafen-e-koshovices-ne-fier-flaket-perfshijne-nje-lokal-dhe-nje-shtepi-te-pabanuar-nis-nderhyrja-nga-ajri\/","url_meta":{"origin":105965,"position":0},"title":"N\u00eb Qaf\u00ebn e Koshovic\u00ebs n\u00eb Fier\/ Flak\u00ebt p\u00ebrfshijn\u00eb nj\u00eb lokal dhe nj\u00eb sht\u00ebpi t\u00eb pabanuar, nis nd\u00ebrhyrja nga ajri","author":"Kurt Farka","date":"September 4, 2026","format":false,"excerpt":"4 Shtator 2026 Situata nga zjarri n\u00eb zon\u00ebn e Qaf\u00ebs s\u00eb Koshovic\u00ebs n\u00eb Fier paraqitet ende alarmante, nd\u00ebrsa flak\u00ebt q\u00eb p\u00ebrfshin\u00eb zon\u00ebn q\u00eb n\u00eb mesdit\u00eb kan\u00eb dal\u00eb jasht\u00eb kontrollit. Nga pamjet e siguruara nga korrespondenti i Top Channel Neritan Trifoni, flak\u00ebt kan\u00eb p\u00ebrfshir\u00eb nj\u00eb lokal dhe nj\u00eb sht\u00ebpi t\u00eb pabanuar.\u2026","rel":"","context":"In &quot;Blogu i Udh\u00ebtarit&quot;","block_context":{"text":"Blogu i Udh\u00ebtarit","link":"https:\/\/www.shqiperia.com\/blog\/category\/blogu-i-udhetarit\/"},"img":{"alt_text":"","src":"https:\/\/i0.wp.com\/www.shqiperia.com\/blog\/wp-content\/uploads\/2026\/09\/fier_sd-1.webp?fit=1200%2C675&ssl=1&resize=350%2C200","width":350,"height":200,"srcset":"https:\/\/i0.wp.com\/www.shqiperia.com\/blog\/wp-content\/uploads\/2026\/09\/fier_sd-1.webp?fit=1200%2C675&ssl=1&resize=350%2C200 1x, https:\/\/i0.wp.com\/www.shqiperia.com\/blog\/wp-content\/uploads\/2026\/09\/fier_sd-1.webp?fit=1200%2C675&ssl=1&resize=525%2C300 1.5x, https:\/\/i0.wp.com\/www.shqiperia.com\/blog\/wp-content\/uploads\/2026\/09\/fier_sd-1.webp?fit=1200%2C675&ssl=1&resize=700%2C400 2x, https:\/\/i0.wp.com\/www.shqiperia.com\/blog\/wp-content\/uploads\/2026\/09\/fier_sd-1.webp?fit=1200%2C675&ssl=1&resize=1050%2C600 3x"},"classes":[]},{"id":106003,"url":"https:\/\/www.shqiperia.com\/blog\/situate-kritike-ne-disa-fshatra-te-fierit-zjarri-avancon-drejt-levanit-digjen-tre-shtepi-dhe-nje-magazine-rrezikohet-edhe-nje-biznes\/","url_meta":{"origin":105965,"position":1},"title":"Situat\u00eb kritike n\u00eb disa fshatra t\u00eb Fierit, zjarri avancon drejt Levanit. Digjen tre sht\u00ebpi dhe nj\u00eb magazin\u00eb, rrezikohet edhe nj\u00eb biznes","author":"Kurt Farka","date":"September 4, 2026","format":false,"excerpt":"4 Shtator 2026 Zjarri i nisur mesdit\u00ebn e sotme n\u00eb fshatin Vadhiz\u00eb t\u00eb Fierit ka marr\u00eb p\u00ebrmasa t\u00eb m\u00ebdha vet\u00ebm pak or\u00eb pas shp\u00ebrthimit t\u00eb vatr\u00ebs s\u00eb par\u00eb. Si\u00e7 raporton korrespondenti i Top Channel Neritan Trifoni, flak\u00ebt q\u00eb nis\u00ebn n\u00eb fshatin Vadhiz\u00eb, ka avancuar drejt Levanit, dhe sipas banor\u00ebve jan\u00eb\u2026","rel":"","context":"In &quot;Blogu i Udh\u00ebtarit&quot;","block_context":{"text":"Blogu i Udh\u00ebtarit","link":"https:\/\/www.shqiperia.com\/blog\/category\/blogu-i-udhetarit\/"},"img":{"alt_text":"","src":"https:\/\/i0.wp.com\/www.shqiperia.com\/blog\/wp-content\/uploads\/2026\/09\/FIERII_sd-800x450-2.webp?fit=800%2C450&ssl=1&resize=350%2C200","width":350,"height":200,"srcset":"https:\/\/i0.wp.com\/www.shqiperia.com\/blog\/wp-content\/uploads\/2026\/09\/FIERII_sd-800x450-2.webp?fit=800%2C450&ssl=1&resize=350%2C200 1x, https:\/\/i0.wp.com\/www.shqiperia.com\/blog\/wp-content\/uploads\/2026\/09\/FIERII_sd-800x450-2.webp?fit=800%2C450&ssl=1&resize=525%2C300 1.5x, https:\/\/i0.wp.com\/www.shqiperia.com\/blog\/wp-content\/uploads\/2026\/09\/FIERII_sd-800x450-2.webp?fit=800%2C450&ssl=1&resize=700%2C400 2x"},"classes":[]},{"id":103247,"url":"https:\/\/www.shqiperia.com\/blog\/zjarri-ne-zvernec-perfshin-pyllin-me-pisha-shumevjecare\/","url_meta":{"origin":105965,"position":2},"title":"Zjarri n\u00eb Zv\u00ebrnec p\u00ebrfshin pyllin me pisha shum\u00ebvje\u00e7are","author":"Kurt Farka","date":"July 26, 2026","format":false,"excerpt":"26 Korrik 2026 Nj\u00eb zjarr i p\u00ebrmasave t\u00eb m\u00ebdha ka p\u00ebrfshir\u00eb pasditen e s\u00eb diel\u00ebs Pyllin e Sod\u00ebs, pran\u00eb zon\u00ebs s\u00eb Petrolifer\u00ebs n\u00eb Vlor\u00eb, duke djegur nj\u00eb sip\u00ebrfaqe t\u00eb konsiderueshme me pisha shum\u00ebvje\u00e7are dhe fidan\u00eb t\u00eb rinj t\u00eb mbjell\u00eb gjat\u00eb viteve t\u00eb fundit. Sipas informacioneve nga vendngjarja, zjarri u raportua\u2026","rel":"","context":"In &quot;Blogu i Udh\u00ebtarit&quot;","block_context":{"text":"Blogu i Udh\u00ebtarit","link":"https:\/\/www.shqiperia.com\/blog\/category\/blogu-i-udhetarit\/"},"img":{"alt_text":"","src":"https:\/\/i0.wp.com\/www.shqiperia.com\/blog\/wp-content\/uploads\/2026\/07\/zvernec.jpg?fit=1024%2C576&ssl=1&resize=350%2C200","width":350,"height":200,"srcset":"https:\/\/i0.wp.com\/www.shqiperia.com\/blog\/wp-content\/uploads\/2026\/07\/zvernec.jpg?fit=1024%2C576&ssl=1&resize=350%2C200 1x, https:\/\/i0.wp.com\/www.shqiperia.com\/blog\/wp-content\/uploads\/2026\/07\/zvernec.jpg?fit=1024%2C576&ssl=1&resize=525%2C300 1.5x, https:\/\/i0.wp.com\/www.shqiperia.com\/blog\/wp-content\/uploads\/2026\/07\/zvernec.jpg?fit=1024%2C576&ssl=1&resize=700%2C400 2x"},"classes":[]},{"id":104961,"url":"https:\/\/www.shqiperia.com\/blog\/zjarr-i-madh-ne-pyllin-me-pisha-ne-zonen-e-pishporos-flaket-perhapen-ne-siperfaqen-e-pyllezuar\/","url_meta":{"origin":105965,"position":3},"title":"Zjarr i madh n\u00eb pyllin me pisha n\u00eb zon\u00ebn e Pishporos, flak\u00ebt p\u00ebrhapen n\u00eb sip\u00ebrfaqen e pyll\u00ebzuar","author":"Kurt Farka","date":"August 22, 2026","format":false,"excerpt":"22 Gusht 2026 Nj\u00eb zjarr i madh ka p\u00ebrfshir\u00eb pyllin me pisha n\u00eb zon\u00ebn e Pishporos, n\u00eb territorin e Nj\u00ebsis\u00eb Administrative Novosel\u00eb, n\u00eb Vlor\u00eb. Flak\u00ebt jan\u00eb p\u00ebrhapur n\u00eb sip\u00ebrfaqen e pyll\u00ebzuar, duke rrezikuar masivin me pisha. Ende nuk dihen p\u00ebrmasat e sakta t\u00eb zon\u00ebs s\u00eb p\u00ebrfshir\u00eb nga zjarri dhe n\u00ebse\u2026","rel":"","context":"In &quot;Blogu i Udh\u00ebtarit&quot;","block_context":{"text":"Blogu i Udh\u00ebtarit","link":"https:\/\/www.shqiperia.com\/blog\/category\/blogu-i-udhetarit\/"},"img":{"alt_text":"","src":"https:\/\/i0.wp.com\/www.shqiperia.com\/blog\/wp-content\/uploads\/2026\/08\/4578784578754-1.jpg?fit=849%2C490&ssl=1&resize=350%2C200","width":350,"height":200,"srcset":"https:\/\/i0.wp.com\/www.shqiperia.com\/blog\/wp-content\/uploads\/2026\/08\/4578784578754-1.jpg?fit=849%2C490&ssl=1&resize=350%2C200 1x, https:\/\/i0.wp.com\/www.shqiperia.com\/blog\/wp-content\/uploads\/2026\/08\/4578784578754-1.jpg?fit=849%2C490&ssl=1&resize=525%2C300 1.5x, https:\/\/i0.wp.com\/www.shqiperia.com\/blog\/wp-content\/uploads\/2026\/08\/4578784578754-1.jpg?fit=849%2C490&ssl=1&resize=700%2C400 2x"},"classes":[]},{"id":104023,"url":"https:\/\/www.shqiperia.com\/blog\/po-digjet-qyteti-situate-dramatike-ne-kruje-flaket-gjigante-perparojne-drejt-banesave-digjen-disa-prej-tyre\/","url_meta":{"origin":105965,"position":4},"title":"\u201cPo digjet qyteti!\u201d\/ Situat\u00eb dramatike n\u00eb Kruj\u00eb, flak\u00ebt gjigante p\u00ebrparojn\u00eb drejt banesave, digjen disa prej tyre","author":"Kurt Farka","date":"August 9, 2026","format":false,"excerpt":"9 Korrik 2025 Nga Ballkanweb Sipas lajmit t\u00eb mbrmshem\u00a0 08 Gusht, 2026 22:20. Situata paraqitet tejet dramatike n\u00eb Kruj\u00eb, ku flak\u00ebt e zjarrit po p\u00ebrhapen me shpejt\u00ebsi n\u00eb drejtim t\u00eb zonave t\u00eb banuara, duke rrezikuar seriozisht banesat dhe qytetar\u00ebt. Sipas raportimeve t\u00eb qytetar\u00ebve pran\u00eb\u00a0BalkanWeb, zjarri ka dal\u00eb jasht\u00eb kontrollit n\u00eb\u2026","rel":"","context":"In &quot;Blogu i Udh\u00ebtarit&quot;","block_context":{"text":"Blogu i Udh\u00ebtarit","link":"https:\/\/www.shqiperia.com\/blog\/category\/blogu-i-udhetarit\/"},"img":{"alt_text":"","src":"https:\/\/i0.wp.com\/www.shqiperia.com\/blog\/wp-content\/uploads\/2026\/08\/Krujaa.jpg?fit=596%2C524&ssl=1&resize=350%2C200","width":350,"height":200,"srcset":"https:\/\/i0.wp.com\/www.shqiperia.com\/blog\/wp-content\/uploads\/2026\/08\/Krujaa.jpg?fit=596%2C524&ssl=1&resize=350%2C200 1x, https:\/\/i0.wp.com\/www.shqiperia.com\/blog\/wp-content\/uploads\/2026\/08\/Krujaa.jpg?fit=596%2C524&ssl=1&resize=525%2C300 1.5x"},"classes":[]},{"id":103303,"url":"https:\/\/www.shqiperia.com\/blog\/zjarri-ne-pyllin-e-sodes-5-hektare-me-pisha-te-djegura-rama-jemi-gati-tu-shkojme-ne-ndihme-frances-dhe-spanjes-nese\/","url_meta":{"origin":105965,"position":5},"title":"Zjarri n\u00eb pyllin e Sod\u00ebs, 5 hektar\u00eb me pisha t\u00eb djegura!  &#8211; Rama Jemi gati t\u2019u shkojm\u00eb n\u00eb ndihm\u00eb Frances dhe Spanjes  n\u00ebse\u2026","author":"Kurt Farka","date":"July 27, 2026","format":false,"excerpt":"27 Korrik 2026 Rreth 5 hektar\u00eb pyll me pisha n\u00eb zon\u00ebn e Pyllit t\u00eb Sod\u00ebs u dogj\u00ebn nga zjarri q\u00eb shp\u00ebrtheu mesdit\u00ebn e s\u00eb diel\u00ebs dhe u vu n\u00ebn kontroll vet\u00ebm n\u00eb or\u00ebt e vona t\u00eb mbr\u00ebmjes, pas nj\u00eb operacioni t\u00eb gjat\u00eb dhe t\u00eb v\u00ebshtir\u00eb. N\u00eb terren u angazhuan forcat\u2026","rel":"","context":"In &quot;Blogu i Udh\u00ebtarit&quot;","block_context":{"text":"Blogu i Udh\u00ebtarit","link":"https:\/\/www.shqiperia.com\/blog\/category\/blogu-i-udhetarit\/"},"img":{"alt_text":"","src":"https:\/\/i0.wp.com\/www.shqiperia.com\/blog\/wp-content\/uploads\/2026\/07\/Shutterstock_13001250f.jpg?fit=440%2C293&ssl=1&resize=350%2C200","width":350,"height":200},"classes":[]}],"_links":{"self":[{"href":"https:\/\/www.shqiperia.com\/blog\/wp-json\/wp\/v2\/posts\/105965","targetHints":{"allow":["GET"]}}],"collection":[{"href":"https:\/\/www.shqiperia.com\/blog\/wp-json\/wp\/v2\/posts"}],"about":[{"href":"https:\/\/www.shqiperia.com\/blog\/wp-json\/wp\/v2\/types\/post"}],"author":[{"embeddable":true,"href":"https:\/\/www.shqiperia.com\/blog\/wp-json\/wp\/v2\/users\/9"}],"replies":[{"embeddable":true,"href":"https:\/\/www.shqiperia.com\/blog\/wp-json\/wp\/v2\/comments?post=105965"}],"version-history":[{"count":1,"href":"https:\/\/www.shqiperia.com\/blog\/wp-json\/wp\/v2\/posts\/105965\/revisions"}],"predecessor-version":[{"id":105967,"href":"https:\/\/www.shqiperia.com\/blog\/wp-json\/wp\/v2\/posts\/105965\/revisions\/105967"}],"wp:featuredmedia":[{"embeddable":true,"href":"https:\/\/www.shqiperia.com\/blog\/wp-json\/wp\/v2\/media\/105966"}],"wp:attachment":[{"href":"https:\/\/www.shqiperia.com\/blog\/wp-json\/wp\/v2\/media?parent=105965"}],"wp:term":[{"taxonomy":"category","embeddable":true,"href":"https:\/\/www.shqiperia.com\/blog\/wp-json\/wp\/v2\/categories?post=105965"},{"taxonomy":"post_tag","embeddable":true,"href":"https:\/\/www.shqiperia.com\/blog\/wp-json\/wp\/v2\/tags?post=105965"}],"curies":[{"name":"wp","href":"https:\/\/api.w.org\/{rel}","templated":true}]}}