{"id":105962,"date":"2026-09-04T16:03:28","date_gmt":"2026-09-04T16:03:28","guid":{"rendered":"https:\/\/www.shqiperia.com\/blog\/?p=105962"},"modified":"2026-09-04T16:03:28","modified_gmt":"2026-09-04T16:03:28","slug":"zjarr-i-permasave-te-medha-ne-fshatin-qinam-te-tiranes-flaket-prane-nje-depoje-lendesh-plasese-forcat-e-emergjences-ne-vendngjarje","status":"publish","type":"post","link":"https:\/\/www.shqiperia.com\/blog\/zjarr-i-permasave-te-medha-ne-fshatin-qinam-te-tiranes-flaket-prane-nje-depoje-lendesh-plasese-forcat-e-emergjences-ne-vendngjarje\/","title":{"rendered":"Zjarr i p\u00ebrmasave t\u00eb m\u00ebdha n\u00eb fshatin Qinam t\u00eb Tiran\u00ebs, flak\u00ebt pran\u00eb nj\u00eb depoje l\u00ebnd\u00ebsh plas\u00ebse! Forcat e emergjenc\u00ebs n\u00eb vendngjarje"},"content":{"rendered":"<div id=\"attachment_105963\" style=\"width: 605px\" class=\"wp-caption alignnone\"><img data-recalc-dims=\"1\" loading=\"lazy\" decoding=\"async\" aria-describedby=\"caption-attachment-105963\" data-attachment-id=\"105963\" data-permalink=\"https:\/\/www.shqiperia.com\/blog\/zjarr-i-permasave-te-medha-ne-fshatin-qinam-te-tiranes-flaket-prane-nje-depoje-lendesh-plasese-forcat-e-emergjences-ne-vendngjarje\/zjarrri-ne-qinam\/\" data-orig-file=\"https:\/\/i0.wp.com\/www.shqiperia.com\/blog\/wp-content\/uploads\/2026\/09\/Zjarrri-ne-Qinam.jpg?fit=1361%2C759&amp;ssl=1\" data-orig-size=\"1361,759\" data-comments-opened=\"1\" data-image-meta=\"{&quot;aperture&quot;:&quot;0&quot;,&quot;credit&quot;:&quot;&quot;,&quot;camera&quot;:&quot;&quot;,&quot;caption&quot;:&quot;&quot;,&quot;created_timestamp&quot;:&quot;0&quot;,&quot;copyright&quot;:&quot;&quot;,&quot;focal_length&quot;:&quot;0&quot;,&quot;iso&quot;:&quot;0&quot;,&quot;shutter_speed&quot;:&quot;0&quot;,&quot;title&quot;:&quot;&quot;,&quot;orientation&quot;:&quot;0&quot;}\" data-image-title=\"Zjarrri ne Qinam\" data-image-description=\"\" data-image-caption=\"&lt;p&gt;Zjarrri ne Qinam, 4 Shtator&lt;\/p&gt;\n\" data-medium-file=\"https:\/\/i0.wp.com\/www.shqiperia.com\/blog\/wp-content\/uploads\/2026\/09\/Zjarrri-ne-Qinam.jpg?fit=300%2C167&amp;ssl=1\" data-large-file=\"https:\/\/i0.wp.com\/www.shqiperia.com\/blog\/wp-content\/uploads\/2026\/09\/Zjarrri-ne-Qinam.jpg?fit=1024%2C571&amp;ssl=1\" class=\" wp-image-105963\" alt=\"\" src=\"https:\/\/i0.wp.com\/www.shqiperia.com\/blog\/wp-content\/uploads\/2026\/09\/Zjarrri-ne-Qinam.jpg?resize=595%2C331&#038;ssl=1\" width=\"595\" height=\"331\" srcset=\"https:\/\/i0.wp.com\/www.shqiperia.com\/blog\/wp-content\/uploads\/2026\/09\/Zjarrri-ne-Qinam.jpg?resize=300%2C167&amp;ssl=1 300w, https:\/\/i0.wp.com\/www.shqiperia.com\/blog\/wp-content\/uploads\/2026\/09\/Zjarrri-ne-Qinam.jpg?resize=1024%2C571&amp;ssl=1 1024w, https:\/\/i0.wp.com\/www.shqiperia.com\/blog\/wp-content\/uploads\/2026\/09\/Zjarrri-ne-Qinam.jpg?resize=768%2C428&amp;ssl=1 768w, https:\/\/i0.wp.com\/www.shqiperia.com\/blog\/wp-content\/uploads\/2026\/09\/Zjarrri-ne-Qinam.jpg?resize=450%2C251&amp;ssl=1 450w, https:\/\/i0.wp.com\/www.shqiperia.com\/blog\/wp-content\/uploads\/2026\/09\/Zjarrri-ne-Qinam.jpg?resize=600%2C335&amp;ssl=1 600w, https:\/\/i0.wp.com\/www.shqiperia.com\/blog\/wp-content\/uploads\/2026\/09\/Zjarrri-ne-Qinam.jpg?resize=1300%2C725&amp;ssl=1 1300w, https:\/\/i0.wp.com\/www.shqiperia.com\/blog\/wp-content\/uploads\/2026\/09\/Zjarrri-ne-Qinam.jpg?resize=400%2C223&amp;ssl=1 400w, https:\/\/i0.wp.com\/www.shqiperia.com\/blog\/wp-content\/uploads\/2026\/09\/Zjarrri-ne-Qinam.jpg?w=1361&amp;ssl=1 1361w\" sizes=\"auto, (max-width: 595px) 100vw, 595px\" \/><p id=\"caption-attachment-105963\" class=\"wp-caption-text\">Zjarrri ne Qinam, 4 Shtator<\/p><\/div>\n<p>4 Shtator 2026<\/p>\n<p>Nj\u00eb vat\u00ebr zjarri me rrezikshm\u00ebri t\u00eb lart\u00eb \u00ebsht\u00eb aktivizuar n\u00eb fshatin Qinam t\u00eb Tiran\u00ebs, pik\u00ebrisht pran\u00eb nj\u00eb depoje ku ruhen l\u00ebnd\u00eb plas\u00ebse, duke ngritur n\u00eb alarm t\u00eb menj\u00ebhersh\u00ebm autoritetet dhe sh\u00ebrbimet e emergjenc\u00ebs.<\/p>\n<p>Sapo \u00ebsht\u00eb dh\u00ebn\u00eb alarmi p\u00ebr af\u00ebrsin\u00eb e flak\u00ebve n\u00eb vendngjarje kan\u00eb mb\u00ebrritur forca t\u00eb Policis\u00eb s\u00eb Shtetit, mjete t\u00eb sh\u00ebrbimit zjarrfik\u00ebs si dhe autoambulanca.<\/p>\n<p>Efektiv\u00ebt po punojn\u00eb me intensitet n\u00eb terren p\u00ebr v\u00ebnien n\u00ebn kontroll dhe izolimin e shpejt\u00eb t\u00eb vatr\u00ebs s\u00eb zjarrit, me q\u00ebllim shmangien e \u00e7do rreziku p\u00ebr shp\u00ebrthim apo pasoja t\u00eb r\u00ebnda p\u00ebr zon\u00ebn rrethuese.<\/p>\n<p>Mediat\u00a0 raportojn\u00eb\u00a0 se si pasoj\u00eb e zjarrit \u00ebsht\u00eb djegur nj\u00eb automjet.<\/p>\n<p>Fatmir\u00ebsisht, nuk raportohet p\u00ebr persona t\u00eb l\u00ebnduar.<\/p>\n","protected":false},"excerpt":{"rendered":"<p>4 Shtator 2026 Nj\u00eb vat\u00ebr zjarri me rrezikshm\u00ebri t\u00eb lart\u00eb \u00ebsht\u00eb aktivizuar n\u00eb fshatin Qinam t\u00eb Tiran\u00ebs, pik\u00ebrisht pran\u00eb nj\u00eb depoje ku ruhen l\u00ebnd\u00eb plas\u00ebse, duke ngritur n\u00eb alarm t\u00eb menj\u00ebhersh\u00ebm autoritetet dhe sh\u00ebrbimet e emergjenc\u00ebs. Sapo \u00ebsht\u00eb dh\u00ebn\u00eb alarmi p\u00ebr af\u00ebrsin\u00eb e flak\u00ebve n\u00eb vendngjarje kan\u00eb mb\u00ebrritur forca t\u00eb Policis\u00eb s\u00eb Shtetit, mjete t\u00eb [&hellip;]<\/p>\n","protected":false},"author":9,"featured_media":105963,"comment_status":"open","ping_status":"open","sticky":false,"template":"","format":"standard","meta":{"jetpack_post_was_ever_published":false,"_jetpack_newsletter_access":"","_jetpack_dont_email_post_to_subs":false,"_jetpack_newsletter_tier_id":0,"_jetpack_memberships_contains_paywalled_content":false,"_jetpack_memberships_contains_paid_content":false,"footnotes":"","jetpack_publicize_message":"","jetpack_publicize_feature_enabled":true,"jetpack_social_post_already_shared":true,"jetpack_social_options":{"image_generator_settings":{"template":"highway","default_image_id":0,"font":"","enabled":false},"version":2}},"categories":[27,1,35],"tags":[],"class_list":["post-105962","post","type-post","status-publish","format-standard","has-post-thumbnail","hentry","category-blogu-i-udhetarit","category-njoftime-shtypi","category-shoqerore"],"jetpack_publicize_connections":[],"jetpack_featured_media_url":"https:\/\/i0.wp.com\/www.shqiperia.com\/blog\/wp-content\/uploads\/2026\/09\/Zjarrri-ne-Qinam.jpg?fit=1361%2C759&ssl=1","jetpack_sharing_enabled":true,"jetpack_shortlink":"https:\/\/wp.me\/p5Z6wp-rz4","jetpack-related-posts":[{"id":103535,"url":"https:\/\/www.shqiperia.com\/blog\/zjarr-prane-xhamise-se-namazgjase-xhamia-e-re-ne-tirane-flaket-perfshijne-parkimin-nentokesor\/","url_meta":{"origin":105962,"position":0},"title":"Zjarr pran\u00eb Xhamis\u00eb s\u00eb Namazgjas\u00eb (Xhamia e Re) n\u00eb Tiran\u00eb! Flak\u00ebt p\u00ebrfshijn\u00eb parkimin n\u00ebntok\u00ebsor","author":"Kurt Farka","date":"July 31, 2026","format":false,"excerpt":"31 Korrik 2026 Nj\u00eb zjarr ka shkaktuar alarm pasditen e sotme n\u00eb nj\u00eb nga zonat qendrore t\u00eb Tiran\u00ebs. Flak\u00ebt jan\u00eb shfaqur pran\u00eb Xhamis\u00eb s\u00eb Namazgjas\u00eb, ku dyshohet se \u00ebsht\u00eb p\u00ebrfshir\u00eb nj\u00eb pjes\u00eb e nj\u00eb parkimi n\u00ebntok\u00ebsor. Sipas t\u00eb dh\u00ebnave paraprake, zjarri ka r\u00ebn\u00eb n\u00eb ambientet e parkimit pran\u00eb zon\u00ebs, nd\u00ebrsa\u2026","rel":"","context":"In &quot;Blogu i Udh\u00ebtarit&quot;","block_context":{"text":"Blogu i Udh\u00ebtarit","link":"https:\/\/www.shqiperia.com\/blog\/category\/blogu-i-udhetarit\/"},"img":{"alt_text":"","src":"https:\/\/i0.wp.com\/www.shqiperia.com\/blog\/wp-content\/uploads\/2026\/07\/640-0-iujhytg5r432-ezremove-1785510036.png?fit=640%2C380&ssl=1&resize=350%2C200","width":350,"height":200,"srcset":"https:\/\/i0.wp.com\/www.shqiperia.com\/blog\/wp-content\/uploads\/2026\/07\/640-0-iujhytg5r432-ezremove-1785510036.png?fit=640%2C380&ssl=1&resize=350%2C200 1x, https:\/\/i0.wp.com\/www.shqiperia.com\/blog\/wp-content\/uploads\/2026\/07\/640-0-iujhytg5r432-ezremove-1785510036.png?fit=640%2C380&ssl=1&resize=525%2C300 1.5x"},"classes":[]},{"id":106012,"url":"https:\/\/www.shqiperia.com\/blog\/alarm-ne-picar-te-gjirokastres-zjarri-ne-zonen-pyjore-avancon-kercenueshem-drejt-fshatit\/","url_meta":{"origin":105962,"position":1},"title":"Alarm n\u00eb Picar t\u00eb Gjirokastr\u00ebs, zjarri n\u00eb zon\u00ebn pyjore avancon k\u00ebrc\u00ebnuesh\u00ebm drejt fshatit","author":"Kurt Farka","date":"September 4, 2026","format":false,"excerpt":"4 Shtator 2026 Zjarr n\u00eb fshatin Picar t\u00eb Gjirokastr\u00ebs. Menj\u00ebher\u00eb u nis\u00ebn drejt vendngjarjes dy grupe sh\u00ebrbimi zjarrfik\u00ebs. Me mb\u00ebrritjen n\u00eb vendngjarje, u konstatua se zjarri kishte r\u00ebn\u00eb n\u00eb zon\u00ebn pyjore n\u00eb hyrje t\u00eb fshatit, n\u00eb nj\u00eb terren t\u00eb v\u00ebshtir\u00eb p\u00ebr nd\u00ebrhyrje, p\u00ebr shkak t\u00eb dend\u00ebsis\u00eb s\u00eb shkurreve dhe pyllit.\u2026","rel":"","context":"In &quot;Blogu i Udh\u00ebtarit&quot;","block_context":{"text":"Blogu i Udh\u00ebtarit","link":"https:\/\/www.shqiperia.com\/blog\/category\/blogu-i-udhetarit\/"},"img":{"alt_text":"","src":"https:\/\/i0.wp.com\/www.shqiperia.com\/blog\/wp-content\/uploads\/2026\/09\/Zarri-ne-Picar-Gjirokaster.jpg?fit=1200%2C675&ssl=1&resize=350%2C200","width":350,"height":200,"srcset":"https:\/\/i0.wp.com\/www.shqiperia.com\/blog\/wp-content\/uploads\/2026\/09\/Zarri-ne-Picar-Gjirokaster.jpg?fit=1200%2C675&ssl=1&resize=350%2C200 1x, https:\/\/i0.wp.com\/www.shqiperia.com\/blog\/wp-content\/uploads\/2026\/09\/Zarri-ne-Picar-Gjirokaster.jpg?fit=1200%2C675&ssl=1&resize=525%2C300 1.5x, https:\/\/i0.wp.com\/www.shqiperia.com\/blog\/wp-content\/uploads\/2026\/09\/Zarri-ne-Picar-Gjirokaster.jpg?fit=1200%2C675&ssl=1&resize=700%2C400 2x, https:\/\/i0.wp.com\/www.shqiperia.com\/blog\/wp-content\/uploads\/2026\/09\/Zarri-ne-Picar-Gjirokaster.jpg?fit=1200%2C675&ssl=1&resize=1050%2C600 3x"},"classes":[]},{"id":104329,"url":"https:\/\/www.shqiperia.com\/blog\/kercenoi-me-jete-grupin-e-ora-news-sinan-hamdi-idrizi-kapet-ne-ferra-pas-ngjarjes-gjate-xhirimeve-ne-fshatin-zbarqe\/","url_meta":{"origin":105962,"position":2},"title":"K\u00cbRC\u00cbNOI ME JET\u00cb GRUPIN E \u201cORA NEWS\u201d\/ Sinan Hamdi Idrizi kapet n\u00eb ferra, pas ngjarjes gjat\u00eb xhirimeve n\u00eb fshatin Zbarqe","author":"Kurt Farka","date":"August 13, 2026","format":false,"excerpt":"13 Gusht 2026 Nga OraNews. Nj\u00eb grup xhirimi i Ora News u k\u00ebrc\u00ebnua me jet\u00eb gjat\u00eb realizimit t\u00eb nj\u00eb kronike n\u00eb fshatin Zbarqe t\u00eb Tiran\u00ebs. Gazetarja dhe operatori kishin shkuar n\u00eb zon\u00eb pas denoncimit t\u00eb banor\u00ebve p\u00ebr d\u00ebmtimin e nj\u00eb burimi historik t\u00eb ujit t\u00eb pijsh\u00ebm. Policia Tiran\u00ebs n\u00eb nj\u00eb\u2026","rel":"","context":"In &quot;Blogu i Udh\u00ebtarit&quot;","block_context":{"text":"Blogu i Udh\u00ebtarit","link":"https:\/\/www.shqiperia.com\/blog\/category\/blogu-i-udhetarit\/"},"img":{"alt_text":"","src":"https:\/\/i0.wp.com\/www.shqiperia.com\/blog\/wp-content\/uploads\/2026\/08\/Ky-eshte-Sinan-Hamdi-Idrizi-qe-guxoi-te-kercenonte-me-jete-grupin-e-xhirimit-te-Ora-News.jpeg?fit=640%2C455&ssl=1&resize=350%2C200","width":350,"height":200,"srcset":"https:\/\/i0.wp.com\/www.shqiperia.com\/blog\/wp-content\/uploads\/2026\/08\/Ky-eshte-Sinan-Hamdi-Idrizi-qe-guxoi-te-kercenonte-me-jete-grupin-e-xhirimit-te-Ora-News.jpeg?fit=640%2C455&ssl=1&resize=350%2C200 1x, https:\/\/i0.wp.com\/www.shqiperia.com\/blog\/wp-content\/uploads\/2026\/08\/Ky-eshte-Sinan-Hamdi-Idrizi-qe-guxoi-te-kercenonte-me-jete-grupin-e-xhirimit-te-Ora-News.jpeg?fit=640%2C455&ssl=1&resize=525%2C300 1.5x"},"classes":[]},{"id":104138,"url":"https:\/\/www.shqiperia.com\/blog\/shpethim-ne-bruksel-prane-selise-se-nato-s-deme-ne-nje-banese-nis-hetimi\/","url_meta":{"origin":105962,"position":3},"title":"Shp\u00ebrthim n\u00eb Bruksel pran\u00eb selis\u00eb s\u00eb NATO-s, d\u00ebme n\u00eb nj\u00eb banes\u00eb, nis hetimi","author":"Kurt Farka","date":"August 10, 2026","format":false,"excerpt":"10 Gusht 2026 Nj\u00eb shp\u00ebrthim ka ndodhur rreth or\u00ebs 03:45 t\u00eb m\u00ebngjesit n\u00eb Rue P\u00e8re Damien, n\u00eb zon\u00ebn Evere t\u00eb Brukselit. Lajmi \u00ebsht\u00eb konfirmuar nga nj\u00eb z\u00ebdh\u00ebn\u00ebs i sh\u00ebrbimit zjarrfik\u00ebs t\u00eb Brukselit p\u00ebr agjencin\u00eb Belga. Nga shp\u00ebrthimi nuk raportohet p\u00ebr persona t\u00eb l\u00ebnduar, nd\u00ebrsa nj\u00eb person q\u00eb ndodhej n\u00eb gjendje\u2026","rel":"","context":"In &quot;Blogu i Udh\u00ebtarit&quot;","block_context":{"text":"Blogu i Udh\u00ebtarit","link":"https:\/\/www.shqiperia.com\/blog\/category\/blogu-i-udhetarit\/"},"img":{"alt_text":"","src":"https:\/\/i0.wp.com\/www.shqiperia.com\/blog\/wp-content\/uploads\/2026\/08\/640-0-policfee-1786353459.png?fit=640%2C431&ssl=1&resize=350%2C200","width":350,"height":200,"srcset":"https:\/\/i0.wp.com\/www.shqiperia.com\/blog\/wp-content\/uploads\/2026\/08\/640-0-policfee-1786353459.png?fit=640%2C431&ssl=1&resize=350%2C200 1x, https:\/\/i0.wp.com\/www.shqiperia.com\/blog\/wp-content\/uploads\/2026\/08\/640-0-policfee-1786353459.png?fit=640%2C431&ssl=1&resize=525%2C300 1.5x"},"classes":[]},{"id":106003,"url":"https:\/\/www.shqiperia.com\/blog\/situate-kritike-ne-disa-fshatra-te-fierit-zjarri-avancon-drejt-levanit-digjen-tre-shtepi-dhe-nje-magazine-rrezikohet-edhe-nje-biznes\/","url_meta":{"origin":105962,"position":4},"title":"Situat\u00eb kritike n\u00eb disa fshatra t\u00eb Fierit, zjarri avancon drejt Levanit. Digjen tre sht\u00ebpi dhe nj\u00eb magazin\u00eb, rrezikohet edhe nj\u00eb biznes","author":"Kurt Farka","date":"September 4, 2026","format":false,"excerpt":"4 Shtator 2026 Zjarri i nisur mesdit\u00ebn e sotme n\u00eb fshatin Vadhiz\u00eb t\u00eb Fierit ka marr\u00eb p\u00ebrmasa t\u00eb m\u00ebdha vet\u00ebm pak or\u00eb pas shp\u00ebrthimit t\u00eb vatr\u00ebs s\u00eb par\u00eb. Si\u00e7 raporton korrespondenti i Top Channel Neritan Trifoni, flak\u00ebt q\u00eb nis\u00ebn n\u00eb fshatin Vadhiz\u00eb, ka avancuar drejt Levanit, dhe sipas banor\u00ebve jan\u00eb\u2026","rel":"","context":"In &quot;Blogu i Udh\u00ebtarit&quot;","block_context":{"text":"Blogu i Udh\u00ebtarit","link":"https:\/\/www.shqiperia.com\/blog\/category\/blogu-i-udhetarit\/"},"img":{"alt_text":"","src":"https:\/\/i0.wp.com\/www.shqiperia.com\/blog\/wp-content\/uploads\/2026\/09\/FIERII_sd-800x450-2.webp?fit=800%2C450&ssl=1&resize=350%2C200","width":350,"height":200,"srcset":"https:\/\/i0.wp.com\/www.shqiperia.com\/blog\/wp-content\/uploads\/2026\/09\/FIERII_sd-800x450-2.webp?fit=800%2C450&ssl=1&resize=350%2C200 1x, https:\/\/i0.wp.com\/www.shqiperia.com\/blog\/wp-content\/uploads\/2026\/09\/FIERII_sd-800x450-2.webp?fit=800%2C450&ssl=1&resize=525%2C300 1.5x, https:\/\/i0.wp.com\/www.shqiperia.com\/blog\/wp-content\/uploads\/2026\/09\/FIERII_sd-800x450-2.webp?fit=800%2C450&ssl=1&resize=700%2C400 2x"},"classes":[]},{"id":105189,"url":"https:\/\/www.shqiperia.com\/blog\/mallakaster-gjate-nderhyrjes-per-te-shuar-flaket-rrezohet-zjarrfikesi-ne-humnere-ja-gjendja-e-tij-shendetesore\/","url_meta":{"origin":105962,"position":5},"title":"Mallakaster &#8211; Gjat\u00eb nd\u00ebrhyrjes p\u00ebr t\u00eb shuar flak\u00ebt, rr\u00ebzohet zjarrfik\u00ebsi n\u00eb humner\u00eb. Ja gjendja e tij sh\u00ebndet\u00ebsore","author":"Kurt Farka","date":"August 25, 2026","format":false,"excerpt":"25 Gusht 2026 Nj\u00eb 50-vje\u00e7ar \u00ebsht\u00eb plagosur pas nj\u00eb r\u00ebnieje nga rreth 50 metra lart\u00ebsi n\u00eb fshatin Kapaj t\u00eb Fierit. I d\u00ebmtuari \u00ebsht\u00eb shtetasi Fluturim Salobehaj, banues n\u00eb k\u00ebt\u00eb fshat. Ngjarja ka ndodhur aksidentalisht, teksa 50-vje\u00e7ari ka r\u00ebn\u00eb n\u00eb nj\u00eb humner\u00eb n\u00eb territorin e fshatit. Si pasoj\u00eb e r\u00ebnies, ai\u2026","rel":"","context":"In &quot;Blogu i Udh\u00ebtarit&quot;","block_context":{"text":"Blogu i Udh\u00ebtarit","link":"https:\/\/www.shqiperia.com\/blog\/category\/blogu-i-udhetarit\/"},"img":{"alt_text":"","src":"https:\/\/i0.wp.com\/www.shqiperia.com\/blog\/wp-content\/uploads\/2026\/08\/Foto-ilustruese.jpg?fit=600%2C388&ssl=1&resize=350%2C200","width":350,"height":200,"srcset":"https:\/\/i0.wp.com\/www.shqiperia.com\/blog\/wp-content\/uploads\/2026\/08\/Foto-ilustruese.jpg?fit=600%2C388&ssl=1&resize=350%2C200 1x, https:\/\/i0.wp.com\/www.shqiperia.com\/blog\/wp-content\/uploads\/2026\/08\/Foto-ilustruese.jpg?fit=600%2C388&ssl=1&resize=525%2C300 1.5x"},"classes":[]}],"_links":{"self":[{"href":"https:\/\/www.shqiperia.com\/blog\/wp-json\/wp\/v2\/posts\/105962","targetHints":{"allow":["GET"]}}],"collection":[{"href":"https:\/\/www.shqiperia.com\/blog\/wp-json\/wp\/v2\/posts"}],"about":[{"href":"https:\/\/www.shqiperia.com\/blog\/wp-json\/wp\/v2\/types\/post"}],"author":[{"embeddable":true,"href":"https:\/\/www.shqiperia.com\/blog\/wp-json\/wp\/v2\/users\/9"}],"replies":[{"embeddable":true,"href":"https:\/\/www.shqiperia.com\/blog\/wp-json\/wp\/v2\/comments?post=105962"}],"version-history":[{"count":1,"href":"https:\/\/www.shqiperia.com\/blog\/wp-json\/wp\/v2\/posts\/105962\/revisions"}],"predecessor-version":[{"id":105964,"href":"https:\/\/www.shqiperia.com\/blog\/wp-json\/wp\/v2\/posts\/105962\/revisions\/105964"}],"wp:featuredmedia":[{"embeddable":true,"href":"https:\/\/www.shqiperia.com\/blog\/wp-json\/wp\/v2\/media\/105963"}],"wp:attachment":[{"href":"https:\/\/www.shqiperia.com\/blog\/wp-json\/wp\/v2\/media?parent=105962"}],"wp:term":[{"taxonomy":"category","embeddable":true,"href":"https:\/\/www.shqiperia.com\/blog\/wp-json\/wp\/v2\/categories?post=105962"},{"taxonomy":"post_tag","embeddable":true,"href":"https:\/\/www.shqiperia.com\/blog\/wp-json\/wp\/v2\/tags?post=105962"}],"curies":[{"name":"wp","href":"https:\/\/api.w.org\/{rel}","templated":true}]}}