{"id":105959,"date":"2026-09-04T09:31:32","date_gmt":"2026-09-04T09:31:32","guid":{"rendered":"https:\/\/www.shqiperia.com\/blog\/?p=105959"},"modified":"2026-09-04T09:31:32","modified_gmt":"2026-09-04T09:31:32","slug":"vetem-6-bashki-klasifikohen-si-qytet","status":"publish","type":"post","link":"https:\/\/www.shqiperia.com\/blog\/vetem-6-bashki-klasifikohen-si-qytet\/","title":{"rendered":"Vet\u00ebm 6 bashki klasifikohen si \u201cqytet\u201d"},"content":{"rendered":"<p><img data-recalc-dims=\"1\" loading=\"lazy\" decoding=\"async\" data-attachment-id=\"105960\" data-permalink=\"https:\/\/www.shqiperia.com\/blog\/vetem-6-bashki-klasifikohen-si-qytet\/ndertim-apartament-tirane-1245\/\" data-orig-file=\"https:\/\/i0.wp.com\/www.shqiperia.com\/blog\/wp-content\/uploads\/2026\/09\/Ndertim-apartament-Tirane-1245.jpg?fit=1181%2C885&amp;ssl=1\" data-orig-size=\"1181,885\" data-comments-opened=\"1\" data-image-meta=\"{&quot;aperture&quot;:&quot;0&quot;,&quot;credit&quot;:&quot;&quot;,&quot;camera&quot;:&quot;&quot;,&quot;caption&quot;:&quot;&quot;,&quot;created_timestamp&quot;:&quot;0&quot;,&quot;copyright&quot;:&quot;Copyright (c) 2023 Bardhok Ndoji\\\/Shutterstock.  No use without permission.&quot;,&quot;focal_length&quot;:&quot;0&quot;,&quot;iso&quot;:&quot;0&quot;,&quot;shutter_speed&quot;:&quot;0&quot;,&quot;title&quot;:&quot;&quot;,&quot;orientation&quot;:&quot;1&quot;}\" data-image-title=\"Ndertim-apartament-Tirane-1245\" data-image-description=\"\" data-image-caption=\"\" data-medium-file=\"https:\/\/i0.wp.com\/www.shqiperia.com\/blog\/wp-content\/uploads\/2026\/09\/Ndertim-apartament-Tirane-1245.jpg?fit=300%2C225&amp;ssl=1\" data-large-file=\"https:\/\/i0.wp.com\/www.shqiperia.com\/blog\/wp-content\/uploads\/2026\/09\/Ndertim-apartament-Tirane-1245.jpg?fit=1024%2C767&amp;ssl=1\" class=\"alignnone  wp-image-105960\" alt=\"\" src=\"https:\/\/i0.wp.com\/www.shqiperia.com\/blog\/wp-content\/uploads\/2026\/09\/Ndertim-apartament-Tirane-1245.jpg?resize=655%2C491&#038;ssl=1\" width=\"655\" height=\"491\" srcset=\"https:\/\/i0.wp.com\/www.shqiperia.com\/blog\/wp-content\/uploads\/2026\/09\/Ndertim-apartament-Tirane-1245.jpg?resize=300%2C225&amp;ssl=1 300w, https:\/\/i0.wp.com\/www.shqiperia.com\/blog\/wp-content\/uploads\/2026\/09\/Ndertim-apartament-Tirane-1245.jpg?resize=1024%2C767&amp;ssl=1 1024w, https:\/\/i0.wp.com\/www.shqiperia.com\/blog\/wp-content\/uploads\/2026\/09\/Ndertim-apartament-Tirane-1245.jpg?resize=768%2C576&amp;ssl=1 768w, https:\/\/i0.wp.com\/www.shqiperia.com\/blog\/wp-content\/uploads\/2026\/09\/Ndertim-apartament-Tirane-1245.jpg?resize=450%2C337&amp;ssl=1 450w, https:\/\/i0.wp.com\/www.shqiperia.com\/blog\/wp-content\/uploads\/2026\/09\/Ndertim-apartament-Tirane-1245.jpg?resize=600%2C450&amp;ssl=1 600w, https:\/\/i0.wp.com\/www.shqiperia.com\/blog\/wp-content\/uploads\/2026\/09\/Ndertim-apartament-Tirane-1245.jpg?resize=400%2C300&amp;ssl=1 400w, https:\/\/i0.wp.com\/www.shqiperia.com\/blog\/wp-content\/uploads\/2026\/09\/Ndertim-apartament-Tirane-1245.jpg?w=1181&amp;ssl=1 1181w\" sizes=\"auto, (max-width: 655px) 100vw, 655px\" \/><\/p>\n<p>4 Shtator 2026<\/p>\n<p>Kamza \u00ebsht\u00eb bashkia m\u00eb e urbanizuar n\u00eb Shqip\u00ebri, me 99% t\u00eb popullsis\u00eb q\u00eb jeton n\u00eb vendbanime t\u00eb klasifikuara si urbane, nd\u00ebrsa Tirana renditet e dyta me 93,2% dhe Durr\u00ebsi e treta me 84,5%.<\/p>\n<p>N\u00eb skajin tjet\u00ebr, nj\u00eb pjes\u00eb e madhe e bashkive rezultojn\u00eb pa nj\u00eb b\u00ebrtham\u00eb urbane q\u00eb plot\u00ebson kriteret nd\u00ebrkomb\u00ebtare t\u00eb klasifikimit me rreth 5 mij\u00eb banor\u00eb<\/p>\n<p>Renditja del nga Raporti P\u00ebrfundimtar p\u00ebr Reform\u00ebn Administrativo-Territoriale 2.0, i cili p\u00ebrdor metodologjin\u00eb DEGURBA dhe t\u00eb dh\u00ebnat e Censit 2023 p\u00ebr t\u00eb matur struktur\u00ebn reale t\u00eb vendbanimit n\u00eb secil\u00ebn bashki.<\/p>\n<p>Pas Kamz\u00ebs, Tiran\u00ebs dhe Durr\u00ebsit, normat m\u00eb t\u00eb larta t\u00eb urbanizimit regjistrohen n\u00eb Vlor\u00eb, me 81%, Sarand\u00eb, me 78,6%, Gjirokast\u00ebr, me 76,4%, Kor\u00e7\u00eb, me 76,1% dhe Shkod\u00ebr, me 74,2%.<\/p>\n<p>Edhe Berati, Ku\u00e7ova dhe Elbasani kan\u00eb mbi 70% t\u00eb popullsis\u00eb n\u00eb vendbanime urbane, nd\u00ebrsa Vora arrin 64%, Shijaku 62,6% dhe Pogradeci 59,1%.<\/p>\n<p>Tabloja ndryshon ndjesh\u00ebm n\u00eb pjes\u00ebn tjet\u00ebr t\u00eb territorit. Nj\u00eb grup i madh bashkish ka norma shum\u00eb t\u00eb ul\u00ebta ose zero urbanizimi.<\/p>\n<p>Mes tyre jan\u00eb Himara, P\u00ebrmeti, Tepelena, Delvina, Konispoli, Selenica, Divjaka, Mirdita, Puka, Fush\u00eb-Arr\u00ebza, Tropoja dhe Hasi, pasi qendrat administrative nuk e kan\u00eb nj\u00eb popullsi b\u00ebrtham\u00eb 5 mij\u00eb banor\u00eb. Raporti shpjegon se norma zero nuk do t\u00eb thot\u00eb se bashkia nuk ka nj\u00eb qend\u00ebr administrative apo vendbanime t\u00eb njohura si qytete n\u00eb kuptimin tradicional.<\/p>\n<p>Rasti m\u00eb ilustrues \u00ebsht\u00eb Himara. Pavar\u00ebsisht profilit t\u00eb saj t\u00eb fort\u00eb turistik dhe bregdetar, vendbanimet nuk formojn\u00eb nj\u00eb grupim t\u00eb lidhur me mbi 5 mij\u00eb banor\u00eb sipas pragut t\u00eb metodologjis\u00eb, ndaj norma e urbanizimit rezulton 0%.<\/p>\n<p>T\u00eb dh\u00ebnat nxjerrin n\u00eb pah polarizimin e fort\u00eb territorial t\u00eb Shqip\u00ebris\u00eb, ku nga nj\u00ebra an\u00eb q\u00ebndron kryeqyteti, korridori metropolitan dhe disa qendra rajonale t\u00eb konsoliduara, nga ana tjet\u00ebr, nj\u00eb pjes\u00eb e konsiderueshme e bashkive funksionojn\u00eb si territore me shum\u00eb vendbanime t\u00eb vogla e t\u00eb shp\u00ebrndara dhe pa nj\u00eb b\u00ebrtham\u00eb urbane dominuese.<\/p>\n<p>Raporti vler\u00ebson se vet\u00ebm 6 bashki klasifikohen kryesisht si \u201cqytet\u201d, 13 si \u201cqytez\u00eb dhe periferi\u201d, nd\u00ebrsa 42 bashki, rreth dy t\u00eb tretat e sistemit vendor, kan\u00eb karakter mbizot\u00ebrues rural.<\/p>\n<p>Kjo ndarje ka ndikim t\u00eb drejtp\u00ebrdrejt\u00eb edhe n\u00eb organizimin e sh\u00ebrbimeve publike. N\u00eb bashkit\u00eb me popullsi t\u00eb shp\u00ebrndar\u00eb, distancat, infrastruktura dhe kostot fikse e b\u00ebjn\u00eb m\u00eb t\u00eb kushtuesh\u00ebm ofrimin e sh\u00ebrbimeve p\u00ebr banor, nd\u00ebrsa qendrat m\u00eb t\u00eb urbanizuara p\u00ebrballen me presion m\u00eb t\u00eb madh mbi transportin, strehimin dhe infrastruktur\u00ebn.<\/p>\n<p><img data-recalc-dims=\"1\" loading=\"lazy\" decoding=\"async\" class=\"alignnone wp-image-319770 \" alt=\"\" src=\"https:\/\/i0.wp.com\/gazetadita.al\/wp-content\/uploads\/2026\/09\/urbanizimi-i-bashkive-1024x436.png?resize=796%2C339&#038;ssl=1\" width=\"796\" height=\"339\" \/><\/p>\n<p><strong>Monitor.al<\/strong><\/p>\n","protected":false},"excerpt":{"rendered":"<p>4 Shtator 2026 Kamza \u00ebsht\u00eb bashkia m\u00eb e urbanizuar n\u00eb Shqip\u00ebri, me 99% t\u00eb popullsis\u00eb q\u00eb jeton n\u00eb vendbanime t\u00eb klasifikuara si urbane, nd\u00ebrsa Tirana renditet e dyta me 93,2% dhe Durr\u00ebsi e treta me 84,5%. N\u00eb skajin tjet\u00ebr, nj\u00eb pjes\u00eb e madhe e bashkive rezultojn\u00eb pa nj\u00eb b\u00ebrtham\u00eb urbane q\u00eb plot\u00ebson kriteret nd\u00ebrkomb\u00ebtare t\u00eb [&hellip;]<\/p>\n","protected":false},"author":9,"featured_media":105960,"comment_status":"open","ping_status":"open","sticky":false,"template":"","format":"standard","meta":{"jetpack_post_was_ever_published":false,"_jetpack_newsletter_access":"","_jetpack_dont_email_post_to_subs":false,"_jetpack_newsletter_tier_id":0,"_jetpack_memberships_contains_paywalled_content":false,"_jetpack_memberships_contains_paid_content":false,"footnotes":"","jetpack_publicize_message":"","jetpack_publicize_feature_enabled":true,"jetpack_social_post_already_shared":true,"jetpack_social_options":{"image_generator_settings":{"template":"highway","default_image_id":0,"font":"","enabled":false},"version":2}},"categories":[27,1,35],"tags":[],"class_list":["post-105959","post","type-post","status-publish","format-standard","has-post-thumbnail","hentry","category-blogu-i-udhetarit","category-njoftime-shtypi","category-shoqerore"],"jetpack_publicize_connections":[],"jetpack_featured_media_url":"https:\/\/i0.wp.com\/www.shqiperia.com\/blog\/wp-content\/uploads\/2026\/09\/Ndertim-apartament-Tirane-1245.jpg?fit=1181%2C885&ssl=1","jetpack_sharing_enabled":true,"jetpack_shortlink":"https:\/\/wp.me\/p5Z6wp-rz1","jetpack-related-posts":[{"id":104414,"url":"https:\/\/www.shqiperia.com\/blog\/ne-51-bashki-te-vendit-numri-i-te-moshuarve-tashme-tejkalon-numrin-e-femijeve\/","url_meta":{"origin":105959,"position":0},"title":"N\u00eb 51 bashki t\u00eb vendit numri i t\u00eb moshuarve tashm\u00eb tejkalon numrin e f\u00ebmij\u00ebve","author":"Kurt Farka","date":"August 14, 2026","format":false,"excerpt":"14 Gusht 2026 Dokumentet mbi t\u00eb cilat mb\u00ebshtetet reforma e re territoriale e propozuar nga mazhoranca ofrojn\u00eb nj\u00eb fotografi t\u00eb polarizimit demografik t\u00eb Shqip\u00ebris\u00eb, se si emigracioni dhe l\u00ebvizjet e brendshme kan\u00eb zbrazur qytetet e vogla dhe zonat rurale dhe popullsia \u00ebsht\u00eb p\u00ebrqendruar n\u00eb pak qendra urbane. \u201cReforma Administrativo-Territoriale 2.0\u201d,\u2026","rel":"","context":"In &quot;Blogu i Udh\u00ebtarit&quot;","block_context":{"text":"Blogu i Udh\u00ebtarit","link":"https:\/\/www.shqiperia.com\/blog\/category\/blogu-i-udhetarit\/"},"img":{"alt_text":"","src":"https:\/\/i0.wp.com\/www.shqiperia.com\/blog\/wp-content\/uploads\/2026\/08\/pension-1.jpg?fit=1200%2C720&ssl=1&resize=350%2C200","width":350,"height":200,"srcset":"https:\/\/i0.wp.com\/www.shqiperia.com\/blog\/wp-content\/uploads\/2026\/08\/pension-1.jpg?fit=1200%2C720&ssl=1&resize=350%2C200 1x, https:\/\/i0.wp.com\/www.shqiperia.com\/blog\/wp-content\/uploads\/2026\/08\/pension-1.jpg?fit=1200%2C720&ssl=1&resize=525%2C300 1.5x, https:\/\/i0.wp.com\/www.shqiperia.com\/blog\/wp-content\/uploads\/2026\/08\/pension-1.jpg?fit=1200%2C720&ssl=1&resize=700%2C400 2x, https:\/\/i0.wp.com\/www.shqiperia.com\/blog\/wp-content\/uploads\/2026\/08\/pension-1.jpg?fit=1200%2C720&ssl=1&resize=1050%2C600 3x"},"classes":[]},{"id":105300,"url":"https:\/\/www.shqiperia.com\/blog\/qytetet-me-te-shkretuara-korca-ka-mbi-80-te-territorit-pa-banore\/","url_meta":{"origin":105959,"position":1},"title":"Qytetet m\u00eb t\u00eb \u2018shkretuara\u2019, Kor\u00e7a ka mbi 80% t\u00eb territorit pa banor\u00eb","author":"Kurt Farka","date":"August 27, 2026","format":false,"excerpt":"27 Gusht 2026 Mbi 80% e territorit t\u00eb Qarkut t\u00eb Kor\u00e7\u00ebs rezulton pa popullsi banuese n\u00eb rrjetin standard territorial 1 kilomet\u00ebr katror, niveli m\u00eb i lart\u00eb n\u00eb vend. Pas Kor\u00e7\u00ebs renditen Gjirokastra me 77,5%, Vlora me 71,4% dhe Kuk\u00ebsi me 70,7%, duke treguar shkall\u00ebn e lart\u00eb t\u00eb p\u00ebrqendrimit t\u00eb popullsis\u00eb\u2026","rel":"","context":"In &quot;Blogu i Udh\u00ebtarit&quot;","block_context":{"text":"Blogu i Udh\u00ebtarit","link":"https:\/\/www.shqiperia.com\/blog\/category\/blogu-i-udhetarit\/"},"img":{"alt_text":"","src":"https:\/\/i0.wp.com\/www.shqiperia.com\/blog\/wp-content\/uploads\/2026\/08\/Korca.jpg?fit=1200%2C800&ssl=1&resize=350%2C200","width":350,"height":200,"srcset":"https:\/\/i0.wp.com\/www.shqiperia.com\/blog\/wp-content\/uploads\/2026\/08\/Korca.jpg?fit=1200%2C800&ssl=1&resize=350%2C200 1x, https:\/\/i0.wp.com\/www.shqiperia.com\/blog\/wp-content\/uploads\/2026\/08\/Korca.jpg?fit=1200%2C800&ssl=1&resize=525%2C300 1.5x, https:\/\/i0.wp.com\/www.shqiperia.com\/blog\/wp-content\/uploads\/2026\/08\/Korca.jpg?fit=1200%2C800&ssl=1&resize=700%2C400 2x, https:\/\/i0.wp.com\/www.shqiperia.com\/blog\/wp-content\/uploads\/2026\/08\/Korca.jpg?fit=1200%2C800&ssl=1&resize=1050%2C600 3x"},"classes":[]},{"id":103580,"url":"https:\/\/www.shqiperia.com\/blog\/divjaka-kunder-shkrirjes-se-bashkise-kryebashkiaku-socialist-del-ne-proteste-na-erdhi-si-bombe\/","url_meta":{"origin":105959,"position":2},"title":"Divjaka kund\u00ebr shkrirjes s\u00eb bashkis\u00eb, kryebashkiaku socialist del n\u00eb protest\u00eb: Na erdhi si bomb\u00eb","author":"Kurt Farka","date":"August 1, 2026","format":false,"excerpt":"1 Gusht 206 Banor\u00eb t\u00eb Divjak\u00ebs kan\u00eb dal\u00eb n\u00eb protest\u00eb kund\u00ebr propozimit p\u00ebr shkrirjen e bashkis\u00eb s\u00eb tyre dhe bashkimin me Bashkin\u00eb Lushnj\u00eb n\u00eb kuad\u00ebr t\u00eb Reform\u00ebs Administrativo-Territoriale. N\u00eb protest\u00eb ka marr\u00eb pjes\u00eb edhe kryebashkiaku i Divjak\u00ebs Josif Gorrea, i cili ka deklaruar se vendimi i propozuar nga mazhoranca ka\u2026","rel":"","context":"In &quot;Blogu i Udh\u00ebtarit&quot;","block_context":{"text":"Blogu i Udh\u00ebtarit","link":"https:\/\/www.shqiperia.com\/blog\/category\/blogu-i-udhetarit\/"},"img":{"alt_text":"","src":"https:\/\/i0.wp.com\/www.shqiperia.com\/blog\/wp-content\/uploads\/2026\/08\/Divjake.jpg?fit=904%2C564&ssl=1&resize=350%2C200","width":350,"height":200,"srcset":"https:\/\/i0.wp.com\/www.shqiperia.com\/blog\/wp-content\/uploads\/2026\/08\/Divjake.jpg?fit=904%2C564&ssl=1&resize=350%2C200 1x, https:\/\/i0.wp.com\/www.shqiperia.com\/blog\/wp-content\/uploads\/2026\/08\/Divjake.jpg?fit=904%2C564&ssl=1&resize=525%2C300 1.5x, https:\/\/i0.wp.com\/www.shqiperia.com\/blog\/wp-content\/uploads\/2026\/08\/Divjake.jpg?fit=904%2C564&ssl=1&resize=700%2C400 2x"},"classes":[]},{"id":103711,"url":"https:\/\/www.shqiperia.com\/blog\/deputeti-socialist-i-del-kunder-propozimit-per-shkrirjen-e-selenices\/","url_meta":{"origin":105959,"position":3},"title":"Deputeti socialist i del kund\u00ebr propozimit p\u00ebr &#8216;shkrirjen&#8217; e Selenic\u00ebs","author":"Kurt Farka","date":"August 3, 2026","format":false,"excerpt":"3 Gusht 2026 Deputeti i Partis\u00eb Socialiste, Vullnet Sina, ka dal\u00eb kund\u00ebr propozimit p\u00ebr bashkimin e Bashkis\u00eb Selenic\u00eb me Bashkin\u00eb e Vlor\u00ebs n\u00eb kuad\u00ebr t\u00eb reform\u00ebs s\u00eb re administrativo-territoriale. Ai k\u00ebrkon q\u00eb Selenica t\u00eb ruaj\u00eb statusin e bashkis\u00eb m\u00eb vete, duke argumentuar se zona ka tregues pozitiv\u00eb ekonomik\u00eb dhe funksional\u00eb.\u2026","rel":"","context":"In &quot;Blogu i Udh\u00ebtarit&quot;","block_context":{"text":"Blogu i Udh\u00ebtarit","link":"https:\/\/www.shqiperia.com\/blog\/category\/blogu-i-udhetarit\/"},"img":{"alt_text":"","src":"https:\/\/i0.wp.com\/www.shqiperia.com\/blog\/wp-content\/uploads\/2026\/08\/640-0-8ju7y6tjpg-1785772001.jpg?fit=640%2C346&ssl=1&resize=350%2C200","width":350,"height":200,"srcset":"https:\/\/i0.wp.com\/www.shqiperia.com\/blog\/wp-content\/uploads\/2026\/08\/640-0-8ju7y6tjpg-1785772001.jpg?fit=640%2C346&ssl=1&resize=350%2C200 1x, https:\/\/i0.wp.com\/www.shqiperia.com\/blog\/wp-content\/uploads\/2026\/08\/640-0-8ju7y6tjpg-1785772001.jpg?fit=640%2C346&ssl=1&resize=525%2C300 1.5x"},"classes":[]},{"id":102488,"url":"https:\/\/www.shqiperia.com\/blog\/rilindja-urbane-2-0-shoqata-e-bashkive-dhe-e-te-zgjedhurve-vendore-kunder-rames-nuk-duam-fasada-kerkojme-decentralizim-real\/","url_meta":{"origin":105959,"position":4},"title":"\u2018Rilindja Urbane 2.0\u2019\/ Shoqata e Bashkive dhe e t\u00eb Zgjedhurve Vendor\u00eb kund\u00ebr Ram\u00ebs: &#8211; Nuk duam fasada, k\u00ebrkojm\u00eb decentralizim real","author":"Kurt Farka","date":"July 10, 2026","format":false,"excerpt":"10 Korrik 2026 Shoqata e Bashkive dhe e t\u00eb Zgjedhurve Vendor\u00eb ka dal\u00eb kund\u00ebr programit t\u00eb prezantuar nga kryeministri Edi Rama, \u2018Rilindja Urbane 2.0\u2019, duke e cil\u00ebsuar si nj\u00eb tjet\u00ebr p\u00ebrpjekje p\u00ebr centralizimin e pushtetit vendor dhe dob\u00ebsimin e autonomis\u00eb s\u00eb bashkive. N\u00eb nj\u00eb deklarat\u00eb publike, shoqata, e drejtuar nga\u2026","rel":"","context":"In &quot;Blogu i Udh\u00ebtarit&quot;","block_context":{"text":"Blogu i Udh\u00ebtarit","link":"https:\/\/www.shqiperia.com\/blog\/category\/blogu-i-udhetarit\/"},"img":{"alt_text":"","src":"https:\/\/i0.wp.com\/www.shqiperia.com\/blog\/wp-content\/uploads\/2026\/07\/auto_467701108_122095890464653154_239931253014940458_n1783707031.jpg?fit=900%2C675&ssl=1&resize=350%2C200","width":350,"height":200,"srcset":"https:\/\/i0.wp.com\/www.shqiperia.com\/blog\/wp-content\/uploads\/2026\/07\/auto_467701108_122095890464653154_239931253014940458_n1783707031.jpg?fit=900%2C675&ssl=1&resize=350%2C200 1x, https:\/\/i0.wp.com\/www.shqiperia.com\/blog\/wp-content\/uploads\/2026\/07\/auto_467701108_122095890464653154_239931253014940458_n1783707031.jpg?fit=900%2C675&ssl=1&resize=525%2C300 1.5x, https:\/\/i0.wp.com\/www.shqiperia.com\/blog\/wp-content\/uploads\/2026\/07\/auto_467701108_122095890464653154_239931253014940458_n1783707031.jpg?fit=900%2C675&ssl=1&resize=700%2C400 2x"},"classes":[]},{"id":103940,"url":"https:\/\/www.shqiperia.com\/blog\/miliona-per-fasada-deshtim-me-kanalizimet-shqiperia-ne-fund-te-europes\/","url_meta":{"origin":105959,"position":5},"title":"Miliona p\u00ebr fasada, d\u00ebshtim me kanalizimet, Shqip\u00ebria n\u00eb fund t\u00eb Europ\u00ebs","author":"Kurt Farka","date":"August 7, 2026","format":false,"excerpt":"7 Gusht 2026 Shqip\u00ebria ka nj\u00eb nga nivelet m\u00eb t\u00eb ul\u00ebta n\u00eb Europ\u00eb p\u00ebr lidhjen e popullsis\u00eb me sistemet e trajtimit t\u00eb uj\u00ebrave t\u00eb ndotura. N\u00eb vitin 2024, vet\u00ebm 12.6% e popullsis\u00eb rezultonte e lidhur me impiante q\u00eb ofrojn\u00eb t\u00eb pakt\u00ebn trajtim dyt\u00ebsor t\u00eb uj\u00ebrave t\u00eb ndotura, sipas t\u00eb dh\u00ebnave\u2026","rel":"","context":"In &quot;Blogu i Udh\u00ebtarit&quot;","block_context":{"text":"Blogu i Udh\u00ebtarit","link":"https:\/\/www.shqiperia.com\/blog\/category\/blogu-i-udhetarit\/"},"img":{"alt_text":"","src":"https:\/\/i0.wp.com\/www.shqiperia.com\/blog\/wp-content\/uploads\/2026\/08\/800-0-262f71bb-6046-40a2-b05b-bfc47f349664-6a757b9f26058.png?fit=800%2C534&ssl=1&resize=350%2C200","width":350,"height":200,"srcset":"https:\/\/i0.wp.com\/www.shqiperia.com\/blog\/wp-content\/uploads\/2026\/08\/800-0-262f71bb-6046-40a2-b05b-bfc47f349664-6a757b9f26058.png?fit=800%2C534&ssl=1&resize=350%2C200 1x, https:\/\/i0.wp.com\/www.shqiperia.com\/blog\/wp-content\/uploads\/2026\/08\/800-0-262f71bb-6046-40a2-b05b-bfc47f349664-6a757b9f26058.png?fit=800%2C534&ssl=1&resize=525%2C300 1.5x, https:\/\/i0.wp.com\/www.shqiperia.com\/blog\/wp-content\/uploads\/2026\/08\/800-0-262f71bb-6046-40a2-b05b-bfc47f349664-6a757b9f26058.png?fit=800%2C534&ssl=1&resize=700%2C400 2x"},"classes":[]}],"_links":{"self":[{"href":"https:\/\/www.shqiperia.com\/blog\/wp-json\/wp\/v2\/posts\/105959","targetHints":{"allow":["GET"]}}],"collection":[{"href":"https:\/\/www.shqiperia.com\/blog\/wp-json\/wp\/v2\/posts"}],"about":[{"href":"https:\/\/www.shqiperia.com\/blog\/wp-json\/wp\/v2\/types\/post"}],"author":[{"embeddable":true,"href":"https:\/\/www.shqiperia.com\/blog\/wp-json\/wp\/v2\/users\/9"}],"replies":[{"embeddable":true,"href":"https:\/\/www.shqiperia.com\/blog\/wp-json\/wp\/v2\/comments?post=105959"}],"version-history":[{"count":1,"href":"https:\/\/www.shqiperia.com\/blog\/wp-json\/wp\/v2\/posts\/105959\/revisions"}],"predecessor-version":[{"id":105961,"href":"https:\/\/www.shqiperia.com\/blog\/wp-json\/wp\/v2\/posts\/105959\/revisions\/105961"}],"wp:featuredmedia":[{"embeddable":true,"href":"https:\/\/www.shqiperia.com\/blog\/wp-json\/wp\/v2\/media\/105960"}],"wp:attachment":[{"href":"https:\/\/www.shqiperia.com\/blog\/wp-json\/wp\/v2\/media?parent=105959"}],"wp:term":[{"taxonomy":"category","embeddable":true,"href":"https:\/\/www.shqiperia.com\/blog\/wp-json\/wp\/v2\/categories?post=105959"},{"taxonomy":"post_tag","embeddable":true,"href":"https:\/\/www.shqiperia.com\/blog\/wp-json\/wp\/v2\/tags?post=105959"}],"curies":[{"name":"wp","href":"https:\/\/api.w.org\/{rel}","templated":true}]}}