{"id":105956,"date":"2026-09-04T09:27:04","date_gmt":"2026-09-04T09:27:04","guid":{"rendered":"https:\/\/www.shqiperia.com\/blog\/?p=105956"},"modified":"2026-09-04T09:29:14","modified_gmt":"2026-09-04T09:29:14","slug":"finlanda-ne-gatishmeri-mijera-qytetare-marrin-pjese-ne-stervitje-per-kercenime-nga-rusia","status":"publish","type":"post","link":"https:\/\/www.shqiperia.com\/blog\/finlanda-ne-gatishmeri-mijera-qytetare-marrin-pjese-ne-stervitje-per-kercenime-nga-rusia\/","title":{"rendered":"Finlanda n\u00eb gatishm\u00ebri, mij\u00ebra qytetar\u00eb marrin pjes\u00eb n\u00eb st\u00ebrvitje p\u00ebr k\u00ebrc\u00ebnime nga Rusia"},"content":{"rendered":"<p data-a11y-orig-inline=\"\" data-a11y-base-fs=\"18\"><img data-recalc-dims=\"1\" loading=\"lazy\" decoding=\"async\" data-attachment-id=\"105957\" data-permalink=\"https:\/\/www.shqiperia.com\/blog\/finlanda-ne-gatishmeri-mijera-qytetare-marrin-pjese-ne-stervitje-per-kercenime-nga-rusia\/640-0-screenshot-2026-09-03-194346-1788457443\/\" data-orig-file=\"https:\/\/i0.wp.com\/www.shqiperia.com\/blog\/wp-content\/uploads\/2026\/09\/640-0-screenshot-2026-09-03-194346-1788457443.png?fit=640%2C415&amp;ssl=1\" data-orig-size=\"640,415\" data-comments-opened=\"1\" data-image-meta=\"{&quot;aperture&quot;:&quot;0&quot;,&quot;credit&quot;:&quot;&quot;,&quot;camera&quot;:&quot;&quot;,&quot;caption&quot;:&quot;&quot;,&quot;created_timestamp&quot;:&quot;0&quot;,&quot;copyright&quot;:&quot;&quot;,&quot;focal_length&quot;:&quot;0&quot;,&quot;iso&quot;:&quot;0&quot;,&quot;shutter_speed&quot;:&quot;0&quot;,&quot;title&quot;:&quot;&quot;,&quot;orientation&quot;:&quot;0&quot;}\" data-image-title=\"-640-0-screenshot-2026-09-03-194346-1788457443\" data-image-description=\"\" data-image-caption=\"\" data-medium-file=\"https:\/\/i0.wp.com\/www.shqiperia.com\/blog\/wp-content\/uploads\/2026\/09\/640-0-screenshot-2026-09-03-194346-1788457443.png?fit=300%2C195&amp;ssl=1\" data-large-file=\"https:\/\/i0.wp.com\/www.shqiperia.com\/blog\/wp-content\/uploads\/2026\/09\/640-0-screenshot-2026-09-03-194346-1788457443.png?fit=640%2C415&amp;ssl=1\" class=\"alignnone wp-image-105957\" alt=\"\" src=\"https:\/\/i0.wp.com\/www.shqiperia.com\/blog\/wp-content\/uploads\/2026\/09\/640-0-screenshot-2026-09-03-194346-1788457443.png?resize=572%2C372&#038;ssl=1\" width=\"572\" height=\"372\" srcset=\"https:\/\/i0.wp.com\/www.shqiperia.com\/blog\/wp-content\/uploads\/2026\/09\/640-0-screenshot-2026-09-03-194346-1788457443.png?resize=300%2C195&amp;ssl=1 300w, https:\/\/i0.wp.com\/www.shqiperia.com\/blog\/wp-content\/uploads\/2026\/09\/640-0-screenshot-2026-09-03-194346-1788457443.png?resize=450%2C292&amp;ssl=1 450w, https:\/\/i0.wp.com\/www.shqiperia.com\/blog\/wp-content\/uploads\/2026\/09\/640-0-screenshot-2026-09-03-194346-1788457443.png?resize=600%2C389&amp;ssl=1 600w, https:\/\/i0.wp.com\/www.shqiperia.com\/blog\/wp-content\/uploads\/2026\/09\/640-0-screenshot-2026-09-03-194346-1788457443.png?resize=400%2C259&amp;ssl=1 400w, https:\/\/i0.wp.com\/www.shqiperia.com\/blog\/wp-content\/uploads\/2026\/09\/640-0-screenshot-2026-09-03-194346-1788457443.png?w=640&amp;ssl=1 640w\" sizes=\"auto, (max-width: 572px) 100vw, 572px\" \/><\/p>\n<p data-a11y-orig-inline=\"\" data-a11y-base-fs=\"18\">4 Shtator 2026<\/p>\n<p data-a11y-orig-inline=\"\" data-a11y-base-fs=\"18\">M\u00eb shum\u00eb se 2 mij\u00eb vullnetar\u00eb dhe student\u00eb po marrin pjes\u00eb n\u00eb Finland\u00eb n\u00eb st\u00ebrvitjen m\u00eb t\u00eb madhe t\u00eb mbrojtjes civile t\u00eb zhvilluar n\u00eb vend q\u00eb nga Lufta e Dyt\u00eb Bot\u00ebrore.<\/p>\n<p data-a11y-orig-inline=\"\" data-a11y-base-fs=\"18\">Ushtrimi po zhvillohet n\u00eb Kuopio dhe synon t\u00eb testoj\u00eb m\u00ebnyr\u00ebn se si autoritetet dhe qytetar\u00ebt do t\u00eb reagonin ndaj nj\u00eb situate t\u00eb r\u00ebnd\u00eb krize.<\/p>\n<p data-a11y-orig-inline=\"\" data-a11y-base-fs=\"18\">Skenari p\u00ebrfshin sulme kibernetike ndaj infrastruktur\u00ebs kritike, nd\u00ebrprerje t\u00eb energjis\u00eb dhe ujit, si dhe k\u00ebrc\u00ebnim p\u00ebr sulme me raketa nga Rusia.<\/p>\n<p data-a11y-orig-inline=\"\" data-a11y-base-fs=\"18\">Pjes\u00ebmarr\u00ebsit po trajnohen edhe p\u00ebr p\u00ebrdorimin e strehimoreve n\u00ebntok\u00ebsore. Nj\u00eb prej strehimoreve n\u00eb Kuopio, e cila mund t\u00eb strehoj\u00eb deri n\u00eb 7 mij\u00eb persona, \u00ebsht\u00eb p\u00ebrshtatur p\u00ebr t\u00eb pritur qytetar\u00ebt gjat\u00eb ushtrimit.<\/p>\n<p data-a11y-orig-inline=\"\" data-a11y-base-fs=\"18\">Nj\u00eb nga objektivat kryesore \u00ebsht\u00eb q\u00eb qytetar\u00ebt t\u00eb jen\u00eb n\u00eb gjendje t\u00eb p\u00ebrballojn\u00eb vet\u00eb situata t\u00eb jasht\u00ebzakonshme p\u00ebr t\u00eb pakt\u00ebn 72 or\u00eb, n\u00eb rast t\u00eb nd\u00ebrprerjes s\u00eb energjis\u00eb, ujit apo sh\u00ebrbimeve t\u00eb tjera.<\/p>\n<p data-a11y-orig-inline=\"\" data-a11y-base-fs=\"18\">Finlanda, e cila ka nj\u00eb kufi prej m\u00eb shum\u00eb se 1,300 kilometrash me Rusin\u00eb, \u00ebsht\u00eb an\u00ebtare e NATO-s q\u00eb prej vitit 2024. P\u00ebrvoja e luft\u00ebs n\u00eb Ukrain\u00eb ka shtyr\u00eb autoritetet finlandeze t\u00eb rrisin m\u00eb tej p\u00ebrgatitjet civile dhe ushtarake.<\/p>\n<p data-a11y-orig-inline=\"\" data-a11y-base-fs=\"18\">St\u00ebrvitja p\u00ebrfshin edhe f\u00ebmij\u00eb dhe nx\u00ebn\u00ebs, t\u00eb cil\u00ebt m\u00ebsojn\u00eb se si t\u00eb veprojn\u00eb n\u00eb rast emergjence. Autoritetet finlandeze theksojn\u00eb se mbrojtja e vendit nuk mb\u00ebshtetet vet\u00ebm te ushtria, por edhe te gatishm\u00ebria e qytetar\u00ebve p\u00ebr t\u00eb reaguar n\u00eb situata krize.<\/p>\n<p data-a11y-orig-inline=\"\" data-a11y-base-fs=\"18\">Nd\u00ebrkoh\u00eb, autoritetet kan\u00eb raportuar rritje t\u00eb incidenteve kibernetike dhe rasteve t\u00eb dyshimta pran\u00eb infrastruktur\u00ebs energjetike q\u00eb prej nisjes s\u00eb luft\u00ebs n\u00eb Ukrain\u00eb, megjith\u00ebse jo t\u00eb gjitha k\u00ebto raste jan\u00eb lidhur me Rusin\u00eb.<\/p>\n","protected":false},"excerpt":{"rendered":"<p>4 Shtator 2026 M\u00eb shum\u00eb se 2 mij\u00eb vullnetar\u00eb dhe student\u00eb po marrin pjes\u00eb n\u00eb Finland\u00eb n\u00eb st\u00ebrvitjen m\u00eb t\u00eb madhe t\u00eb mbrojtjes civile t\u00eb zhvilluar n\u00eb vend q\u00eb nga Lufta e Dyt\u00eb Bot\u00ebrore. Ushtrimi po zhvillohet n\u00eb Kuopio dhe synon t\u00eb testoj\u00eb m\u00ebnyr\u00ebn se si autoritetet dhe qytetar\u00ebt do t\u00eb reagonin ndaj nj\u00eb situate [&hellip;]<\/p>\n","protected":false},"author":9,"featured_media":105957,"comment_status":"open","ping_status":"open","sticky":false,"template":"","format":"standard","meta":{"jetpack_post_was_ever_published":false,"_jetpack_newsletter_access":"","_jetpack_dont_email_post_to_subs":false,"_jetpack_newsletter_tier_id":0,"_jetpack_memberships_contains_paywalled_content":false,"_jetpack_memberships_contains_paid_content":false,"footnotes":"","jetpack_publicize_message":"","jetpack_publicize_feature_enabled":true,"jetpack_social_post_already_shared":true,"jetpack_social_options":{"image_generator_settings":{"template":"highway","default_image_id":0,"font":"","enabled":false},"version":2}},"categories":[27,85,1,2,35],"tags":[],"class_list":["post-105956","post","type-post","status-publish","format-standard","has-post-thumbnail","hentry","category-blogu-i-udhetarit","category-histori","category-njoftime-shtypi","category-politika","category-shoqerore"],"jetpack_publicize_connections":[],"jetpack_featured_media_url":"https:\/\/i0.wp.com\/www.shqiperia.com\/blog\/wp-content\/uploads\/2026\/09\/640-0-screenshot-2026-09-03-194346-1788457443.png?fit=640%2C415&ssl=1","jetpack_sharing_enabled":true,"jetpack_shortlink":"https:\/\/wp.me\/p5Z6wp-ryY","jetpack-related-posts":[{"id":100185,"url":"https:\/\/www.shqiperia.com\/blog\/nato-dhe-ushtria-e-serbise-nisin-stervitjet-e-para-te-perbashketa-prane-bujanocit-programi-partneritetit-per-paqe\/","url_meta":{"origin":105956,"position":0},"title":"NATO dhe ushtria e Serbis\u00eb nisin st\u00ebrvitjet e para t\u00eb p\u00ebrbashk\u00ebta pran\u00eb Bujanocit. &#8211; &#8220;Programi \u2018Partneritetit p\u00ebr Paqe&#8221;.","author":"Kurt Farka","date":"May 13, 2026","format":false,"excerpt":"13 Maji 2026 NATO-ja dhe ushtria e Serbis\u00eb i kan\u00eb filluar st\u00ebrvitjet e para t\u00eb p\u00ebrbashk\u00ebt ushtarake t\u00eb mart\u00ebn n\u00eb baz\u00ebn ushtarake \u201cJugu\u201d dhe poligonin e st\u00ebrvitjes \u201cBorovc\u201d pran\u00eb Bujanocit, n\u00eb jug t\u00eb vendit, njoftoi Ministria e Mbrojtjes e Serbis\u00eb. St\u00ebrvitjet do t\u00eb mbahet deri m\u00eb 23 maj, n\u00ebn organizimin\u2026","rel":"","context":"In &quot;Blogu i Udh\u00ebtarit&quot;","block_context":{"text":"Blogu i Udh\u00ebtarit","link":"https:\/\/www.shqiperia.com\/blog\/category\/blogu-i-udhetarit\/"},"img":{"alt_text":"","src":"https:\/\/i0.wp.com\/www.shqiperia.com\/blog\/wp-content\/uploads\/2026\/05\/nato-serbia.jpg?fit=1200%2C658&ssl=1&resize=350%2C200","width":350,"height":200,"srcset":"https:\/\/i0.wp.com\/www.shqiperia.com\/blog\/wp-content\/uploads\/2026\/05\/nato-serbia.jpg?fit=1200%2C658&ssl=1&resize=350%2C200 1x, https:\/\/i0.wp.com\/www.shqiperia.com\/blog\/wp-content\/uploads\/2026\/05\/nato-serbia.jpg?fit=1200%2C658&ssl=1&resize=525%2C300 1.5x, https:\/\/i0.wp.com\/www.shqiperia.com\/blog\/wp-content\/uploads\/2026\/05\/nato-serbia.jpg?fit=1200%2C658&ssl=1&resize=700%2C400 2x, https:\/\/i0.wp.com\/www.shqiperia.com\/blog\/wp-content\/uploads\/2026\/05\/nato-serbia.jpg?fit=1200%2C658&ssl=1&resize=1050%2C600 3x"},"classes":[]},{"id":103063,"url":"https:\/\/www.shqiperia.com\/blog\/spak-te-nise-hetimet-per-kryeministrin-per-pastrim-parash-aktivisti-tepelena-eurodeputeti-gjerman-akuzoi-ramen\/","url_meta":{"origin":105956,"position":1},"title":"\u201cSPAK t\u00eb nis\u00eb hetimet p\u00ebr kryeministrin p\u00ebr pastrim parash\u201d- Aktivisti Tepelena: Eurodeputeti gjerman akuzoi Ram\u00ebn!","author":"Kurt Farka","date":"July 22, 2026","format":false,"excerpt":"22 Korrik 2026 Aktivisti dhe organizatori i protest\u00ebs qytetare, Andi Tepelena, hodhi sot akuza t\u00eb r\u00ebnda ndaj kryeministrit Edi Rama n\u00eb dit\u00ebn e 52-t\u00eb t\u00eb revolt\u00ebs p\u00ebr pastrim parash dhe i b\u00ebri thirrje SPAK-ut t\u00eb niste hetimet ndaj tij Ai shpjegoi se edhe nj\u00eb eurodeputet gjerman ka b\u00ebr\u00eb deklarat\u00ebn e\u2026","rel":"","context":"In &quot;Blogu i Udh\u00ebtarit&quot;","block_context":{"text":"Blogu i Udh\u00ebtarit","link":"https:\/\/www.shqiperia.com\/blog\/category\/blogu-i-udhetarit\/"},"img":{"alt_text":"","src":"https:\/\/i0.wp.com\/www.shqiperia.com\/blog\/wp-content\/uploads\/2026\/07\/andi-tepelena5.jpg?fit=636%2C343&ssl=1&resize=350%2C200","width":350,"height":200,"srcset":"https:\/\/i0.wp.com\/www.shqiperia.com\/blog\/wp-content\/uploads\/2026\/07\/andi-tepelena5.jpg?fit=636%2C343&ssl=1&resize=350%2C200 1x, https:\/\/i0.wp.com\/www.shqiperia.com\/blog\/wp-content\/uploads\/2026\/07\/andi-tepelena5.jpg?fit=636%2C343&ssl=1&resize=525%2C300 1.5x"},"classes":[]},{"id":102157,"url":"https:\/\/www.shqiperia.com\/blog\/unioni-i-gazetarve-shqiptare-aktet-e-dhunes-mbi-gazetaret-ne-procesin-raportues-jane-krim\/","url_meta":{"origin":105956,"position":2},"title":"Unioni i Gazetarve SHqiptar\u00eb: &#8211; Aktet e dhun\u00ebs mbi gazetar\u00ebt n\u00eb procesin raportues jan\u00eb krim","author":"Kurt Farka","date":"July 2, 2026","format":false,"excerpt":"2 Korrik 2026 Unioni i Gazetar\u00ebve Shqiptar\u00eb ka dal\u00eb me nj\u00eb deklarat\u00eb k\u00ebt\u00eb t\u00eb enjte lidhur me tensionet e regjistruara gjat\u00eb protest\u00ebs s\u00eb sotme t\u00eb qytetar\u00ebve para Parlamentit. Sipas deklarat\u00ebs n\u00eb reagimin e policis\u00eb ndaj protestuesve u evidentuan edhe akte dhune dhe sulme mbi gazetar\u00ebt t\u00eb cil\u00ebt ishin n\u00eb krye\u2026","rel":"","context":"In &quot;Blogu i Udh\u00ebtarit&quot;","block_context":{"text":"Blogu i Udh\u00ebtarit","link":"https:\/\/www.shqiperia.com\/blog\/category\/blogu-i-udhetarit\/"},"img":{"alt_text":"","src":"https:\/\/i0.wp.com\/www.shqiperia.com\/blog\/wp-content\/uploads\/2026\/07\/Screenshot_115-768x430-1.jpeg?fit=768%2C430&ssl=1&resize=350%2C200","width":350,"height":200,"srcset":"https:\/\/i0.wp.com\/www.shqiperia.com\/blog\/wp-content\/uploads\/2026\/07\/Screenshot_115-768x430-1.jpeg?fit=768%2C430&ssl=1&resize=350%2C200 1x, https:\/\/i0.wp.com\/www.shqiperia.com\/blog\/wp-content\/uploads\/2026\/07\/Screenshot_115-768x430-1.jpeg?fit=768%2C430&ssl=1&resize=525%2C300 1.5x, https:\/\/i0.wp.com\/www.shqiperia.com\/blog\/wp-content\/uploads\/2026\/07\/Screenshot_115-768x430-1.jpeg?fit=768%2C430&ssl=1&resize=700%2C400 2x"},"classes":[]},{"id":100151,"url":"https:\/\/www.shqiperia.com\/blog\/teherani-refuzon-kerkesat-trump-mbledh-urgjent-ekipin-e-sigurise-ne-tryeze-edhe-opsioni-ushtarak-ndaj-iranit\/","url_meta":{"origin":105956,"position":3},"title":"Teherani refuzon k\u00ebrkesat\/ Trump mbledh urgjent ekipin e siguris\u00eb, n\u00eb tryez\u00eb edhe opsioni ushtarak ndaj Iranit","author":"Kurt Farka","date":"May 12, 2026","format":false,"excerpt":"12 Maji 2026 Sht\u00ebpia e Bardh\u00eb po shqyrton mund\u00ebsin\u00eb e veprimeve ushtarake ndaj Iranit, nd\u00ebrsa Presidenti amerikan Donald Trump pritet t\u00eb zhvilloj\u00eb nj\u00eb takim me ekipin e siguris\u00eb komb\u00ebtare p\u00ebr t\u00eb vendosur hapat e ardhsh\u00ebm n\u00eb lidhje me situat\u00ebn. Sipas burimeve amerikane, Trump k\u00ebrkon nj\u00eb marr\u00ebveshje p\u00ebr t\u2019i dh\u00ebn\u00eb fund\u2026","rel":"","context":"In &quot;Njoftime Shtypi&quot;","block_context":{"text":"Njoftime Shtypi","link":"https:\/\/www.shqiperia.com\/blog\/category\/njoftime-shtypi\/"},"img":{"alt_text":"","src":"https:\/\/i0.wp.com\/www.shqiperia.com\/blog\/wp-content\/uploads\/2026\/05\/640-0-screenshot-2026-05-11-200321-1778522654.png?fit=640%2C357&ssl=1&resize=350%2C200","width":350,"height":200,"srcset":"https:\/\/i0.wp.com\/www.shqiperia.com\/blog\/wp-content\/uploads\/2026\/05\/640-0-screenshot-2026-05-11-200321-1778522654.png?fit=640%2C357&ssl=1&resize=350%2C200 1x, https:\/\/i0.wp.com\/www.shqiperia.com\/blog\/wp-content\/uploads\/2026\/05\/640-0-screenshot-2026-05-11-200321-1778522654.png?fit=640%2C357&ssl=1&resize=525%2C300 1.5x"},"classes":[]},{"id":104729,"url":"https:\/\/www.shqiperia.com\/blog\/putin-pranon-goditjen-e-ekonomise-ruse-nga-sulmet-ukrainase-na-kane-shkaktuar-deme\/","url_meta":{"origin":105956,"position":4},"title":"Putin pranon goditjen e ekonomis\u00eb ruse nga sulmet ukrainase: &#8211; Na kan\u00eb shkaktuar d\u00ebme","author":"Kurt Farka","date":"August 19, 2026","format":false,"excerpt":"19 Gusht 2026 Presidenti rus Vladimir Putin ka pranuar se fushata me dron\u00eb e Ukrain\u00ebs kund\u00ebr rafinerive dhe infrastruktur\u00ebs s\u00eb saj t\u00eb naft\u00ebs po ndikon n\u00eb ekonomi. Udh\u00ebheq\u00ebsi rus foli m\u00eb her\u00ebt sot n\u00eb K\u00ebshillin p\u00ebr Zhvillim Strategjik dhe Projekte Komb\u00ebtare n\u00eb Mosk\u00eb. Ai mbeti sfidues ndaj ekonomis\u00eb s\u00eb Rusis\u00eb,\u2026","rel":"","context":"In &quot;Blogu i Udh\u00ebtarit&quot;","block_context":{"text":"Blogu i Udh\u00ebtarit","link":"https:\/\/www.shqiperia.com\/blog\/category\/blogu-i-udhetarit\/"},"img":{"alt_text":"","src":"https:\/\/i0.wp.com\/www.shqiperia.com\/blog\/wp-content\/uploads\/2026\/08\/346556f9-e15aa8b0-putin-202.jpg?fit=1008%2C605&ssl=1&resize=350%2C200","width":350,"height":200,"srcset":"https:\/\/i0.wp.com\/www.shqiperia.com\/blog\/wp-content\/uploads\/2026\/08\/346556f9-e15aa8b0-putin-202.jpg?fit=1008%2C605&ssl=1&resize=350%2C200 1x, https:\/\/i0.wp.com\/www.shqiperia.com\/blog\/wp-content\/uploads\/2026\/08\/346556f9-e15aa8b0-putin-202.jpg?fit=1008%2C605&ssl=1&resize=525%2C300 1.5x, https:\/\/i0.wp.com\/www.shqiperia.com\/blog\/wp-content\/uploads\/2026\/08\/346556f9-e15aa8b0-putin-202.jpg?fit=1008%2C605&ssl=1&resize=700%2C400 2x"},"classes":[]},{"id":100641,"url":"https:\/\/www.shqiperia.com\/blog\/pershkallezim-i-pamatur-evropa-denon-perdorimin-e-raketes-oreshnik-nga-rusia\/","url_meta":{"origin":105956,"position":5},"title":"\u201cP\u00ebrshkall\u00ebzim i pamatur\u201d\/ Evropa d\u00ebnon p\u00ebrdorimin e raket\u00ebs \u2018Oreshnik\u2019 nga Rusia","author":"Kurt Farka","date":"May 25, 2026","format":false,"excerpt":"25 Maji 2026 P\u00ebrdorimi nga Rusia i raket\u00ebs balistike me rreze t\u00eb mesme veprimi \u201cOreshnik\u201d ka t\u00ebrhequr v\u00ebmendjen nd\u00ebrkomb\u00ebtare dhe ka nxitur reagime t\u00eb forta nga lider\u00ebt europian\u00eb, t\u00eb cil\u00ebt paralajm\u00ebrojn\u00eb p\u00ebr nj\u00eb p\u00ebrshkall\u00ebzim t\u00eb rreziksh\u00ebm t\u00eb luft\u00ebs n\u00eb Ukrain\u00eb. Presidenti ukrainas Volodymyr Zelensky deklaroi t\u00eb diel\u00ebn se Rusia ka\u2026","rel":"","context":"In &quot;Blogu i Udh\u00ebtarit&quot;","block_context":{"text":"Blogu i Udh\u00ebtarit","link":"https:\/\/www.shqiperia.com\/blog\/category\/blogu-i-udhetarit\/"},"img":{"alt_text":"","src":"https:\/\/i0.wp.com\/www.shqiperia.com\/blog\/wp-content\/uploads\/2026\/05\/640-0-5683dcac740cda5830981450847710fa.webp?fit=640%2C360&ssl=1&resize=350%2C200","width":350,"height":200,"srcset":"https:\/\/i0.wp.com\/www.shqiperia.com\/blog\/wp-content\/uploads\/2026\/05\/640-0-5683dcac740cda5830981450847710fa.webp?fit=640%2C360&ssl=1&resize=350%2C200 1x, https:\/\/i0.wp.com\/www.shqiperia.com\/blog\/wp-content\/uploads\/2026\/05\/640-0-5683dcac740cda5830981450847710fa.webp?fit=640%2C360&ssl=1&resize=525%2C300 1.5x"},"classes":[]}],"_links":{"self":[{"href":"https:\/\/www.shqiperia.com\/blog\/wp-json\/wp\/v2\/posts\/105956","targetHints":{"allow":["GET"]}}],"collection":[{"href":"https:\/\/www.shqiperia.com\/blog\/wp-json\/wp\/v2\/posts"}],"about":[{"href":"https:\/\/www.shqiperia.com\/blog\/wp-json\/wp\/v2\/types\/post"}],"author":[{"embeddable":true,"href":"https:\/\/www.shqiperia.com\/blog\/wp-json\/wp\/v2\/users\/9"}],"replies":[{"embeddable":true,"href":"https:\/\/www.shqiperia.com\/blog\/wp-json\/wp\/v2\/comments?post=105956"}],"version-history":[{"count":1,"href":"https:\/\/www.shqiperia.com\/blog\/wp-json\/wp\/v2\/posts\/105956\/revisions"}],"predecessor-version":[{"id":105958,"href":"https:\/\/www.shqiperia.com\/blog\/wp-json\/wp\/v2\/posts\/105956\/revisions\/105958"}],"wp:featuredmedia":[{"embeddable":true,"href":"https:\/\/www.shqiperia.com\/blog\/wp-json\/wp\/v2\/media\/105957"}],"wp:attachment":[{"href":"https:\/\/www.shqiperia.com\/blog\/wp-json\/wp\/v2\/media?parent=105956"}],"wp:term":[{"taxonomy":"category","embeddable":true,"href":"https:\/\/www.shqiperia.com\/blog\/wp-json\/wp\/v2\/categories?post=105956"},{"taxonomy":"post_tag","embeddable":true,"href":"https:\/\/www.shqiperia.com\/blog\/wp-json\/wp\/v2\/tags?post=105956"}],"curies":[{"name":"wp","href":"https:\/\/api.w.org\/{rel}","templated":true}]}}