{"id":105953,"date":"2026-09-04T09:20:37","date_gmt":"2026-09-04T09:20:37","guid":{"rendered":"https:\/\/www.shqiperia.com\/blog\/?p=105953"},"modified":"2026-09-04T09:20:37","modified_gmt":"2026-09-04T09:20:37","slug":"mishi-i-brazilit-qe-bllokoi-evropa-do-ushqeje-shqiptaret-edhe-pas-3-shtatorit-skema-se-si-po-mbushen-magazinat","status":"publish","type":"post","link":"https:\/\/www.shqiperia.com\/blog\/mishi-i-brazilit-qe-bllokoi-evropa-do-ushqeje-shqiptaret-edhe-pas-3-shtatorit-skema-se-si-po-mbushen-magazinat\/","title":{"rendered":"Mishi i Brazilit q\u00eb bllokoi Evropa do \u201cushqej\u00eb\u201d shqiptar\u00ebt edhe pas 3 shtatorit. Skema se si po mbushen magazinat"},"content":{"rendered":"<p><img data-recalc-dims=\"1\" loading=\"lazy\" decoding=\"async\" data-attachment-id=\"105954\" data-permalink=\"https:\/\/www.shqiperia.com\/blog\/mishi-i-brazilit-qe-bllokoi-evropa-do-ushqeje-shqiptaret-edhe-pas-3-shtatorit-skema-se-si-po-mbushen-magazinat\/600-388-whatsapp-image-2026-09-04-at-102929-1788510600\/\" data-orig-file=\"https:\/\/i0.wp.com\/www.shqiperia.com\/blog\/wp-content\/uploads\/2026\/09\/600-388-whatsapp-image-2026-09-04-at-102929-1788510600.jpeg?fit=600%2C388&amp;ssl=1\" data-orig-size=\"600,388\" data-comments-opened=\"1\" data-image-meta=\"{&quot;aperture&quot;:&quot;0&quot;,&quot;credit&quot;:&quot;&quot;,&quot;camera&quot;:&quot;&quot;,&quot;caption&quot;:&quot;&quot;,&quot;created_timestamp&quot;:&quot;0&quot;,&quot;copyright&quot;:&quot;&quot;,&quot;focal_length&quot;:&quot;0&quot;,&quot;iso&quot;:&quot;0&quot;,&quot;shutter_speed&quot;:&quot;0&quot;,&quot;title&quot;:&quot;&quot;,&quot;orientation&quot;:&quot;0&quot;}\" data-image-title=\"-600-388-whatsapp-image-2026-09-04-at-102929-1788510600\" data-image-description=\"\" data-image-caption=\"\" data-medium-file=\"https:\/\/i0.wp.com\/www.shqiperia.com\/blog\/wp-content\/uploads\/2026\/09\/600-388-whatsapp-image-2026-09-04-at-102929-1788510600.jpeg?fit=300%2C194&amp;ssl=1\" data-large-file=\"https:\/\/i0.wp.com\/www.shqiperia.com\/blog\/wp-content\/uploads\/2026\/09\/600-388-whatsapp-image-2026-09-04-at-102929-1788510600.jpeg?fit=600%2C388&amp;ssl=1\" class=\"alignnone  wp-image-105954\" alt=\"\" src=\"https:\/\/i0.wp.com\/www.shqiperia.com\/blog\/wp-content\/uploads\/2026\/09\/600-388-whatsapp-image-2026-09-04-at-102929-1788510600.jpeg?resize=634%2C410&#038;ssl=1\" width=\"634\" height=\"410\" srcset=\"https:\/\/i0.wp.com\/www.shqiperia.com\/blog\/wp-content\/uploads\/2026\/09\/600-388-whatsapp-image-2026-09-04-at-102929-1788510600.jpeg?resize=300%2C194&amp;ssl=1 300w, https:\/\/i0.wp.com\/www.shqiperia.com\/blog\/wp-content\/uploads\/2026\/09\/600-388-whatsapp-image-2026-09-04-at-102929-1788510600.jpeg?resize=450%2C291&amp;ssl=1 450w, https:\/\/i0.wp.com\/www.shqiperia.com\/blog\/wp-content\/uploads\/2026\/09\/600-388-whatsapp-image-2026-09-04-at-102929-1788510600.jpeg?resize=400%2C259&amp;ssl=1 400w, https:\/\/i0.wp.com\/www.shqiperia.com\/blog\/wp-content\/uploads\/2026\/09\/600-388-whatsapp-image-2026-09-04-at-102929-1788510600.jpeg?w=600&amp;ssl=1 600w\" sizes=\"auto, (max-width: 634px) 100vw, 634px\" \/><\/p>\n<p><span>4 Shtator 2026<\/span><\/p>\n<p><span>Nga Alketa \u00c7eku<\/span><\/p>\n<p data-a11y-orig-inline=\"\" data-a11y-base-fs=\"18\">Pas dat\u00ebs 3 shtator, Shqip\u00ebria ndaloi\u00a0 zyrtarisht importin e mishit t\u00eb gjedhit dhe shpend\u00ebve nga Brazili.<\/p>\n<p data-a11y-orig-inline=\"\" data-a11y-base-fs=\"18\">Ky vendim u mor pasi Bashkimi Evropian i mbylli dyert mishit brazilian, p\u00ebr shkak t\u00eb p\u00ebrdorimit pa kontroll t\u00eb antibiotik\u00ebve,q\u00eb sh\u00ebrbejn\u00eb si nxit\u00ebs t\u2019u shtuar kafsh\u00ebve mas\u00ebn muskulare.<\/p>\n<p data-a11y-orig-inline=\"\" data-a11y-base-fs=\"18\">Megjithat\u00eb,\u00a0 ky mish do t\u00eb vazhdoj\u00eb t\u00eb hyj\u00eb n\u00eb Shqip\u00ebri dhe t\u00eb konsumohet gjer\u00ebsisht edhe disa muaj pas dat\u00ebs\u00a0 3 shtator.<\/p>\n<p data-a11y-orig-inline=\"\" data-a11y-base-fs=\"18\">Autoriteti Komb\u00ebtar i Ushqimit (AKU) ka sqaruar zyrtarisht p\u00ebr &#8220;Ora News&#8221; procedur\u00ebn e tranzicionit:<\/p>\n<p data-a11y-orig-inline=\"\" data-a11y-base-fs=\"18\"><em data-a11y-orig-inline=\"\" data-a11y-base-fs=\"18\">\u201cNgarkesat p\u00ebr t\u00eb cilat certifikata sh\u00ebndet\u00ebsore veterinare zyrtare \u00ebsht\u00eb l\u00ebshuar p\u00ebrpara dat\u00ebs 03 Shtator 2026 do t\u00eb vijojn\u00eb t\u00eb pranohen n\u00eb Pikat e Kontrollit Kufitar, edhe n\u00eb rast se mb\u00ebrrijn\u00eb n\u00eb territorin e Republik\u00ebs s\u00eb Shqip\u00ebris\u00eb pas dat\u00ebs 03 Shtator 2026.\u201d<\/em><\/p>\n<p data-a11y-orig-inline=\"\" data-a11y-base-fs=\"18\">P\u00ebr ta shpjeguar m\u00eb thjesht\u00eb: kriteri i bllokimit nuk \u00ebsht\u00eb dita kur mishi hyn n\u00eb Shqip\u00ebri, por data kur \u00ebsht\u00eb vulosur letra n\u00eb Brazil. Doganat tona do t&#8217;i hapin dyert ligj\u00ebrisht \u00e7do ngarkese me mish nga Brazili, vet\u00ebm sepse dokumenti i nisjes mban nj\u00eb dat\u00eb para 3 shtatorit. Ky mish do t\u00eb shitet dhe do t\u00eb konsumohet pa asnj\u00eb penges\u00eb n\u00eb tavolinat e shqiptar\u00ebve p\u00ebrgjat\u00eb muajve tetor, n\u00ebntor e n\u00eb vazhdim.<\/p>\n<p data-a11y-orig-inline=\"\" data-a11y-base-fs=\"18\">Pik\u00ebpyetje t\u00eb m\u00ebdha ngre edhe fakti q\u00eb\u00a0 teksa rregullorja e BE p\u00ebr ndalimin e importit\u00a0 t\u00eb mishit brazilian\u00a0 \u00ebsht\u00eb publikuar zyrtarisht m\u00eb 4 Qershor 2026, Ministria e Bujq\u00ebsis\u00eb e mbajti k\u00ebt\u00eb urdh\u00ebr n\u00eb sirtar dhe e publikoi me 2 muaj vones\u00eb.<\/p>\n<p data-a11y-orig-inline=\"\" data-a11y-base-fs=\"18\">Burime p\u00ebr Ora News b\u00ebjn\u00eb me dije se importuesit kan\u00eb dyfishuar porosit\u00eb nga Brazili gjat\u00eb muajve t\u00eb fundit p\u00ebr t\u00eb sjell\u00eb sa m\u00eb shum\u00eb mish p\u00ebrpara se bllokimi t\u00eb hynte ne fuqi.<\/p>\n<p data-a11y-orig-inline=\"\" data-a11y-base-fs=\"18\">Bllokimi i 3 shtatorit nuk \u00ebsht\u00eb fundi i mishit t\u00eb Brazilit n\u00eb Shqip\u00ebri. Ai \u00ebsht\u00eb\u00a0 fillimi i nj\u00eb faze ku konsumator\u00ebt do t\u00eb ushqehen me stokun e mishit q\u00eb bisneset nxituan ta certifikonin\u00a0 p\u00ebrpara se data n\u00eb kalendar t\u00eb sh\u00ebnonte 3 shtator. Tonelata mish nga Brazili pritet t\u00eb vijne\u00a0 n\u00eb Shqip\u00ebri p\u00ebrgjat\u00eb vjesht\u00ebs dhe dimrit.<\/p>\n","protected":false},"excerpt":{"rendered":"<p>4 Shtator 2026 Nga Alketa \u00c7eku Pas dat\u00ebs 3 shtator, Shqip\u00ebria ndaloi\u00a0 zyrtarisht importin e mishit t\u00eb gjedhit dhe shpend\u00ebve nga Brazili. Ky vendim u mor pasi Bashkimi Evropian i mbylli dyert mishit brazilian, p\u00ebr shkak t\u00eb p\u00ebrdorimit pa kontroll t\u00eb antibiotik\u00ebve,q\u00eb sh\u00ebrbejn\u00eb si nxit\u00ebs t\u2019u shtuar kafsh\u00ebve mas\u00ebn muskulare. Megjithat\u00eb,\u00a0 ky mish do t\u00eb [&hellip;]<\/p>\n","protected":false},"author":9,"featured_media":105954,"comment_status":"open","ping_status":"open","sticky":false,"template":"","format":"standard","meta":{"jetpack_post_was_ever_published":false,"_jetpack_newsletter_access":"","_jetpack_dont_email_post_to_subs":false,"_jetpack_newsletter_tier_id":0,"_jetpack_memberships_contains_paywalled_content":false,"_jetpack_memberships_contains_paid_content":false,"footnotes":"","jetpack_publicize_message":"","jetpack_publicize_feature_enabled":true,"jetpack_social_post_already_shared":true,"jetpack_social_options":{"image_generator_settings":{"template":"highway","default_image_id":0,"font":"","enabled":false},"version":2}},"categories":[27,10,1,2,35],"tags":[],"class_list":["post-105953","post","type-post","status-publish","format-standard","has-post-thumbnail","hentry","category-blogu-i-udhetarit","category-kultura","category-njoftime-shtypi","category-politika","category-shoqerore"],"jetpack_publicize_connections":[],"jetpack_featured_media_url":"https:\/\/i0.wp.com\/www.shqiperia.com\/blog\/wp-content\/uploads\/2026\/09\/600-388-whatsapp-image-2026-09-04-at-102929-1788510600.jpeg?fit=600%2C388&ssl=1","jetpack_sharing_enabled":true,"jetpack_shortlink":"https:\/\/wp.me\/p5Z6wp-ryV","jetpack-related-posts":[{"id":105565,"url":"https:\/\/www.shqiperia.com\/blog\/duhet-te-mobilizohemi-per-mosbindje-civile-me-12-shtator-diaspora-zbarkon-fuqimisht-ne-tirane\/","url_meta":{"origin":105953,"position":0},"title":"&#8220;Duhet t\u00eb mobilizohemi p\u00ebr mosbindje civile&#8221;\/ M\u00eb 12 shtator diaspora &#8216;zbarkon&#8217; fuqimisht n\u00eb Tiran\u00eb.","author":"Kurt Farka","date":"August 31, 2026","format":false,"excerpt":"31 Gusht 2026 Aktivisti shqiptar q\u00eb jeton n\u00eb Britani, Ilir Dedej, i ftuar ne nje lidhje te drejteperdrejte televizive ka komentuar protestat kund\u00ebr qeveris\u00eb, duke deklaruar se pas 93 dit\u00ebsh mobilizimi qytetar, sipas tij, pushteti i kryeministrit Edi Rama \u00ebsht\u00eb dob\u00ebsuar. Dedej tha se protesta duhet t\u00eb shkoj\u00eb p\u00ebrtej tubimeve\u2026","rel":"","context":"In &quot;Blogu i Udh\u00ebtarit&quot;","block_context":{"text":"Blogu i Udh\u00ebtarit","link":"https:\/\/www.shqiperia.com\/blog\/category\/blogu-i-udhetarit\/"},"img":{"alt_text":"","src":"https:\/\/i0.wp.com\/www.shqiperia.com\/blog\/wp-content\/uploads\/2026\/08\/Mijera-emigrante-shqiptare-proteste-ne-Londer.-Foto-Arkiv.jpg?fit=1200%2C675&ssl=1&resize=350%2C200","width":350,"height":200,"srcset":"https:\/\/i0.wp.com\/www.shqiperia.com\/blog\/wp-content\/uploads\/2026\/08\/Mijera-emigrante-shqiptare-proteste-ne-Londer.-Foto-Arkiv.jpg?fit=1200%2C675&ssl=1&resize=350%2C200 1x, https:\/\/i0.wp.com\/www.shqiperia.com\/blog\/wp-content\/uploads\/2026\/08\/Mijera-emigrante-shqiptare-proteste-ne-Londer.-Foto-Arkiv.jpg?fit=1200%2C675&ssl=1&resize=525%2C300 1.5x, https:\/\/i0.wp.com\/www.shqiperia.com\/blog\/wp-content\/uploads\/2026\/08\/Mijera-emigrante-shqiptare-proteste-ne-Londer.-Foto-Arkiv.jpg?fit=1200%2C675&ssl=1&resize=700%2C400 2x, https:\/\/i0.wp.com\/www.shqiperia.com\/blog\/wp-content\/uploads\/2026\/08\/Mijera-emigrante-shqiptare-proteste-ne-Londer.-Foto-Arkiv.jpg?fit=1200%2C675&ssl=1&resize=1050%2C600 3x"},"classes":[]},{"id":105865,"url":"https:\/\/www.shqiperia.com\/blog\/viti-me-i-keq-per-bletaret-edhe-pervoja-shqiptare-mjalte-nga-sheqeri-po-deshton\/","url_meta":{"origin":105953,"position":1},"title":"Viti m\u00eb i keq p\u00ebr bletar\u00ebt. &#8211; Edhe pervoja shqiptare mjalt\u00eb nga sheqeri po d\u00ebshton.","author":"Kurt Farka","date":"September 3, 2026","format":false,"excerpt":"3 Shtator 2026 Megjithse ne Shqiperi esht\u00eb rast i rrall\u00eb t\u00eb gjesh mjalt pa sheqer, edhe kjo form\u00eb ku mjalti nuk prodhohet nga nektari q\u00eb mbledhin blet\u00ebt, por \u00ebsht\u00eb\u00a0 l\u00ebng\u00eb i trash\u00eb i emb\u00ebl ka v\u00ebshtirsi nga moti i nxeht\u00eb. Ky sezon\u00a0 konsiderohet nga m\u00eb t\u00eb v\u00ebshtir\u00ebt p\u00ebr bletarin\u00eb edhe\u2026","rel":"","context":"In &quot;Blogu i Udh\u00ebtarit&quot;","block_context":{"text":"Blogu i Udh\u00ebtarit","link":"https:\/\/www.shqiperia.com\/blog\/category\/blogu-i-udhetarit\/"},"img":{"alt_text":"","src":"https:\/\/i0.wp.com\/www.shqiperia.com\/blog\/wp-content\/uploads\/2026\/09\/bletet-kolaps.jpg?fit=765%2C543&ssl=1&resize=350%2C200","width":350,"height":200,"srcset":"https:\/\/i0.wp.com\/www.shqiperia.com\/blog\/wp-content\/uploads\/2026\/09\/bletet-kolaps.jpg?fit=765%2C543&ssl=1&resize=350%2C200 1x, https:\/\/i0.wp.com\/www.shqiperia.com\/blog\/wp-content\/uploads\/2026\/09\/bletet-kolaps.jpg?fit=765%2C543&ssl=1&resize=525%2C300 1.5x, https:\/\/i0.wp.com\/www.shqiperia.com\/blog\/wp-content\/uploads\/2026\/09\/bletet-kolaps.jpg?fit=765%2C543&ssl=1&resize=700%2C400 2x"},"classes":[]},{"id":105456,"url":"https:\/\/www.shqiperia.com\/blog\/ja-si-mcgonigal-i-edi-rames-ndikoi-per-arrestimin-e-krereve-te-uck-me-hashim-thacin-ne-krye\/","url_meta":{"origin":105953,"position":2},"title":"Ja si \u201cMcGonigal\u201d i Edi Ram\u00ebs ndikoi p\u00ebr arrestimin e krer\u00ebve t\u00eb U\u00c7K me Hashim Tha\u00e7in n\u00eb krye","author":"Kurt Farka","date":"August 29, 2026","format":false,"excerpt":"29 Gusht 2026 Gazetari i njohur kosovar, Fitim \u00c7eku, ka l\u00ebshuar nj\u00eb deklarat\u00eb t\u00eb fort\u00eb n\u00eb rrjetet sociale, ku nxjerr n\u00eb pah prapaskenat e arrestimit t\u00eb krer\u00ebve t\u00eb Ushtris\u00eb \u00c7lirimtare t\u00eb Kosov\u00ebs (U\u00c7K-s\u00eb). Ai rikujton se ish-zyrtari i FBI-s\u00eb, Charles McGonigal, njihet bot\u00ebrisht si mik i af\u00ebrt i kryeministrit t\u00eb\u2026","rel":"","context":"In &quot;Blogu i Udh\u00ebtarit&quot;","block_context":{"text":"Blogu i Udh\u00ebtarit","link":"https:\/\/www.shqiperia.com\/blog\/category\/blogu-i-udhetarit\/"},"img":{"alt_text":"","src":"https:\/\/i0.wp.com\/www.shqiperia.com\/blog\/wp-content\/uploads\/2026\/08\/Behxhet-Shala-Haga.jpg?fit=600%2C360&ssl=1&resize=350%2C200","width":350,"height":200,"srcset":"https:\/\/i0.wp.com\/www.shqiperia.com\/blog\/wp-content\/uploads\/2026\/08\/Behxhet-Shala-Haga.jpg?fit=600%2C360&ssl=1&resize=350%2C200 1x, https:\/\/i0.wp.com\/www.shqiperia.com\/blog\/wp-content\/uploads\/2026\/08\/Behxhet-Shala-Haga.jpg?fit=600%2C360&ssl=1&resize=525%2C300 1.5x"},"classes":[]},{"id":105384,"url":"https:\/\/www.shqiperia.com\/blog\/vera-zgjatet-edhe-ne-shtator-temperaturat-mbeten-te-larta-termometri-pritet-te-arrije-deri-ne-42c\/","url_meta":{"origin":105953,"position":3},"title":"Vera zgjatet edhe n\u00eb shtator\/ Temperaturat mbeten t\u00eb larta, termometri pritet t\u00eb arrij\u00eb deri n\u00eb 42\u00b0C","author":"Kurt Farka","date":"August 28, 2026","format":false,"excerpt":"28 Gusht 2026 Vera duket se do t\u00eb zgjas\u00eb edhe n\u00eb dit\u00ebt e para t\u00eb shtatorit, me temperatura t\u00eb larta q\u00eb pritet t\u00eb vijojn\u00eb edhe gjat\u00eb jav\u00ebs s\u00eb ardhshme. Sinoptikania Elida Malo\u00e7ali, n\u00eb nj\u00eb lidhje t\u00eb drejtp\u00ebrdrejt\u00eb n\u00eb nj\u00eb studio televizive, dha parashikimin e motit p\u00ebr fundjav\u00ebn dhe dit\u00ebt n\u00eb\u2026","rel":"","context":"In &quot;Blogu i Udh\u00ebtarit&quot;","block_context":{"text":"Blogu i Udh\u00ebtarit","link":"https:\/\/www.shqiperia.com\/blog\/category\/blogu-i-udhetarit\/"},"img":{"alt_text":"","src":"https:\/\/i0.wp.com\/www.shqiperia.com\/blog\/wp-content\/uploads\/2026\/08\/640-0-greqi-vape-1724171595.webp?fit=640%2C428&ssl=1&resize=350%2C200","width":350,"height":200,"srcset":"https:\/\/i0.wp.com\/www.shqiperia.com\/blog\/wp-content\/uploads\/2026\/08\/640-0-greqi-vape-1724171595.webp?fit=640%2C428&ssl=1&resize=350%2C200 1x, https:\/\/i0.wp.com\/www.shqiperia.com\/blog\/wp-content\/uploads\/2026\/08\/640-0-greqi-vape-1724171595.webp?fit=640%2C428&ssl=1&resize=525%2C300 1.5x"},"classes":[]},{"id":105778,"url":"https:\/\/www.shqiperia.com\/blog\/banka-boterore-ne-shqiperi-56-e-te-anketuarve-e-shohin-korrupsionin-si-pengesen-kryesore\/","url_meta":{"origin":105953,"position":4},"title":"Banka Bot\u00ebrore: N\u00eb Shqip\u00ebri 56% e t\u00eb anketuarve e shohin korrupsionin si penges\u00ebn kryesore","author":"Kurt Farka","date":"September 2, 2026","format":false,"excerpt":"2 Shtator 2026 Korrupsioni shihet si pengesa kryesore q\u00eb frenon reformat ekonomike dhe sociale n\u00eb Shqip\u00ebri. Ky \u00ebsht\u00eb nj\u00eb nga p\u00ebrfundimet m\u00eb t\u00eb forta t\u00eb anket\u00ebs s\u00eb Bank\u00ebs Bot\u00ebrore p\u00ebr vitin 2026, ku 56 p\u00ebr qind e t\u00eb pyeturve e rendisin korrupsionin si faktorin kryesor q\u00eb ngadal\u00ebson ose pengon reformat\u2026","rel":"","context":"In &quot;Blogu i Udh\u00ebtarit&quot;","block_context":{"text":"Blogu i Udh\u00ebtarit","link":"https:\/\/www.shqiperia.com\/blog\/category\/blogu-i-udhetarit\/"},"img":{"alt_text":"","src":"https:\/\/i0.wp.com\/www.shqiperia.com\/blog\/wp-content\/uploads\/2026\/09\/Edi-Rama-Luftojme-Korrupsioni-karikature-fragment.jpg?fit=509%2C435&ssl=1&resize=350%2C200","width":350,"height":200},"classes":[]},{"id":105646,"url":"https:\/\/www.shqiperia.com\/blog\/piktoret-mblidhen-ne-pogradec-artiste-nga-vende-te-ndryshme-te-botes-pjese-e-kolonise-nderkombetare\/","url_meta":{"origin":105953,"position":5},"title":"Piktor\u00ebt mblidhen n\u00eb Pogradec, artist\u00eb nga vende t\u00eb ndryshme t\u00eb bot\u00ebs, pjes\u00eb e Kolonis\u00eb Nd\u00ebrkomb\u00ebtare","author":"Kurt Farka","date":"September 1, 2026","format":false,"excerpt":"1 Shtator 2026 Pogradeci ka mbledhur edhe k\u00ebt\u00eb vit artist\u00eb nga vende t\u00eb ndryshme t\u00eb bot\u00ebs n\u00eb edicionin e 17-t\u00eb t\u00eb Kolonis\u00eb Nd\u00ebrkomb\u00ebtare t\u00eb Artit. Rreth 20 piktor\u00eb nga mbi 10 shtete kan\u00eb sjell\u00eb n\u00eb telajo peizazhin e liqenit, natyr\u00ebn dhe element\u00eb t\u00eb kultur\u00ebs s\u00eb Pogradecit, duke e kthyer aktivitetin\u2026","rel":"","context":"In &quot;Arte&quot;","block_context":{"text":"Arte","link":"https:\/\/www.shqiperia.com\/blog\/category\/arte\/"},"img":{"alt_text":"","src":"https:\/\/i0.wp.com\/www.shqiperia.com\/blog\/wp-content\/uploads\/2026\/09\/th.jpg?fit=410%2C260&ssl=1&resize=350%2C200","width":350,"height":200},"classes":[]}],"_links":{"self":[{"href":"https:\/\/www.shqiperia.com\/blog\/wp-json\/wp\/v2\/posts\/105953","targetHints":{"allow":["GET"]}}],"collection":[{"href":"https:\/\/www.shqiperia.com\/blog\/wp-json\/wp\/v2\/posts"}],"about":[{"href":"https:\/\/www.shqiperia.com\/blog\/wp-json\/wp\/v2\/types\/post"}],"author":[{"embeddable":true,"href":"https:\/\/www.shqiperia.com\/blog\/wp-json\/wp\/v2\/users\/9"}],"replies":[{"embeddable":true,"href":"https:\/\/www.shqiperia.com\/blog\/wp-json\/wp\/v2\/comments?post=105953"}],"version-history":[{"count":1,"href":"https:\/\/www.shqiperia.com\/blog\/wp-json\/wp\/v2\/posts\/105953\/revisions"}],"predecessor-version":[{"id":105955,"href":"https:\/\/www.shqiperia.com\/blog\/wp-json\/wp\/v2\/posts\/105953\/revisions\/105955"}],"wp:featuredmedia":[{"embeddable":true,"href":"https:\/\/www.shqiperia.com\/blog\/wp-json\/wp\/v2\/media\/105954"}],"wp:attachment":[{"href":"https:\/\/www.shqiperia.com\/blog\/wp-json\/wp\/v2\/media?parent=105953"}],"wp:term":[{"taxonomy":"category","embeddable":true,"href":"https:\/\/www.shqiperia.com\/blog\/wp-json\/wp\/v2\/categories?post=105953"},{"taxonomy":"post_tag","embeddable":true,"href":"https:\/\/www.shqiperia.com\/blog\/wp-json\/wp\/v2\/tags?post=105953"}],"curies":[{"name":"wp","href":"https:\/\/api.w.org\/{rel}","templated":true}]}}