{"id":105950,"date":"2026-09-04T09:13:24","date_gmt":"2026-09-04T09:13:24","guid":{"rendered":"https:\/\/www.shqiperia.com\/blog\/?p=105950"},"modified":"2026-09-04T09:13:24","modified_gmt":"2026-09-04T09:13:24","slug":"rama-ne-panik-paralajmeron-shkermoqjen-e-ps-se","status":"publish","type":"post","link":"https:\/\/www.shqiperia.com\/blog\/rama-ne-panik-paralajmeron-shkermoqjen-e-ps-se\/","title":{"rendered":"Rama n\u00eb panik, paralajm\u00ebron shk\u00ebrmoqjen e PS-s\u00eb."},"content":{"rendered":"<div id=\"attachment_105951\" style=\"width: 668px\" class=\"wp-caption alignnone\"><img data-recalc-dims=\"1\" loading=\"lazy\" decoding=\"async\" aria-describedby=\"caption-attachment-105951\" data-attachment-id=\"105951\" data-permalink=\"https:\/\/www.shqiperia.com\/blog\/rama-ne-panik-paralajmeron-shkermoqjen-e-ps-se\/edi-rama-173\/\" data-orig-file=\"https:\/\/i0.wp.com\/www.shqiperia.com\/blog\/wp-content\/uploads\/2026\/09\/Edi-Rama-1.jpg?fit=657%2C430&amp;ssl=1\" data-orig-size=\"657,430\" data-comments-opened=\"1\" data-image-meta=\"{&quot;aperture&quot;:&quot;0&quot;,&quot;credit&quot;:&quot;&quot;,&quot;camera&quot;:&quot;&quot;,&quot;caption&quot;:&quot;&quot;,&quot;created_timestamp&quot;:&quot;1688645984&quot;,&quot;copyright&quot;:&quot;&quot;,&quot;focal_length&quot;:&quot;0&quot;,&quot;iso&quot;:&quot;0&quot;,&quot;shutter_speed&quot;:&quot;0&quot;,&quot;title&quot;:&quot;&quot;,&quot;orientation&quot;:&quot;0&quot;}\" data-image-title=\"Edi Rama\" data-image-description=\"\" data-image-caption=\"&lt;p&gt;Edi Rama&lt;\/p&gt;\n\" data-medium-file=\"https:\/\/i0.wp.com\/www.shqiperia.com\/blog\/wp-content\/uploads\/2026\/09\/Edi-Rama-1.jpg?fit=300%2C196&amp;ssl=1\" data-large-file=\"https:\/\/i0.wp.com\/www.shqiperia.com\/blog\/wp-content\/uploads\/2026\/09\/Edi-Rama-1.jpg?fit=657%2C430&amp;ssl=1\" class=\" wp-image-105951\" alt=\"\" src=\"https:\/\/i0.wp.com\/www.shqiperia.com\/blog\/wp-content\/uploads\/2026\/09\/Edi-Rama-1.jpg?resize=658%2C430&#038;ssl=1\" width=\"658\" height=\"430\" srcset=\"https:\/\/i0.wp.com\/www.shqiperia.com\/blog\/wp-content\/uploads\/2026\/09\/Edi-Rama-1.jpg?resize=300%2C196&amp;ssl=1 300w, https:\/\/i0.wp.com\/www.shqiperia.com\/blog\/wp-content\/uploads\/2026\/09\/Edi-Rama-1.jpg?resize=450%2C295&amp;ssl=1 450w, https:\/\/i0.wp.com\/www.shqiperia.com\/blog\/wp-content\/uploads\/2026\/09\/Edi-Rama-1.jpg?resize=600%2C393&amp;ssl=1 600w, https:\/\/i0.wp.com\/www.shqiperia.com\/blog\/wp-content\/uploads\/2026\/09\/Edi-Rama-1.jpg?resize=400%2C262&amp;ssl=1 400w, https:\/\/i0.wp.com\/www.shqiperia.com\/blog\/wp-content\/uploads\/2026\/09\/Edi-Rama-1.jpg?w=657&amp;ssl=1 657w\" sizes=\"auto, (max-width: 658px) 100vw, 658px\" \/><p id=\"caption-attachment-105951\" class=\"wp-caption-text\">Edi Rama<\/p><\/div>\n<p>4 Shtator 2026<\/p>\n<p>Kryeministri Edi Rama ka dh\u00ebn\u00eb dit\u00ebn e djeshme mesazhe t\u00eb forta p\u00ebr ministrat, deputet\u00ebt dhe gjith\u00eb struktur\u00ebn qeveris\u00ebse, duke paralajm\u00ebruar se \u201ckan\u00eb ardhur koh\u00eb t\u00eb k\u00ebqija\u201d p\u00ebr socialist\u00ebt dhe se askush nuk mund t\u00eb vazhdoj\u00eb ta shtyj\u00eb m\u00eb situat\u00ebn. Kreu i qeveris\u00eb ka pranuar publikisht se qeveria ka d\u00ebshtuar t\u00eb jet\u00eb aty ku qytetar\u00ebt kan\u00eb problemet e tyre konkrete, nd\u00ebrsa ka k\u00ebrkuar ndryshim t\u00eb m\u00ebnyr\u00ebs s\u00eb qeverisjes dhe p\u00ebrballje me t\u00eb metat e pushtetit.<\/p>\n<p>Paralajm\u00ebrimi i Ram\u00ebs vjen bashk\u00eb me nj\u00eb mesazh t\u00eb fort\u00eb p\u00ebr ministrat dhe deputet\u00ebt, t\u00eb cil\u00ebt, sipas tij, nuk mund t\u00eb q\u00ebndrojn\u00eb n\u00eb pushtet vet\u00ebm p\u00ebrmes justifikimeve apo propagand\u00ebs. Gjat\u00eb mbledhjes s\u00eb grupit parlamentar t\u00eb PS-s\u00eb, kreu i qeveris\u00eb, teksa prezantonte sistemet e reja q\u00eb do t\u2019i dedikohen reformimit t\u00eb qasjes s\u00eb shtetit ndaj qytetar\u00ebve dhe zgjidhjes s\u00eb problematikave apo pak\u00ebnaq\u00ebsive t\u00eb tyre, ka pasur edhe nj\u00eb \u201cp\u00ebrplasje\u201d me nj\u00eb nga socialist\u00ebt n\u00eb sall\u00eb. Konkretisht, teksa Rama ishte duke folur, n\u00eb sall\u00eb nj\u00eb prej t\u00eb pranishm\u00ebve ishte duke qeshur.<\/p>\n<p>Kreu i qeveris\u00eb e ka v\u00ebn\u00eb re dhe, duke i t\u00ebrhequr v\u00ebmendjen, deklaroi \u201cPo qesh dikush aty? Kan\u00eb ardhur koh\u00eb t\u00eb k\u00ebqija. Kush mendon q\u00eb do e shtyj\u00eb sa ta shtyj\u00eb, do t\u00eb haj\u00eb nj\u00eb t\u00eb shtyr\u00eb q\u00eb n\u00eb fund do t\u2019i lutet Zotit kur do bjer\u00eb n\u00eb fund. Nuk shtyhet m\u00eb k\u00ebshtu. Provimi nuk \u00ebsht\u00eb vet\u00ebm nj\u00eb ekran, por sistem\u201d, tha Rama.<\/p>\n<p><strong>Propaganda<\/strong><\/p>\n<p>Duke folur p\u00ebr \u201cPasqyr\u00eb Albania\u201d, Rama tha se pushteti nuk duhet t\u00eb fshihet pas propagand\u00ebs, takimeve apo bilanceve q\u00eb paraqesin nj\u00eb realitet m\u00eb t\u00eb bukur nga ai q\u00eb p\u00ebrjetojn\u00eb qytetar\u00ebt. Sipas tij, qeveria duhet t\u00eb p\u00ebrballet me t\u00eb metat e veta dhe t\u00eb tregoj\u00eb n\u00ebse \u00ebsht\u00eb realisht e aft\u00eb t\u00eb ndryshoj\u00eb. \u201cNj\u00eb shtet q\u00eb nuk mban mend \u00e7far\u00eb ka th\u00ebn\u00eb dje, nuk k\u00ebrkon dot besim sot. Pasqyr\u00eb Albania nuk \u00ebsht\u00eb pasqyr\u00eb ku qeveria apo t\u00eb treja pushtetet, n\u00eb rast se futen n\u00eb Pasqyr\u00eb, shfaqen bukur para qytetarit.<\/p>\n<p>\u00cbsht\u00eb nj\u00eb pasqyr\u00eb ku qytetari e sheh qeverin\u00eb si\u00e7 \u00ebsht\u00eb.\u201d, tha ai. Rama e ka b\u00ebr\u00eb t\u00eb qart\u00eb se problemi nuk zgjidhet duke ndryshuar m\u00ebnyr\u00ebn se si paraqitet qeveria, por duke ndryshuar vet\u00eb qeverisjen. Dhe k\u00ebtu q\u00ebndron edhe paralajm\u00ebrimi m\u00eb i fort\u00eb p\u00ebr ata q\u00eb mbajn\u00eb poste publike. \u201cNj\u00eb qeveri q\u00eb nuk i duket bukur qytetarit n\u00eb pasqyr\u00eb, duhet t\u00eb p\u00ebrballet me testin e aft\u00ebsis\u00eb s\u00eb vet dhe me sfid\u00ebn q\u00eb t\u00eb p\u00ebrmir\u00ebsoj\u00eb pamjen e vet dhe jo pasqyr\u00ebn.<\/p>\n<p>\u00c7far\u00eb ka b\u00ebr\u00eb, \u00e7far\u00eb nuk ka b\u00ebr\u00eb akoma, \u00e7far\u00eb po ndryshon dhe \u00ebsht\u00eb n\u00eb gjendje t\u00eb jap\u00eb p\u00ebrgjigje p\u00ebr \u00e7far\u00eb pyetet, jan\u00eb t\u00eb gjitha barr\u00eb e pushtetit.\u201d, theksoi kryeministri. Ai l\u00eb t\u00eb kuptohet se ata q\u00eb nuk arrijn\u00eb t\u00eb p\u00ebrmir\u00ebsojn\u00eb performanc\u00ebn e tyre nuk mund t\u00eb vazhdojn\u00eb t\u00eb q\u00ebndrojn\u00eb n\u00eb pushtet vet\u00ebm p\u00ebrmes justifikimeve apo propagand\u00ebs.<\/p>\n<p>\u201cN\u00ebse pasqyra p\u00ebrdoret kund\u00ebr qeveris\u00eb, funksionon. Qeveria nuk duhet t\u00eb zihet me pasqyr\u00ebn, por duhet t\u00eb merret me veten. N\u00ebse nuk \u00ebsht\u00eb n\u00eb gjendje t\u00eb merret me veten, duhet t\u00eb hap\u00eb krahun. P\u00ebrndryshe nuk \u00ebsht\u00eb pasqyr\u00eb, por billboard reklamash qeveritare.\u201d, shtoi ai.<\/p>\n<p><strong>K\u00ebrc\u00ebnimi ndaj deputet\u00ebve p\u00ebr pun\u00ebsimet<\/strong><\/p>\n<p>Rama gjat\u00eb mbledhjes s\u00eb grupit parlamentar n\u00eb Pallatin e Brigadave paralajm\u00ebroi \u00a0gjithashtu deputet\u00eb e Partis\u00eb Socialiste, duke i k\u00ebrc\u00ebnuar se do t\u00eb propozoj\u00eb q\u00eb nd\u00ebrhyrjet e tyre p\u00ebr pun\u00ebsimin e personave p\u00ebrmes telefonatave apo mesazheve t\u00eb konsiderohen vep\u00ebr penale. \u201c\u00c7do deputet q\u00eb do t\u00eb fus\u00eb dik\u00eb n\u00eb pun\u00eb me telefon do t\u00eb konsiderohet vep\u00ebr penale\u201d, deklaroi Rama para deputet\u00ebve socialist\u00eb, duke shtuar se do t\u2019u k\u00ebrkoj\u00eb atyre ta votojn\u00eb k\u00ebt\u00eb nism\u00eb. \u201cDo ta propozoj k\u00ebt\u00eb dhe do t\u2019ju shoh t\u00eb gjith\u00ebve n\u00eb sy q\u00eb ta votoni\u201d, u shpreh kryeministri.<\/p>\n<p>Rama e argumentoi k\u00ebt\u00eb q\u00ebndrim me nevoj\u00ebn p\u00ebr t\u00eb garantuar barazi n\u00eb aksesin ndaj institucioneve dhe vendeve t\u00eb pun\u00ebs. Sipas tij, deputet\u00ebt nuk mund t\u00eb p\u00ebrdorin funksionin publik p\u00ebr t\u2019u hapur dyer pun\u00ebsimi personave t\u00eb caktuar p\u00ebrmes njohjeve dhe nd\u00ebrhyrjeve personale.<\/p>\n<p>\u201c\u00c7do mesazh i \u00e7uar: \u2018Fute k\u00ebt\u00eb n\u00eb pun\u00eb\u2019, \u2018shife nj\u00eb cik at\u00eb\u2019, do t\u00eb konsiderohet vep\u00ebr penale\u201d, tha Rama. Kryeministri e ashp\u00ebrsoi m\u00eb tej mesazhin ndaj deputet\u00ebve, duke e lidhur nd\u00ebrhyrjen p\u00ebr pun\u00ebsime me m\u00ebnyr\u00ebn se si ata p\u00ebrfaq\u00ebsojn\u00eb qytetar\u00ebt. \u201cSepse nj\u00eb deputet q\u00eb b\u00ebn k\u00ebt\u00eb nuk \u00ebsht\u00eb i denj\u00eb q\u00eb t\u00eb jet\u00eb p\u00ebrfaq\u00ebsues i atyre q\u00eb nuk kan\u00eb akses te WhatsApp-i i tij, q\u00eb nuk jan\u00eb shok\u00eb f\u00ebmij\u00ebrie t\u00eb tij\u201d, deklaroi ai.<\/p>\n","protected":false},"excerpt":{"rendered":"<p>4 Shtator 2026 Kryeministri Edi Rama ka dh\u00ebn\u00eb dit\u00ebn e djeshme mesazhe t\u00eb forta p\u00ebr ministrat, deputet\u00ebt dhe gjith\u00eb struktur\u00ebn qeveris\u00ebse, duke paralajm\u00ebruar se \u201ckan\u00eb ardhur koh\u00eb t\u00eb k\u00ebqija\u201d p\u00ebr socialist\u00ebt dhe se askush nuk mund t\u00eb vazhdoj\u00eb ta shtyj\u00eb m\u00eb situat\u00ebn. Kreu i qeveris\u00eb ka pranuar publikisht se qeveria ka d\u00ebshtuar t\u00eb jet\u00eb aty [&hellip;]<\/p>\n","protected":false},"author":9,"featured_media":105951,"comment_status":"open","ping_status":"open","sticky":false,"template":"","format":"standard","meta":{"jetpack_post_was_ever_published":false,"_jetpack_newsletter_access":"","_jetpack_dont_email_post_to_subs":false,"_jetpack_newsletter_tier_id":0,"_jetpack_memberships_contains_paywalled_content":false,"_jetpack_memberships_contains_paid_content":false,"footnotes":"","jetpack_publicize_message":"","jetpack_publicize_feature_enabled":true,"jetpack_social_post_already_shared":true,"jetpack_social_options":{"image_generator_settings":{"template":"highway","default_image_id":0,"font":"","enabled":false},"version":2}},"categories":[27,1,2,35],"tags":[],"class_list":["post-105950","post","type-post","status-publish","format-standard","has-post-thumbnail","hentry","category-blogu-i-udhetarit","category-njoftime-shtypi","category-politika","category-shoqerore"],"jetpack_publicize_connections":[],"jetpack_featured_media_url":"https:\/\/i0.wp.com\/www.shqiperia.com\/blog\/wp-content\/uploads\/2026\/09\/Edi-Rama-1.jpg?fit=657%2C430&ssl=1","jetpack_sharing_enabled":true,"jetpack_shortlink":"https:\/\/wp.me\/p5Z6wp-ryS","jetpack-related-posts":[{"id":105023,"url":"https:\/\/www.shqiperia.com\/blog\/arrine-ne-pogradec-belina-balluku-me-deputetet-e-fierit-rama-ka-ardhur-perpara-per-ti-pritur\/","url_meta":{"origin":105950,"position":0},"title":"Arrin\u00eb n\u00eb Pogradec Belina Balluku me deputet\u00ebt e Fierit. Rama ka ardhur perpara per ti pritur.","author":"Kurt Farka","date":"August 23, 2026","format":false,"excerpt":"23 Gusht 2026 Dit\u00ebt e Gushtit po shkojn\u00eb drejt fundit, nd\u00ebrkoh\u00eb ethet e k\u00ebtij muaji p\u00ebr Partin\u00eb Socialiste e cila qeveris vendin n\u00eb mandatit e kat\u00ebrt po shtohen. Kjo si pasoj\u00eb e nisjes t\u00eb vrullshme t\u00eb sesionit t\u00eb ri politik nga Edi Rama, me dy takime t\u00eb r\u00ebnd\u00ebsishme, nj\u00eb q\u00eb\u2026","rel":"","context":"In &quot;Blogu i Udh\u00ebtarit&quot;","block_context":{"text":"Blogu i Udh\u00ebtarit","link":"https:\/\/www.shqiperia.com\/blog\/category\/blogu-i-udhetarit\/"},"img":{"alt_text":"","src":"https:\/\/i0.wp.com\/www.shqiperia.com\/blog\/wp-content\/uploads\/2026\/08\/762689152_3762198220600953_7001392962709730454_n-1.jpg?fit=997%2C581&ssl=1&resize=350%2C200","width":350,"height":200,"srcset":"https:\/\/i0.wp.com\/www.shqiperia.com\/blog\/wp-content\/uploads\/2026\/08\/762689152_3762198220600953_7001392962709730454_n-1.jpg?fit=997%2C581&ssl=1&resize=350%2C200 1x, https:\/\/i0.wp.com\/www.shqiperia.com\/blog\/wp-content\/uploads\/2026\/08\/762689152_3762198220600953_7001392962709730454_n-1.jpg?fit=997%2C581&ssl=1&resize=525%2C300 1.5x, https:\/\/i0.wp.com\/www.shqiperia.com\/blog\/wp-content\/uploads\/2026\/08\/762689152_3762198220600953_7001392962709730454_n-1.jpg?fit=997%2C581&ssl=1&resize=700%2C400 2x"},"classes":[]},{"id":105547,"url":"https:\/\/www.shqiperia.com\/blog\/qeveria-kater-dite-pa-kryeminister-arratisja-e-mistershme-e-edi-rames-jashte-vendit-pa-njoftim-zyrtar-kush-e-thirri-me-urgjence-kryeministrin\/","url_meta":{"origin":105950,"position":1},"title":"Qeveria kat\u00ebr dit\u00eb pa kryeminist\u00ebr, arratisja e mistershme e Edi Ram\u00ebs jasht\u00eb vendit pa njoftim zyrtar, kush e thirri me urgjenc\u00eb kryeministrin?","author":"Kurt Farka","date":"August 31, 2026","format":false,"excerpt":"31 Gusht 2026 Kat\u00ebr dit\u00eb t\u00eb axhend\u00ebs s\u00eb Edi Ram\u00ebs kan\u00eb mbetur n\u00eb nj\u00eb pik\u00ebpyetje t\u00eb madhe. B\u00ebhet fjal\u00eb p\u00ebr dit\u00ebt nga e marta deri t\u00eb premten e jav\u00ebs q\u00eb lam\u00eb pas. N\u00eb publik, gjat\u00eb k\u00ebsaj periudhe, \u00ebsht\u00eb krijuar p\u00ebrshtypja se kryeministri ka vijuar normalisht aktivitetin politik n\u00eb Tiran\u00eb, me\u2026","rel":"","context":"In &quot;Blogu i Udh\u00ebtarit&quot;","block_context":{"text":"Blogu i Udh\u00ebtarit","link":"https:\/\/www.shqiperia.com\/blog\/category\/blogu-i-udhetarit\/"},"img":{"alt_text":"","src":"https:\/\/i0.wp.com\/www.shqiperia.com\/blog\/wp-content\/uploads\/2026\/08\/Edi-Rama-2.jpg?fit=1068%2C712&ssl=1&resize=350%2C200","width":350,"height":200,"srcset":"https:\/\/i0.wp.com\/www.shqiperia.com\/blog\/wp-content\/uploads\/2026\/08\/Edi-Rama-2.jpg?fit=1068%2C712&ssl=1&resize=350%2C200 1x, https:\/\/i0.wp.com\/www.shqiperia.com\/blog\/wp-content\/uploads\/2026\/08\/Edi-Rama-2.jpg?fit=1068%2C712&ssl=1&resize=525%2C300 1.5x, https:\/\/i0.wp.com\/www.shqiperia.com\/blog\/wp-content\/uploads\/2026\/08\/Edi-Rama-2.jpg?fit=1068%2C712&ssl=1&resize=700%2C400 2x, https:\/\/i0.wp.com\/www.shqiperia.com\/blog\/wp-content\/uploads\/2026\/08\/Edi-Rama-2.jpg?fit=1068%2C712&ssl=1&resize=1050%2C600 3x"},"classes":[]},{"id":105288,"url":"https:\/\/www.shqiperia.com\/blog\/arrestimi-i-agasit-reagon-shehaj-radha-e-rames-e-kishte-krah-te-djathte-e-mbrojti-nderkombetarisht\/","url_meta":{"origin":105950,"position":2},"title":"Arrestimi i Agasit, reagon Shehaj: Radha e Ram\u00ebs, e kishte krah t\u00eb djatht\u00eb, e mbrojti nd\u00ebrkomb\u00ebtarisht","author":"Kurt Farka","date":"August 27, 2026","format":false,"excerpt":"27 Gusht 2026 Kryetari i Partis\u00eb Mund\u00ebsia Agron Shehaj ka reaguar lidhur me arrestimin e Ergys Agasit, i shpallur n\u00eb k\u00ebrkim nga SPAK n\u00eb kuad\u00ebr t\u00eb dosjes s\u00eb AKSHI-t. N\u00eb nj\u00eb video n\u00eb rrjetet sociale Shehaj thekson se Agasi ishte krahu i djatht\u00eb i kryeministrit dhe se tani radha \u00ebsht\u00eb\u2026","rel":"","context":"In &quot;Blogu i Udh\u00ebtarit&quot;","block_context":{"text":"Blogu i Udh\u00ebtarit","link":"https:\/\/www.shqiperia.com\/blog\/category\/blogu-i-udhetarit\/"},"img":{"alt_text":"","src":"https:\/\/i0.wp.com\/www.shqiperia.com\/blog\/wp-content\/uploads\/2026\/08\/shehaj-3.jpg?fit=621%2C323&ssl=1&resize=350%2C200","width":350,"height":200,"srcset":"https:\/\/i0.wp.com\/www.shqiperia.com\/blog\/wp-content\/uploads\/2026\/08\/shehaj-3.jpg?fit=621%2C323&ssl=1&resize=350%2C200 1x, https:\/\/i0.wp.com\/www.shqiperia.com\/blog\/wp-content\/uploads\/2026\/08\/shehaj-3.jpg?fit=621%2C323&ssl=1&resize=525%2C300 1.5x"},"classes":[]},{"id":105912,"url":"https:\/\/www.shqiperia.com\/blog\/fabula-e-re-e-edi-rames-shqiptareve-pasqyren-per-vete-milionat\/","url_meta":{"origin":105950,"position":3},"title":"Fabula e re e Edi Ram\u00ebs: &#8211; Shqiptar\u00ebve pasqyr\u00ebn, p\u00ebr vete milionat","author":"Kurt Farka","date":"September 4, 2026","format":false,"excerpt":"4 Shtator 2026 Nga\u00a0Armand Shkullaku\u00a0 Qeverisja e vendit ka hyr\u00eb n\u00eb nj\u00eb faz\u00eb terminale, ku kryeministri b\u00ebn sikur drejton dhe ata q\u00eb ka posht\u00eb b\u00ebjn\u00eb sikur e d\u00ebgjojn\u00eb. I shteruar nga idet\u00eb dhe i konsumuar nga skandalet kriminale, Edi Rama po p\u00ebrpiqet t\u00eb thurr\u00eb nj\u00eb rr\u00ebfim t\u00eb ri p\u00ebr t\u00eb\u2026","rel":"","context":"In &quot;Blogu i Udh\u00ebtarit&quot;","block_context":{"text":"Blogu i Udh\u00ebtarit","link":"https:\/\/www.shqiperia.com\/blog\/category\/blogu-i-udhetarit\/"},"img":{"alt_text":"","src":"https:\/\/i0.wp.com\/www.shqiperia.com\/blog\/wp-content\/uploads\/2026\/09\/600-388-afjpg-1788456292.jpg?fit=600%2C388&ssl=1&resize=350%2C200","width":350,"height":200,"srcset":"https:\/\/i0.wp.com\/www.shqiperia.com\/blog\/wp-content\/uploads\/2026\/09\/600-388-afjpg-1788456292.jpg?fit=600%2C388&ssl=1&resize=350%2C200 1x, https:\/\/i0.wp.com\/www.shqiperia.com\/blog\/wp-content\/uploads\/2026\/09\/600-388-afjpg-1788456292.jpg?fit=600%2C388&ssl=1&resize=525%2C300 1.5x"},"classes":[]},{"id":101258,"url":"https:\/\/www.shqiperia.com\/blog\/edi-rama-i-rri-qeverise-si-zhele-e-zgjyrosur-gabi-pas-13-vitesh-pushtet-te-degraduar\/","url_meta":{"origin":105950,"position":4},"title":"Edi Rama i rri qeveris\u00eb si zhele e zgjyrosur gabi pas 13 vitesh pushtet t\u00eb degraduar","author":"Kurt Farka","date":"June 8, 2026","format":false,"excerpt":"8 Qershor 2026 Nga: Ilir Dako Pas 13 vitesh pushtet ka filluar t\u00eb ndihet degradimi i Edi Ram\u00ebs n\u00eb raport me qeverisjen dhe realitetin. K\u00ebto dit\u00eb protestash, kryeministri shqiptar ka filluar t\u00eb flas\u00eb me engj\u00ebjt dhe po manifeston qartazi degradimin e tij mental si nj\u00eb personazh q\u00eb jeton n\u00eb nj\u00eb\u2026","rel":"","context":"In &quot;Njoftime Shtypi&quot;","block_context":{"text":"Njoftime Shtypi","link":"https:\/\/www.shqiperia.com\/blog\/category\/njoftime-shtypi\/"},"img":{"alt_text":"","src":"https:\/\/i0.wp.com\/www.shqiperia.com\/blog\/wp-content\/uploads\/2026\/06\/edi-rama.jpg?fit=1200%2C785&ssl=1&resize=350%2C200","width":350,"height":200,"srcset":"https:\/\/i0.wp.com\/www.shqiperia.com\/blog\/wp-content\/uploads\/2026\/06\/edi-rama.jpg?fit=1200%2C785&ssl=1&resize=350%2C200 1x, https:\/\/i0.wp.com\/www.shqiperia.com\/blog\/wp-content\/uploads\/2026\/06\/edi-rama.jpg?fit=1200%2C785&ssl=1&resize=525%2C300 1.5x, https:\/\/i0.wp.com\/www.shqiperia.com\/blog\/wp-content\/uploads\/2026\/06\/edi-rama.jpg?fit=1200%2C785&ssl=1&resize=700%2C400 2x, https:\/\/i0.wp.com\/www.shqiperia.com\/blog\/wp-content\/uploads\/2026\/06\/edi-rama.jpg?fit=1200%2C785&ssl=1&resize=1050%2C600 3x"},"classes":[]},{"id":103027,"url":"https:\/\/www.shqiperia.com\/blog\/rama-ata-qe-bertasin-per-shqiperine-e-shqiptareve-jane-e-keqja-me-e-madhe-qe-mund-ti-ndodhe-ketij-vendi\/","url_meta":{"origin":105950,"position":5},"title":"Rama: &#8211; Ata q\u00eb b\u00ebrtasin p\u00ebr \u201cShqip\u00ebrin\u00eb e shqiptar\u00ebve\u201d jan\u00eb e keqja m\u00eb e madhe q\u00eb mund t\u2019i ndodh\u00eb k\u00ebtij vendi","author":"Kurt Farka","date":"July 21, 2026","format":false,"excerpt":"21 Korrik 2026 Kryeministri Edi Rama refuzon k\u00ebrkes\u00ebn e protestuesve p\u00ebr t\u00eb anuluar Paket\u00ebn e Maleve. N\u00eb nj\u00eb video live n\u00eb Facebook,\u00a0kryeministri deklaroi se\u00a0Paketa e Maleve po shitet si nj\u00eb \u201cakt tradhtie\u201d nga ana e tij, nd\u00ebrsa e mbrojti ligjin duke th\u00ebn\u00eb se \u00ebsht\u00eb nj\u00eb mund\u00ebsi p\u00ebr emigrant\u00ebt q\u00eb duan\u2026","rel":"","context":"In &quot;Blogu i Udh\u00ebtarit&quot;","block_context":{"text":"Blogu i Udh\u00ebtarit","link":"https:\/\/www.shqiperia.com\/blog\/category\/blogu-i-udhetarit\/"},"img":{"alt_text":"","src":"https:\/\/i0.wp.com\/www.shqiperia.com\/blog\/wp-content\/uploads\/2026\/07\/Edi-Rama-3-1.jpg?fit=640%2C487&ssl=1&resize=350%2C200","width":350,"height":200,"srcset":"https:\/\/i0.wp.com\/www.shqiperia.com\/blog\/wp-content\/uploads\/2026\/07\/Edi-Rama-3-1.jpg?fit=640%2C487&ssl=1&resize=350%2C200 1x, https:\/\/i0.wp.com\/www.shqiperia.com\/blog\/wp-content\/uploads\/2026\/07\/Edi-Rama-3-1.jpg?fit=640%2C487&ssl=1&resize=525%2C300 1.5x"},"classes":[]}],"_links":{"self":[{"href":"https:\/\/www.shqiperia.com\/blog\/wp-json\/wp\/v2\/posts\/105950","targetHints":{"allow":["GET"]}}],"collection":[{"href":"https:\/\/www.shqiperia.com\/blog\/wp-json\/wp\/v2\/posts"}],"about":[{"href":"https:\/\/www.shqiperia.com\/blog\/wp-json\/wp\/v2\/types\/post"}],"author":[{"embeddable":true,"href":"https:\/\/www.shqiperia.com\/blog\/wp-json\/wp\/v2\/users\/9"}],"replies":[{"embeddable":true,"href":"https:\/\/www.shqiperia.com\/blog\/wp-json\/wp\/v2\/comments?post=105950"}],"version-history":[{"count":1,"href":"https:\/\/www.shqiperia.com\/blog\/wp-json\/wp\/v2\/posts\/105950\/revisions"}],"predecessor-version":[{"id":105952,"href":"https:\/\/www.shqiperia.com\/blog\/wp-json\/wp\/v2\/posts\/105950\/revisions\/105952"}],"wp:featuredmedia":[{"embeddable":true,"href":"https:\/\/www.shqiperia.com\/blog\/wp-json\/wp\/v2\/media\/105951"}],"wp:attachment":[{"href":"https:\/\/www.shqiperia.com\/blog\/wp-json\/wp\/v2\/media?parent=105950"}],"wp:term":[{"taxonomy":"category","embeddable":true,"href":"https:\/\/www.shqiperia.com\/blog\/wp-json\/wp\/v2\/categories?post=105950"},{"taxonomy":"post_tag","embeddable":true,"href":"https:\/\/www.shqiperia.com\/blog\/wp-json\/wp\/v2\/tags?post=105950"}],"curies":[{"name":"wp","href":"https:\/\/api.w.org\/{rel}","templated":true}]}}