{"id":105947,"date":"2026-09-04T09:07:53","date_gmt":"2026-09-04T09:07:53","guid":{"rendered":"https:\/\/www.shqiperia.com\/blog\/?p=105947"},"modified":"2026-09-04T09:07:53","modified_gmt":"2026-09-04T09:07:53","slug":"skandali-me-pergjimet-e-sky-ecc-emrat-e-rames-balles-dhe-ministrave-te-perseritur-ne-disa-dosje-ja-si-avokati-ne-belgjike-nxori-zbuluar-drejtesine-shqiptare-si-po-selektohen-materialet-per-te-shpe","status":"publish","type":"post","link":"https:\/\/www.shqiperia.com\/blog\/skandali-me-pergjimet-e-sky-ecc-emrat-e-rames-balles-dhe-ministrave-te-perseritur-ne-disa-dosje-ja-si-avokati-ne-belgjike-nxori-zbuluar-drejtesine-shqiptare-si-po-selektohen-materialet-per-te-shpe\/","title":{"rendered":"Skandali me p\u00ebrgjimet e SKY ECC, emrat e Ram\u00ebs, Ball\u00ebs dhe ministrave t\u00eb p\u00ebrs\u00ebritur n\u00eb disa dosje, ja si avokati n\u00eb Belgjik\u00eb nxori zbuluar drejt\u00ebsin\u00eb shqiptare, si po selektohen materialet p\u00ebr t\u00eb shp\u00ebtuar emrat \u201cVIP\u201d t\u00eb politik\u00ebs"},"content":{"rendered":"<p><img data-recalc-dims=\"1\" loading=\"lazy\" decoding=\"async\" data-attachment-id=\"105948\" data-permalink=\"https:\/\/www.shqiperia.com\/blog\/skandali-me-pergjimet-e-sky-ecc-emrat-e-rames-balles-dhe-ministrave-te-perseritur-ne-disa-dosje-ja-si-avokati-ne-belgjike-nxori-zbuluar-drejtesine-shqiptare-si-po-selektohen-materialet-per-te-shpe\/800-0-politike-fq-3-sky-ecc-6a9a812678776\/\" data-orig-file=\"https:\/\/i0.wp.com\/www.shqiperia.com\/blog\/wp-content\/uploads\/2026\/09\/800-0-politike-fq-3-sky-ecc-6a9a812678776.jpg?fit=800%2C450&amp;ssl=1\" data-orig-size=\"800,450\" data-comments-opened=\"1\" data-image-meta=\"{&quot;aperture&quot;:&quot;0&quot;,&quot;credit&quot;:&quot;&quot;,&quot;camera&quot;:&quot;&quot;,&quot;caption&quot;:&quot;&quot;,&quot;created_timestamp&quot;:&quot;0&quot;,&quot;copyright&quot;:&quot;&quot;,&quot;focal_length&quot;:&quot;0&quot;,&quot;iso&quot;:&quot;0&quot;,&quot;shutter_speed&quot;:&quot;0&quot;,&quot;title&quot;:&quot;&quot;,&quot;orientation&quot;:&quot;0&quot;}\" data-image-title=\"-800-0-politike-fq-3-sky-ecc-6a9a812678776\" data-image-description=\"\" data-image-caption=\"\" data-medium-file=\"https:\/\/i0.wp.com\/www.shqiperia.com\/blog\/wp-content\/uploads\/2026\/09\/800-0-politike-fq-3-sky-ecc-6a9a812678776.jpg?fit=300%2C169&amp;ssl=1\" data-large-file=\"https:\/\/i0.wp.com\/www.shqiperia.com\/blog\/wp-content\/uploads\/2026\/09\/800-0-politike-fq-3-sky-ecc-6a9a812678776.jpg?fit=800%2C450&amp;ssl=1\" class=\"alignnone  wp-image-105948\" alt=\"\" src=\"https:\/\/i0.wp.com\/www.shqiperia.com\/blog\/wp-content\/uploads\/2026\/09\/800-0-politike-fq-3-sky-ecc-6a9a812678776.jpg?resize=575%2C324&#038;ssl=1\" width=\"575\" height=\"324\" srcset=\"https:\/\/i0.wp.com\/www.shqiperia.com\/blog\/wp-content\/uploads\/2026\/09\/800-0-politike-fq-3-sky-ecc-6a9a812678776.jpg?resize=300%2C169&amp;ssl=1 300w, https:\/\/i0.wp.com\/www.shqiperia.com\/blog\/wp-content\/uploads\/2026\/09\/800-0-politike-fq-3-sky-ecc-6a9a812678776.jpg?resize=768%2C432&amp;ssl=1 768w, https:\/\/i0.wp.com\/www.shqiperia.com\/blog\/wp-content\/uploads\/2026\/09\/800-0-politike-fq-3-sky-ecc-6a9a812678776.jpg?resize=450%2C253&amp;ssl=1 450w, https:\/\/i0.wp.com\/www.shqiperia.com\/blog\/wp-content\/uploads\/2026\/09\/800-0-politike-fq-3-sky-ecc-6a9a812678776.jpg?resize=600%2C338&amp;ssl=1 600w, https:\/\/i0.wp.com\/www.shqiperia.com\/blog\/wp-content\/uploads\/2026\/09\/800-0-politike-fq-3-sky-ecc-6a9a812678776.jpg?resize=400%2C225&amp;ssl=1 400w, https:\/\/i0.wp.com\/www.shqiperia.com\/blog\/wp-content\/uploads\/2026\/09\/800-0-politike-fq-3-sky-ecc-6a9a812678776.jpg?w=800&amp;ssl=1 800w\" sizes=\"auto, (max-width: 575px) 100vw, 575px\" \/><\/p>\n<p>4 Shtator 2026<\/p>\n<p>N\u00eb reagimin e tij p\u00ebr \u201cNTV Televizion\u201d, gazetari\u00a0 Basri\u00a0 \u00c7ollaku theksoi se po at\u00eb dit\u00eb n\u00eb nj\u00eb proces gjyq\u00ebsor n\u00eb Belgjik\u00eb p\u00ebr trafik nd\u00ebrkomb\u00ebtar droge dhe pastrim parash, avokati i t\u00eb pandehurve akuzoi drejt\u00ebsin\u00eb shqiptare p\u00ebr selektim t\u00eb dosjeve dhe mosp\u00ebrfshirje t\u00eb personave me pesh\u00eb politike, edhe pse emri i kryeministrit Rama p\u00ebrmendet n\u00eb p\u00ebrgjimet e komunikimeve.<\/p>\n<p>Po ashtu, \u00c7ollaku ve\u00e7oi l\u00ebnien n\u00eb qeli n\u00eb Franc\u00eb t\u00eb Ermal Beqirajt, i bashk\u00ebakuzuar me Agasin, si dhe paralajm\u00ebrimin e nj\u00eb tjet\u00ebr interviste komprometuese t\u00eb ish-z\u00ebvend\u00ebskryeministrit Arben Ahmetaj. Gazetari ngriti shqet\u00ebsimin se p\u00ebrdorimi i ve\u00e7imit t\u00eb dosjeve n\u00eb &#8220;fraksione&#8221; nga Struktura e Posa\u00e7me po sh\u00ebrben si procedur\u00eb p\u00ebr t\u00eb shtyr\u00eb hetimet dhe p\u00ebr t\u00eb shp\u00ebtuar zyrtar\u00ebt e lart\u00eb nga p\u00ebrgjegj\u00ebsia penale.<\/p>\n<p><strong>Familjar\u00ebt e Ram\u00ebs<\/strong><\/p>\n<p>\u00c7ollaku deklaroi gjithashtu \u00a0n\u00eb \u00a0nj\u00eb emision tjet\u00ebr televiziv se Prokuroria Publike Europiane (EPPO) ka nisur hetime p\u00ebr \u00e7\u00ebshtje q\u00eb lidhen me korrupsionin dhe abuzimet e zyrtar\u00ebve shqiptar\u00eb. Sipas tij, n\u00eb dy prej k\u00ebtyre procedimeve ka p\u00ebrfshirje direkte ose indirekte t\u00eb personave shum\u00eb pran\u00eb kryeministrit Edi Rama, duke p\u00ebrmendur edhe familjar\u00eb t\u00eb tij.<\/p>\n<p>\u00c7ollaku tha se k\u00ebto hetime kan\u00eb nisur prej disa muajsh dhe se Rama duhet t\u00eb jet\u00eb \u201cshum\u00eb i alarmuar\u201d. \u201cProkuroria Publike Europiane nisur hetime p\u00ebr \u00e7\u00ebshtje t\u00eb r\u00ebnd\u00ebsishme, t\u00eb zyrtar\u00ebve, pushtetar\u00ebve. Dhe un\u00eb them p\u00ebr dy nga k\u00ebto procedime, kryeministri i vendit duhet t\u00eb jet\u00eb shum\u00eb i alarmuar. Ai ka nj\u00eb, direkt ose indirekt ka nj\u00eb p\u00ebrfshirje n\u00eb k\u00ebt\u00eb me njer\u00ebz shum\u00eb pran\u00eb tij, un\u00eb do t\u00eb thoja familjar\u00eb\u201d, deklaroi \u00c7ollaku.<\/p>\n<p><strong>Informacionet e forta nga Basir \u00c7ollaku:<\/strong><\/p>\n<p>\u201cNj\u00eb individ i k\u00ebrkuar prej tet\u00eb muajsh, pra q\u00eb nga dhjetori i vitit t\u00eb shkuar, p\u00ebr t\u00eb cilin le t\u00eb themi mediatikisht kishte informacion t\u00eb shpesht\u00eb se po drekon me qeveritar\u00eb, me pushtetar\u00eb, madje dhe me kryeministrin (kam lexuar lajme jo t\u00eb pakta t\u00eb k\u00ebsaj natyre), edhe p\u00ebr aksesin q\u00eb ai kishte n\u00eb Policin\u00eb e Shtetit, ku p\u00ebrflitej q\u00eb ishte, le t\u00eb themi, donator i em\u00ebrimit t\u00eb drejtorit t\u00eb m\u00ebparsh\u00ebm, i emrave t\u00eb r\u00ebnd\u00ebsish\u00ebm n\u00eb Policin\u00eb e Shtetit; duket se kishte informacione dhe kredite p\u00ebr t\u00eb q\u00ebndruar i patrazuar, si shum\u00eb t\u00eb k\u00ebrkuar t\u00eb tjer\u00eb n\u00eb Shqip\u00ebri, p\u00ebr t\u00eb mos shkuar n\u00eb qeli.<\/p>\n<p>Un\u00eb e kam par\u00eb disi ndryshe at\u00eb dit\u00eb ndalimin. K\u00ebt\u00eb ma p\u00ebrforcon edhe sjellja e policis\u00eb. Kemi rikthimin e policis\u00eb n\u00eb operacionet e SPAK-ut. Kishim operacionet e m\u00ebparshme, n\u00eb pes\u00eb prej tyre t\u00eb pakt\u00ebn kishim vet\u00ebm BKH-n\u00eb, e cila kryente ndalime, arrestime, shoq\u00ebrime, pa pranin\u00eb e Policis\u00eb s\u00eb Shtetit, dhe k\u00ebt\u00eb e lajm\u00ebroi edhe drejtuesi aktual i k\u00ebsaj strukture, duke shfaqur mosbesimin p\u00ebr konspiracione jo t\u00eb pakta n\u00eb operacione t\u00eb m\u00ebparshme, si rrjedhje informacioni, largime, mosarrestime.<\/p>\n<p>K\u00ebt\u00eb her\u00eb kishim Policin\u00eb e Shtetit. Dhe ajo q\u00eb m\u00eb b\u00ebri p\u00ebrshtypje gjat\u00eb dit\u00ebs s\u00eb ndalimit, shoq\u00ebrimit dhe arrestimit t\u00eb Agasit, kishte video m\u00eb shum\u00eb se p\u00ebr spektaklin e k\u00ebtij arrestimit k\u00ebtu n\u00eb Rinas, p\u00ebr regjin\u00eb informative. Ky \u00ebsht\u00eb ai &#8220;ushqim p\u00ebr pula&#8221; i them un\u00eb shpeshher\u00eb, kur institucionet japin informacion t\u00eb shpesht\u00eb ditor p\u00ebr nj\u00eb ngjarje, kat\u00ebr her\u00eb, pes\u00eb her\u00eb reagojn\u00eb gjat\u00eb gjith\u00eb dit\u00ebs. Duket sikur \u00ebsht\u00eb nj\u00eb lloj sek\u00eblldie dhe sikleti i brendsh\u00ebm. P\u00ebrse?<\/p>\n<p>Ky m\u00eb ngjan pak a shum\u00eb me arrestimin e Ilir Met\u00ebs, jo nga p\u00ebrmbajtja, por nga forma e shp\u00ebrndarjes informative: Duhet patjet\u00ebr t\u00eb marrin v\u00ebmendjen e medias, t\u00eb marrin v\u00ebmendjen e informacionit, t\u00eb marrin v\u00ebmendjen e gazetar\u00ebve se kjo \u00ebsht\u00eb ajo ngjarje, p\u00ebr t\u00eb mos shkuar diku tjet\u00ebr. Dit\u00ebn e k\u00ebtij ndalimi, kishte dhe tri ngjarje t\u00eb tjera q\u00eb un\u00eb i kam gjykuar me pesh\u00eb dhe me siklet t\u00eb konsideruesh\u00ebm p\u00ebr kryeministrin e vendit. Cilat ishin?<\/p>\n<p>Nj\u00eb proces gjyq\u00ebsor n\u00eb Belgjik\u00eb, pra nj\u00eb \u00e7\u00ebshtje q\u00eb \u00ebsht\u00eb edhe n\u00eb gjykat\u00ebn e posa\u00e7me n\u00eb Tiran\u00eb p\u00ebr nj\u00eb grup kriminal p\u00ebr trafik nd\u00ebrkomb\u00ebtar t\u00eb kokain\u00ebs n\u00eb Belgjik\u00eb. Ermir Ndrea ishte drejtuesi i k\u00ebtij grupi sipas dosjes belge, e cila \u00ebsht\u00eb edhe n\u00eb Tiran\u00eb. Quhet belge sepse ka filluar atje, por quhet edhe shqiptare sepse \u00ebsht\u00eb k\u00ebtu dhe \u00ebsht\u00eb n\u00eb nisje t\u00eb procesit. Nj\u00eb nga p\u00ebrgjimet e publikuara ishte: &#8220;Kryeministri Rama ka pjes\u00ebn e tij.\u201dCil\u00ebn pjes\u00eb? Se ata po flisnin p\u00ebr trafik droge, pastrim parash, blerje hotelesh, miliona euro. Ka dhe persona t\u00eb tjer\u00eb aty q\u00eb flasin, bisedojn\u00eb n\u00eb telefon p\u00ebr t\u00eb ekzekutuar skem\u00ebn se si t\u00eb shkoj\u00eb pjesa te kryeministri. Avokati i t\u00eb pandehurit, avokati belg, ka dhe nj\u00eb lloj akuze p\u00ebr struktur\u00ebn e posa\u00e7me n\u00eb Tiran\u00eb.<\/p>\n<p>Nj\u00eb nd\u00ebr qortimet e tij ose pretendimet e tij, thot\u00eb q\u00eb dosja belge dhe dosja e Tiran\u00ebs jan\u00eb e nj\u00ebjta, por un\u00eb shoh se ndryshe nga k\u00ebtu n\u00eb Belgjik\u00eb, n\u00eb Bruksel, n\u00eb Tiran\u00eb prokuror\u00ebt atje marrin nga materialet element\u00ebt q\u00eb r\u00ebndojn\u00eb situat\u00ebn penale t\u00eb klientit t\u00eb mbrojtur nga un\u00eb dhe nuk shfryt\u00ebzojn\u00eb materiale p\u00ebr persona t\u00eb tjer\u00eb politik\u00eb dhe t\u00eb pushtetit. Ngjarja tjet\u00ebr e dyta, po at\u00eb dit\u00eb n\u00eb Franc\u00eb, gjykata la n\u00eb qeli Ermal Beqirajn, t\u00eb bashk\u00ebakuzuar me Agasin, n\u00eb p\u00ebrpjekje p\u00ebr ekstradim. Thon\u00eb nuk do t\u00eb ekstradohet, gjithsesi ai ka materiale t\u00eb mjaftueshme p\u00ebr t\u00eb th\u00ebn\u00eb q\u00eb ka frik\u00eb nga Rama, p\u00ebr pun\u00ebn q\u00eb mund t\u00eb ket\u00eb b\u00ebr\u00eb me Ram\u00ebn.<\/p>\n<p>Dhe po at\u00eb dit\u00eb u lajm\u00ebrua nj\u00eb intervist\u00eb e Arben Ahmetajt, e pesta mos gaboj, n\u00eb t\u00eb cil\u00ebn ka gj\u00ebra s\u00ebrish p\u00ebr kryeministrin e vendit, kompromentuese. Jan\u00eb tri ngjarje t\u00eb forta me shigjeta penale ndaj kryeministrit. Pa kaluar te Ahmetaj, gazetar\u00ebt duhet t\u00eb merreshim gjat\u00eb gjith\u00eb dit\u00ebs e deri m\u00eb sot, derisa t\u00eb merrnim p\u00ebrgjigjen e kryeministrit: Cili \u00ebsht\u00eb pozicioni jot n\u00eb dosjen belge?<\/p>\n<p>Se nuk \u00ebsht\u00eb e vetmja, ka dhe t\u00eb tjera ku p\u00ebrmendet emri i Ram\u00ebs, i Taulant Ball\u00ebs, i disa ministrave t\u00eb tjer\u00eb aty, aq i p\u00ebrs\u00ebritur \u00ebsht\u00eb. Dhe nuk \u00ebsht\u00eb p\u00ebr arsye njohjeje. Pretendimet e p\u00ebrgjimeve t\u00eb shumta q\u00eb jan\u00eb, q\u00eb struktura e posa\u00e7me pra ka marr\u00eb akuza dhe nga vendet partnere per\u00ebndimore, \u00ebsht\u00eb se po selekton. Dhe \u00e7far\u00eb jan\u00eb n\u00eb fund t\u00eb fundit fraksionet? Jan\u00eb &#8220;prit radh\u00ebn&#8221;.<\/p>\n<p>\u00c7far\u00eb \u00ebsht\u00eb ky fraksion? 10 vjet fraksion! Dhe tek fraksioni \u00e7udit\u00ebrisht na dalin emrat si\u00e7 \u00ebsht\u00eb tek Aruba, por edhe k\u00ebtu, edhe te dosjet e tjera t\u00eb incenerator\u00ebve: Jan\u00eb emrat e ministrave, deputet\u00ebve, t\u00eb cil\u00ebt do t\u00eb presin radh\u00ebn p\u00ebr t&#8217;u hetuar te k\u00ebta fraksionet. Dhe kur t\u00eb kalojn\u00eb dy, tre apo x vite, na del pak\u00ebz kot procedura, afati tjet\u00ebr, rr\u00ebshqasin, humbasin. Ata te fraksioneve are pik\u00ebrisht objekti i SPAK-ut, konvertohet n\u00eb fraksion dhe shp\u00ebton p\u00ebr procedur\u00eb\u201d.<\/p>\n<p>Nga Gazeta Sot<\/p>\n","protected":false},"excerpt":{"rendered":"<p>4 Shtator 2026 N\u00eb reagimin e tij p\u00ebr \u201cNTV Televizion\u201d, gazetari\u00a0 Basri\u00a0 \u00c7ollaku theksoi se po at\u00eb dit\u00eb n\u00eb nj\u00eb proces gjyq\u00ebsor n\u00eb Belgjik\u00eb p\u00ebr trafik nd\u00ebrkomb\u00ebtar droge dhe pastrim parash, avokati i t\u00eb pandehurve akuzoi drejt\u00ebsin\u00eb shqiptare p\u00ebr selektim t\u00eb dosjeve dhe mosp\u00ebrfshirje t\u00eb personave me pesh\u00eb politike, edhe pse emri i kryeministrit Rama [&hellip;]<\/p>\n","protected":false},"author":9,"featured_media":105948,"comment_status":"open","ping_status":"open","sticky":false,"template":"","format":"standard","meta":{"jetpack_post_was_ever_published":false,"_jetpack_newsletter_access":"","_jetpack_dont_email_post_to_subs":false,"_jetpack_newsletter_tier_id":0,"_jetpack_memberships_contains_paywalled_content":false,"_jetpack_memberships_contains_paid_content":false,"footnotes":"","jetpack_publicize_message":"","jetpack_publicize_feature_enabled":true,"jetpack_social_post_already_shared":true,"jetpack_social_options":{"image_generator_settings":{"template":"highway","default_image_id":0,"font":"","enabled":false},"version":2}},"categories":[27,1,2,35],"tags":[],"class_list":["post-105947","post","type-post","status-publish","format-standard","has-post-thumbnail","hentry","category-blogu-i-udhetarit","category-njoftime-shtypi","category-politika","category-shoqerore"],"jetpack_publicize_connections":[],"jetpack_featured_media_url":"https:\/\/i0.wp.com\/www.shqiperia.com\/blog\/wp-content\/uploads\/2026\/09\/800-0-politike-fq-3-sky-ecc-6a9a812678776.jpg?fit=800%2C450&ssl=1","jetpack_sharing_enabled":true,"jetpack_shortlink":"https:\/\/wp.me\/p5Z6wp-ryP","jetpack-related-posts":[{"id":105859,"url":"https:\/\/www.shqiperia.com\/blog\/taulant-balla-i-kapur-ne-pergjime-me-bandat-kriminale-nga-nje-shtet-i-be-pritet-nderhyrja-e-spak-per-flete-arrest-ndaj-deputetit-te-rames\/","url_meta":{"origin":105947,"position":0},"title":"Taulant Balla i kapur n\u00eb p\u00ebrgjime me bandat kriminale nga nj\u00eb shtet i BE, pritet nd\u00ebrhyrja e SPAK p\u00ebr flet\u00eb-arrest ndaj deputetit  t\u00eb Ram\u00ebs","author":"Kurt Farka","date":"September 3, 2026","format":false,"excerpt":"3 Shtator 2026 Taulant Balla rrezikon prangat pas p\u00ebrgjimeve q\u00eb e lidhin emrin e deputetit t\u00eb Edi Ram\u00ebs me bot\u00ebn e krimit. N\u00eb materialet hetimore kan\u00eb dal\u00eb biseda ku Balla p\u00ebrmendet me em\u00ebr dhe mbiem\u00ebr, nd\u00ebrsa \u00e7\u00ebshtja ka marr\u00eb edhe p\u00ebrmas\u00eb nd\u00ebrkomb\u00ebtare, pasi n\u00eb t\u00eb \u00ebsht\u00eb p\u00ebrfshir\u00eb nj\u00eb shtet an\u00ebtar\u2026","rel":"","context":"In &quot;Blogu i Udh\u00ebtarit&quot;","block_context":{"text":"Blogu i Udh\u00ebtarit","link":"https:\/\/www.shqiperia.com\/blog\/category\/blogu-i-udhetarit\/"},"img":{"alt_text":"","src":"https:\/\/i0.wp.com\/www.shqiperia.com\/blog\/wp-content\/uploads\/2026\/09\/maxresdefault.jpg?fit=1200%2C675&ssl=1&resize=350%2C200","width":350,"height":200,"srcset":"https:\/\/i0.wp.com\/www.shqiperia.com\/blog\/wp-content\/uploads\/2026\/09\/maxresdefault.jpg?fit=1200%2C675&ssl=1&resize=350%2C200 1x, https:\/\/i0.wp.com\/www.shqiperia.com\/blog\/wp-content\/uploads\/2026\/09\/maxresdefault.jpg?fit=1200%2C675&ssl=1&resize=525%2C300 1.5x, https:\/\/i0.wp.com\/www.shqiperia.com\/blog\/wp-content\/uploads\/2026\/09\/maxresdefault.jpg?fit=1200%2C675&ssl=1&resize=700%2C400 2x, https:\/\/i0.wp.com\/www.shqiperia.com\/blog\/wp-content\/uploads\/2026\/09\/maxresdefault.jpg?fit=1200%2C675&ssl=1&resize=1050%2C600 3x"},"classes":[]},{"id":102993,"url":"https:\/\/www.shqiperia.com\/blog\/te-kujt-jane-400-mln-euro-te-bllokuara-collaku-cilet-jane-familjaret-e-rames-qe-po-vezhgohen-per-transferta-parash\/","url_meta":{"origin":105947,"position":1},"title":"T\u00eb kujt jan\u00eb 400 mln euro t\u00eb bllokuara? \u00c7ollaku: &#8211; Cil\u00ebt jan\u00eb familjar\u00ebt e Ram\u00ebs q\u00eb po v\u00ebzhgohen p\u00ebr transferta parash.","author":"Kurt Farka","date":"July 20, 2026","format":false,"excerpt":"20 Korrik 2026 Gazetari Basir \u00c7ollaku, i ftuar n\u00eb emisionin 'Task Force' me Sonila Me\u00e7on, foli p\u00ebr zhvillimet e fundit dhe\u00a0deklaratat e sotme t\u00eb eurodeputetit \u00e7ek\u00a0Tom\u00e1\u0161 Zdechovsk\u00fd t\u00eb dh\u00ebna ekskluzivisht n\u00eb emisionin e mengjesit 'Kafe Shqeto',\u00a0n\u00eb SYRI TV, lidhur me pasurit\u00eb dhe transfertat financiare jasht\u00eb vendit t\u00eb familjar\u00ebve t\u00eb Edi\u2026","rel":"","context":"In &quot;Blogu i Udh\u00ebtarit&quot;","block_context":{"text":"Blogu i Udh\u00ebtarit","link":"https:\/\/www.shqiperia.com\/blog\/category\/blogu-i-udhetarit\/"},"img":{"alt_text":"","src":"https:\/\/i0.wp.com\/www.shqiperia.com\/blog\/wp-content\/uploads\/2026\/07\/731983557_2144742882925339_5562525319558845746_n-1.jpg?fit=526%2C469&ssl=1&resize=350%2C200","width":350,"height":200,"srcset":"https:\/\/i0.wp.com\/www.shqiperia.com\/blog\/wp-content\/uploads\/2026\/07\/731983557_2144742882925339_5562525319558845746_n-1.jpg?fit=526%2C469&ssl=1&resize=350%2C200 1x, https:\/\/i0.wp.com\/www.shqiperia.com\/blog\/wp-content\/uploads\/2026\/07\/731983557_2144742882925339_5562525319558845746_n-1.jpg?fit=526%2C469&ssl=1&resize=525%2C300 1.5x"},"classes":[]},{"id":105297,"url":"https:\/\/www.shqiperia.com\/blog\/edi-rama-i-perfshire-me-trafikantet-e-kokaines-belget-zbardhin-pergjimet-e-ermirit-te-cinco-cavalli-t-ja-si-u-mbyt-ne-droge-europa-nga-bandat-shqiptare-nje-komunikim\/","url_meta":{"origin":105947,"position":2},"title":"Edi Rama i p\u00ebrfshir\u00eb me trafikant\u00ebt e kokain\u00ebs, belg\u00ebt zbardhin p\u00ebrgjimet e Ermirit t\u00eb \u201cCinco Cavalli\u201d-t, ja si u mbyt n\u00eb drog\u00eb Europa nga bandat shqiptare   Nj\u00eb komunikim","author":"Kurt Farka","date":"August 27, 2026","format":false,"excerpt":"27 Gusht 2026 Nga: Gazeta Sot. Nj\u00eb komunikim i atribuuar Ermir Ndreajt, i njohur si \u201cCinco\u201d, \u00ebsht\u00eb nj\u00eb prej detajeve q\u00eb bie n\u00eb sy n\u00eb materialet e dosjes belge ku hetohet veprimtaria e nj\u00eb rrjeti nd\u00ebrkomb\u00ebtar t\u00eb trafikut t\u00eb kokain\u00ebs. N\u00eb bised\u00eb, Ndreaj diskuton p\u00ebr investime me vler\u00eb miliona euro\u2026","rel":"","context":"In &quot;Blogu i Udh\u00ebtarit&quot;","block_context":{"text":"Blogu i Udh\u00ebtarit","link":"https:\/\/www.shqiperia.com\/blog\/category\/blogu-i-udhetarit\/"},"img":{"alt_text":"","src":"https:\/\/i0.wp.com\/www.shqiperia.com\/blog\/wp-content\/uploads\/2026\/08\/ediii-6a8ff90b138e2.png?fit=689%2C368&ssl=1&resize=350%2C200","width":350,"height":200,"srcset":"https:\/\/i0.wp.com\/www.shqiperia.com\/blog\/wp-content\/uploads\/2026\/08\/ediii-6a8ff90b138e2.png?fit=689%2C368&ssl=1&resize=350%2C200 1x, https:\/\/i0.wp.com\/www.shqiperia.com\/blog\/wp-content\/uploads\/2026\/08\/ediii-6a8ff90b138e2.png?fit=689%2C368&ssl=1&resize=525%2C300 1.5x"},"classes":[]},{"id":103758,"url":"https:\/\/www.shqiperia.com\/blog\/bomba-ne-duart-e-francezeve-gazetari-flet-per-pergjimet-qe-fundosin-ramen-linden-baxhanakun-5-ministra\/","url_meta":{"origin":105947,"position":3},"title":"\u201cBomba\u201d n\u00eb duart e francez\u00ebve, gazetari flet p\u00ebr p\u00ebrgjimet q\u00eb fundosin Ram\u00ebn, Lind\u00ebn, baxhanakun, 5 ministra,\u2026","author":"Kurt Farka","date":"August 4, 2026","format":false,"excerpt":"4 Gusht 2026 Ndalimi n\u00eb Franc\u00eb i Ermal Beqirit ka rikthyer n\u00eb v\u00ebmendje afer\u00ebn e Agjencis\u00eb Komb\u00ebtare t\u00eb Shoq\u00ebris\u00eb s\u00eb Informacionit (AKSHI), p\u00ebr t\u00eb cil\u00ebn gazetari Basir \u00c7ollaku pretendon se shkon p\u00ebrtej personave t\u00eb hetuar deri m\u00eb tani. Ai deklaron se n\u00eb k\u00ebt\u00eb histori p\u00ebrfshihen emra t\u00eb niveleve t\u00eb larta,\u2026","rel":"","context":"In &quot;Blogu i Udh\u00ebtarit&quot;","block_context":{"text":"Blogu i Udh\u00ebtarit","link":"https:\/\/www.shqiperia.com\/blog\/category\/blogu-i-udhetarit\/"},"img":{"alt_text":"","src":"https:\/\/i0.wp.com\/www.shqiperia.com\/blog\/wp-content\/uploads\/2026\/08\/foto-3-rama-ermal-beqiri-vila-ne-france-AI-1140x570-1.jpg?fit=1140%2C570&ssl=1&resize=350%2C200","width":350,"height":200,"srcset":"https:\/\/i0.wp.com\/www.shqiperia.com\/blog\/wp-content\/uploads\/2026\/08\/foto-3-rama-ermal-beqiri-vila-ne-france-AI-1140x570-1.jpg?fit=1140%2C570&ssl=1&resize=350%2C200 1x, https:\/\/i0.wp.com\/www.shqiperia.com\/blog\/wp-content\/uploads\/2026\/08\/foto-3-rama-ermal-beqiri-vila-ne-france-AI-1140x570-1.jpg?fit=1140%2C570&ssl=1&resize=525%2C300 1.5x, https:\/\/i0.wp.com\/www.shqiperia.com\/blog\/wp-content\/uploads\/2026\/08\/foto-3-rama-ermal-beqiri-vila-ne-france-AI-1140x570-1.jpg?fit=1140%2C570&ssl=1&resize=700%2C400 2x, https:\/\/i0.wp.com\/www.shqiperia.com\/blog\/wp-content\/uploads\/2026\/08\/foto-3-rama-ermal-beqiri-vila-ne-france-AI-1140x570-1.jpg?fit=1140%2C570&ssl=1&resize=1050%2C600 3x"},"classes":[]},{"id":102266,"url":"https:\/\/www.shqiperia.com\/blog\/pas-kesaj-pyetjeje-rama-nisi-te-sillet-cuditshem-gazetari-i-bbc-se-zbardh-prapaskenat-e-intervistes-me-ramen-syte-e-tij-u\/","url_meta":{"origin":105947,"position":4},"title":"Pas k\u00ebsaj pyetjeje Rama nisi t\u00eb sillet \u00e7uditsh\u00ebm! Gazetari i BBC-s\u00eb zbardh prapaskenat e intervist\u00ebs me Ram\u00ebn: \u201cSyt\u00eb e tij u\u2026\u201d","author":"Kurt Farka","date":"July 5, 2026","format":false,"excerpt":"5 Korrik 2026 Nj\u00eb pyetje e drejtp\u00ebrdrejt\u00eb e korrespondentit t\u00eb njohur t\u00eb BBC-s\u00eb, Guy De Launey, duket se ka krijuar nj\u00eb moment tensioni t\u00eb paprecedent\u00eb gjat\u00eb nj\u00eb interviste me Kryeministrin e Shqip\u00ebris\u00eb, Edi Rama. P\u00ebrmes nj\u00eb postimi n\u00eb rrjetet sociale, De Launey ka ndar\u00eb me ndjek\u00ebsit e tij reagimin e\u2026","rel":"","context":"In &quot;Blogu i Udh\u00ebtarit&quot;","block_context":{"text":"Blogu i Udh\u00ebtarit","link":"https:\/\/www.shqiperia.com\/blog\/category\/blogu-i-udhetarit\/"},"img":{"alt_text":"","src":"https:\/\/i0.wp.com\/www.shqiperia.com\/blog\/wp-content\/uploads\/2026\/07\/736921988_1321743976790785_3314059344482884128_n.jpg?fit=1038%2C580&ssl=1&resize=350%2C200","width":350,"height":200,"srcset":"https:\/\/i0.wp.com\/www.shqiperia.com\/blog\/wp-content\/uploads\/2026\/07\/736921988_1321743976790785_3314059344482884128_n.jpg?fit=1038%2C580&ssl=1&resize=350%2C200 1x, https:\/\/i0.wp.com\/www.shqiperia.com\/blog\/wp-content\/uploads\/2026\/07\/736921988_1321743976790785_3314059344482884128_n.jpg?fit=1038%2C580&ssl=1&resize=525%2C300 1.5x, https:\/\/i0.wp.com\/www.shqiperia.com\/blog\/wp-content\/uploads\/2026\/07\/736921988_1321743976790785_3314059344482884128_n.jpg?fit=1038%2C580&ssl=1&resize=700%2C400 2x"},"classes":[]},{"id":101613,"url":"https:\/\/www.shqiperia.com\/blog\/kush-eshte-zyrtari-i-larte-afer-kryeministrit-rama-qe-ka-marre-pjese-ne-takimin-e-arubes\/","url_meta":{"origin":105947,"position":5},"title":"Kush \u00ebsht\u00eb zyrtari i lart\u00eb af\u00ebr kryeministrit Rama q\u00eb ka marr\u00eb pjes\u00eb n\u00eb takimin e Arub\u00ebs?","author":"Kurt Farka","date":"June 18, 2026","format":false,"excerpt":"Nga Orgen Peci \u200bP\u00ebr vite me radh\u00eb, takimi n\u00eb ishullin e larg\u00ebt t\u00eb Karaibeve, Aruba, mbajti statusin e nj\u00eb d\u00ebshmie misterioze n\u00eb dosjet sekrete t\u00eb policive evropiane. Sot, ky episod nuk \u00ebsht\u00eb m\u00eb nj\u00eb thashethem korridoresh. Ai \u00ebsht\u00eb kthyer n\u00eb nyj\u00ebn kryesore t\u00eb nj\u00eb hetimi t\u00eb madh t\u00eb Struktur\u00ebs s\u00eb\u2026","rel":"","context":"In &quot;Blogu i Udh\u00ebtarit&quot;","block_context":{"text":"Blogu i Udh\u00ebtarit","link":"https:\/\/www.shqiperia.com\/blog\/category\/blogu-i-udhetarit\/"},"img":{"alt_text":"","src":"https:\/\/i0.wp.com\/www.shqiperia.com\/blog\/wp-content\/uploads\/2026\/06\/Screenshot_20260618_182625_Gallery.jpg?fit=720%2C604&ssl=1&resize=350%2C200","width":350,"height":200,"srcset":"https:\/\/i0.wp.com\/www.shqiperia.com\/blog\/wp-content\/uploads\/2026\/06\/Screenshot_20260618_182625_Gallery.jpg?fit=720%2C604&ssl=1&resize=350%2C200 1x, https:\/\/i0.wp.com\/www.shqiperia.com\/blog\/wp-content\/uploads\/2026\/06\/Screenshot_20260618_182625_Gallery.jpg?fit=720%2C604&ssl=1&resize=525%2C300 1.5x, https:\/\/i0.wp.com\/www.shqiperia.com\/blog\/wp-content\/uploads\/2026\/06\/Screenshot_20260618_182625_Gallery.jpg?fit=720%2C604&ssl=1&resize=700%2C400 2x"},"classes":[]}],"_links":{"self":[{"href":"https:\/\/www.shqiperia.com\/blog\/wp-json\/wp\/v2\/posts\/105947","targetHints":{"allow":["GET"]}}],"collection":[{"href":"https:\/\/www.shqiperia.com\/blog\/wp-json\/wp\/v2\/posts"}],"about":[{"href":"https:\/\/www.shqiperia.com\/blog\/wp-json\/wp\/v2\/types\/post"}],"author":[{"embeddable":true,"href":"https:\/\/www.shqiperia.com\/blog\/wp-json\/wp\/v2\/users\/9"}],"replies":[{"embeddable":true,"href":"https:\/\/www.shqiperia.com\/blog\/wp-json\/wp\/v2\/comments?post=105947"}],"version-history":[{"count":1,"href":"https:\/\/www.shqiperia.com\/blog\/wp-json\/wp\/v2\/posts\/105947\/revisions"}],"predecessor-version":[{"id":105949,"href":"https:\/\/www.shqiperia.com\/blog\/wp-json\/wp\/v2\/posts\/105947\/revisions\/105949"}],"wp:featuredmedia":[{"embeddable":true,"href":"https:\/\/www.shqiperia.com\/blog\/wp-json\/wp\/v2\/media\/105948"}],"wp:attachment":[{"href":"https:\/\/www.shqiperia.com\/blog\/wp-json\/wp\/v2\/media?parent=105947"}],"wp:term":[{"taxonomy":"category","embeddable":true,"href":"https:\/\/www.shqiperia.com\/blog\/wp-json\/wp\/v2\/categories?post=105947"},{"taxonomy":"post_tag","embeddable":true,"href":"https:\/\/www.shqiperia.com\/blog\/wp-json\/wp\/v2\/tags?post=105947"}],"curies":[{"name":"wp","href":"https:\/\/api.w.org\/{rel}","templated":true}]}}