{"id":105942,"date":"2026-09-04T03:13:19","date_gmt":"2026-09-04T03:13:19","guid":{"rendered":"https:\/\/www.shqiperia.com\/blog\/?p=105942"},"modified":"2026-09-04T03:13:19","modified_gmt":"2026-09-04T03:13:19","slug":"libri-i-ri-enver-memishaj-historia-e-ballit-kombetar-te-vlores-dy-vellime","status":"publish","type":"post","link":"https:\/\/www.shqiperia.com\/blog\/libri-i-ri-enver-memishaj-historia-e-ballit-kombetar-te-vlores-dy-vellime\/","title":{"rendered":"Libri i Ri: Enver Memishaj &#8211; Historia e Ballit Komb\u00ebtar t\u00eb Vlor\u00ebs (dy v\u00ebllime)"},"content":{"rendered":"<div class=\"xdj266r x14z9mp xat24cr x1lziwak x1vvkbs x126k92a\">\n<div>\n<div id=\"attachment_105945\" style=\"width: 536px\" class=\"wp-caption alignnone\"><img data-recalc-dims=\"1\" loading=\"lazy\" decoding=\"async\" aria-describedby=\"caption-attachment-105945\" data-attachment-id=\"105945\" data-permalink=\"https:\/\/www.shqiperia.com\/blog\/libri-i-ri-enver-memishaj-historia-e-ballit-kombetar-te-vlores-dy-vellime\/enver-memishaj-historia-e-ballit-kombetar-te-vlores-dy-vellime\/\" data-orig-file=\"https:\/\/i0.wp.com\/www.shqiperia.com\/blog\/wp-content\/uploads\/2026\/09\/Enver-Memishaj-Historia-e-Ballit-Kombetar-te-Vlores-dy-vellime.jpg?fit=1536%2C1116&amp;ssl=1\" data-orig-size=\"1536,1116\" data-comments-opened=\"1\" data-image-meta=\"{&quot;aperture&quot;:&quot;0&quot;,&quot;credit&quot;:&quot;&quot;,&quot;camera&quot;:&quot;&quot;,&quot;caption&quot;:&quot;&quot;,&quot;created_timestamp&quot;:&quot;1788491353&quot;,&quot;copyright&quot;:&quot;&quot;,&quot;focal_length&quot;:&quot;0&quot;,&quot;iso&quot;:&quot;0&quot;,&quot;shutter_speed&quot;:&quot;0&quot;,&quot;title&quot;:&quot;&quot;,&quot;orientation&quot;:&quot;0&quot;}\" data-image-title=\"Enver Memishaj &#8211; Historia e Ballit Komb\u00ebtar t\u00eb Vlor\u00ebs (dy v\u00ebllime)\" data-image-description=\"\" data-image-caption=\"&lt;p&gt;Enver Memishaj &#8211; Historia e Ballit Komb\u00ebtar t\u00eb Vlor\u00ebs (dy v\u00ebllime)&lt;\/p&gt;\n\" data-medium-file=\"https:\/\/i0.wp.com\/www.shqiperia.com\/blog\/wp-content\/uploads\/2026\/09\/Enver-Memishaj-Historia-e-Ballit-Kombetar-te-Vlores-dy-vellime.jpg?fit=300%2C218&amp;ssl=1\" data-large-file=\"https:\/\/i0.wp.com\/www.shqiperia.com\/blog\/wp-content\/uploads\/2026\/09\/Enver-Memishaj-Historia-e-Ballit-Kombetar-te-Vlores-dy-vellime.jpg?fit=1024%2C744&amp;ssl=1\" class=\" wp-image-105945\" alt=\"\" src=\"https:\/\/i0.wp.com\/www.shqiperia.com\/blog\/wp-content\/uploads\/2026\/09\/Enver-Memishaj-Historia-e-Ballit-Kombetar-te-Vlores-dy-vellime.jpg?resize=526%2C382&#038;ssl=1\" width=\"526\" height=\"382\" srcset=\"https:\/\/i0.wp.com\/www.shqiperia.com\/blog\/wp-content\/uploads\/2026\/09\/Enver-Memishaj-Historia-e-Ballit-Kombetar-te-Vlores-dy-vellime.jpg?resize=300%2C218&amp;ssl=1 300w, https:\/\/i0.wp.com\/www.shqiperia.com\/blog\/wp-content\/uploads\/2026\/09\/Enver-Memishaj-Historia-e-Ballit-Kombetar-te-Vlores-dy-vellime.jpg?resize=1024%2C744&amp;ssl=1 1024w, https:\/\/i0.wp.com\/www.shqiperia.com\/blog\/wp-content\/uploads\/2026\/09\/Enver-Memishaj-Historia-e-Ballit-Kombetar-te-Vlores-dy-vellime.jpg?resize=768%2C558&amp;ssl=1 768w, https:\/\/i0.wp.com\/www.shqiperia.com\/blog\/wp-content\/uploads\/2026\/09\/Enver-Memishaj-Historia-e-Ballit-Kombetar-te-Vlores-dy-vellime.jpg?resize=450%2C327&amp;ssl=1 450w, https:\/\/i0.wp.com\/www.shqiperia.com\/blog\/wp-content\/uploads\/2026\/09\/Enver-Memishaj-Historia-e-Ballit-Kombetar-te-Vlores-dy-vellime.jpg?resize=600%2C436&amp;ssl=1 600w, https:\/\/i0.wp.com\/www.shqiperia.com\/blog\/wp-content\/uploads\/2026\/09\/Enver-Memishaj-Historia-e-Ballit-Kombetar-te-Vlores-dy-vellime.jpg?resize=1500%2C1090&amp;ssl=1 1500w, https:\/\/i0.wp.com\/www.shqiperia.com\/blog\/wp-content\/uploads\/2026\/09\/Enver-Memishaj-Historia-e-Ballit-Kombetar-te-Vlores-dy-vellime.jpg?resize=1300%2C945&amp;ssl=1 1300w, https:\/\/i0.wp.com\/www.shqiperia.com\/blog\/wp-content\/uploads\/2026\/09\/Enver-Memishaj-Historia-e-Ballit-Kombetar-te-Vlores-dy-vellime.jpg?resize=400%2C291&amp;ssl=1 400w, https:\/\/i0.wp.com\/www.shqiperia.com\/blog\/wp-content\/uploads\/2026\/09\/Enver-Memishaj-Historia-e-Ballit-Kombetar-te-Vlores-dy-vellime.jpg?w=1536&amp;ssl=1 1536w\" sizes=\"auto, (max-width: 526px) 100vw, 526px\" \/><p id=\"caption-attachment-105945\" class=\"wp-caption-text\">Enver Memishaj &#8211; Historia e Ballit Komb\u00ebtar t\u00eb Vlor\u00ebs (dy v\u00ebllime)<\/p><\/div>\n<\/div>\n<div><\/div>\n<div>4 Shtator 2026<\/div>\n<div>Me q\u00ebllim qe t\u00eb mos humbas\u00eb lufta dhe sakrificat q\u00eb b\u00ebn\u00eb ata patriot\u00eb vlonjat\u00eb t\u00eb rreshtuar n\u00eb radh\u00ebt e Ballit Komb\u00ebtar kund\u00ebr pushtuesve nazi-fashist t\u00eb vendit, po botojm\u00eb k\u00ebt\u00eb lib\u00ebr n\u00eb dy v\u00ebllime:<\/div>\n<div>Balli Komb\u00ebtar i Vlor\u00ebs, V\u00ebllimi Par\u00eb, 500 faqe.<\/div>\n<div>Balli Komb\u00ebtar i Vlor\u00ebs, Udh\u00ebheq\u00ebs, Komandant\u00eb dhe Ushtar\u00eb, jeta dhe veprimtaria gjat\u00eb Luft\u00ebs Antifashiste. V\u00ebllimi Dyt\u00eb, 520 faqe.<\/div>\n<div>Librat jan\u00eb redaktuar dhe vler\u00ebsuar nga profesor\u00ebt e historis\u00eb. N\u00eb Tiran\u00eb librat do ti gjeni n\u00eb Sheshin Sk\u00ebnderbej, libraria ADRION, dhe n\u00eb librarin ART\u2019S p\u00ebrball shtatores s\u00eb Mbretit A. Zpgu, n\u00eb Vlor\u00eb n\u00eb librarin Toena.<\/div>\n<div>* * *<\/div>\n<\/div>\n<div class=\"x14z9mp xat24cr x1lziwak x1vvkbs xtlvy1s x126k92a\">\n<div>Historia e Organizat\u00ebs s\u00eb Ballit Komb\u00ebtar \u00ebsht\u00eb komplekse dhe nj\u00ebkoh\u00ebsisht m\u00eb pak e njohura n\u00eb historin\u00eb e popullit shqiptar t\u00eb shekullit XX.<\/div>\n<div>Me ardhjen n\u00eb pushtet t\u00eb komunist\u00ebve kontributi ballist\u00ebve u fshi, u mbulua me harres\u00eb dhe m\u00eb keq, sakrificat e tyre u falsifikuan, ata u shpall\u00ebn tradhtar\u00eb dhe armiq t\u00eb popullit!!! Pothuajse t\u00eb gjith\u00eb ata q\u00eb dol\u00ebn gjall\u00eb nga lufta u persekutuan, u burgos\u00ebn, u var\u00ebn n\u00eb litar apo u pushkatuan.<\/div>\n<div>Regjimi komunist b\u00ebri gjith\u00e7ka p\u00ebr t\u00eb shuar \u00e7do gjurm\u00eb t\u00eb trash\u00ebgimtar\u00ebve t\u00eb familjeve balliste nga kujtesa historike.<\/div>\n<div>Dhe ajo q\u00eb nuk mund t\u00eb besohet ishte absurdi se edhe familja dhe t\u00eb af\u00ebrmit e ballist\u00ebve t\u00eb d\u00ebnuar, persekutoheshin eg\u00ebrsisht u mohoheshin t\u00eb drejtat elementare njer\u00ebzore, internoheshin apo burgoseshin, pa prova juridike dhe pa kryer asnj\u00eb faj.<\/div>\n<div>E pabesueshmja dhe ajo q\u00eb nuk kish ndodhur n\u00eb asnj\u00eb vend tjet\u00ebr ishte se Ofiqi ballist trash\u00ebgohej tek f\u00ebmij\u00ebt, familja dhe fisi. Edhe pse ballisti mund t\u00eb ishte pushkatuar, varur n\u00eb litar apo t\u00eb kishte vdekur n\u00eb burg ose nga shkaqe natyrore f\u00ebmij\u00ebt e tyre trash\u00ebgonin ofiqin \u201cme q\u00ebndrim t\u00eb keq politik\u201d, apo kulak, q\u00eb do t\u00eb thot\u00eb \u201carmik populli\u201d dhe persekutoheshin eg\u00ebrsisht pasi babi tij kishte qen\u00eb me Ballin Komb\u00ebtar!!!<\/div>\n<div>Ardhja e liris\u00eb pas vitit 1990 tregoi se asgj\u00eb nuk ishte shuar e harruar. Pra kishte pasur nj\u00eb fuqi hyjnore brenda nesh q\u00eb nuk mund t\u00eb mposhtet kurr\u00eb nga jasht\u00eb n\u00ebse ne zgjedhim ta ruajm\u00eb.<\/div>\n<div>Dhe kjo fuqi \u00ebsht\u00eb Besimi te Liria dhe Dashuria.<\/div>\n<div>Humbja e kujtes\u00ebs dhe e identitetit \u00ebsht\u00eb forma m\u00eb e thell\u00eb e persekutimit; ajo shkat\u00ebrron jo vet\u00ebm individin, por tenton edhe shpirtin e nj\u00eb kombi.<\/div>\n<div>Un\u00eb vazhdimisht kam menduar t\u00eb shkruaj p\u00ebr ata burra dhe familje q\u00eb edhe pse e luftuan me arm\u00eb pushtuesin e huaj pat\u00ebn nj\u00eb persekucion barbar nga regjimi komunist. Ky mendim p\u00ebrs\u00ebritur e rip\u00ebrs\u00ebritur n\u00eb kujtes\u00ebn time gjen s\u00eb fundi shprehjen n\u00eb k\u00ebt\u00eb lib\u00ebr.<\/div>\n<div>Lufta Antifashiste ishte nj\u00eb epope legjendare e popullit ton\u00eb, por q\u00eb paturp\u00ebsisht u p\u00ebrvet\u00ebsua nga komunist\u00ebt dhe u mohua kontributi i pjes\u00ebs tjet\u00ebr t\u00eb popullit ton.<\/div>\n<div>Nj\u00eb fshatar, ushtar i Ballit Komb\u00ebtar, Zini Mustafa Aliraj nga Hoshtima para hetuesve komunist\u00eb e ka shprehur t\u00eb v\u00ebrtet\u00ebn e Luft\u00ebs Antifashiste me fjal\u00eb t\u00eb thjeshta: \u201cGjysm\u00ebn e misrit e merrte Fronti, gjysm\u00ebn e merrte Balli, se nuk ishte b\u00ebr\u00eb akoma lufta e Gjormit, 4 n\u00ebntor 1943, sepse neve ishim t\u00eb bashkuar me partizan\u00ebt\u201d. (Arkivi MPB D. 247)<\/div>\n<div>Komunist\u00ebt u treguan m\u00eb t\u00eb eg\u00ebr e m\u00eb barbar\u00eb se pushtuesit. Ata b\u00ebn\u00eb mizori t\u00eb pa d\u00ebgjuara, n\u00eb fshatrat q\u00eb ndihmonin Ballin Komb\u00ebtar: dogj\u00ebn sht\u00ebpit\u00eb e ballist\u00ebve, vran\u00eb me atentate, pa gjyq ballist\u00ebt apo p\u00ebrkrah\u00ebsit e tyre, grabit\u00ebn pasurin\u00eb dhe gj\u00ebn\u00eb e gjall\u00eb. P\u00ebr shembull bandat nga datan 4 deri 7 n\u00ebntor 1943, sulmuan Sevasterin, Vel\u00e7\u00ebn, Gjermin dhe Lepenic\u00ebn. N\u00eb Sevaster dogj\u00ebn 8 sht\u00ebpi, n\u00eb Vel\u00e7\u00eb dogj\u00ebn 10 sht\u00ebpi, n\u00eb Lepenic\u00eb nga 60 sht\u00ebpi q\u00eb kishte fshati dogj\u00ebn 15 prej tyre, n\u00eb Gjorm nga 80 sht\u00ebpi dogj\u00ebn 22 prej tyre edhe sht\u00ebpin\u00eb e dajave t\u00eb mi.<\/div>\n<div>M\u00eb 30 n\u00ebntor 1943 bandat komuniste iu v\u00ebrsul\u00ebn Dukatit, u vran\u00eb 14 partizan\u00eb dhe 9 ballist\u00eb dhe komunist\u00ebt u t\u00ebrhoq\u00ebn me turp pasi nuk hyn\u00eb dot n\u00eb fshat.<\/div>\n<div>M\u00eb 31 mars 1944 bandat komuniste do t\u00eb sulmonin Mavrov\u00ebn ku do t\u00eb linin 26 partizan\u00eb t\u00eb vrar\u00eb dhe 36 t\u00eb plagosur.<\/div>\n<div>Kjo ndodhte n\u00eb t\u00eb gjith\u00eb territorin shqiptar. Batalioni i par\u00eb dhe i dyt\u00eb t\u00eb Brigad\u00ebs s\u00eb Tret\u00eb komuniste, sulmojn\u00eb fshatrat e Elbasanit dhe shpartallohen krejt\u00ebsisht nga fuqit\u00eb nacionaliste t\u00eb Ballit Komb\u00ebtar: Lan\u00eb 39 t\u00eb vrar\u00eb dhe 38 partizan\u00eb rob\u00ebr&#8230;<\/div>\n<div>Ky lib\u00ebr d\u00ebshmon dashurin\u00eb time p\u00ebr Vlor\u00ebn, vendlindjen time t\u00eb dashur dhe t\u00eb pa harruar.<\/div>\n<div>Komandant\u00ebt, udh\u00ebheq\u00ebsit dhe ushtar\u00ebt e Ballit Komb\u00ebtar u vran\u00eb me atentat gjat\u00eb luft\u00ebs, u burgos\u00ebn, u pushkatuan u var\u00ebn n\u00eb litar, apo internuan n\u00eb koh\u00eb paqeje pas \u00e7lirimit t\u00eb Shqip\u00ebris\u00eb.<\/div>\n<div>Nga ky vler\u00ebsim, dashurie dhe respekt p\u00ebr vendlindjen ,Vlor\u00ebn dhe vlonjat\u00ebt, n\u00eb v\u00ebllimin e dyt\u00eb d\u00ebshiroja t\u2019i p\u00ebrfshija n\u00eb lib\u00ebr t\u00eb gjith\u00eb ata burra q\u00eb luftuan e sakrifikuan n\u00eb radh\u00ebt e Ballit Komb\u00ebtar. Por kjo nuk mund t\u00eb arrihet.<\/div>\n<div>Prandaj, jam p\u00ebrpjekur t\u00eb p\u00ebrfshi n\u00eb k\u00ebt\u00eb lib\u00ebr aq sa kam mundur dhe aq sa di un\u00eb, sidomos ata q\u00eb kaluan kaluarin e burgjeve e internimeve, d\u00ebbimeve, por edhe k\u00ebta nuk ka qen\u00eb e mundur t\u00eb p\u00ebrfshihen t\u00eb gjith\u00eb.<\/div>\n<div>Ata q\u00eb vijn\u00eb pas nesh le ta plot\u00ebsojn\u00eb k\u00ebt\u00eb tablo.<\/div>\n<div>D\u00ebshmor\u00ebt e Ballit Komb\u00ebtar jo vet\u00ebm nuk u njoh\u00ebn e u mohuan, por u shpall\u00ebn tradhtar\u00eb e armiq t\u00eb popullit!!!<\/div>\n<div>Shum\u00eb ushtar\u00eb, komandant\u00eb apo ideolog\u00eb t\u00eb Ballit Komb\u00ebtar dol\u00ebn n\u00eb bot\u00ebn e lir\u00eb. Ata u shpall\u00ebn armiq t\u00eb popullit dhe vdiq\u00ebn n\u00eb dhe t\u00eb huaj, atje mben\u00eb edhe varret e tyre, ose m\u00eb mir\u00eb varret e tyre humb\u00eb p\u00ebrgjithmon\u00eb.<\/div>\n<div>Sot ka ardhur koha t\u00eb mendohet dhe t\u00eb ngrihet nj\u00eb p\u00ebrmendore p\u00ebr t\u00eb gjith\u00eb t\u00eb r\u00ebn\u00ebt nacionalist q\u00eb dhan\u00eb jet\u00ebn, sakrifikuan p\u00ebr k\u00ebt\u00eb Komb dhe Atdhe, p\u00ebr k\u00ebto dit\u00eb q\u00eb ne g\u00ebzojm\u00eb t\u00eb lir\u00eb. Bota e qytet\u00ebruar na e ka dh\u00ebn\u00eb shembullin e saj q\u00eb nga Amerika e larg\u00ebt deri n\u00eb Spanj\u00eb.<\/div>\n<div>Ky lib\u00ebr le t\u00eb merret edhe si nj\u00eb akt kujtese dhe nj\u00eb thirrje e nd\u00ebrgjegjes, si nj\u00eb dokument i dhimbjes kolektive q\u00eb flet jo vet\u00ebm p\u00ebr tragjedin\u00eb e gjysm\u00ebs s\u00eb popullit ton\u00eb, por p\u00ebr heshtjen q\u00eb r\u00ebndon mbi nd\u00ebrgjegjen ton\u00eb, p\u00ebr varret e shqiptar\u00ebve n\u00eb \u00e7do cep t\u00eb bot\u00ebs, p\u00ebr nj\u00eb \u00e7\u00ebshtje q\u00eb nuk mund t\u00eb jet\u00eb e mbyllur.<\/div>\n<div>T\u00eb dh\u00ebnat arkivore, d\u00ebshmit\u00eb rr\u00ebqeth\u00ebse, n\u00ebnat, motrat e f\u00ebmij\u00ebt q\u00eb ul\u00ebrijn\u00eb vlejn\u00eb m\u00eb shum\u00eb se \u00e7do dokument zyrtar. Emrat e f\u00ebmij\u00ebve, grave, pleqve t\u00eb vrar\u00eb, t\u00eb burgosur apo t\u00eb internuar jan\u00eb m\u00eb shum\u00eb se \u00e7do dokument, jan\u00eb kambana q\u00eb bien ende n\u00eb nd\u00ebrgjegjen ton\u00eb t\u00eb p\u00ebrgjumur.<\/div>\n<div>Ajo \u00ebsht\u00eb ende nj\u00eb plag\u00eb e hapur n\u00eb trupin e nj\u00eb kombi, nj\u00eb z\u00eb q\u00eb k\u00ebrkon drejt\u00ebsi dhe nderim, jo retorik\u00eb.<\/div>\n<div>Shqip\u00ebri !<\/div>\n<div>Mos i harro ata q\u00eb punuan dhe dhan\u00eb jet\u00ebn p\u00ebr ty, \u00ebsht\u00eb n\u00eb nderin t\u00ebnd t\u2019i kujtosh, t\u2019i nderosh e t\u2019ua sjell\u00ebsh eshtrat n\u00eb prehrin t\u00ebnd te p\u00ebrjet\u00ebsimit! Amin.<\/div>\n<\/div>\n","protected":false},"excerpt":{"rendered":"<p>4 Shtator 2026 Me q\u00ebllim qe t\u00eb mos humbas\u00eb lufta dhe sakrificat q\u00eb b\u00ebn\u00eb ata patriot\u00eb vlonjat\u00eb t\u00eb rreshtuar n\u00eb radh\u00ebt e Ballit Komb\u00ebtar kund\u00ebr pushtuesve nazi-fashist t\u00eb vendit, po botojm\u00eb k\u00ebt\u00eb lib\u00ebr n\u00eb dy v\u00ebllime: Balli Komb\u00ebtar i Vlor\u00ebs, V\u00ebllimi Par\u00eb, 500 faqe. Balli Komb\u00ebtar i Vlor\u00ebs, Udh\u00ebheq\u00ebs, Komandant\u00eb dhe Ushtar\u00eb, jeta dhe veprimtaria [&hellip;]<\/p>\n","protected":false},"author":9,"featured_media":105945,"comment_status":"open","ping_status":"open","sticky":false,"template":"","format":"standard","meta":{"jetpack_post_was_ever_published":false,"_jetpack_newsletter_access":"","_jetpack_dont_email_post_to_subs":false,"_jetpack_newsletter_tier_id":0,"_jetpack_memberships_contains_paywalled_content":false,"_jetpack_memberships_contains_paid_content":false,"footnotes":"","jetpack_publicize_message":"","jetpack_publicize_feature_enabled":true,"jetpack_social_post_already_shared":true,"jetpack_social_options":{"image_generator_settings":{"template":"highway","default_image_id":0,"font":"","enabled":false},"version":2}},"categories":[27,85,10,2,35],"tags":[],"class_list":["post-105942","post","type-post","status-publish","format-standard","has-post-thumbnail","hentry","category-blogu-i-udhetarit","category-histori","category-kultura","category-politika","category-shoqerore"],"jetpack_publicize_connections":[],"jetpack_featured_media_url":"https:\/\/i0.wp.com\/www.shqiperia.com\/blog\/wp-content\/uploads\/2026\/09\/Enver-Memishaj-Historia-e-Ballit-Kombetar-te-Vlores-dy-vellime.jpg?fit=1536%2C1116&ssl=1","jetpack_sharing_enabled":true,"jetpack_shortlink":"https:\/\/wp.me\/p5Z6wp-ryK","jetpack-related-posts":[{"id":826,"url":"https:\/\/www.shqiperia.com\/blog\/enver-lepenica-himne-kenge-dhe-marrshe-patriotike-te-ballit-kombetar\/","url_meta":{"origin":105942,"position":0},"title":"Enver Lepenica: &#8220;Himne, k\u00ebng\u00eb dhe marrshe patriotike t\u00eb Ballit Komb\u00ebtar&#8221;","author":"Kurt Farka","date":"January 9, 2018","format":false,"excerpt":"Libri: \"Himne, k\u00ebng\u00eb dhe marrshe patriotike t\u00eb Ballit Komb\u00ebtar\" i autorit Enver Lepenica Instituti i Studimit t\u00eb Krimeve dhe Pasojave t\u00eb Komunizmit (ISKK) lajm\u00ebron botimin p\u00ebr s\u00eb af\u00ebrmi t\u00eb studimit monografik t\u00eb Enver Memishaj (Lepenica) me titull \"Himne, k\u00ebng\u00eb dhe marrshe patriotike t\u00eb Ballit Komb\u00ebtar\". Libri prej 500 faqe na\u2026","rel":"","context":"In &quot;Trashegimi Kulturore&quot;","block_context":{"text":"Trashegimi Kulturore","link":"https:\/\/www.shqiperia.com\/blog\/category\/trashegimi-kulturore\/"},"img":{"alt_text":"","src":"https:\/\/i0.wp.com\/www.shqiperia.com\/blog\/wp-content\/uploads\/2018\/01\/Enver-Lepenica.jpg?fit=440%2C631&ssl=1&resize=350%2C200","width":350,"height":200},"classes":[]},{"id":101893,"url":"https:\/\/www.shqiperia.com\/blog\/spartak-ngjela-paralajmeron-fundin-e-edi-rames-ja-levizja-e-gabuar-qe-do-ta-coje-kryeministrin-para-spak-ut\/","url_meta":{"origin":105942,"position":1},"title":"Spartak Ngjela paralajm\u00ebron fundin e Edi Ram\u00ebs, ja l\u00ebvizja e gabuar q\u00eb do ta \u00e7oj\u00eb kryeministrin para SPAK-ut","author":"Kurt Farka","date":"June 27, 2026","format":false,"excerpt":"28 Qershor 2026 Avokati i njohur, Spartak Ngjela, ka reaguar dje ashp\u00ebr n\u00eb rrjetet sociale, duke l\u00ebshuar paralajm\u00ebrime t\u00eb r\u00ebnda p\u00ebr telashe t\u00eb m\u00ebdha politike dhe juridike ndaj kryeministrit Edi Rama. P\u00ebrmes nj\u00eb analize t\u00eb prer\u00eb, z. Ngjela ka theksuar se Gjiri i Vlor\u00ebs dhe Ishulli i Sazanit p\u00ebrb\u00ebjn\u00eb territore\u2026","rel":"","context":"In &quot;Blogu i Udh\u00ebtarit&quot;","block_context":{"text":"Blogu i Udh\u00ebtarit","link":"https:\/\/www.shqiperia.com\/blog\/category\/blogu-i-udhetarit\/"},"img":{"alt_text":"","src":"https:\/\/i0.wp.com\/www.shqiperia.com\/blog\/wp-content\/uploads\/2026\/06\/ngjela-rama-1-1.jpg?fit=863%2C432&ssl=1&resize=350%2C200","width":350,"height":200,"srcset":"https:\/\/i0.wp.com\/www.shqiperia.com\/blog\/wp-content\/uploads\/2026\/06\/ngjela-rama-1-1.jpg?fit=863%2C432&ssl=1&resize=350%2C200 1x, https:\/\/i0.wp.com\/www.shqiperia.com\/blog\/wp-content\/uploads\/2026\/06\/ngjela-rama-1-1.jpg?fit=863%2C432&ssl=1&resize=525%2C300 1.5x, https:\/\/i0.wp.com\/www.shqiperia.com\/blog\/wp-content\/uploads\/2026\/06\/ngjela-rama-1-1.jpg?fit=863%2C432&ssl=1&resize=700%2C400 2x"},"classes":[]},{"id":104280,"url":"https:\/\/www.shqiperia.com\/blog\/zjarri-djeg-pisha-e-bredha-ne-parkun-kombetar-te-lures-ne-ndihme-per-shuarjen-dhe-2-avione-por-situata-perkeqesohet\/","url_meta":{"origin":105942,"position":2},"title":"Zjarri djeg pisha e bredha n\u00eb Parkun Komb\u00ebtar t\u00eb Lur\u00ebs, n\u00eb ndihm\u00eb p\u00ebr shuarjen dhe 2 avion\u00eb, por situata perkeq\u00ebsohet","author":"Kurt Farka","date":"August 12, 2026","format":false,"excerpt":"12 Gusht 2026 N\u00eb Qarkun e Dibr\u00ebs sot n\u00eb 12 gusht \u00ebsht\u00eb aktive vet\u00ebm nj\u00eb vat\u00ebr zjarri n\u00eb Lur\u00eb. Kjo vat\u00ebr vijon prej dy dit\u00ebsh brenda Parkut Komb\u00ebtar t\u00eb Lur\u00ebs dhe ka p\u00ebrfshir\u00eb sip\u00ebrfaqe t\u00eb konsiderueshme kullotash dhe pyje me pisha e bredha, raporton gazetari i Klan News Neki Feta.\u2026","rel":"","context":"In &quot;Blogu i Udh\u00ebtarit&quot;","block_context":{"text":"Blogu i Udh\u00ebtarit","link":"https:\/\/www.shqiperia.com\/blog\/category\/blogu-i-udhetarit\/"},"img":{"alt_text":"","src":"https:\/\/i0.wp.com\/www.shqiperia.com\/blog\/wp-content\/uploads\/2026\/08\/zjarri-Lure1.jpg?fit=937%2C520&ssl=1&resize=350%2C200","width":350,"height":200,"srcset":"https:\/\/i0.wp.com\/www.shqiperia.com\/blog\/wp-content\/uploads\/2026\/08\/zjarri-Lure1.jpg?fit=937%2C520&ssl=1&resize=350%2C200 1x, https:\/\/i0.wp.com\/www.shqiperia.com\/blog\/wp-content\/uploads\/2026\/08\/zjarri-Lure1.jpg?fit=937%2C520&ssl=1&resize=525%2C300 1.5x, https:\/\/i0.wp.com\/www.shqiperia.com\/blog\/wp-content\/uploads\/2026\/08\/zjarri-Lure1.jpg?fit=937%2C520&ssl=1&resize=700%2C400 2x"},"classes":[]},{"id":54255,"url":"https:\/\/www.shqiperia.com\/blog\/enver-hoxha-provokoi-i-pari-ballin-kombetar-paskal-milo-promovon-librin-qe-mund-te-nxite-debate-koha-qe-ne-shqiperi-te-mos-kemi-opinione-folklorike-ka-tre-letra-te-cilat\/","url_meta":{"origin":105942,"position":3},"title":"\u201cEnver Hoxha provokoi i pari Ballin Komb\u00ebtar\u201d &#8211; Paskal Milo promovon librin q\u00eb mund t\u00eb nxit\u00eb debate: Koha q\u00eb n\u00eb Shqip\u00ebri t\u00eb mos kemi opinione folklorike. Ka tre letra t\u00eb cilat\u2026","author":"Kurt Farka","date":"February 20, 2022","format":false,"excerpt":"\u201cEnver Hoxha provokoi i pari Ballin Komb\u00ebtar\u201d - Paskal Milo promovon librin q\u00eb mund t\u00eb nxit\u00eb debate: Koha q\u00eb n\u00eb Shqip\u00ebri t\u00eb mos kemi opinione folklorike. Ka tre letra t\u00eb cilat\u2026 18 Shkurt \u00a02022 Historiani Paskal Milo ka promovuar librin e tij m\u00eb t\u00eb ri, p\u00ebr t\u00eb cilin thot\u00eb se\u2026","rel":"","context":"In &quot;Histori&quot;","block_context":{"text":"Histori","link":"https:\/\/www.shqiperia.com\/blog\/category\/histori\/"},"img":{"alt_text":"","src":"https:\/\/i0.wp.com\/www.shqiperia.com\/blog\/wp-content\/uploads\/2022\/02\/Paskal-Milolibri-Enver-Hoxha-Balli-Kombetar.jpg?fit=600%2C400&ssl=1&resize=350%2C200","width":350,"height":200,"srcset":"https:\/\/i0.wp.com\/www.shqiperia.com\/blog\/wp-content\/uploads\/2022\/02\/Paskal-Milolibri-Enver-Hoxha-Balli-Kombetar.jpg?fit=600%2C400&ssl=1&resize=350%2C200 1x, https:\/\/i0.wp.com\/www.shqiperia.com\/blog\/wp-content\/uploads\/2022\/02\/Paskal-Milolibri-Enver-Hoxha-Balli-Kombetar.jpg?fit=600%2C400&ssl=1&resize=525%2C300 1.5x"},"classes":[]},{"id":25865,"url":"https:\/\/www.shqiperia.com\/blog\/ku-e-ke-gjakun-e-gjyshit-perfaqesuesit-e-2-partive-te-ballit-sherr-ne-ceremonine-ne-gjirokaster\/","url_meta":{"origin":105942,"position":4},"title":"\u201cKu e ke gjakun e gjyshit\u201d, p\u00ebrfaq\u00ebsuesit e 2 partive t\u00eb Ballit sherr n\u00eb ceremonin\u00eb n\u00eb Gjirokast\u00ebr","author":"Kurt Farka","date":"September 14, 2019","format":false,"excerpt":"\u201cKu e ke gjakun e gjyshit\u201d, p\u00ebrfaq\u00ebsuesit e 2 partive t\u00eb Ballit sherr n\u00eb ceremonin\u00eb n\u00eb Gjirokast\u00ebr Sharje, t\u00eb b\u00ebrtitura, akuza e shtyrje. Shoq\u00ebrohet me konflikt ceremonia p\u00ebrkujtimore e luft\u00ebs s\u00eb G\u00ebrhotit n\u00eb Gjirokast\u00ebr ku prehen eshtrat e disa prej krer\u00ebve nacionalist\u00eb t\u00eb ekzekutuar jan\u00eb gjat\u00eb Luft\u00ebs s\u00eb Dyt\u00eb Bot\u00ebrore.\u2026","rel":"","context":"In &quot;Blogu i Udh\u00ebtarit&quot;","block_context":{"text":"Blogu i Udh\u00ebtarit","link":"https:\/\/www.shqiperia.com\/blog\/category\/blogu-i-udhetarit\/"},"img":{"alt_text":"","src":"https:\/\/i0.wp.com\/www.shqiperia.com\/blog\/wp-content\/uploads\/2019\/09\/Balli-1-770x428.png?fit=770%2C428&ssl=1&resize=350%2C200","width":350,"height":200,"srcset":"https:\/\/i0.wp.com\/www.shqiperia.com\/blog\/wp-content\/uploads\/2019\/09\/Balli-1-770x428.png?fit=770%2C428&ssl=1&resize=350%2C200 1x, https:\/\/i0.wp.com\/www.shqiperia.com\/blog\/wp-content\/uploads\/2019\/09\/Balli-1-770x428.png?fit=770%2C428&ssl=1&resize=525%2C300 1.5x, https:\/\/i0.wp.com\/www.shqiperia.com\/blog\/wp-content\/uploads\/2019\/09\/Balli-1-770x428.png?fit=770%2C428&ssl=1&resize=700%2C400 2x"},"classes":[]},{"id":103830,"url":"https:\/\/www.shqiperia.com\/blog\/prokuroria-e-vlores-nis-hetimet-per-punime-te-paligjshme-ne-zvernec-nuk-ka-ende-persona-nen-hetim-per-akuza\/","url_meta":{"origin":105942,"position":5},"title":"Prokuroria e Vlor\u00ebs nis hetimet p\u00ebr punime t\u00eb paligjshme n\u00eb Zv\u00ebrnec: &#8211; Nuk ka ende persona n\u00ebn hetim p\u00ebr akuza","author":"Kurt Farka","date":"August 5, 2026","format":false,"excerpt":"Nga Vladimir Karaj Prokuroria e Vlor\u00ebs ka nisur zyrtarisht hetimet p\u00ebr nd\u00ebrhyrjet e paligjshme dhe d\u00ebmtimin e mjedisit n\u00eb zon\u00ebn e mbrojtur t\u00eb Zv\u00ebrnecit, ku planifikohet nd\u00ebrtimi i nj\u00eb resorti luksoz t\u00eb lidhur me familjar\u00ebt e presidentit amerikan, Donald Trump. Tre muaj pasi makinerit\u00eb e r\u00ebnda nd\u00ebrhyn\u00eb n\u00eb zon\u00ebn e\u2026","rel":"","context":"In &quot;Blogu i Udh\u00ebtarit&quot;","block_context":{"text":"Blogu i Udh\u00ebtarit","link":"https:\/\/www.shqiperia.com\/blog\/category\/blogu-i-udhetarit\/"},"img":{"alt_text":"","src":"https:\/\/i0.wp.com\/www.shqiperia.com\/blog\/wp-content\/uploads\/2026\/08\/710537798_1387786336707150_2485825779914567109_n-1-750x422-1.jpg?fit=750%2C422&ssl=1&resize=350%2C200","width":350,"height":200,"srcset":"https:\/\/i0.wp.com\/www.shqiperia.com\/blog\/wp-content\/uploads\/2026\/08\/710537798_1387786336707150_2485825779914567109_n-1-750x422-1.jpg?fit=750%2C422&ssl=1&resize=350%2C200 1x, https:\/\/i0.wp.com\/www.shqiperia.com\/blog\/wp-content\/uploads\/2026\/08\/710537798_1387786336707150_2485825779914567109_n-1-750x422-1.jpg?fit=750%2C422&ssl=1&resize=525%2C300 1.5x, https:\/\/i0.wp.com\/www.shqiperia.com\/blog\/wp-content\/uploads\/2026\/08\/710537798_1387786336707150_2485825779914567109_n-1-750x422-1.jpg?fit=750%2C422&ssl=1&resize=700%2C400 2x"},"classes":[]}],"_links":{"self":[{"href":"https:\/\/www.shqiperia.com\/blog\/wp-json\/wp\/v2\/posts\/105942","targetHints":{"allow":["GET"]}}],"collection":[{"href":"https:\/\/www.shqiperia.com\/blog\/wp-json\/wp\/v2\/posts"}],"about":[{"href":"https:\/\/www.shqiperia.com\/blog\/wp-json\/wp\/v2\/types\/post"}],"author":[{"embeddable":true,"href":"https:\/\/www.shqiperia.com\/blog\/wp-json\/wp\/v2\/users\/9"}],"replies":[{"embeddable":true,"href":"https:\/\/www.shqiperia.com\/blog\/wp-json\/wp\/v2\/comments?post=105942"}],"version-history":[{"count":1,"href":"https:\/\/www.shqiperia.com\/blog\/wp-json\/wp\/v2\/posts\/105942\/revisions"}],"predecessor-version":[{"id":105946,"href":"https:\/\/www.shqiperia.com\/blog\/wp-json\/wp\/v2\/posts\/105942\/revisions\/105946"}],"wp:featuredmedia":[{"embeddable":true,"href":"https:\/\/www.shqiperia.com\/blog\/wp-json\/wp\/v2\/media\/105945"}],"wp:attachment":[{"href":"https:\/\/www.shqiperia.com\/blog\/wp-json\/wp\/v2\/media?parent=105942"}],"wp:term":[{"taxonomy":"category","embeddable":true,"href":"https:\/\/www.shqiperia.com\/blog\/wp-json\/wp\/v2\/categories?post=105942"},{"taxonomy":"post_tag","embeddable":true,"href":"https:\/\/www.shqiperia.com\/blog\/wp-json\/wp\/v2\/tags?post=105942"}],"curies":[{"name":"wp","href":"https:\/\/api.w.org\/{rel}","templated":true}]}}