{"id":105939,"date":"2026-09-04T02:43:49","date_gmt":"2026-09-04T02:43:49","guid":{"rendered":"https:\/\/www.shqiperia.com\/blog\/?p=105939"},"modified":"2026-09-04T02:43:49","modified_gmt":"2026-09-04T02:43:49","slug":"piktura-e-grabitur-nga-nazistet-ne-ankand-me-cmim-fillestar-25-milione-euro","status":"publish","type":"post","link":"https:\/\/www.shqiperia.com\/blog\/piktura-e-grabitur-nga-nazistet-ne-ankand-me-cmim-fillestar-25-milione-euro\/","title":{"rendered":"Piktura e grabitur nga nazist\u00ebt, n\u00eb ankand me \u00e7mim fillestar 25 milion\u00eb euro"},"content":{"rendered":"<div id=\"attachment_105940\" style=\"width: 540px\" class=\"wp-caption alignnone\"><img data-recalc-dims=\"1\" loading=\"lazy\" decoding=\"async\" aria-describedby=\"caption-attachment-105940\" data-attachment-id=\"105940\" data-permalink=\"https:\/\/www.shqiperia.com\/blog\/piktura-e-grabitur-nga-nazistet-ne-ankand-me-cmim-fillestar-25-milione-euro\/wassily-kandinsky\/\" data-orig-file=\"https:\/\/i0.wp.com\/www.shqiperia.com\/blog\/wp-content\/uploads\/2026\/09\/Wassily-Kandinsky.webp?fit=927%2C716&amp;ssl=1\" data-orig-size=\"927,716\" data-comments-opened=\"1\" data-image-meta=\"{&quot;aperture&quot;:&quot;0&quot;,&quot;credit&quot;:&quot;&quot;,&quot;camera&quot;:&quot;&quot;,&quot;caption&quot;:&quot;&quot;,&quot;created_timestamp&quot;:&quot;0&quot;,&quot;copyright&quot;:&quot;&quot;,&quot;focal_length&quot;:&quot;0&quot;,&quot;iso&quot;:&quot;0&quot;,&quot;shutter_speed&quot;:&quot;0&quot;,&quot;title&quot;:&quot;&quot;,&quot;orientation&quot;:&quot;0&quot;}\" data-image-title=\"Wassily Kandinsky\" data-image-description=\"\" data-image-caption=\"&lt;p&gt;Wassily Kandinsky&lt;\/p&gt;\n\" data-medium-file=\"https:\/\/i0.wp.com\/www.shqiperia.com\/blog\/wp-content\/uploads\/2026\/09\/Wassily-Kandinsky.webp?fit=300%2C232&amp;ssl=1\" data-large-file=\"https:\/\/i0.wp.com\/www.shqiperia.com\/blog\/wp-content\/uploads\/2026\/09\/Wassily-Kandinsky.webp?fit=927%2C716&amp;ssl=1\" class=\" wp-image-105940\" alt=\"\" src=\"https:\/\/i0.wp.com\/www.shqiperia.com\/blog\/wp-content\/uploads\/2026\/09\/Wassily-Kandinsky.webp?resize=530%2C410&#038;ssl=1\" width=\"530\" height=\"410\" srcset=\"https:\/\/i0.wp.com\/www.shqiperia.com\/blog\/wp-content\/uploads\/2026\/09\/Wassily-Kandinsky.webp?resize=300%2C232&amp;ssl=1 300w, https:\/\/i0.wp.com\/www.shqiperia.com\/blog\/wp-content\/uploads\/2026\/09\/Wassily-Kandinsky.webp?resize=768%2C593&amp;ssl=1 768w, https:\/\/i0.wp.com\/www.shqiperia.com\/blog\/wp-content\/uploads\/2026\/09\/Wassily-Kandinsky.webp?resize=450%2C348&amp;ssl=1 450w, https:\/\/i0.wp.com\/www.shqiperia.com\/blog\/wp-content\/uploads\/2026\/09\/Wassily-Kandinsky.webp?resize=600%2C463&amp;ssl=1 600w, https:\/\/i0.wp.com\/www.shqiperia.com\/blog\/wp-content\/uploads\/2026\/09\/Wassily-Kandinsky.webp?resize=400%2C309&amp;ssl=1 400w, https:\/\/i0.wp.com\/www.shqiperia.com\/blog\/wp-content\/uploads\/2026\/09\/Wassily-Kandinsky.webp?w=927&amp;ssl=1 927w\" sizes=\"auto, (max-width: 530px) 100vw, 530px\" \/><p id=\"caption-attachment-105940\" class=\"wp-caption-text\">Wassily Kandinsky<\/p><\/div>\n<p>4 Shtator 2026<\/p>\n<p>Nj\u00eb piktur\u00eb e Wassily Kandinskyt, e l\u00ebn\u00eb nga nj\u00eb familje holandeze q\u00eb u arratis nga pushtimi nazist dhe q\u00eb m\u00eb von\u00eb u ekspozua p\u00ebr dekada n\u00eb nj\u00eb muze gjerman, do t\u00eb dal\u00eb n\u00eb ankandin e \u201cChristie\u2019s\u201d n\u00eb Lond\u00ebr m\u00eb 14 tetor. Me nj\u00eb vler\u00eb t\u00eb parashikuar mbi 25.8 milion\u00eb euro, \u201cDas bunte Leben\u201d (Jeta shum\u00ebngjyr\u00ebshe, 1907) iu kthye trash\u00ebgimtar\u00ebve t\u00eb Hedwig Lewenstein-Weyermann n\u00eb vitin 2023, pas nj\u00eb beteje ligjore 6-vje\u00e7are.<\/p>\n<p>Me dimensione m\u00eb t\u00eb m\u00ebdha se t\u00eb tjerat, vepra \u00ebsht\u00eb m\u00eb e madhja e Kandinskit deri n\u00eb at\u00eb koh\u00eb. N\u00eb t\u00eb, ai synonte t\u00eb p\u00ebrmblidhte pasurin\u00eb dhe larmin\u00eb e jet\u00ebs, si\u00e7 kishin b\u00ebr\u00eb edhe artist\u00eb t\u00eb tjer\u00eb, p\u00ebr shembull Henri Matisse me piktur\u00ebn e tij \u201cBonheur de vivre\u201d (G\u00ebzimi i jet\u00ebs, 1905\u20131906) ose Andr\u00e9 Derain me \u201cLa Danse\u201d (Vallja, 1906). E ekspozuar n\u00eb \u201cSalon d\u2019Automne\u201d n\u00eb Paris n\u00eb vitin kur u realizua, piktura paraqet nj\u00eb peizazh pastoral t\u00eb populluar nga pelegrin\u00eb, fshatar\u00eb, shenjtor\u00eb, fisnik\u00eb, si dhe n\u00ebna e f\u00ebmij\u00eb, shum\u00eb prej t\u00eb cil\u00ebve jan\u00eb frym\u00ebzuar nga legjendat, folklori dhe traditat fetare ruse.<br \/>\n\u201c\u2019Das bunte Leben\u2019\u201d e Kandinskit \u00ebsht\u00eb shum\u00eb m\u00eb tep\u00ebr se nj\u00eb kryevep\u00ebr e hershme: ajo kap nj\u00eb moment kur ndikime t\u00eb ndryshme po bashkoheshin n\u00eb praktik\u00ebn e artistit dhe i hap rrug\u00ebn kthes\u00ebs radikale drejt abstraksionit q\u00eb do t\u00eb pasonte\u201d, ka th\u00ebn\u00eb Marc Porter, kryetar i deg\u00ebs amerikane t\u00eb \u201cChristie\u2019s\u201d.<\/p>\n<p>Rekordi i artistit rus n\u00eb ankande u vendos n\u00eb \u201cSotheby\u2019s\u201d n\u00eb Lond\u00ebr n\u00eb vitin 2023, kur \u201cMurnau mit Kirche II\u201d u shit p\u00ebr 37.2 milion\u00eb funte. Edhe ajo piktur\u00eb ishte vjedhur nga nazist\u00ebt, kishte qen\u00eb p\u00ebr nj\u00eb koh\u00eb t\u00eb gjat\u00eb e ekspozuar n\u00eb nj\u00eb muze dhe, pak koh\u00eb m\u00eb par\u00eb, i ishte kthyer pronar\u00ebve t\u00eb ligjsh\u00ebm.<br \/>\nBiznesmeni i makinave qep\u00ebse n\u00eb Amsterdam, Emanuel Albert Lewenstein dhe bashk\u00ebshortja e tij, Hedwig Lewenstein-Weyermann, e blen\u00eb \u201cJet\u00ebn shum\u00ebngjyr\u00ebshe\u201d n\u00eb vitin 1927. F\u00ebmij\u00ebt e koleksionist\u00ebve ia huazuan vepr\u00ebn muzeut \u201cStedelijk\u201d p\u00ebr ta mbajtur t\u00eb sigurt, p\u00ebrpara se t\u00eb largoheshin nga Holanda, n\u00eb prag t\u00eb pushtimit nazist. Nazist\u00ebt konfiskuan pasurit\u00eb e familjes dhe i shp\u00ebrndan\u00eb ato n\u00eb vitin 1940, pas s\u00eb cil\u00ebs vepra u shit n\u00eb ankand te koleksionisti Salomon B. Slijper. N\u00eb vitin 1972, ajo u ble nga Banka Shtet\u00ebrore e Bavaris\u00eb dhe, nj\u00eb vit m\u00eb von\u00eb, iu dha n\u00eb huazim afatgjat\u00eb \u201cLenbachhaus\u201d n\u00eb Munih, ku q\u00ebndroi p\u00ebr m\u00eb shum\u00eb se pes\u00eb dekada.<\/p>\n<p>F\u00ebmij\u00ebt e Emanuelit dhe Hedwigut, Robert dhe Wilhelmine Lewenstein, punuan me dekada p\u00ebr t\u00eb gjetur koleksionin e prind\u00ebrve t\u00eb tyre. Me ndihm\u00ebn e \u201cMondex Corporation\u201d, e cila \u00ebsht\u00eb e specializuar n\u00eb rikuperimin e veprave t\u00eb artit dhe pasurive t\u00eb tjera t\u00eb grabitura gjat\u00eb Luft\u00ebs s\u00eb Dyt\u00eb Bot\u00ebrore, ata ngrit\u00ebn padi n\u00eb nj\u00eb gjykat\u00eb n\u00eb Manhattan n\u00eb vitin 2017, duke k\u00ebrkuar kthimin e koleksionit pasi kompania ushtron veprimtari edhe n\u00eb New York.<\/p>\n<p>Kur korporata \u201cMondex\u201d iu drejtua bank\u00ebs n\u00eb vitin 2016, themeluesi i saj, James Palmer, i kishte th\u00ebn\u00eb \u201cDer Spiegel\u201d: \u201cN\u00eb thelb, ata na than\u00eb t\u00eb \u2018thyenim qaf\u00eb\u2019. Por nj\u00eb komision i pavarur gjerman rekomandoi n\u00eb vitin 2023 q\u00eb piktura t\u2019u kthehej pronar\u00ebve t\u00eb saj p\u00ebrmes restitucionit\u201d.<\/p>\n<p>\u201cKandinsky nuk po e paraqet m\u00eb thjesht bot\u00ebn p\u00ebrreth tij, por ka filluar t\u00eb p\u00ebrfytyroj\u00eb se si piktura mund t\u00eb p\u00ebrcjell\u00eb di\u00e7ka p\u00ebrtej s\u00eb dukshmes\u201d, ka th\u00ebn\u00eb Keith Gill, n\u00ebnkryetar i departamentit t\u00eb artit t\u00eb shekujve 20 dhe 21, n\u00eb nj\u00eb deklarat\u00eb p\u00ebr media. \u201cNgjyra merr nj\u00eb intensitet shpreh\u00ebs t\u00eb pashembullt, nd\u00ebrsa figurat dhe peizazhi b\u00ebhen pjes\u00eb e nj\u00eb vizioni m\u00eb t\u00eb gjer\u00eb t\u00eb p\u00ebrvoj\u00ebs njer\u00ebzore\u201d.<\/p>\n","protected":false},"excerpt":{"rendered":"<p>4 Shtator 2026 Nj\u00eb piktur\u00eb e Wassily Kandinskyt, e l\u00ebn\u00eb nga nj\u00eb familje holandeze q\u00eb u arratis nga pushtimi nazist dhe q\u00eb m\u00eb von\u00eb u ekspozua p\u00ebr dekada n\u00eb nj\u00eb muze gjerman, do t\u00eb dal\u00eb n\u00eb ankandin e \u201cChristie\u2019s\u201d n\u00eb Lond\u00ebr m\u00eb 14 tetor. Me nj\u00eb vler\u00eb t\u00eb parashikuar mbi 25.8 milion\u00eb euro, \u201cDas bunte [&hellip;]<\/p>\n","protected":false},"author":9,"featured_media":105940,"comment_status":"open","ping_status":"open","sticky":false,"template":"","format":"standard","meta":{"jetpack_post_was_ever_published":false,"_jetpack_newsletter_access":"","_jetpack_dont_email_post_to_subs":false,"_jetpack_newsletter_tier_id":0,"_jetpack_memberships_contains_paywalled_content":false,"_jetpack_memberships_contains_paid_content":false,"footnotes":"","jetpack_publicize_message":"","jetpack_publicize_feature_enabled":true,"jetpack_social_post_already_shared":true,"jetpack_social_options":{"image_generator_settings":{"template":"highway","default_image_id":0,"font":"","enabled":false},"version":2}},"categories":[87,27,1,35,86],"tags":[],"class_list":["post-105939","post","type-post","status-publish","format-standard","has-post-thumbnail","hentry","category-arte","category-blogu-i-udhetarit","category-njoftime-shtypi","category-shoqerore","category-trashegimi-kulturore"],"jetpack_publicize_connections":[],"jetpack_featured_media_url":"https:\/\/i0.wp.com\/www.shqiperia.com\/blog\/wp-content\/uploads\/2026\/09\/Wassily-Kandinsky.webp?fit=927%2C716&ssl=1","jetpack_sharing_enabled":true,"jetpack_shortlink":"https:\/\/wp.me\/p5Z6wp-ryH","jetpack-related-posts":[{"id":100741,"url":"https:\/\/www.shqiperia.com\/blog\/nje-kryeveper-etruske-qeveria-italiane-blen-15-milione-euro-varrin-e-francois\/","url_meta":{"origin":105939,"position":0},"title":"Nj\u00eb kryevep\u00ebr etruske, qeveria italiane blen 15 milion\u00eb euro varrin e Francois","author":"Kurt Farka","date":"May 30, 2026","format":false,"excerpt":"30 Maji 2026 Varri i famsh\u00ebm i Fran\u00e7ois Vulci b\u00ebhet zyrtarisht pjes\u00eb e trash\u00ebgimis\u00eb shtet\u00ebrore italiane. Nj\u00eb nga kryeveprat m\u00eb t\u00eb r\u00ebnd\u00ebsishme t\u00eb piktur\u00ebs etruske dhe antike \u00ebsht\u00eb bler\u00eb nga Shteti Italian dhe me n\u00ebnshkrimin e aktit t\u00eb shitjes, i cili u zhvillua sot n\u00eb Ministrin\u00eb e Kultur\u00ebs, vepra i\u2026","rel":"","context":"In &quot;Histori&quot;","block_context":{"text":"Histori","link":"https:\/\/www.shqiperia.com\/blog\/category\/histori\/"},"img":{"alt_text":"","src":"https:\/\/i0.wp.com\/www.shqiperia.com\/blog\/wp-content\/uploads\/2026\/05\/auto_VARRI1780066838.jpg?fit=900%2C495&ssl=1&resize=350%2C200","width":350,"height":200,"srcset":"https:\/\/i0.wp.com\/www.shqiperia.com\/blog\/wp-content\/uploads\/2026\/05\/auto_VARRI1780066838.jpg?fit=900%2C495&ssl=1&resize=350%2C200 1x, https:\/\/i0.wp.com\/www.shqiperia.com\/blog\/wp-content\/uploads\/2026\/05\/auto_VARRI1780066838.jpg?fit=900%2C495&ssl=1&resize=525%2C300 1.5x, https:\/\/i0.wp.com\/www.shqiperia.com\/blog\/wp-content\/uploads\/2026\/05\/auto_VARRI1780066838.jpg?fit=900%2C495&ssl=1&resize=700%2C400 2x"},"classes":[]},{"id":102378,"url":"https:\/\/www.shqiperia.com\/blog\/reuters-shqiperia-ne-qender-te-debatit-pas-financimit-4-milione-euro-te-koncertit-te-kanye-west\/","url_meta":{"origin":105939,"position":1},"title":"Reuters: Shqip\u00ebria n\u00eb qend\u00ebr t\u00eb debatit pas financimit 4 milion\u00eb euro t\u00eb koncertit t\u00eb Kanye West","author":"Kurt Farka","date":"July 9, 2026","format":false,"excerpt":"9 Korrik 2026 Agjencia prestigjioze e lajmeve Reuters i ka kushtuar v\u00ebmendje vendimit t\u00eb qeveris\u00eb shqiptare p\u00ebr t\u00eb financuar me 4 milion\u00eb euro koncertin e reperit amerikan Kanye West. N\u00eb artikullin e saj t\u00eb publikuar dit\u00ebn e sotme, agjencia v\u00eb n\u00eb dukje se ky vendim ka ndezur nj\u00eb debat t\u00eb\u2026","rel":"","context":"In &quot;Blogu i Udh\u00ebtarit&quot;","block_context":{"text":"Blogu i Udh\u00ebtarit","link":"https:\/\/www.shqiperia.com\/blog\/category\/blogu-i-udhetarit\/"},"img":{"alt_text":"","src":"https:\/\/i0.wp.com\/www.shqiperia.com\/blog\/wp-content\/uploads\/2026\/07\/IMG_0180-950x570-1.jpeg?fit=950%2C570&ssl=1&resize=350%2C200","width":350,"height":200,"srcset":"https:\/\/i0.wp.com\/www.shqiperia.com\/blog\/wp-content\/uploads\/2026\/07\/IMG_0180-950x570-1.jpeg?fit=950%2C570&ssl=1&resize=350%2C200 1x, https:\/\/i0.wp.com\/www.shqiperia.com\/blog\/wp-content\/uploads\/2026\/07\/IMG_0180-950x570-1.jpeg?fit=950%2C570&ssl=1&resize=525%2C300 1.5x, https:\/\/i0.wp.com\/www.shqiperia.com\/blog\/wp-content\/uploads\/2026\/07\/IMG_0180-950x570-1.jpeg?fit=950%2C570&ssl=1&resize=700%2C400 2x"},"classes":[]},{"id":104774,"url":"https:\/\/www.shqiperia.com\/blog\/bashkia-e-durresit-eshte-nje-5d-e-madhe-publike-por-qe-cuditerisht-nuk-e-prek-askush\/","url_meta":{"origin":105939,"position":2},"title":"Bashkia e Durr\u00ebsit \u00ebsht\u00eb nj\u00eb 5D e madhe publike, por q\u00eb \u00e7udit\u00ebrisht nuk e prek askush","author":"Kurt Farka","date":"August 20, 2026","format":false,"excerpt":"20 Gusht 2026 Nj\u00eb muaj m\u00eb par\u00eb, Bashkia e Durr\u00ebsit zhvilloi nj\u00eb tender p\u00ebr rehabilitimin e rrug\u00ebve dyt\u00ebsore n\u00eb zon\u00ebn e Durr\u00ebsit t\u00eb ri me fond limit 137 milion\u00eb lek\u00eb ose gati 1.5 milion\u00eb euro me kursin aktual. Sot Emirjana Sako shpalli fituesin. Nuk ishte oferta m\u00eb e ul\u00ebt, as\u2026","rel":"","context":"In &quot;Blogu i Udh\u00ebtarit&quot;","block_context":{"text":"Blogu i Udh\u00ebtarit","link":"https:\/\/www.shqiperia.com\/blog\/category\/blogu-i-udhetarit\/"},"img":{"alt_text":"","src":"https:\/\/i0.wp.com\/www.shqiperia.com\/blog\/wp-content\/uploads\/2026\/08\/auto-900-0-1787135537xsako-6731787140537-6a85f5d59c6e3.jpg?fit=900%2C596&ssl=1&resize=350%2C200","width":350,"height":200,"srcset":"https:\/\/i0.wp.com\/www.shqiperia.com\/blog\/wp-content\/uploads\/2026\/08\/auto-900-0-1787135537xsako-6731787140537-6a85f5d59c6e3.jpg?fit=900%2C596&ssl=1&resize=350%2C200 1x, https:\/\/i0.wp.com\/www.shqiperia.com\/blog\/wp-content\/uploads\/2026\/08\/auto-900-0-1787135537xsako-6731787140537-6a85f5d59c6e3.jpg?fit=900%2C596&ssl=1&resize=525%2C300 1.5x, https:\/\/i0.wp.com\/www.shqiperia.com\/blog\/wp-content\/uploads\/2026\/08\/auto-900-0-1787135537xsako-6731787140537-6a85f5d59c6e3.jpg?fit=900%2C596&ssl=1&resize=700%2C400 2x"},"classes":[]},{"id":103842,"url":"https:\/\/www.shqiperia.com\/blog\/turizmi-po-rrit-bujqesine-e-fqinjeve\/","url_meta":{"origin":105939,"position":3},"title":"Turizmi po rrit bujq\u00ebsin\u00eb e fqinj\u00ebve","author":"Kurt Farka","date":"August 5, 2026","format":false,"excerpt":"5 Gusht 2026 Importet e ushqimeve arrit\u00ebn n\u00eb rreth 716 mij\u00eb ton\u00eb... Nga Brazili u importuan rreth 19 milion\u00eb kilogram\u00eb, 34% m\u00eb shum\u00eb se nj\u00eb vit m\u00eb par\u00eb. Importet nga Argjentina u zgjeruan me 80%, nd\u00ebrsa ato nga Ekuadori u rrit\u00ebn me 14%. ]Teksa prodhimi vendas bujq\u00ebsor po thellon r\u00ebnien\u2026","rel":"","context":"In &quot;Kultura&quot;","block_context":{"text":"Kultura","link":"https:\/\/www.shqiperia.com\/blog\/category\/kultura\/"},"img":{"alt_text":"","src":"https:\/\/i0.wp.com\/www.shqiperia.com\/blog\/wp-content\/uploads\/2026\/08\/OIP.jpg?fit=474%2C398&ssl=1&resize=350%2C200","width":350,"height":200},"classes":[]},{"id":103745,"url":"https:\/\/www.shqiperia.com\/blog\/histori-suksesi-sipas-edi-rames-aksh-i-eshte-nje-histori-suksesi-dhe-nje-model-qe-duhet-ndjekur-nga-europa\/","url_meta":{"origin":105939,"position":4},"title":"\u2018Histori suksesi\u2019. &#8211; Sipas Edi Ram\u00ebs, AKSH-i \u00ebsht\u00eb nj\u00eb histori suksesi dhe nj\u00eb model q\u00eb duhet ndjekur nga Europa.","author":"Kurt Farka","date":"August 4, 2026","format":false,"excerpt":"4 Gusht 2026 Nga Grigels Mu\u00e7ollari Diferenca mes propagand\u00ebs dhe realitetit \u00ebsht\u00eb b\u00ebr\u00eb nj\u00eb tipar i qeverisjes 13-vje\u00e7are t\u00eb Edi Ram\u00ebs. Premtimet dhe deklaratat e tij jan\u00eb rr\u00ebzuar vazhdimisht nga faktet. Rasti i fundit lidhet me t\u00eb shum\u00ebk\u00ebrkuarin Ermal Beqiri, nj\u00eb em\u00ebr q\u00eb sipas hetimeve t\u00eb SPAK-ut del n\u00eb qend\u00ebr\u2026","rel":"","context":"In &quot;Blogu i Udh\u00ebtarit&quot;","block_context":{"text":"Blogu i Udh\u00ebtarit","link":"https:\/\/www.shqiperia.com\/blog\/category\/blogu-i-udhetarit\/"},"img":{"alt_text":"","src":"https:\/\/i0.wp.com\/www.shqiperia.com\/blog\/wp-content\/uploads\/2026\/08\/auto_grrr1785780086.jpg?fit=900%2C635&ssl=1&resize=350%2C200","width":350,"height":200,"srcset":"https:\/\/i0.wp.com\/www.shqiperia.com\/blog\/wp-content\/uploads\/2026\/08\/auto_grrr1785780086.jpg?fit=900%2C635&ssl=1&resize=350%2C200 1x, https:\/\/i0.wp.com\/www.shqiperia.com\/blog\/wp-content\/uploads\/2026\/08\/auto_grrr1785780086.jpg?fit=900%2C635&ssl=1&resize=525%2C300 1.5x, https:\/\/i0.wp.com\/www.shqiperia.com\/blog\/wp-content\/uploads\/2026\/08\/auto_grrr1785780086.jpg?fit=900%2C635&ssl=1&resize=700%2C400 2x"},"classes":[]},{"id":103184,"url":"https:\/\/www.shqiperia.com\/blog\/nje-analize-ne-shifra-cfare-ka-sjelle-realisht-ligji-per-investimet-strategjike\/","url_meta":{"origin":105939,"position":5},"title":"Nj\u00eb analiz\u00eb n\u00eb shifra: &#8211; \u00c7far\u00eb ka sjell\u00eb realisht Ligji p\u00ebr Investimet Strategjike","author":"Kurt Farka","date":"July 25, 2026","format":false,"excerpt":"25 Korrik 2026 Dhjet\u00eb vjet pas fillimit t\u00eb zbatimit t\u00eb ligjit p\u00ebr investimet strategjike, (q\u00eb nisi n\u00eb vitin 2016), t\u00eb dh\u00ebnat zyrtare tregojn\u00eb se vlera e aseteve publike (tok\u00ebs) dhe e shpenzimeve buxhetore p\u00ebr infrastruktur\u00ebn q\u00eb mb\u00ebshtet drejtp\u00ebrdrejt apo t\u00ebrthorazi k\u00ebto investime, \u00ebsht\u00eb shum\u00eb m\u00eb e lart\u00eb se p\u00ebrfitimet q\u00eb\u2026","rel":"","context":"In &quot;Blogu i Udh\u00ebtarit&quot;","block_context":{"text":"Blogu i Udh\u00ebtarit","link":"https:\/\/www.shqiperia.com\/blog\/category\/blogu-i-udhetarit\/"},"img":{"alt_text":"","src":"https:\/\/i0.wp.com\/www.shqiperia.com\/blog\/wp-content\/uploads\/2026\/07\/Investime-strategjike-2-1241-1024x731-1-860x614-1.jpg?fit=860%2C482&ssl=1&resize=350%2C200","width":350,"height":200,"srcset":"https:\/\/i0.wp.com\/www.shqiperia.com\/blog\/wp-content\/uploads\/2026\/07\/Investime-strategjike-2-1241-1024x731-1-860x614-1.jpg?fit=860%2C482&ssl=1&resize=350%2C200 1x, https:\/\/i0.wp.com\/www.shqiperia.com\/blog\/wp-content\/uploads\/2026\/07\/Investime-strategjike-2-1241-1024x731-1-860x614-1.jpg?fit=860%2C482&ssl=1&resize=525%2C300 1.5x, https:\/\/i0.wp.com\/www.shqiperia.com\/blog\/wp-content\/uploads\/2026\/07\/Investime-strategjike-2-1241-1024x731-1-860x614-1.jpg?fit=860%2C482&ssl=1&resize=700%2C400 2x"},"classes":[]}],"_links":{"self":[{"href":"https:\/\/www.shqiperia.com\/blog\/wp-json\/wp\/v2\/posts\/105939","targetHints":{"allow":["GET"]}}],"collection":[{"href":"https:\/\/www.shqiperia.com\/blog\/wp-json\/wp\/v2\/posts"}],"about":[{"href":"https:\/\/www.shqiperia.com\/blog\/wp-json\/wp\/v2\/types\/post"}],"author":[{"embeddable":true,"href":"https:\/\/www.shqiperia.com\/blog\/wp-json\/wp\/v2\/users\/9"}],"replies":[{"embeddable":true,"href":"https:\/\/www.shqiperia.com\/blog\/wp-json\/wp\/v2\/comments?post=105939"}],"version-history":[{"count":1,"href":"https:\/\/www.shqiperia.com\/blog\/wp-json\/wp\/v2\/posts\/105939\/revisions"}],"predecessor-version":[{"id":105941,"href":"https:\/\/www.shqiperia.com\/blog\/wp-json\/wp\/v2\/posts\/105939\/revisions\/105941"}],"wp:featuredmedia":[{"embeddable":true,"href":"https:\/\/www.shqiperia.com\/blog\/wp-json\/wp\/v2\/media\/105940"}],"wp:attachment":[{"href":"https:\/\/www.shqiperia.com\/blog\/wp-json\/wp\/v2\/media?parent=105939"}],"wp:term":[{"taxonomy":"category","embeddable":true,"href":"https:\/\/www.shqiperia.com\/blog\/wp-json\/wp\/v2\/categories?post=105939"},{"taxonomy":"post_tag","embeddable":true,"href":"https:\/\/www.shqiperia.com\/blog\/wp-json\/wp\/v2\/tags?post=105939"}],"curies":[{"name":"wp","href":"https:\/\/api.w.org\/{rel}","templated":true}]}}