{"id":105936,"date":"2026-09-04T02:38:35","date_gmt":"2026-09-04T02:38:35","guid":{"rendered":"https:\/\/www.shqiperia.com\/blog\/?p=105936"},"modified":"2026-09-04T02:38:35","modified_gmt":"2026-09-04T02:38:35","slug":"zyrtarizohet-futja-e-albtrace-edhe-te-pasaportat-qeveria-u-beson-arabeve-teknologjine-e-te-dhenave-biometrike-te-shqiptareve","status":"publish","type":"post","link":"https:\/\/www.shqiperia.com\/blog\/zyrtarizohet-futja-e-albtrace-edhe-te-pasaportat-qeveria-u-beson-arabeve-teknologjine-e-te-dhenave-biometrike-te-shqiptareve\/","title":{"rendered":"Zyrtarizohet futja e \u201cALBTrace\u201d edhe te pasaportat, qeveria u beson arab\u00ebve teknologjin\u00eb e t\u00eb dh\u00ebnave biometrike t\u00eb shqiptar\u00ebve"},"content":{"rendered":"<p><img data-recalc-dims=\"1\" loading=\"lazy\" decoding=\"async\" data-attachment-id=\"105937\" data-permalink=\"https:\/\/www.shqiperia.com\/blog\/zyrtarizohet-futja-e-albtrace-edhe-te-pasaportat-qeveria-u-beson-arabeve-teknologjine-e-te-dhenave-biometrike-te-shqiptareve\/tp\/\" data-orig-file=\"https:\/\/i0.wp.com\/www.shqiperia.com\/blog\/wp-content\/uploads\/2026\/09\/tp.png?fit=640%2C440&amp;ssl=1\" data-orig-size=\"640,440\" data-comments-opened=\"1\" data-image-meta=\"{&quot;aperture&quot;:&quot;0&quot;,&quot;credit&quot;:&quot;&quot;,&quot;camera&quot;:&quot;&quot;,&quot;caption&quot;:&quot;&quot;,&quot;created_timestamp&quot;:&quot;0&quot;,&quot;copyright&quot;:&quot;&quot;,&quot;focal_length&quot;:&quot;0&quot;,&quot;iso&quot;:&quot;0&quot;,&quot;shutter_speed&quot;:&quot;0&quot;,&quot;title&quot;:&quot;&quot;,&quot;orientation&quot;:&quot;0&quot;}\" data-image-title=\"tp\" data-image-description=\"\" data-image-caption=\"\" data-medium-file=\"https:\/\/i0.wp.com\/www.shqiperia.com\/blog\/wp-content\/uploads\/2026\/09\/tp.png?fit=300%2C206&amp;ssl=1\" data-large-file=\"https:\/\/i0.wp.com\/www.shqiperia.com\/blog\/wp-content\/uploads\/2026\/09\/tp.png?fit=640%2C440&amp;ssl=1\" class=\"alignnone  wp-image-105937\" alt=\"\" src=\"https:\/\/i0.wp.com\/www.shqiperia.com\/blog\/wp-content\/uploads\/2026\/09\/tp.png?resize=679%2C466&#038;ssl=1\" width=\"679\" height=\"466\" srcset=\"https:\/\/i0.wp.com\/www.shqiperia.com\/blog\/wp-content\/uploads\/2026\/09\/tp.png?resize=300%2C206&amp;ssl=1 300w, https:\/\/i0.wp.com\/www.shqiperia.com\/blog\/wp-content\/uploads\/2026\/09\/tp.png?resize=450%2C309&amp;ssl=1 450w, https:\/\/i0.wp.com\/www.shqiperia.com\/blog\/wp-content\/uploads\/2026\/09\/tp.png?resize=600%2C413&amp;ssl=1 600w, https:\/\/i0.wp.com\/www.shqiperia.com\/blog\/wp-content\/uploads\/2026\/09\/tp.png?resize=235%2C160&amp;ssl=1 235w, https:\/\/i0.wp.com\/www.shqiperia.com\/blog\/wp-content\/uploads\/2026\/09\/tp.png?resize=400%2C275&amp;ssl=1 400w, https:\/\/i0.wp.com\/www.shqiperia.com\/blog\/wp-content\/uploads\/2026\/09\/tp.png?w=640&amp;ssl=1 640w\" sizes=\"auto, (max-width: 679px) 100vw, 679px\" \/><\/p>\n<p><strong><em>4 Shtator 2026<\/em><\/strong><\/p>\n<p><strong><em>Identitek do t\u00eb furnizohet nga ALBTrace me infrastruktur\u00eb dhe teknologji t\u00eb siguris\u00eb s\u00eb lart\u00eb, por kompania ka 49% kapital t\u00eb huaj. Vendimi ngre pik\u00ebpyetje se kush do t\u00eb ket\u00eb akses dhe kontroll mbi sistemet sensitive t\u00eb identitetit t\u00eb shqiptar\u00ebve\u2026<\/em><\/strong><\/p>\n<h4><em><strong>Pas pullave fiskale, gjurmueshm\u00ebris\u00eb s\u00eb kanabisit dhe p\u00ebrfshirjes n\u00eb markimin e karburanteve, qeveria ka vendosur n\u00eb mbledhjen e sotme q\u00eb ALBTrace t\u00eb furnizoj\u00eb shoq\u00ebrin\u00eb shtet\u00ebrore p\u00ebrgjegj\u00ebse p\u00ebr prodhimin dhe shp\u00ebrndarjen e dokumenteve biometrike me kapacitetet infrastrukturore dhe teknologjit\u00eb e siguris\u00eb s\u00eb lart\u00eb.<\/strong><\/em><\/h4>\n<p>\u201cALBTraceCo\u201d del s\u00ebrish n\u00eb sken\u00eb dhe k\u00ebt\u00eb her\u00eb b\u00ebhet fjal\u00eb p\u00ebr nj\u00eb nga sektor\u00ebt m\u00eb sensitiv\u00eb t\u00eb shtetit: pasaportat, kartat e identitetit dhe sistemet q\u00eb lidhen me t\u00eb dh\u00ebnat biometrike t\u00eb qytetar\u00ebve shqiptar\u00eb.<\/p>\n<div class=\"td-a-rec td-a-rec-id-content_inline  td_uid_3_6a9a24d0d8791_rand td_block_template_1\">\n<div class=\"td-all-devices\"><\/div>\n<div class=\"td-all-devices\"><\/div>\n<\/div>\n<p>Pas pullave fiskale, gjurmueshm\u00ebris\u00eb s\u00eb kanabisit dhe p\u00ebrfshirjes n\u00eb markimin e karburanteve, qeveria ka vendosur n\u00eb mbledhjen e sotme q\u00eb ALBTrace t\u00eb furnizoj\u00eb shoq\u00ebrin\u00eb shtet\u00ebrore p\u00ebrgjegj\u00ebse p\u00ebr prodhimin dhe shp\u00ebrndarjen e dokumenteve biometrike me kapacitetet infrastrukturore dhe teknologjit\u00eb e siguris\u00eb s\u00eb lart\u00eb.<\/p>\n<p>Vendimi i ri i K\u00ebshillit t\u00eb Ministrave ndryshon pik\u00ebn 7 t\u00eb VKM-s\u00eb nr. 80, t\u00eb 14 shkurtit 2023, me t\u00eb cil\u00ebn u krijua shoq\u00ebria aksionare p\u00ebr prodhimin dhe shp\u00ebrndarjen e dokumenteve biometrike, sot Identitek.<\/p>\n<p>Formulimi i ri i jep ALBTrace nj\u00eb rol t\u00eb gjer\u00eb. Sipas vendimit, shoq\u00ebria e dokumenteve biometrike do t\u00eb administroj\u00eb dhe zhvilloj\u00eb aktivitetin e saj p\u00ebrmes furnizimit nga ALBTraceCo me \u201ckapacitetet e nevojshme t\u00eb infrastruktur\u00ebs dhe teknologjive t\u00eb siguris\u00eb s\u00eb lart\u00eb\u201d.<\/p>\n<p>Dhe nuk b\u00ebhet fjal\u00eb vet\u00ebm p\u00ebr furnizimin me materiale fizike p\u00ebr pasaportat apo kartat e identitetit.<\/p>\n<p>Vendimi p\u00ebrfshin teknologjit\u00eb q\u00eb sigurojn\u00eb mbrojtjen e t\u00eb dh\u00ebnave sensitive t\u00eb shtetasve, identitetin dhe t\u00eb dh\u00ebnat biometrike, dokumentet fizike biometrike boshe, por edhe zhvillimin, integrimin ose administrimin e platformave dhe sistemeve kritike shtet\u00ebrore.<\/p>\n<p>ALBTrace do t\u00eb mund t\u00eb ofroj\u00eb gjithashtu sh\u00ebrbime p\u00ebr projektimin, zhvillimin, implementimin, operimin dhe mir\u00ebmbajtjen e sistemeve elektronike q\u00eb lidhen me identitetin biometrik dhe digjital, identifikimin elektronik, autentifikimin, gjurmueshm\u00ebrin\u00eb dhe verifikimin elektronik.<\/p>\n<p>\u201c<em>Shoq\u00ebria aksionare administron dhe zhvillon, n\u00ebp\u00ebrmjet furnizimit nga shoq\u00ebria \u201cALBTraceCo\u201d, sh.a., me kapacitetet e nevojshme t\u00eb infrastruktur\u00ebs dhe teknologjive t\u00eb siguris\u00eb s\u00eb lart\u00eb, q\u00eb sigurojn\u00eb mbrojtjen e t\u00eb dh\u00ebnave sensitive t\u00eb shtetasve, identitetin dhe t\u00eb dh\u00ebnat biometrike, dokumentet fizike biometrike boshe, zhvillimin, integrimin ose administrimin e platformave dhe sistemeve kritike shtet\u00ebrore, sh\u00ebrbime shtes\u00eb n\u00eb funksion t\u00eb prodhimit t\u00eb shp\u00ebrndarjes s\u00eb dokumenteve biometrike, p\u00ebrfshir\u00eb projektimin, zhvillimin, implementimin, operimin dhe mir\u00ebmbajtjen e sistemeve elektronike q\u00eb lidhen me identitetin biometrik, identitetin digjital, identifikimin elektronik, autentifikimin, gjurmueshm\u00ebrin\u00eb, verifikimin elektronik, si dhe \u00e7do sh\u00ebrbim tjet\u00ebr teknologjik ose t\u00eb integruar q\u00eb sh\u00ebrben p\u00ebr realizimin e k\u00ebtij q\u00ebllimi<\/em>\u201d, thekson vendimi.<\/p>\n<p>Pra, nga nj\u00eb kompani e njohur fillimisht p\u00ebr aktivitetin me pullat fiskale, ALBTrace po shtrin veprimtarin\u00eb n\u00eb infrastruktur\u00ebn teknologjike mbi t\u00eb cil\u00ebn mb\u00ebshtetet identiteti i qytetar\u00ebve.<\/p>\n<p>Pik\u00ebrisht k\u00ebtu lind edhe \u00e7\u00ebshtja m\u00eb sensitive.<\/p>\n<p>ALBTrace nuk \u00ebsht\u00eb nj\u00eb shoq\u00ebri me kapital 100% shtet\u00ebror shqiptar. Sipas dokumenteve t\u00eb raportuara m\u00eb her\u00ebt, 51% e aksioneve kontrollohen nga Shtypshkronja e Letrave me Vler\u00eb, nd\u00ebrsa 49% zot\u00ebrohen nga O&amp;S Security and Solutions, subjekt i lidhur me Emiratet e Bashkuara Arabe.<\/p>\n<p>Sipas t\u00eb nj\u00ebjtave t\u00eb dh\u00ebna, struktura e aksionerit t\u00eb huaj ndahet mes Oumolat Security Printing dhe SICPA Middle East Investments Holding. Konkretisht, raportimet tregojn\u00eb se Oumolat zot\u00ebron 60% dhe SICPA Middle East Investments Holding 40% t\u00eb partnerit privat n\u00eb ALBTrace.<\/p>\n<p>Normalisht ngrihet pyetja: Kush do ta kontrolloj\u00eb infrastruktur\u00ebn? Ku do t\u00eb ruhen t\u00eb dh\u00ebnat? A do t\u00eb ket\u00eb ALBTrace akses t\u00eb drejtp\u00ebrdrejt\u00eb apo indirekt n\u00eb t\u00eb dh\u00ebnat biometrike? A do t\u00eb mund t\u00eb ken\u00eb akses teknik aksioner\u00ebt e saj privat\u00eb, furnitor\u00ebt apo n\u00ebnkontraktor\u00ebt? Kush do t\u00eb auditoj\u00eb sistemet dhe \u00e7far\u00eb garancish do t\u00eb ket\u00eb q\u00eb t\u00eb dh\u00ebnat sensitive mbeten n\u00ebn kontrollin ekskluziv t\u00eb institucioneve shqiptare?<\/p>\n<p>K\u00ebto pyetje marrin pesh\u00eb p\u00ebr faktin se vendimi nuk e kufizon rolin e ALBTrace vet\u00ebm te furnizimi me dokumente biometrike boshe. Ai p\u00ebrmend shprehimisht edhe infrastruktur\u00ebn, teknologjit\u00eb e siguris\u00eb s\u00eb lart\u00eb, platformat dhe sistemet kritike shtet\u00ebrore, identitetin biometrik dhe digjital, autentifikimin dhe verifikimin elektronik.<\/p>\n<p>Zgjerimi te dokumentet biometrike \u00ebsht\u00eb vet\u00ebm hallka m\u00eb e fundit e nj\u00eb serie kompetencash q\u00eb qeveria i ka dh\u00ebn\u00eb k\u00ebsaj kompanie.<\/p>\n<p>ALBTrace u shfaq fillimisht n\u00eb sektorin e pullave fiskale. M\u00eb pas, n\u00eb korrik 2025, qeveria e p\u00ebrcaktoi si autoritetin e autorizuar p\u00ebr shenjimin dhe gjurmueshm\u00ebrin\u00eb e kanabisit t\u00eb kultivuar dhe p\u00ebrpunuar p\u00ebr q\u00ebllime mjek\u00ebsore dhe industriale.<\/p>\n<p>Nj\u00eb tjet\u00ebr zgjerim erdhi te hidrokarburet. N\u00eb korrik t\u00eb k\u00ebtij viti u raportua se ALBTrace mori rol edhe n\u00eb sh\u00ebrbimin e markimit t\u00eb karburanteve dhe gjurmimit t\u00eb tranzitit, duke zgjeruar m\u00eb tej fush\u00ebn e aktivitetit t\u00eb saj.<\/p>\n","protected":false},"excerpt":{"rendered":"<p>4 Shtator 2026 Identitek do t\u00eb furnizohet nga ALBTrace me infrastruktur\u00eb dhe teknologji t\u00eb siguris\u00eb s\u00eb lart\u00eb, por kompania ka 49% kapital t\u00eb huaj. Vendimi ngre pik\u00ebpyetje se kush do t\u00eb ket\u00eb akses dhe kontroll mbi sistemet sensitive t\u00eb identitetit t\u00eb shqiptar\u00ebve\u2026 Pas pullave fiskale, gjurmueshm\u00ebris\u00eb s\u00eb kanabisit dhe p\u00ebrfshirjes n\u00eb markimin e karburanteve, qeveria [&hellip;]<\/p>\n","protected":false},"author":9,"featured_media":105937,"comment_status":"open","ping_status":"open","sticky":false,"template":"","format":"standard","meta":{"jetpack_post_was_ever_published":false,"_jetpack_newsletter_access":"","_jetpack_dont_email_post_to_subs":false,"_jetpack_newsletter_tier_id":0,"_jetpack_memberships_contains_paywalled_content":false,"_jetpack_memberships_contains_paid_content":false,"footnotes":"","jetpack_publicize_message":"","jetpack_publicize_feature_enabled":true,"jetpack_social_post_already_shared":true,"jetpack_social_options":{"image_generator_settings":{"template":"highway","default_image_id":0,"font":"","enabled":false},"version":2}},"categories":[27,1,2,35],"tags":[],"class_list":["post-105936","post","type-post","status-publish","format-standard","has-post-thumbnail","hentry","category-blogu-i-udhetarit","category-njoftime-shtypi","category-politika","category-shoqerore"],"jetpack_publicize_connections":[],"jetpack_featured_media_url":"https:\/\/i0.wp.com\/www.shqiperia.com\/blog\/wp-content\/uploads\/2026\/09\/tp.png?fit=640%2C440&ssl=1","jetpack_sharing_enabled":true,"jetpack_shortlink":"https:\/\/wp.me\/p5Z6wp-ryE","jetpack-related-posts":[{"id":102258,"url":"https:\/\/www.shqiperia.com\/blog\/qeveria-rama-nen-hetim-per-trafik-droge-nga-shba\/","url_meta":{"origin":105936,"position":0},"title":"Qeveria \u201cRama\u201d n\u00ebn hetim p\u00ebr trafik droge nga SHBA","author":"Kurt Farka","date":"July 5, 2026","format":false,"excerpt":"5 Korrik 2026 Nga Rigels Seliman Teksa kryeministri Edi Rama prej nj\u00eb muaji \u00ebsht\u00eb n\u00eb presion p\u00ebr shkak t\u00eb protestave q\u00eb k\u00ebrkojn\u00eb dor\u00ebheqjen e tij, Uashingtoni ka ndezur zyrtarisht motor\u00ebt e nj\u00eb hetimi q\u00eb mund t\u00eb \u00e7oj\u00eb n\u00eb rr\u00ebzimin e parakohsh\u00ebm t\u00eb qeveris\u00eb \u201cRama\u201d. Kongresmeni republikan, Joe Wilson ka depozituar\u2026","rel":"","context":"In &quot;Blogu i Udh\u00ebtarit&quot;","block_context":{"text":"Blogu i Udh\u00ebtarit","link":"https:\/\/www.shqiperia.com\/blog\/category\/blogu-i-udhetarit\/"},"img":{"alt_text":"","src":"https:\/\/i0.wp.com\/www.shqiperia.com\/blog\/wp-content\/uploads\/2026\/07\/foto-2-1.png?fit=900%2C549&ssl=1&resize=350%2C200","width":350,"height":200,"srcset":"https:\/\/i0.wp.com\/www.shqiperia.com\/blog\/wp-content\/uploads\/2026\/07\/foto-2-1.png?fit=900%2C549&ssl=1&resize=350%2C200 1x, https:\/\/i0.wp.com\/www.shqiperia.com\/blog\/wp-content\/uploads\/2026\/07\/foto-2-1.png?fit=900%2C549&ssl=1&resize=525%2C300 1.5x, https:\/\/i0.wp.com\/www.shqiperia.com\/blog\/wp-content\/uploads\/2026\/07\/foto-2-1.png?fit=900%2C549&ssl=1&resize=700%2C400 2x"},"classes":[]},{"id":102392,"url":"https:\/\/www.shqiperia.com\/blog\/shqetesime-mbi-ligjin-e-ri-per-shish-zgjeron-syrin-e-sherbimit-sekret-mbi-stabilitetin-e-brendshem\/","url_meta":{"origin":105936,"position":1},"title":"Shqet\u00ebsime mbi ligjin e ri p\u00ebr SHISH: &#8211; Zgjeron syrin e sh\u00ebrbimit sekret mbi \u201cstabilitetin e brendsh\u00ebm\u201d","author":"Kurt Farka","date":"July 9, 2026","format":false,"excerpt":"9 Korrik 2026 Sh\u00ebrbimi Informativ i Shtetit (SHISH) n\u00eb Shqip\u00ebri pritet t\u00eb marr\u00eb kompetenca m\u00eb t\u00eb gjera \u2013 p\u00ebr her\u00eb t\u00eb par\u00eb q\u00eb nga miratimi i ligjit t\u00eb tij themelor n\u00eb vitin 1998. P\u00ebrve\u00e7 detyrave tradicionale n\u00eb fush\u00ebn e kund\u00ebrzbulimit dhe siguris\u00eb komb\u00ebtare, institucioni do t\u00eb ket\u00eb mandat t\u00eb mbledh\u00eb\u2026","rel":"","context":"In &quot;Blogu i Udh\u00ebtarit&quot;","block_context":{"text":"Blogu i Udh\u00ebtarit","link":"https:\/\/www.shqiperia.com\/blog\/category\/blogu-i-udhetarit\/"},"img":{"alt_text":"","src":"https:\/\/i0.wp.com\/www.shqiperia.com\/blog\/wp-content\/uploads\/2026\/07\/AA81E3AB-2B78-4989-9420-CBB66EB21768_w408_r1_s.jpg?fit=408%2C230&ssl=1&resize=350%2C200","width":350,"height":200},"classes":[]},{"id":100588,"url":"https:\/\/www.shqiperia.com\/blog\/jonathan-pano-shpopullimi-nuk-eshte-rastesi-por-nje-axhende-e-qeverise\/","url_meta":{"origin":105936,"position":2},"title":"Jonathan Pano: &#8211; Shpopullimi nuk \u00ebsht\u00eb rast\u00ebsi, por nj\u00eb axhend\u00eb e qeveris\u00eb","author":"Kurt Farka","date":"May 22, 2026","format":false,"excerpt":"22 Maji 2026 I ftuar n\u00eb nj\u00eb studio televizive Jonathan Pano, an\u00ebtar i K\u00ebshillit Bashkiak t\u00eb Tiran\u00ebs nga radh\u00ebt e opozit\u00ebs, ngriti alarmin p\u00ebr ritmet e shpopullimit n\u00eb Shqip\u00ebri, duke iu referuar t\u00eb dh\u00ebnave t\u00eb Eurostat dhe analizave t\u00eb ekspert\u00ebve t\u00eb demografis\u00eb. Sipas Panos, raportimet p\u00ebr rreth 29 mij\u00eb persona\u2026","rel":"","context":"In &quot;Blogu i Udh\u00ebtarit&quot;","block_context":{"text":"Blogu i Udh\u00ebtarit","link":"https:\/\/www.shqiperia.com\/blog\/category\/blogu-i-udhetarit\/"},"img":{"alt_text":"","src":"https:\/\/i0.wp.com\/www.shqiperia.com\/blog\/wp-content\/uploads\/2026\/05\/nfk.jpg?fit=773%2C528&ssl=1&resize=350%2C200","width":350,"height":200,"srcset":"https:\/\/i0.wp.com\/www.shqiperia.com\/blog\/wp-content\/uploads\/2026\/05\/nfk.jpg?fit=773%2C528&ssl=1&resize=350%2C200 1x, https:\/\/i0.wp.com\/www.shqiperia.com\/blog\/wp-content\/uploads\/2026\/05\/nfk.jpg?fit=773%2C528&ssl=1&resize=525%2C300 1.5x, https:\/\/i0.wp.com\/www.shqiperia.com\/blog\/wp-content\/uploads\/2026\/05\/nfk.jpg?fit=773%2C528&ssl=1&resize=700%2C400 2x"},"classes":[]},{"id":103465,"url":"https:\/\/www.shqiperia.com\/blog\/konsullata-serbe-ne-shkoder-reagon-tabaku-nuk-ka-reciprocitet-mes-54-serbeve-dhe-61-mije-shqiptareve\/","url_meta":{"origin":105936,"position":3},"title":"Konsullata serbe n\u00eb Shkod\u00ebr, reagon Tabaku: &#8211; Nuk ka reciprocitet mes 54 serb\u00ebve dhe 61 mij\u00eb shqiptar\u00ebve!","author":"Kurt Farka","date":"July 30, 2026","format":false,"excerpt":"30 korrik 2026 Deputetja e Partis\u00eb Demokratike dhe kryetarja e Komisionit p\u00ebr \u00c7\u00ebshtjet Europiane, Jorida Tabaku, ka reaguar pas raportimeve n\u00eb media se qeveria shqiptare po i hap rrug\u00eb krijimit t\u00eb nj\u00eb konsullate serbe n\u00eb Shkod\u00ebr. P\u00ebrmes nj\u00eb postimi n\u00eb rrjetet sociale, Tabaku k\u00ebrkon transparenc\u00eb t\u00eb plot\u00eb nga Ministria p\u00ebr\u2026","rel":"","context":"In &quot;Blogu i Udh\u00ebtarit&quot;","block_context":{"text":"Blogu i Udh\u00ebtarit","link":"https:\/\/www.shqiperia.com\/blog\/category\/blogu-i-udhetarit\/"},"img":{"alt_text":"","src":"https:\/\/i0.wp.com\/www.shqiperia.com\/blog\/wp-content\/uploads\/2026\/07\/760604365_1034334422538647_8508622100528155772_n.jpg?fit=1200%2C751&ssl=1&resize=350%2C200","width":350,"height":200,"srcset":"https:\/\/i0.wp.com\/www.shqiperia.com\/blog\/wp-content\/uploads\/2026\/07\/760604365_1034334422538647_8508622100528155772_n.jpg?fit=1200%2C751&ssl=1&resize=350%2C200 1x, https:\/\/i0.wp.com\/www.shqiperia.com\/blog\/wp-content\/uploads\/2026\/07\/760604365_1034334422538647_8508622100528155772_n.jpg?fit=1200%2C751&ssl=1&resize=525%2C300 1.5x, https:\/\/i0.wp.com\/www.shqiperia.com\/blog\/wp-content\/uploads\/2026\/07\/760604365_1034334422538647_8508622100528155772_n.jpg?fit=1200%2C751&ssl=1&resize=700%2C400 2x, https:\/\/i0.wp.com\/www.shqiperia.com\/blog\/wp-content\/uploads\/2026\/07\/760604365_1034334422538647_8508622100528155772_n.jpg?fit=1200%2C751&ssl=1&resize=1050%2C600 3x"},"classes":[]},{"id":102180,"url":"https:\/\/www.shqiperia.com\/blog\/mashtrimi-me-buxhetin-e-mbrojtjes-dhe-sabotimi-i-korridorit-8-te-tjetersimi-i-bazave-detare-per-oligarket-dhe\/","url_meta":{"origin":105936,"position":4},"title":"Mashtrimi me buxhetin e mbrojtjes dhe sabotimi i Korridorit 8, te tjet\u00ebrsimi i bazave detare p\u00ebr oligark\u00ebt dhe\u2026","author":"Kurt Farka","date":"July 3, 2026","format":false,"excerpt":"3 Korrik 2026 Artur Me\u00e7ollari, ish-zv\/komandant i Forc\u00ebs Detare, ka nxjerr\u00eb detaje t\u00eb forta mbi gjendjen e siguris\u00eb komb\u00ebtare dhe marr\u00ebdh\u00ebniet e Shqip\u00ebris\u00eb me NATO-n, duke paralajm\u00ebruar se vendi rrezikon mbajtjen e samitit t\u00eb Aleanc\u00ebs n\u00eb vitin 2027. Sipas tij, qeveria shqiptare ka mashtruar me buxhetin e mbrojtjes, i cili\u2026","rel":"","context":"In &quot;Blogu i Udh\u00ebtarit&quot;","block_context":{"text":"Blogu i Udh\u00ebtarit","link":"https:\/\/www.shqiperia.com\/blog\/category\/blogu-i-udhetarit\/"},"img":{"alt_text":"","src":"https:\/\/i0.wp.com\/www.shqiperia.com\/blog\/wp-content\/uploads\/2026\/07\/foto-3-1-1140x570-1.jpg?fit=1140%2C570&ssl=1&resize=350%2C200","width":350,"height":200,"srcset":"https:\/\/i0.wp.com\/www.shqiperia.com\/blog\/wp-content\/uploads\/2026\/07\/foto-3-1-1140x570-1.jpg?fit=1140%2C570&ssl=1&resize=350%2C200 1x, https:\/\/i0.wp.com\/www.shqiperia.com\/blog\/wp-content\/uploads\/2026\/07\/foto-3-1-1140x570-1.jpg?fit=1140%2C570&ssl=1&resize=525%2C300 1.5x, https:\/\/i0.wp.com\/www.shqiperia.com\/blog\/wp-content\/uploads\/2026\/07\/foto-3-1-1140x570-1.jpg?fit=1140%2C570&ssl=1&resize=700%2C400 2x, https:\/\/i0.wp.com\/www.shqiperia.com\/blog\/wp-content\/uploads\/2026\/07\/foto-3-1-1140x570-1.jpg?fit=1140%2C570&ssl=1&resize=1050%2C600 3x"},"classes":[]},{"id":102851,"url":"https:\/\/www.shqiperia.com\/blog\/protesta-rama-tradhtar-dhe-antishqiptar-gjenocidi-modern-eshte-largimi-i-shqiptareve-nga-vendi\/","url_meta":{"origin":105936,"position":5},"title":"Protesta: &#8211; Rama tradhtar dhe antishqiptar, gjenocidi modern \u00ebsht\u00eb largimi i shqiptar\u00ebve nga vendi","author":"Kurt Farka","date":"July 18, 2026","format":false,"excerpt":"18 Korrik 2026 Nga protesta e p\u00ebrditshme n\u00eb \u2018D\u00ebshmor\u00ebt e Kombit\u2019, nj\u00eb prej fol\u00ebsve ka ngritur akuza t\u00eb forta ndaj Edi Ram\u00ebs dhe ka k\u00ebrkuar reagim t\u00eb fort\u00eb ndaj deklaratave t\u00eb ministres serbe, q\u00eb do t\u00eb spastronte Kosov\u00ebn n\u00ebse do ishte n\u00eb vendin e Milloshevi\u00e7it. Ai u ndal te deklaratat\u2026","rel":"","context":"In &quot;Blogu i Udh\u00ebtarit&quot;","block_context":{"text":"Blogu i Udh\u00ebtarit","link":"https:\/\/www.shqiperia.com\/blog\/category\/blogu-i-udhetarit\/"},"img":{"alt_text":"","src":"https:\/\/i0.wp.com\/www.shqiperia.com\/blog\/wp-content\/uploads\/2026\/07\/727126107_27791819013775577_4523875627734286620_n.jpg?fit=1200%2C867&ssl=1&resize=350%2C200","width":350,"height":200,"srcset":"https:\/\/i0.wp.com\/www.shqiperia.com\/blog\/wp-content\/uploads\/2026\/07\/727126107_27791819013775577_4523875627734286620_n.jpg?fit=1200%2C867&ssl=1&resize=350%2C200 1x, https:\/\/i0.wp.com\/www.shqiperia.com\/blog\/wp-content\/uploads\/2026\/07\/727126107_27791819013775577_4523875627734286620_n.jpg?fit=1200%2C867&ssl=1&resize=525%2C300 1.5x, https:\/\/i0.wp.com\/www.shqiperia.com\/blog\/wp-content\/uploads\/2026\/07\/727126107_27791819013775577_4523875627734286620_n.jpg?fit=1200%2C867&ssl=1&resize=700%2C400 2x, https:\/\/i0.wp.com\/www.shqiperia.com\/blog\/wp-content\/uploads\/2026\/07\/727126107_27791819013775577_4523875627734286620_n.jpg?fit=1200%2C867&ssl=1&resize=1050%2C600 3x"},"classes":[]}],"_links":{"self":[{"href":"https:\/\/www.shqiperia.com\/blog\/wp-json\/wp\/v2\/posts\/105936","targetHints":{"allow":["GET"]}}],"collection":[{"href":"https:\/\/www.shqiperia.com\/blog\/wp-json\/wp\/v2\/posts"}],"about":[{"href":"https:\/\/www.shqiperia.com\/blog\/wp-json\/wp\/v2\/types\/post"}],"author":[{"embeddable":true,"href":"https:\/\/www.shqiperia.com\/blog\/wp-json\/wp\/v2\/users\/9"}],"replies":[{"embeddable":true,"href":"https:\/\/www.shqiperia.com\/blog\/wp-json\/wp\/v2\/comments?post=105936"}],"version-history":[{"count":1,"href":"https:\/\/www.shqiperia.com\/blog\/wp-json\/wp\/v2\/posts\/105936\/revisions"}],"predecessor-version":[{"id":105938,"href":"https:\/\/www.shqiperia.com\/blog\/wp-json\/wp\/v2\/posts\/105936\/revisions\/105938"}],"wp:featuredmedia":[{"embeddable":true,"href":"https:\/\/www.shqiperia.com\/blog\/wp-json\/wp\/v2\/media\/105937"}],"wp:attachment":[{"href":"https:\/\/www.shqiperia.com\/blog\/wp-json\/wp\/v2\/media?parent=105936"}],"wp:term":[{"taxonomy":"category","embeddable":true,"href":"https:\/\/www.shqiperia.com\/blog\/wp-json\/wp\/v2\/categories?post=105936"},{"taxonomy":"post_tag","embeddable":true,"href":"https:\/\/www.shqiperia.com\/blog\/wp-json\/wp\/v2\/tags?post=105936"}],"curies":[{"name":"wp","href":"https:\/\/api.w.org\/{rel}","templated":true}]}}