{"id":105930,"date":"2026-09-04T02:28:49","date_gmt":"2026-09-04T02:28:49","guid":{"rendered":"https:\/\/www.shqiperia.com\/blog\/?p=105930"},"modified":"2026-09-04T02:28:49","modified_gmt":"2026-09-04T02:28:49","slug":"fshehja-e-ndertimit-siperfaqja-e-lejeve-ne-6mi-vleresohet-4-here-me-e-madhe-se-statistika-zyrtare","status":"publish","type":"post","link":"https:\/\/www.shqiperia.com\/blog\/fshehja-e-ndertimit-siperfaqja-e-lejeve-ne-6mi-vleresohet-4-here-me-e-madhe-se-statistika-zyrtare\/","title":{"rendered":"\u201cFshehja\u201d e nd\u00ebrtimit, sip\u00ebrfaqja e lejeve n\u00eb 6MI vler\u00ebsohet 4 her\u00eb m\u00eb e madhe se statistika zyrtare"},"content":{"rendered":"<p><img data-recalc-dims=\"1\" loading=\"lazy\" decoding=\"async\" data-attachment-id=\"105931\" data-permalink=\"https:\/\/www.shqiperia.com\/blog\/fshehja-e-ndertimit-siperfaqja-e-lejeve-ne-6mi-vleresohet-4-here-me-e-madhe-se-statistika-zyrtare\/grafik\/\" data-orig-file=\"https:\/\/i0.wp.com\/www.shqiperia.com\/blog\/wp-content\/uploads\/2026\/09\/Grafik.jpg?fit=1852%2C1064&amp;ssl=1\" data-orig-size=\"1852,1064\" data-comments-opened=\"1\" data-image-meta=\"{&quot;aperture&quot;:&quot;0&quot;,&quot;credit&quot;:&quot;&quot;,&quot;camera&quot;:&quot;&quot;,&quot;caption&quot;:&quot;&quot;,&quot;created_timestamp&quot;:&quot;0&quot;,&quot;copyright&quot;:&quot;&quot;,&quot;focal_length&quot;:&quot;0&quot;,&quot;iso&quot;:&quot;0&quot;,&quot;shutter_speed&quot;:&quot;0&quot;,&quot;title&quot;:&quot;&quot;,&quot;orientation&quot;:&quot;1&quot;}\" data-image-title=\"Grafik\" data-image-description=\"\" data-image-caption=\"\" data-medium-file=\"https:\/\/i0.wp.com\/www.shqiperia.com\/blog\/wp-content\/uploads\/2026\/09\/Grafik.jpg?fit=300%2C172&amp;ssl=1\" data-large-file=\"https:\/\/i0.wp.com\/www.shqiperia.com\/blog\/wp-content\/uploads\/2026\/09\/Grafik.jpg?fit=1024%2C588&amp;ssl=1\" class=\"alignnone  wp-image-105931\" alt=\"\" src=\"https:\/\/i0.wp.com\/www.shqiperia.com\/blog\/wp-content\/uploads\/2026\/09\/Grafik.jpg?resize=553%2C317&#038;ssl=1\" width=\"553\" height=\"317\" srcset=\"https:\/\/i0.wp.com\/www.shqiperia.com\/blog\/wp-content\/uploads\/2026\/09\/Grafik.jpg?resize=300%2C172&amp;ssl=1 300w, https:\/\/i0.wp.com\/www.shqiperia.com\/blog\/wp-content\/uploads\/2026\/09\/Grafik.jpg?resize=1024%2C588&amp;ssl=1 1024w, https:\/\/i0.wp.com\/www.shqiperia.com\/blog\/wp-content\/uploads\/2026\/09\/Grafik.jpg?resize=768%2C441&amp;ssl=1 768w, https:\/\/i0.wp.com\/www.shqiperia.com\/blog\/wp-content\/uploads\/2026\/09\/Grafik.jpg?resize=1536%2C882&amp;ssl=1 1536w, https:\/\/i0.wp.com\/www.shqiperia.com\/blog\/wp-content\/uploads\/2026\/09\/Grafik.jpg?resize=450%2C259&amp;ssl=1 450w, https:\/\/i0.wp.com\/www.shqiperia.com\/blog\/wp-content\/uploads\/2026\/09\/Grafik.jpg?resize=600%2C345&amp;ssl=1 600w, https:\/\/i0.wp.com\/www.shqiperia.com\/blog\/wp-content\/uploads\/2026\/09\/Grafik.jpg?resize=1500%2C862&amp;ssl=1 1500w, https:\/\/i0.wp.com\/www.shqiperia.com\/blog\/wp-content\/uploads\/2026\/09\/Grafik.jpg?resize=1300%2C747&amp;ssl=1 1300w, https:\/\/i0.wp.com\/www.shqiperia.com\/blog\/wp-content\/uploads\/2026\/09\/Grafik.jpg?resize=400%2C230&amp;ssl=1 400w, https:\/\/i0.wp.com\/www.shqiperia.com\/blog\/wp-content\/uploads\/2026\/09\/Grafik.jpg?w=1852&amp;ssl=1 1852w\" sizes=\"auto, (max-width: 553px) 100vw, 553px\" \/><\/p>\n<p class=\"s2\">4 Shtator 2026<\/p>\n<p class=\"s2\">INSTAT raportoi se n\u00eb tremujorin e dyt\u00eb jan\u00eb miratuar 460 leje nd\u00ebrtimi p\u00ebr nd\u00ebrtesa t\u00eb reja, duke sh\u00ebnuar nj\u00eb rritje prej 30,7%, krahasuar me t\u00eb nj\u00ebjt\u00ebn periudh\u00eb t\u00eb vitit 2025, kur u miratuan 352 leje.<\/p>\n<p class=\"s2\">Sip\u00ebrfaqja totale e parashikuar p\u00ebr nd\u00ebrtimet e reja n\u00eb k\u00ebt\u00eb tremujor \u00ebsht\u00eb 307.127 m\u00b2, duke sh\u00ebnuar nj\u00eb rritje prej 10,3%, n\u00eb krahasim me tremujorin e dyt\u00eb t\u00eb vitit 2025 (278.389 m\u00b2).<\/p>\n<p class=\"s2\">Duke iu referuar dhe t\u00eb dh\u00ebnave t\u00eb tremujorit t\u00eb m\u00ebparsh\u00ebm, p\u00ebr 6-mujorin e par\u00eb, sip\u00ebrfaqja e dh\u00ebn\u00eb p\u00ebr leje nd\u00ebrtimit p\u00ebr periudh\u00ebn janar-qershor \u00ebsht\u00eb 684 mij\u00eb metra katror, me rritje gati 12% n\u00eb krahasim me 6-mujorin e par\u00eb 2025.<\/p>\n<p class=\"s2\">Por, n\u00eb krahasim me 6-mujorin e par\u00eb 2024, sip\u00ebrfaqja e lejeve rezulton t\u00eb ket\u00eb r\u00ebn\u00eb me 43%.<\/p>\n<p class=\"s2\">N\u00eb fakt, kjo nuk \u00ebsht\u00eb r\u00ebnie reale, por lidhet thjesht me faktin se q\u00eb nga viti 2025, INSTAT raporton vet\u00ebm lejet e dh\u00ebn\u00eb nga Bashkit\u00eb dhe kjo lejet e dh\u00ebna nga K\u00ebshilli Komb\u00ebtar i territorit t\u00eb Ujit, q\u00eb jep vendimet p\u00ebr resortet dhe kullat. Historia \u00ebsht\u00eb krejt ndryshe nga sa tregojn\u00eb shifrat.<\/p>\n<p class=\"s2\"><strong><span class=\"s3\">Sip<\/span><span class=\"s3\">\u00eb<\/span><span class=\"s3\">rfaqja e dh<\/span><span class=\"s3\">\u00eb<\/span><span class=\"s3\">n<\/span><span class=\"s3\">\u00eb<\/span><span>\u00a0<\/span><span class=\"s3\">\u00ebsht\u00eb<span>\u00a0<\/span><\/span><span class=\"s3\">gati<span>\u00a0<\/span><\/span><span class=\"s3\">4<\/span><span class=\"s3\"><span>\u00a0<\/span>her\u00eb m\u00eb e lart\u00eb se deklarimi zyrtar<\/span><\/strong><\/p>\n<p class=\"s2\">INSTAT sqaron se q\u00eb prej fillimit t\u00eb vitit 2025, botimi i statistikave mbi lejet e nd\u00ebrtimit mb\u00ebshtetet aktualisht vet\u00ebm n\u00eb t\u00eb dh\u00ebnat e siguruara nga bashkit\u00eb, t\u00eb cilat jan\u00eb autoritetet kryesore p\u00ebr dh\u00ebnien dhe raportimin e k\u00ebtyre lejeve.<\/p>\n<p class=\"s2\">Megjithat\u00eb, VKM nr. 408, dat\u00eb 13.5.2015 \u201cP\u00ebr miratimin e rregullores s\u00eb zhvillimit t\u00eb territorit\u201d, i ndryshuar*, p\u00ebrcakton se n\u00eb procesin e miratimit t\u00eb lejeve t\u00eb nd\u00ebrtimit p\u00ebrfshihen edhe institucione t\u00eb tjera p\u00ebrgjegj\u00ebse, p\u00ebrve\u00e7 bashkive.<\/p>\n<p class=\"s2\">Duke qen\u00eb se ende nuk ka nj\u00eb raportim t\u00eb standardizuar dhe t\u00eb plot\u00eb nga t\u00eb gjitha k\u00ebto ente pran\u00eb INSTAT, t\u00eb dh\u00ebnat e publikuara bazohen vet\u00ebm n\u00eb burimet bashkiake dhe nuk raporton t\u00eb dh\u00ebnat e K\u00ebshillit Komb\u00ebtar i Territorit dhe Ujit (KKTU), i cili jep lejet p\u00ebr nd\u00ebrtimet mbi 7 kate.<\/p>\n<p class=\"s2\">\u00a0<span class=\"s4\">(Sipas VKM nr. 418, dat\u00eb 23.7.2025, q\u00eb ndryshoi nenin 19 t\u00eb Rregullores s\u00eb Zhvillimit t\u00eb Territorit, \u00a0KKTU \u00ebsht\u00eb p\u00ebrgjegj\u00ebs p\u00ebr lejet e nd\u00ebrtimit p\u00ebr objektet brenda brezit bregdetar dhe p\u00ebr \u201c\u00e7do objekt mbi 6 kate, kur shtrihet jasht\u00eb k\u00ebsaj zone)<\/span><span class=\"s4\">.<\/span><\/p>\n<p class=\"s2\">Muajt e fundit K\u00ebshillit Komb\u00ebtar i Territorit dhe Ujit kan\u00eb marr\u00eb n\u00eb shqyrtim disa qindra k\u00ebrkesa p\u00ebr leje nd\u00ebrtimi e zhvillimi ku p\u00ebrfshihen projekte turizmi, rezidencial\u00eb, infrastruktur\u00eb publike, nd\u00ebrhyrje n\u00eb energji dhe transport. K\u00ebto leje nuk raportohen n\u00eb statistikat zyrtare, duke krijuar munges\u00eb transparence.<\/p>\n<p class=\"s2\">N\u00eb munges\u00eb t\u00eb p\u00ebrdit\u00ebsimit t\u00eb t\u00eb dh\u00ebnave nga INSTAT p\u00ebr sip\u00ebrfaqen e lejeve t\u00eb nd\u00ebrtimit, q\u00eb raporton prej fillimit t\u00eb vitit 2025 vet\u00ebm pushtetin vendor dhe jo lejet e K\u00ebshillit Komb\u00ebtare t\u00eb Territorit dhe Ujit (KKTU), t\u00eb ardhurat nga taksa e ndikimit n\u00eb infrastruktur\u00eb jan\u00eb treguesi m\u00eb i sakt\u00eb p\u00ebr p\u00ebrmasat q\u00eb pritet t\u00eb marr\u00eb nd\u00ebrtimi n\u00eb vend.<\/p>\n<p class=\"s2\">Ndon\u00ebse sip\u00ebrfaqja e nd\u00ebrtimit rezulton me rritje modeste n\u00eb raport me 6 muajt e par\u00eb t\u00eb 2025-s dhe r\u00ebnie prej 43% nga 6 mujori i par\u00eb 2024, t\u00eb dh\u00ebnat e tjera nga t\u00eb ardhurat nga taksa e nd\u00ebrtimit n\u00eb infrastruktur\u00eb tregojn\u00eb nj\u00eb histori ndryshe.<\/p>\n<p class=\"s2\">N\u00eb total, p\u00ebr 6 mujorin e par\u00eb 2026 jan\u00eb ark\u00ebtuar nga \u2018taksa e ndikimit n\u00eb infrastruktur\u00eb nga nd\u00ebrtimet e reja\u2019 n\u00eb t\u00eb gjith\u00eb vendin 18.3 miliard\u00eb lek\u00eb, ose tre her\u00eb m\u00eb shum\u00eb se e nj\u00ebjta periudh\u00eb e nj\u00eb viti m\u00eb par\u00eb (+200%).<\/p>\n<p class=\"s2\">Edhe n\u00eb krahasim me vitin 2024, q\u00eb deri tani mbante rekordin e dekad\u00ebs s\u00eb fundit p\u00ebr t\u00eb ardhurat nga kjo taks\u00eb lejet e sip\u00ebrfaqes m\u00eb t\u00eb lart\u00eb t\u00eb lejeve t\u00eb dh\u00ebna, t\u00eb ardhurat m\u00ebse jan\u00eb dyfishuar (+120%).<\/p>\n<p class=\"s2\">P\u00ebr krahasim, p\u00ebr 6 mujorin e par\u00eb t\u00eb vitit 2024, q\u00eb \u00ebsht\u00eb viti i fundit kur INSTAT i raportoi t\u00eb dh\u00ebnat e plota, ishin dh\u00ebn\u00eb leje p\u00ebr nj\u00eb sip\u00ebrfaqe nd\u00ebrtimi prej 1.2 milion\u00eb metra katror.<\/p>\n<p class=\"s2\">P\u00ebr t\u00ebnj\u00ebjt\u00ebn periudh\u00eb, t\u00eb ardhurat nga taksa e nd\u00ebrtimit n\u00eb infrastruktur\u00eb ishin 8.7 miliard\u00eb lek\u00eb. Nga t\u00eb dh\u00ebnat rezulton se n\u00eb 2024-n u ark\u00ebtuan rreth 7200 lek\u00eb p\u00ebr \u00e7do met\u00ebr katror t\u00ebdh\u00ebn\u00eb p\u00ebr nd\u00ebrtim.<\/p>\n<p class=\"s2\"><span class=\"s3\">Me t<\/span><span class=\"s3\">\u00eb<\/span><span class=\"s3\"><span>\u00a0<\/span>nj<\/span><span class=\"s3\">\u00eb<\/span><span class=\"s3\">jt<\/span><span class=\"s3\">\u00eb<\/span><span class=\"s3\">n<span>\u00a0<\/span><\/span><span class=\"s3\">supozim (ark\u00ebtimi prej 7.2 mij\u00eb lek\u00eb p\u00ebr met\u00ebr katror t\u00eb dh\u00ebn\u00eb p\u00ebr nd\u00ebrtim p\u00ebr nj\u00eb t\u00eb ardhur prej 18.3 miliard\u00eb lek\u00eb)<\/span><span class=\"s3\">, n<\/span><span class=\"s3\">\u00eb<\/span><span class=\"s3\"><span>\u00a0<\/span>6-mujorin e par<\/span><span class=\"s3\">\u00eb<\/span><span class=\"s3\"><span>\u00a0<\/span>2026 vler<\/span><span class=\"s3\">\u00eb<\/span><span class=\"s3\">sohet t<\/span><span class=\"s3\">\u00eb<\/span><span class=\"s3\"><span>\u00a0<\/span>jen<\/span><span class=\"s3\">\u00eb dh\u00ebn\u00eb<\/span>\u00a0<span class=\"s3\">2.5 milion\u00eb metra katror p\u00ebr nd\u00ebrtim, ose<\/span><span class=\"s3\"><span>\u00a0<\/span>gati 4 her<\/span><span class=\"s3\">\u00eb<span>\u00a0<\/span><\/span><span class=\"s3\">(3.7)<span>\u00a0<\/span><\/span><span class=\"s3\">her\u00eb m\u00eb shum\u00eb sesa raportohet nga INSTAT p\u00ebr t\u00eb nj\u00ebjt\u00ebn periudh\u00eb<\/span><span class=\"s3\"><span>\u00a0<\/span>prej 684 mij<\/span><span class=\"s3\">\u00eb<\/span><span class=\"s3\"><span>\u00a0<\/span>metra katror<\/span><span class=\"s3\">.<\/span><\/p>\n<p class=\"s2\">Sipas t\u00eb dh\u00ebnave nga Ministra e Financave, 68% e t\u00eb ardhurave n\u00eb 6 mujorin e par\u00eb 2026 kan\u00eb ardhur nga Bashkia Tiran\u00eb, ose 12.5 miliard\u00eb lek\u00eb, q\u00eb \u00ebsht\u00eb gati sa shuma e ark\u00ebtuar p\u00ebr gjith\u00eb vitin 2025 dhe 362% m\u00eb shum\u00eb se e nj\u00ebjta periudh\u00eb e 2025-s, ose gati 5 her\u00eb m\u00eb shum\u00eb (n\u00eb 6 muajt e par\u00eb t\u00eb 2025-s u ark\u00ebtuan 2.7 miliard\u00eb lek\u00eb). Kjo n\u00ebnkupton q\u00eb nj\u00eb pjes\u00eb e madhe e lejene jan\u00eb dh\u00ebn\u00eb p\u00ebr kryeqytetin.<\/p>\n<p class=\"s2\">Ndryshimi i fundit i \u00e7mimeve referuese p\u00ebr apartamentet n\u00eb Bashkin\u00eb Tiran\u00eb \u00ebsht\u00eb b\u00ebr\u00eb n\u00eb korrik 2023, me VKM nr. 457, dat\u00eb 26.07.2023. \u00c7mimet e reja hyn\u00eb n\u00eb fuqi n\u00eb fund t\u00eb korrikut 2023 dhe zbatohen p\u00ebr 32 zonat kadastrale t\u00eb Tiran\u00ebs, \u00e7ka n\u00ebnkupton q\u00eb rritja e t\u00eb ardhura \u00ebsht\u00eb t\u00ebr\u00ebsisht si rrjedhoj\u00eb e shtimit t\u00eb sip\u00ebrfaqes s\u00eb dh\u00ebn\u00eb p\u00ebr leje nd\u00ebrtimi.<\/p>\n<p class=\"s2\">Theksojm\u00eb se ky \u00ebsht\u00eb nj\u00eb vler\u00ebsim, q\u00eb b\u00ebhet n\u00eb munges\u00eb t\u00eb transparenc\u00ebs s\u00eb informacionit nga institucionet zyrtare.<\/p>\n<p class=\"s2\">Monitor i \u00ebsht\u00eb drejtuar zyrtarisht dhe KKUT p\u00ebr sip\u00ebrfaqen e lejeve t\u00eb dh\u00ebna p\u00ebr nd\u00ebrtim, por ata na d\u00ebrguan vet\u00ebm link ku publikohen vendimet (q\u00eb nuk jan\u00eb t\u00eb gjitha) dhe p\u00ebr t\u00eb \u201cZbuluar\u201d sip\u00ebrfaqet k\u00ebrkohet nj\u00eb pun\u00eb kolosale e shkarkimit t\u00eb vendimit dhe hedhjes manuale t\u00eb t\u00eb dh\u00ebnave t\u00eb sip\u00ebrfaqeve.<\/p>\n<p>Revista Monitor<\/p>\n","protected":false},"excerpt":{"rendered":"<p>4 Shtator 2026 INSTAT raportoi se n\u00eb tremujorin e dyt\u00eb jan\u00eb miratuar 460 leje nd\u00ebrtimi p\u00ebr nd\u00ebrtesa t\u00eb reja, duke sh\u00ebnuar nj\u00eb rritje prej 30,7%, krahasuar me t\u00eb nj\u00ebjt\u00ebn periudh\u00eb t\u00eb vitit 2025, kur u miratuan 352 leje. Sip\u00ebrfaqja totale e parashikuar p\u00ebr nd\u00ebrtimet e reja n\u00eb k\u00ebt\u00eb tremujor \u00ebsht\u00eb 307.127 m\u00b2, duke sh\u00ebnuar nj\u00eb [&hellip;]<\/p>\n","protected":false},"author":9,"featured_media":105931,"comment_status":"open","ping_status":"open","sticky":false,"template":"","format":"standard","meta":{"jetpack_post_was_ever_published":false,"_jetpack_newsletter_access":"","_jetpack_dont_email_post_to_subs":false,"_jetpack_newsletter_tier_id":0,"_jetpack_memberships_contains_paywalled_content":false,"_jetpack_memberships_contains_paid_content":false,"footnotes":"","jetpack_publicize_message":"","jetpack_publicize_feature_enabled":true,"jetpack_social_post_already_shared":true,"jetpack_social_options":{"image_generator_settings":{"template":"highway","default_image_id":0,"font":"","enabled":false},"version":2}},"categories":[27,1,2,35],"tags":[],"class_list":["post-105930","post","type-post","status-publish","format-standard","has-post-thumbnail","hentry","category-blogu-i-udhetarit","category-njoftime-shtypi","category-politika","category-shoqerore"],"jetpack_publicize_connections":[],"jetpack_featured_media_url":"https:\/\/i0.wp.com\/www.shqiperia.com\/blog\/wp-content\/uploads\/2026\/09\/Grafik.jpg?fit=1852%2C1064&ssl=1","jetpack_sharing_enabled":true,"jetpack_shortlink":"https:\/\/wp.me\/p5Z6wp-ryy","jetpack-related-posts":[{"id":101587,"url":"https:\/\/www.shqiperia.com\/blog\/euro-shkaterron-fasonin-eksportet-bien-14-ne-maj-fabrikat-po-mbyllen-lene-punonjesit-pa-pune\/","url_meta":{"origin":105930,"position":0},"title":"Euro \u201cshkat\u00ebrron\u201d fasonin, eksportet bien 14% n\u00eb maj, fabrikat po mbyllen, l\u00ebn\u00eb punonj\u00ebsit pa pun\u00eb","author":"Kurt Farka","date":"June 18, 2026","format":false,"excerpt":"Pas nj\u00eb rritjeje t\u00eb fort\u00eb n\u00eb prill (16.9%), eksportet kan\u00eb ngadal\u00ebsuar ndjesh\u00ebm ritmet n\u00eb maj, duke u zgjeruar me 2.8% n\u00eb maj, sipas t\u00eb dh\u00ebnave t\u00eb INSTAT. Sektori me ecurin\u00eb m\u00eb negative n\u00eb maj ishte ai i tekstile e k\u00ebpuc\u00ebve, q\u00eb punon me sistemin fason (material porosit\u00ebsi), q\u00eb sh\u00ebnoi tkurrje\u2026","rel":"","context":"In &quot;Blogu i Udh\u00ebtarit&quot;","block_context":{"text":"Blogu i Udh\u00ebtarit","link":"https:\/\/www.shqiperia.com\/blog\/category\/blogu-i-udhetarit\/"},"img":{"alt_text":"","src":"https:\/\/i0.wp.com\/www.shqiperia.com\/blog\/wp-content\/uploads\/2026\/06\/640-0-475d282bfb55ca10fbdb583b6fbde0cc.jpg?fit=640%2C360&ssl=1&resize=350%2C200","width":350,"height":200,"srcset":"https:\/\/i0.wp.com\/www.shqiperia.com\/blog\/wp-content\/uploads\/2026\/06\/640-0-475d282bfb55ca10fbdb583b6fbde0cc.jpg?fit=640%2C360&ssl=1&resize=350%2C200 1x, https:\/\/i0.wp.com\/www.shqiperia.com\/blog\/wp-content\/uploads\/2026\/06\/640-0-475d282bfb55ca10fbdb583b6fbde0cc.jpg?fit=640%2C360&ssl=1&resize=525%2C300 1.5x"},"classes":[]},{"id":105081,"url":"https:\/\/www.shqiperia.com\/blog\/shqiperia-po-mbushet-me-punetore-te-huaj-india-dhe-filipinet-kryesojne-rritjen\/","url_meta":{"origin":105930,"position":1},"title":"Shqip\u00ebria po mbushet me pun\u00ebtor\u00eb t\u00eb huaj, India dhe Filipinet kryesojn\u00eb rritjen","author":"Kurt Farka","date":"August 24, 2026","format":false,"excerpt":"24 Gusht 2026 Shqip\u00ebria po shnd\u00ebrrohet gjithnj\u00eb e m\u00eb shum\u00eb nga nj\u00eb vend q\u00eb eksporton fuqi pun\u00ebtore, n\u00eb nj\u00eb treg q\u00eb po t\u00ebrheq punonj\u00ebs nga jasht\u00eb. T\u00eb dh\u00ebnat m\u00eb t\u00eb fundit t\u00eb INSTAT tregojn\u00eb nj\u00eb rritje t\u00eb fort\u00eb t\u00eb numrit t\u00eb t\u00eb huajve q\u00eb jetojn\u00eb ligj\u00ebrisht n\u00eb vend, ku pun\u00ebsimi\u2026","rel":"","context":"In &quot;Blogu i Udh\u00ebtarit&quot;","block_context":{"text":"Blogu i Udh\u00ebtarit","link":"https:\/\/www.shqiperia.com\/blog\/category\/blogu-i-udhetarit\/"},"img":{"alt_text":"","src":"https:\/\/i0.wp.com\/www.shqiperia.com\/blog\/wp-content\/uploads\/2026\/08\/IMG_8507.jpeg?fit=754%2C407&ssl=1&resize=350%2C200","width":350,"height":200,"srcset":"https:\/\/i0.wp.com\/www.shqiperia.com\/blog\/wp-content\/uploads\/2026\/08\/IMG_8507.jpeg?fit=754%2C407&ssl=1&resize=350%2C200 1x, https:\/\/i0.wp.com\/www.shqiperia.com\/blog\/wp-content\/uploads\/2026\/08\/IMG_8507.jpeg?fit=754%2C407&ssl=1&resize=525%2C300 1.5x, https:\/\/i0.wp.com\/www.shqiperia.com\/blog\/wp-content\/uploads\/2026\/08\/IMG_8507.jpeg?fit=754%2C407&ssl=1&resize=700%2C400 2x"},"classes":[]},{"id":104174,"url":"https:\/\/www.shqiperia.com\/blog\/euro-93-07-leke\/","url_meta":{"origin":105930,"position":2},"title":"Euro 93.07 lek\u00eb","author":"Kurt Farka","date":"August 10, 2026","format":false,"excerpt":"10 Gusht 2026 Krahasuar me nivelin m\u00eb t\u00eb lart\u00eb historik, prej 140.4 lek\u00ebsh, t\u00eb arritur n\u00eb shkurt t\u00eb vitit 2011, euro k\u00ebmbehet me 47.5 lek\u00eb m\u00eb pak, me nj\u00eb r\u00ebnie prej 34%. Monedha e p\u00ebrbashk\u00ebt ka sh\u00ebnuar nj\u00eb tjet\u00ebr r\u00ebnie n\u00eb tregun e brendsh\u00ebm valutor gjat\u00eb dit\u00ebs s\u00eb sotme, duke\u2026","rel":"","context":"In &quot;Blogu i Udh\u00ebtarit&quot;","block_context":{"text":"Blogu i Udh\u00ebtarit","link":"https:\/\/www.shqiperia.com\/blog\/category\/blogu-i-udhetarit\/"},"img":{"alt_text":"","src":"https:\/\/i0.wp.com\/www.shqiperia.com\/blog\/wp-content\/uploads\/2026\/08\/640-0-410eb219b20ada053ba73ced0a9e4da6.jpg?fit=640%2C430&ssl=1&resize=350%2C200","width":350,"height":200,"srcset":"https:\/\/i0.wp.com\/www.shqiperia.com\/blog\/wp-content\/uploads\/2026\/08\/640-0-410eb219b20ada053ba73ced0a9e4da6.jpg?fit=640%2C430&ssl=1&resize=350%2C200 1x, https:\/\/i0.wp.com\/www.shqiperia.com\/blog\/wp-content\/uploads\/2026\/08\/640-0-410eb219b20ada053ba73ced0a9e4da6.jpg?fit=640%2C430&ssl=1&resize=525%2C300 1.5x"},"classes":[]},{"id":103761,"url":"https:\/\/www.shqiperia.com\/blog\/cmimet-mesatare-te-apartamenteve-ne-32-zonat-kadastrale-ne-tirane-rritje-deri-ne-151-ne-7-vjet\/","url_meta":{"origin":105930,"position":3},"title":"\u00c7mimet mesatare t\u00eb apartamenteve n\u00eb 32 zonat kadastrale n\u00eb Tiran\u00eb, rritje deri n\u00eb 151% n\u00eb 7 vjet","author":"Kurt Farka","date":"August 4, 2026","format":false,"excerpt":"4 Gusht 2026 N\u00eb shtat\u00eb vitet e fundit, \u00e7mimet e apartamenteve n\u00eb Tiran\u00eb jan\u00eb rritur me ritme t\u00eb forta n\u00eb t\u00eb gjitha nj\u00ebsit\u00eb administrative, duke variuar nga rreth 85% n\u00eb zonat me rritjen m\u00eb t\u00eb ul\u00ebt deri n\u00eb mbi 151% n\u00eb ato me rritjen m\u00eb t\u00eb lart\u00eb. Monitor sjell ndryshimet\u2026","rel":"","context":"In &quot;Blogu i Udh\u00ebtarit&quot;","block_context":{"text":"Blogu i Udh\u00ebtarit","link":"https:\/\/www.shqiperia.com\/blog\/category\/blogu-i-udhetarit\/"},"img":{"alt_text":"","src":"https:\/\/i0.wp.com\/www.shqiperia.com\/blog\/wp-content\/uploads\/2026\/08\/1200-630-1781785982x800-450-1735455096xndertime-tirane-796-614.jpg?fit=1200%2C630&ssl=1&resize=350%2C200","width":350,"height":200,"srcset":"https:\/\/i0.wp.com\/www.shqiperia.com\/blog\/wp-content\/uploads\/2026\/08\/1200-630-1781785982x800-450-1735455096xndertime-tirane-796-614.jpg?fit=1200%2C630&ssl=1&resize=350%2C200 1x, https:\/\/i0.wp.com\/www.shqiperia.com\/blog\/wp-content\/uploads\/2026\/08\/1200-630-1781785982x800-450-1735455096xndertime-tirane-796-614.jpg?fit=1200%2C630&ssl=1&resize=525%2C300 1.5x, https:\/\/i0.wp.com\/www.shqiperia.com\/blog\/wp-content\/uploads\/2026\/08\/1200-630-1781785982x800-450-1735455096xndertime-tirane-796-614.jpg?fit=1200%2C630&ssl=1&resize=700%2C400 2x, https:\/\/i0.wp.com\/www.shqiperia.com\/blog\/wp-content\/uploads\/2026\/08\/1200-630-1781785982x800-450-1735455096xndertime-tirane-796-614.jpg?fit=1200%2C630&ssl=1&resize=1050%2C600 3x"},"classes":[]},{"id":63251,"url":"https:\/\/www.shqiperia.com\/blog\/fmn-paralajmeron-per-rreziqet-qe-mund-te-vijne-nga-bumi-i-ndertimit-te-pallateve-dhe-pasurive-te-paluajtshme-ne-shqiperi\/","url_meta":{"origin":105930,"position":4},"title":"FMN paralajm\u00ebron p\u00ebr rreziqet q\u00eb mund t\u00eb vijn\u00eb nga bumi i nd\u00ebrtimit te pallateve dhe pasurive t\u00eb paluajtshme n\u00eb Shqip\u00ebri","author":"Kurt Farka","date":"October 13, 2022","format":false,"excerpt":"13 Tetor 2022 Fondi Monetar Nd\u00ebrkomb\u00ebtar (FMN), n\u00eb deklarat\u00ebn e fundit p\u00ebr Shqip\u00ebrin\u00eb, ka k\u00ebshilluar q\u00eb t\u00eb tregohet kujdes p\u00ebr ndikimin q\u00eb mund t\u00eb ket\u00eb vrulli i nd\u00ebrtimeve dhe zgjerimi i tregut t\u00eb pasurive t\u00eb paluajtshme n\u00eb stabilitetin e sektorit financiar. \u201cNe b\u00ebjm\u00eb thirrje p\u00ebr monitorim nga af\u00ebr dhe menaxhim\u2026","rel":"","context":"In &quot;Blogu i Udh\u00ebtarit&quot;","block_context":{"text":"Blogu i Udh\u00ebtarit","link":"https:\/\/www.shqiperia.com\/blog\/category\/blogu-i-udhetarit\/"},"img":{"alt_text":"","src":"https:\/\/i0.wp.com\/www.shqiperia.com\/blog\/wp-content\/uploads\/2022\/10\/vlcsnap-2021-12-09-17h47m16s369-1068x601-1.png?fit=1068%2C601&ssl=1&resize=350%2C200","width":350,"height":200,"srcset":"https:\/\/i0.wp.com\/www.shqiperia.com\/blog\/wp-content\/uploads\/2022\/10\/vlcsnap-2021-12-09-17h47m16s369-1068x601-1.png?fit=1068%2C601&ssl=1&resize=350%2C200 1x, https:\/\/i0.wp.com\/www.shqiperia.com\/blog\/wp-content\/uploads\/2022\/10\/vlcsnap-2021-12-09-17h47m16s369-1068x601-1.png?fit=1068%2C601&ssl=1&resize=525%2C300 1.5x, https:\/\/i0.wp.com\/www.shqiperia.com\/blog\/wp-content\/uploads\/2022\/10\/vlcsnap-2021-12-09-17h47m16s369-1068x601-1.png?fit=1068%2C601&ssl=1&resize=700%2C400 2x, https:\/\/i0.wp.com\/www.shqiperia.com\/blog\/wp-content\/uploads\/2022\/10\/vlcsnap-2021-12-09-17h47m16s369-1068x601-1.png?fit=1068%2C601&ssl=1&resize=1050%2C600 3x"},"classes":[]},{"id":104788,"url":"https:\/\/www.shqiperia.com\/blog\/kostot-e-larta-zhvendosin-dhe-lindjet-nga-tirana-bien-5-5-ne-janar-qershor-rriten-qarqet\/","url_meta":{"origin":105930,"position":5},"title":"Kostot e larta, \u201czhvendosin\u201d dhe lindjet nga Tirana, bien 5.5% n\u00eb janar-qershor, rriten qarqet","author":"Kurt Farka","date":"August 20, 2026","format":false,"excerpt":"20 Gusht 2026 Numri i lindjeve n\u00eb vend sh\u00ebnoi nj\u00eb r\u00ebnie t\u00eb leht\u00eb n\u00eb gjysm\u00ebn e par\u00eb t\u00eb vitit 2026, por t\u00eb dh\u00ebnat sipas qarqeve tregojn\u00eb se tkurrja \u00ebsht\u00eb p\u00ebrqendruar n\u00eb pjes\u00ebn m\u00eb t\u00eb madhe n\u00eb Tiran\u00eb dhe m\u00eb pak n\u00eb Durr\u00ebs, teksa ka rritje n\u00eb qarqet e tjera periferike.\u2026","rel":"","context":"In &quot;Blogu i Udh\u00ebtarit&quot;","block_context":{"text":"Blogu i Udh\u00ebtarit","link":"https:\/\/www.shqiperia.com\/blog\/category\/blogu-i-udhetarit\/"},"img":{"alt_text":"","src":"https:\/\/i0.wp.com\/www.shqiperia.com\/blog\/wp-content\/uploads\/2026\/08\/Bebe-foshnje-femije-lindje-prinder-1024x681-1.jpg?fit=1024%2C681&ssl=1&resize=350%2C200","width":350,"height":200,"srcset":"https:\/\/i0.wp.com\/www.shqiperia.com\/blog\/wp-content\/uploads\/2026\/08\/Bebe-foshnje-femije-lindje-prinder-1024x681-1.jpg?fit=1024%2C681&ssl=1&resize=350%2C200 1x, https:\/\/i0.wp.com\/www.shqiperia.com\/blog\/wp-content\/uploads\/2026\/08\/Bebe-foshnje-femije-lindje-prinder-1024x681-1.jpg?fit=1024%2C681&ssl=1&resize=525%2C300 1.5x, https:\/\/i0.wp.com\/www.shqiperia.com\/blog\/wp-content\/uploads\/2026\/08\/Bebe-foshnje-femije-lindje-prinder-1024x681-1.jpg?fit=1024%2C681&ssl=1&resize=700%2C400 2x"},"classes":[]}],"_links":{"self":[{"href":"https:\/\/www.shqiperia.com\/blog\/wp-json\/wp\/v2\/posts\/105930","targetHints":{"allow":["GET"]}}],"collection":[{"href":"https:\/\/www.shqiperia.com\/blog\/wp-json\/wp\/v2\/posts"}],"about":[{"href":"https:\/\/www.shqiperia.com\/blog\/wp-json\/wp\/v2\/types\/post"}],"author":[{"embeddable":true,"href":"https:\/\/www.shqiperia.com\/blog\/wp-json\/wp\/v2\/users\/9"}],"replies":[{"embeddable":true,"href":"https:\/\/www.shqiperia.com\/blog\/wp-json\/wp\/v2\/comments?post=105930"}],"version-history":[{"count":1,"href":"https:\/\/www.shqiperia.com\/blog\/wp-json\/wp\/v2\/posts\/105930\/revisions"}],"predecessor-version":[{"id":105932,"href":"https:\/\/www.shqiperia.com\/blog\/wp-json\/wp\/v2\/posts\/105930\/revisions\/105932"}],"wp:featuredmedia":[{"embeddable":true,"href":"https:\/\/www.shqiperia.com\/blog\/wp-json\/wp\/v2\/media\/105931"}],"wp:attachment":[{"href":"https:\/\/www.shqiperia.com\/blog\/wp-json\/wp\/v2\/media?parent=105930"}],"wp:term":[{"taxonomy":"category","embeddable":true,"href":"https:\/\/www.shqiperia.com\/blog\/wp-json\/wp\/v2\/categories?post=105930"},{"taxonomy":"post_tag","embeddable":true,"href":"https:\/\/www.shqiperia.com\/blog\/wp-json\/wp\/v2\/tags?post=105930"}],"curies":[{"name":"wp","href":"https:\/\/api.w.org\/{rel}","templated":true}]}}