{"id":105927,"date":"2026-09-04T02:25:10","date_gmt":"2026-09-04T02:25:10","guid":{"rendered":"https:\/\/www.shqiperia.com\/blog\/?p=105927"},"modified":"2026-09-04T02:25:10","modified_gmt":"2026-09-04T02:25:10","slug":"shqiperia-prane-be-per-arsimin-e-larte-dhe-shume-me-lart-se-italia-por-trurin-po-ia-merr-europa","status":"publish","type":"post","link":"https:\/\/www.shqiperia.com\/blog\/shqiperia-prane-be-per-arsimin-e-larte-dhe-shume-me-lart-se-italia-por-trurin-po-ia-merr-europa\/","title":{"rendered":"Shqip\u00ebria, pran\u00eb BE p\u00ebr arsimin e lart\u00eb dhe shum\u00eb m\u00eb lart se Italia, por \u201ctrurin\u201d po ia merr Europa"},"content":{"rendered":"<p><img data-recalc-dims=\"1\" loading=\"lazy\" decoding=\"async\" data-attachment-id=\"105928\" data-permalink=\"https:\/\/www.shqiperia.com\/blog\/shqiperia-prane-be-per-arsimin-e-larte-dhe-shume-me-lart-se-italia-por-trurin-po-ia-merr-europa\/student\/\" data-orig-file=\"https:\/\/i0.wp.com\/www.shqiperia.com\/blog\/wp-content\/uploads\/2026\/09\/student.jpg?fit=800%2C450&amp;ssl=1\" data-orig-size=\"800,450\" data-comments-opened=\"1\" data-image-meta=\"{&quot;aperture&quot;:&quot;0&quot;,&quot;credit&quot;:&quot;&quot;,&quot;camera&quot;:&quot;&quot;,&quot;caption&quot;:&quot;&quot;,&quot;created_timestamp&quot;:&quot;0&quot;,&quot;copyright&quot;:&quot;&quot;,&quot;focal_length&quot;:&quot;0&quot;,&quot;iso&quot;:&quot;0&quot;,&quot;shutter_speed&quot;:&quot;0&quot;,&quot;title&quot;:&quot;&quot;,&quot;orientation&quot;:&quot;0&quot;}\" data-image-title=\"student\" data-image-description=\"\" data-image-caption=\"\" data-medium-file=\"https:\/\/i0.wp.com\/www.shqiperia.com\/blog\/wp-content\/uploads\/2026\/09\/student.jpg?fit=300%2C169&amp;ssl=1\" data-large-file=\"https:\/\/i0.wp.com\/www.shqiperia.com\/blog\/wp-content\/uploads\/2026\/09\/student.jpg?fit=800%2C450&amp;ssl=1\" class=\"alignnone  wp-image-105928\" alt=\"\" src=\"https:\/\/i0.wp.com\/www.shqiperia.com\/blog\/wp-content\/uploads\/2026\/09\/student.jpg?resize=580%2C327&#038;ssl=1\" width=\"580\" height=\"327\" srcset=\"https:\/\/i0.wp.com\/www.shqiperia.com\/blog\/wp-content\/uploads\/2026\/09\/student.jpg?resize=300%2C169&amp;ssl=1 300w, https:\/\/i0.wp.com\/www.shqiperia.com\/blog\/wp-content\/uploads\/2026\/09\/student.jpg?resize=768%2C432&amp;ssl=1 768w, https:\/\/i0.wp.com\/www.shqiperia.com\/blog\/wp-content\/uploads\/2026\/09\/student.jpg?resize=450%2C253&amp;ssl=1 450w, https:\/\/i0.wp.com\/www.shqiperia.com\/blog\/wp-content\/uploads\/2026\/09\/student.jpg?resize=600%2C338&amp;ssl=1 600w, https:\/\/i0.wp.com\/www.shqiperia.com\/blog\/wp-content\/uploads\/2026\/09\/student.jpg?resize=400%2C225&amp;ssl=1 400w, https:\/\/i0.wp.com\/www.shqiperia.com\/blog\/wp-content\/uploads\/2026\/09\/student.jpg?w=800&amp;ssl=1 800w\" sizes=\"auto, (max-width: 580px) 100vw, 580px\" \/><\/p>\n<p>4 Shtator 2026<\/p>\n<p>Shqip\u00ebria rezulton duksh\u00ebm m\u00eb mir\u00eb se pjesa m\u00eb e madhe e Ballkanit Per\u00ebndimor p\u00ebr pesh\u00ebn e t\u00eb rinjve q\u00eb kan\u00eb p\u00ebrfunduar arsimin e lart\u00eb.<\/p>\n<p>Sipas Censit 2023, 43.2% e popullsis\u00eb 25-34 vje\u00e7 kishte nj\u00eb kualifikim terciar, nivel shum\u00eb pran\u00eb mesatares s\u00eb Bashkimit Europian, e cila arriti n\u00eb 44.8% n\u00eb vitin 2025, sipas t\u00eb dh\u00ebnave t\u00eb tjera t\u00eb Eurostat. Diferenca mes tyre \u00ebsht\u00eb vet\u00ebm 1.6 pik\u00eb p\u00ebrqindjeje.<\/p>\n<p>N\u00eb let\u00ebr, ky \u00ebsht\u00eb nj\u00eb prej atyre treguesve ku Shqip\u00ebria duket pothuajse europiane. Problemi nis kur diploma krahasohet, si me nivelin e t\u00eb ardhurave p\u00ebr frym\u00eb, ashtu dhe me mund\u00ebsit\u00eb ekonomike q\u00eb ofron vendi. T\u00eb rinjt\u00eb shqiptar\u00eb po afrohen me BE-n\u00eb p\u00ebr nivelin e shkollimit, por hendeku n\u00eb t\u00eb ardhura mbetet shum\u00eb i madh.<\/p>\n<p>P\u00ebr pasoj\u00eb, nj\u00eb pjes\u00eb e kapitalit njer\u00ebzor t\u00eb krijuar k\u00ebtu p\u00ebrfundon duke u p\u00ebrdorur nga tregje pune m\u00eb t\u00eb pasura jasht\u00eb vendit. Shqip\u00ebria p.sh., ka nj\u00eb nivel arsimimi shum\u00eb m\u00eb t\u00eb lart\u00eb se Italia, me k\u00ebt\u00eb t\u00eb fundit q\u00eb ka vet\u00ebm 31.1% t\u00eb popullsis\u00eb midis 25-34 vje\u00e7 me arsim t\u00eb lart\u00eb, e treta nga fundi n\u00eb Europ\u00eb, duke l\u00ebn\u00eb pas vet\u00ebm Bosnj\u00ebn dhe Rumanin\u00eb.<\/p>\n<p>Edhe n\u00eb krahasim me Greqin\u00eb (42.8%), t\u00eb dy shtetet q\u00eb kan\u00eb thithur pjes\u00ebn m\u00eb t\u00eb madhe t\u00eb emigrant\u00ebve pas \u201990, Shqip\u00ebria kryeson leht\u00eb. Shqip\u00ebria ia kalon madje dhe Gjermanis\u00eb, me k\u00ebt\u00eb t\u00eb fundit q\u00eb e ka treguesin 40.9%.<\/p>\n<p>Ironia \u00ebsht\u00eb se Shqip\u00ebria po arrin t\u00eb prodhoj\u00eb nj\u00eb p\u00ebrqindje relativisht t\u00eb lart\u00eb t\u00eb diplomuarish, por e ka shum\u00eb m\u00eb t\u00eb v\u00ebshtir\u00eb t\u2019i mbaj\u00eb ata, teksa emigrimi i trurit po b\u00ebhet nj\u00eb nga pengesat kryesore t\u00eb zhvillimit t\u00eb vendit. Edhe Komisioni Europian e ka evidentuar t\u00eb nj\u00ebjtin problem.<\/p>\n<p>N\u00eb Raportin p\u00ebr Shqip\u00ebrin\u00eb 2025, emigrimi i punonj\u00ebsve t\u00eb kualifikuar p\u00ebrmendet si faktor q\u00eb po r\u00ebndon munges\u00ebn e fuqis\u00eb pun\u00ebtore n\u00eb sektor\u00eb t\u00eb r\u00ebnd\u00ebsish\u00ebm dhe po kontribuon n\u00eb \u201cbrain drain\u201d, ose largimin e kapitalit njer\u00ebzor.<\/p>\n<p><strong>Shqip\u00ebria mbi shumic\u00ebn e rajonit<\/strong><\/p>\n<p>T\u00eb dh\u00ebnat m\u00eb t\u00eb fundit t\u00eb disponueshme p\u00ebr Ballkanin Per\u00ebndimor, sipas Eurostat, tregojn\u00eb se n\u00eb Serbi, n\u00eb vitin 2025, 39.1% e popullsis\u00eb s\u00eb k\u00ebsaj grupmoshe kishte p\u00ebrfunduar studimet terciare. N\u00eb Maqedonin\u00eb e Veriut niveli ishte 38.8%, nd\u00ebrsa n\u00eb Bosnj\u00eb dhe Hercegovin\u00eb vet\u00ebm 28%. P\u00ebr Malin e Zi, seria e Eurostat nuk ka t\u00eb dh\u00ebna t\u00eb reja pas vitit 2020, kur treguesi ishte 38.4%.<\/p>\n<p>Krahasimi duhet lexuar me nj\u00eb rezerv\u00eb metodologjike. T\u00eb dh\u00ebnat shqiptare vijn\u00eb nga Censi 2023, nd\u00ebrsa treguesi i Eurostat, p\u00ebr vendet e tjera mb\u00ebshtetet te Anketa e Forcave t\u00eb Pun\u00ebs. Vet\u00eb Eurostat e p\u00ebrkufizon at\u00eb si pjes\u00ebn e 25-34-vje\u00e7ar\u00ebve q\u00eb kan\u00eb p\u00ebrfunduar nivelet 5-8 t\u00eb klasifikimit nd\u00ebrkomb\u00ebtar ISCED.<\/p>\n<p>Baza europiane p\u00ebrfshin vendet e BE-s\u00eb, Serbin\u00eb, Maqedonin\u00eb e Veriut, Malin e Zi dhe disa shtete t\u00eb tjera, por jo Shqip\u00ebrin\u00eb. Megjithat\u00eb, edhe vet\u00eb INSTAT n\u00eb raportin e censit thekson se nga popullsia e mosh\u00ebs 25-34 vje\u00e7, 43.2% ka p\u00ebrfunduar arsimin e lart\u00eb. Kjo p\u00ebrqindje \u00ebsht\u00eb shum\u00eb pran\u00eb nivelit 43.1% t\u00eb regjistruar n\u00eb 2023 p\u00ebr t\u00eb nj\u00ebjt\u00ebn grupmosh\u00eb n\u00eb BE dhe vet\u00ebm 1.8 pik\u00eb p\u00ebrqindjeje n\u00ebn objektivin prej 45% t\u00eb Bashkimit Europian p\u00ebr 2030.<\/p>\n<p><strong>BE pothuajse e ka arritur objektivin e vitit 2030<\/strong><\/p>\n<p>N\u00eb Bashkimin Europian, sipas Eurostat, pesha e 25-34-vje\u00e7ar\u00ebve me arsim terciar ka avancuar ndjesh\u00ebm gjat\u00eb dy dekadave t\u00eb fundit. N\u00eb vitin 2005, vet\u00ebm 27.2% e k\u00ebsaj grupmoshe kishte p\u00ebrfunduar studime t\u00eb larta. N\u00eb 2025 niveli arriti 44.8%, ose 17.6 pik\u00eb p\u00ebrqindjeje m\u00eb shum\u00eb.<\/p>\n<p>BE ka vendosur si objektiv q\u00eb deri n\u00eb vitin 2030 t\u00eb pakt\u00ebn 45% e popullsis\u00eb 25-34 vje\u00e7 t\u00eb ket\u00eb nj\u00eb kualifikim t\u00eb till\u00eb. Me rezultatin e vitit t\u00eb kaluar, ky prag praktikisht \u00ebsht\u00eb vet\u00ebm 0.2 pik\u00eb larg.<\/p>\n<p>Diferencat gjinore jan\u00eb t\u00eb konsiderueshme. N\u00eb vitin 2025, 50.5% e grave t\u00eb k\u00ebsaj moshe kishin p\u00ebrfunduar arsimin terciar, p\u00ebrkundrejt 39.3% t\u00eb burrave. Hendeku arrin k\u00ebshtu n\u00eb m\u00eb shum\u00eb se 11 pik\u00eb p\u00ebrqindjeje.<\/p>\n<p>Vendbanimi krijon nj\u00eb ndarje po aq t\u00eb fort\u00eb. N\u00eb qytetet e BE-s\u00eb, 55% e 25-34-vje\u00e7ar\u00ebve kishin nj\u00eb kualifikim t\u00eb lart\u00eb, nd\u00ebrsa n\u00eb qyteza dhe periferi pjesa zbriste n\u00eb 38.4%. N\u00eb zonat rurale treguesi ishte vet\u00ebm 32.9%.<\/p>\n<p>Eurostat v\u00ebren se nga viti 2005 deri m\u00eb 2025 t\u00eb gjitha vendet e BE-s\u00eb sh\u00ebnuan p\u00ebrmir\u00ebsim. Malta pati ndryshimin m\u00eb t\u00eb madh, me 29.9 pik\u00eb p\u00ebrqindjeje, e ndjekur nga Luksemburgu me 28 dhe Irlanda me 25.9. N\u00eb skajin tjet\u00ebr, Finlanda sh\u00ebnoi vet\u00ebm 0.7 pik\u00eb m\u00eb shum\u00eb, nd\u00ebrsa Romania dhe Estonia p\u00ebrparuan p\u00ebrkat\u00ebsisht me 9.5 dhe 11.2 pik\u00eb.<\/p>\n<p>N\u00eb vitin 2025, Irlanda dhe Luksemburgu ishin pran\u00eb nivelit 66%, nd\u00ebrsa Rumania mbeti posht\u00eb 25%, duke treguar se edhe brenda BE-s\u00eb hendeku n\u00eb arsimimin e brezit t\u00eb ri vazhdon t\u00eb jet\u00eb i madh.<\/p>\n","protected":false},"excerpt":{"rendered":"<p>4 Shtator 2026 Shqip\u00ebria rezulton duksh\u00ebm m\u00eb mir\u00eb se pjesa m\u00eb e madhe e Ballkanit Per\u00ebndimor p\u00ebr pesh\u00ebn e t\u00eb rinjve q\u00eb kan\u00eb p\u00ebrfunduar arsimin e lart\u00eb. Sipas Censit 2023, 43.2% e popullsis\u00eb 25-34 vje\u00e7 kishte nj\u00eb kualifikim terciar, nivel shum\u00eb pran\u00eb mesatares s\u00eb Bashkimit Europian, e cila arriti n\u00eb 44.8% n\u00eb vitin 2025, sipas [&hellip;]<\/p>\n","protected":false},"author":9,"featured_media":105928,"comment_status":"open","ping_status":"open","sticky":false,"template":"","format":"standard","meta":{"jetpack_post_was_ever_published":false,"_jetpack_newsletter_access":"","_jetpack_dont_email_post_to_subs":false,"_jetpack_newsletter_tier_id":0,"_jetpack_memberships_contains_paywalled_content":false,"_jetpack_memberships_contains_paid_content":false,"footnotes":"","jetpack_publicize_message":"","jetpack_publicize_feature_enabled":true,"jetpack_social_post_already_shared":true,"jetpack_social_options":{"image_generator_settings":{"template":"highway","default_image_id":0,"font":"","enabled":false},"version":2}},"categories":[27,10,1,2,35],"tags":[],"class_list":["post-105927","post","type-post","status-publish","format-standard","has-post-thumbnail","hentry","category-blogu-i-udhetarit","category-kultura","category-njoftime-shtypi","category-politika","category-shoqerore"],"jetpack_publicize_connections":[],"jetpack_featured_media_url":"https:\/\/i0.wp.com\/www.shqiperia.com\/blog\/wp-content\/uploads\/2026\/09\/student.jpg?fit=800%2C450&ssl=1","jetpack_sharing_enabled":true,"jetpack_shortlink":"https:\/\/wp.me\/p5Z6wp-ryv","jetpack-related-posts":[{"id":103053,"url":"https:\/\/www.shqiperia.com\/blog\/stuhi-ekstreme-ne-ballkan-alarm-maksimal-shqiperia-ne-nivel-rreziku-1-kosova-nivelin-me-te-larte\/","url_meta":{"origin":105927,"position":0},"title":"Stuhi ekstreme n\u00eb Ballkan\/ Alarm maksimal, Shqip\u00ebria n\u00eb nivel rreziku 1, Kosova nivelin m\u00eb t\u00eb lart\u00eb","author":"Kurt Farka","date":"July 21, 2026","format":false,"excerpt":"21 Korrik 2026 Ballkani pritet t\u00eb p\u00ebrballet me nj\u00eb nga episodet m\u00eb t\u00eb fuqishme t\u00eb motit ekstrem t\u00eb k\u00ebsaj vere. Qendra Evropiane p\u00ebr Parashikimin e Stuhive ka l\u00ebshuar nivelin m\u00eb t\u00eb lart\u00eb t\u00eb alarmit (Niveli 3) p\u00ebr nj\u00eb pjes\u00eb t\u00eb rajonit, duke paralajm\u00ebruar stuhi t\u00eb rrezikshme q\u00eb do t\u00eb zhvillohen\u2026","rel":"","context":"In &quot;Blogu i Udh\u00ebtarit&quot;","block_context":{"text":"Blogu i Udh\u00ebtarit","link":"https:\/\/www.shqiperia.com\/blog\/category\/blogu-i-udhetarit\/"},"img":{"alt_text":"","src":"https:\/\/i0.wp.com\/www.shqiperia.com\/blog\/wp-content\/uploads\/2026\/07\/1200-630-mot-1679844483.jpg?fit=1200%2C630&ssl=1&resize=350%2C200","width":350,"height":200,"srcset":"https:\/\/i0.wp.com\/www.shqiperia.com\/blog\/wp-content\/uploads\/2026\/07\/1200-630-mot-1679844483.jpg?fit=1200%2C630&ssl=1&resize=350%2C200 1x, https:\/\/i0.wp.com\/www.shqiperia.com\/blog\/wp-content\/uploads\/2026\/07\/1200-630-mot-1679844483.jpg?fit=1200%2C630&ssl=1&resize=525%2C300 1.5x, https:\/\/i0.wp.com\/www.shqiperia.com\/blog\/wp-content\/uploads\/2026\/07\/1200-630-mot-1679844483.jpg?fit=1200%2C630&ssl=1&resize=700%2C400 2x, https:\/\/i0.wp.com\/www.shqiperia.com\/blog\/wp-content\/uploads\/2026\/07\/1200-630-mot-1679844483.jpg?fit=1200%2C630&ssl=1&resize=1050%2C600 3x"},"classes":[]},{"id":100503,"url":"https:\/\/www.shqiperia.com\/blog\/60-mije-nxenes-me-pak-instat-publikon-te-dhenat-krahasimi-me-4-vite-me-pare-bie-numri-i-te-diplomuarve-ne-arsimin-parauniversitar\/","url_meta":{"origin":105927,"position":1},"title":"60 MIJ\u00cb NX\u00cbN\u00cbS M\u00cb PAK! INSTAT publikon t\u00eb dh\u00ebnat, krahasimi me 4 vite m\u00eb par\u00eb! &#8211; Bie numri i t\u00eb diplomuarve n\u00eb arsimin parauniversitar","author":"Kurt Farka","date":"May 20, 2026","format":false,"excerpt":"20 Maji 2026 R\u00ebnia e numrit t\u00eb nx\u00ebn\u00ebsve q\u00eb p\u00ebrfundojn\u00eb shkoll\u00ebn po shnd\u00ebrrohet nj\u00eb sfid\u00eb p\u00ebr arsimin parauniversitar. Sipas t\u00eb dh\u00ebnave zyrtare nga\u00a0INSTAT\u00a0n\u00eb vitin shkollor 2024-2025 n\u00eb institucionet publike dhe jopublike t\u00eb vendit u diplomuan n\u00eb total 82.640 nx\u00ebn\u00ebs dhe student\u00eb me nj\u00eb r\u00ebnie t\u00eb leht\u00eb nga viti paraardh\u00ebs, por\u2026","rel":"","context":"In &quot;Blogu i Udh\u00ebtarit&quot;","block_context":{"text":"Blogu i Udh\u00ebtarit","link":"https:\/\/www.shqiperia.com\/blog\/category\/blogu-i-udhetarit\/"},"img":{"alt_text":"","src":"https:\/\/i0.wp.com\/www.shqiperia.com\/blog\/wp-content\/uploads\/2026\/05\/images-3.jpg?resize=350%2C200&ssl=1","width":350,"height":200,"srcset":"https:\/\/i0.wp.com\/www.shqiperia.com\/blog\/wp-content\/uploads\/2026\/05\/images-3.jpg?resize=350%2C200&ssl=1 1x, https:\/\/i0.wp.com\/www.shqiperia.com\/blog\/wp-content\/uploads\/2026\/05\/images-3.jpg?resize=525%2C300&ssl=1 1.5x"},"classes":[]},{"id":102593,"url":"https:\/\/www.shqiperia.com\/blog\/instat-shqiperia-humbi-gati-nje-te-katerten-e-popullsise-ne-25-vjet-humbjet-me-e-larte-ne-europe\/","url_meta":{"origin":105927,"position":2},"title":"INSTAT: Shqip\u00ebria humbi gati nj\u00eb t\u00eb kat\u00ebrt\u00ebn e popullsis\u00eb n\u00eb 25 vjet, humbjet m\u00eb e lart\u00eb n\u00eb Europ\u00eb","author":"Kurt Farka","date":"July 13, 2026","format":false,"excerpt":"13 Korrik 2026 Shqip\u00ebria ka humbur gati nj\u00eb t\u00eb kat\u00ebrt\u00ebn e popullsis\u00eb q\u00eb nga fillimi i viteve 2000, duke sh\u00ebnuar tkurrjen m\u00eb t\u00eb fort\u00eb mes vendeve europiane. Sipas t\u00eb dh\u00ebnave t\u00eb Eurostat, m\u00eb 1 janar 2026 Shqip\u00ebria num\u00ebronte rreth 2.34 milion\u00eb banor\u00eb, nga 3.06 milion\u00eb n\u00eb vitin 2000 (Eurostat raporton\u2026","rel":"","context":"In &quot;Blogu i Udh\u00ebtarit&quot;","block_context":{"text":"Blogu i Udh\u00ebtarit","link":"https:\/\/www.shqiperia.com\/blog\/category\/blogu-i-udhetarit\/"},"img":{"alt_text":"","src":"https:\/\/i0.wp.com\/www.shqiperia.com\/blog\/wp-content\/uploads\/2026\/07\/turizem-njerez-popullsi-sheshi-skenderbej.webp?fit=1181%2C788&ssl=1&resize=350%2C200","width":350,"height":200,"srcset":"https:\/\/i0.wp.com\/www.shqiperia.com\/blog\/wp-content\/uploads\/2026\/07\/turizem-njerez-popullsi-sheshi-skenderbej.webp?fit=1181%2C788&ssl=1&resize=350%2C200 1x, https:\/\/i0.wp.com\/www.shqiperia.com\/blog\/wp-content\/uploads\/2026\/07\/turizem-njerez-popullsi-sheshi-skenderbej.webp?fit=1181%2C788&ssl=1&resize=525%2C300 1.5x, https:\/\/i0.wp.com\/www.shqiperia.com\/blog\/wp-content\/uploads\/2026\/07\/turizem-njerez-popullsi-sheshi-skenderbej.webp?fit=1181%2C788&ssl=1&resize=700%2C400 2x, https:\/\/i0.wp.com\/www.shqiperia.com\/blog\/wp-content\/uploads\/2026\/07\/turizem-njerez-popullsi-sheshi-skenderbej.webp?fit=1181%2C788&ssl=1&resize=1050%2C600 3x"},"classes":[]},{"id":102627,"url":"https:\/\/www.shqiperia.com\/blog\/shqiperia-humbi-gati-nje-te-katerten-e-popullsise-ne-25-vjet-renia-me-e-larte-ne-europe\/","url_meta":{"origin":105927,"position":3},"title":"Shqip\u00ebria humbi gati nj\u00eb t\u00eb kat\u00ebrt\u00ebn e popullsis\u00eb n\u00eb 25 vjet, r\u00ebnia m\u00eb e lart\u00eb n\u00eb Europ\u00eb","author":"Kurt Farka","date":"July 13, 2026","format":false,"excerpt":"13 Korrik 2926 Shqip\u00ebria ka humbur gati nj\u00eb t\u00eb kat\u00ebrt\u00ebn e popullsis\u00eb q\u00eb nga fillimi i viteve 2000, duke sh\u00ebnuar tkurrjen m\u00eb t\u00eb fort\u00eb mes vendeve europiane. Sipas t\u00eb dh\u00ebnave t\u00eb Eurostat, m\u00eb 1 janar 2026 Shqip\u00ebria num\u00ebronte rreth 2.34 milion\u00eb banor\u00eb, nga 3.06 milion\u00eb n\u00eb vitin 2000 (Eurostat raporton\u2026","rel":"","context":"In &quot;Blogu i Udh\u00ebtarit&quot;","block_context":{"text":"Blogu i Udh\u00ebtarit","link":"https:\/\/www.shqiperia.com\/blog\/category\/blogu-i-udhetarit\/"},"img":{"alt_text":"","src":"https:\/\/i0.wp.com\/www.shqiperia.com\/blog\/wp-content\/uploads\/2026\/07\/800-0-capture-54-6a54ad600c482-1.jpg?fit=800%2C441&ssl=1&resize=350%2C200","width":350,"height":200,"srcset":"https:\/\/i0.wp.com\/www.shqiperia.com\/blog\/wp-content\/uploads\/2026\/07\/800-0-capture-54-6a54ad600c482-1.jpg?fit=800%2C441&ssl=1&resize=350%2C200 1x, https:\/\/i0.wp.com\/www.shqiperia.com\/blog\/wp-content\/uploads\/2026\/07\/800-0-capture-54-6a54ad600c482-1.jpg?fit=800%2C441&ssl=1&resize=525%2C300 1.5x, https:\/\/i0.wp.com\/www.shqiperia.com\/blog\/wp-content\/uploads\/2026\/07\/800-0-capture-54-6a54ad600c482-1.jpg?fit=800%2C441&ssl=1&resize=700%2C400 2x"},"classes":[]},{"id":103966,"url":"https:\/\/www.shqiperia.com\/blog\/shqiptari-nga-gjermania-ia-numeron-rames-na-ka-vjedhur-kjo-eshte-mundesia-e-fundit-per-ndryshim\/","url_meta":{"origin":105927,"position":4},"title":"Shqiptari nga Gjermania ia num\u00ebron Ram\u00ebs: = Na ka vjedhur! Kjo \u00ebsht\u00eb mund\u00ebsia e fundit p\u00ebr ndryshim","author":"Kurt Farka","date":"August 7, 2026","format":false,"excerpt":"7 Gusht 2026 \u201cPo mos t\u00eb ishte News24, protesta do t\u00eb ishte shuar\u201d. Nj\u00eb qytetar shqiptar q\u00eb jeton n\u00eb Gjermani i \u00ebsht\u00eb bashkuar protest\u00ebs s\u00eb zhvilluar n\u00eb Sheshin Sk\u00ebnderbej, duke e cil\u00ebsuar at\u00eb si nj\u00eb nga momentet m\u00eb t\u00eb r\u00ebnd\u00ebsishme p\u00ebr vendin gjat\u00eb dekadave t\u00eb fundit. Ai tha se protesta\u2026","rel":"","context":"In &quot;Blogu i Udh\u00ebtarit&quot;","block_context":{"text":"Blogu i Udh\u00ebtarit","link":"https:\/\/www.shqiperia.com\/blog\/category\/blogu-i-udhetarit\/"},"img":{"alt_text":"","src":"https:\/\/i0.wp.com\/www.shqiperia.com\/blog\/wp-content\/uploads\/2026\/08\/diaspora-1.jpg?fit=1200%2C549&ssl=1&resize=350%2C200","width":350,"height":200,"srcset":"https:\/\/i0.wp.com\/www.shqiperia.com\/blog\/wp-content\/uploads\/2026\/08\/diaspora-1.jpg?fit=1200%2C549&ssl=1&resize=350%2C200 1x, https:\/\/i0.wp.com\/www.shqiperia.com\/blog\/wp-content\/uploads\/2026\/08\/diaspora-1.jpg?fit=1200%2C549&ssl=1&resize=525%2C300 1.5x, https:\/\/i0.wp.com\/www.shqiperia.com\/blog\/wp-content\/uploads\/2026\/08\/diaspora-1.jpg?fit=1200%2C549&ssl=1&resize=700%2C400 2x, https:\/\/i0.wp.com\/www.shqiperia.com\/blog\/wp-content\/uploads\/2026\/08\/diaspora-1.jpg?fit=1200%2C549&ssl=1&resize=1050%2C600 3x"},"classes":[]},{"id":101978,"url":"https:\/\/www.shqiperia.com\/blog\/shqiperia-ne-garen-per-zinxhiret-europiane-te-furnizimit\/","url_meta":{"origin":105927,"position":5},"title":"Shqip\u00ebria n\u00eb gar\u00ebn p\u00ebr zinxhir\u00ebt europian\u00eb t\u00eb furnizimit","author":"Kurt Farka","date":"June 29, 2026","format":false,"excerpt":"29 Qershor 2026 Pas m\u00eb shum\u00eb se nj\u00eb dekade premtimesh p\u00ebr zonat ekonomike, Shqip\u00ebria po sheh p\u00ebr her\u00eb t\u00eb par\u00eb nj\u00eb val\u00eb projektesh q\u00eb shtrihen nga TEDA Tirana dhe qendra logjistike e Lidl n\u00eb Porto Romano n\u00eb dy zona t\u00eb tjera ekonomike me status strategjik apo parqe industriale. Zhvillimet vijn\u00eb\u2026","rel":"","context":"In &quot;Blogu i Udh\u00ebtarit&quot;","block_context":{"text":"Blogu i Udh\u00ebtarit","link":"https:\/\/www.shqiperia.com\/blog\/category\/blogu-i-udhetarit\/"},"img":{"alt_text":"","src":"https:\/\/i0.wp.com\/www.shqiperia.com\/blog\/wp-content\/uploads\/2026\/06\/TEDA-2-1236-1024x708-1.jpg?fit=1024%2C708&ssl=1&resize=350%2C200","width":350,"height":200,"srcset":"https:\/\/i0.wp.com\/www.shqiperia.com\/blog\/wp-content\/uploads\/2026\/06\/TEDA-2-1236-1024x708-1.jpg?fit=1024%2C708&ssl=1&resize=350%2C200 1x, https:\/\/i0.wp.com\/www.shqiperia.com\/blog\/wp-content\/uploads\/2026\/06\/TEDA-2-1236-1024x708-1.jpg?fit=1024%2C708&ssl=1&resize=525%2C300 1.5x, https:\/\/i0.wp.com\/www.shqiperia.com\/blog\/wp-content\/uploads\/2026\/06\/TEDA-2-1236-1024x708-1.jpg?fit=1024%2C708&ssl=1&resize=700%2C400 2x"},"classes":[]}],"_links":{"self":[{"href":"https:\/\/www.shqiperia.com\/blog\/wp-json\/wp\/v2\/posts\/105927","targetHints":{"allow":["GET"]}}],"collection":[{"href":"https:\/\/www.shqiperia.com\/blog\/wp-json\/wp\/v2\/posts"}],"about":[{"href":"https:\/\/www.shqiperia.com\/blog\/wp-json\/wp\/v2\/types\/post"}],"author":[{"embeddable":true,"href":"https:\/\/www.shqiperia.com\/blog\/wp-json\/wp\/v2\/users\/9"}],"replies":[{"embeddable":true,"href":"https:\/\/www.shqiperia.com\/blog\/wp-json\/wp\/v2\/comments?post=105927"}],"version-history":[{"count":1,"href":"https:\/\/www.shqiperia.com\/blog\/wp-json\/wp\/v2\/posts\/105927\/revisions"}],"predecessor-version":[{"id":105929,"href":"https:\/\/www.shqiperia.com\/blog\/wp-json\/wp\/v2\/posts\/105927\/revisions\/105929"}],"wp:featuredmedia":[{"embeddable":true,"href":"https:\/\/www.shqiperia.com\/blog\/wp-json\/wp\/v2\/media\/105928"}],"wp:attachment":[{"href":"https:\/\/www.shqiperia.com\/blog\/wp-json\/wp\/v2\/media?parent=105927"}],"wp:term":[{"taxonomy":"category","embeddable":true,"href":"https:\/\/www.shqiperia.com\/blog\/wp-json\/wp\/v2\/categories?post=105927"},{"taxonomy":"post_tag","embeddable":true,"href":"https:\/\/www.shqiperia.com\/blog\/wp-json\/wp\/v2\/tags?post=105927"}],"curies":[{"name":"wp","href":"https:\/\/api.w.org\/{rel}","templated":true}]}}