{"id":105919,"date":"2026-09-04T01:00:06","date_gmt":"2026-09-04T01:00:06","guid":{"rendered":"https:\/\/www.shqiperia.com\/blog\/?p=105919"},"modified":"2026-09-04T01:00:06","modified_gmt":"2026-09-04T01:00:06","slug":"besprem-edi-rama-dorehiqu-mesazhet-nepermjet-pankartave-ne-diten-e-96-te-revoltes-qytetare","status":"publish","type":"post","link":"https:\/\/www.shqiperia.com\/blog\/besprem-edi-rama-dorehiqu-mesazhet-nepermjet-pankartave-ne-diten-e-96-te-revoltes-qytetare\/","title":{"rendered":"\u201cBesprem, Edi Rama dor\u00ebhiqu\u201d, mesazhet n\u00ebp\u00ebrmjet pankartave n\u00eb dit\u00ebn e 96 t\u00eb revolt\u00ebs qytetare"},"content":{"rendered":"<div id=\"attachment_105920\" style=\"width: 532px\" class=\"wp-caption alignnone\"><img data-recalc-dims=\"1\" loading=\"lazy\" decoding=\"async\" aria-describedby=\"caption-attachment-105920\" data-attachment-id=\"105920\" data-permalink=\"https:\/\/www.shqiperia.com\/blog\/besprem-edi-rama-dorehiqu-mesazhet-nepermjet-pankartave-ne-diten-e-96-te-revoltes-qytetare\/besprem-edi-rama-dorehiqu-6\/\" data-orig-file=\"https:\/\/i0.wp.com\/www.shqiperia.com\/blog\/wp-content\/uploads\/2026\/09\/Besprem-Edi-Rama-dorehiqu-6.jpg?fit=1040%2C748&amp;ssl=1\" data-orig-size=\"1040,748\" data-comments-opened=\"1\" data-image-meta=\"{&quot;aperture&quot;:&quot;0&quot;,&quot;credit&quot;:&quot;&quot;,&quot;camera&quot;:&quot;&quot;,&quot;caption&quot;:&quot;&quot;,&quot;created_timestamp&quot;:&quot;0&quot;,&quot;copyright&quot;:&quot;&quot;,&quot;focal_length&quot;:&quot;0&quot;,&quot;iso&quot;:&quot;0&quot;,&quot;shutter_speed&quot;:&quot;0&quot;,&quot;title&quot;:&quot;&quot;,&quot;orientation&quot;:&quot;0&quot;}\" data-image-title=\"Besprem, Edi Rama dor\u00ebhiqu\" data-image-description=\"\" data-image-caption=\"&lt;p&gt;Besprem, Edi Rama dor\u00ebhiqu&lt;\/p&gt;\n\" data-medium-file=\"https:\/\/i0.wp.com\/www.shqiperia.com\/blog\/wp-content\/uploads\/2026\/09\/Besprem-Edi-Rama-dorehiqu-6.jpg?fit=300%2C216&amp;ssl=1\" data-large-file=\"https:\/\/i0.wp.com\/www.shqiperia.com\/blog\/wp-content\/uploads\/2026\/09\/Besprem-Edi-Rama-dorehiqu-6.jpg?fit=1024%2C736&amp;ssl=1\" class=\" wp-image-105920\" alt=\"\" src=\"https:\/\/i0.wp.com\/www.shqiperia.com\/blog\/wp-content\/uploads\/2026\/09\/Besprem-Edi-Rama-dorehiqu-6.jpg?resize=522%2C376&#038;ssl=1\" width=\"522\" height=\"376\" srcset=\"https:\/\/i0.wp.com\/www.shqiperia.com\/blog\/wp-content\/uploads\/2026\/09\/Besprem-Edi-Rama-dorehiqu-6.jpg?resize=300%2C216&amp;ssl=1 300w, https:\/\/i0.wp.com\/www.shqiperia.com\/blog\/wp-content\/uploads\/2026\/09\/Besprem-Edi-Rama-dorehiqu-6.jpg?resize=1024%2C736&amp;ssl=1 1024w, https:\/\/i0.wp.com\/www.shqiperia.com\/blog\/wp-content\/uploads\/2026\/09\/Besprem-Edi-Rama-dorehiqu-6.jpg?resize=768%2C552&amp;ssl=1 768w, https:\/\/i0.wp.com\/www.shqiperia.com\/blog\/wp-content\/uploads\/2026\/09\/Besprem-Edi-Rama-dorehiqu-6.jpg?resize=450%2C324&amp;ssl=1 450w, https:\/\/i0.wp.com\/www.shqiperia.com\/blog\/wp-content\/uploads\/2026\/09\/Besprem-Edi-Rama-dorehiqu-6.jpg?resize=600%2C432&amp;ssl=1 600w, https:\/\/i0.wp.com\/www.shqiperia.com\/blog\/wp-content\/uploads\/2026\/09\/Besprem-Edi-Rama-dorehiqu-6.jpg?resize=400%2C288&amp;ssl=1 400w, https:\/\/i0.wp.com\/www.shqiperia.com\/blog\/wp-content\/uploads\/2026\/09\/Besprem-Edi-Rama-dorehiqu-6.jpg?w=1040&amp;ssl=1 1040w\" sizes=\"auto, (max-width: 522px) 100vw, 522px\" \/><p id=\"caption-attachment-105920\" class=\"wp-caption-text\">Besprem, Edi Rama dor\u00ebhiqu<\/p><\/div>\n<p>4 Shtator 2026<\/p>\n<p>N\u00eb dit\u00ebn e 96-t\u00eb t\u00eb revolt\u00ebs qytetare, protestuesit kan\u00eb p\u00ebrcjell\u00eb mesazhet e tyre edhe p\u00ebrmes pankartave n\u00eb shesh.<\/p>\n<p>Kritikat ndaj qeveris\u00eb dhe kryeministrit Edi Rama kan\u00eb qen\u00eb t\u00eb pranishme n\u00eb nj\u00eb pjes\u00eb t\u00eb pankartave, nd\u00ebrsa nj\u00eb tjet\u00ebr fokus i protestuesve ka qen\u00eb situata n\u00eb sistemin sh\u00ebndet\u00ebsor.<\/p>\n<div id=\"attachment_105921\" style=\"width: 756px\" class=\"wp-caption alignnone\"><img data-recalc-dims=\"1\" loading=\"lazy\" decoding=\"async\" aria-describedby=\"caption-attachment-105921\" data-attachment-id=\"105921\" data-permalink=\"https:\/\/www.shqiperia.com\/blog\/besprem-edi-rama-dorehiqu-mesazhet-nepermjet-pankartave-ne-diten-e-96-te-revoltes-qytetare\/besprem-edi-rama-dorehiqu-2\/\" data-orig-file=\"https:\/\/i0.wp.com\/www.shqiperia.com\/blog\/wp-content\/uploads\/2026\/09\/Besprem-Edi-Rama-dorehiqu-2.jpg?fit=1280%2C853&amp;ssl=1\" data-orig-size=\"1280,853\" data-comments-opened=\"1\" data-image-meta=\"{&quot;aperture&quot;:&quot;0&quot;,&quot;credit&quot;:&quot;&quot;,&quot;camera&quot;:&quot;&quot;,&quot;caption&quot;:&quot;&quot;,&quot;created_timestamp&quot;:&quot;0&quot;,&quot;copyright&quot;:&quot;&quot;,&quot;focal_length&quot;:&quot;0&quot;,&quot;iso&quot;:&quot;0&quot;,&quot;shutter_speed&quot;:&quot;0&quot;,&quot;title&quot;:&quot;&quot;,&quot;orientation&quot;:&quot;0&quot;}\" data-image-title=\"Besprem, Edi Rama dor\u00ebhiqu\" data-image-description=\"\" data-image-caption=\"&lt;p&gt;Besprem, Edi Rama dor\u00ebhiqu&lt;\/p&gt;\n\" data-medium-file=\"https:\/\/i0.wp.com\/www.shqiperia.com\/blog\/wp-content\/uploads\/2026\/09\/Besprem-Edi-Rama-dorehiqu-2.jpg?fit=300%2C200&amp;ssl=1\" data-large-file=\"https:\/\/i0.wp.com\/www.shqiperia.com\/blog\/wp-content\/uploads\/2026\/09\/Besprem-Edi-Rama-dorehiqu-2.jpg?fit=1024%2C682&amp;ssl=1\" class=\" wp-image-105921\" alt=\"\" src=\"https:\/\/i0.wp.com\/www.shqiperia.com\/blog\/wp-content\/uploads\/2026\/09\/Besprem-Edi-Rama-dorehiqu-2.jpg?resize=746%2C497&#038;ssl=1\" width=\"746\" height=\"497\" srcset=\"https:\/\/i0.wp.com\/www.shqiperia.com\/blog\/wp-content\/uploads\/2026\/09\/Besprem-Edi-Rama-dorehiqu-2.jpg?resize=300%2C200&amp;ssl=1 300w, https:\/\/i0.wp.com\/www.shqiperia.com\/blog\/wp-content\/uploads\/2026\/09\/Besprem-Edi-Rama-dorehiqu-2.jpg?resize=1024%2C682&amp;ssl=1 1024w, https:\/\/i0.wp.com\/www.shqiperia.com\/blog\/wp-content\/uploads\/2026\/09\/Besprem-Edi-Rama-dorehiqu-2.jpg?resize=768%2C512&amp;ssl=1 768w, https:\/\/i0.wp.com\/www.shqiperia.com\/blog\/wp-content\/uploads\/2026\/09\/Besprem-Edi-Rama-dorehiqu-2.jpg?resize=600%2C400&amp;ssl=1 600w, https:\/\/i0.wp.com\/www.shqiperia.com\/blog\/wp-content\/uploads\/2026\/09\/Besprem-Edi-Rama-dorehiqu-2.jpg?resize=450%2C300&amp;ssl=1 450w, https:\/\/i0.wp.com\/www.shqiperia.com\/blog\/wp-content\/uploads\/2026\/09\/Besprem-Edi-Rama-dorehiqu-2.jpg?resize=400%2C267&amp;ssl=1 400w, https:\/\/i0.wp.com\/www.shqiperia.com\/blog\/wp-content\/uploads\/2026\/09\/Besprem-Edi-Rama-dorehiqu-2.jpg?w=1280&amp;ssl=1 1280w\" sizes=\"auto, (max-width: 746px) 100vw, 746px\" \/><p id=\"caption-attachment-105921\" class=\"wp-caption-text\">Besprem, Edi Rama dor\u00ebhiqu<\/p><\/div>\n<div id=\"attachment_105922\" style=\"width: 750px\" class=\"wp-caption alignnone\"><img data-recalc-dims=\"1\" loading=\"lazy\" decoding=\"async\" aria-describedby=\"caption-attachment-105922\" data-attachment-id=\"105922\" data-permalink=\"https:\/\/www.shqiperia.com\/blog\/besprem-edi-rama-dorehiqu-mesazhet-nepermjet-pankartave-ne-diten-e-96-te-revoltes-qytetare\/besprem-edi-rama-dorehiqu-4\/\" data-orig-file=\"https:\/\/i0.wp.com\/www.shqiperia.com\/blog\/wp-content\/uploads\/2026\/09\/Besprem-Edi-Rama-dorehiqu-4.jpg?fit=1280%2C853&amp;ssl=1\" data-orig-size=\"1280,853\" data-comments-opened=\"1\" data-image-meta=\"{&quot;aperture&quot;:&quot;0&quot;,&quot;credit&quot;:&quot;&quot;,&quot;camera&quot;:&quot;&quot;,&quot;caption&quot;:&quot;&quot;,&quot;created_timestamp&quot;:&quot;0&quot;,&quot;copyright&quot;:&quot;&quot;,&quot;focal_length&quot;:&quot;0&quot;,&quot;iso&quot;:&quot;0&quot;,&quot;shutter_speed&quot;:&quot;0&quot;,&quot;title&quot;:&quot;&quot;,&quot;orientation&quot;:&quot;0&quot;}\" data-image-title=\"Besprem, Edi Rama dor\u00ebhiqu\" data-image-description=\"\" data-image-caption=\"&lt;p&gt;Besprem, Edi Rama dor\u00ebhiqu&lt;\/p&gt;\n\" data-medium-file=\"https:\/\/i0.wp.com\/www.shqiperia.com\/blog\/wp-content\/uploads\/2026\/09\/Besprem-Edi-Rama-dorehiqu-4.jpg?fit=300%2C200&amp;ssl=1\" data-large-file=\"https:\/\/i0.wp.com\/www.shqiperia.com\/blog\/wp-content\/uploads\/2026\/09\/Besprem-Edi-Rama-dorehiqu-4.jpg?fit=1024%2C682&amp;ssl=1\" class=\" wp-image-105922\" alt=\"\" src=\"https:\/\/i0.wp.com\/www.shqiperia.com\/blog\/wp-content\/uploads\/2026\/09\/Besprem-Edi-Rama-dorehiqu-4.jpg?resize=740%2C493&#038;ssl=1\" width=\"740\" height=\"493\" srcset=\"https:\/\/i0.wp.com\/www.shqiperia.com\/blog\/wp-content\/uploads\/2026\/09\/Besprem-Edi-Rama-dorehiqu-4.jpg?resize=300%2C200&amp;ssl=1 300w, https:\/\/i0.wp.com\/www.shqiperia.com\/blog\/wp-content\/uploads\/2026\/09\/Besprem-Edi-Rama-dorehiqu-4.jpg?resize=1024%2C682&amp;ssl=1 1024w, https:\/\/i0.wp.com\/www.shqiperia.com\/blog\/wp-content\/uploads\/2026\/09\/Besprem-Edi-Rama-dorehiqu-4.jpg?resize=768%2C512&amp;ssl=1 768w, https:\/\/i0.wp.com\/www.shqiperia.com\/blog\/wp-content\/uploads\/2026\/09\/Besprem-Edi-Rama-dorehiqu-4.jpg?resize=600%2C400&amp;ssl=1 600w, https:\/\/i0.wp.com\/www.shqiperia.com\/blog\/wp-content\/uploads\/2026\/09\/Besprem-Edi-Rama-dorehiqu-4.jpg?resize=450%2C300&amp;ssl=1 450w, https:\/\/i0.wp.com\/www.shqiperia.com\/blog\/wp-content\/uploads\/2026\/09\/Besprem-Edi-Rama-dorehiqu-4.jpg?resize=400%2C267&amp;ssl=1 400w, https:\/\/i0.wp.com\/www.shqiperia.com\/blog\/wp-content\/uploads\/2026\/09\/Besprem-Edi-Rama-dorehiqu-4.jpg?w=1280&amp;ssl=1 1280w\" sizes=\"auto, (max-width: 740px) 100vw, 740px\" \/><p id=\"caption-attachment-105922\" class=\"wp-caption-text\">Besprem, Edi Rama dor\u00ebhiqu<\/p><\/div>\n<p>\u201cBesprem, Edi Rama dor\u00ebhiqu\u201d, \u201cMinist\u00ebr p\u00ebr pacient\u00ebt, jo p\u00ebr bizneset\u201d, \u201cEdi Rama, o hajdut\u201d, \u201cNuk ka shkoll\u00eb p\u00ebr f\u00ebmij\u00ebt e mi, pa u sh\u00ebruar N\u00ebna Shqip\u00ebri\u201d jan\u00eb disa prej mesazheve t\u00eb shfaqura nga qytetar\u00ebt gjat\u00eb protest\u00ebs.<\/p>\n<div id=\"attachment_105923\" style=\"width: 654px\" class=\"wp-caption alignnone\"><img data-recalc-dims=\"1\" loading=\"lazy\" decoding=\"async\" aria-describedby=\"caption-attachment-105923\" data-attachment-id=\"105923\" data-permalink=\"https:\/\/www.shqiperia.com\/blog\/besprem-edi-rama-dorehiqu-mesazhet-nepermjet-pankartave-ne-diten-e-96-te-revoltes-qytetare\/besprem-edi-rama-dorehiqu-3\/\" data-orig-file=\"https:\/\/i0.wp.com\/www.shqiperia.com\/blog\/wp-content\/uploads\/2026\/09\/Besprem-Edi-Rama-dorehiqu-3.jpg?fit=1040%2C837&amp;ssl=1\" data-orig-size=\"1040,837\" data-comments-opened=\"1\" data-image-meta=\"{&quot;aperture&quot;:&quot;0&quot;,&quot;credit&quot;:&quot;&quot;,&quot;camera&quot;:&quot;&quot;,&quot;caption&quot;:&quot;&quot;,&quot;created_timestamp&quot;:&quot;0&quot;,&quot;copyright&quot;:&quot;&quot;,&quot;focal_length&quot;:&quot;0&quot;,&quot;iso&quot;:&quot;0&quot;,&quot;shutter_speed&quot;:&quot;0&quot;,&quot;title&quot;:&quot;&quot;,&quot;orientation&quot;:&quot;0&quot;}\" data-image-title=\"Besprem, Edi Rama dor\u00ebhiqu\" data-image-description=\"\" data-image-caption=\"&lt;p&gt;Besprem, Edi Rama dor\u00ebhiqu&lt;\/p&gt;\n\" data-medium-file=\"https:\/\/i0.wp.com\/www.shqiperia.com\/blog\/wp-content\/uploads\/2026\/09\/Besprem-Edi-Rama-dorehiqu-3.jpg?fit=300%2C241&amp;ssl=1\" data-large-file=\"https:\/\/i0.wp.com\/www.shqiperia.com\/blog\/wp-content\/uploads\/2026\/09\/Besprem-Edi-Rama-dorehiqu-3.jpg?fit=1024%2C824&amp;ssl=1\" class=\" wp-image-105923\" alt=\"\" src=\"https:\/\/i0.wp.com\/www.shqiperia.com\/blog\/wp-content\/uploads\/2026\/09\/Besprem-Edi-Rama-dorehiqu-3.jpg?resize=644%2C517&#038;ssl=1\" width=\"644\" height=\"517\" srcset=\"https:\/\/i0.wp.com\/www.shqiperia.com\/blog\/wp-content\/uploads\/2026\/09\/Besprem-Edi-Rama-dorehiqu-3.jpg?resize=300%2C241&amp;ssl=1 300w, https:\/\/i0.wp.com\/www.shqiperia.com\/blog\/wp-content\/uploads\/2026\/09\/Besprem-Edi-Rama-dorehiqu-3.jpg?resize=1024%2C824&amp;ssl=1 1024w, https:\/\/i0.wp.com\/www.shqiperia.com\/blog\/wp-content\/uploads\/2026\/09\/Besprem-Edi-Rama-dorehiqu-3.jpg?resize=768%2C618&amp;ssl=1 768w, https:\/\/i0.wp.com\/www.shqiperia.com\/blog\/wp-content\/uploads\/2026\/09\/Besprem-Edi-Rama-dorehiqu-3.jpg?resize=450%2C362&amp;ssl=1 450w, https:\/\/i0.wp.com\/www.shqiperia.com\/blog\/wp-content\/uploads\/2026\/09\/Besprem-Edi-Rama-dorehiqu-3.jpg?resize=600%2C483&amp;ssl=1 600w, https:\/\/i0.wp.com\/www.shqiperia.com\/blog\/wp-content\/uploads\/2026\/09\/Besprem-Edi-Rama-dorehiqu-3.jpg?resize=400%2C322&amp;ssl=1 400w, https:\/\/i0.wp.com\/www.shqiperia.com\/blog\/wp-content\/uploads\/2026\/09\/Besprem-Edi-Rama-dorehiqu-3.jpg?w=1040&amp;ssl=1 1040w\" sizes=\"auto, (max-width: 644px) 100vw, 644px\" \/><p id=\"caption-attachment-105923\" class=\"wp-caption-text\">Besprem, Edi Rama dor\u00ebhiqu<\/p><\/div>\n<div id=\"attachment_105924\" style=\"width: 657px\" class=\"wp-caption alignnone\"><img data-recalc-dims=\"1\" loading=\"lazy\" decoding=\"async\" aria-describedby=\"caption-attachment-105924\" data-attachment-id=\"105924\" data-permalink=\"https:\/\/www.shqiperia.com\/blog\/besprem-edi-rama-dorehiqu-mesazhet-nepermjet-pankartave-ne-diten-e-96-te-revoltes-qytetare\/besprem-edi-rama-dorehiqu-5\/\" data-orig-file=\"https:\/\/i0.wp.com\/www.shqiperia.com\/blog\/wp-content\/uploads\/2026\/09\/Besprem-Edi-Rama-dorehiqu-5.jpg?fit=1280%2C853&amp;ssl=1\" data-orig-size=\"1280,853\" data-comments-opened=\"1\" data-image-meta=\"{&quot;aperture&quot;:&quot;0&quot;,&quot;credit&quot;:&quot;&quot;,&quot;camera&quot;:&quot;&quot;,&quot;caption&quot;:&quot;&quot;,&quot;created_timestamp&quot;:&quot;0&quot;,&quot;copyright&quot;:&quot;&quot;,&quot;focal_length&quot;:&quot;0&quot;,&quot;iso&quot;:&quot;0&quot;,&quot;shutter_speed&quot;:&quot;0&quot;,&quot;title&quot;:&quot;&quot;,&quot;orientation&quot;:&quot;0&quot;}\" data-image-title=\"Besprem, Edi Rama dor\u00ebhiqu\" data-image-description=\"\" data-image-caption=\"&lt;p&gt;Besprem, Edi Rama dor\u00ebhiqu&lt;\/p&gt;\n\" data-medium-file=\"https:\/\/i0.wp.com\/www.shqiperia.com\/blog\/wp-content\/uploads\/2026\/09\/Besprem-Edi-Rama-dorehiqu-5.jpg?fit=300%2C200&amp;ssl=1\" data-large-file=\"https:\/\/i0.wp.com\/www.shqiperia.com\/blog\/wp-content\/uploads\/2026\/09\/Besprem-Edi-Rama-dorehiqu-5.jpg?fit=1024%2C682&amp;ssl=1\" class=\" wp-image-105924\" alt=\"\" src=\"https:\/\/i0.wp.com\/www.shqiperia.com\/blog\/wp-content\/uploads\/2026\/09\/Besprem-Edi-Rama-dorehiqu-5.jpg?resize=647%2C431&#038;ssl=1\" width=\"647\" height=\"431\" srcset=\"https:\/\/i0.wp.com\/www.shqiperia.com\/blog\/wp-content\/uploads\/2026\/09\/Besprem-Edi-Rama-dorehiqu-5.jpg?resize=300%2C200&amp;ssl=1 300w, https:\/\/i0.wp.com\/www.shqiperia.com\/blog\/wp-content\/uploads\/2026\/09\/Besprem-Edi-Rama-dorehiqu-5.jpg?resize=1024%2C682&amp;ssl=1 1024w, https:\/\/i0.wp.com\/www.shqiperia.com\/blog\/wp-content\/uploads\/2026\/09\/Besprem-Edi-Rama-dorehiqu-5.jpg?resize=768%2C512&amp;ssl=1 768w, https:\/\/i0.wp.com\/www.shqiperia.com\/blog\/wp-content\/uploads\/2026\/09\/Besprem-Edi-Rama-dorehiqu-5.jpg?resize=600%2C400&amp;ssl=1 600w, https:\/\/i0.wp.com\/www.shqiperia.com\/blog\/wp-content\/uploads\/2026\/09\/Besprem-Edi-Rama-dorehiqu-5.jpg?resize=450%2C300&amp;ssl=1 450w, https:\/\/i0.wp.com\/www.shqiperia.com\/blog\/wp-content\/uploads\/2026\/09\/Besprem-Edi-Rama-dorehiqu-5.jpg?resize=400%2C267&amp;ssl=1 400w, https:\/\/i0.wp.com\/www.shqiperia.com\/blog\/wp-content\/uploads\/2026\/09\/Besprem-Edi-Rama-dorehiqu-5.jpg?w=1280&amp;ssl=1 1280w\" sizes=\"auto, (max-width: 647px) 100vw, 647px\" \/><p id=\"caption-attachment-105924\" class=\"wp-caption-text\">Besprem, Edi Rama dor\u00ebhiqu<\/p><\/div>\n<p>Pankartat kan\u00eb shoq\u00ebruar thirrjet e protestuesve, t\u00eb cil\u00ebt vijojn\u00eb t\u00eb k\u00ebrkojn\u00eb ndryshime politike dhe dor\u00ebheqjen e kryeministrit Edi Rama.<\/p>\n<div id=\"attachment_105925\" style=\"width: 966px\" class=\"wp-caption alignnone\"><img data-recalc-dims=\"1\" loading=\"lazy\" decoding=\"async\" aria-describedby=\"caption-attachment-105925\" data-attachment-id=\"105925\" data-permalink=\"https:\/\/www.shqiperia.com\/blog\/besprem-edi-rama-dorehiqu-mesazhet-nepermjet-pankartave-ne-diten-e-96-te-revoltes-qytetare\/besprem-edi-rama-dorehiqu-6-2\/\" data-orig-file=\"https:\/\/i0.wp.com\/www.shqiperia.com\/blog\/wp-content\/uploads\/2026\/09\/Besprem-Edi-Rama-dorehiqu-6-1.jpg?fit=1040%2C748&amp;ssl=1\" data-orig-size=\"1040,748\" data-comments-opened=\"1\" data-image-meta=\"{&quot;aperture&quot;:&quot;0&quot;,&quot;credit&quot;:&quot;&quot;,&quot;camera&quot;:&quot;&quot;,&quot;caption&quot;:&quot;&quot;,&quot;created_timestamp&quot;:&quot;0&quot;,&quot;copyright&quot;:&quot;&quot;,&quot;focal_length&quot;:&quot;0&quot;,&quot;iso&quot;:&quot;0&quot;,&quot;shutter_speed&quot;:&quot;0&quot;,&quot;title&quot;:&quot;&quot;,&quot;orientation&quot;:&quot;0&quot;}\" data-image-title=\"Besprem, Edi Rama dor\u00ebhiqu\" data-image-description=\"\" data-image-caption=\"&lt;p&gt;Besprem, Edi Rama dor\u00ebhiqu&lt;\/p&gt;\n\" data-medium-file=\"https:\/\/i0.wp.com\/www.shqiperia.com\/blog\/wp-content\/uploads\/2026\/09\/Besprem-Edi-Rama-dorehiqu-6-1.jpg?fit=300%2C216&amp;ssl=1\" data-large-file=\"https:\/\/i0.wp.com\/www.shqiperia.com\/blog\/wp-content\/uploads\/2026\/09\/Besprem-Edi-Rama-dorehiqu-6-1.jpg?fit=1024%2C736&amp;ssl=1\" class=\" wp-image-105925\" alt=\"\" src=\"https:\/\/i0.wp.com\/www.shqiperia.com\/blog\/wp-content\/uploads\/2026\/09\/Besprem-Edi-Rama-dorehiqu-6-1.jpg?resize=956%2C688&#038;ssl=1\" width=\"956\" height=\"688\" srcset=\"https:\/\/i0.wp.com\/www.shqiperia.com\/blog\/wp-content\/uploads\/2026\/09\/Besprem-Edi-Rama-dorehiqu-6-1.jpg?resize=300%2C216&amp;ssl=1 300w, https:\/\/i0.wp.com\/www.shqiperia.com\/blog\/wp-content\/uploads\/2026\/09\/Besprem-Edi-Rama-dorehiqu-6-1.jpg?resize=1024%2C736&amp;ssl=1 1024w, https:\/\/i0.wp.com\/www.shqiperia.com\/blog\/wp-content\/uploads\/2026\/09\/Besprem-Edi-Rama-dorehiqu-6-1.jpg?resize=768%2C552&amp;ssl=1 768w, https:\/\/i0.wp.com\/www.shqiperia.com\/blog\/wp-content\/uploads\/2026\/09\/Besprem-Edi-Rama-dorehiqu-6-1.jpg?resize=450%2C324&amp;ssl=1 450w, https:\/\/i0.wp.com\/www.shqiperia.com\/blog\/wp-content\/uploads\/2026\/09\/Besprem-Edi-Rama-dorehiqu-6-1.jpg?resize=600%2C432&amp;ssl=1 600w, https:\/\/i0.wp.com\/www.shqiperia.com\/blog\/wp-content\/uploads\/2026\/09\/Besprem-Edi-Rama-dorehiqu-6-1.jpg?resize=400%2C288&amp;ssl=1 400w, https:\/\/i0.wp.com\/www.shqiperia.com\/blog\/wp-content\/uploads\/2026\/09\/Besprem-Edi-Rama-dorehiqu-6-1.jpg?w=1040&amp;ssl=1 1040w\" sizes=\"auto, (max-width: 956px) 100vw, 956px\" \/><p id=\"caption-attachment-105925\" class=\"wp-caption-text\">Besprem, Edi Rama dor\u00ebhiqu<\/p><\/div>\n","protected":false},"excerpt":{"rendered":"<p>4 Shtator 2026 N\u00eb dit\u00ebn e 96-t\u00eb t\u00eb revolt\u00ebs qytetare, protestuesit kan\u00eb p\u00ebrcjell\u00eb mesazhet e tyre edhe p\u00ebrmes pankartave n\u00eb shesh. Kritikat ndaj qeveris\u00eb dhe kryeministrit Edi Rama kan\u00eb qen\u00eb t\u00eb pranishme n\u00eb nj\u00eb pjes\u00eb t\u00eb pankartave, nd\u00ebrsa nj\u00eb tjet\u00ebr fokus i protestuesve ka qen\u00eb situata n\u00eb sistemin sh\u00ebndet\u00ebsor. \u201cBesprem, Edi Rama dor\u00ebhiqu\u201d, \u201cMinist\u00ebr p\u00ebr [&hellip;]<\/p>\n","protected":false},"author":9,"featured_media":105920,"comment_status":"open","ping_status":"open","sticky":false,"template":"","format":"standard","meta":{"jetpack_post_was_ever_published":false,"_jetpack_newsletter_access":"","_jetpack_dont_email_post_to_subs":false,"_jetpack_newsletter_tier_id":0,"_jetpack_memberships_contains_paywalled_content":false,"_jetpack_memberships_contains_paid_content":false,"footnotes":"","jetpack_publicize_message":"","jetpack_publicize_feature_enabled":true,"jetpack_social_post_already_shared":true,"jetpack_social_options":{"image_generator_settings":{"template":"highway","default_image_id":0,"font":"","enabled":false},"version":2}},"categories":[87,27,10,1,2,35],"tags":[],"class_list":["post-105919","post","type-post","status-publish","format-standard","has-post-thumbnail","hentry","category-arte","category-blogu-i-udhetarit","category-kultura","category-njoftime-shtypi","category-politika","category-shoqerore"],"jetpack_publicize_connections":[],"jetpack_featured_media_url":"https:\/\/i0.wp.com\/www.shqiperia.com\/blog\/wp-content\/uploads\/2026\/09\/Besprem-Edi-Rama-dorehiqu-6.jpg?fit=1040%2C748&ssl=1","jetpack_sharing_enabled":true,"jetpack_shortlink":"https:\/\/wp.me\/p5Z6wp-ryn","jetpack-related-posts":[{"id":101172,"url":"https:\/\/www.shqiperia.com\/blog\/kur-rinia-cohet-qeveria-rrezohet-shit-zeqinene-po-deshe\/","url_meta":{"origin":105919,"position":0},"title":"\u2018Kur rinia \u00e7ohet, qeveria rr\u00ebzohet\u2019, &#8211; Shit Zeqinen\u00eb po deshe.","author":"Kurt Farka","date":"June 6, 2026","format":false,"excerpt":"6 Qershor 2026 Edhe n\u00eb dit\u00ebn e gjasht\u00eb t\u00eb protest\u00ebs qytetare kund\u00ebr qeveris\u00eb s\u00eb Edi Ram\u00ebs, qindra protestues kan\u00eb dal\u00eb n\u00eb shesh duke mbajtur n\u00eb duar pankarta me mesazhe t\u00eb forta kund\u00ebr kryeministrit dhe kabinetit qeveritar. Qytetar\u00ebt k\u00ebrkojn\u00eb dor\u00ebheqjen e Edi Ram\u00ebs dhe largimin e qeveris\u00eb s\u00eb tij, nd\u00ebrsa p\u00ebrmes\u2026","rel":"","context":"In &quot;Blogu i Udh\u00ebtarit&quot;","block_context":{"text":"Blogu i Udh\u00ebtarit","link":"https:\/\/www.shqiperia.com\/blog\/category\/blogu-i-udhetarit\/"},"img":{"alt_text":"","src":"https:\/\/i0.wp.com\/www.shqiperia.com\/blog\/wp-content\/uploads\/2026\/06\/Shit-Zeqinene-po-deshe.jpeg?fit=900%2C666&ssl=1&resize=350%2C200","width":350,"height":200,"srcset":"https:\/\/i0.wp.com\/www.shqiperia.com\/blog\/wp-content\/uploads\/2026\/06\/Shit-Zeqinene-po-deshe.jpeg?fit=900%2C666&ssl=1&resize=350%2C200 1x, https:\/\/i0.wp.com\/www.shqiperia.com\/blog\/wp-content\/uploads\/2026\/06\/Shit-Zeqinene-po-deshe.jpeg?fit=900%2C666&ssl=1&resize=525%2C300 1.5x, https:\/\/i0.wp.com\/www.shqiperia.com\/blog\/wp-content\/uploads\/2026\/06\/Shit-Zeqinene-po-deshe.jpeg?fit=900%2C666&ssl=1&resize=700%2C400 2x"},"classes":[]},{"id":105418,"url":"https:\/\/www.shqiperia.com\/blog\/protesta-qytetare-kunder-qeverisjes-pjesmarrje-masive-thirrjet-gjate-marshimit-revolucio\/","url_meta":{"origin":105919,"position":1},"title":"Protesta qytetare kund\u00ebr qeverisjes, pjesmarrje masive, thirrjet gjat\u00eb marshimit: Revolucio","author":"Kurt Farka","date":"August 29, 2026","format":false,"excerpt":"29 Gusht 2026 Megjithse data 28 gusht ishte nj\u00eb nga dit\u00ebt me t\u00eb nxehta t\u00eb kasaj vere pjesmarrja n\u00eb protest\u00ebn e dit\u00ebs s\u00eb 90 ishte masive. Marshimi i qytetar\u00ebve n\u00eb dit\u00ebn e 90-t\u00eb t\u00eb protest\u00ebs ka vijuar n\u00eb rrug\u00ebt e Tiran\u00ebs, me protestuesit q\u00eb kan\u00eb p\u00ebrcjell\u00eb mesazhet e tyre kund\u00ebr\u2026","rel":"","context":"In &quot;Blogu i Udh\u00ebtarit&quot;","block_context":{"text":"Blogu i Udh\u00ebtarit","link":"https:\/\/www.shqiperia.com\/blog\/category\/blogu-i-udhetarit\/"},"img":{"alt_text":"","src":"https:\/\/i0.wp.com\/www.shqiperia.com\/blog\/wp-content\/uploads\/2026\/08\/Protesta-28-Gusht-2026.jpeg?fit=800%2C450&ssl=1&resize=350%2C200","width":350,"height":200,"srcset":"https:\/\/i0.wp.com\/www.shqiperia.com\/blog\/wp-content\/uploads\/2026\/08\/Protesta-28-Gusht-2026.jpeg?fit=800%2C450&ssl=1&resize=350%2C200 1x, https:\/\/i0.wp.com\/www.shqiperia.com\/blog\/wp-content\/uploads\/2026\/08\/Protesta-28-Gusht-2026.jpeg?fit=800%2C450&ssl=1&resize=525%2C300 1.5x, https:\/\/i0.wp.com\/www.shqiperia.com\/blog\/wp-content\/uploads\/2026\/08\/Protesta-28-Gusht-2026.jpeg?fit=800%2C450&ssl=1&resize=700%2C400 2x"},"classes":[]},{"id":101498,"url":"https:\/\/www.shqiperia.com\/blog\/shqiperia-nuk-shitet-qytetaret-zbresin-serish-ne-shesh-ne-diten-e-15-te\/","url_meta":{"origin":105919,"position":2},"title":"\u201cShqip\u00ebria nuk shitet\u201d\/ Qytetar\u00ebt zbresin s\u00ebrish n\u00eb shesh n\u00eb dit\u00ebn e 15-t\u00eb","author":"Kurt Farka","date":"June 14, 2026","format":false,"excerpt":"Me thirrjet \u201cRama jep dor\u00ebheqjen\u201d mij\u00ebra qytetar\u00eb pritet t\u00eb mblidhen s\u00ebrish sot n\u00eb protest\u00ebn e 15 resht, duke k\u00ebrkuar largimin e Rama\u00ebs. N\u00ebn sloganin \u201cShqip\u00ebria nuk shitet, z\u00ebri yn\u00eb, dinjiteti yn\u00eb, e ardhmja nuk shitet\u201d, qytetar\u00ebt do t\u00eb grumbullohen si \u00e7do dit\u00eb n\u00eb sheshin \u201cSk\u00ebnderbej\u201d dhe m\u00eb pas nis marshimi\u2026","rel":"","context":"In &quot;Blogu i Udh\u00ebtarit&quot;","block_context":{"text":"Blogu i Udh\u00ebtarit","link":"https:\/\/www.shqiperia.com\/blog\/category\/blogu-i-udhetarit\/"},"img":{"alt_text":"","src":"https:\/\/i0.wp.com\/www.shqiperia.com\/blog\/wp-content\/uploads\/2026\/06\/640-0-8e0c19bf3d47e79b55c326eef7483921-1.jpeg?fit=640%2C394&ssl=1&resize=350%2C200","width":350,"height":200,"srcset":"https:\/\/i0.wp.com\/www.shqiperia.com\/blog\/wp-content\/uploads\/2026\/06\/640-0-8e0c19bf3d47e79b55c326eef7483921-1.jpeg?fit=640%2C394&ssl=1&resize=350%2C200 1x, https:\/\/i0.wp.com\/www.shqiperia.com\/blog\/wp-content\/uploads\/2026\/06\/640-0-8e0c19bf3d47e79b55c326eef7483921-1.jpeg?fit=640%2C394&ssl=1&resize=525%2C300 1.5x"},"classes":[]},{"id":103955,"url":"https:\/\/www.shqiperia.com\/blog\/me-te-bashkuar-se-kurre-pankartat-nga-protesta-e-69-te-qytetaret-i-drejtohen-rames-nuk-eshte-prona\/","url_meta":{"origin":105919,"position":3},"title":"\u201cM\u00eb t\u00eb bashkuar se kurr\u00eb!\u201d, pankartat nga protesta e 69-t\u00eb, qytetar\u00ebt i drejtohen Ram\u00ebs: &#8211; Nuk \u00ebsht\u00eb prona\u2026","author":"Kurt Farka","date":"August 7, 2026","format":false,"excerpt":"7 Gusht 2026 Edhe k\u00ebt\u00eb t\u00eb premte, n\u00eb protest\u00ebn e 69-t\u00eb kund\u00ebr qeveris\u00eb, qytetar\u00ebt kan\u00eb p\u00ebrcjell\u00eb mesazhet e tyre p\u00ebrmes pankartave t\u00eb shfaqura n\u00eb shesh. Nj\u00eb prej pankartave mbante mbishkrimin: \u201c69, m\u00eb t\u00eb fort\u00eb se kurr\u00eb\u201d, nd\u00ebrsa nj\u00eb tjet\u00ebr pankart\u00eb, e shoq\u00ebruar me imazhin e nj\u00eb tufe korbash, shkruante: \u201cEnde\u2026","rel":"","context":"In &quot;Blogu i Udh\u00ebtarit&quot;","block_context":{"text":"Blogu i Udh\u00ebtarit","link":"https:\/\/www.shqiperia.com\/blog\/category\/blogu-i-udhetarit\/"},"img":{"alt_text":"","src":"https:\/\/i0.wp.com\/www.shqiperia.com\/blog\/wp-content\/uploads\/2026\/08\/pankarta-69-433x300-1.jpg?fit=433%2C300&ssl=1&resize=350%2C200","width":350,"height":200},"classes":[]},{"id":101189,"url":"https:\/\/www.shqiperia.com\/blog\/protesta-qytetare-rritet-nga-ora-ne-ore-vlon-sheshi-rama-jep-doreheqjen\/","url_meta":{"origin":105919,"position":4},"title":"Protesta qytetare rritet nga ora n\u00eb or\u00eb\/ \u201cVlon\u201d sheshi: Rama jep dor\u00ebheqjen!","author":"Kurt Farka","date":"June 6, 2026","format":false,"excerpt":"6 Qershor 2026 Ndryshe nga protestat politike, t\u00eb cilat me kalimin e koh\u00ebs humbasin pjes\u00ebmarr\u00ebs dhe besueshm\u00ebri p\u00ebr shkak t\u00eb zhg\u00ebnjimit ndaj lidershipit t\u00eb tyre, protestat qytetare po tregojn\u00eb nj\u00eb dinamik\u00eb krejt tjet\u00ebr. Mb\u00ebshtetja p\u00ebr to sa vjen dhe zgjerohet, nd\u00ebrsa njer\u00ebzit vazhdojn\u00eb t\u2019u bashkohen tubimeve edhe pasi kan\u00eb nisur\u2026","rel":"","context":"In &quot;Blogu i Udh\u00ebtarit&quot;","block_context":{"text":"Blogu i Udh\u00ebtarit","link":"https:\/\/www.shqiperia.com\/blog\/category\/blogu-i-udhetarit\/"},"img":{"alt_text":"","src":"https:\/\/i0.wp.com\/www.shqiperia.com\/blog\/wp-content\/uploads\/2026\/06\/Protesta-6-qershori-2026-958x570-1.jpg?fit=958%2C570&ssl=1&resize=350%2C200","width":350,"height":200,"srcset":"https:\/\/i0.wp.com\/www.shqiperia.com\/blog\/wp-content\/uploads\/2026\/06\/Protesta-6-qershori-2026-958x570-1.jpg?fit=958%2C570&ssl=1&resize=350%2C200 1x, https:\/\/i0.wp.com\/www.shqiperia.com\/blog\/wp-content\/uploads\/2026\/06\/Protesta-6-qershori-2026-958x570-1.jpg?fit=958%2C570&ssl=1&resize=525%2C300 1.5x, https:\/\/i0.wp.com\/www.shqiperia.com\/blog\/wp-content\/uploads\/2026\/06\/Protesta-6-qershori-2026-958x570-1.jpg?fit=958%2C570&ssl=1&resize=700%2C400 2x"},"classes":[]},{"id":101639,"url":"https:\/\/www.shqiperia.com\/blog\/rama-jep-doreheqjen-ska-bisedime\/","url_meta":{"origin":105919,"position":5},"title":"\u201cRama jep dor\u00ebheqjen, s\u2019ka bisedime\u201d","author":"Kurt Farka","date":"June 19, 2026","format":false,"excerpt":"Qytetar\u00ebt shqiptar\u00eb do t\u00eb zbresin s\u00ebrish sot n\u00eb shesh e rrug\u00eb p\u00ebr t\u00eb k\u00ebrkuar dor\u00ebheqjen e kryeministrit Edi Rama. N\u00eb dit\u00ebn e 20 t\u00eb protest\u00ebs, qytetar\u00ebt kan\u00eb vet\u00ebm nj\u00eb synim largimin e kryeministrit Rama dhe qeveris\u00eb s\u00eb tij. Protesta nis n\u00eb or\u00ebn 19:00, p\u00ebr shkak t\u00eb temperaturave t\u00eb larta, por\u2026","rel":"","context":"In &quot;Blogu i Udh\u00ebtarit&quot;","block_context":{"text":"Blogu i Udh\u00ebtarit","link":"https:\/\/www.shqiperia.com\/blog\/category\/blogu-i-udhetarit\/"},"img":{"alt_text":"","src":"https:\/\/i0.wp.com\/www.shqiperia.com\/blog\/wp-content\/uploads\/2026\/06\/ga1-11-2-3.jpg?fit=600%2C315&ssl=1&resize=350%2C200","width":350,"height":200,"srcset":"https:\/\/i0.wp.com\/www.shqiperia.com\/blog\/wp-content\/uploads\/2026\/06\/ga1-11-2-3.jpg?fit=600%2C315&ssl=1&resize=350%2C200 1x, https:\/\/i0.wp.com\/www.shqiperia.com\/blog\/wp-content\/uploads\/2026\/06\/ga1-11-2-3.jpg?fit=600%2C315&ssl=1&resize=525%2C300 1.5x"},"classes":[]}],"_links":{"self":[{"href":"https:\/\/www.shqiperia.com\/blog\/wp-json\/wp\/v2\/posts\/105919","targetHints":{"allow":["GET"]}}],"collection":[{"href":"https:\/\/www.shqiperia.com\/blog\/wp-json\/wp\/v2\/posts"}],"about":[{"href":"https:\/\/www.shqiperia.com\/blog\/wp-json\/wp\/v2\/types\/post"}],"author":[{"embeddable":true,"href":"https:\/\/www.shqiperia.com\/blog\/wp-json\/wp\/v2\/users\/9"}],"replies":[{"embeddable":true,"href":"https:\/\/www.shqiperia.com\/blog\/wp-json\/wp\/v2\/comments?post=105919"}],"version-history":[{"count":1,"href":"https:\/\/www.shqiperia.com\/blog\/wp-json\/wp\/v2\/posts\/105919\/revisions"}],"predecessor-version":[{"id":105926,"href":"https:\/\/www.shqiperia.com\/blog\/wp-json\/wp\/v2\/posts\/105919\/revisions\/105926"}],"wp:featuredmedia":[{"embeddable":true,"href":"https:\/\/www.shqiperia.com\/blog\/wp-json\/wp\/v2\/media\/105920"}],"wp:attachment":[{"href":"https:\/\/www.shqiperia.com\/blog\/wp-json\/wp\/v2\/media?parent=105919"}],"wp:term":[{"taxonomy":"category","embeddable":true,"href":"https:\/\/www.shqiperia.com\/blog\/wp-json\/wp\/v2\/categories?post=105919"},{"taxonomy":"post_tag","embeddable":true,"href":"https:\/\/www.shqiperia.com\/blog\/wp-json\/wp\/v2\/tags?post=105919"}],"curies":[{"name":"wp","href":"https:\/\/api.w.org\/{rel}","templated":true}]}}