{"id":105916,"date":"2026-09-04T00:23:07","date_gmt":"2026-09-04T00:23:07","guid":{"rendered":"https:\/\/www.shqiperia.com\/blog\/?p=105916"},"modified":"2026-09-04T00:23:07","modified_gmt":"2026-09-04T00:23:07","slug":"mbreteresha-qe-ishte-po-aq-e-bukur-sa-helena-e-trojes-por-qe-nuk-ishte-peng-politik","status":"publish","type":"post","link":"https:\/\/www.shqiperia.com\/blog\/mbreteresha-qe-ishte-po-aq-e-bukur-sa-helena-e-trojes-por-qe-nuk-ishte-peng-politik\/","title":{"rendered":"Mbret\u00ebresha q\u00eb ishte po aq e bukur sa Helena e Troj\u00ebs, por q\u00eb nuk ishte peng politik"},"content":{"rendered":"<p><img data-recalc-dims=\"1\" loading=\"lazy\" decoding=\"async\" data-attachment-id=\"105917\" data-permalink=\"https:\/\/www.shqiperia.com\/blog\/mbreteresha-qe-ishte-po-aq-e-bukur-sa-helena-e-trojes-por-qe-nuk-ishte-peng-politik\/auto_caa71d3c-a32c-463f-9f06-3ced4519b2421788426836\/\" data-orig-file=\"https:\/\/i0.wp.com\/www.shqiperia.com\/blog\/wp-content\/uploads\/2026\/09\/auto_caa71d3c-a32c-463f-9f06-3ced4519b2421788426836.jpg?fit=900%2C761&amp;ssl=1\" data-orig-size=\"900,761\" data-comments-opened=\"1\" data-image-meta=\"{&quot;aperture&quot;:&quot;0&quot;,&quot;credit&quot;:&quot;&quot;,&quot;camera&quot;:&quot;&quot;,&quot;caption&quot;:&quot;&quot;,&quot;created_timestamp&quot;:&quot;0&quot;,&quot;copyright&quot;:&quot;&quot;,&quot;focal_length&quot;:&quot;0&quot;,&quot;iso&quot;:&quot;0&quot;,&quot;shutter_speed&quot;:&quot;0&quot;,&quot;title&quot;:&quot;&quot;,&quot;orientation&quot;:&quot;0&quot;}\" data-image-title=\"auto_caa71d3c-a32c-463f-9f06-3ced4519b2421788426836\" data-image-description=\"\" data-image-caption=\"\" data-medium-file=\"https:\/\/i0.wp.com\/www.shqiperia.com\/blog\/wp-content\/uploads\/2026\/09\/auto_caa71d3c-a32c-463f-9f06-3ced4519b2421788426836.jpg?fit=300%2C254&amp;ssl=1\" data-large-file=\"https:\/\/i0.wp.com\/www.shqiperia.com\/blog\/wp-content\/uploads\/2026\/09\/auto_caa71d3c-a32c-463f-9f06-3ced4519b2421788426836.jpg?fit=900%2C761&amp;ssl=1\" class=\"alignnone  wp-image-105917\" alt=\"\" src=\"https:\/\/i0.wp.com\/www.shqiperia.com\/blog\/wp-content\/uploads\/2026\/09\/auto_caa71d3c-a32c-463f-9f06-3ced4519b2421788426836.jpg?resize=437%2C370&#038;ssl=1\" width=\"437\" height=\"370\" srcset=\"https:\/\/i0.wp.com\/www.shqiperia.com\/blog\/wp-content\/uploads\/2026\/09\/auto_caa71d3c-a32c-463f-9f06-3ced4519b2421788426836.jpg?resize=300%2C254&amp;ssl=1 300w, https:\/\/i0.wp.com\/www.shqiperia.com\/blog\/wp-content\/uploads\/2026\/09\/auto_caa71d3c-a32c-463f-9f06-3ced4519b2421788426836.jpg?resize=768%2C649&amp;ssl=1 768w, https:\/\/i0.wp.com\/www.shqiperia.com\/blog\/wp-content\/uploads\/2026\/09\/auto_caa71d3c-a32c-463f-9f06-3ced4519b2421788426836.jpg?resize=450%2C381&amp;ssl=1 450w, https:\/\/i0.wp.com\/www.shqiperia.com\/blog\/wp-content\/uploads\/2026\/09\/auto_caa71d3c-a32c-463f-9f06-3ced4519b2421788426836.jpg?resize=600%2C507&amp;ssl=1 600w, https:\/\/i0.wp.com\/www.shqiperia.com\/blog\/wp-content\/uploads\/2026\/09\/auto_caa71d3c-a32c-463f-9f06-3ced4519b2421788426836.jpg?resize=400%2C338&amp;ssl=1 400w, https:\/\/i0.wp.com\/www.shqiperia.com\/blog\/wp-content\/uploads\/2026\/09\/auto_caa71d3c-a32c-463f-9f06-3ced4519b2421788426836.jpg?w=900&amp;ssl=1 900w\" sizes=\"auto, (max-width: 437px) 100vw, 437px\" \/><\/p>\n<p>4 Shtator 2026<\/p>\n<p>Pas vdekjes s\u00eb Aleksandrit t\u00eb Madh n\u00eb vitin 323 para Krishtit, gjeneral\u00ebt q\u00eb e kishin mb\u00ebshtetur gjat\u00eb fushatave t\u00eb tij e ndan\u00eb perandorin\u00eb e gjer\u00eb p\u00ebr t\u00eb krijuar dinasti t\u00eb reja n\u00eb Egjipt, Siri, Maqedoni dhe Traki. Por luft\u00ebrat dhe p\u00ebr\u00e7arjet u shfaq\u00ebn shpejt n\u00eb k\u00ebto mbret\u00ebri t\u00eb reja; aleancat ishin po aq t\u00eb paq\u00ebndrueshme sa edhe jet\u00ebshkurtra. Grat\u00eb e familjeve t\u00eb ndryshme mbret\u00ebrore p\u00ebrdoreshin her\u00eb pas here si mjete pazari n\u00eb negociatat q\u00eb k\u00ebrkoheshin nga k\u00ebto l\u00ebvizje t\u00eb paq\u00ebndrueshme politike. I till\u00eb do t\u00eb ishte edhe fati i Arsinoes, vajz\u00ebs s\u00eb Ptolemeut I: dikur gjeneral n\u00ebn Aleksandrin dhe m\u00eb von\u00eb mbreti i par\u00eb helenistik i Egjiptit.<\/p>\n<p><img data-recalc-dims=\"1\" loading=\"lazy\" decoding=\"async\" data-attachment-id=\"105917\" data-permalink=\"https:\/\/www.shqiperia.com\/blog\/mbreteresha-qe-ishte-po-aq-e-bukur-sa-helena-e-trojes-por-qe-nuk-ishte-peng-politik\/auto_caa71d3c-a32c-463f-9f06-3ced4519b2421788426836\/\" data-orig-file=\"https:\/\/i0.wp.com\/www.shqiperia.com\/blog\/wp-content\/uploads\/2026\/09\/auto_caa71d3c-a32c-463f-9f06-3ced4519b2421788426836.jpg?fit=900%2C761&amp;ssl=1\" data-orig-size=\"900,761\" data-comments-opened=\"1\" data-image-meta=\"{&quot;aperture&quot;:&quot;0&quot;,&quot;credit&quot;:&quot;&quot;,&quot;camera&quot;:&quot;&quot;,&quot;caption&quot;:&quot;&quot;,&quot;created_timestamp&quot;:&quot;0&quot;,&quot;copyright&quot;:&quot;&quot;,&quot;focal_length&quot;:&quot;0&quot;,&quot;iso&quot;:&quot;0&quot;,&quot;shutter_speed&quot;:&quot;0&quot;,&quot;title&quot;:&quot;&quot;,&quot;orientation&quot;:&quot;0&quot;}\" data-image-title=\"auto_caa71d3c-a32c-463f-9f06-3ced4519b2421788426836\" data-image-description=\"\" data-image-caption=\"\" data-medium-file=\"https:\/\/i0.wp.com\/www.shqiperia.com\/blog\/wp-content\/uploads\/2026\/09\/auto_caa71d3c-a32c-463f-9f06-3ced4519b2421788426836.jpg?fit=300%2C254&amp;ssl=1\" data-large-file=\"https:\/\/i0.wp.com\/www.shqiperia.com\/blog\/wp-content\/uploads\/2026\/09\/auto_caa71d3c-a32c-463f-9f06-3ced4519b2421788426836.jpg?fit=900%2C761&amp;ssl=1\" class=\"alignnone  wp-image-105917\" alt=\"\" src=\"https:\/\/i0.wp.com\/www.shqiperia.com\/blog\/wp-content\/uploads\/2026\/09\/auto_caa71d3c-a32c-463f-9f06-3ced4519b2421788426836.jpg?resize=939%2C795&#038;ssl=1\" width=\"939\" height=\"795\" srcset=\"https:\/\/i0.wp.com\/www.shqiperia.com\/blog\/wp-content\/uploads\/2026\/09\/auto_caa71d3c-a32c-463f-9f06-3ced4519b2421788426836.jpg?resize=300%2C254&amp;ssl=1 300w, https:\/\/i0.wp.com\/www.shqiperia.com\/blog\/wp-content\/uploads\/2026\/09\/auto_caa71d3c-a32c-463f-9f06-3ced4519b2421788426836.jpg?resize=768%2C649&amp;ssl=1 768w, https:\/\/i0.wp.com\/www.shqiperia.com\/blog\/wp-content\/uploads\/2026\/09\/auto_caa71d3c-a32c-463f-9f06-3ced4519b2421788426836.jpg?resize=450%2C381&amp;ssl=1 450w, https:\/\/i0.wp.com\/www.shqiperia.com\/blog\/wp-content\/uploads\/2026\/09\/auto_caa71d3c-a32c-463f-9f06-3ced4519b2421788426836.jpg?resize=600%2C507&amp;ssl=1 600w, https:\/\/i0.wp.com\/www.shqiperia.com\/blog\/wp-content\/uploads\/2026\/09\/auto_caa71d3c-a32c-463f-9f06-3ced4519b2421788426836.jpg?resize=400%2C338&amp;ssl=1 400w, https:\/\/i0.wp.com\/www.shqiperia.com\/blog\/wp-content\/uploads\/2026\/09\/auto_caa71d3c-a32c-463f-9f06-3ced4519b2421788426836.jpg?w=900&amp;ssl=1 900w\" sizes=\"auto, (max-width: 939px) 100vw, 939px\" \/><\/p>\n<p>Arsinoe u rrit mes luksit n\u00eb oborrin mbret\u00ebror t\u00eb Aleksandris\u00eb dhe me gjas\u00eb mori nj\u00eb arsimim t\u00eb plot\u00eb. Rreth mosh\u00ebs 16-vje\u00e7are, ajo u martua me Lisimakun, sundimtarin e Trakis\u00eb dhe t\u00eb nj\u00eb pjese t\u00eb madhe t\u00eb Anadollit, si dhe ish-shokun e arm\u00ebve t\u00eb t\u00eb atit. N\u00eb at\u00eb koh\u00eb, Lisimaku po i afrohej t\u00eb 60-ave, ishte martuar disa her\u00eb dhe kishte tashm\u00eb f\u00ebmij\u00eb t\u00eb rritur, mes tyre Agathoklin, t\u00eb cilin e kishte caktuar si pasardh\u00ebsin e tij. Arsinoe pati tre f\u00ebmij\u00eb me bashk\u00ebshortin e saj n\u00eb mosh\u00eb t\u00eb thyer: Ptolemeun, Lisimakun dhe Filipin. Ajo mbajti titullin e mbret\u00ebresh\u00ebs s\u00eb Trakis\u00eb p\u00ebr gati 20 vjet dhe mori edhe titullin e mbret\u00ebresh\u00ebs s\u00eb Maqedonis\u00eb pasi bashk\u00ebshorti i saj pushtoi vendin n\u00eb vitin 285 para Krishtit<\/p>\n<p><span><strong>Intrigat e pallatit\u00a0<\/strong><\/span><\/p>\n<p>N\u00eb nj\u00eb kthes\u00eb dramatike t\u00eb ngjarjeve, n\u00eb vitin 283 para Krishtit, Lisimaku u p\u00ebrfshi n\u00eb ekzekutimin e djalit dhe trash\u00ebgimtarit t\u00eb tij, Agathoklit. Sipas rr\u00ebfimit, Lisimaku urdh\u00ebroi vrasjen e Agathoklit sepse ai kishte komplotuar kund\u00ebr tij me Seleukun I Nikatorin, nj\u00eb tjet\u00ebr prej gjeneral\u00ebve t\u00eb Aleksandrit. Por disa burime t\u00eb lashta e paraqesin Arsinoen si nxit\u00ebsen e komplotit. Ndoshta ajo donte t\u00eb hiqte qafe Agathoklin p\u00ebr t&#8217;i hapur rrug\u00ebn nj\u00ebrit prej djemve t\u00eb saj drejt fronit, ose ndoshta kishte frik\u00eb se, pasi t\u00eb pasonte t\u00eb atin, Agathokli do t&#8217;i shihte djemt\u00eb e saj si rival\u00eb t\u00eb mundsh\u00ebm. N\u00eb k\u00ebt\u00eb rast, Arsinoe mund t\u00eb ket\u00eb vepruar paraprakisht p\u00ebr t&#8217;i mbrojtur nga nj\u00eb fund i tmerrsh\u00ebm. Pavar\u00ebsisht n\u00ebse mbret\u00ebresha ishte apo jo e p\u00ebrfshir\u00eb, vdekja e Agathoklit shkaktoi nj\u00eb seri tragjedish q\u00eb do t\u00eb p\u00ebrfundonin pik\u00ebrisht me at\u00eb fat t\u00eb tmerrsh\u00ebm nga i cili, sipas pretendimeve, mbret\u00ebresha ishte p\u00ebrpjekur t&#8217;i shp\u00ebtonte djemt\u00eb e saj.<\/p>\n<p><img data-recalc-dims=\"1\" decoding=\"async\" alt=\"Image\" src=\"https:\/\/i0.wp.com\/www.syri.net\/uploads\/syri.net\/images\/2026\/September\/03\/auto_2df78aba-372d-4360-843d-af8fbde983781788426836.jpg?ssl=1\" \/>Bashk\u00eb me f\u00ebmij\u00ebt dhe mb\u00ebshtet\u00ebsit e saj, e veja e Agathoklit, Lisandra, u arratis te Seleuku, i cili ndodhej n\u00eb Babiloni, dhe i k\u00ebrkoi t\u00eb hakmerrej p\u00ebr vrasjen e bashk\u00ebshortit t\u00eb saj. Seleuku e shfryt\u00ebzoi menj\u00ebher\u00eb k\u00ebt\u00eb mund\u00ebsi dhe pushtoi territoret e Lisimakut n\u00eb Azin\u00eb e Vog\u00ebl. N\u00eb betej\u00ebn e Korupediumit n\u00eb Lidje, Lisimaku u vra. E frik\u00ebsuar p\u00ebr sigurin\u00eb e saj dhe t\u00eb f\u00ebmij\u00ebve, Arsinoe u strehua n\u00eb qytetin e Kasandres\u00eb n\u00eb Maqedoni. Pik\u00ebrisht aty ajo mori nj\u00eb ofert\u00eb t\u00eb papritur p\u00ebr mbrojtje nga gjysm\u00ebv\u00ebllai i saj, Ptolemeu Kerauni.<\/p>\n<p><span><strong>\u201cRrufeja\u201d<\/strong><\/span><\/p>\n<p>Para se t\u00eb martohej me Berenik\u00ebn, n\u00ebn\u00ebn e Arsinoes, Ptolemeu I kishte qen\u00eb i martuar me nj\u00eb kush\u00ebrir\u00eb t\u00eb larg\u00ebt t\u00eb Berenik\u00ebs, Euridik\u00ebn, me t\u00eb cil\u00ebn kishte disa f\u00ebmij\u00eb. Nj\u00ebri prej tyre, Ptolemeu Kerauni, ishte i bindur se, si djali i madh i Ptolemeut I, ai ishte trash\u00ebgimtari i ligjsh\u00ebm. Megjithat\u00eb, i ati caktoi si bashk\u00ebsundimtar djalin q\u00eb do t\u00eb kishte m\u00eb von\u00eb me Berenik\u00ebn, Ptolemeun II.<\/p>\n<p>Ptolemeu Kerauni u largua nga Egjipti p\u00ebr n\u00eb Siri, ku Seleuku e priti n\u00eb rrethin e njer\u00ebzve t\u00eb tij m\u00eb t\u00eb besuar. Por Kerauni ia shp\u00ebrbleu mikpritjen me tradhti, duke vrar\u00eb Seleukun n\u00eb nj\u00eb sulm t\u00eb papritur. Kjo i dha edhe nofk\u00ebn Kerauni, q\u00eb do t\u00eb thot\u00eb \u201cRrufeja\u201d.<\/p>\n<p>Me Seleukun jasht\u00eb sken\u00ebs, Kerauni iu paraqit gjysm\u00eb motr\u00ebs s\u00eb tij, Arsinoes, si shp\u00ebtimtar dhe i k\u00ebrkoi t\u00eb martohej me t\u00eb. Edhe pse Arsinoe kishte dyshime p\u00ebr q\u00ebllimet e tij, n\u00eb fund e pranoi propozimin, duke besuar premtimet e Keraunit se do t&#8217;i mbronte f\u00ebmij\u00ebt e saj. N\u00eb t\u00eb v\u00ebrtet\u00eb, Kerauni donte t\u00eb merrte kontrollin e mbret\u00ebris\u00eb s\u00eb Lisimakut dhe nuk kishte m\u00ebnyr\u00eb m\u00eb t\u00eb mir\u00eb p\u00ebr ta legjitimuar k\u00ebt\u00eb pretendim sesa t\u00eb martohej me vejush\u00ebn e tij.<\/p>\n<p><img data-recalc-dims=\"1\" decoding=\"async\" alt=\"Image\" src=\"https:\/\/i0.wp.com\/www.syri.net\/uploads\/syri.net\/images\/2026\/September\/03\/auto_7dc1ca99-88bb-45f4-b5b1-03f879271c6c1788426836.jpg?ssl=1\" \/>Pas ceremonis\u00eb s\u00eb martes\u00ebs, Arsinoe e ftoi Keraunin n\u00eb qytetin e Kasandres\u00eb, i cili ende ishte n\u00ebn kontrollin e saj. Ajo u kujdes q\u00eb tempujt, altar\u00ebt dhe sht\u00ebpit\u00eb e qytetit t\u00eb zbukuroheshin p\u00ebr nder t\u00eb mysafirit t\u00eb shquar. Kur Kerauni mb\u00ebrriti, Arsinoe d\u00ebrgoi dy djemt\u00eb e saj m\u00eb t\u00eb vegj\u00ebl p\u00ebr ta pritur te portat e qytetit. Por sapo Kerauni hyri n\u00eb Kasandre, ai urdh\u00ebroi njer\u00ebzit e tij t&#8217;i vrisnin djemt\u00eb dhe t\u00eb merrnin kontrollin e qytetit.<\/p>\n<p>Duke kuptuar gabimin e saj, Arsinoe u p\u00ebrpoq d\u00ebshp\u00ebrimisht t&#8217;i shp\u00ebtonte djemt\u00eb. Historiani romak Pompeius Trogus tregon se \u201cajo u ofrohej vazhdimisht vras\u00ebsve; shpesh me trupin e saj mbulonte trupat e djemve, duke i p\u00ebrqafuar, dhe p\u00ebrpiqej t\u00eb merrte plag\u00ebt q\u00eb ishin drejtuar ndaj f\u00ebmij\u00ebve t\u00eb saj\u201d. P\u00ebrpjekja e saj ishte e kot\u00eb. Njer\u00ebzit e Keraunit nuk e lejuan as t&#8217;i varroste djemt\u00eb. Arsinoe u arratis dhe k\u00ebrkoi strehim n\u00eb Egjipt te v\u00ebllai tjet\u00ebr, trash\u00ebgimtari i t\u00eb atit, Ptolemeu II. Triumfi i Keraunit zgjati pak. Pak m\u00eb shum\u00eb se nj\u00eb vit m\u00eb von\u00eb, ai u kap dhe u ekzekutua gjat\u00eb nj\u00eb beteje kund\u00ebr gal\u00ebve, t\u00eb udh\u00ebhequr nga i frikshmi Bolgios.<\/p>\n<p><span><strong>Mbret\u00ebresha e Nilit<\/strong><\/span><\/p>\n<p>N\u00eb Egjipt, Ptolemeu II i dha Arsinoes mbrojtjen q\u00eb i kishte premtuar dhe i k\u00ebrkoi t\u00eb martohej me t\u00eb, edhe pse t\u00eb dy ishin v\u00eblla e mot\u00ebr t\u00eb nj\u00ebjt\u00eb. Marr\u00ebdh\u00ebniet e incestit nuk kishin prirje t\u00eb shkaktonin skandal te popullsia egjiptiane, pasi martesat mes v\u00ebllez\u00ebrve dhe motrave ishin t\u00eb zakonshme te faraon\u00ebt. Por p\u00ebr grek\u00ebt q\u00eb jetonin n\u00eb Egjipt, gj\u00ebrat ishin krejt ndryshe.<\/p>\n<p>Sipas historianit Plutark, shum\u00eb njer\u00ebz e konsideronin martes\u00ebn \u201ct\u00eb panatyrshme dhe t\u00eb paligjshme\u201d, dhe disa kritik\u00eb e kund\u00ebrshtuan publikisht. Mes tyre ishte edhe poeti Sotades, i cili e pagoi me jet\u00eb nj\u00eb poezi drejtuar Ptolemeut II, ku p\u00ebrfshihej vargu: \u201cPo fut penisin n\u00eb nj\u00eb vrim\u00eb t\u00eb shenjt\u00ebruar.\u201d Megjithat\u00eb, shum\u00eb an\u00ebtar\u00eb t\u00eb oborrit e festuan bashkimin mbret\u00ebror, mes tyre edhe poeti Teokriti, i cili e krahasoi martes\u00ebn me bashkimin e per\u00ebndive v\u00eblla e mot\u00ebr, Zeusit dhe Her\u00ebs.<\/p>\n<p>N\u00eb fakt, martesa mes Arsinoes dhe Ptolemeut II sh\u00ebnoi nj\u00eb nga periudhat m\u00eb t\u00eb begata t\u00eb dinastis\u00eb ptolemaike. Ishte koha kur qyteti madh\u00ebshtor i Aleksandris\u00eb u b\u00eb qendra kulturore dhe tregtare e Mesdheut dhe kur Egjipti helenistik kontrollonte territorin m\u00eb t\u00eb madh. Ka d\u00ebshmi se Arsinoe mori pjes\u00eb aktive n\u00eb qeverisjen e mbret\u00ebris\u00eb, ve\u00e7an\u00ebrisht n\u00eb politik\u00ebn e jashtme, dhe se ishte nj\u00eb mb\u00ebshtet\u00ebse e r\u00ebnd\u00ebsishme e artit dhe dijes. Edhe pse nuk dihet me siguri se sa pushtet kishte, ka gjasa q\u00eb ai t\u00eb ket\u00eb qen\u00eb i konsideruesh\u00ebm.<\/p>\n<p><span><strong>Vdekja dhe hyjnizimi<\/strong><\/span><\/p>\n<p>Ptolemeu i dha gruas s\u00eb tij shum\u00eb nderime. Ai u vuri emrin e saj nj\u00eb numri qytetesh, si n\u00eb Egjipt, ashtu edhe n\u00eb rajone t\u00eb tjera, si Qiproja, Azia e Vog\u00ebl dhe madje Gadishulli Arabik. Ai preu monedha me emrin dhe portretin e Arsinoes, ngriti statuja t\u00eb saj dhe i kushtoi asaj lloj-lloj nderimesh, si gjat\u00eb jet\u00ebs, ashtu edhe pas vdekjes.<\/p>\n<p>Nderimi m\u00eb i madh ishte hyjnizimi. Ptolemeu e shpalli Arsinoen per\u00ebndesh\u00eb; ajo u adhurua si e till\u00eb n\u00eb t\u00eb gjith\u00eb vendin dhe kishte prift\u00ebrinjt\u00eb dhe tempujt e saj. Kur vdiq rreth viteve 270\u2013268 para Krishtit, mbreti dhe shum\u00eb njer\u00ebz t\u00eb zakonsh\u00ebm shfaq\u00ebn nderimin dhe dashurin\u00eb e tyre p\u00ebr t\u00eb. Ptolemeu madje krijoi nj\u00eb festival p\u00ebr nder t\u00eb saj, t\u00eb quajtur Arsinoeia.<\/p>\n<p>Pavar\u00ebsisht mbret\u00ebrimit t\u00eb saj t\u00eb shkurt\u00ebr si mbret\u00ebresh\u00eb e Egjiptit, Arsinoe la gjurm\u00eb n\u00eb vend dhe n\u00eb dinasti. Kulti i saj vazhdoi p\u00ebr shekuj dhe imazhi i saj u b\u00eb modeli i mbret\u00ebresh\u00ebs helenistike par excellence, simboli i nj\u00eb Egjipti t\u00eb begat\u00eb dhe t\u00eb fuqish\u00ebm. Pasardh\u00ebsit e saj u p\u00ebrpoq\u00ebn ta imitonin, duke porositur skulptura t\u00eb tyre n\u00eb nj\u00eb stil t\u00eb ngjash\u00ebm. Vet\u00ebm mbret\u00ebresha e fundit ptolemaike e Egjiptit, e madhja Kleopatra VII, do t\u00eb arrinte ta rivalizonte.<strong><span>\u00a0<\/span>\/National Geographic<\/strong><\/p>\n","protected":false},"excerpt":{"rendered":"<p>4 Shtator 2026 Pas vdekjes s\u00eb Aleksandrit t\u00eb Madh n\u00eb vitin 323 para Krishtit, gjeneral\u00ebt q\u00eb e kishin mb\u00ebshtetur gjat\u00eb fushatave t\u00eb tij e ndan\u00eb perandorin\u00eb e gjer\u00eb p\u00ebr t\u00eb krijuar dinasti t\u00eb reja n\u00eb Egjipt, Siri, Maqedoni dhe Traki. Por luft\u00ebrat dhe p\u00ebr\u00e7arjet u shfaq\u00ebn shpejt n\u00eb k\u00ebto mbret\u00ebri t\u00eb reja; aleancat ishin po [&hellip;]<\/p>\n","protected":false},"author":9,"featured_media":105917,"comment_status":"open","ping_status":"open","sticky":false,"template":"","format":"standard","meta":{"jetpack_post_was_ever_published":false,"_jetpack_newsletter_access":"","_jetpack_dont_email_post_to_subs":false,"_jetpack_newsletter_tier_id":0,"_jetpack_memberships_contains_paywalled_content":false,"_jetpack_memberships_contains_paid_content":false,"footnotes":"","jetpack_publicize_message":"","jetpack_publicize_feature_enabled":true,"jetpack_social_post_already_shared":true,"jetpack_social_options":{"image_generator_settings":{"template":"highway","default_image_id":0,"font":"","enabled":false},"version":2}},"categories":[27,85,10,35],"tags":[],"class_list":["post-105916","post","type-post","status-publish","format-standard","has-post-thumbnail","hentry","category-blogu-i-udhetarit","category-histori","category-kultura","category-shoqerore"],"jetpack_publicize_connections":[],"jetpack_featured_media_url":"https:\/\/i0.wp.com\/www.shqiperia.com\/blog\/wp-content\/uploads\/2026\/09\/auto_caa71d3c-a32c-463f-9f06-3ced4519b2421788426836.jpg?fit=900%2C761&ssl=1","jetpack_sharing_enabled":true,"jetpack_shortlink":"https:\/\/wp.me\/p5Z6wp-ryk","jetpack-related-posts":[{"id":103039,"url":"https:\/\/www.shqiperia.com\/blog\/a-ka-ekzistuar-vertet-homeri-misteri-qe-historianet-vazhdojne-te-debatojne\/","url_meta":{"origin":105916,"position":0},"title":"A ka ekzistuar v\u00ebrtet Homeri? Misteri q\u00eb historian\u00ebt vazhdojn\u00eb t\u00eb debatojn\u00eb","author":"Kurt Farka","date":"July 21, 2026","format":false,"excerpt":"21 Korrik 2026 N\u00ebse pyesni se kush i shkroi Iliad\u00ebn ose Odisen\u00eb, kushdo q\u00eb ka njohuri p\u00ebr let\u00ebrsin\u00eb (ose \u00ebsht\u00eb i zoti n\u00eb loj\u00ebrat me pyetje) pa dyshim do t'ju thot\u00eb se autori ishte Homeri. Madje mund t'ju tregojn\u00eb se Homeri ishte nj\u00eb poet i Greqis\u00eb s\u00eb Lasht\u00eb, ndoshta me\u2026","rel":"","context":"In &quot;Histori&quot;","block_context":{"text":"Histori","link":"https:\/\/www.shqiperia.com\/blog\/category\/histori\/"},"img":{"alt_text":"","src":"https:\/\/i0.wp.com\/www.shqiperia.com\/blog\/wp-content\/uploads\/2026\/07\/homer-author-of-the-iliad-and-the-odyssey-considered-to-be-the-first-poet-of-the-occident-woodcut-from-1880-RD6WMC.jpg?fit=1150%2C1200&ssl=1&resize=350%2C200","width":350,"height":200,"srcset":"https:\/\/i0.wp.com\/www.shqiperia.com\/blog\/wp-content\/uploads\/2026\/07\/homer-author-of-the-iliad-and-the-odyssey-considered-to-be-the-first-poet-of-the-occident-woodcut-from-1880-RD6WMC.jpg?fit=1150%2C1200&ssl=1&resize=350%2C200 1x, https:\/\/i0.wp.com\/www.shqiperia.com\/blog\/wp-content\/uploads\/2026\/07\/homer-author-of-the-iliad-and-the-odyssey-considered-to-be-the-first-poet-of-the-occident-woodcut-from-1880-RD6WMC.jpg?fit=1150%2C1200&ssl=1&resize=525%2C300 1.5x, https:\/\/i0.wp.com\/www.shqiperia.com\/blog\/wp-content\/uploads\/2026\/07\/homer-author-of-the-iliad-and-the-odyssey-considered-to-be-the-first-poet-of-the-occident-woodcut-from-1880-RD6WMC.jpg?fit=1150%2C1200&ssl=1&resize=700%2C400 2x, https:\/\/i0.wp.com\/www.shqiperia.com\/blog\/wp-content\/uploads\/2026\/07\/homer-author-of-the-iliad-and-the-odyssey-considered-to-be-the-first-poet-of-the-occident-woodcut-from-1880-RD6WMC.jpg?fit=1150%2C1200&ssl=1&resize=1050%2C600 3x"},"classes":[]},{"id":100697,"url":"https:\/\/www.shqiperia.com\/blog\/e-drejta-e-vetos-kos-asgje-nuk-eshte-vendosur-ende\/","url_meta":{"origin":105916,"position":1},"title":"E drejta e vetos, Kos: &#8211; Asgj\u00eb nuk \u00ebsht\u00eb vendosur ende.","author":"Kurt Farka","date":"May 27, 2026","format":false,"excerpt":"27 Maji 2026 Pas p\u00ebrfundimit sot t\u00eb Konferenc\u00ebs s\u00eb 8-t\u00eb Nd\u00ebrqeveritare Shqip\u00ebri-BE, kryeministri Edi Rama, z\u00ebvend\u00ebsministrja p\u00ebr \u00c7\u00ebshtjet Evropiane t\u00eb Qipros, Marilena Raouna dhe Komisionerja p\u00ebr Zgjerimin e BE-s\u00eb s\u00eb Marta Kos, zhvilluan nj\u00eb konferenc\u00eb p\u00ebr mediet. Gjat\u00eb konferenc\u00ebs, nj\u00eb nga pyetjet lidhej me mund\u00ebsin\u00eb q\u00eb vendet kandidate si Mali\u2026","rel":"","context":"In &quot;Blogu i Udh\u00ebtarit&quot;","block_context":{"text":"Blogu i Udh\u00ebtarit","link":"https:\/\/www.shqiperia.com\/blog\/category\/blogu-i-udhetarit\/"},"img":{"alt_text":"","src":"https:\/\/i0.wp.com\/www.shqiperia.com\/blog\/wp-content\/uploads\/2026\/05\/800-0-a50f39518994f97abd661f0cbaacb890.png?fit=800%2C420&ssl=1&resize=350%2C200","width":350,"height":200,"srcset":"https:\/\/i0.wp.com\/www.shqiperia.com\/blog\/wp-content\/uploads\/2026\/05\/800-0-a50f39518994f97abd661f0cbaacb890.png?fit=800%2C420&ssl=1&resize=350%2C200 1x, https:\/\/i0.wp.com\/www.shqiperia.com\/blog\/wp-content\/uploads\/2026\/05\/800-0-a50f39518994f97abd661f0cbaacb890.png?fit=800%2C420&ssl=1&resize=525%2C300 1.5x, https:\/\/i0.wp.com\/www.shqiperia.com\/blog\/wp-content\/uploads\/2026\/05\/800-0-a50f39518994f97abd661f0cbaacb890.png?fit=800%2C420&ssl=1&resize=700%2C400 2x"},"classes":[]},{"id":105528,"url":"https:\/\/www.shqiperia.com\/blog\/8-destinacionet-turistike-qe-romaket-i-kishin-ne-listen-e-tyre-te-deshirave\/","url_meta":{"origin":105916,"position":2},"title":"8 destinacionet turistike q\u00eb romak\u00ebt i kishin n\u00eb list\u00ebn e tyre t\u00eb d\u00ebshirave","author":"Kurt Farka","date":"August 30, 2026","format":false,"excerpt":"30 Gusht 2026 Udh\u00ebtimet nuk jan\u00eb aspak nj\u00eb shpikje moderne. Edhe romak\u00ebt e lasht\u00eb, sidomos ata t\u00eb pasur, udh\u00ebtonin p\u00ebr pushime, p\u00ebr t\u2019u kuruar, p\u00ebr t\u00eb m\u00ebsuar dhe p\u00ebr t\u00eb vizituar vende t\u00eb famshme. Nga piramidat e Giz\u00ebs dhe ishujt grek\u00eb, te tempujt, Loj\u00ebrat Olimpike dhe resortet luksoze, k\u00ebto ishin\u2026","rel":"","context":"In &quot;Blogu i Udh\u00ebtarit&quot;","block_context":{"text":"Blogu i Udh\u00ebtarit","link":"https:\/\/www.shqiperia.com\/blog\/category\/blogu-i-udhetarit\/"},"img":{"alt_text":"","src":"https:\/\/i0.wp.com\/www.shqiperia.com\/blog\/wp-content\/uploads\/2026\/08\/auto_images_voltaxMediaLibrary_mmsport_mentalfloss_01m0wwqyy7e0swyq95ms1787829029.webp?fit=1080%2C608&ssl=1&resize=350%2C200","width":350,"height":200,"srcset":"https:\/\/i0.wp.com\/www.shqiperia.com\/blog\/wp-content\/uploads\/2026\/08\/auto_images_voltaxMediaLibrary_mmsport_mentalfloss_01m0wwqyy7e0swyq95ms1787829029.webp?fit=1080%2C608&ssl=1&resize=350%2C200 1x, https:\/\/i0.wp.com\/www.shqiperia.com\/blog\/wp-content\/uploads\/2026\/08\/auto_images_voltaxMediaLibrary_mmsport_mentalfloss_01m0wwqyy7e0swyq95ms1787829029.webp?fit=1080%2C608&ssl=1&resize=525%2C300 1.5x, https:\/\/i0.wp.com\/www.shqiperia.com\/blog\/wp-content\/uploads\/2026\/08\/auto_images_voltaxMediaLibrary_mmsport_mentalfloss_01m0wwqyy7e0swyq95ms1787829029.webp?fit=1080%2C608&ssl=1&resize=700%2C400 2x, https:\/\/i0.wp.com\/www.shqiperia.com\/blog\/wp-content\/uploads\/2026\/08\/auto_images_voltaxMediaLibrary_mmsport_mentalfloss_01m0wwqyy7e0swyq95ms1787829029.webp?fit=1080%2C608&ssl=1&resize=1050%2C600 3x"},"classes":[]},{"id":105523,"url":"https:\/\/www.shqiperia.com\/blog\/trajneri-maran-nuk-kam-frike-nga-veshtiresite-shqiperia-i-ka-te-gjitha-letrat-nuk-flet-per-lojtaret\/","url_meta":{"origin":105916,"position":3},"title":"Trajneri Maran: &#8211; Nuk kam frik\u00eb nga v\u00ebshtir\u00ebsit\u00eb, Shqip\u00ebria i ka t\u00eb gjitha letrat, Nuk flet per lojtaret","author":"Kurt Farka","date":"August 30, 2026","format":false,"excerpt":"30 Gusht 2026 Trajneri i Komb\u00ebtares shqiptare, Rolando Maran, flet ekskluzivisht p\u00ebr Top Channel n\u00eb nj\u00eb intervist\u00eb me gazetarin Endi Tufa, ku prek t\u00eb gjitha temat e aktualitetit t\u00eb kuqezinjve n\u00eb prag t\u00eb nisjes s\u00eb ndeshjeve zyrtare. Maran flet p\u00ebr periudh\u00ebn e gjat\u00eb t\u00eb p\u00ebrgatitjeve, ndryshimet e shumta n\u00eb skuadrat\u2026","rel":"","context":"In &quot;Njoftime Shtypi&quot;","block_context":{"text":"Njoftime Shtypi","link":"https:\/\/www.shqiperia.com\/blog\/category\/njoftime-shtypi\/"},"img":{"alt_text":"","src":"https:\/\/i0.wp.com\/www.shqiperia.com\/blog\/wp-content\/uploads\/2026\/08\/Rolando-Maran.webp?fit=800%2C450&ssl=1&resize=350%2C200","width":350,"height":200,"srcset":"https:\/\/i0.wp.com\/www.shqiperia.com\/blog\/wp-content\/uploads\/2026\/08\/Rolando-Maran.webp?fit=800%2C450&ssl=1&resize=350%2C200 1x, https:\/\/i0.wp.com\/www.shqiperia.com\/blog\/wp-content\/uploads\/2026\/08\/Rolando-Maran.webp?fit=800%2C450&ssl=1&resize=525%2C300 1.5x, https:\/\/i0.wp.com\/www.shqiperia.com\/blog\/wp-content\/uploads\/2026\/08\/Rolando-Maran.webp?fit=800%2C450&ssl=1&resize=700%2C400 2x"},"classes":[]},{"id":100123,"url":"https:\/\/www.shqiperia.com\/blog\/fundi-i-nje-perandorie-roma-nuk-u-shkaterrua-nga-barbaret-thone-te-dhenat-nga-antropologjia-molekulare\/","url_meta":{"origin":105916,"position":4},"title":"Fundi i nj\u00eb Perandorie &#8211; Roma nuk u shkat\u00ebrrua nga barbar\u00ebt, thon\u00eb t\u00eb dh\u00ebnat nga antropologjia molekulare","author":"Kurt Farka","date":"May 11, 2026","format":false,"excerpt":"11 Maji 2026 Fundi i Perandoris\u00eb Romake t\u00eb Per\u00ebndimit u verifikua n\u00eb vitin 476 dhe gjithnj\u00eb \u00ebsht\u00eb lidhur me migrimet n\u00eb mas\u00eb t\u00eb popullsive t\u00eb evrop\u00ebs veriore. Pushtimet barbare dhe momenti i mb\u00ebrritjes s\u00eb klaneve sh\u00ebnoi fundin e dominimit romak duke ndryshuar asetet shoq\u00ebrore dhe demografike t\u00eb gjith\u00eb konintentit. Por\u2026","rel":"","context":"In &quot;Blogu i Udh\u00ebtarit&quot;","block_context":{"text":"Blogu i Udh\u00ebtarit","link":"https:\/\/www.shqiperia.com\/blog\/category\/blogu-i-udhetarit\/"},"img":{"alt_text":"","src":"https:\/\/i0.wp.com\/www.shqiperia.com\/blog\/wp-content\/uploads\/2026\/05\/perandoria-romake.jpg?fit=1024%2C684&ssl=1&resize=350%2C200","width":350,"height":200,"srcset":"https:\/\/i0.wp.com\/www.shqiperia.com\/blog\/wp-content\/uploads\/2026\/05\/perandoria-romake.jpg?fit=1024%2C684&ssl=1&resize=350%2C200 1x, https:\/\/i0.wp.com\/www.shqiperia.com\/blog\/wp-content\/uploads\/2026\/05\/perandoria-romake.jpg?fit=1024%2C684&ssl=1&resize=525%2C300 1.5x, https:\/\/i0.wp.com\/www.shqiperia.com\/blog\/wp-content\/uploads\/2026\/05\/perandoria-romake.jpg?fit=1024%2C684&ssl=1&resize=700%2C400 2x"},"classes":[]},{"id":100588,"url":"https:\/\/www.shqiperia.com\/blog\/jonathan-pano-shpopullimi-nuk-eshte-rastesi-por-nje-axhende-e-qeverise\/","url_meta":{"origin":105916,"position":5},"title":"Jonathan Pano: &#8211; Shpopullimi nuk \u00ebsht\u00eb rast\u00ebsi, por nj\u00eb axhend\u00eb e qeveris\u00eb","author":"Kurt Farka","date":"May 22, 2026","format":false,"excerpt":"22 Maji 2026 I ftuar n\u00eb nj\u00eb studio televizive Jonathan Pano, an\u00ebtar i K\u00ebshillit Bashkiak t\u00eb Tiran\u00ebs nga radh\u00ebt e opozit\u00ebs, ngriti alarmin p\u00ebr ritmet e shpopullimit n\u00eb Shqip\u00ebri, duke iu referuar t\u00eb dh\u00ebnave t\u00eb Eurostat dhe analizave t\u00eb ekspert\u00ebve t\u00eb demografis\u00eb. Sipas Panos, raportimet p\u00ebr rreth 29 mij\u00eb persona\u2026","rel":"","context":"In &quot;Blogu i Udh\u00ebtarit&quot;","block_context":{"text":"Blogu i Udh\u00ebtarit","link":"https:\/\/www.shqiperia.com\/blog\/category\/blogu-i-udhetarit\/"},"img":{"alt_text":"","src":"https:\/\/i0.wp.com\/www.shqiperia.com\/blog\/wp-content\/uploads\/2026\/05\/nfk.jpg?fit=773%2C528&ssl=1&resize=350%2C200","width":350,"height":200,"srcset":"https:\/\/i0.wp.com\/www.shqiperia.com\/blog\/wp-content\/uploads\/2026\/05\/nfk.jpg?fit=773%2C528&ssl=1&resize=350%2C200 1x, https:\/\/i0.wp.com\/www.shqiperia.com\/blog\/wp-content\/uploads\/2026\/05\/nfk.jpg?fit=773%2C528&ssl=1&resize=525%2C300 1.5x, https:\/\/i0.wp.com\/www.shqiperia.com\/blog\/wp-content\/uploads\/2026\/05\/nfk.jpg?fit=773%2C528&ssl=1&resize=700%2C400 2x"},"classes":[]}],"_links":{"self":[{"href":"https:\/\/www.shqiperia.com\/blog\/wp-json\/wp\/v2\/posts\/105916","targetHints":{"allow":["GET"]}}],"collection":[{"href":"https:\/\/www.shqiperia.com\/blog\/wp-json\/wp\/v2\/posts"}],"about":[{"href":"https:\/\/www.shqiperia.com\/blog\/wp-json\/wp\/v2\/types\/post"}],"author":[{"embeddable":true,"href":"https:\/\/www.shqiperia.com\/blog\/wp-json\/wp\/v2\/users\/9"}],"replies":[{"embeddable":true,"href":"https:\/\/www.shqiperia.com\/blog\/wp-json\/wp\/v2\/comments?post=105916"}],"version-history":[{"count":1,"href":"https:\/\/www.shqiperia.com\/blog\/wp-json\/wp\/v2\/posts\/105916\/revisions"}],"predecessor-version":[{"id":105918,"href":"https:\/\/www.shqiperia.com\/blog\/wp-json\/wp\/v2\/posts\/105916\/revisions\/105918"}],"wp:featuredmedia":[{"embeddable":true,"href":"https:\/\/www.shqiperia.com\/blog\/wp-json\/wp\/v2\/media\/105917"}],"wp:attachment":[{"href":"https:\/\/www.shqiperia.com\/blog\/wp-json\/wp\/v2\/media?parent=105916"}],"wp:term":[{"taxonomy":"category","embeddable":true,"href":"https:\/\/www.shqiperia.com\/blog\/wp-json\/wp\/v2\/categories?post=105916"},{"taxonomy":"post_tag","embeddable":true,"href":"https:\/\/www.shqiperia.com\/blog\/wp-json\/wp\/v2\/tags?post=105916"}],"curies":[{"name":"wp","href":"https:\/\/api.w.org\/{rel}","templated":true}]}}