{"id":105912,"date":"2026-09-04T00:18:02","date_gmt":"2026-09-04T00:18:02","guid":{"rendered":"https:\/\/www.shqiperia.com\/blog\/?p=105912"},"modified":"2026-09-04T00:18:02","modified_gmt":"2026-09-04T00:18:02","slug":"fabula-e-re-e-edi-rames-shqiptareve-pasqyren-per-vete-milionat","status":"publish","type":"post","link":"https:\/\/www.shqiperia.com\/blog\/fabula-e-re-e-edi-rames-shqiptareve-pasqyren-per-vete-milionat\/","title":{"rendered":"Fabula e re e Edi Ram\u00ebs: &#8211; Shqiptar\u00ebve pasqyr\u00ebn, p\u00ebr vete milionat"},"content":{"rendered":"<div id=\"attachment_105914\" style=\"width: 610px\" class=\"wp-caption alignnone\"><img data-recalc-dims=\"1\" loading=\"lazy\" decoding=\"async\" aria-describedby=\"caption-attachment-105914\" data-attachment-id=\"105914\" data-permalink=\"https:\/\/www.shqiperia.com\/blog\/fabula-e-re-e-edi-rames-shqiptareve-pasqyren-per-vete-milionat\/edi-rama-2-40\/\" data-orig-file=\"https:\/\/i0.wp.com\/www.shqiperia.com\/blog\/wp-content\/uploads\/2026\/09\/Edi-Rama-2.jpg?fit=900%2C633&amp;ssl=1\" data-orig-size=\"900,633\" data-comments-opened=\"1\" data-image-meta=\"{&quot;aperture&quot;:&quot;0&quot;,&quot;credit&quot;:&quot;&quot;,&quot;camera&quot;:&quot;&quot;,&quot;caption&quot;:&quot;&quot;,&quot;created_timestamp&quot;:&quot;0&quot;,&quot;copyright&quot;:&quot;&quot;,&quot;focal_length&quot;:&quot;0&quot;,&quot;iso&quot;:&quot;0&quot;,&quot;shutter_speed&quot;:&quot;0&quot;,&quot;title&quot;:&quot;&quot;,&quot;orientation&quot;:&quot;0&quot;}\" data-image-title=\"Edi Rama\" data-image-description=\"\" data-image-caption=\"&lt;p&gt;Edi Rama&lt;\/p&gt;\n\" data-medium-file=\"https:\/\/i0.wp.com\/www.shqiperia.com\/blog\/wp-content\/uploads\/2026\/09\/Edi-Rama-2.jpg?fit=300%2C211&amp;ssl=1\" data-large-file=\"https:\/\/i0.wp.com\/www.shqiperia.com\/blog\/wp-content\/uploads\/2026\/09\/Edi-Rama-2.jpg?fit=900%2C633&amp;ssl=1\" class=\" wp-image-105914\" alt=\"\" src=\"https:\/\/i0.wp.com\/www.shqiperia.com\/blog\/wp-content\/uploads\/2026\/09\/Edi-Rama-2.jpg?resize=600%2C422&#038;ssl=1\" width=\"600\" height=\"422\" srcset=\"https:\/\/i0.wp.com\/www.shqiperia.com\/blog\/wp-content\/uploads\/2026\/09\/Edi-Rama-2.jpg?resize=300%2C211&amp;ssl=1 300w, https:\/\/i0.wp.com\/www.shqiperia.com\/blog\/wp-content\/uploads\/2026\/09\/Edi-Rama-2.jpg?resize=768%2C540&amp;ssl=1 768w, https:\/\/i0.wp.com\/www.shqiperia.com\/blog\/wp-content\/uploads\/2026\/09\/Edi-Rama-2.jpg?resize=450%2C317&amp;ssl=1 450w, https:\/\/i0.wp.com\/www.shqiperia.com\/blog\/wp-content\/uploads\/2026\/09\/Edi-Rama-2.jpg?resize=600%2C422&amp;ssl=1 600w, https:\/\/i0.wp.com\/www.shqiperia.com\/blog\/wp-content\/uploads\/2026\/09\/Edi-Rama-2.jpg?resize=400%2C281&amp;ssl=1 400w, https:\/\/i0.wp.com\/www.shqiperia.com\/blog\/wp-content\/uploads\/2026\/09\/Edi-Rama-2.jpg?w=900&amp;ssl=1 900w\" sizes=\"auto, (max-width: 600px) 100vw, 600px\" \/><p id=\"caption-attachment-105914\" class=\"wp-caption-text\">Edi Rama<\/p><\/div>\n<p><span>4 Shtator 2026<\/span><\/p>\n<p><span>Nga\u00a0<\/span><strong>Armand Shkullaku<\/strong><span>\u00a0<\/span><\/p>\n<p>Qeverisja e vendit ka hyr\u00eb n\u00eb nj\u00eb faz\u00eb terminale, ku kryeministri b\u00ebn sikur drejton dhe ata q\u00eb ka posht\u00eb b\u00ebjn\u00eb sikur e d\u00ebgjojn\u00eb. I shteruar nga idet\u00eb dhe i konsumuar nga skandalet kriminale, Edi Rama po p\u00ebrpiqet t\u00eb thurr\u00eb nj\u00eb rr\u00ebfim t\u00eb ri p\u00ebr t\u00eb shtyr\u00eb fundin e tij t\u00eb af\u00ebrt. Por as p\u00ebr k\u00ebt\u00eb, nj\u00eb talent i dikursh\u00ebm i tij, nuk \u00ebsht\u00eb m\u00eb n\u00eb gjendje.<\/p>\n<p>Sallat ku ai flet u ngjajn\u00eb sht\u00ebpive funerale, ku t\u00eb pranishmit mbajn\u00eb kokat ulur nga sikleti nd\u00ebrsa i zoti sht\u00ebpis\u00eb nuk e kupton se kur duhet t\u00eb hesht\u00eb. T\u00eb gjith\u00eb jan\u00eb t\u00eb nd\u00ebrgjegjsh\u00ebm se realiteti jasht\u00eb atyre sallave \u00ebsht\u00eb krejt ndryshe nga pallavrat e liderit p\u00ebr rritjen e pritsh\u00ebmrive t\u00eb qytetar\u00ebve, munges\u00ebn e empatis\u00eb s\u00eb administrat\u00ebs e dokrra t\u00eb tjera skizofrenike t\u00eb nj\u00eb njeriu, t\u00eb cilit, frika nga e nes\u00ebrmja pa pushtet, po ia rr\u00ebnon edhe dinjitetin.<\/p>\n<p>Edi Rama po flet k\u00ebto dit\u00eb p\u00ebr nj\u00eb qeverisje q\u00eb duhet t\u00eb jet\u00eb pran\u00eb halleve t\u00eb qytetar\u00ebve, p\u00ebr pun\u00ebsime me merit\u00eb dhe jo me sekser\u00eb partie, p\u00ebr administrat\u00eb q\u00eb mbaron pun\u00eb sipas ligjit dhe jo sipas xhepit. Po prezanton teza e platforma, radar\u00eb e pasqyra sikur ka zbuluar m\u00eb n\u00eb fund, pas 15 vjet\u00ebsh, se si mund ta shp\u00ebtoj\u00eb Shqip\u00ebrin\u00eb. Kur d\u00ebgjon argumentimin e mjer\u00eb t\u00eb kryeministrit, se si me bes\u00eb e me empati do zgjidh\u00eb kriz\u00ebn ku e ka futur vendin, pyetja e par\u00eb q\u00eb t\u00eb vjen nd\u00ebrmend \u00ebsht\u00eb: a i beson edhe ai vet\u00eb k\u00ebto sajesa banale?<\/p>\n<p>Sado t\u00eb ket\u00eb p\u00ebsuar transformime nga dhjamosja dhe paranoja e pushtetit, truri i Edi Ram\u00ebs e proceson faktin se pasqyra nuk mund ta ndryshoj\u00eb fatin e qeveris\u00eb s\u00eb tij. P\u00ebrkundrazi, sa her\u00eb t\u00eb hedh\u00ebsh syt\u00eb do t\u00eb t\u00eb tregoj\u00eb njollat e kalb\u00ebsis\u00eb s\u00eb nj\u00eb sistemi q\u00eb u ngrit mbi vjedhjen dhe krimin. Kryeministri e di k\u00ebt\u00eb, ashtu si\u00e7 e di se \u00ebsht\u00eb i pafuqish\u00ebm t\u00eb drejtoj\u00eb vendin me pun\u00eb dhe jo me fjal\u00eb. Ai nuk ka as aft\u00ebsi e as energji t\u00eb realizoj\u00eb ndonj\u00eb grimc\u00eb t\u00eb atyre q\u00eb premton apo ka premtuar. Ndaj ai vet\u00ebm flet dhe ata q\u00eb ka posht\u00eb b\u00ebjn\u00eb sikur e d\u00ebgjojn\u00eb. E nd\u00ebrkoh\u00eb askush nuk punon. Qeveria, bashkit\u00eb, administrata&#8230; prej koh\u00ebsh nuk funksionojn\u00eb, p\u00ebrve\u00e7se kur b\u00ebjn\u00eb parat\u00eb e tyre. Rama gjendet p\u00ebrball\u00eb monstr\u00ebs q\u00eb ka krijuar vet\u00eb, duke tentuar ta ysht\u00eb me fjal\u00eb, me shpres\u00eb se do ta zgjas\u00eb fundin.<\/p>\n<p>E gjith\u00eb armata rilindase, q\u00eb p\u00ebr momentin mban kok\u00ebn ulur dhe b\u00ebn sikur mban sh\u00ebnim direktivat e liderit, e lexon boshll\u00ebkun dhe degradimin e tij. Ai u k\u00ebrkon atyre t\u00eb sillen si konkuistador\u00ebt spanjoll\u00eb me indian\u00ebt e Amerik\u00ebs, shqiptar\u00ebve t\u2019u japin pasqyra nd\u00ebrsa vet\u00eb iu rr\u00ebmbejn\u00eb milionat. T\u00eb tregojn\u00eb empati nd\u00ebrsa i rrjepin p\u00ebrdit\u00eb me tarifat e incenerator\u00ebve, tecet lundruese, kostot e sterilizimit, taksat e rrug\u00ebve e gjobat skandaloze. T\u00eb mbajn\u00eb sh\u00ebnim hallet e qytetar\u00ebve, nd\u00ebrsa num\u00ebrojn\u00eb apartamentet, vilat, hotelet madje edhe avion\u00ebt privat\u00eb q\u00eb me shum\u00eb empati i ndajn\u00eb me biznesmen\u00ebt e tenderave e kon\u00e7ensioneve.<\/p>\n<p>M\u00ebnyra si ka qeverisur Edi Rama dhe p\u00ebrpjekja idiote p\u00ebr ta shitur at\u00eb si di\u00e7ka me vler\u00eb por q\u00eb nuk \u00ebsht\u00eb kuptuar si e till\u00eb p\u00ebr shkak t\u00eb munges\u00ebs s\u00eb aft\u00ebsive komunikuese e emocionale t\u00eb administrat\u00ebs, \u00ebsht\u00eb gjurma m\u00eb e qart\u00eb e skizofrenis\u00eb s\u00eb fundpushtetit. Mjafton nj\u00eb njeri i vet\u00ebm, nga ata q\u00eb b\u00ebjn\u00eb sikur e d\u00ebgjojn\u00eb me kok\u00ebn ulur, t\u00eb ngrihet dhe t\u2019i b\u00ebj\u00eb disa pyetje liderit q\u00eb grin sallat\u00eb i bindur se s\u2019do guxoj\u00eb askush ta kund\u00ebrshtoj\u00eb.<\/p>\n<p>N\u00eb k\u00ebto 15 vjet, kush i ka p\u00ebrzgjedhur ministrat, deputet\u00ebt, drejtor\u00ebt e lart\u00eb apo kryetar\u00ebt e bashkive q\u00eb p\u00ebrfunduan burgjeve si hajdut\u00eb e kriminel\u00eb ordiner\u00eb? Po ergys\u00ebt q\u00eb kontrollonin nga sh\u00ebrbimi sekret e deri te drejtuesit kryesor\u00eb t\u00eb policis\u00eb, mungesa e empatis\u00eb i prodhoi? Po trafikant\u00ebt e drog\u00ebs q\u00eb u b\u00ebn\u00eb investitor\u00eb strategjik\u00eb dhe mbuluan Shqip\u00ebrin\u00eb me beton, pasoj\u00eb e mosmbajtjes sh\u00ebnim t\u00eb halleve t\u00eb qytetar\u00ebve jan\u00eb?<\/p>\n<p>N\u00eb sallat mortore t\u00eb rilindjes, t\u00eb gjith\u00eb e din\u00eb se pallavrat e kryeministrit nuk mund ta ndryshojn\u00eb realitetin ku ata e kan\u00eb sjell\u00eb vendin. Asnj\u00eb pasqyr\u00eb nuk reflekton dot nj\u00eb Shqip\u00ebri tjet\u00ebr nga ajo q\u00eb ekziston n\u00eb t\u00eb vertet\u00eb. Ata q\u00eb jan\u00eb prej tre muajsh n\u00eb bulevard kan\u00eb par\u00eb aq shum\u00eb n\u00eb k\u00ebto 15 vite sa asnj\u00eb cop\u00eb xhami nuk ua merr syt\u00eb. P\u00ebrpjekjet e Ram\u00ebs, p\u00ebr t\u00eb prodhuar n\u00eb sall\u00eb e n\u00eb let\u00ebr nj\u00eb narrativ\u00eb q\u00eb mund ta mbaj\u00eb ende n\u00eb pushtet, vet\u00ebm sa e shtojn\u00eb p\u00ebrplasjen me ata q\u00eb e jetojn\u00eb p\u00ebrditshm\u00ebrin\u00eb e qeverisjes s\u00eb tij.<\/p>\n<p>Shenja m\u00eb e qart\u00eb kur nj\u00eb regjimi i vjen fundi, \u00ebsht\u00eb pik\u00ebrisht kur lideri flet p\u00ebr nj\u00eb realitet virtual, t\u00eb tij\u00ebt b\u00ebjn\u00eb sikur i japin t\u00eb drejt\u00eb, nd\u00ebrsa qytetar\u00ebt jan\u00eb n\u00eb rrug\u00eb. Shqip\u00ebria jasht\u00eb sallave t\u00eb rilindjes, \u00ebsht\u00eb pasqyra ku Edi Rama tmerrohet t\u00eb shoh\u00eb veten. \/Lapsi.al<\/p>\n","protected":false},"excerpt":{"rendered":"<p>4 Shtator 2026 Nga\u00a0Armand Shkullaku\u00a0 Qeverisja e vendit ka hyr\u00eb n\u00eb nj\u00eb faz\u00eb terminale, ku kryeministri b\u00ebn sikur drejton dhe ata q\u00eb ka posht\u00eb b\u00ebjn\u00eb sikur e d\u00ebgjojn\u00eb. I shteruar nga idet\u00eb dhe i konsumuar nga skandalet kriminale, Edi Rama po p\u00ebrpiqet t\u00eb thurr\u00eb nj\u00eb rr\u00ebfim t\u00eb ri p\u00ebr t\u00eb shtyr\u00eb fundin e tij t\u00eb [&hellip;]<\/p>\n","protected":false},"author":9,"featured_media":105913,"comment_status":"open","ping_status":"open","sticky":false,"template":"","format":"standard","meta":{"jetpack_post_was_ever_published":false,"_jetpack_newsletter_access":"","_jetpack_dont_email_post_to_subs":false,"_jetpack_newsletter_tier_id":0,"_jetpack_memberships_contains_paywalled_content":false,"_jetpack_memberships_contains_paid_content":false,"footnotes":"","jetpack_publicize_message":"","jetpack_publicize_feature_enabled":true,"jetpack_social_post_already_shared":true,"jetpack_social_options":{"image_generator_settings":{"template":"highway","default_image_id":0,"font":"","enabled":false},"version":2}},"categories":[27,1,2,35],"tags":[],"class_list":["post-105912","post","type-post","status-publish","format-standard","has-post-thumbnail","hentry","category-blogu-i-udhetarit","category-njoftime-shtypi","category-politika","category-shoqerore"],"jetpack_publicize_connections":[],"jetpack_featured_media_url":"https:\/\/i0.wp.com\/www.shqiperia.com\/blog\/wp-content\/uploads\/2026\/09\/600-388-afjpg-1788456292.jpg?fit=600%2C388&ssl=1","jetpack_sharing_enabled":true,"jetpack_shortlink":"https:\/\/wp.me\/p5Z6wp-ryg","jetpack-related-posts":[{"id":101752,"url":"https:\/\/www.shqiperia.com\/blog\/kerkohet-doreheqja-e-kryeministrit-hajdut-jo-e-donald-trumpit\/","url_meta":{"origin":105912,"position":0},"title":"K\u00ebrkohet dor\u00ebheqja e kryeministrit hajdut, jo e Donald Trumpit","author":"Kurt Farka","date":"June 24, 2026","format":false,"excerpt":"24 Qershor 2024 Nga: lir Dako Fjalimi i i Ram\u00ebs nuk ishte nj\u00eb akt komunikimi politik, por nj\u00eb seanc\u00eb vet\u00ebmbrojtjeje. Ai nuk foli p\u00ebr vendin, por p\u00ebr veten Dit\u00ebn e djeshme kryeministri shqiptar n\u00eb nj\u00eb or\u00eb e ca fjalim p\u00ebrball\u00eb deputet\u00ebve socialist\u00eb, por dhe publikut shqiptar rr\u00ebfeu panikun dhe frik\u00ebn\u2026","rel":"","context":"In &quot;Blogu i Udh\u00ebtarit&quot;","block_context":{"text":"Blogu i Udh\u00ebtarit","link":"https:\/\/www.shqiperia.com\/blog\/category\/blogu-i-udhetarit\/"},"img":{"alt_text":"","src":"https:\/\/i0.wp.com\/www.shqiperia.com\/blog\/wp-content\/uploads\/2026\/06\/BCO.e9f82224-1f6e-45fd-a51f-c26e5eed10f6-1024x570-1.png?fit=1024%2C570&ssl=1&resize=350%2C200","width":350,"height":200,"srcset":"https:\/\/i0.wp.com\/www.shqiperia.com\/blog\/wp-content\/uploads\/2026\/06\/BCO.e9f82224-1f6e-45fd-a51f-c26e5eed10f6-1024x570-1.png?fit=1024%2C570&ssl=1&resize=350%2C200 1x, https:\/\/i0.wp.com\/www.shqiperia.com\/blog\/wp-content\/uploads\/2026\/06\/BCO.e9f82224-1f6e-45fd-a51f-c26e5eed10f6-1024x570-1.png?fit=1024%2C570&ssl=1&resize=525%2C300 1.5x, https:\/\/i0.wp.com\/www.shqiperia.com\/blog\/wp-content\/uploads\/2026\/06\/BCO.e9f82224-1f6e-45fd-a51f-c26e5eed10f6-1024x570-1.png?fit=1024%2C570&ssl=1&resize=700%2C400 2x"},"classes":[]},{"id":101258,"url":"https:\/\/www.shqiperia.com\/blog\/edi-rama-i-rri-qeverise-si-zhele-e-zgjyrosur-gabi-pas-13-vitesh-pushtet-te-degraduar\/","url_meta":{"origin":105912,"position":1},"title":"Edi Rama i rri qeveris\u00eb si zhele e zgjyrosur gabi pas 13 vitesh pushtet t\u00eb degraduar","author":"Kurt Farka","date":"June 8, 2026","format":false,"excerpt":"8 Qershor 2026 Nga: Ilir Dako Pas 13 vitesh pushtet ka filluar t\u00eb ndihet degradimi i Edi Ram\u00ebs n\u00eb raport me qeverisjen dhe realitetin. K\u00ebto dit\u00eb protestash, kryeministri shqiptar ka filluar t\u00eb flas\u00eb me engj\u00ebjt dhe po manifeston qartazi degradimin e tij mental si nj\u00eb personazh q\u00eb jeton n\u00eb nj\u00eb\u2026","rel":"","context":"In &quot;Njoftime Shtypi&quot;","block_context":{"text":"Njoftime Shtypi","link":"https:\/\/www.shqiperia.com\/blog\/category\/njoftime-shtypi\/"},"img":{"alt_text":"","src":"https:\/\/i0.wp.com\/www.shqiperia.com\/blog\/wp-content\/uploads\/2026\/06\/edi-rama.jpg?fit=1200%2C785&ssl=1&resize=350%2C200","width":350,"height":200,"srcset":"https:\/\/i0.wp.com\/www.shqiperia.com\/blog\/wp-content\/uploads\/2026\/06\/edi-rama.jpg?fit=1200%2C785&ssl=1&resize=350%2C200 1x, https:\/\/i0.wp.com\/www.shqiperia.com\/blog\/wp-content\/uploads\/2026\/06\/edi-rama.jpg?fit=1200%2C785&ssl=1&resize=525%2C300 1.5x, https:\/\/i0.wp.com\/www.shqiperia.com\/blog\/wp-content\/uploads\/2026\/06\/edi-rama.jpg?fit=1200%2C785&ssl=1&resize=700%2C400 2x, https:\/\/i0.wp.com\/www.shqiperia.com\/blog\/wp-content\/uploads\/2026\/06\/edi-rama.jpg?fit=1200%2C785&ssl=1&resize=1050%2C600 3x"},"classes":[]},{"id":105592,"url":"https:\/\/www.shqiperia.com\/blog\/edi-rama-ligjeron-cifutizimin-e-vlores\/","url_meta":{"origin":105912,"position":2},"title":"Edi Rama ligj\u00ebron \u00e7ifutizimin e Vlor\u00ebs","author":"Kurt Farka","date":"August 31, 2026","format":false,"excerpt":"31 Gusht 2026 Nga: G\u00ebzim Zilja Muzeu Ebriak do t\u00eb pasqyroj\u00eb historin\u00eb e \u00e7ifut\u00ebve n\u00eb Shqip\u00ebri q\u00eb nga koha romake. Tradh\u00ebtari dhe varmih\u00ebsi i historis\u00eb dhe tradit\u00ebs shqiptare Edi Rama deklaroi m\u00eb 10.09.2025 n\u00eb Vlor\u00eb: \u201cKa nisur puna p\u00ebr nd\u00ebrtimin (shiko foton) e Muzeut ebraik\u2026. Godina do t\u00eb ngrihet n\u00eb\u2026","rel":"","context":"In &quot;Blogu i Udh\u00ebtarit&quot;","block_context":{"text":"Blogu i Udh\u00ebtarit","link":"https:\/\/www.shqiperia.com\/blog\/category\/blogu-i-udhetarit\/"},"img":{"alt_text":"","src":"https:\/\/i0.wp.com\/www.shqiperia.com\/blog\/wp-content\/uploads\/2026\/08\/790226070_1119745073729709_304740451447980800_n-1.jpg?fit=1200%2C689&ssl=1&resize=350%2C200","width":350,"height":200,"srcset":"https:\/\/i0.wp.com\/www.shqiperia.com\/blog\/wp-content\/uploads\/2026\/08\/790226070_1119745073729709_304740451447980800_n-1.jpg?fit=1200%2C689&ssl=1&resize=350%2C200 1x, https:\/\/i0.wp.com\/www.shqiperia.com\/blog\/wp-content\/uploads\/2026\/08\/790226070_1119745073729709_304740451447980800_n-1.jpg?fit=1200%2C689&ssl=1&resize=525%2C300 1.5x, https:\/\/i0.wp.com\/www.shqiperia.com\/blog\/wp-content\/uploads\/2026\/08\/790226070_1119745073729709_304740451447980800_n-1.jpg?fit=1200%2C689&ssl=1&resize=700%2C400 2x, https:\/\/i0.wp.com\/www.shqiperia.com\/blog\/wp-content\/uploads\/2026\/08\/790226070_1119745073729709_304740451447980800_n-1.jpg?fit=1200%2C689&ssl=1&resize=1050%2C600 3x"},"classes":[]},{"id":104193,"url":"https:\/\/www.shqiperia.com\/blog\/robert-papa-plas-bomben-alex-soros-mban-peng-edi-ramen-me-materiale-shantazhimi-hetimet-e-cia-dhe-fbi-po-e-cojne\/","url_meta":{"origin":105912,"position":3},"title":"Robert Papa plas \u201cbomb\u00ebn\u201d: &#8211; Alex Soros mban peng Edi Ram\u00ebn me materiale shantazhimi, hetimet e CIA dhe FBI po e \u00e7ojn\u00eb\u2026","author":"Kurt Farka","date":"August 11, 2026","format":false,"excerpt":"11 Gusht 2026 Gazetari i njohur shqiptaro-amerikan, Robert Papa ka deklaruar se Senati Amerikan ka miratuar em\u00ebrimin e nj\u00eb ish-gjenerali si ambasador n\u00eb Tiran\u00eb, duke e ngritur zyrtarisht nivelin e ambasad\u00ebs pasi Amerika e konsideron Tiran\u00ebn si nj\u00eb vend, ku rrezikohet siguria komb\u00ebtare e amerikan\u00ebve. Sipas tij, misioni i ri\u2026","rel":"","context":"In &quot;Blogu i Udh\u00ebtarit&quot;","block_context":{"text":"Blogu i Udh\u00ebtarit","link":"https:\/\/www.shqiperia.com\/blog\/category\/blogu-i-udhetarit\/"},"img":{"alt_text":"","src":"https:\/\/i0.wp.com\/www.shqiperia.com\/blog\/wp-content\/uploads\/2026\/08\/Edi-Rama.jpg?fit=736%2C476&ssl=1&resize=350%2C200","width":350,"height":200,"srcset":"https:\/\/i0.wp.com\/www.shqiperia.com\/blog\/wp-content\/uploads\/2026\/08\/Edi-Rama.jpg?fit=736%2C476&ssl=1&resize=350%2C200 1x, https:\/\/i0.wp.com\/www.shqiperia.com\/blog\/wp-content\/uploads\/2026\/08\/Edi-Rama.jpg?fit=736%2C476&ssl=1&resize=525%2C300 1.5x, https:\/\/i0.wp.com\/www.shqiperia.com\/blog\/wp-content\/uploads\/2026\/08\/Edi-Rama.jpg?fit=736%2C476&ssl=1&resize=700%2C400 2x"},"classes":[]},{"id":102322,"url":"https:\/\/www.shqiperia.com\/blog\/alimehmeti-rama-eshte-ne-momentin-e-tij-me-te-keq-qeveria-teknike-zgjidhja-e-vetme-per-krizen\/","url_meta":{"origin":105912,"position":4},"title":"Alimehmeti: &#8211; Rama \u00ebsht\u00eb n\u00eb momentin e tij m\u00eb t\u00eb keq, qeveria teknike zgjidhja e vetme p\u00ebr kriz\u00ebn","author":"Kurt Farka","date":"July 6, 2026","format":false,"excerpt":"6 Korrik 2026 Alimehmeti thot\u00eb se kryeministri po p\u00ebrpiqet t\u00eb largoj\u00eb v\u00ebmendjen nga akuzat ndaj tij, nd\u00ebrsa zgjidhja, mbetet largimi i Ram\u00ebs dhe krijimi i nj\u00eb qeverie teknike \u201cRama \u00ebsht\u00eb n\u00eb momentin e tij m\u00eb t\u00eb keq dhe, si \u00e7do bish\u00eb e plagosur, tenton t\u00eb b\u00ebj\u00eb sa m\u00eb shum\u00eb d\u00ebme\u201d,\u00a0u\u2026","rel":"","context":"In &quot;Blogu i Udh\u00ebtarit&quot;","block_context":{"text":"Blogu i Udh\u00ebtarit","link":"https:\/\/www.shqiperia.com\/blog\/category\/blogu-i-udhetarit\/"},"img":{"alt_text":"","src":"https:\/\/i0.wp.com\/www.shqiperia.com\/blog\/wp-content\/uploads\/2026\/07\/Ilir-Alimehmeti.webp?fit=660%2C330&ssl=1&resize=350%2C200","width":350,"height":200,"srcset":"https:\/\/i0.wp.com\/www.shqiperia.com\/blog\/wp-content\/uploads\/2026\/07\/Ilir-Alimehmeti.webp?fit=660%2C330&ssl=1&resize=350%2C200 1x, https:\/\/i0.wp.com\/www.shqiperia.com\/blog\/wp-content\/uploads\/2026\/07\/Ilir-Alimehmeti.webp?fit=660%2C330&ssl=1&resize=525%2C300 1.5x"},"classes":[]},{"id":101701,"url":"https:\/\/www.shqiperia.com\/blog\/kriza-politike-lidhet-me-kapjen-e-pushtetit-shkullaku-kushti-numer-1-eshte-doreheqje-e-panegociueshme-e-edi-rames\/","url_meta":{"origin":105912,"position":5},"title":"\u201cKriza politike, lidhet me kapjen e pushtetit\u201d\/ Shkullaku: &#8211; Kushti num\u00ebr 1 \u00ebsht\u00eb dor\u00ebheqje e panegociueshme e Edi Ram\u00ebs","author":"Kurt Farka","date":"June 22, 2026","format":false,"excerpt":"Gazetari Armand Shkullaku, i ftuar n\u00eb nje studio televizive ka folur p\u00ebr protest\u00ebn qytetare n\u00eb dit\u00ebn e 23-t\u00eb t\u00eb saj n\u00eb Tiran\u00eb, duke e vendosur theksin te p\u00ebrgjegj\u00ebsia politike dhe situata brenda mazhoranc\u00ebs. Shkullaku u shpreh se k\u00ebrkesa kryesore e protest\u00ebs p\u00ebr largimin e qeveris\u00eb ka rr\u00ebzuar, sipas tij, narrativ\u00ebn\u2026","rel":"","context":"In &quot;Njoftime Shtypi&quot;","block_context":{"text":"Njoftime Shtypi","link":"https:\/\/www.shqiperia.com\/blog\/category\/njoftime-shtypi\/"},"img":{"alt_text":"","src":"https:\/\/i0.wp.com\/www.shqiperia.com\/blog\/wp-content\/uploads\/2026\/06\/rama-shkullaku.jpg?fit=900%2C500&ssl=1&resize=350%2C200","width":350,"height":200,"srcset":"https:\/\/i0.wp.com\/www.shqiperia.com\/blog\/wp-content\/uploads\/2026\/06\/rama-shkullaku.jpg?fit=900%2C500&ssl=1&resize=350%2C200 1x, https:\/\/i0.wp.com\/www.shqiperia.com\/blog\/wp-content\/uploads\/2026\/06\/rama-shkullaku.jpg?fit=900%2C500&ssl=1&resize=525%2C300 1.5x, https:\/\/i0.wp.com\/www.shqiperia.com\/blog\/wp-content\/uploads\/2026\/06\/rama-shkullaku.jpg?fit=900%2C500&ssl=1&resize=700%2C400 2x"},"classes":[]}],"_links":{"self":[{"href":"https:\/\/www.shqiperia.com\/blog\/wp-json\/wp\/v2\/posts\/105912","targetHints":{"allow":["GET"]}}],"collection":[{"href":"https:\/\/www.shqiperia.com\/blog\/wp-json\/wp\/v2\/posts"}],"about":[{"href":"https:\/\/www.shqiperia.com\/blog\/wp-json\/wp\/v2\/types\/post"}],"author":[{"embeddable":true,"href":"https:\/\/www.shqiperia.com\/blog\/wp-json\/wp\/v2\/users\/9"}],"replies":[{"embeddable":true,"href":"https:\/\/www.shqiperia.com\/blog\/wp-json\/wp\/v2\/comments?post=105912"}],"version-history":[{"count":1,"href":"https:\/\/www.shqiperia.com\/blog\/wp-json\/wp\/v2\/posts\/105912\/revisions"}],"predecessor-version":[{"id":105915,"href":"https:\/\/www.shqiperia.com\/blog\/wp-json\/wp\/v2\/posts\/105912\/revisions\/105915"}],"wp:featuredmedia":[{"embeddable":true,"href":"https:\/\/www.shqiperia.com\/blog\/wp-json\/wp\/v2\/media\/105913"}],"wp:attachment":[{"href":"https:\/\/www.shqiperia.com\/blog\/wp-json\/wp\/v2\/media?parent=105912"}],"wp:term":[{"taxonomy":"category","embeddable":true,"href":"https:\/\/www.shqiperia.com\/blog\/wp-json\/wp\/v2\/categories?post=105912"},{"taxonomy":"post_tag","embeddable":true,"href":"https:\/\/www.shqiperia.com\/blog\/wp-json\/wp\/v2\/tags?post=105912"}],"curies":[{"name":"wp","href":"https:\/\/api.w.org\/{rel}","templated":true}]}}