{"id":105908,"date":"2026-09-04T00:11:28","date_gmt":"2026-09-04T00:11:28","guid":{"rendered":"https:\/\/www.shqiperia.com\/blog\/?p=105908"},"modified":"2026-09-04T00:12:03","modified_gmt":"2026-09-04T00:12:03","slug":"neser-masat-e-sigurise-per-14-protestuesit-e-arrestuar-proteste-para-gjykates-se-tiranes","status":"publish","type":"post","link":"https:\/\/www.shqiperia.com\/blog\/neser-masat-e-sigurise-per-14-protestuesit-e-arrestuar-proteste-para-gjykates-se-tiranes\/","title":{"rendered":"Nes\u00ebr masat e siguris\u00eb p\u00ebr 14 protestuesit e arrestuar, protest\u00eb para gjykat\u00ebs s\u00eb Tiran\u00ebs"},"content":{"rendered":"<p><img data-recalc-dims=\"1\" loading=\"lazy\" decoding=\"async\" data-attachment-id=\"105910\" data-permalink=\"https:\/\/www.shqiperia.com\/blog\/neser-masat-e-sigurise-per-14-protestuesit-e-arrestuar-proteste-para-gjykates-se-tiranes\/auto_f31463e9-d013-44bf-9d95-71b3fe4d81011788464590\/\" data-orig-file=\"https:\/\/i0.wp.com\/www.shqiperia.com\/blog\/wp-content\/uploads\/2026\/09\/auto_f31463e9-d013-44bf-9d95-71b3fe4d81011788464590.jpg?fit=900%2C600&amp;ssl=1\" data-orig-size=\"900,600\" data-comments-opened=\"1\" data-image-meta=\"{&quot;aperture&quot;:&quot;0&quot;,&quot;credit&quot;:&quot;&quot;,&quot;camera&quot;:&quot;&quot;,&quot;caption&quot;:&quot;&quot;,&quot;created_timestamp&quot;:&quot;0&quot;,&quot;copyright&quot;:&quot;&quot;,&quot;focal_length&quot;:&quot;0&quot;,&quot;iso&quot;:&quot;0&quot;,&quot;shutter_speed&quot;:&quot;0&quot;,&quot;title&quot;:&quot;&quot;,&quot;orientation&quot;:&quot;0&quot;}\" data-image-title=\"auto_f31463e9-d013-44bf-9d95-71b3fe4d81011788464590\" data-image-description=\"\" data-image-caption=\"\" data-medium-file=\"https:\/\/i0.wp.com\/www.shqiperia.com\/blog\/wp-content\/uploads\/2026\/09\/auto_f31463e9-d013-44bf-9d95-71b3fe4d81011788464590.jpg?fit=300%2C200&amp;ssl=1\" data-large-file=\"https:\/\/i0.wp.com\/www.shqiperia.com\/blog\/wp-content\/uploads\/2026\/09\/auto_f31463e9-d013-44bf-9d95-71b3fe4d81011788464590.jpg?fit=900%2C600&amp;ssl=1\" class=\"alignnone  wp-image-105910\" alt=\"\" src=\"https:\/\/i0.wp.com\/www.shqiperia.com\/blog\/wp-content\/uploads\/2026\/09\/auto_f31463e9-d013-44bf-9d95-71b3fe4d81011788464590.jpg?resize=533%2C355&#038;ssl=1\" width=\"533\" height=\"355\" srcset=\"https:\/\/i0.wp.com\/www.shqiperia.com\/blog\/wp-content\/uploads\/2026\/09\/auto_f31463e9-d013-44bf-9d95-71b3fe4d81011788464590.jpg?resize=300%2C200&amp;ssl=1 300w, https:\/\/i0.wp.com\/www.shqiperia.com\/blog\/wp-content\/uploads\/2026\/09\/auto_f31463e9-d013-44bf-9d95-71b3fe4d81011788464590.jpg?resize=768%2C512&amp;ssl=1 768w, https:\/\/i0.wp.com\/www.shqiperia.com\/blog\/wp-content\/uploads\/2026\/09\/auto_f31463e9-d013-44bf-9d95-71b3fe4d81011788464590.jpg?resize=600%2C400&amp;ssl=1 600w, https:\/\/i0.wp.com\/www.shqiperia.com\/blog\/wp-content\/uploads\/2026\/09\/auto_f31463e9-d013-44bf-9d95-71b3fe4d81011788464590.jpg?resize=450%2C300&amp;ssl=1 450w, https:\/\/i0.wp.com\/www.shqiperia.com\/blog\/wp-content\/uploads\/2026\/09\/auto_f31463e9-d013-44bf-9d95-71b3fe4d81011788464590.jpg?resize=400%2C267&amp;ssl=1 400w, https:\/\/i0.wp.com\/www.shqiperia.com\/blog\/wp-content\/uploads\/2026\/09\/auto_f31463e9-d013-44bf-9d95-71b3fe4d81011788464590.jpg?w=900&amp;ssl=1 900w\" sizes=\"auto, (max-width: 533px) 100vw, 533px\" \/><\/p>\n<p>4 Shtator 2026<\/p>\n<p>Sot n\u00eb or\u00ebn 10:00 protestuesit kan\u00eb njoftuar se do t\u00eb jen\u00eb tek Gjykata e Tiran\u00ebs, ku do t\u00eb jepen masat e siguris\u00eb p\u00ebr 14 t\u00eb arrestuarit.<\/p>\n<p>Ne protesten e dites 94,<span>\u00a0<\/span><em>dy dit\u00eb m\u00eb par\u00eb<\/em>, policia dhunoi protestuesit para godin\u00ebs qeveritare dhe arrestoi 14 prej tyre, 3 t\u00eb\u00a0tjer\u00eb u proceduan penalisht.<\/p>\n<p>Ata u arrestuan pasi k\u00ebrkuan ballafaqimin me kryeministrin Edi Rama dhe llogaridh\u00ebnie p\u00ebr keqqeverisjen e vendit, varf\u00ebrimin e tyre dhe shitjen e pronave publike.<\/p>\n<p>Kryeministri jo vetem nuk u ballafaqua me k\u00ebrkesat e protestuesve paqesore por permes vart\u00ebsve te tij urdh\u00ebroi arrestimin e largimin zvarr\u00eb\u00a0t\u00eb tyre duke mos kursyer as femrat.<\/p>\n<p>N\u00eb njoftimin e saj policia deklaroi se protestuesit kishin bllokuan hyrjen dhe daljen e kryeministris\u00eb teksa n\u00eb godin\u00ebn qeveritare ndodheshin personalitete t\u00eb larta shteterore, konkretisht kryeministri Rama.<\/p>\n<p>Teksa policia provokoi dhe dhunoi protesuesit paq\u00ebsore, policia n\u00eb njoftimin e saj pretendon se u godit\u00ebn dhe u shtyn\u00eb nga protestuesit. 17 qytetar\u00ebt e arrestuar dhe shoq\u00ebruar akuzohen p\u00ebr veprat pebale \u201cOrganizimi dhe pjes\u00ebmarrja n\u00eb grumbullime e manifestime t\u00eb paligjshme\u201d, \u201cKund\u00ebrshtimi i punonj\u00ebsit t\u00eb policis\u00eb s\u00eb rendit publik\u201d, \u201cPrishja e qet\u00ebsis\u00eb publike\u201d dhe \u201cPengimi i qarkullimit t\u00eb mjeteve t\u00eb transportit\u201d.<\/p>\n<p><strong>PROTESTUESIT E ARRESTUAR<\/strong><\/p>\n<p>Dritan Goxhaj<\/p>\n<p>Junik Matoshi<\/p>\n<p>Edison Lika<\/p>\n<p>Erlind Almeta<\/p>\n<p>Sokol Bushi<\/p>\n<p>Lulzim Gjini<\/p>\n<p>Valtion Shameti<\/p>\n<p>Florian Manarkolli<\/p>\n<p>Desiderjo Alimucaj<\/p>\n<p>Bora Mitrovica<\/p>\n<p>Arvina Lleshi<\/p>\n<p>Ylli Brahaj<\/p>\n<p>Arben Kola<\/p>\n<p>Aumiraldi Dalliu<\/p>\n<p><strong>PROTESTUESIT E SHOQ\u00cbRUAR<\/strong><\/p>\n<p>Altin Goxhaj<\/p>\n<p>Andi Tepelena<\/p>\n<p>M. J., 47<\/p>\n","protected":false},"excerpt":{"rendered":"<p>4 Shtator 2026 Sot n\u00eb or\u00ebn 10:00 protestuesit kan\u00eb njoftuar se do t\u00eb jen\u00eb tek Gjykata e Tiran\u00ebs, ku do t\u00eb jepen masat e siguris\u00eb p\u00ebr 14 t\u00eb arrestuarit. Ne protesten e dites 94,\u00a0dy dit\u00eb m\u00eb par\u00eb, policia dhunoi protestuesit para godin\u00ebs qeveritare dhe arrestoi 14 prej tyre, 3 t\u00eb\u00a0tjer\u00eb u proceduan penalisht. Ata u [&hellip;]<\/p>\n","protected":false},"author":9,"featured_media":105910,"comment_status":"open","ping_status":"open","sticky":false,"template":"","format":"standard","meta":{"jetpack_post_was_ever_published":false,"_jetpack_newsletter_access":"","_jetpack_dont_email_post_to_subs":false,"_jetpack_newsletter_tier_id":0,"_jetpack_memberships_contains_paywalled_content":false,"_jetpack_memberships_contains_paid_content":false,"footnotes":"","jetpack_publicize_message":"","jetpack_publicize_feature_enabled":true,"jetpack_social_post_already_shared":true,"jetpack_social_options":{"image_generator_settings":{"template":"highway","default_image_id":0,"font":"","enabled":false},"version":2}},"categories":[27,1,2,35],"tags":[],"class_list":["post-105908","post","type-post","status-publish","format-standard","has-post-thumbnail","hentry","category-blogu-i-udhetarit","category-njoftime-shtypi","category-politika","category-shoqerore"],"jetpack_publicize_connections":[],"jetpack_featured_media_url":"https:\/\/i0.wp.com\/www.shqiperia.com\/blog\/wp-content\/uploads\/2026\/09\/auto_f31463e9-d013-44bf-9d95-71b3fe4d81011788464590.jpg?fit=900%2C600&ssl=1","jetpack_sharing_enabled":true,"jetpack_shortlink":"https:\/\/wp.me\/p5Z6wp-ryc","jetpack-related-posts":[{"id":102255,"url":"https:\/\/www.shqiperia.com\/blog\/gjykata-liron-19-protestuesit-e-arrestuar-vetem-2-prej-tyre-ne-arrest-shtepie-e-arrestuar-vetem-2-prej-tyre-ne-arrest-shtepie\/","url_meta":{"origin":105908,"position":0},"title":"Gjykata liron 19 protestuesit e arrestuar, vet\u00ebm 2 prej tyre n\u00eb arrest sht\u00ebpie\/ e arrestuar, vet\u00ebm 2 prej tyre n\u00eb arrest sht\u00ebpie","author":"Kurt Farka","date":"July 5, 2026","format":false,"excerpt":"5 Korrik 2026 Gjykata e Tiran\u00ebs liron t\u00eb 19 protestuesit e arrestuar m\u00eb 2 korrik para Parlamentit, edhe pse i cil\u00ebsoi ndalimet t\u00eb ligjshme, pavar\u00ebsisht pretendimeve t\u00eb avokat\u00ebve. Vet\u00ebm dy prej tyre do q\u00ebndrojn\u00eb n\u00eb arrest sht\u00ebpie dhe t\u00eb tjer\u00ebt n\u00eb detyrim paraqitjeje. Prokuroria ngriti 5 akuza ndaj tyre, kryesisht\u2026","rel":"","context":"In &quot;Blogu i Udh\u00ebtarit&quot;","block_context":{"text":"Blogu i Udh\u00ebtarit","link":"https:\/\/www.shqiperia.com\/blog\/category\/blogu-i-udhetarit\/"},"img":{"alt_text":"","src":"https:\/\/i0.wp.com\/www.shqiperia.com\/blog\/wp-content\/uploads\/2026\/07\/Screenshot-2026-07-05-151350.jpg?fit=555%2C286&ssl=1&resize=350%2C200","width":350,"height":200,"srcset":"https:\/\/i0.wp.com\/www.shqiperia.com\/blog\/wp-content\/uploads\/2026\/07\/Screenshot-2026-07-05-151350.jpg?fit=555%2C286&ssl=1&resize=350%2C200 1x, https:\/\/i0.wp.com\/www.shqiperia.com\/blog\/wp-content\/uploads\/2026\/07\/Screenshot-2026-07-05-151350.jpg?fit=555%2C286&ssl=1&resize=525%2C300 1.5x"},"classes":[]},{"id":102137,"url":"https:\/\/www.shqiperia.com\/blog\/protestuesit-shkulin-gardhin-rrethues-policia-pergjigjet-me-sprej-lotesjelles\/","url_meta":{"origin":105908,"position":1},"title":"Protestuesit shkulin gardhin rrethues, policia p\u00ebrgjigjet me sprej lot\u00ebsjell\u00ebs","author":"Kurt Farka","date":"July 2, 2026","format":false,"excerpt":"2 Korrik 2026 Situata ka agravuar dhe ka kaluar n\u00eb p\u00ebrplasje fizike p\u00ebrpara Parlamentit. Protestuesit e revoltuar kan\u00eb nd\u00ebrmarr\u00eb nj\u00eb aksion n\u00eb grup, duke t\u00ebrhequr dhe shkulur me forc\u00eb gardhin metalik rrethues q\u00eb ishte vendosur n\u00eb hyrje t\u00eb Pedonales, nga ana e godin\u00ebs s\u00eb Kuvendit. P\u00ebrball\u00eb k\u00ebtij momenti tensioni dhe\u2026","rel":"","context":"In &quot;Blogu i Udh\u00ebtarit&quot;","block_context":{"text":"Blogu i Udh\u00ebtarit","link":"https:\/\/www.shqiperia.com\/blog\/category\/blogu-i-udhetarit\/"},"img":{"alt_text":"","src":"https:\/\/i0.wp.com\/www.shqiperia.com\/blog\/wp-content\/uploads\/2026\/07\/BARRIERAT.jpg?fit=647%2C320&ssl=1&resize=350%2C200","width":350,"height":200,"srcset":"https:\/\/i0.wp.com\/www.shqiperia.com\/blog\/wp-content\/uploads\/2026\/07\/BARRIERAT.jpg?fit=647%2C320&ssl=1&resize=350%2C200 1x, https:\/\/i0.wp.com\/www.shqiperia.com\/blog\/wp-content\/uploads\/2026\/07\/BARRIERAT.jpg?fit=647%2C320&ssl=1&resize=525%2C300 1.5x"},"classes":[]},{"id":105268,"url":"https:\/\/www.shqiperia.com\/blog\/o-ergys-o-zagar-merre-ramen-sa-me-pare-arrestimi-i-agasit-protestuesit-ndalojne-te-policia-e-tiranes\/","url_meta":{"origin":105908,"position":2},"title":"O Ergys o zagar merre Ram\u00ebn sa m\u00eb par\u00eb!  Arrestimi i Agasit, protestuesit ndalojn\u00eb te Policia e Tiran\u00ebs","author":"Kurt Farka","date":"August 26, 2026","format":false,"excerpt":"26 Gusht 2026 Turma masive e protestuesve ka vijuar marshimin e saj p\u00ebrgjat\u00eb akseve kryesore t\u00eb kryeqytetit, duke u ndalur p\u00ebrpara Drejtoris\u00eb s\u00eb Policis\u00eb s\u00eb Tiran\u00ebs, ku ndodhet i shoq\u00ebruar biznesmeni Ergys Agasi pas arrestimit t\u00eb tij t\u00eb sot\u00ebm. Me t\u00eb mb\u00ebrritur p\u00ebrpara ambientit ku po mbahet i prangosuri, qytetar\u00ebt\u2026","rel":"","context":"In &quot;Blogu i Udh\u00ebtarit&quot;","block_context":{"text":"Blogu i Udh\u00ebtarit","link":"https:\/\/www.shqiperia.com\/blog\/category\/blogu-i-udhetarit\/"},"img":{"alt_text":"","src":"https:\/\/i0.wp.com\/www.shqiperia.com\/blog\/wp-content\/uploads\/2026\/08\/345345345345-3.jpg?fit=1060%2C558&ssl=1&resize=350%2C200","width":350,"height":200,"srcset":"https:\/\/i0.wp.com\/www.shqiperia.com\/blog\/wp-content\/uploads\/2026\/08\/345345345345-3.jpg?fit=1060%2C558&ssl=1&resize=350%2C200 1x, https:\/\/i0.wp.com\/www.shqiperia.com\/blog\/wp-content\/uploads\/2026\/08\/345345345345-3.jpg?fit=1060%2C558&ssl=1&resize=525%2C300 1.5x, https:\/\/i0.wp.com\/www.shqiperia.com\/blog\/wp-content\/uploads\/2026\/08\/345345345345-3.jpg?fit=1060%2C558&ssl=1&resize=700%2C400 2x, https:\/\/i0.wp.com\/www.shqiperia.com\/blog\/wp-content\/uploads\/2026\/08\/345345345345-3.jpg?fit=1060%2C558&ssl=1&resize=1050%2C600 3x"},"classes":[]},{"id":103176,"url":"https:\/\/www.shqiperia.com\/blog\/qendrese-revolte-55-dite-jehon-thirrja-arrestoni-ramen\/","url_meta":{"origin":105908,"position":3},"title":"Q\u00ebndres\u00eb, revolt\u00eb 55 dit\u00eb\/ Jehon thirrja: &#8211; Arrestoni Ram\u00ebn","author":"Kurt Farka","date":"July 24, 2026","format":false,"excerpt":"24 Korrik 2026 Nj\u00eb pjes\u00ebmarrje masive n\u00eb dit\u00ebn e 55 t\u00eb protest\u00eb kund\u00ebr kryeministrit Edi Rama. Shqiptar\u00ebt kan\u00eb dh\u00ebn\u00eb mesazh t\u00eb qart\u00eb se nuk heqin dor\u00eb nga rezistenca d\u00ebri n\u00eb largimin e kryeministrit. Pas fjalimeve para Kryeministris\u00eb, protestuesit po vijojn\u00eb marshimet n\u00eb rrug\u00ebt e Tiran\u00ebs ku jehojn\u00eb thirrjet \u201cArrestoni Ram\u00ebn\u201d.\u2026","rel":"","context":"In &quot;Blogu i Udh\u00ebtarit&quot;","block_context":{"text":"Blogu i Udh\u00ebtarit","link":"https:\/\/www.shqiperia.com\/blog\/category\/blogu-i-udhetarit\/"},"img":{"alt_text":"","src":"https:\/\/i0.wp.com\/www.shqiperia.com\/blog\/wp-content\/uploads\/2026\/07\/buelvardiiii-1.jpg?fit=1200%2C542&ssl=1&resize=350%2C200","width":350,"height":200,"srcset":"https:\/\/i0.wp.com\/www.shqiperia.com\/blog\/wp-content\/uploads\/2026\/07\/buelvardiiii-1.jpg?fit=1200%2C542&ssl=1&resize=350%2C200 1x, https:\/\/i0.wp.com\/www.shqiperia.com\/blog\/wp-content\/uploads\/2026\/07\/buelvardiiii-1.jpg?fit=1200%2C542&ssl=1&resize=525%2C300 1.5x, https:\/\/i0.wp.com\/www.shqiperia.com\/blog\/wp-content\/uploads\/2026\/07\/buelvardiiii-1.jpg?fit=1200%2C542&ssl=1&resize=700%2C400 2x, https:\/\/i0.wp.com\/www.shqiperia.com\/blog\/wp-content\/uploads\/2026\/07\/buelvardiiii-1.jpg?fit=1200%2C542&ssl=1&resize=1050%2C600 3x"},"classes":[]},{"id":101689,"url":"https:\/\/www.shqiperia.com\/blog\/marshimi-kilometrik-mberrin-ne-qender-te-tiranes-protestuesit-vijojne-revolten-ju-erdhi-fundi-rama-jep-doreheqjen-2154-21-06-2026-a-a-marshimi-kilometrik-mberrin-ne-qender-te-tiranes-protestu\/","url_meta":{"origin":105908,"position":4},"title":"Marshimi kilometrik mb\u00ebrrin n\u00eb qend\u00ebr t\u00eb Tiran\u00ebs\/ Protestuesit vijojn\u00eb revolt\u00ebn: Ju erdhi fundi! Rama jep dor\u00ebheqjen   21:54 | 21\/06\/2026 A A Marshimi kilometrik mb\u00ebrrin n\u00eb qend\u00ebr t\u00eb Tiran\u00ebs\/ Protestuesit vijojn\u00eb revolt\u00ebn: Ju erdhi fundi! Rama jep dor\u00ebheqjen Q\u00ebndresa qytetare n\u00eb k\u00ebt\u00eb","author":"Kurt Farka","date":"June 22, 2026","format":false,"excerpt":"Q\u00ebndresa qytetare n\u00eb k\u00ebt\u00eb dit\u00eb t\u00eb 22-t\u00eb t\u00eb revolt\u00ebs ka vijuar me marshimin masiv n\u00eb akset kryesore t\u00eb Tiran\u00ebs. Pasi u larguan nga godina e Kryeministris\u00eb, mij\u00ebra protestuesit kan\u00eb p\u00ebrshkuar rrug\u00ebt e kryeqytetit dhe tashm\u00eb kan\u00eb mb\u00ebrritur n\u00eb af\u00ebrsi t\u00eb qendr\u00ebs. N\u00ebn nj\u00eb atmosfer\u00eb t\u00eb ndezur, me thirrje t\u00eb fuqishme\u2026","rel":"","context":"In &quot;Blogu i Udh\u00ebtarit&quot;","block_context":{"text":"Blogu i Udh\u00ebtarit","link":"https:\/\/www.shqiperia.com\/blog\/category\/blogu-i-udhetarit\/"},"img":{"alt_text":"","src":"https:\/\/i0.wp.com\/www.shqiperia.com\/blog\/wp-content\/uploads\/2026\/06\/auto_93091a9e-06c5-4a5d-a348-76d2c53d80261781418265-2.jpg?fit=900%2C600&ssl=1&resize=350%2C200","width":350,"height":200,"srcset":"https:\/\/i0.wp.com\/www.shqiperia.com\/blog\/wp-content\/uploads\/2026\/06\/auto_93091a9e-06c5-4a5d-a348-76d2c53d80261781418265-2.jpg?fit=900%2C600&ssl=1&resize=350%2C200 1x, https:\/\/i0.wp.com\/www.shqiperia.com\/blog\/wp-content\/uploads\/2026\/06\/auto_93091a9e-06c5-4a5d-a348-76d2c53d80261781418265-2.jpg?fit=900%2C600&ssl=1&resize=525%2C300 1.5x, https:\/\/i0.wp.com\/www.shqiperia.com\/blog\/wp-content\/uploads\/2026\/06\/auto_93091a9e-06c5-4a5d-a348-76d2c53d80261781418265-2.jpg?fit=900%2C600&ssl=1&resize=700%2C400 2x"},"classes":[]},{"id":105198,"url":"https:\/\/www.shqiperia.com\/blog\/marshimi-neper-tirane-me-thirrjet-per-largimin-e-rames\/","url_meta":{"origin":105908,"position":5},"title":"Marshimi n\u00ebp\u00ebr Tiran\u00eb me thirrjet p\u00ebr largimin e Ram\u00ebs","author":"Kurt Farka","date":"August 25, 2026","format":false,"excerpt":"25 Gusht 2026 Ka p\u00ebrfunduar dit\u00ebn e saj t\u00eb 87-t\u00eb protesta qytetare kund\u00ebr qeveris\u00eb dhe kryeministrit Edi Rama, pas nj\u00eb tjet\u00ebr mbr\u00ebmjeje t\u00eb shoq\u00ebruar me fjalime mobilizuese, marshim n\u00eb akset kryesore t\u00eb kryeqytetit dhe thirrje p\u00ebr dor\u00ebheqjen e pushtetit. Pasi p\u00ebrfunduan fjalimet e mbajtura para godin\u00ebs s\u00eb Kryeministris\u00eb, protestuesit nis\u00ebn\u2026","rel":"","context":"In &quot;Blogu i Udh\u00ebtarit&quot;","block_context":{"text":"Blogu i Udh\u00ebtarit","link":"https:\/\/www.shqiperia.com\/blog\/category\/blogu-i-udhetarit\/"},"img":{"alt_text":"","src":"https:\/\/i0.wp.com\/www.shqiperia.com\/blog\/wp-content\/uploads\/2026\/08\/Dita-e-87-e-Protestes-25-Gusht-2026.jpeg?fit=1200%2C800&ssl=1&resize=350%2C200","width":350,"height":200,"srcset":"https:\/\/i0.wp.com\/www.shqiperia.com\/blog\/wp-content\/uploads\/2026\/08\/Dita-e-87-e-Protestes-25-Gusht-2026.jpeg?fit=1200%2C800&ssl=1&resize=350%2C200 1x, https:\/\/i0.wp.com\/www.shqiperia.com\/blog\/wp-content\/uploads\/2026\/08\/Dita-e-87-e-Protestes-25-Gusht-2026.jpeg?fit=1200%2C800&ssl=1&resize=525%2C300 1.5x, https:\/\/i0.wp.com\/www.shqiperia.com\/blog\/wp-content\/uploads\/2026\/08\/Dita-e-87-e-Protestes-25-Gusht-2026.jpeg?fit=1200%2C800&ssl=1&resize=700%2C400 2x, https:\/\/i0.wp.com\/www.shqiperia.com\/blog\/wp-content\/uploads\/2026\/08\/Dita-e-87-e-Protestes-25-Gusht-2026.jpeg?fit=1200%2C800&ssl=1&resize=1050%2C600 3x"},"classes":[]}],"_links":{"self":[{"href":"https:\/\/www.shqiperia.com\/blog\/wp-json\/wp\/v2\/posts\/105908","targetHints":{"allow":["GET"]}}],"collection":[{"href":"https:\/\/www.shqiperia.com\/blog\/wp-json\/wp\/v2\/posts"}],"about":[{"href":"https:\/\/www.shqiperia.com\/blog\/wp-json\/wp\/v2\/types\/post"}],"author":[{"embeddable":true,"href":"https:\/\/www.shqiperia.com\/blog\/wp-json\/wp\/v2\/users\/9"}],"replies":[{"embeddable":true,"href":"https:\/\/www.shqiperia.com\/blog\/wp-json\/wp\/v2\/comments?post=105908"}],"version-history":[{"count":2,"href":"https:\/\/www.shqiperia.com\/blog\/wp-json\/wp\/v2\/posts\/105908\/revisions"}],"predecessor-version":[{"id":105911,"href":"https:\/\/www.shqiperia.com\/blog\/wp-json\/wp\/v2\/posts\/105908\/revisions\/105911"}],"wp:featuredmedia":[{"embeddable":true,"href":"https:\/\/www.shqiperia.com\/blog\/wp-json\/wp\/v2\/media\/105910"}],"wp:attachment":[{"href":"https:\/\/www.shqiperia.com\/blog\/wp-json\/wp\/v2\/media?parent=105908"}],"wp:term":[{"taxonomy":"category","embeddable":true,"href":"https:\/\/www.shqiperia.com\/blog\/wp-json\/wp\/v2\/categories?post=105908"},{"taxonomy":"post_tag","embeddable":true,"href":"https:\/\/www.shqiperia.com\/blog\/wp-json\/wp\/v2\/tags?post=105908"}],"curies":[{"name":"wp","href":"https:\/\/api.w.org\/{rel}","templated":true}]}}