{"id":105905,"date":"2026-09-04T00:08:40","date_gmt":"2026-09-04T00:08:40","guid":{"rendered":"https:\/\/www.shqiperia.com\/blog\/?p=105905"},"modified":"2026-09-04T00:08:40","modified_gmt":"2026-09-04T00:08:40","slug":"vizita-e-berishes-ne-shba-kellici-viza-u-dha-me-urdher-te-sekretarit-amerikan-te-shtetit","status":"publish","type":"post","link":"https:\/\/www.shqiperia.com\/blog\/vizita-e-berishes-ne-shba-kellici-viza-u-dha-me-urdher-te-sekretarit-amerikan-te-shtetit\/","title":{"rendered":"Vizita e Berish\u00ebs n\u00eb SHBA\/ K\u00eblli\u00e7i: Viza u dha me urdh\u00ebr t\u00eb Sekretarit Amerikan t\u00eb Shtetit"},"content":{"rendered":"<div id=\"attachment_105906\" style=\"width: 708px\" class=\"wp-caption alignnone\"><img data-recalc-dims=\"1\" loading=\"lazy\" decoding=\"async\" aria-describedby=\"caption-attachment-105906\" data-attachment-id=\"105906\" data-permalink=\"https:\/\/www.shqiperia.com\/blog\/vizita-e-berishes-ne-shba-kellici-viza-u-dha-me-urdher-te-sekretarit-amerikan-te-shtetit\/sali-berisha-35\/\" data-orig-file=\"https:\/\/i0.wp.com\/www.shqiperia.com\/blog\/wp-content\/uploads\/2026\/09\/Sali-Berisha.png?fit=900%2C432&amp;ssl=1\" data-orig-size=\"900,432\" data-comments-opened=\"1\" data-image-meta=\"{&quot;aperture&quot;:&quot;0&quot;,&quot;credit&quot;:&quot;&quot;,&quot;camera&quot;:&quot;&quot;,&quot;caption&quot;:&quot;&quot;,&quot;created_timestamp&quot;:&quot;0&quot;,&quot;copyright&quot;:&quot;&quot;,&quot;focal_length&quot;:&quot;0&quot;,&quot;iso&quot;:&quot;0&quot;,&quot;shutter_speed&quot;:&quot;0&quot;,&quot;title&quot;:&quot;&quot;,&quot;orientation&quot;:&quot;0&quot;}\" data-image-title=\"Sali Berisha\" data-image-description=\"\" data-image-caption=\"&lt;p&gt;Sali Berisha&lt;\/p&gt;\n\" data-medium-file=\"https:\/\/i0.wp.com\/www.shqiperia.com\/blog\/wp-content\/uploads\/2026\/09\/Sali-Berisha.png?fit=300%2C144&amp;ssl=1\" data-large-file=\"https:\/\/i0.wp.com\/www.shqiperia.com\/blog\/wp-content\/uploads\/2026\/09\/Sali-Berisha.png?fit=900%2C432&amp;ssl=1\" class=\" wp-image-105906\" alt=\"\" src=\"https:\/\/i0.wp.com\/www.shqiperia.com\/blog\/wp-content\/uploads\/2026\/09\/Sali-Berisha.png?resize=698%2C335&#038;ssl=1\" width=\"698\" height=\"335\" srcset=\"https:\/\/i0.wp.com\/www.shqiperia.com\/blog\/wp-content\/uploads\/2026\/09\/Sali-Berisha.png?resize=300%2C144&amp;ssl=1 300w, https:\/\/i0.wp.com\/www.shqiperia.com\/blog\/wp-content\/uploads\/2026\/09\/Sali-Berisha.png?resize=768%2C369&amp;ssl=1 768w, https:\/\/i0.wp.com\/www.shqiperia.com\/blog\/wp-content\/uploads\/2026\/09\/Sali-Berisha.png?resize=450%2C216&amp;ssl=1 450w, https:\/\/i0.wp.com\/www.shqiperia.com\/blog\/wp-content\/uploads\/2026\/09\/Sali-Berisha.png?resize=600%2C288&amp;ssl=1 600w, https:\/\/i0.wp.com\/www.shqiperia.com\/blog\/wp-content\/uploads\/2026\/09\/Sali-Berisha.png?resize=400%2C192&amp;ssl=1 400w, https:\/\/i0.wp.com\/www.shqiperia.com\/blog\/wp-content\/uploads\/2026\/09\/Sali-Berisha.png?w=900&amp;ssl=1 900w\" sizes=\"auto, (max-width: 698px) 100vw, 698px\" \/><p id=\"caption-attachment-105906\" class=\"wp-caption-text\">Sali Berisha<\/p><\/div>\n<p>4 Shtator 2026<\/p>\n<p>N\u00ebnkryetari i PD-s\u00eb, Belind K\u00eblli\u00e7i ka folur mbr\u00ebmjen e sotme lidhur vizit\u00ebn e kryedemokratit Sali Berisha n\u00eb Shtetet e Bashkuara t\u00eb Amerik\u00ebs.<\/p>\n<p>I ftuar n\u00eb \u201cOpinion\u201d, K\u00eblli\u00e7i \u00ebsht\u00eb shprehur s\u00eb dh\u00ebnia e viz\u00ebs s\u00eb Berish\u00ebs \u00ebsht\u00eb b\u00ebr\u00eb me urdh\u00ebr t\u00eb Sekretarit Amerikan t\u00eb Shtetit n\u00eb rr\u00ebzim t\u00eb sanksionit t\u00eb vendosur sipas Seksionit 7031(c)\u00a0. Ai b\u00ebri po ashtu me dije se viza \u00ebsht\u00eb 5-vje\u00e7are.<\/p>\n<p>Nd\u00ebr t\u00eb tjera, K\u00eblli\u00e7i u shpreh se ato persona q\u00eb u p\u00ebrfshin\u00eb n\u00eb shpalljen e Berish\u00ebs \u201c non grata\u201d, po p\u00ebrballen me drejt\u00ebsin\u00eb, ku p\u00ebrmendi k\u00ebtu kryebashkiakun e arrestuar t\u00eb Tiran\u00ebs, Erion Veliajn, ndaj t\u00eb cilin r\u00ebndojn\u00eb 13 akuza p\u00ebr 5 vepra t\u00eb r\u00ebnda penale.<\/p>\n<p>\u201cViza i \u00ebsht\u00eb dh\u00ebn\u00eb\u00a0me urdh\u00ebr t\u00eb Sekretarit Amerikan t\u00eb Shtetit n\u00eb rr\u00ebzim t\u00eb Sanksionit. Viza \u00ebsht\u00eb 5-vje\u00e7are. N\u00eb 5 vitet e fundit duhet t\u00eb kuptojm\u00eb se \u00e7far\u00eb ka ndodhur me aktor\u00ebt politik\u00eb q\u00eb kan\u00eb qen\u00eb pjes\u00eb e k\u00ebsaj ngjarje, nj\u00eb grup prej tre personash n\u00eb Shqip\u00ebri dhe tre t\u00eb tjer\u00eb n\u00eb SHBA. N\u00eb Shqip\u00ebri Erion Veliaj, i cili ka manipuluar DASH, ka g\u00ebnjyer dhe dh\u00ebn\u00eb dokumentet t\u00eb rreme sot ndodhet n\u00eb burg. Lulzim Basha i dyti, i treti Edi Rama q\u00eb sot ja ka dal\u00eb t\u00eb jet\u00eb figura m\u00eb e urryer n\u00eb bot\u00eb. \u00cbsht\u00eb i damkosur n\u00eb \u00e7do portal bot\u00ebror. \u00a0Kam p\u00ebrshtypjen q\u00eb nga e h\u00ebna situate do t\u00eb jet\u00eb m\u00eb e v\u00ebshtir\u00eb\u00a0dhe p\u00ebr Edi Ram\u00ebn.<\/p>\n<p>N\u00eb SHBA, \u00ebsht\u00eb Charles McGonigal i cili \u00ebsht\u00eb tani i arrestuar, ish-ambasadorja, Yuri Kim dhe ish-Sekretari Amerikan i Shtetit, Antony Blinken i cili \u00ebsht\u00eb sot \u201cnon grata\u201d n\u00eb \u00e7do institucion amerikan. Sot Sali Berisha rreshtohet me figurat bot\u00ebrore politike, si Nelson Mandela q\u00eb n\u00eb vitin 2008 ju hoq \u201cnon grata\u201d. Narendra Modi u shpall po ashtu \u201cnon grata\u201d dhe me ardhjen e Barack Obam\u00ebs ju d\u00ebrgua ftes\u00eb p\u00ebr n\u00eb Sht\u00ebpin\u00eb e Bardh\u00eb. Sot Sali Berisha do t\u00eb jet\u00eb n\u00eb Konvent\u00ebn e Par\u00eb t\u00eb Partis\u00eb Republike me 30 krer\u00eb shtetesh nga IDU\u201d,\u00a0u shpreh K\u00eblli\u00e7i nd\u00ebr t\u00eb tjera.<\/p>\n","protected":false},"excerpt":{"rendered":"<p>4 Shtator 2026 N\u00ebnkryetari i PD-s\u00eb, Belind K\u00eblli\u00e7i ka folur mbr\u00ebmjen e sotme lidhur vizit\u00ebn e kryedemokratit Sali Berisha n\u00eb Shtetet e Bashkuara t\u00eb Amerik\u00ebs. I ftuar n\u00eb \u201cOpinion\u201d, K\u00eblli\u00e7i \u00ebsht\u00eb shprehur s\u00eb dh\u00ebnia e viz\u00ebs s\u00eb Berish\u00ebs \u00ebsht\u00eb b\u00ebr\u00eb me urdh\u00ebr t\u00eb Sekretarit Amerikan t\u00eb Shtetit n\u00eb rr\u00ebzim t\u00eb sanksionit t\u00eb vendosur sipas Seksionit [&hellip;]<\/p>\n","protected":false},"author":9,"featured_media":105906,"comment_status":"open","ping_status":"open","sticky":false,"template":"","format":"standard","meta":{"jetpack_post_was_ever_published":false,"_jetpack_newsletter_access":"","_jetpack_dont_email_post_to_subs":false,"_jetpack_newsletter_tier_id":0,"_jetpack_memberships_contains_paywalled_content":false,"_jetpack_memberships_contains_paid_content":false,"footnotes":"","jetpack_publicize_message":"","jetpack_publicize_feature_enabled":true,"jetpack_social_post_already_shared":true,"jetpack_social_options":{"image_generator_settings":{"template":"highway","default_image_id":0,"font":"","enabled":false},"version":2}},"categories":[27,1,2,35],"tags":[],"class_list":["post-105905","post","type-post","status-publish","format-standard","has-post-thumbnail","hentry","category-blogu-i-udhetarit","category-njoftime-shtypi","category-politika","category-shoqerore"],"jetpack_publicize_connections":[],"jetpack_featured_media_url":"https:\/\/i0.wp.com\/www.shqiperia.com\/blog\/wp-content\/uploads\/2026\/09\/Sali-Berisha.png?fit=900%2C432&ssl=1","jetpack_sharing_enabled":true,"jetpack_shortlink":"https:\/\/wp.me\/p5Z6wp-ry9","jetpack-related-posts":[{"id":101394,"url":"https:\/\/www.shqiperia.com\/blog\/hiqet-non-grata-per-sali-berishen\/","url_meta":{"origin":105905,"position":0},"title":"Hiqet \u2018non grata\u2019 p\u00ebr Sali Berish\u00ebn!","author":"Kurt Farka","date":"June 11, 2026","format":false,"excerpt":"11 Qershor 2026 Departamenti i Shtetit i ka hequr sanksionimin \u201cnon grata\u201d kryetarit t\u00eb Partis\u00eb Demokratike, Sali Berish\u00ebs. Berisha \u00ebsht\u00eb liruar nga sanksionimi i shpallur plot pes\u00eb vite m\u00eb par\u00eb nga ish sekratari i shtetit Blinken q\u00eb i pengonte atij dhe familjes s\u00eb tij hyrjen n\u00eb SHBA. Mazhoranca i tregon\u2026","rel":"","context":"In &quot;Blogu i Udh\u00ebtarit&quot;","block_context":{"text":"Blogu i Udh\u00ebtarit","link":"https:\/\/www.shqiperia.com\/blog\/category\/blogu-i-udhetarit\/"},"img":{"alt_text":"","src":"https:\/\/i0.wp.com\/www.shqiperia.com\/blog\/wp-content\/uploads\/2026\/06\/Sali-Berisha.jpg?fit=1024%2C682&ssl=1&resize=350%2C200","width":350,"height":200,"srcset":"https:\/\/i0.wp.com\/www.shqiperia.com\/blog\/wp-content\/uploads\/2026\/06\/Sali-Berisha.jpg?fit=1024%2C682&ssl=1&resize=350%2C200 1x, https:\/\/i0.wp.com\/www.shqiperia.com\/blog\/wp-content\/uploads\/2026\/06\/Sali-Berisha.jpg?fit=1024%2C682&ssl=1&resize=525%2C300 1.5x, https:\/\/i0.wp.com\/www.shqiperia.com\/blog\/wp-content\/uploads\/2026\/06\/Sali-Berisha.jpg?fit=1024%2C682&ssl=1&resize=700%2C400 2x"},"classes":[]},{"id":87657,"url":"https:\/\/www.shqiperia.com\/blog\/non-grata-e-berishes-do-hiqet-te-jeni-te-qarte-si-drita-e-diellit-kellici-pas-20-janarit-president-i-shba-do-jete-trump-ja-roli-kyc-i-marco-rubio\/","url_meta":{"origin":105905,"position":1},"title":"\u201cNon grata e Berish\u00ebs do hiqet, t\u00eb jeni t\u00eb qart\u00eb si drita e diellit\u201d- K\u00eblli\u00e7i: &#8211; Pas 20 janarit president i SHBA do jet\u00eb Trump, ja roli ky\u00e7 i Marco Rubio","author":"Kurt Farka","date":"December 20, 2024","format":false,"excerpt":"20 Dhjetor 2024 Drejtuesi politik i PD p\u00ebr Tiran\u00ebn, Belind K\u00eblli\u00e7i, u shpreh i sigurt se masa non grata q\u00eb SHBA vendosi ndaj Sali Berish\u00ebs n\u00eb vitin 2021 do t\u00eb hiqet pas ndryshimit t\u00eb administrat\u00ebs s\u00eb SHBA-ve, kur Donald Trump t\u00eb betohet si president i Amerik\u00ebs m\u00eb 20 janar. I\u2026","rel":"","context":"In &quot;Blogu i Udh\u00ebtarit&quot;","block_context":{"text":"Blogu i Udh\u00ebtarit","link":"https:\/\/www.shqiperia.com\/blog\/category\/blogu-i-udhetarit\/"},"img":{"alt_text":"","src":"https:\/\/i0.wp.com\/www.shqiperia.com\/blog\/wp-content\/uploads\/2024\/12\/PDal-1.jpg?fit=1200%2C675&ssl=1&resize=350%2C200","width":350,"height":200,"srcset":"https:\/\/i0.wp.com\/www.shqiperia.com\/blog\/wp-content\/uploads\/2024\/12\/PDal-1.jpg?fit=1200%2C675&ssl=1&resize=350%2C200 1x, https:\/\/i0.wp.com\/www.shqiperia.com\/blog\/wp-content\/uploads\/2024\/12\/PDal-1.jpg?fit=1200%2C675&ssl=1&resize=525%2C300 1.5x, https:\/\/i0.wp.com\/www.shqiperia.com\/blog\/wp-content\/uploads\/2024\/12\/PDal-1.jpg?fit=1200%2C675&ssl=1&resize=700%2C400 2x, https:\/\/i0.wp.com\/www.shqiperia.com\/blog\/wp-content\/uploads\/2024\/12\/PDal-1.jpg?fit=1200%2C675&ssl=1&resize=1050%2C600 3x"},"classes":[]},{"id":105316,"url":"https:\/\/www.shqiperia.com\/blog\/sali-berisha-do-udhetoi-drejt-shba-se-pritet-te-marre-pjese-ne\/","url_meta":{"origin":105905,"position":2},"title":"Sali Berisha do udh\u00ebtoi drejt SHBA-s\u00eb, pritet t\u00eb marr\u00eb pjes\u00eb n\u00eb&#8230;","author":"Kurt Farka","date":"August 27, 2026","format":false,"excerpt":"27 Gusht 2026 Kryetari i Partis\u00eb Demokratike, Sali Berisha, pritet t\u00eb udh\u00ebtoj\u00eb drejt Shteteve t\u00eb Bashkuara t\u00eb Amerik\u00ebs n\u00eb muajin shtator, ku do t\u00eb marr\u00eb pjes\u00eb n\u00eb Konvent\u00ebn e Republikan\u00ebve, e cila do t\u00eb zhvillohet m\u00eb 9 dhe 10 shtator. Berisha do t\u00eb jet\u00eb pjes\u00eb e delegacionit t\u00eb IDU-s\u00eb, Bashkimit\u2026","rel":"","context":"In &quot;Blogu i Udh\u00ebtarit&quot;","block_context":{"text":"Blogu i Udh\u00ebtarit","link":"https:\/\/www.shqiperia.com\/blog\/category\/blogu-i-udhetarit\/"},"img":{"alt_text":"","src":"https:\/\/i0.wp.com\/www.shqiperia.com\/blog\/wp-content\/uploads\/2026\/08\/sali-berisha11.jpg?fit=1083%2C694&ssl=1&resize=350%2C200","width":350,"height":200,"srcset":"https:\/\/i0.wp.com\/www.shqiperia.com\/blog\/wp-content\/uploads\/2026\/08\/sali-berisha11.jpg?fit=1083%2C694&ssl=1&resize=350%2C200 1x, https:\/\/i0.wp.com\/www.shqiperia.com\/blog\/wp-content\/uploads\/2026\/08\/sali-berisha11.jpg?fit=1083%2C694&ssl=1&resize=525%2C300 1.5x, https:\/\/i0.wp.com\/www.shqiperia.com\/blog\/wp-content\/uploads\/2026\/08\/sali-berisha11.jpg?fit=1083%2C694&ssl=1&resize=700%2C400 2x, https:\/\/i0.wp.com\/www.shqiperia.com\/blog\/wp-content\/uploads\/2026\/08\/sali-berisha11.jpg?fit=1083%2C694&ssl=1&resize=1050%2C600 3x"},"classes":[]},{"id":103764,"url":"https:\/\/www.shqiperia.com\/blog\/skandali-i-kazinose-te-stadiumi-kush-fshihet-pas-99-te-aksioneve-ja-e-verteta-e-venezuelianit-cudiberes-te\/","url_meta":{"origin":105905,"position":3},"title":"Skandali i kazinos\u00eb te stadiumi, kush fshihet pas 99% t\u00eb aksioneve, ja e v\u00ebrteta e \u201cVenezuelianit \u00e7udib\u00ebr\u00ebs\u201d te\u2026","author":"Kurt Farka","date":"August 4, 2026","format":false,"excerpt":"4 Gusht 2026 N\u00ebnkryetari i Partis\u00eb Demokratike, Belind K\u00eblli\u00e7i, ka rikthyer n\u00eb v\u00ebmendje \u00e7\u00ebshtjen e aksioneve t\u00eb kazinos\u00eb n\u00eb Air Albania, duke ngritur akuza dhe pik\u00ebpyetje t\u00eb reja lidhur me Olsi Ram\u00ebn, v\u00ebllain e kryeministrit Edi Rama. P\u00ebrmes nj\u00eb reagimi t\u00eb publikuar n\u00eb rrjetet sociale, K\u00eblli\u00e7i pretendon se Olsi Rama\u2026","rel":"","context":"In &quot;Blogu i Udh\u00ebtarit&quot;","block_context":{"text":"Blogu i Udh\u00ebtarit","link":"https:\/\/www.shqiperia.com\/blog\/category\/blogu-i-udhetarit\/"},"img":{"alt_text":"","src":"https:\/\/i0.wp.com\/www.shqiperia.com\/blog\/wp-content\/uploads\/2026\/08\/Capture-6-944x570-1.jpg?fit=944%2C570&ssl=1&resize=350%2C200","width":350,"height":200,"srcset":"https:\/\/i0.wp.com\/www.shqiperia.com\/blog\/wp-content\/uploads\/2026\/08\/Capture-6-944x570-1.jpg?fit=944%2C570&ssl=1&resize=350%2C200 1x, https:\/\/i0.wp.com\/www.shqiperia.com\/blog\/wp-content\/uploads\/2026\/08\/Capture-6-944x570-1.jpg?fit=944%2C570&ssl=1&resize=525%2C300 1.5x, https:\/\/i0.wp.com\/www.shqiperia.com\/blog\/wp-content\/uploads\/2026\/08\/Capture-6-944x570-1.jpg?fit=944%2C570&ssl=1&resize=700%2C400 2x"},"classes":[]},{"id":57402,"url":"https:\/\/www.shqiperia.com\/blog\/kuvendi-kombetar-i-pd-nis-me-nje-dokumentar-punimet-i-hap-belind-kellici\/","url_meta":{"origin":105905,"position":4},"title":"Kuvendi Komb\u00ebtar i PD nis me nj\u00eb dokumentar, punimet i hap Belind K\u00eblli\u00e7i","author":"Kurt Farka","date":"April 30, 2022","format":false,"excerpt":"Kuvendi Komb\u00ebtar i PD nis me nj\u00eb dokumentar, punimet i hap Belind K\u00eblli\u00e7i 30Prill 2022 Kuvendi Komb\u00ebtar i Partis\u00eb Demokratike i cili do t\u00eb mbahet dit\u00ebn e sotme n\u00eb Pallatin e Kongreseve do t\u00eb nis\u00eb me nj\u00eb dokumentar q\u00eb tregon rrug\u00ebtimin e Sali Berish\u00ebs nga shpallja non grata nga ana\u2026","rel":"","context":"In &quot;Politika&quot;","block_context":{"text":"Politika","link":"https:\/\/www.shqiperia.com\/blog\/category\/politika\/"},"img":{"alt_text":"","src":"https:\/\/i0.wp.com\/www.shqiperia.com\/blog\/wp-content\/uploads\/2022\/04\/Capture429-433x300-1.jpg?fit=433%2C300&ssl=1&resize=350%2C200","width":350,"height":200},"classes":[]},{"id":90519,"url":"https:\/\/www.shqiperia.com\/blog\/prova-te-reja-per-taulant-ballen-kellici-ndikim-ne-gjyqesor-ne-favor-te-nje-bande-kriminale-ne-elbasan\/","url_meta":{"origin":105905,"position":5},"title":"&#8220;Prova&#8221; t\u00eb reja p\u00ebr Taulant Ball\u00ebn. K\u00eblli\u00e7i: &#8211; Ndikim n\u00eb gjyq\u00ebsor n\u00eb favor t\u00eb nj\u00eb bande kriminale n\u00eb Elbasan","author":"Kurt Farka","date":"March 17, 2025","format":false,"excerpt":"17 Mars 2025 Drejtuesi politik n\u00eb Qarkun e Tiran\u00ebs, Belind K\u00eblli\u00e7i paralajm\u00ebron publikimin e p\u00ebrgjimeve t\u00eb reja p\u00ebr Taulant Ball\u00ebn dhe lidhjet e tij me bandat kriminale n\u00eb Elbasan dhe dosjen Toyota Auris. Nga SPAK, s\u00eb bashku em mb\u00ebshtet\u00ebs t\u00eb tjer\u00eb demokrat\u00eb ku po paraqitet kryedemokrati Sali Berisha n\u00eb Prokurorin\u00eb\u2026","rel":"","context":"In &quot;Njoftime Shtypi&quot;","block_context":{"text":"Njoftime Shtypi","link":"https:\/\/www.shqiperia.com\/blog\/category\/njoftime-shtypi\/"},"img":{"alt_text":"","src":"https:\/\/i0.wp.com\/www.shqiperia.com\/blog\/wp-content\/uploads\/2025\/03\/taulant-balla.jpeg?fit=1200%2C800&ssl=1&resize=350%2C200","width":350,"height":200,"srcset":"https:\/\/i0.wp.com\/www.shqiperia.com\/blog\/wp-content\/uploads\/2025\/03\/taulant-balla.jpeg?fit=1200%2C800&ssl=1&resize=350%2C200 1x, https:\/\/i0.wp.com\/www.shqiperia.com\/blog\/wp-content\/uploads\/2025\/03\/taulant-balla.jpeg?fit=1200%2C800&ssl=1&resize=525%2C300 1.5x, https:\/\/i0.wp.com\/www.shqiperia.com\/blog\/wp-content\/uploads\/2025\/03\/taulant-balla.jpeg?fit=1200%2C800&ssl=1&resize=700%2C400 2x, https:\/\/i0.wp.com\/www.shqiperia.com\/blog\/wp-content\/uploads\/2025\/03\/taulant-balla.jpeg?fit=1200%2C800&ssl=1&resize=1050%2C600 3x"},"classes":[]}],"_links":{"self":[{"href":"https:\/\/www.shqiperia.com\/blog\/wp-json\/wp\/v2\/posts\/105905","targetHints":{"allow":["GET"]}}],"collection":[{"href":"https:\/\/www.shqiperia.com\/blog\/wp-json\/wp\/v2\/posts"}],"about":[{"href":"https:\/\/www.shqiperia.com\/blog\/wp-json\/wp\/v2\/types\/post"}],"author":[{"embeddable":true,"href":"https:\/\/www.shqiperia.com\/blog\/wp-json\/wp\/v2\/users\/9"}],"replies":[{"embeddable":true,"href":"https:\/\/www.shqiperia.com\/blog\/wp-json\/wp\/v2\/comments?post=105905"}],"version-history":[{"count":1,"href":"https:\/\/www.shqiperia.com\/blog\/wp-json\/wp\/v2\/posts\/105905\/revisions"}],"predecessor-version":[{"id":105907,"href":"https:\/\/www.shqiperia.com\/blog\/wp-json\/wp\/v2\/posts\/105905\/revisions\/105907"}],"wp:featuredmedia":[{"embeddable":true,"href":"https:\/\/www.shqiperia.com\/blog\/wp-json\/wp\/v2\/media\/105906"}],"wp:attachment":[{"href":"https:\/\/www.shqiperia.com\/blog\/wp-json\/wp\/v2\/media?parent=105905"}],"wp:term":[{"taxonomy":"category","embeddable":true,"href":"https:\/\/www.shqiperia.com\/blog\/wp-json\/wp\/v2\/categories?post=105905"},{"taxonomy":"post_tag","embeddable":true,"href":"https:\/\/www.shqiperia.com\/blog\/wp-json\/wp\/v2\/tags?post=105905"}],"curies":[{"name":"wp","href":"https:\/\/api.w.org\/{rel}","templated":true}]}}