{"id":105897,"date":"2026-09-03T21:31:51","date_gmt":"2026-09-03T21:31:51","guid":{"rendered":"https:\/\/www.shqiperia.com\/blog\/?p=105897"},"modified":"2026-09-03T21:31:51","modified_gmt":"2026-09-03T21:31:51","slug":"bbc-wildlife-zbulim-i-rralle-ne-brigjet-e-shqiperise-151-specie-jetojne-ne-rrenojat-e-anijes-po-ne-vlore","status":"publish","type":"post","link":"https:\/\/www.shqiperia.com\/blog\/bbc-wildlife-zbulim-i-rralle-ne-brigjet-e-shqiperise-151-specie-jetojne-ne-rrenojat-e-anijes-po-ne-vlore\/","title":{"rendered":"\u201cBBC Wildlife\u201d: &#8211; Zbulim i rrall\u00eb n\u00eb brigjet e Shqip\u00ebris\u00eb, 151 specie jetojn\u00eb n\u00eb rr\u00ebnojat e anijes \u201cPo\u201d n\u00eb Vlor\u00eb"},"content":{"rendered":"<p data-a11y-orig-inline=\"\" data-a11y-base-fs=\"18\"><img data-recalc-dims=\"1\" loading=\"lazy\" decoding=\"async\" data-attachment-id=\"105898\" data-permalink=\"https:\/\/www.shqiperia.com\/blog\/bbc-wildlife-zbulim-i-rralle-ne-brigjet-e-shqiperise-151-specie-jetojne-ne-rrenojat-e-anijes-po-ne-vlore\/151-specie-jetojne-ne-rrenojat-e-anijes-po-ne-vlore-3\/\" data-orig-file=\"https:\/\/i0.wp.com\/www.shqiperia.com\/blog\/wp-content\/uploads\/2026\/09\/151-specie-jetojne-ne-rrenojat-e-anijes-Po-ne-Vlore-3.jpeg?fit=640%2C448&amp;ssl=1\" data-orig-size=\"640,448\" data-comments-opened=\"1\" data-image-meta=\"{&quot;aperture&quot;:&quot;0&quot;,&quot;credit&quot;:&quot;&quot;,&quot;camera&quot;:&quot;&quot;,&quot;caption&quot;:&quot;&quot;,&quot;created_timestamp&quot;:&quot;0&quot;,&quot;copyright&quot;:&quot;&quot;,&quot;focal_length&quot;:&quot;0&quot;,&quot;iso&quot;:&quot;0&quot;,&quot;shutter_speed&quot;:&quot;0&quot;,&quot;title&quot;:&quot;&quot;,&quot;orientation&quot;:&quot;0&quot;}\" data-image-title=\"151 specie jetojn\u00eb n\u00eb rr\u00ebnojat e anijes \u201cPo\u201d n\u00eb Vlor\u00eb (3)\" data-image-description=\"\" data-image-caption=\"\" data-medium-file=\"https:\/\/i0.wp.com\/www.shqiperia.com\/blog\/wp-content\/uploads\/2026\/09\/151-specie-jetojne-ne-rrenojat-e-anijes-Po-ne-Vlore-3.jpeg?fit=300%2C210&amp;ssl=1\" data-large-file=\"https:\/\/i0.wp.com\/www.shqiperia.com\/blog\/wp-content\/uploads\/2026\/09\/151-specie-jetojne-ne-rrenojat-e-anijes-Po-ne-Vlore-3.jpeg?fit=640%2C448&amp;ssl=1\" class=\"alignnone  wp-image-105898\" alt=\"\" src=\"https:\/\/i0.wp.com\/www.shqiperia.com\/blog\/wp-content\/uploads\/2026\/09\/151-specie-jetojne-ne-rrenojat-e-anijes-Po-ne-Vlore-3.jpeg?resize=589%2C412&#038;ssl=1\" width=\"589\" height=\"412\" srcset=\"https:\/\/i0.wp.com\/www.shqiperia.com\/blog\/wp-content\/uploads\/2026\/09\/151-specie-jetojne-ne-rrenojat-e-anijes-Po-ne-Vlore-3.jpeg?resize=300%2C210&amp;ssl=1 300w, https:\/\/i0.wp.com\/www.shqiperia.com\/blog\/wp-content\/uploads\/2026\/09\/151-specie-jetojne-ne-rrenojat-e-anijes-Po-ne-Vlore-3.jpeg?resize=450%2C315&amp;ssl=1 450w, https:\/\/i0.wp.com\/www.shqiperia.com\/blog\/wp-content\/uploads\/2026\/09\/151-specie-jetojne-ne-rrenojat-e-anijes-Po-ne-Vlore-3.jpeg?resize=600%2C420&amp;ssl=1 600w, https:\/\/i0.wp.com\/www.shqiperia.com\/blog\/wp-content\/uploads\/2026\/09\/151-specie-jetojne-ne-rrenojat-e-anijes-Po-ne-Vlore-3.jpeg?resize=400%2C280&amp;ssl=1 400w, https:\/\/i0.wp.com\/www.shqiperia.com\/blog\/wp-content\/uploads\/2026\/09\/151-specie-jetojne-ne-rrenojat-e-anijes-Po-ne-Vlore-3.jpeg?w=640&amp;ssl=1 640w\" sizes=\"auto, (max-width: 589px) 100vw, 589px\" \/><\/p>\n<p data-a11y-orig-inline=\"\" data-a11y-base-fs=\"18\">3 Shtator 2026<\/p>\n<p data-a11y-orig-inline=\"\" data-a11y-base-fs=\"18\">Studiuesit kan\u00eb zbuluar 151 specie q\u00eb jetojn\u00eb n\u00eb dhe p\u00ebrreth rr\u00ebnojave t\u00eb saj, p\u00ebrfshir\u00eb edhe fok\u00ebn mesdhetare, nj\u00eb nga gjitar\u00ebt m\u00eb t\u00eb rrall\u00eb dhe m\u00eb t\u00eb rrezikuar t\u00eb Mesdheut.<\/p>\n<p data-a11y-orig-inline=\"\" data-a11y-base-fs=\"18\">Nj\u00eb anije spitalore e Luft\u00ebs s\u00eb Dyt\u00eb Bot\u00ebrore, e mbytur n\u00eb vitin 1941 n\u00eb brigjet e Shqip\u00ebris\u00eb, \u00ebsht\u00eb shnd\u00ebrruar dekada m\u00eb von\u00eb n\u00eb nj\u00eb ekosistem t\u00eb pasur n\u00ebnujor, sipas medias britanike \u201cBBC Wildlife\u201d.<\/p>\n<p data-a11y-orig-inline=\"\" data-a11y-base-fs=\"18\">Zbulimi i specieve d\u00ebshmon r\u00ebnd\u00ebsin\u00eb ekologjike t\u00eb k\u00ebtij ekosistemi n\u00ebnujor, i cili \u00ebsht\u00eb shnd\u00ebrruar n\u00eb streh\u00eb p\u00ebr nj\u00eb biodiversitet t\u00eb pasur.<\/p>\n<p data-a11y-orig-inline=\"\" data-a11y-base-fs=\"18\">Prania e fok\u00ebs mesdhetare e rrit edhe m\u00eb tej vler\u00ebn e k\u00ebtij habitati dhe n\u00ebnvizon nevoj\u00ebn p\u00ebr mbrojtjen e tij.<\/p>\n<p data-a11y-orig-inline=\"\" data-a11y-base-fs=\"18\">Zhyt\u00ebsit zbrit\u00ebn n\u00eb rr\u00ebnojat e anijes dhe zbuluan nj\u00eb gjitar t\u00eb rrall\u00eb mes tyre.<\/p>\n<div id=\"attachment_105899\" style=\"width: 651px\" class=\"wp-caption alignnone\"><img data-recalc-dims=\"1\" loading=\"lazy\" decoding=\"async\" aria-describedby=\"caption-attachment-105899\" data-attachment-id=\"105899\" data-permalink=\"https:\/\/www.shqiperia.com\/blog\/bbc-wildlife-zbulim-i-rralle-ne-brigjet-e-shqiperise-151-specie-jetojne-ne-rrenojat-e-anijes-po-ne-vlore\/151-specie-jetojne-ne-rrenojat-e-anijes-po-ne-vlore-2\/\" data-orig-file=\"https:\/\/i0.wp.com\/www.shqiperia.com\/blog\/wp-content\/uploads\/2026\/09\/151-specie-jetojne-ne-rrenojat-e-anijes-Po-ne-Vlore-2.jpeg?fit=640%2C450&amp;ssl=1\" data-orig-size=\"640,450\" data-comments-opened=\"1\" data-image-meta=\"{&quot;aperture&quot;:&quot;0&quot;,&quot;credit&quot;:&quot;&quot;,&quot;camera&quot;:&quot;&quot;,&quot;caption&quot;:&quot;&quot;,&quot;created_timestamp&quot;:&quot;0&quot;,&quot;copyright&quot;:&quot;&quot;,&quot;focal_length&quot;:&quot;0&quot;,&quot;iso&quot;:&quot;0&quot;,&quot;shutter_speed&quot;:&quot;0&quot;,&quot;title&quot;:&quot;&quot;,&quot;orientation&quot;:&quot;0&quot;}\" data-image-title=\"151 specie jetojn\u00eb n\u00eb rr\u00ebnojat e anijes \u201cPo\u201d n\u00eb Vlor\u00eb (2)\" data-image-description=\"\" data-image-caption=\"&lt;p&gt;151 specie jetojn\u00eb n\u00eb rr\u00ebnojat e anijes \u201cPo\u201d n\u00eb Vlor\u00eb&lt;\/p&gt;\n\" data-medium-file=\"https:\/\/i0.wp.com\/www.shqiperia.com\/blog\/wp-content\/uploads\/2026\/09\/151-specie-jetojne-ne-rrenojat-e-anijes-Po-ne-Vlore-2.jpeg?fit=300%2C211&amp;ssl=1\" data-large-file=\"https:\/\/i0.wp.com\/www.shqiperia.com\/blog\/wp-content\/uploads\/2026\/09\/151-specie-jetojne-ne-rrenojat-e-anijes-Po-ne-Vlore-2.jpeg?fit=640%2C450&amp;ssl=1\" class=\" wp-image-105899\" alt=\"\" src=\"https:\/\/i0.wp.com\/www.shqiperia.com\/blog\/wp-content\/uploads\/2026\/09\/151-specie-jetojne-ne-rrenojat-e-anijes-Po-ne-Vlore-2.jpeg?resize=641%2C451&#038;ssl=1\" width=\"641\" height=\"451\" srcset=\"https:\/\/i0.wp.com\/www.shqiperia.com\/blog\/wp-content\/uploads\/2026\/09\/151-specie-jetojne-ne-rrenojat-e-anijes-Po-ne-Vlore-2.jpeg?resize=300%2C211&amp;ssl=1 300w, https:\/\/i0.wp.com\/www.shqiperia.com\/blog\/wp-content\/uploads\/2026\/09\/151-specie-jetojne-ne-rrenojat-e-anijes-Po-ne-Vlore-2.jpeg?resize=450%2C316&amp;ssl=1 450w, https:\/\/i0.wp.com\/www.shqiperia.com\/blog\/wp-content\/uploads\/2026\/09\/151-specie-jetojne-ne-rrenojat-e-anijes-Po-ne-Vlore-2.jpeg?resize=600%2C422&amp;ssl=1 600w, https:\/\/i0.wp.com\/www.shqiperia.com\/blog\/wp-content\/uploads\/2026\/09\/151-specie-jetojne-ne-rrenojat-e-anijes-Po-ne-Vlore-2.jpeg?resize=400%2C281&amp;ssl=1 400w, https:\/\/i0.wp.com\/www.shqiperia.com\/blog\/wp-content\/uploads\/2026\/09\/151-specie-jetojne-ne-rrenojat-e-anijes-Po-ne-Vlore-2.jpeg?w=640&amp;ssl=1 640w\" sizes=\"auto, (max-width: 641px) 100vw, 641px\" \/><p id=\"caption-attachment-105899\" class=\"wp-caption-text\">151 specie jetojn\u00eb n\u00eb rr\u00ebnojat e anijes \u201cPo\u201d n\u00eb Vlor\u00eb.<\/p><\/div>\n<div id=\"attachment_105900\" style=\"width: 663px\" class=\"wp-caption alignnone\"><img data-recalc-dims=\"1\" loading=\"lazy\" decoding=\"async\" aria-describedby=\"caption-attachment-105900\" data-attachment-id=\"105900\" data-permalink=\"https:\/\/www.shqiperia.com\/blog\/bbc-wildlife-zbulim-i-rralle-ne-brigjet-e-shqiperise-151-specie-jetojne-ne-rrenojat-e-anijes-po-ne-vlore\/151-specie-jetojne-ne-rrenojat-e-anijes-po-ne-vlore-4\/\" data-orig-file=\"https:\/\/i0.wp.com\/www.shqiperia.com\/blog\/wp-content\/uploads\/2026\/09\/151-specie-jetojne-ne-rrenojat-e-anijes-Po-ne-Vlore-4.jpeg?fit=640%2C431&amp;ssl=1\" data-orig-size=\"640,431\" data-comments-opened=\"1\" data-image-meta=\"{&quot;aperture&quot;:&quot;0&quot;,&quot;credit&quot;:&quot;&quot;,&quot;camera&quot;:&quot;&quot;,&quot;caption&quot;:&quot;&quot;,&quot;created_timestamp&quot;:&quot;0&quot;,&quot;copyright&quot;:&quot;&quot;,&quot;focal_length&quot;:&quot;0&quot;,&quot;iso&quot;:&quot;0&quot;,&quot;shutter_speed&quot;:&quot;0&quot;,&quot;title&quot;:&quot;&quot;,&quot;orientation&quot;:&quot;0&quot;}\" data-image-title=\"151 specie jetojn\u00eb n\u00eb rr\u00ebnojat e anijes \u201cPo\u201d n\u00eb Vlor\u00eb (4)\" data-image-description=\"\" data-image-caption=\"&lt;p&gt;151 specie jetojn\u00eb n\u00eb rr\u00ebnojat e anijes \u201cPo\u201d n\u00eb Vlor\u00eb&lt;\/p&gt;\n\" data-medium-file=\"https:\/\/i0.wp.com\/www.shqiperia.com\/blog\/wp-content\/uploads\/2026\/09\/151-specie-jetojne-ne-rrenojat-e-anijes-Po-ne-Vlore-4.jpeg?fit=300%2C202&amp;ssl=1\" data-large-file=\"https:\/\/i0.wp.com\/www.shqiperia.com\/blog\/wp-content\/uploads\/2026\/09\/151-specie-jetojne-ne-rrenojat-e-anijes-Po-ne-Vlore-4.jpeg?fit=640%2C431&amp;ssl=1\" class=\" wp-image-105900\" alt=\"\" src=\"https:\/\/i0.wp.com\/www.shqiperia.com\/blog\/wp-content\/uploads\/2026\/09\/151-specie-jetojne-ne-rrenojat-e-anijes-Po-ne-Vlore-4.jpeg?resize=653%2C440&#038;ssl=1\" width=\"653\" height=\"440\" srcset=\"https:\/\/i0.wp.com\/www.shqiperia.com\/blog\/wp-content\/uploads\/2026\/09\/151-specie-jetojne-ne-rrenojat-e-anijes-Po-ne-Vlore-4.jpeg?resize=300%2C202&amp;ssl=1 300w, https:\/\/i0.wp.com\/www.shqiperia.com\/blog\/wp-content\/uploads\/2026\/09\/151-specie-jetojne-ne-rrenojat-e-anijes-Po-ne-Vlore-4.jpeg?resize=450%2C303&amp;ssl=1 450w, https:\/\/i0.wp.com\/www.shqiperia.com\/blog\/wp-content\/uploads\/2026\/09\/151-specie-jetojne-ne-rrenojat-e-anijes-Po-ne-Vlore-4.jpeg?resize=600%2C404&amp;ssl=1 600w, https:\/\/i0.wp.com\/www.shqiperia.com\/blog\/wp-content\/uploads\/2026\/09\/151-specie-jetojne-ne-rrenojat-e-anijes-Po-ne-Vlore-4.jpeg?resize=400%2C269&amp;ssl=1 400w, https:\/\/i0.wp.com\/www.shqiperia.com\/blog\/wp-content\/uploads\/2026\/09\/151-specie-jetojne-ne-rrenojat-e-anijes-Po-ne-Vlore-4.jpeg?w=640&amp;ssl=1 640w\" sizes=\"auto, (max-width: 653px) 100vw, 653px\" \/><p id=\"caption-attachment-105900\" class=\"wp-caption-text\">151 specie jetojn\u00eb n\u00eb rr\u00ebnojat e anijes \u201cPo\u201d n\u00eb Vlor\u00eb.<\/p><\/div>\n<div id=\"attachment_105901\" style=\"width: 660px\" class=\"wp-caption alignnone\"><img data-recalc-dims=\"1\" loading=\"lazy\" decoding=\"async\" aria-describedby=\"caption-attachment-105901\" data-attachment-id=\"105901\" data-permalink=\"https:\/\/www.shqiperia.com\/blog\/bbc-wildlife-zbulim-i-rralle-ne-brigjet-e-shqiperise-151-specie-jetojne-ne-rrenojat-e-anijes-po-ne-vlore\/151-specie-jetojne-ne-rrenojat-e-anijes-po-ne-vlore-5\/\" data-orig-file=\"https:\/\/i0.wp.com\/www.shqiperia.com\/blog\/wp-content\/uploads\/2026\/09\/151-specie-jetojne-ne-rrenojat-e-anijes-Po-ne-Vlore-5.jpeg?fit=640%2C439&amp;ssl=1\" data-orig-size=\"640,439\" data-comments-opened=\"1\" data-image-meta=\"{&quot;aperture&quot;:&quot;0&quot;,&quot;credit&quot;:&quot;&quot;,&quot;camera&quot;:&quot;&quot;,&quot;caption&quot;:&quot;&quot;,&quot;created_timestamp&quot;:&quot;0&quot;,&quot;copyright&quot;:&quot;&quot;,&quot;focal_length&quot;:&quot;0&quot;,&quot;iso&quot;:&quot;0&quot;,&quot;shutter_speed&quot;:&quot;0&quot;,&quot;title&quot;:&quot;&quot;,&quot;orientation&quot;:&quot;0&quot;}\" data-image-title=\"151 specie jetojn\u00eb n\u00eb rr\u00ebnojat e anijes \u201cPo\u201d n\u00eb Vlor\u00eb (5)\" data-image-description=\"\" data-image-caption=\"&lt;p&gt;151 specie jetojn\u00eb n\u00eb rr\u00ebnojat e anijes \u201cPo\u201d n\u00eb Vlor\u00eb&lt;\/p&gt;\n\" data-medium-file=\"https:\/\/i0.wp.com\/www.shqiperia.com\/blog\/wp-content\/uploads\/2026\/09\/151-specie-jetojne-ne-rrenojat-e-anijes-Po-ne-Vlore-5.jpeg?fit=300%2C206&amp;ssl=1\" data-large-file=\"https:\/\/i0.wp.com\/www.shqiperia.com\/blog\/wp-content\/uploads\/2026\/09\/151-specie-jetojne-ne-rrenojat-e-anijes-Po-ne-Vlore-5.jpeg?fit=640%2C439&amp;ssl=1\" class=\" wp-image-105901\" alt=\"\" src=\"https:\/\/i0.wp.com\/www.shqiperia.com\/blog\/wp-content\/uploads\/2026\/09\/151-specie-jetojne-ne-rrenojat-e-anijes-Po-ne-Vlore-5.jpeg?resize=650%2C446&#038;ssl=1\" width=\"650\" height=\"446\" srcset=\"https:\/\/i0.wp.com\/www.shqiperia.com\/blog\/wp-content\/uploads\/2026\/09\/151-specie-jetojne-ne-rrenojat-e-anijes-Po-ne-Vlore-5.jpeg?resize=300%2C206&amp;ssl=1 300w, https:\/\/i0.wp.com\/www.shqiperia.com\/blog\/wp-content\/uploads\/2026\/09\/151-specie-jetojne-ne-rrenojat-e-anijes-Po-ne-Vlore-5.jpeg?resize=450%2C309&amp;ssl=1 450w, https:\/\/i0.wp.com\/www.shqiperia.com\/blog\/wp-content\/uploads\/2026\/09\/151-specie-jetojne-ne-rrenojat-e-anijes-Po-ne-Vlore-5.jpeg?resize=600%2C412&amp;ssl=1 600w, https:\/\/i0.wp.com\/www.shqiperia.com\/blog\/wp-content\/uploads\/2026\/09\/151-specie-jetojne-ne-rrenojat-e-anijes-Po-ne-Vlore-5.jpeg?resize=235%2C160&amp;ssl=1 235w, https:\/\/i0.wp.com\/www.shqiperia.com\/blog\/wp-content\/uploads\/2026\/09\/151-specie-jetojne-ne-rrenojat-e-anijes-Po-ne-Vlore-5.jpeg?resize=400%2C274&amp;ssl=1 400w, https:\/\/i0.wp.com\/www.shqiperia.com\/blog\/wp-content\/uploads\/2026\/09\/151-specie-jetojne-ne-rrenojat-e-anijes-Po-ne-Vlore-5.jpeg?w=640&amp;ssl=1 640w\" sizes=\"auto, (max-width: 650px) 100vw, 650px\" \/><p id=\"caption-attachment-105901\" class=\"wp-caption-text\">151 specie jetojn\u00eb n\u00eb rr\u00ebnojat e anijes \u201cPo\u201d n\u00eb Vlor\u00eb<\/p><\/div>\n<p data-a11y-orig-inline=\"\" data-a11y-base-fs=\"18\">Anija e mbytur, 135 metra e gjat\u00eb, \u00ebsht\u00eb shnd\u00ebrruar n\u00eb nj\u00eb shk\u00ebmb n\u00ebnujor artificial, ku jetojn\u00eb lloje t\u00eb ndryshme peshqish, kallamar\u00eb dhe foka mesdhetare, nj\u00eb nga gjitar\u00ebt m\u00eb t\u00eb rrall\u00eb t\u00eb Mesdheut dhe nj\u00eb specie e rrezikuar n\u00eb m\u00ebnyr\u00eb kritike.<\/p>\n<p data-a11y-orig-inline=\"\" data-a11y-base-fs=\"18\">85 vjet m\u00eb par\u00eb, anija spitalore e Luft\u00ebs s\u00eb Dyt\u00eb Bot\u00ebrore, e quajtur \u201cPo\u201d, u mbyt n\u00eb brigjet e Shqip\u00ebris\u00eb.<\/p>\n<p data-a11y-orig-inline=\"\" data-a11y-base-fs=\"18\">Sot, mbetjet e saj t\u00eb ndryshkura jan\u00eb shnd\u00ebrruar n\u00eb nj\u00eb shk\u00ebmb n\u00ebnujor artificial, t\u00eb mbushur me forma t\u00eb ndryshme t\u00eb jet\u00ebs detare, nga sfungjer\u00ebt dhe ascidiet deri te peshqit luan, kallamar\u00ebt dhe nj\u00eb prej gjitar\u00ebve m\u00eb t\u00eb rrall\u00eb t\u00eb Mesdheut.<\/p>\n<p data-a11y-orig-inline=\"\" data-a11y-base-fs=\"18\">Anija, e gjat\u00eb 135 metra, p\u00ebrfundoi n\u00eb shtratin e detit, rreth 1,6 kilometra nga bregu dhe 35 metra n\u00ebn sip\u00ebrfaqen e ujit, ku q\u00ebndroi kryesisht e paprekur deri n\u00eb vitin 2005, kur u lokalizua nga zhyt\u00ebsit.<\/p>\n<div id=\"attachment_105902\" style=\"width: 714px\" class=\"wp-caption alignnone\"><img data-recalc-dims=\"1\" loading=\"lazy\" decoding=\"async\" aria-describedby=\"caption-attachment-105902\" data-attachment-id=\"105902\" data-permalink=\"https:\/\/www.shqiperia.com\/blog\/bbc-wildlife-zbulim-i-rralle-ne-brigjet-e-shqiperise-151-specie-jetojne-ne-rrenojat-e-anijes-po-ne-vlore\/151-specie-jetojne-ne-rrenojat-e-anijes-po-ne-vlore-6\/\" data-orig-file=\"https:\/\/i0.wp.com\/www.shqiperia.com\/blog\/wp-content\/uploads\/2026\/09\/151-specie-jetojne-ne-rrenojat-e-anijes-Po-ne-Vlore-6.jpeg?fit=640%2C427&amp;ssl=1\" data-orig-size=\"640,427\" data-comments-opened=\"1\" data-image-meta=\"{&quot;aperture&quot;:&quot;0&quot;,&quot;credit&quot;:&quot;&quot;,&quot;camera&quot;:&quot;&quot;,&quot;caption&quot;:&quot;&quot;,&quot;created_timestamp&quot;:&quot;0&quot;,&quot;copyright&quot;:&quot;&quot;,&quot;focal_length&quot;:&quot;0&quot;,&quot;iso&quot;:&quot;0&quot;,&quot;shutter_speed&quot;:&quot;0&quot;,&quot;title&quot;:&quot;&quot;,&quot;orientation&quot;:&quot;0&quot;}\" data-image-title=\"151 specie jetojn\u00eb n\u00eb rr\u00ebnojat e anijes \u201cPo\u201d n\u00eb Vlor\u00eb (6)\" data-image-description=\"\" data-image-caption=\"&lt;p&gt;151 specie jetojn\u00eb n\u00eb rr\u00ebnojat e anijes \u201cPo\u201d n\u00eb Vlor\u00eb&lt;\/p&gt;\n\" data-medium-file=\"https:\/\/i0.wp.com\/www.shqiperia.com\/blog\/wp-content\/uploads\/2026\/09\/151-specie-jetojne-ne-rrenojat-e-anijes-Po-ne-Vlore-6.jpeg?fit=300%2C200&amp;ssl=1\" data-large-file=\"https:\/\/i0.wp.com\/www.shqiperia.com\/blog\/wp-content\/uploads\/2026\/09\/151-specie-jetojne-ne-rrenojat-e-anijes-Po-ne-Vlore-6.jpeg?fit=640%2C427&amp;ssl=1\" class=\" wp-image-105902\" alt=\"\" src=\"https:\/\/i0.wp.com\/www.shqiperia.com\/blog\/wp-content\/uploads\/2026\/09\/151-specie-jetojne-ne-rrenojat-e-anijes-Po-ne-Vlore-6.jpeg?resize=704%2C469&#038;ssl=1\" width=\"704\" height=\"469\" srcset=\"https:\/\/i0.wp.com\/www.shqiperia.com\/blog\/wp-content\/uploads\/2026\/09\/151-specie-jetojne-ne-rrenojat-e-anijes-Po-ne-Vlore-6.jpeg?resize=300%2C200&amp;ssl=1 300w, https:\/\/i0.wp.com\/www.shqiperia.com\/blog\/wp-content\/uploads\/2026\/09\/151-specie-jetojne-ne-rrenojat-e-anijes-Po-ne-Vlore-6.jpeg?resize=600%2C400&amp;ssl=1 600w, https:\/\/i0.wp.com\/www.shqiperia.com\/blog\/wp-content\/uploads\/2026\/09\/151-specie-jetojne-ne-rrenojat-e-anijes-Po-ne-Vlore-6.jpeg?resize=450%2C300&amp;ssl=1 450w, https:\/\/i0.wp.com\/www.shqiperia.com\/blog\/wp-content\/uploads\/2026\/09\/151-specie-jetojne-ne-rrenojat-e-anijes-Po-ne-Vlore-6.jpeg?resize=400%2C267&amp;ssl=1 400w, https:\/\/i0.wp.com\/www.shqiperia.com\/blog\/wp-content\/uploads\/2026\/09\/151-specie-jetojne-ne-rrenojat-e-anijes-Po-ne-Vlore-6.jpeg?w=640&amp;ssl=1 640w\" sizes=\"auto, (max-width: 704px) 100vw, 704px\" \/><p id=\"caption-attachment-105902\" class=\"wp-caption-text\">151 specie jetojn\u00eb n\u00eb rr\u00ebnojat e anijes \u201cPo\u201d n\u00eb Vlor\u00eb.<\/p><\/div>\n<div id=\"attachment_105903\" style=\"width: 723px\" class=\"wp-caption alignnone\"><img data-recalc-dims=\"1\" loading=\"lazy\" decoding=\"async\" aria-describedby=\"caption-attachment-105903\" data-attachment-id=\"105903\" data-permalink=\"https:\/\/www.shqiperia.com\/blog\/bbc-wildlife-zbulim-i-rralle-ne-brigjet-e-shqiperise-151-specie-jetojne-ne-rrenojat-e-anijes-po-ne-vlore\/151-specie-jetojne-ne-rrenojat-e-anijes-po-ne-vlore\/\" data-orig-file=\"https:\/\/i0.wp.com\/www.shqiperia.com\/blog\/wp-content\/uploads\/2026\/09\/151-specie-jetojne-ne-rrenojat-e-anijes-Po-ne-Vlore.jpeg?fit=640%2C471&amp;ssl=1\" data-orig-size=\"640,471\" data-comments-opened=\"1\" data-image-meta=\"{&quot;aperture&quot;:&quot;0&quot;,&quot;credit&quot;:&quot;&quot;,&quot;camera&quot;:&quot;&quot;,&quot;caption&quot;:&quot;&quot;,&quot;created_timestamp&quot;:&quot;0&quot;,&quot;copyright&quot;:&quot;&quot;,&quot;focal_length&quot;:&quot;0&quot;,&quot;iso&quot;:&quot;0&quot;,&quot;shutter_speed&quot;:&quot;0&quot;,&quot;title&quot;:&quot;&quot;,&quot;orientation&quot;:&quot;0&quot;}\" data-image-title=\"151 specie jetojn\u00eb n\u00eb rr\u00ebnojat e anijes \u201cPo\u201d n\u00eb Vlor\u00eb\" data-image-description=\"\" data-image-caption=\"&lt;p&gt;151 specie jetojn\u00eb n\u00eb rr\u00ebnojat e anijes \u201cPo\u201d n\u00eb Vlor\u00eb&lt;\/p&gt;\n\" data-medium-file=\"https:\/\/i0.wp.com\/www.shqiperia.com\/blog\/wp-content\/uploads\/2026\/09\/151-specie-jetojne-ne-rrenojat-e-anijes-Po-ne-Vlore.jpeg?fit=300%2C221&amp;ssl=1\" data-large-file=\"https:\/\/i0.wp.com\/www.shqiperia.com\/blog\/wp-content\/uploads\/2026\/09\/151-specie-jetojne-ne-rrenojat-e-anijes-Po-ne-Vlore.jpeg?fit=640%2C471&amp;ssl=1\" class=\" wp-image-105903\" alt=\"\" src=\"https:\/\/i0.wp.com\/www.shqiperia.com\/blog\/wp-content\/uploads\/2026\/09\/151-specie-jetojne-ne-rrenojat-e-anijes-Po-ne-Vlore.jpeg?resize=713%2C525&#038;ssl=1\" width=\"713\" height=\"525\" srcset=\"https:\/\/i0.wp.com\/www.shqiperia.com\/blog\/wp-content\/uploads\/2026\/09\/151-specie-jetojne-ne-rrenojat-e-anijes-Po-ne-Vlore.jpeg?resize=300%2C221&amp;ssl=1 300w, https:\/\/i0.wp.com\/www.shqiperia.com\/blog\/wp-content\/uploads\/2026\/09\/151-specie-jetojne-ne-rrenojat-e-anijes-Po-ne-Vlore.jpeg?resize=450%2C331&amp;ssl=1 450w, https:\/\/i0.wp.com\/www.shqiperia.com\/blog\/wp-content\/uploads\/2026\/09\/151-specie-jetojne-ne-rrenojat-e-anijes-Po-ne-Vlore.jpeg?resize=600%2C442&amp;ssl=1 600w, https:\/\/i0.wp.com\/www.shqiperia.com\/blog\/wp-content\/uploads\/2026\/09\/151-specie-jetojne-ne-rrenojat-e-anijes-Po-ne-Vlore.jpeg?resize=400%2C294&amp;ssl=1 400w, https:\/\/i0.wp.com\/www.shqiperia.com\/blog\/wp-content\/uploads\/2026\/09\/151-specie-jetojne-ne-rrenojat-e-anijes-Po-ne-Vlore.jpeg?w=640&amp;ssl=1 640w\" sizes=\"auto, (max-width: 713px) 100vw, 713px\" \/><p id=\"caption-attachment-105903\" class=\"wp-caption-text\">151 specie jetojn\u00eb n\u00eb rr\u00ebnojat e anijes \u201cPo\u201d n\u00eb Vlor\u00eb<\/p><\/div>\n<p data-a11y-orig-inline=\"\" data-a11y-base-fs=\"18\">Q\u00eb prej at\u00ebher\u00eb, ajo \u00ebsht\u00eb shnd\u00ebrruar n\u00eb nj\u00eb destinacion p\u00ebr turizmin arkeologjik, si dhe n\u00eb objekt t\u00eb k\u00ebrkimeve shkencore.<\/p>\n<p data-a11y-orig-inline=\"\" data-a11y-base-fs=\"18\">Studiuesit italian\u00eb donin t\u00eb p\u00ebrcaktonin se si trupi i anijes kishte ndikuar n\u00eb form\u00ebsimin e ekosistemit detar lokal.<\/p>\n<p data-a11y-orig-inline=\"\" data-a11y-base-fs=\"18\">P\u00ebr k\u00ebt\u00eb arsye, gjat\u00eb periudh\u00ebs 2022\u20132024, ata kryen 32 zhytje n\u00ebn uj\u00eb dhe p\u00ebrdor\u00ebn studime me sonar me rezolucion t\u00eb lart\u00eb, si dhe fotografi tredimensionale, p\u00ebr t\u00eb dokumentuar rr\u00ebnojat e anijes dhe mjedisin p\u00ebrreth tyre.<\/p>\n<p data-a11y-orig-inline=\"\" data-a11y-base-fs=\"18\">Gjetjet, t\u00eb publikuara n\u00eb revist\u00ebn shkencore \u201cFrontiers in Ocean Sustainability\u201d, zbuluan nj\u00eb larmi t\u00eb madhe t\u00eb jet\u00ebs detare, duke identifikuar gjithsej 151 specie.<\/p>\n<p data-a11y-orig-inline=\"\" data-a11y-base-fs=\"18\">M\u00eb shum\u00eb se 80 p\u00ebr qind e sip\u00ebrfaqes s\u00eb anijes \u00ebsht\u00eb kolonizuar nga sfungjer\u00eb, ascidie (kafsh\u00eb detare t\u00eb vogla), midhje, goca deti dhe organizma t\u00eb tjer\u00eb jovertebror\u00eb.<\/p>\n<p data-a11y-orig-inline=\"\" data-a11y-base-fs=\"18\">\u201cFlet\u00ebt metalike ofrojn\u00eb nj\u00eb sip\u00ebrfaqe t\u00eb fort\u00eb ku mund t\u00eb zhvillohet jeta detare, si dhe sh\u00ebrbejn\u00eb si streh\u00eb p\u00ebr kafsh\u00eb m\u00eb t\u00eb m\u00ebdha\u201d, tha Simone Modugno, nga Instituti Italian i K\u00ebrkimeve Mjedisore, IRSSAT.<\/p>\n<p data-a11y-orig-inline=\"\" data-a11y-base-fs=\"18\">N\u00eb zon\u00eb u v\u00ebrejt\u00ebn dhjet\u00ebra specie t\u00eb zakonshme t\u00eb peshqve t\u00eb Mesdheut, p\u00ebrfshir\u00eb skllev\u00ebr, koc\u00eb deti, qefull dhe gurabardh\u00eb.<\/p>\n<p data-a11y-orig-inline=\"\" data-a11y-base-fs=\"18\">N\u00eb rr\u00ebnojat e anijes u gjet\u00ebn gjithashtu grumbuj vez\u00ebsh kallamari, t\u00eb ngjitura n\u00eb struktur\u00ebn e saj, duke ofruar d\u00ebshmi se anija po p\u00ebrdoret si zon\u00eb shumimi dhe rritjeje p\u00ebr organizmat detar\u00eb t\u00eb rinj.<\/p>\n<p data-a11y-orig-inline=\"\" data-a11y-base-fs=\"18\">U regjistruan edhe peshqit luan, me pamje t\u00eb ve\u00e7ant\u00eb.<\/p>\n<p data-a11y-orig-inline=\"\" data-a11y-base-fs=\"18\">Kjo specie gjendet zakonisht n\u00eb Detin e Kuq, por po zgjerohet drejt veriut p\u00ebrmes Mesdheut.<\/p>\n<p data-a11y-orig-inline=\"\" data-a11y-base-fs=\"18\">Kjo sugjeron se rr\u00ebnojat e anijes mund t\u2019i ndihmojn\u00eb n\u00eb k\u00ebt\u00eb p\u00ebrhapje, duke sh\u00ebrbyer si nj\u00eb lloj \u201cpik\u00ebkalimi\u201d midis zonave t\u00eb ndryshme detare.<\/p>\n<p data-a11y-orig-inline=\"\" data-a11y-base-fs=\"18\">N\u00eb zon\u00eb u vun\u00eb re edhe gjitar\u00eb detar\u00eb.<\/p>\n<p data-a11y-orig-inline=\"\" data-a11y-base-fs=\"18\">Disa vite m\u00eb par\u00eb, u fotografua nj\u00eb fok\u00eb mesdhetare n\u00eb k\u00ebt\u00eb zon\u00eb.<\/p>\n<p data-a11y-orig-inline=\"\" data-a11y-base-fs=\"18\">M\u00eb pas, n\u00eb vitin 2023, nj\u00eb tjet\u00ebr fok\u00eb u pa pran\u00eb anijes \u201cPo\u201d, duke sh\u00ebnuar vrojtimin e par\u00eb t\u00eb konfirmuar t\u00eb k\u00ebsaj specieje n\u00eb Gjirin e Vlor\u00ebs q\u00eb prej vitit 1996.<\/p>\n<p data-a11y-orig-inline=\"\" data-a11y-base-fs=\"18\">Mendohet se kjo fok\u00eb, e klasifikuar si specie e rrezikuar n\u00eb m\u00ebnyr\u00eb kritike, mund ta p\u00ebrdor\u00eb rr\u00ebnoj\u00ebn e anijes si nj\u00eb vend t\u00eb p\u00ebrkohsh\u00ebm p\u00ebr pushim ose ushqyerje.<\/p>\n<p data-a11y-orig-inline=\"\" data-a11y-base-fs=\"18\">Anija \u201cPo\u201d ndodhet brenda Parkut Detar t\u00eb Karaburun-Sazanit, nj\u00eb zon\u00eb e mbrojtur detare.<\/p>\n<p data-a11y-orig-inline=\"\" data-a11y-base-fs=\"18\">Modugno, i cili po krijon nj\u00eb model tredimensional t\u00eb rr\u00ebnojave, q\u00eb mund t\u00eb eksplorohet p\u00ebrmes realitetit virtual, shpreson se projekti m\u00eb i gjer\u00eb do t\u00eb ndihmoj\u00eb n\u00eb forcimin e masave p\u00ebr ruajtjen e biodiversitetit, n\u00eb promovimin e historis\u00eb s\u00eb anijes dhe n\u00eb b\u00ebrjen e saj t\u00eb aksesueshme p\u00ebr nj\u00eb num\u00ebr m\u00eb t\u00eb madh njer\u00ebzish.<\/p>\n<p data-a11y-orig-inline=\"\" data-a11y-base-fs=\"18\">\u201cK\u00ebto projekte jan\u00eb thelb\u00ebsore p\u00ebr promovimin e turizmit dhe p\u00ebr t\u2019u mund\u00ebsuar njer\u00ebzve t\u00eb shijojn\u00eb natyr\u00ebn n\u00ebnujore\u201d, tha ai.<\/p>\n","protected":false},"excerpt":{"rendered":"<p>3 Shtator 2026 Studiuesit kan\u00eb zbuluar 151 specie q\u00eb jetojn\u00eb n\u00eb dhe p\u00ebrreth rr\u00ebnojave t\u00eb saj, p\u00ebrfshir\u00eb edhe fok\u00ebn mesdhetare, nj\u00eb nga gjitar\u00ebt m\u00eb t\u00eb rrall\u00eb dhe m\u00eb t\u00eb rrezikuar t\u00eb Mesdheut. Nj\u00eb anije spitalore e Luft\u00ebs s\u00eb Dyt\u00eb Bot\u00ebrore, e mbytur n\u00eb vitin 1941 n\u00eb brigjet e Shqip\u00ebris\u00eb, \u00ebsht\u00eb shnd\u00ebrruar dekada m\u00eb von\u00eb n\u00eb [&hellip;]<\/p>\n","protected":false},"author":9,"featured_media":105898,"comment_status":"open","ping_status":"open","sticky":false,"template":"","format":"standard","meta":{"jetpack_post_was_ever_published":false,"_jetpack_newsletter_access":"","_jetpack_dont_email_post_to_subs":false,"_jetpack_newsletter_tier_id":0,"_jetpack_memberships_contains_paywalled_content":false,"_jetpack_memberships_contains_paid_content":false,"footnotes":"","jetpack_publicize_message":"","jetpack_publicize_feature_enabled":true,"jetpack_social_post_already_shared":true,"jetpack_social_options":{"image_generator_settings":{"template":"highway","default_image_id":0,"font":"","enabled":false},"version":2}},"categories":[27,85,1,14,35],"tags":[],"class_list":["post-105897","post","type-post","status-publish","format-standard","has-post-thumbnail","hentry","category-blogu-i-udhetarit","category-histori","category-njoftime-shtypi","category-press-releases","category-shoqerore"],"jetpack_publicize_connections":[],"jetpack_featured_media_url":"https:\/\/i0.wp.com\/www.shqiperia.com\/blog\/wp-content\/uploads\/2026\/09\/151-specie-jetojne-ne-rrenojat-e-anijes-Po-ne-Vlore-3.jpeg?fit=640%2C448&ssl=1","jetpack_sharing_enabled":true,"jetpack_shortlink":"https:\/\/wp.me\/p5Z6wp-ry1","jetpack-related-posts":[{"id":100799,"url":"https:\/\/www.shqiperia.com\/blog\/zbulohet-grenza-e-detit\/","url_meta":{"origin":105897,"position":0},"title":"Zbulohet \u201cGrenza e Detit\u201d","author":"Kurt Farka","date":"May 31, 2026","format":false,"excerpt":"31 Maji 2026 \u00cbsht\u00eb nj\u00eb lloj kandili deti me nj\u00eb helm shum\u00eb t\u00eb fuqish\u00ebm Zbulohet nj\u00eb kandil deti i ri, pothuajse i paduksh\u00ebm dhe \u00ebsht\u00eb vdekjeprur\u00ebs. E quajtur ndryshe si grenza e detit, klasifikohet tek cubomedusat, q\u00eb deri tani njiheshin vet\u00ebm 3 n\u00eb gjith\u00eb bot\u00ebn n\u00eb gjinin\u00eb e Chironex, dhe\u2026","rel":"","context":"In &quot;Njoftime Shtypi&quot;","block_context":{"text":"Njoftime Shtypi","link":"https:\/\/www.shqiperia.com\/blog\/category\/njoftime-shtypi\/"},"img":{"alt_text":"","src":"https:\/\/i0.wp.com\/www.shqiperia.com\/blog\/wp-content\/uploads\/2026\/05\/Grenza-e-Detit.jpg?fit=1024%2C574&ssl=1&resize=350%2C200","width":350,"height":200,"srcset":"https:\/\/i0.wp.com\/www.shqiperia.com\/blog\/wp-content\/uploads\/2026\/05\/Grenza-e-Detit.jpg?fit=1024%2C574&ssl=1&resize=350%2C200 1x, https:\/\/i0.wp.com\/www.shqiperia.com\/blog\/wp-content\/uploads\/2026\/05\/Grenza-e-Detit.jpg?fit=1024%2C574&ssl=1&resize=525%2C300 1.5x, https:\/\/i0.wp.com\/www.shqiperia.com\/blog\/wp-content\/uploads\/2026\/05\/Grenza-e-Detit.jpg?fit=1024%2C574&ssl=1&resize=700%2C400 2x"},"classes":[]},{"id":100563,"url":"https:\/\/www.shqiperia.com\/blog\/breshka-e-rralle-e-detit-gjendet-e-ngordhur-me-shenja-gjaku-ne-bregdetin-e-vlores\/","url_meta":{"origin":105897,"position":1},"title":"Breshka e rrall\u00eb e detit gjendet e ngordhur me shenja gjaku n\u00eb bregdetin e Vlor\u00ebs","author":"Kurt Farka","date":"May 22, 2026","format":false,"excerpt":"22 Maji 2026 Nj\u00eb breshk\u00eb deti \u00ebsht\u00eb gjetur e ngordhur pasditen e sotme n\u00eb plazhin e Zv\u00ebrnec, duke shkaktuar shqet\u00ebsim mes pushuesve dhe banor\u00ebve t\u00eb zon\u00ebs. Sipas informacioneve paraprake, breshka kishte d\u00ebmtime t\u00eb dukshme n\u00eb trup dhe shenja gjaku, \u00e7ka ngre dyshime se mund t\u00eb jet\u00eb goditur nga ndonj\u00eb skaf\u2026","rel":"","context":"In &quot;Blogu i Udh\u00ebtarit&quot;","block_context":{"text":"Blogu i Udh\u00ebtarit","link":"https:\/\/www.shqiperia.com\/blog\/category\/blogu-i-udhetarit\/"},"img":{"alt_text":"","src":"https:\/\/i0.wp.com\/www.shqiperia.com\/blog\/wp-content\/uploads\/2026\/05\/640-0-80d7047ccba0201165859a01904a599f-1.jpg?fit=640%2C336&ssl=1&resize=350%2C200","width":350,"height":200,"srcset":"https:\/\/i0.wp.com\/www.shqiperia.com\/blog\/wp-content\/uploads\/2026\/05\/640-0-80d7047ccba0201165859a01904a599f-1.jpg?fit=640%2C336&ssl=1&resize=350%2C200 1x, https:\/\/i0.wp.com\/www.shqiperia.com\/blog\/wp-content\/uploads\/2026\/05\/640-0-80d7047ccba0201165859a01904a599f-1.jpg?fit=640%2C336&ssl=1&resize=525%2C300 1.5x"},"classes":[]},{"id":103751,"url":"https:\/\/www.shqiperia.com\/blog\/nje-vorbulle-gjigante-jeshile-rrotullohet-ne-liqenin-e-shkodres\/","url_meta":{"origin":105897,"position":2},"title":"Nj\u00eb vorbull\u00eb gjigante jeshile rrotullohet n\u00eb liqenin e Shkodr\u00ebs","author":"Kurt Farka","date":"August 4, 2026","format":false,"excerpt":"4 Gusht 2026 Fotoja e nj\u00eb astronauti nga viti 2020 tregon nj\u00eb vorbull t\u00eb madhe, jeshile t\u00eb hapur n\u00eb liqenin e Shkodr\u00ebs. Kjo foto mbres\u00ebl\u00ebn\u00ebse tregon nj\u00eb re sedimentesh q\u00eb rrotullohen duke formuar nj\u00eb vorbull t\u00eb madhe n\u00eb nj\u00eb nga liqenet m\u00eb t\u00eb m\u00ebdhenj t\u00eb Europ\u00ebs. Liqeni i Shkodr\u00ebs \u00ebsht\u00eb\u2026","rel":"","context":"In &quot;Blogu i Udh\u00ebtarit&quot;","block_context":{"text":"Blogu i Udh\u00ebtarit","link":"https:\/\/www.shqiperia.com\/blog\/category\/blogu-i-udhetarit\/"},"img":{"alt_text":"","src":"https:\/\/i0.wp.com\/www.shqiperia.com\/blog\/wp-content\/uploads\/2026\/08\/auto_Ms8Uoi2GdfsT4KxfAnocbi-1024-80.jpg1785157537.webp?fit=1024%2C576&ssl=1&resize=350%2C200","width":350,"height":200,"srcset":"https:\/\/i0.wp.com\/www.shqiperia.com\/blog\/wp-content\/uploads\/2026\/08\/auto_Ms8Uoi2GdfsT4KxfAnocbi-1024-80.jpg1785157537.webp?fit=1024%2C576&ssl=1&resize=350%2C200 1x, https:\/\/i0.wp.com\/www.shqiperia.com\/blog\/wp-content\/uploads\/2026\/08\/auto_Ms8Uoi2GdfsT4KxfAnocbi-1024-80.jpg1785157537.webp?fit=1024%2C576&ssl=1&resize=525%2C300 1.5x, https:\/\/i0.wp.com\/www.shqiperia.com\/blog\/wp-content\/uploads\/2026\/08\/auto_Ms8Uoi2GdfsT4KxfAnocbi-1024-80.jpg1785157537.webp?fit=1024%2C576&ssl=1&resize=700%2C400 2x"},"classes":[]},{"id":104901,"url":"https:\/\/www.shqiperia.com\/blog\/nga-italia-drejt-shqiperise-tre-veliera-me-aktiviste-ne-mbeshtetje-solidaritet-me-protestat-qytetare-kunder-rames\/","url_meta":{"origin":105897,"position":3},"title":"Nga Italia drejt Shqip\u00ebris\u00eb, tre veliera me aktivist\u00eb n\u00eb mb\u00ebshtetje solidaritet me protestat qytetare kund\u00ebr Ram\u00ebs","author":"Kurt Farka","date":"August 21, 2026","format":false,"excerpt":"21 Gusht 2926 Tre varka me vela jan\u00eb nisur mbr\u00ebmjen e djeshme nga Brindisi drejt Shqip\u00ebris\u00eb, n\u00eb kuad\u00ebr t\u00eb nj\u00eb nisme solidariteti me protestat n\u00eb Shqip\u00ebri, l\u00ebvizja qytetare q\u00eb prej m\u00eb shum\u00eb se 80 dit\u00ebsh po zhvillon protesta n\u00eb qytete t\u00eb ndryshme shqiptare. Anijet, pjes\u00eb e Global Sumud Flotilla, u\u2026","rel":"","context":"In &quot;Blogu i Udh\u00ebtarit&quot;","block_context":{"text":"Blogu i Udh\u00ebtarit","link":"https:\/\/www.shqiperia.com\/blog\/category\/blogu-i-udhetarit\/"},"img":{"alt_text":"","src":"https:\/\/i0.wp.com\/www.shqiperia.com\/blog\/wp-content\/uploads\/2026\/08\/Flamuri-i-Shqiperise-dhe-ai-i-Italise-Foto-ilustruese.jpg?fit=802%2C512&ssl=1&resize=350%2C200","width":350,"height":200,"srcset":"https:\/\/i0.wp.com\/www.shqiperia.com\/blog\/wp-content\/uploads\/2026\/08\/Flamuri-i-Shqiperise-dhe-ai-i-Italise-Foto-ilustruese.jpg?fit=802%2C512&ssl=1&resize=350%2C200 1x, https:\/\/i0.wp.com\/www.shqiperia.com\/blog\/wp-content\/uploads\/2026\/08\/Flamuri-i-Shqiperise-dhe-ai-i-Italise-Foto-ilustruese.jpg?fit=802%2C512&ssl=1&resize=525%2C300 1.5x, https:\/\/i0.wp.com\/www.shqiperia.com\/blog\/wp-content\/uploads\/2026\/08\/Flamuri-i-Shqiperise-dhe-ai-i-Italise-Foto-ilustruese.jpg?fit=802%2C512&ssl=1&resize=700%2C400 2x"},"classes":[]},{"id":100111,"url":"https:\/\/www.shqiperia.com\/blog\/e-shnderroi-shtepine-ne-berat-ne-muze-artizania-tefta-qose-500-kostume-popullore-puna-e-nje-jete\/","url_meta":{"origin":105897,"position":4},"title":"E shnd\u00ebrroi sht\u00ebpin\u00eb n\u00eb Berat n\u00eb muze, artizania Tefta Qose: &#8211; 500 kostume popullore, puna e nj\u00eb jete","author":"Kurt Farka","date":"May 11, 2026","format":false,"excerpt":"11 Mars 2026 N\u00eb nj\u00eb koh\u00eb kur shum\u00eb tradita rrezikojn\u00eb t\u00eb harrohen, Tefta Qose vazhdon t\u00eb mbaj\u00eb gjall\u00eb artin e krijimit t\u00eb veshjeve popullore. Prej disa vitesh, ajo e ka shnd\u00ebrruar sht\u00ebpin\u00eb e saj n\u00eb lagjen \u201cBarrikad\u00eb\u201d n\u00eb nj\u00eb muze t\u00eb ve\u00e7ant\u00eb, ku \u00e7do cep rr\u00ebfen histori, nd\u00ebrsa \u00e7do veshje\u2026","rel":"","context":"In &quot;Blogu i Udh\u00ebtarit&quot;","block_context":{"text":"Blogu i Udh\u00ebtarit","link":"https:\/\/www.shqiperia.com\/blog\/category\/blogu-i-udhetarit\/"},"img":{"alt_text":"","src":"https:\/\/i0.wp.com\/www.shqiperia.com\/blog\/wp-content\/uploads\/2026\/05\/Kostumet-e-Tefta-Qoses-1.jpg?fit=1200%2C798&ssl=1&resize=350%2C200","width":350,"height":200,"srcset":"https:\/\/i0.wp.com\/www.shqiperia.com\/blog\/wp-content\/uploads\/2026\/05\/Kostumet-e-Tefta-Qoses-1.jpg?fit=1200%2C798&ssl=1&resize=350%2C200 1x, https:\/\/i0.wp.com\/www.shqiperia.com\/blog\/wp-content\/uploads\/2026\/05\/Kostumet-e-Tefta-Qoses-1.jpg?fit=1200%2C798&ssl=1&resize=525%2C300 1.5x, https:\/\/i0.wp.com\/www.shqiperia.com\/blog\/wp-content\/uploads\/2026\/05\/Kostumet-e-Tefta-Qoses-1.jpg?fit=1200%2C798&ssl=1&resize=700%2C400 2x, https:\/\/i0.wp.com\/www.shqiperia.com\/blog\/wp-content\/uploads\/2026\/05\/Kostumet-e-Tefta-Qoses-1.jpg?fit=1200%2C798&ssl=1&resize=1050%2C600 3x"},"classes":[]},{"id":103471,"url":"https:\/\/www.shqiperia.com\/blog\/debati-per-hapjen-e-konsullates-serbe-ne-shkoder-reagon-ministri-i-jashtem-eshte-kerkuar-nga-ana-e-beogradit-por\/","url_meta":{"origin":105897,"position":5},"title":"Debati p\u00ebr hapjen e konsullat\u00ebs serbe n\u00eb Shkod\u00ebr, reagon ministri i Jasht\u00ebm: &#8211; \u00cbsht\u00eb k\u00ebrkuar nga ana e Beogradit, por\u2026","author":"Kurt Farka","date":"July 30, 2026","format":false,"excerpt":"30 Korrik 2026 Ministri p\u00ebr Evrop\u00ebn dhe Pun\u00ebt e Jashtme, Ferit Hoxha, ka reaguar pas debatit t\u00eb shkaktuar nga deklarata e ministrit t\u00eb Jasht\u00ebm t\u00eb Serbis\u00eb, Marko Gjuriq, p\u00ebr mund\u00ebsin\u00eb e hapjes s\u00eb nj\u00eb konsullate serbe n\u00eb Shkod\u00ebr. N\u00eb nj\u00eb reagim n\u00eb rrjetin social X, Hoxha konfirmoi se Shqip\u00ebria ka\u2026","rel":"","context":"In &quot;Blogu i Udh\u00ebtarit&quot;","block_context":{"text":"Blogu i Udh\u00ebtarit","link":"https:\/\/www.shqiperia.com\/blog\/category\/blogu-i-udhetarit\/"},"img":{"alt_text":"","src":"https:\/\/i0.wp.com\/www.shqiperia.com\/blog\/wp-content\/uploads\/2026\/07\/800-0-Flamuri-top-Serbi-Shqiperi.jpg?fit=800%2C590&ssl=1&resize=350%2C200","width":350,"height":200,"srcset":"https:\/\/i0.wp.com\/www.shqiperia.com\/blog\/wp-content\/uploads\/2026\/07\/800-0-Flamuri-top-Serbi-Shqiperi.jpg?fit=800%2C590&ssl=1&resize=350%2C200 1x, https:\/\/i0.wp.com\/www.shqiperia.com\/blog\/wp-content\/uploads\/2026\/07\/800-0-Flamuri-top-Serbi-Shqiperi.jpg?fit=800%2C590&ssl=1&resize=525%2C300 1.5x, https:\/\/i0.wp.com\/www.shqiperia.com\/blog\/wp-content\/uploads\/2026\/07\/800-0-Flamuri-top-Serbi-Shqiperi.jpg?fit=800%2C590&ssl=1&resize=700%2C400 2x"},"classes":[]}],"_links":{"self":[{"href":"https:\/\/www.shqiperia.com\/blog\/wp-json\/wp\/v2\/posts\/105897","targetHints":{"allow":["GET"]}}],"collection":[{"href":"https:\/\/www.shqiperia.com\/blog\/wp-json\/wp\/v2\/posts"}],"about":[{"href":"https:\/\/www.shqiperia.com\/blog\/wp-json\/wp\/v2\/types\/post"}],"author":[{"embeddable":true,"href":"https:\/\/www.shqiperia.com\/blog\/wp-json\/wp\/v2\/users\/9"}],"replies":[{"embeddable":true,"href":"https:\/\/www.shqiperia.com\/blog\/wp-json\/wp\/v2\/comments?post=105897"}],"version-history":[{"count":1,"href":"https:\/\/www.shqiperia.com\/blog\/wp-json\/wp\/v2\/posts\/105897\/revisions"}],"predecessor-version":[{"id":105904,"href":"https:\/\/www.shqiperia.com\/blog\/wp-json\/wp\/v2\/posts\/105897\/revisions\/105904"}],"wp:featuredmedia":[{"embeddable":true,"href":"https:\/\/www.shqiperia.com\/blog\/wp-json\/wp\/v2\/media\/105898"}],"wp:attachment":[{"href":"https:\/\/www.shqiperia.com\/blog\/wp-json\/wp\/v2\/media?parent=105897"}],"wp:term":[{"taxonomy":"category","embeddable":true,"href":"https:\/\/www.shqiperia.com\/blog\/wp-json\/wp\/v2\/categories?post=105897"},{"taxonomy":"post_tag","embeddable":true,"href":"https:\/\/www.shqiperia.com\/blog\/wp-json\/wp\/v2\/tags?post=105897"}],"curies":[{"name":"wp","href":"https:\/\/api.w.org\/{rel}","templated":true}]}}