{"id":105894,"date":"2026-09-03T21:11:50","date_gmt":"2026-09-03T21:11:50","guid":{"rendered":"https:\/\/www.shqiperia.com\/blog\/?p=105894"},"modified":"2026-09-03T21:11:50","modified_gmt":"2026-09-03T21:11:50","slug":"a-mund-ti-shpetoje-leshi-i-deleve-akullnajat-shkencetaret-zvicerane-e-vene-ne-prove","status":"publish","type":"post","link":"https:\/\/www.shqiperia.com\/blog\/a-mund-ti-shpetoje-leshi-i-deleve-akullnajat-shkencetaret-zvicerane-e-vene-ne-prove\/","title":{"rendered":"A mund t\u2019i shp\u00ebtoj\u00eb leshi i deleve akullnajat? Shkenc\u00ebtar\u00ebt zviceran\u00eb e v\u00ebn\u00eb n\u00eb prov\u00eb"},"content":{"rendered":"<div class=\"post-title-wrapper relative\">\n<h5><img data-recalc-dims=\"1\" loading=\"lazy\" decoding=\"async\" data-attachment-id=\"105895\" data-permalink=\"https:\/\/www.shqiperia.com\/blog\/a-mund-ti-shpetoje-leshi-i-deleve-akullnajat-shkencetaret-zvicerane-e-vene-ne-prove\/akullnaja-2\/\" data-orig-file=\"https:\/\/i0.wp.com\/www.shqiperia.com\/blog\/wp-content\/uploads\/2026\/09\/akullnaja.webp?fit=705%2C407&amp;ssl=1\" data-orig-size=\"705,407\" data-comments-opened=\"1\" data-image-meta=\"{&quot;aperture&quot;:&quot;0&quot;,&quot;credit&quot;:&quot;&quot;,&quot;camera&quot;:&quot;&quot;,&quot;caption&quot;:&quot;&quot;,&quot;created_timestamp&quot;:&quot;0&quot;,&quot;copyright&quot;:&quot;&quot;,&quot;focal_length&quot;:&quot;0&quot;,&quot;iso&quot;:&quot;0&quot;,&quot;shutter_speed&quot;:&quot;0&quot;,&quot;title&quot;:&quot;&quot;,&quot;orientation&quot;:&quot;0&quot;}\" data-image-title=\"akullnaja\" data-image-description=\"\" data-image-caption=\"\" data-medium-file=\"https:\/\/i0.wp.com\/www.shqiperia.com\/blog\/wp-content\/uploads\/2026\/09\/akullnaja.webp?fit=300%2C173&amp;ssl=1\" data-large-file=\"https:\/\/i0.wp.com\/www.shqiperia.com\/blog\/wp-content\/uploads\/2026\/09\/akullnaja.webp?fit=705%2C407&amp;ssl=1\" class=\"alignnone  wp-image-105895\" alt=\"\" src=\"https:\/\/i0.wp.com\/www.shqiperia.com\/blog\/wp-content\/uploads\/2026\/09\/akullnaja.webp?resize=694%2C400&#038;ssl=1\" width=\"694\" height=\"400\" srcset=\"https:\/\/i0.wp.com\/www.shqiperia.com\/blog\/wp-content\/uploads\/2026\/09\/akullnaja.webp?resize=300%2C173&amp;ssl=1 300w, https:\/\/i0.wp.com\/www.shqiperia.com\/blog\/wp-content\/uploads\/2026\/09\/akullnaja.webp?resize=450%2C260&amp;ssl=1 450w, https:\/\/i0.wp.com\/www.shqiperia.com\/blog\/wp-content\/uploads\/2026\/09\/akullnaja.webp?resize=600%2C346&amp;ssl=1 600w, https:\/\/i0.wp.com\/www.shqiperia.com\/blog\/wp-content\/uploads\/2026\/09\/akullnaja.webp?resize=400%2C231&amp;ssl=1 400w, https:\/\/i0.wp.com\/www.shqiperia.com\/blog\/wp-content\/uploads\/2026\/09\/akullnaja.webp?w=705&amp;ssl=1 705w\" sizes=\"auto, (max-width: 694px) 100vw, 694px\" \/><\/h5>\n<h5 class=\"post-subtitle\">3 Shtator 2026<\/h5>\n<h5 class=\"post-subtitle\">Nj\u00eb eksperiment i pazakont\u00eb n\u00eb Alpet zvicerane po teston n\u00ebse leshi i deleve mund t\u00eb ngadal\u00ebsoj\u00eb shkrirjen e akullnajave dhe t\u00eb z\u00ebvend\u00ebsoj\u00eb mbulesat plastike<\/h5>\n<\/div>\n<div class=\"content-related-wrapper\">\n<div class=\"post-content\">\n<p>Nd\u00ebrsa Zvicra po p\u00ebrpiqet t\u00eb frenoj\u00eb shkrirjen e akullnajave, shkenc\u00ebtar\u00ebt po zhvillojn\u00eb nj\u00eb eksperiment t\u00eb pazakont\u00eb n\u00eb Alpe p\u00ebr t\u00eb par\u00eb n\u00ebse nj\u00eb prej burimeve natyrore m\u00eb pak t\u00eb vler\u00ebsuara t\u00eb vendit mund t\u00eb ndihmoj\u00eb dhe \u00ebsht\u00eb pik\u00ebrisht\u00a0leshi i deleve.<\/p>\n<p>Prej vitesh, gjat\u00eb muajve t\u00eb ver\u00ebs, zona t\u00eb akullit dhe bor\u00ebs mbulohen me p\u00eblhura sintetike q\u00eb reflektojn\u00eb rrezet e diellit dhe reduktojn\u00eb p\u00ebrthithjen e nxeht\u00ebsis\u00eb. Kjo b\u00ebhet p\u00ebr t\u00eb ngadal\u00ebsuar shkrirjen e akullit, e cila \u00ebsht\u00eb p\u00ebrshpejtuar ndjesh\u00ebm nga ngrohja globale dhe po zhduk gradualisht peizazhet e larta alpine q\u00eb kan\u00eb karakterizuar rajonin p\u00ebr mij\u00ebra vjet.<\/p>\n<p>Por k\u00ebto mbulesa jan\u00eb zakonisht t\u00eb prodhuara nga plastika dhe mund t\u00eb \u00e7lirojn\u00eb mikrofibra ndot\u00ebse.<\/p>\n<p>P\u00ebr k\u00ebt\u00eb arsye, projekti \u201cKeep It Wool\u201d, i udh\u00ebhequr nga organizata mjedisore Summit Foundation dhe Universiteti i Lozan\u00ebs, po teston leshin si nj\u00eb alternativ\u00eb natyrore p\u00ebr t\u00eb ngadal\u00ebsuar shkrirjen e akullnaj\u00ebs Tsanfleuron, n\u00eb per\u00ebndim t\u00eb Zvicr\u00ebs.<\/p>\n<p>Temperaturat rekord t\u00eb k\u00ebtij viti kan\u00eb b\u00ebr\u00eb q\u00eb bora n\u00eb akullnaja t\u00eb shkrij\u00eb disa jav\u00eb m\u00eb her\u00ebt se zakonisht. Kjo pritet t\u00eb p\u00ebrshpejtoj\u00eb humbjen e akullit, e cila lidhet edhe me rritjen e rrezikut t\u00eb rr\u00ebshqitjeve t\u00eb shk\u00ebmbinjve, si ajo q\u00eb shkat\u00ebrroi fshatin Blatten n\u00eb vitin 2025, si dhe me p\u00ebrmbytje t\u00eb fuqishme, si ajo q\u00eb goditi Himalajet jav\u00ebn e kaluar.<\/p>\n<p>Menaxheri i projektit, Timothee Steiner, tha se ekipi d\u00ebshironte t\u00eb gjente nj\u00eb alternativ\u00eb t\u00eb biodegradueshme ndaj mbulesave sintetike, duke i dh\u00ebn\u00eb nj\u00ebkoh\u00ebsisht nj\u00eb p\u00ebrdorim leshit zviceran, rreth\u00a040-70% e t\u00eb cilit hidhet \u00e7do vit.<\/p>\n<p>Ideja lindi nga kat\u00ebr student\u00eb t\u00eb masterit n\u00eb universitet, t\u00eb cil\u00ebt vendos\u00ebn ta v\u00ebn\u00eb n\u00eb praktik\u00eb.<\/p>\n<p>N\u00eb qershor, dy batanije prej materiali leshi, t\u00eb prodhuara nga kompania zvicerane Fisolan, u vendos\u00ebn mbi nj\u00eb sip\u00ebrfaqe prej rreth\u00a0200 metrash katror\u00eb\u00a0n\u00eb akullnaj\u00ebn Tsanfleuron. Gjat\u00eb gjith\u00eb ver\u00ebs, studiuesit krahasuan performanc\u00ebn e tyre me at\u00eb t\u00eb nj\u00eb mbulese tradicionale gjeotekstili.<\/p>\n<p>Rezultatet e para kan\u00eb qen\u00eb m\u00eb t\u00eb mira nga sa pritej. Steiner tha se matjet e kryera \u00e7do dy jav\u00eb treguan se mbulesat prej leshi kufizuan shkrirjen e akullit po aq mir\u00eb sa ato sintetike.<\/p>\n<p>Niklaus Saegesser nga Fisolan tha se ishte i befasuar nga q\u00ebndrueshm\u00ebria e materialit.<\/p>\n<p><em>\u201cMendoja se nuk do t\u00eb ishte mjaftuesh\u00ebm i q\u00ebndruesh\u00ebm\u201d<\/em>,\u00a0tha ai.<\/p>\n<p>Edhe studenti Elliot Gaffiot pranoi se ekipi nuk ishte i sigurt se \u00e7far\u00eb rezultati do t\u00eb merrte.<\/p>\n<p><em>\u201cTani kemi nj\u00eb rezultat q\u00eb mund ta shohim dhe madje ta prekim. Funksionoi jasht\u00ebzakonisht mir\u00eb\u201d<\/em>,\u00a0tha ai.<\/p>\n<p>Megjithat\u00eb, drejtuesit e projektit theksojn\u00eb se batanijet prej leshi\u00a0nuk jan\u00eb nj\u00eb zgjidhje p\u00ebr ngrohjen globale.<\/p>\n<p>Vet\u00ebm rreth\u00a00.02% e sip\u00ebrfaqes s\u00eb akullnajave t\u00eb Zvicr\u00ebs\u00a0mbulohet aktualisht me materiale mbrojt\u00ebse. Shkenc\u00ebtar\u00ebt theksojn\u00eb se m\u00ebnyra e vetme q\u00eb mund t\u00eb frenoj\u00eb n\u00eb m\u00ebnyr\u00eb dometh\u00ebn\u00ebse dhe afatgjat\u00eb humbjen e akullit mbetet\u00a0ulja e emetimeve t\u00eb gazeve serr\u00eb, t\u00eb cilat n\u00eb pjes\u00ebn m\u00eb t\u00eb madhe vijn\u00eb nga p\u00ebrdorimi i l\u00ebnd\u00ebve djeg\u00ebse fosile.<\/p>\n<\/div>\n<\/div>\n","protected":false},"excerpt":{"rendered":"<p>3 Shtator 2026 Nj\u00eb eksperiment i pazakont\u00eb n\u00eb Alpet zvicerane po teston n\u00ebse leshi i deleve mund t\u00eb ngadal\u00ebsoj\u00eb shkrirjen e akullnajave dhe t\u00eb z\u00ebvend\u00ebsoj\u00eb mbulesat plastike Nd\u00ebrsa Zvicra po p\u00ebrpiqet t\u00eb frenoj\u00eb shkrirjen e akullnajave, shkenc\u00ebtar\u00ebt po zhvillojn\u00eb nj\u00eb eksperiment t\u00eb pazakont\u00eb n\u00eb Alpe p\u00ebr t\u00eb par\u00eb n\u00ebse nj\u00eb prej burimeve natyrore m\u00eb pak [&hellip;]<\/p>\n","protected":false},"author":9,"featured_media":105895,"comment_status":"open","ping_status":"open","sticky":false,"template":"","format":"standard","meta":{"jetpack_post_was_ever_published":false,"_jetpack_newsletter_access":"","_jetpack_dont_email_post_to_subs":false,"_jetpack_newsletter_tier_id":0,"_jetpack_memberships_contains_paywalled_content":false,"_jetpack_memberships_contains_paid_content":false,"footnotes":"","jetpack_publicize_message":"","jetpack_publicize_feature_enabled":true,"jetpack_social_post_already_shared":true,"jetpack_social_options":{"image_generator_settings":{"template":"highway","default_image_id":0,"font":"","enabled":false},"version":2}},"categories":[27,1,14],"tags":[],"class_list":["post-105894","post","type-post","status-publish","format-standard","has-post-thumbnail","hentry","category-blogu-i-udhetarit","category-njoftime-shtypi","category-press-releases"],"jetpack_publicize_connections":[],"jetpack_featured_media_url":"https:\/\/i0.wp.com\/www.shqiperia.com\/blog\/wp-content\/uploads\/2026\/09\/akullnaja.webp?fit=705%2C407&ssl=1","jetpack_sharing_enabled":true,"jetpack_shortlink":"https:\/\/wp.me\/p5Z6wp-rxY","jetpack-related-posts":[{"id":103805,"url":"https:\/\/www.shqiperia.com\/blog\/toka-po-behet-me-e-erret-shkencetaret-japin-alarmin-ngrohja-globale-po-pershpejton-ndryshimin-e-planetit\/","url_meta":{"origin":105894,"position":0},"title":"Toka po b\u00ebhet m\u00eb e err\u00ebt, shkenc\u00ebtar\u00ebt japin alarmin: &#8211; Ngrohja globale po p\u00ebrshpejton ndryshimin e planetit","author":"Kurt Farka","date":"August 4, 2026","format":false,"excerpt":"4 Gusht 2026 Ndryshimi i klim\u00ebs nuk po matet vet\u00ebm p\u00ebrmes rritjes s\u00eb temperaturave. Nj\u00eb tjet\u00ebr tregues shqet\u00ebsues q\u00eb po v\u00ebzhgojn\u00eb shkenc\u00ebtar\u00ebt \u00ebsht\u00eb edhe ndryshimi i shk\u00eblqimit t\u00eb Tok\u00ebs: planeti po humbet gradualisht aft\u00ebsin\u00eb e tij natyrore p\u00ebr t\u00eb reflektuar rrezet e Diellit drejt hap\u00ebsir\u00ebs. Ky fenomen njihet si ulja\u2026","rel":"","context":"In &quot;Blogu i Udh\u00ebtarit&quot;","block_context":{"text":"Blogu i Udh\u00ebtarit","link":"https:\/\/www.shqiperia.com\/blog\/category\/blogu-i-udhetarit\/"},"img":{"alt_text":"","src":"https:\/\/i0.wp.com\/www.shqiperia.com\/blog\/wp-content\/uploads\/2026\/08\/b78dde7c-ap19227568082481.jpg?fit=1200%2C720&ssl=1&resize=350%2C200","width":350,"height":200,"srcset":"https:\/\/i0.wp.com\/www.shqiperia.com\/blog\/wp-content\/uploads\/2026\/08\/b78dde7c-ap19227568082481.jpg?fit=1200%2C720&ssl=1&resize=350%2C200 1x, https:\/\/i0.wp.com\/www.shqiperia.com\/blog\/wp-content\/uploads\/2026\/08\/b78dde7c-ap19227568082481.jpg?fit=1200%2C720&ssl=1&resize=525%2C300 1.5x, https:\/\/i0.wp.com\/www.shqiperia.com\/blog\/wp-content\/uploads\/2026\/08\/b78dde7c-ap19227568082481.jpg?fit=1200%2C720&ssl=1&resize=700%2C400 2x, https:\/\/i0.wp.com\/www.shqiperia.com\/blog\/wp-content\/uploads\/2026\/08\/b78dde7c-ap19227568082481.jpg?fit=1200%2C720&ssl=1&resize=1050%2C600 3x"},"classes":[]},{"id":105853,"url":"https:\/\/www.shqiperia.com\/blog\/shkencetaret-zbulojne-forcen-qe-po-e-can-ngadale-kontinentin-afrikan\/","url_meta":{"origin":105894,"position":1},"title":"Shkenc\u00ebtar\u00ebt zbulojn\u00eb forc\u00ebn q\u00eb po e \u00e7an ngadal\u00eb kontinentin afrikan","author":"Kurt Farka","date":"September 3, 2026","format":false,"excerpt":"3 Shtator 2026 Nj\u00eb sht\u00ebllung\u00eb masive shk\u00ebmbinjsh t\u00eb nxeht\u00eb q\u00eb ngrihet nga thell\u00ebsit\u00eb e Tok\u00ebs mund t\u00eb shpjegoj\u00eb nj\u00eb model t\u00eb \u00e7uditsh\u00ebm l\u00ebvizjeje n\u00ebn Riftin e Afrik\u00ebs Lindore, ku kontinenti po t\u00ebrhiqet ngadal\u00eb n\u00eb drejtime t\u00eb kund\u00ebrta. Modelet kompjuterike po i ndihmojn\u00eb shkenc\u00ebtar\u00ebt t\u00eb shpjegojn\u00eb nj\u00eb model t\u00eb \u00e7uditsh\u00ebm deformimi\u2026","rel":"","context":"In &quot;Blogu i Udh\u00ebtarit&quot;","block_context":{"text":"Blogu i Udh\u00ebtarit","link":"https:\/\/www.shqiperia.com\/blog\/category\/blogu-i-udhetarit\/"},"img":{"alt_text":"","src":"https:\/\/i0.wp.com\/www.shqiperia.com\/blog\/wp-content\/uploads\/2026\/09\/auto_earth-splitting-apart-continental-rift1788260988.webp?fit=1200%2C675&ssl=1&resize=350%2C200","width":350,"height":200,"srcset":"https:\/\/i0.wp.com\/www.shqiperia.com\/blog\/wp-content\/uploads\/2026\/09\/auto_earth-splitting-apart-continental-rift1788260988.webp?fit=1200%2C675&ssl=1&resize=350%2C200 1x, https:\/\/i0.wp.com\/www.shqiperia.com\/blog\/wp-content\/uploads\/2026\/09\/auto_earth-splitting-apart-continental-rift1788260988.webp?fit=1200%2C675&ssl=1&resize=525%2C300 1.5x, https:\/\/i0.wp.com\/www.shqiperia.com\/blog\/wp-content\/uploads\/2026\/09\/auto_earth-splitting-apart-continental-rift1788260988.webp?fit=1200%2C675&ssl=1&resize=700%2C400 2x, https:\/\/i0.wp.com\/www.shqiperia.com\/blog\/wp-content\/uploads\/2026\/09\/auto_earth-splitting-apart-continental-rift1788260988.webp?fit=1200%2C675&ssl=1&resize=1050%2C600 3x"},"classes":[]},{"id":103837,"url":"https:\/\/www.shqiperia.com\/blog\/hulumtimi-ndryshimi-i-klimes-po-ngadaleson-rrotullimin-e-tokes\/","url_meta":{"origin":105894,"position":2},"title":"Hulumtimi: Ndryshimi i klim\u00ebs po ngadal\u00ebson rrotullimin e Tok\u00ebs","author":"Kurt Farka","date":"August 5, 2026","format":false,"excerpt":"5 Gusht 2026 Shkenc\u00ebtar\u00ebt nga Austria dhe Zvicra pohojn\u00eb se nj\u00eb hulumtim i ri ka konfirmuar se ndryshimi i klim\u00ebs ndikon n\u00eb gjat\u00ebsin\u00eb e dit\u00ebs s\u00eb Tok\u00ebs, duke treguar se rrotullimi i saj \u00ebsht\u00eb ngadal\u00ebsuar m\u00eb shum\u00eb n\u00eb dekadat e fundit sesa n\u00eb pothuajse \u00e7do periudh\u00eb tjet\u00ebr n\u00eb miliona vjet.\u2026","rel":"","context":"In &quot;Blogu i Udh\u00ebtarit&quot;","block_context":{"text":"Blogu i Udh\u00ebtarit","link":"https:\/\/www.shqiperia.com\/blog\/category\/blogu-i-udhetarit\/"},"img":{"alt_text":"","src":"https:\/\/i0.wp.com\/www.shqiperia.com\/blog\/wp-content\/uploads\/2026\/08\/auto_Screenshot_181773834543.jpg?fit=900%2C555&ssl=1&resize=350%2C200","width":350,"height":200,"srcset":"https:\/\/i0.wp.com\/www.shqiperia.com\/blog\/wp-content\/uploads\/2026\/08\/auto_Screenshot_181773834543.jpg?fit=900%2C555&ssl=1&resize=350%2C200 1x, https:\/\/i0.wp.com\/www.shqiperia.com\/blog\/wp-content\/uploads\/2026\/08\/auto_Screenshot_181773834543.jpg?fit=900%2C555&ssl=1&resize=525%2C300 1.5x, https:\/\/i0.wp.com\/www.shqiperia.com\/blog\/wp-content\/uploads\/2026\/08\/auto_Screenshot_181773834543.jpg?fit=900%2C555&ssl=1&resize=700%2C400 2x"},"classes":[]},{"id":105215,"url":"https:\/\/www.shqiperia.com\/blog\/bota-po-i-afrohet-ngjarjeve-katastrofike-klimatike-tronditje-edhe-me-te-medha-na-presin\/","url_meta":{"origin":105894,"position":3},"title":"Bota po i afrohet ngjarjeve katastrofike klimatike &#8211; &#8216;tronditje edhe m\u00eb t\u00eb m\u00ebdha na presin&#8217;","author":"Kurt Farka","date":"August 26, 2026","format":false,"excerpt":"26 Gusht 2026 Shkenc\u00ebtar\u00ebt kan\u00eb paralajm\u00ebruar prej koh\u00ebsh se bota do t\u00eb jet\u00eb e ekspozuar ndaj ngjarjeve ekstreme t\u00eb motit gjithnj\u00eb e m\u00eb intensive, si\u00e7 jan\u00eb val\u00ebt e t\u00eb nxehtit, stuhit\u00eb, p\u00ebrmbytjet dhe that\u00ebsirat. Megjithat\u00eb, ajo q\u00eb dikur dukej si fantastiko-shkencore, tani po konsiderohet si nj\u00eb mund\u00ebsi reale, dhe madje\u2026","rel":"","context":"In &quot;Blogu i Udh\u00ebtarit&quot;","block_context":{"text":"Blogu i Udh\u00ebtarit","link":"https:\/\/www.shqiperia.com\/blog\/category\/blogu-i-udhetarit\/"},"img":{"alt_text":"","src":"https:\/\/i0.wp.com\/www.shqiperia.com\/blog\/wp-content\/uploads\/2026\/08\/auto_Screenshot_191787667618.jpg?fit=900%2C616&ssl=1&resize=350%2C200","width":350,"height":200,"srcset":"https:\/\/i0.wp.com\/www.shqiperia.com\/blog\/wp-content\/uploads\/2026\/08\/auto_Screenshot_191787667618.jpg?fit=900%2C616&ssl=1&resize=350%2C200 1x, https:\/\/i0.wp.com\/www.shqiperia.com\/blog\/wp-content\/uploads\/2026\/08\/auto_Screenshot_191787667618.jpg?fit=900%2C616&ssl=1&resize=525%2C300 1.5x, https:\/\/i0.wp.com\/www.shqiperia.com\/blog\/wp-content\/uploads\/2026\/08\/auto_Screenshot_191787667618.jpg?fit=900%2C616&ssl=1&resize=700%2C400 2x"},"classes":[]},{"id":103800,"url":"https:\/\/www.shqiperia.com\/blog\/shkencetaret-zbulojne-nje-pershpejtim-te-mprehte-te-ngrohjes-globale\/","url_meta":{"origin":105894,"position":4},"title":"Shkenc\u00ebtar\u00ebt zbulojn\u00eb nj\u00eb p\u00ebrshpejtim t\u00eb mpreht\u00eb t\u00eb ngrohjes globale","author":"Kurt Farka","date":"August 4, 2026","format":false,"excerpt":"4 Gusht 2026 Ngrohja globale \u00ebsht\u00eb p\u00ebrshpejtuar q\u00eb nga viti 2015, sipas nj\u00eb analize t\u00eb re nga Instituti i Potsdamit p\u00ebr K\u00ebrkimet mbi Ndikimin Klimatik (PIK). Pasi hoq\u00ebn efektet e luhatjeve natyrore t\u00eb temperatur\u00ebs, studiuesit gjet\u00ebn prov\u00ebn e par\u00eb statistikisht dometh\u00ebn\u00ebse se ritmi afatgjat\u00eb i ngrohjes s\u00eb planetit po p\u00ebrshpejtohet.\u2026","rel":"","context":"In &quot;Blogu i Udh\u00ebtarit&quot;","block_context":{"text":"Blogu i Udh\u00ebtarit","link":"https:\/\/www.shqiperia.com\/blog\/category\/blogu-i-udhetarit\/"},"img":{"alt_text":"","src":"https:\/\/i0.wp.com\/www.shqiperia.com\/blog\/wp-content\/uploads\/2026\/08\/640-0-80a8f8d967447b6bf334795cfcddb40f.webp?fit=640%2C360&ssl=1&resize=350%2C200","width":350,"height":200,"srcset":"https:\/\/i0.wp.com\/www.shqiperia.com\/blog\/wp-content\/uploads\/2026\/08\/640-0-80a8f8d967447b6bf334795cfcddb40f.webp?fit=640%2C360&ssl=1&resize=350%2C200 1x, https:\/\/i0.wp.com\/www.shqiperia.com\/blog\/wp-content\/uploads\/2026\/08\/640-0-80a8f8d967447b6bf334795cfcddb40f.webp?fit=640%2C360&ssl=1&resize=525%2C300 1.5x"},"classes":[]},{"id":105586,"url":"https:\/\/www.shqiperia.com\/blog\/ndryshimet-klimatike-mund-te-zgjerojne-shtrirjen-e-nje-amebe-te-rralle-qe-ha-trurin\/","url_meta":{"origin":105894,"position":5},"title":"Ndryshimet klimatike mund t\u00eb zgjerojn\u00eb shtrirjen e nj\u00eb amebe t\u00eb rrall\u00eb q\u00eb ha trurin","author":"Kurt Farka","date":"August 31, 2026","format":false,"excerpt":"31 Gusht 2026 Nj\u00eb not veror zakonisht duhet t\u00eb p\u00ebrfundoj\u00eb vet\u00ebm me ndonj\u00eb djegie nga dielli dhe r\u00ebr\u00eb n\u00eb makin\u00eb. Por p\u00ebr nj\u00eb familje n\u00eb Luiziana, nj\u00eb vizit\u00eb n\u00eb liqenin Claiborne p\u00ebrfundoi n\u00eb tragjedi. Tet\u00ebvje\u00e7arja Lillian Smart vdiq nga nj\u00eb infeksion i rrall\u00eb i trurit, i shkaktuar nga Naegleria fowleri.\u2026","rel":"","context":"In &quot;Blogu i Udh\u00ebtarit&quot;","block_context":{"text":"Blogu i Udh\u00ebtarit","link":"https:\/\/www.shqiperia.com\/blog\/category\/blogu-i-udhetarit\/"},"img":{"alt_text":"","src":"https:\/\/i0.wp.com\/www.shqiperia.com\/blog\/wp-content\/uploads\/2026\/08\/auto_naegleria-fowleri-brain-eating-amoeba-illustration-x1788166815.webp?fit=1200%2C800&ssl=1&resize=350%2C200","width":350,"height":200,"srcset":"https:\/\/i0.wp.com\/www.shqiperia.com\/blog\/wp-content\/uploads\/2026\/08\/auto_naegleria-fowleri-brain-eating-amoeba-illustration-x1788166815.webp?fit=1200%2C800&ssl=1&resize=350%2C200 1x, https:\/\/i0.wp.com\/www.shqiperia.com\/blog\/wp-content\/uploads\/2026\/08\/auto_naegleria-fowleri-brain-eating-amoeba-illustration-x1788166815.webp?fit=1200%2C800&ssl=1&resize=525%2C300 1.5x, https:\/\/i0.wp.com\/www.shqiperia.com\/blog\/wp-content\/uploads\/2026\/08\/auto_naegleria-fowleri-brain-eating-amoeba-illustration-x1788166815.webp?fit=1200%2C800&ssl=1&resize=700%2C400 2x, https:\/\/i0.wp.com\/www.shqiperia.com\/blog\/wp-content\/uploads\/2026\/08\/auto_naegleria-fowleri-brain-eating-amoeba-illustration-x1788166815.webp?fit=1200%2C800&ssl=1&resize=1050%2C600 3x"},"classes":[]}],"_links":{"self":[{"href":"https:\/\/www.shqiperia.com\/blog\/wp-json\/wp\/v2\/posts\/105894","targetHints":{"allow":["GET"]}}],"collection":[{"href":"https:\/\/www.shqiperia.com\/blog\/wp-json\/wp\/v2\/posts"}],"about":[{"href":"https:\/\/www.shqiperia.com\/blog\/wp-json\/wp\/v2\/types\/post"}],"author":[{"embeddable":true,"href":"https:\/\/www.shqiperia.com\/blog\/wp-json\/wp\/v2\/users\/9"}],"replies":[{"embeddable":true,"href":"https:\/\/www.shqiperia.com\/blog\/wp-json\/wp\/v2\/comments?post=105894"}],"version-history":[{"count":1,"href":"https:\/\/www.shqiperia.com\/blog\/wp-json\/wp\/v2\/posts\/105894\/revisions"}],"predecessor-version":[{"id":105896,"href":"https:\/\/www.shqiperia.com\/blog\/wp-json\/wp\/v2\/posts\/105894\/revisions\/105896"}],"wp:featuredmedia":[{"embeddable":true,"href":"https:\/\/www.shqiperia.com\/blog\/wp-json\/wp\/v2\/media\/105895"}],"wp:attachment":[{"href":"https:\/\/www.shqiperia.com\/blog\/wp-json\/wp\/v2\/media?parent=105894"}],"wp:term":[{"taxonomy":"category","embeddable":true,"href":"https:\/\/www.shqiperia.com\/blog\/wp-json\/wp\/v2\/categories?post=105894"},{"taxonomy":"post_tag","embeddable":true,"href":"https:\/\/www.shqiperia.com\/blog\/wp-json\/wp\/v2\/tags?post=105894"}],"curies":[{"name":"wp","href":"https:\/\/api.w.org\/{rel}","templated":true}]}}