{"id":105891,"date":"2026-09-03T21:06:18","date_gmt":"2026-09-03T21:06:18","guid":{"rendered":"https:\/\/www.shqiperia.com\/blog\/?p=105891"},"modified":"2026-09-03T21:06:18","modified_gmt":"2026-09-03T21:06:18","slug":"zjarr-i-madh-ne-kashnjet-nderhyhet-nga-ajri-me-dy-helikoptere-vendoset-perimeter-sigurie-digjen-disa-banesa","status":"publish","type":"post","link":"https:\/\/www.shqiperia.com\/blog\/zjarr-i-madh-ne-kashnjet-nderhyhet-nga-ajri-me-dy-helikoptere-vendoset-perimeter-sigurie-digjen-disa-banesa\/","title":{"rendered":"Zjarr i madh n\u00eb Kashnjet\/ Nd\u00ebrhyhet nga ajri me dy helikopter\u00eb, vendoset perimet\u00ebr sigurie. &#8211; Digjen disa banesa"},"content":{"rendered":"<div class=\"firstP\">\n<div id=\"attachment_105892\" style=\"width: 608px\" class=\"wp-caption alignnone\"><img data-recalc-dims=\"1\" loading=\"lazy\" decoding=\"async\" aria-describedby=\"caption-attachment-105892\" data-attachment-id=\"105892\" data-permalink=\"https:\/\/www.shqiperia.com\/blog\/zjarr-i-madh-ne-kashnjet-nderhyhet-nga-ajri-me-dy-helikoptere-vendoset-perimeter-sigurie-digjen-disa-banesa\/banesa-te-djegura-ne-kashnjet\/\" data-orig-file=\"https:\/\/i0.wp.com\/www.shqiperia.com\/blog\/wp-content\/uploads\/2026\/09\/Banesa-te-djegura-ne-kashnjet.jpg?fit=1280%2C720&amp;ssl=1\" data-orig-size=\"1280,720\" data-comments-opened=\"1\" data-image-meta=\"{&quot;aperture&quot;:&quot;0&quot;,&quot;credit&quot;:&quot;&quot;,&quot;camera&quot;:&quot;&quot;,&quot;caption&quot;:&quot;&quot;,&quot;created_timestamp&quot;:&quot;0&quot;,&quot;copyright&quot;:&quot;&quot;,&quot;focal_length&quot;:&quot;0&quot;,&quot;iso&quot;:&quot;0&quot;,&quot;shutter_speed&quot;:&quot;0&quot;,&quot;title&quot;:&quot;&quot;,&quot;orientation&quot;:&quot;0&quot;}\" data-image-title=\"Banesa t\u00eb djegura n\u00eb kashnjet\" data-image-description=\"\" data-image-caption=\"&lt;p&gt;Banesa t\u00eb djegura n\u00eb kashnjet&lt;\/p&gt;\n\" data-medium-file=\"https:\/\/i0.wp.com\/www.shqiperia.com\/blog\/wp-content\/uploads\/2026\/09\/Banesa-te-djegura-ne-kashnjet.jpg?fit=300%2C169&amp;ssl=1\" data-large-file=\"https:\/\/i0.wp.com\/www.shqiperia.com\/blog\/wp-content\/uploads\/2026\/09\/Banesa-te-djegura-ne-kashnjet.jpg?fit=1024%2C576&amp;ssl=1\" class=\" wp-image-105892\" alt=\"\" src=\"https:\/\/i0.wp.com\/www.shqiperia.com\/blog\/wp-content\/uploads\/2026\/09\/Banesa-te-djegura-ne-kashnjet.jpg?resize=598%2C337&#038;ssl=1\" width=\"598\" height=\"337\" srcset=\"https:\/\/i0.wp.com\/www.shqiperia.com\/blog\/wp-content\/uploads\/2026\/09\/Banesa-te-djegura-ne-kashnjet.jpg?resize=300%2C169&amp;ssl=1 300w, https:\/\/i0.wp.com\/www.shqiperia.com\/blog\/wp-content\/uploads\/2026\/09\/Banesa-te-djegura-ne-kashnjet.jpg?resize=1024%2C576&amp;ssl=1 1024w, https:\/\/i0.wp.com\/www.shqiperia.com\/blog\/wp-content\/uploads\/2026\/09\/Banesa-te-djegura-ne-kashnjet.jpg?resize=768%2C432&amp;ssl=1 768w, https:\/\/i0.wp.com\/www.shqiperia.com\/blog\/wp-content\/uploads\/2026\/09\/Banesa-te-djegura-ne-kashnjet.jpg?resize=450%2C253&amp;ssl=1 450w, https:\/\/i0.wp.com\/www.shqiperia.com\/blog\/wp-content\/uploads\/2026\/09\/Banesa-te-djegura-ne-kashnjet.jpg?resize=600%2C338&amp;ssl=1 600w, https:\/\/i0.wp.com\/www.shqiperia.com\/blog\/wp-content\/uploads\/2026\/09\/Banesa-te-djegura-ne-kashnjet.jpg?resize=400%2C225&amp;ssl=1 400w, https:\/\/i0.wp.com\/www.shqiperia.com\/blog\/wp-content\/uploads\/2026\/09\/Banesa-te-djegura-ne-kashnjet.jpg?w=1280&amp;ssl=1 1280w\" sizes=\"auto, (max-width: 598px) 100vw, 598px\" \/><p id=\"caption-attachment-105892\" class=\"wp-caption-text\">Banesa t\u00eb djegura n\u00eb Kashnjet<\/p><\/div>\n<p>3 Shtator 2026<\/p>\n<p>Vijon puna p\u00ebr shuarjen e flak\u00ebve n\u00eb zon\u00ebn e Kashnjetit n\u00eb Lezh\u00eb, ku zjarri ka p\u00ebrfshir\u00eb sip\u00ebrfaqe t\u00eb konsiderueshme dhe ka shkaktuar d\u00ebme edhe n\u00eb disa banesa.<\/p>\n<\/div>\n<p>M\u00ebsohet se jan\u00eb djegur disa banesa, t\u00eb cilat n\u00eb momentin e p\u00ebrfshirjes nga flak\u00ebt kan\u00eb qen\u00eb t\u00eb pabanuara.<\/p>\n<p>P\u00ebr shkak t\u00eb terrenit t\u00eb v\u00ebshtir\u00eb dhe pamund\u00ebsis\u00eb p\u00ebr t\u00eb nd\u00ebrhyr\u00eb n\u00eb disa zona nga toka, operacioni po mb\u00ebshtetet nga ajri. Aktualisht, dy helikopter\u00eb po operojn\u00eb p\u00ebr t\u00eb neutralizuar vatrat e zjarrit.<\/p>\n<p>Nd\u00ebrkoh\u00eb, n\u00eb zon\u00ebn e prekur \u00ebsht\u00eb vendosur edhe nj\u00eb perimet\u00ebr sigurie, pasi dyshohet se n\u00eb disa pjes\u00eb mund t\u00eb ket\u00eb shp\u00ebrthime t\u00eb fishek\u00ebve t\u00eb mbetur.<\/p>\n<p>Forcat n\u00eb terren vijojn\u00eb nd\u00ebrhyrjen p\u00ebr izolimin dhe shuarjen e flak\u00ebve, nd\u00ebrsa situata po monitorohet n\u00eb vazhdim\u00ebsi.<\/p>\n<p class=\"last\"><strong>Top Channel<\/strong><\/p>\n","protected":false},"excerpt":{"rendered":"<p>3 Shtator 2026 Vijon puna p\u00ebr shuarjen e flak\u00ebve n\u00eb zon\u00ebn e Kashnjetit n\u00eb Lezh\u00eb, ku zjarri ka p\u00ebrfshir\u00eb sip\u00ebrfaqe t\u00eb konsiderueshme dhe ka shkaktuar d\u00ebme edhe n\u00eb disa banesa. M\u00ebsohet se jan\u00eb djegur disa banesa, t\u00eb cilat n\u00eb momentin e p\u00ebrfshirjes nga flak\u00ebt kan\u00eb qen\u00eb t\u00eb pabanuara. P\u00ebr shkak t\u00eb terrenit t\u00eb v\u00ebshtir\u00eb dhe [&hellip;]<\/p>\n","protected":false},"author":9,"featured_media":105892,"comment_status":"open","ping_status":"open","sticky":false,"template":"","format":"standard","meta":{"jetpack_post_was_ever_published":false,"_jetpack_newsletter_access":"","_jetpack_dont_email_post_to_subs":false,"_jetpack_newsletter_tier_id":0,"_jetpack_memberships_contains_paywalled_content":false,"_jetpack_memberships_contains_paid_content":false,"footnotes":"","jetpack_publicize_message":"","jetpack_publicize_feature_enabled":true,"jetpack_social_post_already_shared":true,"jetpack_social_options":{"image_generator_settings":{"template":"highway","default_image_id":0,"font":"","enabled":false},"version":2}},"categories":[27,1,35],"tags":[],"class_list":["post-105891","post","type-post","status-publish","format-standard","has-post-thumbnail","hentry","category-blogu-i-udhetarit","category-njoftime-shtypi","category-shoqerore"],"jetpack_publicize_connections":[],"jetpack_featured_media_url":"https:\/\/i0.wp.com\/www.shqiperia.com\/blog\/wp-content\/uploads\/2026\/09\/Banesa-te-djegura-ne-kashnjet.jpg?fit=1280%2C720&ssl=1","jetpack_sharing_enabled":true,"jetpack_shortlink":"https:\/\/wp.me\/p5Z6wp-rxV","jetpack-related-posts":[{"id":105885,"url":"https:\/\/www.shqiperia.com\/blog\/zjarri-ne-kalivac-djeg-disa-banesa-ndreu-situata-po-vihet-nen-kontroll-nderhyrje-me-2-helikoptere\/","url_meta":{"origin":105891,"position":0},"title":"Zjarri n\u00eb Kaliva\u00e7 djeg disa banesa\/ Ndreu: &#8211; Situata po vihet n\u00ebn kontroll, nd\u00ebrhyrje me 2 helikopter\u00eb","author":"Kurt Farka","date":"September 3, 2026","format":false,"excerpt":"3 Shtator 2026 Kryebashkiaku i Lezh\u00ebs, Pjerin Ndreu, ka vizituar nga af\u00ebr zonat e prekura nga zjarri n\u00eb Kaliva\u00e7, ku u dogj\u00ebn edhe disa banesa. P\u00ebr mediat, Ndreu tha se zjarri ka pasur nmj\u00eb p\u00ebrhapje t\u00eb shpejt\u00eb, duke u favorizuar edhe nga era e fort\u00eb. M\u00eb tej Ndreu theksoi se\u2026","rel":"","context":"In &quot;Blogu i Udh\u00ebtarit&quot;","block_context":{"text":"Blogu i Udh\u00ebtarit","link":"https:\/\/www.shqiperia.com\/blog\/category\/blogu-i-udhetarit\/"},"img":{"alt_text":"","src":"https:\/\/i0.wp.com\/www.shqiperia.com\/blog\/wp-content\/uploads\/2026\/09\/1788455896-struoopas-6a99acbd20785.jpg?fit=780%2C440&ssl=1&resize=350%2C200","width":350,"height":200,"srcset":"https:\/\/i0.wp.com\/www.shqiperia.com\/blog\/wp-content\/uploads\/2026\/09\/1788455896-struoopas-6a99acbd20785.jpg?fit=780%2C440&ssl=1&resize=350%2C200 1x, https:\/\/i0.wp.com\/www.shqiperia.com\/blog\/wp-content\/uploads\/2026\/09\/1788455896-struoopas-6a99acbd20785.jpg?fit=780%2C440&ssl=1&resize=525%2C300 1.5x, https:\/\/i0.wp.com\/www.shqiperia.com\/blog\/wp-content\/uploads\/2026\/09\/1788455896-struoopas-6a99acbd20785.jpg?fit=780%2C440&ssl=1&resize=700%2C400 2x"},"classes":[]},{"id":105760,"url":"https:\/\/www.shqiperia.com\/blog\/zjarri-del-jashte-kontrollit-ne-ulez-digjen-banesa-e-pemetore-evakuohen-qindra-krere-bageti\/","url_meta":{"origin":105891,"position":1},"title":"Zjarri del jasht\u00eb kontrollit n\u00eb Ul\u00ebz, digjen banesa e pem\u00ebtore! Evakuohen qindra krer\u00eb bag\u00ebti","author":"Kurt Farka","date":"September 2, 2026","format":false,"excerpt":"2 Shtator 2026 Situata me zjarret q\u00eb kan\u00eb p\u00ebrfshir\u00eb disa fshatra n\u00eb Nj\u00ebsin\u00eb Administrative Ul\u00ebz t\u00eb Bashkis\u00eb s\u00eb Matit po paraqitet mjaft kritike dhe ka dal\u00eb t\u00ebr\u00ebsisht jasht\u00eb kontrollit. Flak\u00ebt e p\u00ebrmasave t\u00eb m\u00ebdha kan\u00eb shkrumbuar deri tani qindra hektar\u00eb me sip\u00ebrfaqe pyjore, nd\u00ebrsa kan\u00eb djegur edhe banesa. T\u00eb pakt\u00ebn\u2026","rel":"","context":"In &quot;Blogu i Udh\u00ebtarit&quot;","block_context":{"text":"Blogu i Udh\u00ebtarit","link":"https:\/\/www.shqiperia.com\/blog\/category\/blogu-i-udhetarit\/"},"img":{"alt_text":"","src":"https:\/\/i0.wp.com\/www.shqiperia.com\/blog\/wp-content\/uploads\/2026\/09\/567575675-770x415-6a982b0dd2098.jpg?fit=770%2C415&ssl=1&resize=350%2C200","width":350,"height":200,"srcset":"https:\/\/i0.wp.com\/www.shqiperia.com\/blog\/wp-content\/uploads\/2026\/09\/567575675-770x415-6a982b0dd2098.jpg?fit=770%2C415&ssl=1&resize=350%2C200 1x, https:\/\/i0.wp.com\/www.shqiperia.com\/blog\/wp-content\/uploads\/2026\/09\/567575675-770x415-6a982b0dd2098.jpg?fit=770%2C415&ssl=1&resize=525%2C300 1.5x, https:\/\/i0.wp.com\/www.shqiperia.com\/blog\/wp-content\/uploads\/2026\/09\/567575675-770x415-6a982b0dd2098.jpg?fit=770%2C415&ssl=1&resize=700%2C400 2x"},"classes":[]},{"id":104178,"url":"https:\/\/www.shqiperia.com\/blog\/vijon-lufta-me-flaket-ne-kruje-dy-helikoptere-te-ushtrise-nderhyjne-nga-ajri\/","url_meta":{"origin":105891,"position":2},"title":"Vijon lufta me flak\u00ebt n\u00eb Kruj\u00eb, dy helikopter\u00eb t\u00eb ushtris\u00eb nd\u00ebrhyjn\u00eb nga ajri","author":"Kurt Farka","date":"August 11, 2026","format":false,"excerpt":"11 Gusht 2026 Ka vijuar gjat\u00eb gjith\u00eb nat\u00ebs p\u00ebrpjekja p\u00ebr shuarjen e flak\u00ebve n\u00eb zon\u00ebn e Zidonit dhe n\u00eb lagjen Boj\u00eb t\u00eb Kruj\u00ebs, ku zjarrfik\u00ebsit dhe forcat e ushtris\u00eb kan\u00eb nd\u00ebrhyr\u00eb nga terreni p\u00ebr t\u00eb v\u00ebn\u00eb n\u00ebn kontroll vatrat e zjarrit. Me zbardhjen e dit\u00ebs s\u00eb sotme kan\u00eb rifilluar operacionet\u2026","rel":"","context":"In &quot;Blogu i Udh\u00ebtarit&quot;","block_context":{"text":"Blogu i Udh\u00ebtarit","link":"https:\/\/www.shqiperia.com\/blog\/category\/blogu-i-udhetarit\/"},"img":{"alt_text":"","src":"https:\/\/i0.wp.com\/www.shqiperia.com\/blog\/wp-content\/uploads\/2026\/08\/zjarret-ne-kruje.jpg?fit=823%2C459&ssl=1&resize=350%2C200","width":350,"height":200,"srcset":"https:\/\/i0.wp.com\/www.shqiperia.com\/blog\/wp-content\/uploads\/2026\/08\/zjarret-ne-kruje.jpg?fit=823%2C459&ssl=1&resize=350%2C200 1x, https:\/\/i0.wp.com\/www.shqiperia.com\/blog\/wp-content\/uploads\/2026\/08\/zjarret-ne-kruje.jpg?fit=823%2C459&ssl=1&resize=525%2C300 1.5x, https:\/\/i0.wp.com\/www.shqiperia.com\/blog\/wp-content\/uploads\/2026\/08\/zjarret-ne-kruje.jpg?fit=823%2C459&ssl=1&resize=700%2C400 2x"},"classes":[]},{"id":105407,"url":"https:\/\/www.shqiperia.com\/blog\/zjarri-ne-vranisht-te-vlores-perfshihet-nga-flaket-nje-banese-digjen-dhe-disa-hektare-siperfaqe-pyjore\/","url_meta":{"origin":105891,"position":3},"title":"Zjarri n\u00eb Vranisht t\u00eb Vlor\u00ebs, p\u00ebrfshihet nga flak\u00ebt nj\u00eb banes\u00eb, digjen dhe disa hektar\u00eb sip\u00ebrfaqe pyjore","author":"Kurt Farka","date":"August 28, 2026","format":false,"excerpt":"28 Gusht 2026 Nj\u00eb banes\u00eb e pabanuar \u00ebsht\u00eb p\u00ebrfshir\u00eb nga flak\u00ebt, nd\u00ebrsa zjarri ka p\u00ebrfshir\u00eb disa hektar\u00eb me pisha dhe sip\u00ebrfaqe pyjore n\u00eb fshatin Vranisht t\u00eb bashkis\u00eb Himar\u00eb. Situata paraqitet e v\u00ebshtir\u00eb p\u00ebr shkak t\u00eb er\u00ebrave t\u00eb forta dhe temperaturave t\u00eb larta, nd\u00ebrsa flak\u00ebt vijojn\u00eb t\u00eb jen\u00eb aktive dhe rrezikojn\u00eb\u2026","rel":"","context":"In &quot;Blogu i Udh\u00ebtarit&quot;","block_context":{"text":"Blogu i Udh\u00ebtarit","link":"https:\/\/www.shqiperia.com\/blog\/category\/blogu-i-udhetarit\/"},"img":{"alt_text":"","src":"https:\/\/i0.wp.com\/www.shqiperia.com\/blog\/wp-content\/uploads\/2026\/08\/Untitled-design-42.webp?fit=1200%2C675&ssl=1&resize=350%2C200","width":350,"height":200,"srcset":"https:\/\/i0.wp.com\/www.shqiperia.com\/blog\/wp-content\/uploads\/2026\/08\/Untitled-design-42.webp?fit=1200%2C675&ssl=1&resize=350%2C200 1x, https:\/\/i0.wp.com\/www.shqiperia.com\/blog\/wp-content\/uploads\/2026\/08\/Untitled-design-42.webp?fit=1200%2C675&ssl=1&resize=525%2C300 1.5x, https:\/\/i0.wp.com\/www.shqiperia.com\/blog\/wp-content\/uploads\/2026\/08\/Untitled-design-42.webp?fit=1200%2C675&ssl=1&resize=700%2C400 2x, https:\/\/i0.wp.com\/www.shqiperia.com\/blog\/wp-content\/uploads\/2026\/08\/Untitled-design-42.webp?fit=1200%2C675&ssl=1&resize=1050%2C600 3x"},"classes":[]},{"id":104023,"url":"https:\/\/www.shqiperia.com\/blog\/po-digjet-qyteti-situate-dramatike-ne-kruje-flaket-gjigante-perparojne-drejt-banesave-digjen-disa-prej-tyre\/","url_meta":{"origin":105891,"position":4},"title":"\u201cPo digjet qyteti!\u201d\/ Situat\u00eb dramatike n\u00eb Kruj\u00eb, flak\u00ebt gjigante p\u00ebrparojn\u00eb drejt banesave, digjen disa prej tyre","author":"Kurt Farka","date":"August 9, 2026","format":false,"excerpt":"9 Korrik 2025 Nga Ballkanweb Sipas lajmit t\u00eb mbrmshem\u00a0 08 Gusht, 2026 22:20. Situata paraqitet tejet dramatike n\u00eb Kruj\u00eb, ku flak\u00ebt e zjarrit po p\u00ebrhapen me shpejt\u00ebsi n\u00eb drejtim t\u00eb zonave t\u00eb banuara, duke rrezikuar seriozisht banesat dhe qytetar\u00ebt. Sipas raportimeve t\u00eb qytetar\u00ebve pran\u00eb\u00a0BalkanWeb, zjarri ka dal\u00eb jasht\u00eb kontrollit n\u00eb\u2026","rel":"","context":"In &quot;Blogu i Udh\u00ebtarit&quot;","block_context":{"text":"Blogu i Udh\u00ebtarit","link":"https:\/\/www.shqiperia.com\/blog\/category\/blogu-i-udhetarit\/"},"img":{"alt_text":"","src":"https:\/\/i0.wp.com\/www.shqiperia.com\/blog\/wp-content\/uploads\/2026\/08\/Krujaa.jpg?fit=596%2C524&ssl=1&resize=350%2C200","width":350,"height":200,"srcset":"https:\/\/i0.wp.com\/www.shqiperia.com\/blog\/wp-content\/uploads\/2026\/08\/Krujaa.jpg?fit=596%2C524&ssl=1&resize=350%2C200 1x, https:\/\/i0.wp.com\/www.shqiperia.com\/blog\/wp-content\/uploads\/2026\/08\/Krujaa.jpg?fit=596%2C524&ssl=1&resize=525%2C300 1.5x"},"classes":[]},{"id":104009,"url":"https:\/\/www.shqiperia.com\/blog\/riaktivizohet-frikshem-zjarri-ne-kruje-flaket-perhapen-drejt-banesave-rrezikohen-dhjetera-banesa-ne-disa-lagje\/","url_meta":{"origin":105891,"position":5},"title":"Riaktivizohet friksh\u00ebm zjarri n\u00eb Kruj\u00eb, flak\u00ebt p\u00ebrhapen drejt banesave, rrezikohen dhjet\u00ebra banesa n\u00eb disa lagje","author":"Kurt Farka","date":"August 8, 2026","format":false,"excerpt":"8 Gusht 2026 Riaktivizohet n\u00eb m\u00ebnyr\u00eb t\u00eb frikshme zjarri n\u00eb Kruj\u00eb, nd\u00ebrsa situata paraqitet gjithnj\u00eb e m\u00eb alarmante p\u00ebr shkak t\u00eb er\u00ebs, e cila ka favorizuar p\u00ebrhapjen e flak\u00ebve. Helikopter\u00ebt jan\u00eb larguar nga zona, pasi nuk mund t\u00eb vijojn\u00eb operacionet gjat\u00eb nat\u00ebs. Nd\u00ebrkoh\u00eb, n\u00eb terren ndodhen forcat zjarrfik\u00ebse, t\u00eb cilat\u2026","rel":"","context":"In &quot;Blogu i Udh\u00ebtarit&quot;","block_context":{"text":"Blogu i Udh\u00ebtarit","link":"https:\/\/www.shqiperia.com\/blog\/category\/blogu-i-udhetarit\/"},"img":{"alt_text":"","src":"https:\/\/i0.wp.com\/www.shqiperia.com\/blog\/wp-content\/uploads\/2026\/08\/zjarr-kruje-3.jpg?fit=823%2C436&ssl=1&resize=350%2C200","width":350,"height":200,"srcset":"https:\/\/i0.wp.com\/www.shqiperia.com\/blog\/wp-content\/uploads\/2026\/08\/zjarr-kruje-3.jpg?fit=823%2C436&ssl=1&resize=350%2C200 1x, https:\/\/i0.wp.com\/www.shqiperia.com\/blog\/wp-content\/uploads\/2026\/08\/zjarr-kruje-3.jpg?fit=823%2C436&ssl=1&resize=525%2C300 1.5x, https:\/\/i0.wp.com\/www.shqiperia.com\/blog\/wp-content\/uploads\/2026\/08\/zjarr-kruje-3.jpg?fit=823%2C436&ssl=1&resize=700%2C400 2x"},"classes":[]}],"_links":{"self":[{"href":"https:\/\/www.shqiperia.com\/blog\/wp-json\/wp\/v2\/posts\/105891","targetHints":{"allow":["GET"]}}],"collection":[{"href":"https:\/\/www.shqiperia.com\/blog\/wp-json\/wp\/v2\/posts"}],"about":[{"href":"https:\/\/www.shqiperia.com\/blog\/wp-json\/wp\/v2\/types\/post"}],"author":[{"embeddable":true,"href":"https:\/\/www.shqiperia.com\/blog\/wp-json\/wp\/v2\/users\/9"}],"replies":[{"embeddable":true,"href":"https:\/\/www.shqiperia.com\/blog\/wp-json\/wp\/v2\/comments?post=105891"}],"version-history":[{"count":1,"href":"https:\/\/www.shqiperia.com\/blog\/wp-json\/wp\/v2\/posts\/105891\/revisions"}],"predecessor-version":[{"id":105893,"href":"https:\/\/www.shqiperia.com\/blog\/wp-json\/wp\/v2\/posts\/105891\/revisions\/105893"}],"wp:featuredmedia":[{"embeddable":true,"href":"https:\/\/www.shqiperia.com\/blog\/wp-json\/wp\/v2\/media\/105892"}],"wp:attachment":[{"href":"https:\/\/www.shqiperia.com\/blog\/wp-json\/wp\/v2\/media?parent=105891"}],"wp:term":[{"taxonomy":"category","embeddable":true,"href":"https:\/\/www.shqiperia.com\/blog\/wp-json\/wp\/v2\/categories?post=105891"},{"taxonomy":"post_tag","embeddable":true,"href":"https:\/\/www.shqiperia.com\/blog\/wp-json\/wp\/v2\/tags?post=105891"}],"curies":[{"name":"wp","href":"https:\/\/api.w.org\/{rel}","templated":true}]}}