{"id":105888,"date":"2026-09-03T21:00:27","date_gmt":"2026-09-03T21:00:27","guid":{"rendered":"https:\/\/www.shqiperia.com\/blog\/?p=105888"},"modified":"2026-09-03T21:00:27","modified_gmt":"2026-09-03T21:00:27","slug":"zhduket-celulari-i-sekuestruar-qe-iu-kap-te-burgosurit-pezullohen-kater-punonjes-ne-burgun-e-fierit","status":"publish","type":"post","link":"https:\/\/www.shqiperia.com\/blog\/zhduket-celulari-i-sekuestruar-qe-iu-kap-te-burgosurit-pezullohen-kater-punonjes-ne-burgun-e-fierit\/","title":{"rendered":"Zhduket celulari i sekuestruar q\u00eb iu kap t\u00eb burgosurit, pezullohen kat\u00ebr punonj\u00ebs n\u00eb burgun e Fierit"},"content":{"rendered":"<div class=\"firstP\">\n<div id=\"attachment_105889\" style=\"width: 814px\" class=\"wp-caption alignnone\"><img data-recalc-dims=\"1\" loading=\"lazy\" decoding=\"async\" aria-describedby=\"caption-attachment-105889\" data-attachment-id=\"105889\" data-permalink=\"https:\/\/www.shqiperia.com\/blog\/zhduket-celulari-i-sekuestruar-qe-iu-kap-te-burgosurit-pezullohen-kater-punonjes-ne-burgun-e-fierit\/burgu-i-fierit\/\" data-orig-file=\"https:\/\/i0.wp.com\/www.shqiperia.com\/blog\/wp-content\/uploads\/2026\/09\/burgu-i-fierit.webp?fit=1280%2C720&amp;ssl=1\" data-orig-size=\"1280,720\" data-comments-opened=\"1\" data-image-meta=\"{&quot;aperture&quot;:&quot;0&quot;,&quot;credit&quot;:&quot;&quot;,&quot;camera&quot;:&quot;&quot;,&quot;caption&quot;:&quot;&quot;,&quot;created_timestamp&quot;:&quot;0&quot;,&quot;copyright&quot;:&quot;&quot;,&quot;focal_length&quot;:&quot;0&quot;,&quot;iso&quot;:&quot;0&quot;,&quot;shutter_speed&quot;:&quot;0&quot;,&quot;title&quot;:&quot;&quot;,&quot;orientation&quot;:&quot;0&quot;}\" data-image-title=\"burgu i fierit\" data-image-description=\"\" data-image-caption=\"&lt;p&gt;burgu i fierit&lt;\/p&gt;\n\" data-medium-file=\"https:\/\/i0.wp.com\/www.shqiperia.com\/blog\/wp-content\/uploads\/2026\/09\/burgu-i-fierit.webp?fit=300%2C169&amp;ssl=1\" data-large-file=\"https:\/\/i0.wp.com\/www.shqiperia.com\/blog\/wp-content\/uploads\/2026\/09\/burgu-i-fierit.webp?fit=1024%2C576&amp;ssl=1\" class=\" wp-image-105889\" alt=\"\" src=\"https:\/\/i0.wp.com\/www.shqiperia.com\/blog\/wp-content\/uploads\/2026\/09\/burgu-i-fierit.webp?resize=804%2C453&#038;ssl=1\" width=\"804\" height=\"453\" srcset=\"https:\/\/i0.wp.com\/www.shqiperia.com\/blog\/wp-content\/uploads\/2026\/09\/burgu-i-fierit.webp?resize=300%2C169&amp;ssl=1 300w, https:\/\/i0.wp.com\/www.shqiperia.com\/blog\/wp-content\/uploads\/2026\/09\/burgu-i-fierit.webp?resize=1024%2C576&amp;ssl=1 1024w, https:\/\/i0.wp.com\/www.shqiperia.com\/blog\/wp-content\/uploads\/2026\/09\/burgu-i-fierit.webp?resize=768%2C432&amp;ssl=1 768w, https:\/\/i0.wp.com\/www.shqiperia.com\/blog\/wp-content\/uploads\/2026\/09\/burgu-i-fierit.webp?resize=450%2C253&amp;ssl=1 450w, https:\/\/i0.wp.com\/www.shqiperia.com\/blog\/wp-content\/uploads\/2026\/09\/burgu-i-fierit.webp?resize=600%2C338&amp;ssl=1 600w, https:\/\/i0.wp.com\/www.shqiperia.com\/blog\/wp-content\/uploads\/2026\/09\/burgu-i-fierit.webp?resize=400%2C225&amp;ssl=1 400w, https:\/\/i0.wp.com\/www.shqiperia.com\/blog\/wp-content\/uploads\/2026\/09\/burgu-i-fierit.webp?w=1280&amp;ssl=1 1280w\" sizes=\"auto, (max-width: 804px) 100vw, 804px\" \/><p id=\"caption-attachment-105889\" class=\"wp-caption-text\">burgu i fierit<\/p><\/div>\n<p>3 Shtator 2026<\/p>\n<p>Nj\u00eb celular i gjetur n\u00eb nj\u00eb prej qelive t\u00eb IEVP Fier \u00ebsht\u00eb zhdukur gjat\u00eb veprimeve procedurale, duke sjell\u00eb nj\u00eb hetim t\u00eb p\u00ebrbashk\u00ebt mes Agjencis\u00eb s\u00eb Mbik\u00ebqyrjes n\u00eb Sistemin e Ekzekutimit t\u00eb Vendimeve Penale dhe Prokuroris\u00eb s\u00eb Fierit.<\/p>\n<\/div>\n<p>Ngjarja \u00ebsht\u00eb regjistruar m\u00eb 24 qershor 2026. Gjat\u00eb nj\u00eb kontrolli n\u00eb dhom\u00ebn ku vuante d\u00ebnimin shtetasi Klevis Caka, punonj\u00ebsit e burgut gjet\u00ebn nj\u00eb aparat t\u00eb dyshuar celular. Sipas njoftimit zyrtar, Caka ka pranuar se telefoni ishte i tij.<\/p>\n<p>Por gjat\u00eb veprimeve t\u00eb para procedurale, hetuesit kan\u00eb konstatuar se prova materiale e raportuar, pik\u00ebrisht telefoni celular, nuk ndodhej m\u00eb n\u00eb vendin ku duhej t\u00eb ishte.<\/p>\n<p>Pik\u00ebrisht zhdukja e prov\u00ebs ka b\u00ebr\u00eb q\u00eb hetimi t\u00eb zgjerohet, duke p\u00ebrfshir\u00eb edhe punonj\u00ebs t\u00eb IEVP Fier.<\/p>\n<p>N\u00eb vijim t\u00eb hetimeve, Gjykata e Shkall\u00ebs s\u00eb Par\u00eb e Juridiksionit t\u00eb P\u00ebrgjithsh\u00ebm Fier ka vendosur mas\u00ebn e sigurimit \u201cArrest n\u00eb burg\u201d p\u00ebr dy t\u00eb paraburgosur, Klevis Caka dhe B.P.<\/p>\n<p>Nd\u00ebrkoh\u00eb, masa sigurie jan\u00eb caktuar edhe ndaj kat\u00ebr punonj\u00ebsve t\u00eb IEVP Fier, me inicialet M.B., E.H., S.H. dhe J.M.<\/p>\n<p>P\u00ebr kat\u00ebr punonj\u00ebsit \u00ebsht\u00eb vendosur \u201cPezullimi i ushtrimit t\u00eb nj\u00eb detyre a sh\u00ebrbimi publik\u201d, \u201cNdalimi i daljes jasht\u00eb shtetit\u201d dhe \u201cDetyrimi p\u00ebr t\u2019u paraqitur n\u00eb policin\u00eb gjyq\u00ebsore\u201d.<\/p>\n<p>Autoritetet nuk kan\u00eb b\u00ebr\u00eb ende t\u00eb ditura rrethanat konkrete se si telefoni i sekuestruar \u00ebsht\u00eb larguar nga ambientet e burgut.<\/p>\n<p>Hetimet vijojn\u00eb p\u00ebr t\u00eb zbardhur t\u00eb plot\u00eb dinamik\u00ebn e ngjarjes dhe p\u00ebrgjegj\u00ebsit\u00eb e secilit prej personave t\u00eb p\u00ebrfshir\u00eb.<\/p>\n<p class=\"last\"><strong>Top Channel<\/strong><\/p>\n","protected":false},"excerpt":{"rendered":"<p>3 Shtator 2026 Nj\u00eb celular i gjetur n\u00eb nj\u00eb prej qelive t\u00eb IEVP Fier \u00ebsht\u00eb zhdukur gjat\u00eb veprimeve procedurale, duke sjell\u00eb nj\u00eb hetim t\u00eb p\u00ebrbashk\u00ebt mes Agjencis\u00eb s\u00eb Mbik\u00ebqyrjes n\u00eb Sistemin e Ekzekutimit t\u00eb Vendimeve Penale dhe Prokuroris\u00eb s\u00eb Fierit. Ngjarja \u00ebsht\u00eb regjistruar m\u00eb 24 qershor 2026. Gjat\u00eb nj\u00eb kontrolli n\u00eb dhom\u00ebn ku vuante d\u00ebnimin [&hellip;]<\/p>\n","protected":false},"author":9,"featured_media":105889,"comment_status":"open","ping_status":"open","sticky":false,"template":"","format":"standard","meta":{"jetpack_post_was_ever_published":false,"_jetpack_newsletter_access":"","_jetpack_dont_email_post_to_subs":false,"_jetpack_newsletter_tier_id":0,"_jetpack_memberships_contains_paywalled_content":false,"_jetpack_memberships_contains_paid_content":false,"footnotes":"","jetpack_publicize_message":"","jetpack_publicize_feature_enabled":true,"jetpack_social_post_already_shared":true,"jetpack_social_options":{"image_generator_settings":{"template":"highway","default_image_id":0,"font":"","enabled":false},"version":2}},"categories":[27,1,2,35],"tags":[],"class_list":["post-105888","post","type-post","status-publish","format-standard","has-post-thumbnail","hentry","category-blogu-i-udhetarit","category-njoftime-shtypi","category-politika","category-shoqerore"],"jetpack_publicize_connections":[],"jetpack_featured_media_url":"https:\/\/i0.wp.com\/www.shqiperia.com\/blog\/wp-content\/uploads\/2026\/09\/burgu-i-fierit.webp?fit=1280%2C720&ssl=1","jetpack_sharing_enabled":true,"jetpack_shortlink":"https:\/\/wp.me\/p5Z6wp-rxS","jetpack-related-posts":[{"id":105189,"url":"https:\/\/www.shqiperia.com\/blog\/mallakaster-gjate-nderhyrjes-per-te-shuar-flaket-rrezohet-zjarrfikesi-ne-humnere-ja-gjendja-e-tij-shendetesore\/","url_meta":{"origin":105888,"position":0},"title":"Mallakaster &#8211; Gjat\u00eb nd\u00ebrhyrjes p\u00ebr t\u00eb shuar flak\u00ebt, rr\u00ebzohet zjarrfik\u00ebsi n\u00eb humner\u00eb. Ja gjendja e tij sh\u00ebndet\u00ebsore","author":"Kurt Farka","date":"August 25, 2026","format":false,"excerpt":"25 Gusht 2026 Nj\u00eb 50-vje\u00e7ar \u00ebsht\u00eb plagosur pas nj\u00eb r\u00ebnieje nga rreth 50 metra lart\u00ebsi n\u00eb fshatin Kapaj t\u00eb Fierit. I d\u00ebmtuari \u00ebsht\u00eb shtetasi Fluturim Salobehaj, banues n\u00eb k\u00ebt\u00eb fshat. Ngjarja ka ndodhur aksidentalisht, teksa 50-vje\u00e7ari ka r\u00ebn\u00eb n\u00eb nj\u00eb humner\u00eb n\u00eb territorin e fshatit. Si pasoj\u00eb e r\u00ebnies, ai\u2026","rel":"","context":"In &quot;Blogu i Udh\u00ebtarit&quot;","block_context":{"text":"Blogu i Udh\u00ebtarit","link":"https:\/\/www.shqiperia.com\/blog\/category\/blogu-i-udhetarit\/"},"img":{"alt_text":"","src":"https:\/\/i0.wp.com\/www.shqiperia.com\/blog\/wp-content\/uploads\/2026\/08\/Foto-ilustruese.jpg?fit=600%2C388&ssl=1&resize=350%2C200","width":350,"height":200,"srcset":"https:\/\/i0.wp.com\/www.shqiperia.com\/blog\/wp-content\/uploads\/2026\/08\/Foto-ilustruese.jpg?fit=600%2C388&ssl=1&resize=350%2C200 1x, https:\/\/i0.wp.com\/www.shqiperia.com\/blog\/wp-content\/uploads\/2026\/08\/Foto-ilustruese.jpg?fit=600%2C388&ssl=1&resize=525%2C300 1.5x"},"classes":[]},{"id":100850,"url":"https:\/\/www.shqiperia.com\/blog\/kompania-e-dhunes-ne-zvernec-e-akuzuar-ne-te-shkuaren-per-pengmarrje\/","url_meta":{"origin":105888,"position":1},"title":"Kompania e dhun\u00ebs n\u00eb Zv\u00ebrnec, e akuzuar n\u00eb t\u00eb shkuar\u00ebn p\u00ebr pengmarrje","author":"Kurt Farka","date":"June 1, 2026","format":false,"excerpt":"1 Qershor 2026 N\u00eb pamje t\u00eb par\u00eb, \u201cMyrto Security\u201d sh.p.k shfaqet n\u00eb regjistrat e shtetit si nj\u00eb histori suksesi korporativ: nj\u00eb kompani sigurie fizike q\u00eb absorbom miliarda lek\u00eb nga buxheti i shtetit, duke fituar kontrata ekskluzive p\u00ebr ruajtjen e spitaleve, nd\u00ebrmarrjeve publike dhe operator\u00ebve strategjik\u00eb t\u00eb energjis\u00eb si OSSH. Por\u2026","rel":"","context":"In &quot;Histori&quot;","block_context":{"text":"Histori","link":"https:\/\/www.shqiperia.com\/blog\/category\/histori\/"},"img":{"alt_text":"","src":"https:\/\/i0.wp.com\/www.shqiperia.com\/blog\/wp-content\/uploads\/2026\/06\/640-0-0346123bd12eca35a02491de0ac0f2b3.jpg?fit=640%2C480&ssl=1&resize=350%2C200","width":350,"height":200,"srcset":"https:\/\/i0.wp.com\/www.shqiperia.com\/blog\/wp-content\/uploads\/2026\/06\/640-0-0346123bd12eca35a02491de0ac0f2b3.jpg?fit=640%2C480&ssl=1&resize=350%2C200 1x, https:\/\/i0.wp.com\/www.shqiperia.com\/blog\/wp-content\/uploads\/2026\/06\/640-0-0346123bd12eca35a02491de0ac0f2b3.jpg?fit=640%2C480&ssl=1&resize=525%2C300 1.5x"},"classes":[]},{"id":104682,"url":"https:\/\/www.shqiperia.com\/blog\/ngaterrohet-identiteti-i-viktimes-ne-ksamil-nga-francez-ne-portugez-policia-zbardh-te-dhena-te-reja-per-ngjarjen\/","url_meta":{"origin":105888,"position":2},"title":"Ngat\u00ebrrohet identiteti i viktim\u00ebs n\u00eb Ksamil\/ Nga francez n\u00eb portugez, policia zbardh t\u00eb dh\u00ebna t\u00eb reja p\u00ebr ngjarjen","author":"Kurt Farka","date":"August 18, 2026","format":false,"excerpt":"18 Gusht 2026 Policia ka zbuluar t\u00eb dh\u00ebna t\u00eb reja mbi identitetin e viktim\u00ebs. Fillimisht u njoftua se i riu ishte shtetas francez, po pas verifikimeve ka rezultuar se ai \u00ebsht\u00eb portugez dhe quhet Luis Miguel Varela Mendes. Identifikimi i tij \u00ebsht\u00eb b\u00ebr\u00eb nga mjeti i identifikimit. Sipas autoriteteve hetimet\u2026","rel":"","context":"In &quot;Blogu i Udh\u00ebtarit&quot;","block_context":{"text":"Blogu i Udh\u00ebtarit","link":"https:\/\/www.shqiperia.com\/blog\/category\/blogu-i-udhetarit\/"},"img":{"alt_text":"","src":"https:\/\/i0.wp.com\/www.shqiperia.com\/blog\/wp-content\/uploads\/2026\/08\/ksamil-1-1-1-6a843dd1823f6.jpg?fit=752%2C430&ssl=1&resize=350%2C200","width":350,"height":200,"srcset":"https:\/\/i0.wp.com\/www.shqiperia.com\/blog\/wp-content\/uploads\/2026\/08\/ksamil-1-1-1-6a843dd1823f6.jpg?fit=752%2C430&ssl=1&resize=350%2C200 1x, https:\/\/i0.wp.com\/www.shqiperia.com\/blog\/wp-content\/uploads\/2026\/08\/ksamil-1-1-1-6a843dd1823f6.jpg?fit=752%2C430&ssl=1&resize=525%2C300 1.5x, https:\/\/i0.wp.com\/www.shqiperia.com\/blog\/wp-content\/uploads\/2026\/08\/ksamil-1-1-1-6a843dd1823f6.jpg?fit=752%2C430&ssl=1&resize=700%2C400 2x"},"classes":[]},{"id":102669,"url":"https:\/\/www.shqiperia.com\/blog\/shqetesim-zvarraniket-shtohen-rastet-e-pickimeve-edhe-nga-insektet-ne-fier\/","url_meta":{"origin":105888,"position":3},"title":"Shqet\u00ebsim zvarranik\u00ebt, shtohen rastet e pickimeve edhe nga insektet n\u00eb Fier","author":"Kurt Farka","date":"July 14, 2026","format":false,"excerpt":"14 Korrik 2026 Temperaturat e larta t\u00eb jav\u00ebve t\u00eb fundit kan\u00eb sjell\u00eb nj\u00eb rritje t\u00eb ndjeshme t\u00eb numrit t\u00eb pacient\u00ebve t\u00eb prekur nga pickimet e insekteve dhe zvarranik\u00ebve n\u00eb qarkun e Fierit. Vet\u00ebm gjat\u00eb periudh\u00ebs prill-qershor, n\u00eb Urgjenc\u00ebn e Spitalit t\u00eb Fierit jan\u00eb paraqitur 69 raste t\u00eb pickimeve apo helmimeve\u2026","rel":"","context":"In &quot;Blogu i Udh\u00ebtarit&quot;","block_context":{"text":"Blogu i Udh\u00ebtarit","link":"https:\/\/www.shqiperia.com\/blog\/category\/blogu-i-udhetarit\/"},"img":{"alt_text":"","src":"https:\/\/i0.wp.com\/www.shqiperia.com\/blog\/wp-content\/uploads\/2026\/07\/FAQs-About-Biting-Venom-1024x576-1.webp?fit=1024%2C576&ssl=1&resize=350%2C200","width":350,"height":200,"srcset":"https:\/\/i0.wp.com\/www.shqiperia.com\/blog\/wp-content\/uploads\/2026\/07\/FAQs-About-Biting-Venom-1024x576-1.webp?fit=1024%2C576&ssl=1&resize=350%2C200 1x, https:\/\/i0.wp.com\/www.shqiperia.com\/blog\/wp-content\/uploads\/2026\/07\/FAQs-About-Biting-Venom-1024x576-1.webp?fit=1024%2C576&ssl=1&resize=525%2C300 1.5x, https:\/\/i0.wp.com\/www.shqiperia.com\/blog\/wp-content\/uploads\/2026\/07\/FAQs-About-Biting-Venom-1024x576-1.webp?fit=1024%2C576&ssl=1&resize=700%2C400 2x"},"classes":[]},{"id":104329,"url":"https:\/\/www.shqiperia.com\/blog\/kercenoi-me-jete-grupin-e-ora-news-sinan-hamdi-idrizi-kapet-ne-ferra-pas-ngjarjes-gjate-xhirimeve-ne-fshatin-zbarqe\/","url_meta":{"origin":105888,"position":4},"title":"K\u00cbRC\u00cbNOI ME JET\u00cb GRUPIN E \u201cORA NEWS\u201d\/ Sinan Hamdi Idrizi kapet n\u00eb ferra, pas ngjarjes gjat\u00eb xhirimeve n\u00eb fshatin Zbarqe","author":"Kurt Farka","date":"August 13, 2026","format":false,"excerpt":"13 Gusht 2026 Nga OraNews. Nj\u00eb grup xhirimi i Ora News u k\u00ebrc\u00ebnua me jet\u00eb gjat\u00eb realizimit t\u00eb nj\u00eb kronike n\u00eb fshatin Zbarqe t\u00eb Tiran\u00ebs. Gazetarja dhe operatori kishin shkuar n\u00eb zon\u00eb pas denoncimit t\u00eb banor\u00ebve p\u00ebr d\u00ebmtimin e nj\u00eb burimi historik t\u00eb ujit t\u00eb pijsh\u00ebm. Policia Tiran\u00ebs n\u00eb nj\u00eb\u2026","rel":"","context":"In &quot;Blogu i Udh\u00ebtarit&quot;","block_context":{"text":"Blogu i Udh\u00ebtarit","link":"https:\/\/www.shqiperia.com\/blog\/category\/blogu-i-udhetarit\/"},"img":{"alt_text":"","src":"https:\/\/i0.wp.com\/www.shqiperia.com\/blog\/wp-content\/uploads\/2026\/08\/Ky-eshte-Sinan-Hamdi-Idrizi-qe-guxoi-te-kercenonte-me-jete-grupin-e-xhirimit-te-Ora-News.jpeg?fit=640%2C455&ssl=1&resize=350%2C200","width":350,"height":200,"srcset":"https:\/\/i0.wp.com\/www.shqiperia.com\/blog\/wp-content\/uploads\/2026\/08\/Ky-eshte-Sinan-Hamdi-Idrizi-qe-guxoi-te-kercenonte-me-jete-grupin-e-xhirimit-te-Ora-News.jpeg?fit=640%2C455&ssl=1&resize=350%2C200 1x, https:\/\/i0.wp.com\/www.shqiperia.com\/blog\/wp-content\/uploads\/2026\/08\/Ky-eshte-Sinan-Hamdi-Idrizi-qe-guxoi-te-kercenonte-me-jete-grupin-e-xhirimit-te-Ora-News.jpeg?fit=640%2C455&ssl=1&resize=525%2C300 1.5x"},"classes":[]},{"id":102654,"url":"https:\/\/www.shqiperia.com\/blog\/ndahet-nga-jeta-ikona-e-humorit-shqiptar-todi-llupi\/","url_meta":{"origin":105888,"position":5},"title":"Ndahet nga jeta ikona e humorit shqiptar, Todi Llupi","author":"Kurt Farka","date":"July 14, 2026","format":false,"excerpt":"14 Korrik 2026 Arti dhe kultura komb\u00ebtare kan\u00eb humbur nj\u00eb nga figurat e tyre m\u00eb t\u00eb dashura. \u00cbsht\u00eb ndar\u00eb nga jeta aktori dhe humoristi i njohur Todi Llupi, ikona e Estrad\u00ebs s\u00eb Fierit dhe nj\u00eb prej emrave m\u00eb t\u00eb spikatur t\u00eb humorit shqiptar. Me nj\u00eb karrier\u00eb q\u00eb u shtri p\u00ebr\u2026","rel":"","context":"In &quot;Arte&quot;","block_context":{"text":"Arte","link":"https:\/\/www.shqiperia.com\/blog\/category\/arte\/"},"img":{"alt_text":"","src":"https:\/\/i0.wp.com\/www.shqiperia.com\/blog\/wp-content\/uploads\/2026\/07\/Todi-Llipi-2-1.jpg?fit=864%2C525&ssl=1&resize=350%2C200","width":350,"height":200,"srcset":"https:\/\/i0.wp.com\/www.shqiperia.com\/blog\/wp-content\/uploads\/2026\/07\/Todi-Llipi-2-1.jpg?fit=864%2C525&ssl=1&resize=350%2C200 1x, https:\/\/i0.wp.com\/www.shqiperia.com\/blog\/wp-content\/uploads\/2026\/07\/Todi-Llipi-2-1.jpg?fit=864%2C525&ssl=1&resize=525%2C300 1.5x, https:\/\/i0.wp.com\/www.shqiperia.com\/blog\/wp-content\/uploads\/2026\/07\/Todi-Llipi-2-1.jpg?fit=864%2C525&ssl=1&resize=700%2C400 2x"},"classes":[]}],"_links":{"self":[{"href":"https:\/\/www.shqiperia.com\/blog\/wp-json\/wp\/v2\/posts\/105888","targetHints":{"allow":["GET"]}}],"collection":[{"href":"https:\/\/www.shqiperia.com\/blog\/wp-json\/wp\/v2\/posts"}],"about":[{"href":"https:\/\/www.shqiperia.com\/blog\/wp-json\/wp\/v2\/types\/post"}],"author":[{"embeddable":true,"href":"https:\/\/www.shqiperia.com\/blog\/wp-json\/wp\/v2\/users\/9"}],"replies":[{"embeddable":true,"href":"https:\/\/www.shqiperia.com\/blog\/wp-json\/wp\/v2\/comments?post=105888"}],"version-history":[{"count":1,"href":"https:\/\/www.shqiperia.com\/blog\/wp-json\/wp\/v2\/posts\/105888\/revisions"}],"predecessor-version":[{"id":105890,"href":"https:\/\/www.shqiperia.com\/blog\/wp-json\/wp\/v2\/posts\/105888\/revisions\/105890"}],"wp:featuredmedia":[{"embeddable":true,"href":"https:\/\/www.shqiperia.com\/blog\/wp-json\/wp\/v2\/media\/105889"}],"wp:attachment":[{"href":"https:\/\/www.shqiperia.com\/blog\/wp-json\/wp\/v2\/media?parent=105888"}],"wp:term":[{"taxonomy":"category","embeddable":true,"href":"https:\/\/www.shqiperia.com\/blog\/wp-json\/wp\/v2\/categories?post=105888"},{"taxonomy":"post_tag","embeddable":true,"href":"https:\/\/www.shqiperia.com\/blog\/wp-json\/wp\/v2\/tags?post=105888"}],"curies":[{"name":"wp","href":"https:\/\/api.w.org\/{rel}","templated":true}]}}