{"id":105885,"date":"2026-09-03T20:54:08","date_gmt":"2026-09-03T20:54:08","guid":{"rendered":"https:\/\/www.shqiperia.com\/blog\/?p=105885"},"modified":"2026-09-03T20:54:08","modified_gmt":"2026-09-03T20:54:08","slug":"zjarri-ne-kalivac-djeg-disa-banesa-ndreu-situata-po-vihet-nen-kontroll-nderhyrje-me-2-helikoptere","status":"publish","type":"post","link":"https:\/\/www.shqiperia.com\/blog\/zjarri-ne-kalivac-djeg-disa-banesa-ndreu-situata-po-vihet-nen-kontroll-nderhyrje-me-2-helikoptere\/","title":{"rendered":"Zjarri n\u00eb Kaliva\u00e7 djeg disa banesa\/ Ndreu: &#8211; Situata po vihet n\u00ebn kontroll, nd\u00ebrhyrje me 2 helikopter\u00eb"},"content":{"rendered":"<p><img data-recalc-dims=\"1\" loading=\"lazy\" decoding=\"async\" data-attachment-id=\"105886\" data-permalink=\"https:\/\/www.shqiperia.com\/blog\/zjarri-ne-kalivac-djeg-disa-banesa-ndreu-situata-po-vihet-nen-kontroll-nderhyrje-me-2-helikoptere\/1788455896-struoopas-6a99acbd20785\/\" data-orig-file=\"https:\/\/i0.wp.com\/www.shqiperia.com\/blog\/wp-content\/uploads\/2026\/09\/1788455896-struoopas-6a99acbd20785.jpg?fit=780%2C440&amp;ssl=1\" data-orig-size=\"780,440\" data-comments-opened=\"1\" data-image-meta=\"{&quot;aperture&quot;:&quot;0&quot;,&quot;credit&quot;:&quot;&quot;,&quot;camera&quot;:&quot;&quot;,&quot;caption&quot;:&quot;&quot;,&quot;created_timestamp&quot;:&quot;0&quot;,&quot;copyright&quot;:&quot;&quot;,&quot;focal_length&quot;:&quot;0&quot;,&quot;iso&quot;:&quot;0&quot;,&quot;shutter_speed&quot;:&quot;0&quot;,&quot;title&quot;:&quot;&quot;,&quot;orientation&quot;:&quot;0&quot;}\" data-image-title=\"1788455896-struoopas-6a99acbd20785\" data-image-description=\"\" data-image-caption=\"\" data-medium-file=\"https:\/\/i0.wp.com\/www.shqiperia.com\/blog\/wp-content\/uploads\/2026\/09\/1788455896-struoopas-6a99acbd20785.jpg?fit=300%2C169&amp;ssl=1\" data-large-file=\"https:\/\/i0.wp.com\/www.shqiperia.com\/blog\/wp-content\/uploads\/2026\/09\/1788455896-struoopas-6a99acbd20785.jpg?fit=780%2C440&amp;ssl=1\" class=\"alignnone  wp-image-105886\" alt=\"\" src=\"https:\/\/i0.wp.com\/www.shqiperia.com\/blog\/wp-content\/uploads\/2026\/09\/1788455896-struoopas-6a99acbd20785.jpg?resize=676%2C381&#038;ssl=1\" width=\"676\" height=\"381\" srcset=\"https:\/\/i0.wp.com\/www.shqiperia.com\/blog\/wp-content\/uploads\/2026\/09\/1788455896-struoopas-6a99acbd20785.jpg?resize=300%2C169&amp;ssl=1 300w, https:\/\/i0.wp.com\/www.shqiperia.com\/blog\/wp-content\/uploads\/2026\/09\/1788455896-struoopas-6a99acbd20785.jpg?resize=768%2C433&amp;ssl=1 768w, https:\/\/i0.wp.com\/www.shqiperia.com\/blog\/wp-content\/uploads\/2026\/09\/1788455896-struoopas-6a99acbd20785.jpg?resize=450%2C254&amp;ssl=1 450w, https:\/\/i0.wp.com\/www.shqiperia.com\/blog\/wp-content\/uploads\/2026\/09\/1788455896-struoopas-6a99acbd20785.jpg?resize=600%2C338&amp;ssl=1 600w, https:\/\/i0.wp.com\/www.shqiperia.com\/blog\/wp-content\/uploads\/2026\/09\/1788455896-struoopas-6a99acbd20785.jpg?resize=400%2C226&amp;ssl=1 400w, https:\/\/i0.wp.com\/www.shqiperia.com\/blog\/wp-content\/uploads\/2026\/09\/1788455896-struoopas-6a99acbd20785.jpg?w=780&amp;ssl=1 780w\" sizes=\"auto, (max-width: 676px) 100vw, 676px\" \/><\/p>\n<p>3 Shtator 2026<\/p>\n<p>Kryebashkiaku i Lezh\u00ebs, Pjerin Ndreu, ka vizituar nga af\u00ebr zonat e prekura nga zjarri n\u00eb Kaliva\u00e7, ku u dogj\u00ebn edhe disa banesa.<\/p>\n<p>P\u00ebr mediat, Ndreu tha se zjarri ka pasur nmj\u00eb p\u00ebrhapje t\u00eb shpejt\u00eb, duke u favorizuar edhe nga era e fort\u00eb.<\/p>\n<p>M\u00eb tej Ndreu theksoi se situata po p\u00ebrmir\u00ebsohet, pas nd\u00ebrhyrjes nga toka dhe nga ajri me 2 helikopter\u00eb.<\/p>\n<p>\u201cKa nj\u00eb zjarr, si\u00e7 e shikoni \u00ebsht\u00eb nj\u00eb nd\u00ebr zonat m\u00eb t\u00eb thella t\u00eb Lezh\u00ebs. Zjarri \u00ebsht\u00eb p\u00ebrhapur menj\u00ebher\u00eb, ka pasur edhe er\u00eb. Nd\u00ebrkoh\u00eb q\u00eb ne jemi p\u00ebrgatitur, forcat e emergjencave jan\u00eb p\u00ebrgatitur. Helikopter\u00ebt kan\u00eb ardhur, zjarri ka b\u00ebr\u00eb pun\u00ebn e vet. Ka d\u00ebmtuar disa banesa. Jemi k\u00ebtu te banesa e shtetasit Preng Boci, e cila \u00ebsht\u00eb d\u00ebmtuar thuajse komplet. Kemi evidentuar edhe disa banesa t\u00eb tjera.<\/p>\n<p>Kemi shkuar dhe i kemi par\u00eb aty. Por ajo q\u00eb \u00ebsht\u00eb pozitive p\u00ebr momentin \u00ebsht\u00eb q\u00eb nuk kemi d\u00ebme n\u00eb njer\u00ebz dhe kjo \u00ebsht\u00eb kryesorja. Zjarri tani po vihet n\u00ebn kontroll, megjith\u00ebse ka vatra dhe ne po i ndjekim. Tani po shp\u00ebrndahen edhe t\u00eb gjitha forcat k\u00ebmb\u00ebsore q\u00eb do shkojn\u00eb n\u00eb disa vatra ku helikopteri ka b\u00ebr\u00eb pun\u00ebn e vet.<\/p>\n<p>Dy helikopter\u00eb. Dhe besoj se pas gjith\u00eb asaj q\u00eb ka ndodhur, situata do t\u00eb vihet n\u00ebn kontroll. Shpresoj q\u00eb t\u00eb jemi n\u00eb nj\u00eb situat\u00eb p\u00ebr p\u00ebrmir\u00ebsuar or\u00eb pas ore. Zjarri \u00ebsht\u00eb p\u00ebrhapur shum\u00eb shpejt\u00eb, ka pasur nj\u00eb p\u00ebrhapje rrufe. Zjarri ka hyr\u00eb n\u00eb banesa dhe ka b\u00ebr\u00eb d\u00ebme m\u00eb t\u00eb m\u00ebdha\u201d, tha mes t\u00eb tjerash Ndreu.<\/p>\n","protected":false},"excerpt":{"rendered":"<p>3 Shtator 2026 Kryebashkiaku i Lezh\u00ebs, Pjerin Ndreu, ka vizituar nga af\u00ebr zonat e prekura nga zjarri n\u00eb Kaliva\u00e7, ku u dogj\u00ebn edhe disa banesa. P\u00ebr mediat, Ndreu tha se zjarri ka pasur nmj\u00eb p\u00ebrhapje t\u00eb shpejt\u00eb, duke u favorizuar edhe nga era e fort\u00eb. M\u00eb tej Ndreu theksoi se situata po p\u00ebrmir\u00ebsohet, pas nd\u00ebrhyrjes [&hellip;]<\/p>\n","protected":false},"author":9,"featured_media":105886,"comment_status":"open","ping_status":"open","sticky":false,"template":"","format":"standard","meta":{"jetpack_post_was_ever_published":false,"_jetpack_newsletter_access":"","_jetpack_dont_email_post_to_subs":false,"_jetpack_newsletter_tier_id":0,"_jetpack_memberships_contains_paywalled_content":false,"_jetpack_memberships_contains_paid_content":false,"footnotes":"","jetpack_publicize_message":"","jetpack_publicize_feature_enabled":true,"jetpack_social_post_already_shared":true,"jetpack_social_options":{"image_generator_settings":{"template":"highway","default_image_id":0,"font":"","enabled":false},"version":2}},"categories":[27,1,35],"tags":[],"class_list":["post-105885","post","type-post","status-publish","format-standard","has-post-thumbnail","hentry","category-blogu-i-udhetarit","category-njoftime-shtypi","category-shoqerore"],"jetpack_publicize_connections":[],"jetpack_featured_media_url":"https:\/\/i0.wp.com\/www.shqiperia.com\/blog\/wp-content\/uploads\/2026\/09\/1788455896-struoopas-6a99acbd20785.jpg?fit=780%2C440&ssl=1","jetpack_sharing_enabled":true,"jetpack_shortlink":"https:\/\/wp.me\/p5Z6wp-rxP","jetpack-related-posts":[{"id":105891,"url":"https:\/\/www.shqiperia.com\/blog\/zjarr-i-madh-ne-kashnjet-nderhyhet-nga-ajri-me-dy-helikoptere-vendoset-perimeter-sigurie-digjen-disa-banesa\/","url_meta":{"origin":105885,"position":0},"title":"Zjarr i madh n\u00eb Kashnjet\/ Nd\u00ebrhyhet nga ajri me dy helikopter\u00eb, vendoset perimet\u00ebr sigurie. &#8211; Digjen disa banesa","author":"Kurt Farka","date":"September 3, 2026","format":false,"excerpt":"3 Shtator 2026 Vijon puna p\u00ebr shuarjen e flak\u00ebve n\u00eb zon\u00ebn e Kashnjetit n\u00eb Lezh\u00eb, ku zjarri ka p\u00ebrfshir\u00eb sip\u00ebrfaqe t\u00eb konsiderueshme dhe ka shkaktuar d\u00ebme edhe n\u00eb disa banesa. M\u00ebsohet se jan\u00eb djegur disa banesa, t\u00eb cilat n\u00eb momentin e p\u00ebrfshirjes nga flak\u00ebt kan\u00eb qen\u00eb t\u00eb pabanuara. P\u00ebr shkak\u2026","rel":"","context":"In &quot;Blogu i Udh\u00ebtarit&quot;","block_context":{"text":"Blogu i Udh\u00ebtarit","link":"https:\/\/www.shqiperia.com\/blog\/category\/blogu-i-udhetarit\/"},"img":{"alt_text":"","src":"https:\/\/i0.wp.com\/www.shqiperia.com\/blog\/wp-content\/uploads\/2026\/09\/Banesa-te-djegura-ne-kashnjet.jpg?fit=1200%2C675&ssl=1&resize=350%2C200","width":350,"height":200,"srcset":"https:\/\/i0.wp.com\/www.shqiperia.com\/blog\/wp-content\/uploads\/2026\/09\/Banesa-te-djegura-ne-kashnjet.jpg?fit=1200%2C675&ssl=1&resize=350%2C200 1x, https:\/\/i0.wp.com\/www.shqiperia.com\/blog\/wp-content\/uploads\/2026\/09\/Banesa-te-djegura-ne-kashnjet.jpg?fit=1200%2C675&ssl=1&resize=525%2C300 1.5x, https:\/\/i0.wp.com\/www.shqiperia.com\/blog\/wp-content\/uploads\/2026\/09\/Banesa-te-djegura-ne-kashnjet.jpg?fit=1200%2C675&ssl=1&resize=700%2C400 2x, https:\/\/i0.wp.com\/www.shqiperia.com\/blog\/wp-content\/uploads\/2026\/09\/Banesa-te-djegura-ne-kashnjet.jpg?fit=1200%2C675&ssl=1&resize=1050%2C600 3x"},"classes":[]},{"id":104023,"url":"https:\/\/www.shqiperia.com\/blog\/po-digjet-qyteti-situate-dramatike-ne-kruje-flaket-gjigante-perparojne-drejt-banesave-digjen-disa-prej-tyre\/","url_meta":{"origin":105885,"position":1},"title":"\u201cPo digjet qyteti!\u201d\/ Situat\u00eb dramatike n\u00eb Kruj\u00eb, flak\u00ebt gjigante p\u00ebrparojn\u00eb drejt banesave, digjen disa prej tyre","author":"Kurt Farka","date":"August 9, 2026","format":false,"excerpt":"9 Korrik 2025 Nga Ballkanweb Sipas lajmit t\u00eb mbrmshem\u00a0 08 Gusht, 2026 22:20. Situata paraqitet tejet dramatike n\u00eb Kruj\u00eb, ku flak\u00ebt e zjarrit po p\u00ebrhapen me shpejt\u00ebsi n\u00eb drejtim t\u00eb zonave t\u00eb banuara, duke rrezikuar seriozisht banesat dhe qytetar\u00ebt. Sipas raportimeve t\u00eb qytetar\u00ebve pran\u00eb\u00a0BalkanWeb, zjarri ka dal\u00eb jasht\u00eb kontrollit n\u00eb\u2026","rel":"","context":"In &quot;Blogu i Udh\u00ebtarit&quot;","block_context":{"text":"Blogu i Udh\u00ebtarit","link":"https:\/\/www.shqiperia.com\/blog\/category\/blogu-i-udhetarit\/"},"img":{"alt_text":"","src":"https:\/\/i0.wp.com\/www.shqiperia.com\/blog\/wp-content\/uploads\/2026\/08\/Krujaa.jpg?fit=596%2C524&ssl=1&resize=350%2C200","width":350,"height":200,"srcset":"https:\/\/i0.wp.com\/www.shqiperia.com\/blog\/wp-content\/uploads\/2026\/08\/Krujaa.jpg?fit=596%2C524&ssl=1&resize=350%2C200 1x, https:\/\/i0.wp.com\/www.shqiperia.com\/blog\/wp-content\/uploads\/2026\/08\/Krujaa.jpg?fit=596%2C524&ssl=1&resize=525%2C300 1.5x"},"classes":[]},{"id":104009,"url":"https:\/\/www.shqiperia.com\/blog\/riaktivizohet-frikshem-zjarri-ne-kruje-flaket-perhapen-drejt-banesave-rrezikohen-dhjetera-banesa-ne-disa-lagje\/","url_meta":{"origin":105885,"position":2},"title":"Riaktivizohet friksh\u00ebm zjarri n\u00eb Kruj\u00eb, flak\u00ebt p\u00ebrhapen drejt banesave, rrezikohen dhjet\u00ebra banesa n\u00eb disa lagje","author":"Kurt Farka","date":"August 8, 2026","format":false,"excerpt":"8 Gusht 2026 Riaktivizohet n\u00eb m\u00ebnyr\u00eb t\u00eb frikshme zjarri n\u00eb Kruj\u00eb, nd\u00ebrsa situata paraqitet gjithnj\u00eb e m\u00eb alarmante p\u00ebr shkak t\u00eb er\u00ebs, e cila ka favorizuar p\u00ebrhapjen e flak\u00ebve. Helikopter\u00ebt jan\u00eb larguar nga zona, pasi nuk mund t\u00eb vijojn\u00eb operacionet gjat\u00eb nat\u00ebs. Nd\u00ebrkoh\u00eb, n\u00eb terren ndodhen forcat zjarrfik\u00ebse, t\u00eb cilat\u2026","rel":"","context":"In &quot;Blogu i Udh\u00ebtarit&quot;","block_context":{"text":"Blogu i Udh\u00ebtarit","link":"https:\/\/www.shqiperia.com\/blog\/category\/blogu-i-udhetarit\/"},"img":{"alt_text":"","src":"https:\/\/i0.wp.com\/www.shqiperia.com\/blog\/wp-content\/uploads\/2026\/08\/zjarr-kruje-3.jpg?fit=823%2C436&ssl=1&resize=350%2C200","width":350,"height":200,"srcset":"https:\/\/i0.wp.com\/www.shqiperia.com\/blog\/wp-content\/uploads\/2026\/08\/zjarr-kruje-3.jpg?fit=823%2C436&ssl=1&resize=350%2C200 1x, https:\/\/i0.wp.com\/www.shqiperia.com\/blog\/wp-content\/uploads\/2026\/08\/zjarr-kruje-3.jpg?fit=823%2C436&ssl=1&resize=525%2C300 1.5x, https:\/\/i0.wp.com\/www.shqiperia.com\/blog\/wp-content\/uploads\/2026\/08\/zjarr-kruje-3.jpg?fit=823%2C436&ssl=1&resize=700%2C400 2x"},"classes":[]},{"id":105407,"url":"https:\/\/www.shqiperia.com\/blog\/zjarri-ne-vranisht-te-vlores-perfshihet-nga-flaket-nje-banese-digjen-dhe-disa-hektare-siperfaqe-pyjore\/","url_meta":{"origin":105885,"position":3},"title":"Zjarri n\u00eb Vranisht t\u00eb Vlor\u00ebs, p\u00ebrfshihet nga flak\u00ebt nj\u00eb banes\u00eb, digjen dhe disa hektar\u00eb sip\u00ebrfaqe pyjore","author":"Kurt Farka","date":"August 28, 2026","format":false,"excerpt":"28 Gusht 2026 Nj\u00eb banes\u00eb e pabanuar \u00ebsht\u00eb p\u00ebrfshir\u00eb nga flak\u00ebt, nd\u00ebrsa zjarri ka p\u00ebrfshir\u00eb disa hektar\u00eb me pisha dhe sip\u00ebrfaqe pyjore n\u00eb fshatin Vranisht t\u00eb bashkis\u00eb Himar\u00eb. Situata paraqitet e v\u00ebshtir\u00eb p\u00ebr shkak t\u00eb er\u00ebrave t\u00eb forta dhe temperaturave t\u00eb larta, nd\u00ebrsa flak\u00ebt vijojn\u00eb t\u00eb jen\u00eb aktive dhe rrezikojn\u00eb\u2026","rel":"","context":"In &quot;Blogu i Udh\u00ebtarit&quot;","block_context":{"text":"Blogu i Udh\u00ebtarit","link":"https:\/\/www.shqiperia.com\/blog\/category\/blogu-i-udhetarit\/"},"img":{"alt_text":"","src":"https:\/\/i0.wp.com\/www.shqiperia.com\/blog\/wp-content\/uploads\/2026\/08\/Untitled-design-42.webp?fit=1200%2C675&ssl=1&resize=350%2C200","width":350,"height":200,"srcset":"https:\/\/i0.wp.com\/www.shqiperia.com\/blog\/wp-content\/uploads\/2026\/08\/Untitled-design-42.webp?fit=1200%2C675&ssl=1&resize=350%2C200 1x, https:\/\/i0.wp.com\/www.shqiperia.com\/blog\/wp-content\/uploads\/2026\/08\/Untitled-design-42.webp?fit=1200%2C675&ssl=1&resize=525%2C300 1.5x, https:\/\/i0.wp.com\/www.shqiperia.com\/blog\/wp-content\/uploads\/2026\/08\/Untitled-design-42.webp?fit=1200%2C675&ssl=1&resize=700%2C400 2x, https:\/\/i0.wp.com\/www.shqiperia.com\/blog\/wp-content\/uploads\/2026\/08\/Untitled-design-42.webp?fit=1200%2C675&ssl=1&resize=1050%2C600 3x"},"classes":[]},{"id":105760,"url":"https:\/\/www.shqiperia.com\/blog\/zjarri-del-jashte-kontrollit-ne-ulez-digjen-banesa-e-pemetore-evakuohen-qindra-krere-bageti\/","url_meta":{"origin":105885,"position":4},"title":"Zjarri del jasht\u00eb kontrollit n\u00eb Ul\u00ebz, digjen banesa e pem\u00ebtore! Evakuohen qindra krer\u00eb bag\u00ebti","author":"Kurt Farka","date":"September 2, 2026","format":false,"excerpt":"2 Shtator 2026 Situata me zjarret q\u00eb kan\u00eb p\u00ebrfshir\u00eb disa fshatra n\u00eb Nj\u00ebsin\u00eb Administrative Ul\u00ebz t\u00eb Bashkis\u00eb s\u00eb Matit po paraqitet mjaft kritike dhe ka dal\u00eb t\u00ebr\u00ebsisht jasht\u00eb kontrollit. Flak\u00ebt e p\u00ebrmasave t\u00eb m\u00ebdha kan\u00eb shkrumbuar deri tani qindra hektar\u00eb me sip\u00ebrfaqe pyjore, nd\u00ebrsa kan\u00eb djegur edhe banesa. T\u00eb pakt\u00ebn\u2026","rel":"","context":"In &quot;Blogu i Udh\u00ebtarit&quot;","block_context":{"text":"Blogu i Udh\u00ebtarit","link":"https:\/\/www.shqiperia.com\/blog\/category\/blogu-i-udhetarit\/"},"img":{"alt_text":"","src":"https:\/\/i0.wp.com\/www.shqiperia.com\/blog\/wp-content\/uploads\/2026\/09\/567575675-770x415-6a982b0dd2098.jpg?fit=770%2C415&ssl=1&resize=350%2C200","width":350,"height":200,"srcset":"https:\/\/i0.wp.com\/www.shqiperia.com\/blog\/wp-content\/uploads\/2026\/09\/567575675-770x415-6a982b0dd2098.jpg?fit=770%2C415&ssl=1&resize=350%2C200 1x, https:\/\/i0.wp.com\/www.shqiperia.com\/blog\/wp-content\/uploads\/2026\/09\/567575675-770x415-6a982b0dd2098.jpg?fit=770%2C415&ssl=1&resize=525%2C300 1.5x, https:\/\/i0.wp.com\/www.shqiperia.com\/blog\/wp-content\/uploads\/2026\/09\/567575675-770x415-6a982b0dd2098.jpg?fit=770%2C415&ssl=1&resize=700%2C400 2x"},"classes":[]},{"id":103742,"url":"https:\/\/www.shqiperia.com\/blog\/flaket-po-perhapen-shpejt-digjen-dy-banesa-ne-opar-te-maliqit\/","url_meta":{"origin":105885,"position":5},"title":"Flak\u00ebt po p\u00ebrhapen shpejt, digjen dy banesa n\u00eb Opar t\u00eb Maliqit","author":"Kurt Farka","date":"August 4, 2026","format":false,"excerpt":"4 Gusht 2026 Nj\u00eb vat\u00ebr zjarri ka r\u00ebn\u00eb n\u00eb fshatin Opar t\u00eb nj\u00ebsis\u00eb administrative Moglic\u00eb, n\u00eb Maliq. Sipas t\u00eb dh\u00ebnave, zjarri ka p\u00ebrfshir\u00eb nj\u00eb sip\u00ebrfaqe me shkurre dhe barishte. P\u00ebr shkak t\u00eb p\u00ebrhapjes s\u00eb shpejt\u00eb t\u00eb flak\u00ebve, zjarri ka prekur edhe dy banesa t\u00eb pabanuara. Forcat zjarrfik\u00ebse jan\u00eb nisur drejt\u2026","rel":"","context":"In &quot;Blogu i Udh\u00ebtarit&quot;","block_context":{"text":"Blogu i Udh\u00ebtarit","link":"https:\/\/www.shqiperia.com\/blog\/category\/blogu-i-udhetarit\/"},"img":{"alt_text":"","src":"https:\/\/i0.wp.com\/www.shqiperia.com\/blog\/wp-content\/uploads\/2026\/08\/auto_maliiiqii1785780641.jpg?fit=900%2C586&ssl=1&resize=350%2C200","width":350,"height":200,"srcset":"https:\/\/i0.wp.com\/www.shqiperia.com\/blog\/wp-content\/uploads\/2026\/08\/auto_maliiiqii1785780641.jpg?fit=900%2C586&ssl=1&resize=350%2C200 1x, https:\/\/i0.wp.com\/www.shqiperia.com\/blog\/wp-content\/uploads\/2026\/08\/auto_maliiiqii1785780641.jpg?fit=900%2C586&ssl=1&resize=525%2C300 1.5x, https:\/\/i0.wp.com\/www.shqiperia.com\/blog\/wp-content\/uploads\/2026\/08\/auto_maliiiqii1785780641.jpg?fit=900%2C586&ssl=1&resize=700%2C400 2x"},"classes":[]}],"_links":{"self":[{"href":"https:\/\/www.shqiperia.com\/blog\/wp-json\/wp\/v2\/posts\/105885","targetHints":{"allow":["GET"]}}],"collection":[{"href":"https:\/\/www.shqiperia.com\/blog\/wp-json\/wp\/v2\/posts"}],"about":[{"href":"https:\/\/www.shqiperia.com\/blog\/wp-json\/wp\/v2\/types\/post"}],"author":[{"embeddable":true,"href":"https:\/\/www.shqiperia.com\/blog\/wp-json\/wp\/v2\/users\/9"}],"replies":[{"embeddable":true,"href":"https:\/\/www.shqiperia.com\/blog\/wp-json\/wp\/v2\/comments?post=105885"}],"version-history":[{"count":1,"href":"https:\/\/www.shqiperia.com\/blog\/wp-json\/wp\/v2\/posts\/105885\/revisions"}],"predecessor-version":[{"id":105887,"href":"https:\/\/www.shqiperia.com\/blog\/wp-json\/wp\/v2\/posts\/105885\/revisions\/105887"}],"wp:featuredmedia":[{"embeddable":true,"href":"https:\/\/www.shqiperia.com\/blog\/wp-json\/wp\/v2\/media\/105886"}],"wp:attachment":[{"href":"https:\/\/www.shqiperia.com\/blog\/wp-json\/wp\/v2\/media?parent=105885"}],"wp:term":[{"taxonomy":"category","embeddable":true,"href":"https:\/\/www.shqiperia.com\/blog\/wp-json\/wp\/v2\/categories?post=105885"},{"taxonomy":"post_tag","embeddable":true,"href":"https:\/\/www.shqiperia.com\/blog\/wp-json\/wp\/v2\/tags?post=105885"}],"curies":[{"name":"wp","href":"https:\/\/api.w.org\/{rel}","templated":true}]}}