{"id":105882,"date":"2026-09-03T20:50:03","date_gmt":"2026-09-03T20:50:03","guid":{"rendered":"https:\/\/www.shqiperia.com\/blog\/?p=105882"},"modified":"2026-09-03T20:50:03","modified_gmt":"2026-09-03T20:50:03","slug":"flakadane-e-flamuj-kuq-e-zi-protestuesit-ndezin-tiranen-nisin-marshimi-ne-kryeqytet-mbizoterojne-thirrjet-arresto-ramen-arresto-belinden","status":"publish","type":"post","link":"https:\/\/www.shqiperia.com\/blog\/flakadane-e-flamuj-kuq-e-zi-protestuesit-ndezin-tiranen-nisin-marshimi-ne-kryeqytet-mbizoterojne-thirrjet-arresto-ramen-arresto-belinden\/","title":{"rendered":"Flakadan\u00eb e flamuj kuq e zi\/ Protestuesit \u2018ndezin\u2019 Tiran\u00ebn, nisin marshimi n\u00eb kryeqytet, mbizot\u00ebrojn\u00eb thirrjet: &#8211;  Arresto Ram\u00ebn, arresto Belind\u00ebn"},"content":{"rendered":"<div id=\"attachment_105883\" style=\"width: 514px\" class=\"wp-caption alignnone\"><img data-recalc-dims=\"1\" loading=\"lazy\" decoding=\"async\" aria-describedby=\"caption-attachment-105883\" data-attachment-id=\"105883\" data-permalink=\"https:\/\/www.shqiperia.com\/blog\/flakadane-e-flamuj-kuq-e-zi-protestuesit-ndezin-tiranen-nisin-marshimi-ne-kryeqytet-mbizoterojne-thirrjet-arresto-ramen-arresto-belinden\/protesta-4-770x362-6a99ce72704ce\/\" data-orig-file=\"https:\/\/i0.wp.com\/www.shqiperia.com\/blog\/wp-content\/uploads\/2026\/09\/protesta-4-770x362-6a99ce72704ce.jpg?fit=770%2C362&amp;ssl=1\" data-orig-size=\"770,362\" data-comments-opened=\"1\" data-image-meta=\"{&quot;aperture&quot;:&quot;0&quot;,&quot;credit&quot;:&quot;Redaksia&quot;,&quot;camera&quot;:&quot;&quot;,&quot;caption&quot;:&quot;&quot;,&quot;created_timestamp&quot;:&quot;1788470766&quot;,&quot;copyright&quot;:&quot;&quot;,&quot;focal_length&quot;:&quot;0&quot;,&quot;iso&quot;:&quot;0&quot;,&quot;shutter_speed&quot;:&quot;0&quot;,&quot;title&quot;:&quot;&quot;,&quot;orientation&quot;:&quot;0&quot;}\" data-image-title=\"3 Shtator 2026\" data-image-description=\"\" data-image-caption=\"&lt;p&gt;3 Shtator 2026&lt;\/p&gt;\n\" data-medium-file=\"https:\/\/i0.wp.com\/www.shqiperia.com\/blog\/wp-content\/uploads\/2026\/09\/protesta-4-770x362-6a99ce72704ce.jpg?fit=300%2C141&amp;ssl=1\" data-large-file=\"https:\/\/i0.wp.com\/www.shqiperia.com\/blog\/wp-content\/uploads\/2026\/09\/protesta-4-770x362-6a99ce72704ce.jpg?fit=770%2C362&amp;ssl=1\" class=\" wp-image-105883\" alt=\"\" src=\"https:\/\/i0.wp.com\/www.shqiperia.com\/blog\/wp-content\/uploads\/2026\/09\/protesta-4-770x362-6a99ce72704ce.jpg?resize=504%2C237&#038;ssl=1\" width=\"504\" height=\"237\" srcset=\"https:\/\/i0.wp.com\/www.shqiperia.com\/blog\/wp-content\/uploads\/2026\/09\/protesta-4-770x362-6a99ce72704ce.jpg?resize=300%2C141&amp;ssl=1 300w, https:\/\/i0.wp.com\/www.shqiperia.com\/blog\/wp-content\/uploads\/2026\/09\/protesta-4-770x362-6a99ce72704ce.jpg?resize=768%2C361&amp;ssl=1 768w, https:\/\/i0.wp.com\/www.shqiperia.com\/blog\/wp-content\/uploads\/2026\/09\/protesta-4-770x362-6a99ce72704ce.jpg?resize=450%2C212&amp;ssl=1 450w, https:\/\/i0.wp.com\/www.shqiperia.com\/blog\/wp-content\/uploads\/2026\/09\/protesta-4-770x362-6a99ce72704ce.jpg?resize=600%2C282&amp;ssl=1 600w, https:\/\/i0.wp.com\/www.shqiperia.com\/blog\/wp-content\/uploads\/2026\/09\/protesta-4-770x362-6a99ce72704ce.jpg?resize=400%2C188&amp;ssl=1 400w, https:\/\/i0.wp.com\/www.shqiperia.com\/blog\/wp-content\/uploads\/2026\/09\/protesta-4-770x362-6a99ce72704ce.jpg?w=770&amp;ssl=1 770w\" sizes=\"auto, (max-width: 504px) 100vw, 504px\" \/><p id=\"caption-attachment-105883\" class=\"wp-caption-text\">3 Shtator 2026<\/p><\/div>\n<p>Me flakadan\u00eb, flamuj kuq e zi e thirrjet \u201carrestoni Ram\u00ebn\u201d, qytetar\u00ebt vijojn\u00eb marshimin n\u00eb kryeqytet.<\/p>\n<p>P\u00ebr 96 dit\u00eb me radh\u00eb qytetar\u00ebt protestojn\u00eb kund\u00ebr Ram\u00ebs dhe k\u00ebrkojn\u00eb dor\u00ebheqjen e panegociueshme t\u00eb tij.<\/p>\n<p>Me thirrjet \u201cJu erdhi fundi\u201d, \u201clironi \u00e7unat\u201d, \u201clironi gocat\u201d, \u201cShqip\u00ebria k\u00ebrkon revolucion\u201d, qytetar\u00ebt vijojn\u00eb marshimin.<\/p>\n","protected":false},"excerpt":{"rendered":"<p>Me flakadan\u00eb, flamuj kuq e zi e thirrjet \u201carrestoni Ram\u00ebn\u201d, qytetar\u00ebt vijojn\u00eb marshimin n\u00eb kryeqytet. P\u00ebr 96 dit\u00eb me radh\u00eb qytetar\u00ebt protestojn\u00eb kund\u00ebr Ram\u00ebs dhe k\u00ebrkojn\u00eb dor\u00ebheqjen e panegociueshme t\u00eb tij. Me thirrjet \u201cJu erdhi fundi\u201d, \u201clironi \u00e7unat\u201d, \u201clironi gocat\u201d, \u201cShqip\u00ebria k\u00ebrkon revolucion\u201d, qytetar\u00ebt vijojn\u00eb marshimin.<\/p>\n","protected":false},"author":9,"featured_media":105883,"comment_status":"open","ping_status":"open","sticky":false,"template":"","format":"standard","meta":{"jetpack_post_was_ever_published":false,"_jetpack_newsletter_access":"","_jetpack_dont_email_post_to_subs":false,"_jetpack_newsletter_tier_id":0,"_jetpack_memberships_contains_paywalled_content":false,"_jetpack_memberships_contains_paid_content":false,"footnotes":"","jetpack_publicize_message":"","jetpack_publicize_feature_enabled":true,"jetpack_social_post_already_shared":true,"jetpack_social_options":{"image_generator_settings":{"template":"highway","default_image_id":0,"font":"","enabled":false},"version":2}},"categories":[27,1,2,35],"tags":[],"class_list":["post-105882","post","type-post","status-publish","format-standard","has-post-thumbnail","hentry","category-blogu-i-udhetarit","category-njoftime-shtypi","category-politika","category-shoqerore"],"jetpack_publicize_connections":[],"jetpack_featured_media_url":"https:\/\/i0.wp.com\/www.shqiperia.com\/blog\/wp-content\/uploads\/2026\/09\/protesta-4-770x362-6a99ce72704ce.jpg?fit=770%2C362&ssl=1","jetpack_sharing_enabled":true,"jetpack_shortlink":"https:\/\/wp.me\/p5Z6wp-rxM","jetpack-related-posts":[{"id":103586,"url":"https:\/\/www.shqiperia.com\/blog\/lumi-i-protestuesve-vijon-marshimin-drejt-kryeministrise-me-pankarta-dhe-flamuj-kombetare-rruget-jehojne-nga-thirrjet-per-ndryshim\/","url_meta":{"origin":105882,"position":0},"title":"Lumi i protestuesve vijon marshimin drejt Kryeministris\u00eb me pankarta dhe flamuj komb\u00ebtar\u00eb. &#8211; Rrug\u00ebt jehojn\u00eb nga thirrjet p\u00ebr ndryshim","author":"Kurt Farka","date":"August 1, 2026","format":false,"excerpt":"1 Gusht 3026 Teksa ka mbi 20 minuta q\u00eb ka nisur marshimi n\u00eb bulevard, protestuesit k\u00ebrkojn\u00eb me ngulm dor\u00ebheqjen e kryeministrit Edi Rama dhe arrestimin e tij p\u00ebr aferat q\u00eb sipas tyre ai \u00ebsht\u00eb p\u00ebrgjegj\u00ebs. Po ashtu ata vijojn\u00eb t\u00eb kund\u00ebrshtojn\u00eb dokumentin strategjik q\u00eb Rama prezantoi me thirrjet \u2018Edi Rama\u2026","rel":"","context":"In &quot;Blogu i Udh\u00ebtarit&quot;","block_context":{"text":"Blogu i Udh\u00ebtarit","link":"https:\/\/www.shqiperia.com\/blog\/category\/blogu-i-udhetarit\/"},"img":{"alt_text":"","src":"https:\/\/i0.wp.com\/www.shqiperia.com\/blog\/wp-content\/uploads\/2026\/08\/llll2.jpg?fit=1166%2C585&ssl=1&resize=350%2C200","width":350,"height":200,"srcset":"https:\/\/i0.wp.com\/www.shqiperia.com\/blog\/wp-content\/uploads\/2026\/08\/llll2.jpg?fit=1166%2C585&ssl=1&resize=350%2C200 1x, https:\/\/i0.wp.com\/www.shqiperia.com\/blog\/wp-content\/uploads\/2026\/08\/llll2.jpg?fit=1166%2C585&ssl=1&resize=525%2C300 1.5x, https:\/\/i0.wp.com\/www.shqiperia.com\/blog\/wp-content\/uploads\/2026\/08\/llll2.jpg?fit=1166%2C585&ssl=1&resize=700%2C400 2x, https:\/\/i0.wp.com\/www.shqiperia.com\/blog\/wp-content\/uploads\/2026\/08\/llll2.jpg?fit=1166%2C585&ssl=1&resize=1050%2C600 3x"},"classes":[]},{"id":105735,"url":"https:\/\/www.shqiperia.com\/blog\/qytetaret-rrethojne-kryeministrine-protestuesit-me-thirrjet-arresto-ramen-arresto-ballukun\/","url_meta":{"origin":105882,"position":1},"title":"Qytetar\u00ebt rrethojn\u00eb Kryeministrin\u00eb, protestuesit me thirrjet: &#8211; Arresto Ram\u00ebn, arresto Ballukun","author":"Kurt Farka","date":"September 1, 2026","format":false,"excerpt":"1 Shtator 2026 Forca t\u00eb shumta policie kan\u00eb rrethuar Kryeministrin\u00eb. Nd\u00ebrsa protestuesi vijojn\u00eb prej disa or\u00ebsh protest\u00ebn. Ndryshe nga protestat e kaluara, k\u00ebt\u00eb t\u00eb h\u00ebn\u00eb , qytetar\u00ebt bllokuan hyrje daljet e Kryeministris\u00eb, pasi m\u00ebsuan se kryeministri Rama ndodhej brenda ambienteve t\u00eb godin\u00ebs. Gjat\u00eb k\u00ebsaj proteste pati edhe tensione e p\u00ebrplasje\u2026","rel":"","context":"In &quot;Blogu i Udh\u00ebtarit&quot;","block_context":{"text":"Blogu i Udh\u00ebtarit","link":"https:\/\/www.shqiperia.com\/blog\/category\/blogu-i-udhetarit\/"},"img":{"alt_text":"","src":"https:\/\/i0.wp.com\/www.shqiperia.com\/blog\/wp-content\/uploads\/2026\/09\/protesta-revoltaa.jpg?fit=1200%2C603&ssl=1&resize=350%2C200","width":350,"height":200,"srcset":"https:\/\/i0.wp.com\/www.shqiperia.com\/blog\/wp-content\/uploads\/2026\/09\/protesta-revoltaa.jpg?fit=1200%2C603&ssl=1&resize=350%2C200 1x, https:\/\/i0.wp.com\/www.shqiperia.com\/blog\/wp-content\/uploads\/2026\/09\/protesta-revoltaa.jpg?fit=1200%2C603&ssl=1&resize=525%2C300 1.5x, https:\/\/i0.wp.com\/www.shqiperia.com\/blog\/wp-content\/uploads\/2026\/09\/protesta-revoltaa.jpg?fit=1200%2C603&ssl=1&resize=700%2C400 2x, https:\/\/i0.wp.com\/www.shqiperia.com\/blog\/wp-content\/uploads\/2026\/09\/protesta-revoltaa.jpg?fit=1200%2C603&ssl=1&resize=1050%2C600 3x"},"classes":[]},{"id":101262,"url":"https:\/\/www.shqiperia.com\/blog\/pas-marshimit-ne-rruget-e-tiranes-protestuesit-rikthehen-te-kryeministria-rama-jep-doreheqje-revolucion\/","url_meta":{"origin":105882,"position":2},"title":"Pas marshimit n\u00eb rrug\u00ebt e Tiran\u00ebs, protestuesit rikthehen te Kryeministria: &#8211; Rama jep dor\u00ebheqje, revolucion!","author":"Kurt Farka","date":"June 8, 2026","format":false,"excerpt":"8 Qershor 2026 Marshim q\u00eb nuk ndalet. Protestuesit kan\u00eb mbushur rrug\u00ebt e Tiran\u00ebs. Mij\u00ebra prej tyre, pasi kan\u00eb marshuar n\u00eb kryeqytet jan\u00eb bashkuar s\u00ebrish te Kryeministria. Protestuesit jan\u00eb ulur n\u00eb shesh, kan\u00eb ndezur dritat e telefonave b\u00ebjn\u00eb thirrje q\u00eb kryeministri t\u00eb dor\u00ebhiqet. Duk\u00eb val\u00ebvitur flamuj kuq e zi, vijojn\u00eb me\u2026","rel":"","context":"In &quot;Kultura&quot;","block_context":{"text":"Kultura","link":"https:\/\/www.shqiperia.com\/blog\/category\/kultura\/"},"img":{"alt_text":"","src":"https:\/\/i0.wp.com\/www.shqiperia.com\/blog\/wp-content\/uploads\/2026\/06\/714444438_1558624388957759_1367263175680195414_n.jpg?fit=1200%2C675&ssl=1&resize=350%2C200","width":350,"height":200,"srcset":"https:\/\/i0.wp.com\/www.shqiperia.com\/blog\/wp-content\/uploads\/2026\/06\/714444438_1558624388957759_1367263175680195414_n.jpg?fit=1200%2C675&ssl=1&resize=350%2C200 1x, https:\/\/i0.wp.com\/www.shqiperia.com\/blog\/wp-content\/uploads\/2026\/06\/714444438_1558624388957759_1367263175680195414_n.jpg?fit=1200%2C675&ssl=1&resize=525%2C300 1.5x, https:\/\/i0.wp.com\/www.shqiperia.com\/blog\/wp-content\/uploads\/2026\/06\/714444438_1558624388957759_1367263175680195414_n.jpg?fit=1200%2C675&ssl=1&resize=700%2C400 2x, https:\/\/i0.wp.com\/www.shqiperia.com\/blog\/wp-content\/uploads\/2026\/06\/714444438_1558624388957759_1367263175680195414_n.jpg?fit=1200%2C675&ssl=1&resize=1050%2C600 3x"},"classes":[]},{"id":105787,"url":"https:\/\/www.shqiperia.com\/blog\/protesta-kunder-rames-nuk-jeni-vetem-qytetaret-mberrijne-te-blloku-i-sigurise-jehojne-thirrjet-lironi-cunat-lironi-gocat\/","url_meta":{"origin":105882,"position":3},"title":"Protesta kund\u00ebr Ram\u00ebs\/ \u201cNuk jeni vet\u00ebm\u201d, qytetar\u00ebt mb\u00ebrrijn\u00eb t\u00eb Blloku i Siguris\u00eb, jehojn\u00eb thirrjet: Lironi \u00e7unat, lironi gocat","author":"Kurt Farka","date":"September 2, 2026","format":false,"excerpt":"2 Shtator 2026 \u201cNuk jeni vet\u00ebm\u201d, kan\u00eb qen\u00eb k\u00ebto thirrjet e protestuesve nd\u00ebrsa kan\u00eb mb\u00ebrritur te Blloku i Siguris\u00eb, n\u00eb rrug\u00ebn Mine Peza, ku ndodhen edhe protestuesit e arrestuar. Ata jan\u00eb shprehur n\u00eb mb\u00ebshtetje t\u00eb protestuesve t\u00eb arrestuar, nd\u00ebrsa b\u00ebjn\u00eb thirrje p\u00ebr lirimin e tyre, Gjithashtu qytetar\u00ebt b\u00ebjn\u00eb thirrje p\u00ebr\u2026","rel":"","context":"In &quot;Blogu i Udh\u00ebtarit&quot;","block_context":{"text":"Blogu i Udh\u00ebtarit","link":"https:\/\/www.shqiperia.com\/blog\/category\/blogu-i-udhetarit\/"},"img":{"alt_text":"","src":"https:\/\/i0.wp.com\/www.shqiperia.com\/blog\/wp-content\/uploads\/2026\/09\/mine-pezaaaaaaaaaaaaaaaa.jpg?fit=1200%2C589&ssl=1&resize=350%2C200","width":350,"height":200,"srcset":"https:\/\/i0.wp.com\/www.shqiperia.com\/blog\/wp-content\/uploads\/2026\/09\/mine-pezaaaaaaaaaaaaaaaa.jpg?fit=1200%2C589&ssl=1&resize=350%2C200 1x, https:\/\/i0.wp.com\/www.shqiperia.com\/blog\/wp-content\/uploads\/2026\/09\/mine-pezaaaaaaaaaaaaaaaa.jpg?fit=1200%2C589&ssl=1&resize=525%2C300 1.5x, https:\/\/i0.wp.com\/www.shqiperia.com\/blog\/wp-content\/uploads\/2026\/09\/mine-pezaaaaaaaaaaaaaaaa.jpg?fit=1200%2C589&ssl=1&resize=700%2C400 2x, https:\/\/i0.wp.com\/www.shqiperia.com\/blog\/wp-content\/uploads\/2026\/09\/mine-pezaaaaaaaaaaaaaaaa.jpg?fit=1200%2C589&ssl=1&resize=1050%2C600 3x"},"classes":[]},{"id":105752,"url":"https:\/\/www.shqiperia.com\/blog\/lironi-shqipet-protestuesit-para-komisariateve-ne-mbeshtetje-te-te-shoqeruarve-nga-policia-revolte-kunder-te-gjithe-klases-politike-ju-erdhi-fundi\/","url_meta":{"origin":105882,"position":4},"title":"\u201cLironi shqipet\u201d\/ Protestuesit para Komisariateve n\u00eb mb\u00ebshtetje t\u00eb t\u00eb shoq\u00ebruarve nga policia! Revolt\u00eb kund\u00ebr t\u00eb gjith\u00eb klas\u00ebs politike: &#8211; Ju erdhi fundi!","author":"Kurt Farka","date":"September 1, 2026","format":false,"excerpt":"1 Shtator 2026 Protestuesit vijojn\u00eb q\u00ebndres\u00ebn e tyre p\u00ebrpara ambienteve t\u00eb Komisariateve ku mbahet t\u00eb shoq\u00ebruar protestuesit e ndalur nga policia. Qytetar\u00ebt k\u00ebrkojn\u00eb lirimin e personave t\u00eb ndaluar. Rreth 11 protestues u shoq\u00ebruan nga policia. Me thirrjet \u201carrestoni Ram\u00ebn\u201d, arrestoni Ballukun, lironi \u00e7unat, lironi gocat. Revolta vijon prej 94 dit\u00ebsh\u2026","rel":"","context":"In &quot;Blogu i Udh\u00ebtarit&quot;","block_context":{"text":"Blogu i Udh\u00ebtarit","link":"https:\/\/www.shqiperia.com\/blog\/category\/blogu-i-udhetarit\/"},"img":{"alt_text":"","src":"https:\/\/i0.wp.com\/www.shqiperia.com\/blog\/wp-content\/uploads\/2026\/09\/arrestoni-ramennn.jpg?fit=1200%2C580&ssl=1&resize=350%2C200","width":350,"height":200,"srcset":"https:\/\/i0.wp.com\/www.shqiperia.com\/blog\/wp-content\/uploads\/2026\/09\/arrestoni-ramennn.jpg?fit=1200%2C580&ssl=1&resize=350%2C200 1x, https:\/\/i0.wp.com\/www.shqiperia.com\/blog\/wp-content\/uploads\/2026\/09\/arrestoni-ramennn.jpg?fit=1200%2C580&ssl=1&resize=525%2C300 1.5x, https:\/\/i0.wp.com\/www.shqiperia.com\/blog\/wp-content\/uploads\/2026\/09\/arrestoni-ramennn.jpg?fit=1200%2C580&ssl=1&resize=700%2C400 2x, https:\/\/i0.wp.com\/www.shqiperia.com\/blog\/wp-content\/uploads\/2026\/09\/arrestoni-ramennn.jpg?fit=1200%2C580&ssl=1&resize=1050%2C600 3x"},"classes":[]},{"id":101388,"url":"https:\/\/www.shqiperia.com\/blog\/proteste-historike-tubimi-i-qytetareve-thyen-rekord-ne-pjesemarrje\/","url_meta":{"origin":105882,"position":5},"title":"Protest\u00eb historike, tubimi i qytetar\u00ebve thyen rekord n\u00eb pjes\u00ebmarrje","author":"Kurt Farka","date":"June 10, 2026","format":false,"excerpt":"10 Qershor 2026 Q\u00ebndres\u00eb, energji, t\u00eb vendosur n\u00eb kauz\u00ebn e tyre, qytetar\u00ebt vijojn\u00eb marshimin n\u00eb kryeqytet. M\u00eb thirrjet \u201cEdi Rama jep dor\u00ebheqjen\u201d, \u201cBashkohuni me ne\u201d, \u201cOpozita jemi ne\u201d, \u201cShqip\u00ebri e Re\u201d, \u201cRevolucion\u201d, \u201cRama n\u00eb burg, Berisha n\u00eb burg\u201d, vijon protest\u00eb-marshimi n\u00eb t\u00eb gjith\u00eb kryeqytetin. Pjes\u00ebmarrja \u00ebsht\u00eb historike ka tejkaluar \u00e7do\u2026","rel":"","context":"In &quot;Kultura&quot;","block_context":{"text":"Kultura","link":"https:\/\/www.shqiperia.com\/blog\/category\/kultura\/"},"img":{"alt_text":"","src":"https:\/\/i0.wp.com\/www.shqiperia.com\/blog\/wp-content\/uploads\/2026\/06\/WhatsApp-Image-2026-06-10-at-21.28.17-1.jpeg?fit=1200%2C800&ssl=1&resize=350%2C200","width":350,"height":200,"srcset":"https:\/\/i0.wp.com\/www.shqiperia.com\/blog\/wp-content\/uploads\/2026\/06\/WhatsApp-Image-2026-06-10-at-21.28.17-1.jpeg?fit=1200%2C800&ssl=1&resize=350%2C200 1x, https:\/\/i0.wp.com\/www.shqiperia.com\/blog\/wp-content\/uploads\/2026\/06\/WhatsApp-Image-2026-06-10-at-21.28.17-1.jpeg?fit=1200%2C800&ssl=1&resize=525%2C300 1.5x, https:\/\/i0.wp.com\/www.shqiperia.com\/blog\/wp-content\/uploads\/2026\/06\/WhatsApp-Image-2026-06-10-at-21.28.17-1.jpeg?fit=1200%2C800&ssl=1&resize=700%2C400 2x, https:\/\/i0.wp.com\/www.shqiperia.com\/blog\/wp-content\/uploads\/2026\/06\/WhatsApp-Image-2026-06-10-at-21.28.17-1.jpeg?fit=1200%2C800&ssl=1&resize=1050%2C600 3x"},"classes":[]}],"_links":{"self":[{"href":"https:\/\/www.shqiperia.com\/blog\/wp-json\/wp\/v2\/posts\/105882","targetHints":{"allow":["GET"]}}],"collection":[{"href":"https:\/\/www.shqiperia.com\/blog\/wp-json\/wp\/v2\/posts"}],"about":[{"href":"https:\/\/www.shqiperia.com\/blog\/wp-json\/wp\/v2\/types\/post"}],"author":[{"embeddable":true,"href":"https:\/\/www.shqiperia.com\/blog\/wp-json\/wp\/v2\/users\/9"}],"replies":[{"embeddable":true,"href":"https:\/\/www.shqiperia.com\/blog\/wp-json\/wp\/v2\/comments?post=105882"}],"version-history":[{"count":1,"href":"https:\/\/www.shqiperia.com\/blog\/wp-json\/wp\/v2\/posts\/105882\/revisions"}],"predecessor-version":[{"id":105884,"href":"https:\/\/www.shqiperia.com\/blog\/wp-json\/wp\/v2\/posts\/105882\/revisions\/105884"}],"wp:featuredmedia":[{"embeddable":true,"href":"https:\/\/www.shqiperia.com\/blog\/wp-json\/wp\/v2\/media\/105883"}],"wp:attachment":[{"href":"https:\/\/www.shqiperia.com\/blog\/wp-json\/wp\/v2\/media?parent=105882"}],"wp:term":[{"taxonomy":"category","embeddable":true,"href":"https:\/\/www.shqiperia.com\/blog\/wp-json\/wp\/v2\/categories?post=105882"},{"taxonomy":"post_tag","embeddable":true,"href":"https:\/\/www.shqiperia.com\/blog\/wp-json\/wp\/v2\/tags?post=105882"}],"curies":[{"name":"wp","href":"https:\/\/api.w.org\/{rel}","templated":true}]}}