{"id":105879,"date":"2026-09-03T16:50:35","date_gmt":"2026-09-03T16:50:35","guid":{"rendered":"https:\/\/www.shqiperia.com\/blog\/?p=105879"},"modified":"2026-09-03T16:50:35","modified_gmt":"2026-09-03T16:50:35","slug":"blendi-fevziu-falimentim-i-plote-i-shtetit","status":"publish","type":"post","link":"https:\/\/www.shqiperia.com\/blog\/blendi-fevziu-falimentim-i-plote-i-shtetit\/","title":{"rendered":"Blendi Fevziu: &#8211; Falimentim i plot\u00eb i shtetit"},"content":{"rendered":"<p><img data-recalc-dims=\"1\" loading=\"lazy\" decoding=\"async\" data-attachment-id=\"105880\" data-permalink=\"https:\/\/www.shqiperia.com\/blog\/blendi-fevziu-falimentim-i-plote-i-shtetit\/ghfgfh\/\" data-orig-file=\"https:\/\/i0.wp.com\/www.shqiperia.com\/blog\/wp-content\/uploads\/2026\/09\/ghfgfh.jpg?fit=721%2C383&amp;ssl=1\" data-orig-size=\"721,383\" data-comments-opened=\"1\" data-image-meta=\"{&quot;aperture&quot;:&quot;0&quot;,&quot;credit&quot;:&quot;Redaksia&quot;,&quot;camera&quot;:&quot;&quot;,&quot;caption&quot;:&quot;&quot;,&quot;created_timestamp&quot;:&quot;1788455454&quot;,&quot;copyright&quot;:&quot;&quot;,&quot;focal_length&quot;:&quot;0&quot;,&quot;iso&quot;:&quot;0&quot;,&quot;shutter_speed&quot;:&quot;0&quot;,&quot;title&quot;:&quot;&quot;,&quot;orientation&quot;:&quot;0&quot;}\" data-image-title=\"ghfgfh\" data-image-description=\"\" data-image-caption=\"\" data-medium-file=\"https:\/\/i0.wp.com\/www.shqiperia.com\/blog\/wp-content\/uploads\/2026\/09\/ghfgfh.jpg?fit=300%2C159&amp;ssl=1\" data-large-file=\"https:\/\/i0.wp.com\/www.shqiperia.com\/blog\/wp-content\/uploads\/2026\/09\/ghfgfh.jpg?fit=721%2C383&amp;ssl=1\" class=\"alignnone  wp-image-105880\" alt=\"\" src=\"https:\/\/i0.wp.com\/www.shqiperia.com\/blog\/wp-content\/uploads\/2026\/09\/ghfgfh.jpg?resize=698%2C370&#038;ssl=1\" width=\"698\" height=\"370\" srcset=\"https:\/\/i0.wp.com\/www.shqiperia.com\/blog\/wp-content\/uploads\/2026\/09\/ghfgfh.jpg?resize=300%2C159&amp;ssl=1 300w, https:\/\/i0.wp.com\/www.shqiperia.com\/blog\/wp-content\/uploads\/2026\/09\/ghfgfh.jpg?resize=450%2C239&amp;ssl=1 450w, https:\/\/i0.wp.com\/www.shqiperia.com\/blog\/wp-content\/uploads\/2026\/09\/ghfgfh.jpg?resize=600%2C319&amp;ssl=1 600w, https:\/\/i0.wp.com\/www.shqiperia.com\/blog\/wp-content\/uploads\/2026\/09\/ghfgfh.jpg?resize=400%2C212&amp;ssl=1 400w, https:\/\/i0.wp.com\/www.shqiperia.com\/blog\/wp-content\/uploads\/2026\/09\/ghfgfh.jpg?w=721&amp;ssl=1 721w\" sizes=\"auto, (max-width: 698px) 100vw, 698px\" \/><\/p>\n<p>3 Shtator 2026<\/p>\n<p>Gazetari Blendi Fevziu ka reaguar ashp\u00ebr lidhur me kanosjen e nj\u00eb biznesmeni n\u00eb nj\u00eb hotel n\u00eb Orikum dit\u00ebn e sotme, duke e cil\u00ebsuar ngjarjen si nj\u00eb tregues t\u00eb qart\u00eb t\u00eb falimentimit t\u00eb institucioneve shtet\u00ebrore dhe t\u00eb sistemit t\u00eb drejt\u00ebsis\u00eb n\u00eb Shqip\u00ebri.<\/p>\n<p>P\u00ebrmes nj\u00eb video-denoncimi ku publikoi pamje nga konflikti, Fevziu n\u00ebnvizoi se paaft\u00ebsia e strukturave t\u00eb shtetit p\u00ebr t\u00eb zgjidhur mosmarr\u00ebveshjet tregtare po i shtyn sip\u00ebrmarr\u00ebsit drejt vet\u00ebgjykimit dhe p\u00ebrplasjeve fizike. Sipas tij, b\u00ebhet fjal\u00eb p\u00ebr konflikte financiare q\u00eb kapin shifra miliona eurosh, t\u00eb cilat nuk po marrin zgjidhje n\u00eb rrug\u00eb ligjore.<\/p>\n<p>\u201cSherri dhe p\u00ebrplasja fizike \u00ebsht\u00eb e vetmja m\u00ebnyr\u00eb p\u00ebr t\u00eb zgjidhur nj\u00eb mosmarr\u00ebveshje mes dy biznesmen\u00ebve. Dy biznesmen\u00eb shum\u00eb t\u00eb njohur n\u00eb Shqip\u00ebri konfliktohen gati fizikisht p\u00ebr t\u00eb zgjidhur nj\u00eb mosmarr\u00ebveshje q\u00eb nuk e zgjidhin dot me asnj\u00eb nga strukturat shtet\u00ebrore. Ky \u00ebsht\u00eb falimentimi i plot\u00eb i shtetit. Nuk e zgjidhin dot me gjykatat, nuk e zgjidhin dot me institucionet, nuk e zgjidhin dot me nd\u00ebrmjet\u00ebsim apo me arbitrazh,\u201d deklaroi Fevziu.<\/p>\n<p>M\u00eb tej, gazetari ngriti shqet\u00ebsimin se reagimi i organeve ligjzbatuese dhe ndjekja policore vijn\u00eb vet\u00ebm pasi situata degjeneron n\u00eb dhun\u00eb publike. N\u00eb p\u00ebrmbyllje t\u00eb reagimit t\u00eb tij, Fevziu theksoi se kur shteti d\u00ebshton n\u00eb garantimin e ligjit dhe t\u00eb institucioneve, pasojat e k\u00ebtij falimentimi bien mbi t\u00eb gjith\u00eb shoq\u00ebrin\u00eb.<\/p>\n","protected":false},"excerpt":{"rendered":"<p>3 Shtator 2026 Gazetari Blendi Fevziu ka reaguar ashp\u00ebr lidhur me kanosjen e nj\u00eb biznesmeni n\u00eb nj\u00eb hotel n\u00eb Orikum dit\u00ebn e sotme, duke e cil\u00ebsuar ngjarjen si nj\u00eb tregues t\u00eb qart\u00eb t\u00eb falimentimit t\u00eb institucioneve shtet\u00ebrore dhe t\u00eb sistemit t\u00eb drejt\u00ebsis\u00eb n\u00eb Shqip\u00ebri. P\u00ebrmes nj\u00eb video-denoncimi ku publikoi pamje nga konflikti, Fevziu n\u00ebnvizoi se [&hellip;]<\/p>\n","protected":false},"author":9,"featured_media":105880,"comment_status":"open","ping_status":"open","sticky":false,"template":"","format":"standard","meta":{"jetpack_post_was_ever_published":false,"_jetpack_newsletter_access":"","_jetpack_dont_email_post_to_subs":false,"_jetpack_newsletter_tier_id":0,"_jetpack_memberships_contains_paywalled_content":false,"_jetpack_memberships_contains_paid_content":false,"footnotes":"","jetpack_publicize_message":"","jetpack_publicize_feature_enabled":true,"jetpack_social_post_already_shared":true,"jetpack_social_options":{"image_generator_settings":{"template":"highway","default_image_id":0,"font":"","enabled":false},"version":2}},"categories":[27,1,2,35],"tags":[],"class_list":["post-105879","post","type-post","status-publish","format-standard","has-post-thumbnail","hentry","category-blogu-i-udhetarit","category-njoftime-shtypi","category-politika","category-shoqerore"],"jetpack_publicize_connections":[],"jetpack_featured_media_url":"https:\/\/i0.wp.com\/www.shqiperia.com\/blog\/wp-content\/uploads\/2026\/09\/ghfgfh.jpg?fit=721%2C383&ssl=1","jetpack_sharing_enabled":true,"jetpack_shortlink":"https:\/\/wp.me\/p5Z6wp-rxJ","jetpack-related-posts":[{"id":104379,"url":"https:\/\/www.shqiperia.com\/blog\/klsh-per-turizmin-e-blendi-gonxhes-abuzimet-me-tenderat-e-marketingut-kaos-me-licencat-dhe-lejet\/","url_meta":{"origin":105879,"position":0},"title":"KLSH p\u00ebr turizmin e Blendi Gonxhes, abuzimet me tenderat e marketingut, kaos me licencat dhe lejet\u2026","author":"Kurt Farka","date":"August 13, 2026","format":false,"excerpt":"13 Gusht 2026 Nd\u00ebrsa ministri i Turizmit, Kultur\u00ebs dhe Sportit, Blendi Gonxhja vazhdon t\u00eb shes\u00eb n\u00eb daljet e tij publike fushata luksoze marketingu dhe t\u2019i prezantoj\u00eb shqiptar\u00ebve nj\u00eb \u201cboom turistik\u201d p\u00ebrrallor, raportet zyrtare t\u00eb Kontrollit t\u00eb Lart\u00eb t\u00eb Shtetit (KLSH) e kan\u00eb nxjerr\u00eb lakuriq t\u00eb v\u00ebrtet\u00ebn. Pas fasad\u00ebs me reformatime\u2026","rel":"","context":"In &quot;Blogu i Udh\u00ebtarit&quot;","block_context":{"text":"Blogu i Udh\u00ebtarit","link":"https:\/\/www.shqiperia.com\/blog\/category\/blogu-i-udhetarit\/"},"img":{"alt_text":"","src":"https:\/\/i0.wp.com\/www.shqiperia.com\/blog\/wp-content\/uploads\/2026\/08\/hbb-682x570-1.jpg?fit=682%2C438&ssl=1&resize=350%2C200","width":350,"height":200,"srcset":"https:\/\/i0.wp.com\/www.shqiperia.com\/blog\/wp-content\/uploads\/2026\/08\/hbb-682x570-1.jpg?fit=682%2C438&ssl=1&resize=350%2C200 1x, https:\/\/i0.wp.com\/www.shqiperia.com\/blog\/wp-content\/uploads\/2026\/08\/hbb-682x570-1.jpg?fit=682%2C438&ssl=1&resize=525%2C300 1.5x"},"classes":[]},{"id":104685,"url":"https:\/\/www.shqiperia.com\/blog\/media-franceze-intelligence-online-intensifikohen-pergatitjet-per-ngritjen-e-mikro-shtetit-bektashi-ne-shqiperi\/","url_meta":{"origin":105879,"position":1},"title":"Media franceze \u201cIntelligence Online\u201d: Intensifikohen p\u00ebrgatitjet p\u00ebr ngritjen e mikro-shtetit bektashi n\u00eb Shqip\u00ebri","author":"Kurt Farka","date":"August 18, 2026","format":false,"excerpt":"18 Gusht 2026 Po p\u00ebrgatiten monedha dhe pasaporta P\u00ebrgatitjet p\u00ebr krijimin e shtetit sovran t\u00eb Urdhrit Bektashi n\u00eb Tiran\u00eb po hyjn\u00eb n\u00eb nj\u00eb faz\u00eb t\u00eb re, me drejtuesit e komunitetit q\u00eb po punojn\u00eb p\u00ebr strukturat e ardhshme institucionale dhe p\u00ebrfaq\u00ebsimin e tij jasht\u00eb Shqip\u00ebris\u00eb. K\u00ebshtu shkruan Intelligence Online n\u00eb nj\u00eb\u2026","rel":"","context":"In &quot;Blogu i Udh\u00ebtarit&quot;","block_context":{"text":"Blogu i Udh\u00ebtarit","link":"https:\/\/www.shqiperia.com\/blog\/category\/blogu-i-udhetarit\/"},"img":{"alt_text":"","src":"https:\/\/i0.wp.com\/www.shqiperia.com\/blog\/wp-content\/uploads\/2026\/08\/Baba-Mondi.jpeg?fit=640%2C360&ssl=1&resize=350%2C200","width":350,"height":200,"srcset":"https:\/\/i0.wp.com\/www.shqiperia.com\/blog\/wp-content\/uploads\/2026\/08\/Baba-Mondi.jpeg?fit=640%2C360&ssl=1&resize=350%2C200 1x, https:\/\/i0.wp.com\/www.shqiperia.com\/blog\/wp-content\/uploads\/2026\/08\/Baba-Mondi.jpeg?fit=640%2C360&ssl=1&resize=525%2C300 1.5x"},"classes":[]},{"id":105282,"url":"https:\/\/www.shqiperia.com\/blog\/agasi-levizte-mes-elbasanit-dhe-durresit-gazetarja-jep-detajet-per-arrestimin-e-biznesmenit-e-konsideronte-veten-te-paprekshem-shoqerohej-nga\/","url_meta":{"origin":105879,"position":2},"title":"\u201cAgasi l\u00ebvizte mes Elbasanit dhe Durr\u00ebsit&#8221;\/ Gazetarja jep detajet p\u00ebr arrestimin e biznesmenit: &#8211; E konsideronte veten t\u00eb papreksh\u00ebm, shoq\u00ebrohej nga&#8230;","author":"Kurt Farka","date":"August 27, 2026","format":false,"excerpt":"27 Gusht 2026 Gazetarja Klodiana Lala ka zbardhur detaje t\u00eb reja lidhur me operacionin p\u00ebr arrestimin e Ergys Agasit, i cili u vu n\u00eb pranga m\u00eb 26 gusht n\u00eb Durr\u00ebs, pas disa muajsh n\u00eb k\u00ebrkim. Sipas Lal\u00ebs, Agasi kishte kryer l\u00ebvizje t\u00eb shpeshta mes Elbasanit dhe Durr\u00ebsit, nd\u00ebrsa agjent\u00ebt e\u2026","rel":"","context":"In &quot;Blogu i Udh\u00ebtarit&quot;","block_context":{"text":"Blogu i Udh\u00ebtarit","link":"https:\/\/www.shqiperia.com\/blog\/category\/blogu-i-udhetarit\/"},"img":{"alt_text":"","src":"https:\/\/i0.wp.com\/www.shqiperia.com\/blog\/wp-content\/uploads\/2026\/08\/remove-wmk1787827738294-6a9016224dbb3.png?fit=720%2C407&ssl=1&resize=350%2C200","width":350,"height":200,"srcset":"https:\/\/i0.wp.com\/www.shqiperia.com\/blog\/wp-content\/uploads\/2026\/08\/remove-wmk1787827738294-6a9016224dbb3.png?fit=720%2C407&ssl=1&resize=350%2C200 1x, https:\/\/i0.wp.com\/www.shqiperia.com\/blog\/wp-content\/uploads\/2026\/08\/remove-wmk1787827738294-6a9016224dbb3.png?fit=720%2C407&ssl=1&resize=525%2C300 1.5x, https:\/\/i0.wp.com\/www.shqiperia.com\/blog\/wp-content\/uploads\/2026\/08\/remove-wmk1787827738294-6a9016224dbb3.png?fit=720%2C407&ssl=1&resize=700%2C400 2x"},"classes":[]},{"id":103070,"url":"https:\/\/www.shqiperia.com\/blog\/cfare-e-vrau-muzen-e-boticelit-a-eshte-zgjidhur-rasti-mjekesor-550-vjecar\/","url_meta":{"origin":105879,"position":3},"title":"\u00c7far\u00eb e vrau muz\u00ebn e Boti\u00e7elit: A \u00ebsht\u00eb zgjidhur rasti mjek\u00ebsor 550-vje\u00e7ar?","author":"Kurt Farka","date":"July 22, 2026","format":false,"excerpt":"22 Korrik 2026 Nga Paolo Pozzilli\/ Simoneta Vespu\u00e7i \u00ebsht\u00eb ndoshta nj\u00eb nga grat\u00eb m\u00eb t\u00eb pikturuara t\u00eb Rilindjes Italiane. Besohet gjer\u00ebsisht se Sandro Boti\u00e7eli e p\u00ebrdori at\u00eb si model p\u00ebr Venusin dhe ajo shfaqet, e shnd\u00ebrruar dhe e idealizuar, n\u00eb disa nga veprat e tij m\u00eb t\u00eb famshme. Ajo vdiq\u2026","rel":"","context":"In &quot;Blogu i Udh\u00ebtarit&quot;","block_context":{"text":"Blogu i Udh\u00ebtarit","link":"https:\/\/www.shqiperia.com\/blog\/category\/blogu-i-udhetarit\/"},"img":{"alt_text":"","src":"https:\/\/i0.wp.com\/www.shqiperia.com\/blog\/wp-content\/uploads\/2026\/07\/1.jpg?fit=513%2C396&ssl=1&resize=350%2C200","width":350,"height":200},"classes":[]},{"id":102258,"url":"https:\/\/www.shqiperia.com\/blog\/qeveria-rama-nen-hetim-per-trafik-droge-nga-shba\/","url_meta":{"origin":105879,"position":4},"title":"Qeveria \u201cRama\u201d n\u00ebn hetim p\u00ebr trafik droge nga SHBA","author":"Kurt Farka","date":"July 5, 2026","format":false,"excerpt":"5 Korrik 2026 Nga Rigels Seliman Teksa kryeministri Edi Rama prej nj\u00eb muaji \u00ebsht\u00eb n\u00eb presion p\u00ebr shkak t\u00eb protestave q\u00eb k\u00ebrkojn\u00eb dor\u00ebheqjen e tij, Uashingtoni ka ndezur zyrtarisht motor\u00ebt e nj\u00eb hetimi q\u00eb mund t\u00eb \u00e7oj\u00eb n\u00eb rr\u00ebzimin e parakohsh\u00ebm t\u00eb qeveris\u00eb \u201cRama\u201d. Kongresmeni republikan, Joe Wilson ka depozituar\u2026","rel":"","context":"In &quot;Blogu i Udh\u00ebtarit&quot;","block_context":{"text":"Blogu i Udh\u00ebtarit","link":"https:\/\/www.shqiperia.com\/blog\/category\/blogu-i-udhetarit\/"},"img":{"alt_text":"","src":"https:\/\/i0.wp.com\/www.shqiperia.com\/blog\/wp-content\/uploads\/2026\/07\/foto-2-1.png?fit=900%2C549&ssl=1&resize=350%2C200","width":350,"height":200,"srcset":"https:\/\/i0.wp.com\/www.shqiperia.com\/blog\/wp-content\/uploads\/2026\/07\/foto-2-1.png?fit=900%2C549&ssl=1&resize=350%2C200 1x, https:\/\/i0.wp.com\/www.shqiperia.com\/blog\/wp-content\/uploads\/2026\/07\/foto-2-1.png?fit=900%2C549&ssl=1&resize=525%2C300 1.5x, https:\/\/i0.wp.com\/www.shqiperia.com\/blog\/wp-content\/uploads\/2026\/07\/foto-2-1.png?fit=900%2C549&ssl=1&resize=700%2C400 2x"},"classes":[]},{"id":102110,"url":"https:\/\/www.shqiperia.com\/blog\/raporti-i-ppe-pastrimi-i-parave-ne-shqiperi-jo-me-problem-kombetar-por-kercenim-per-sigurine-financiare-te-be\/","url_meta":{"origin":105879,"position":5},"title":"Raporti i PPE: Pastrimi i parave n\u00eb Shqip\u00ebri jo m\u00eb problem komb\u00ebtar, por k\u00ebrc\u00ebnim p\u00ebr sigurin\u00eb financiare t\u00eb BE","author":"Kurt Farka","date":"July 1, 2026","format":false,"excerpt":"1 Korrik 2026 Partit\u00eb Popullore Europiane kan\u00eb miratuar nj\u00eb tjet\u00ebr rezolut\u00eb p\u00ebr situat\u00ebn n\u00eb Shqip\u00ebri. PPE shpreh shqet\u00ebsimin p\u00ebr r\u00ebnien e demokracis\u00eb n\u00eb Shqip\u00ebri, mb\u00ebshtet protestat qytetare dh\u00eb k\u00ebrkon plot\u00ebsimin e k\u00ebrkesave t\u00eb tyre. Rezoluta e bazuar n\u00eb raportet nd\u00ebrkomb\u00ebtare dhe Misionin e PPE n\u00eb Shqip\u00ebri k\u00ebrkon marrjen e masave\u2026","rel":"","context":"In &quot;Blogu i Udh\u00ebtarit&quot;","block_context":{"text":"Blogu i Udh\u00ebtarit","link":"https:\/\/www.shqiperia.com\/blog\/category\/blogu-i-udhetarit\/"},"img":{"alt_text":"","src":"https:\/\/i0.wp.com\/www.shqiperia.com\/blog\/wp-content\/uploads\/2026\/07\/OIP.webp?fit=474%2C308&ssl=1&resize=350%2C200","width":350,"height":200},"classes":[]}],"_links":{"self":[{"href":"https:\/\/www.shqiperia.com\/blog\/wp-json\/wp\/v2\/posts\/105879","targetHints":{"allow":["GET"]}}],"collection":[{"href":"https:\/\/www.shqiperia.com\/blog\/wp-json\/wp\/v2\/posts"}],"about":[{"href":"https:\/\/www.shqiperia.com\/blog\/wp-json\/wp\/v2\/types\/post"}],"author":[{"embeddable":true,"href":"https:\/\/www.shqiperia.com\/blog\/wp-json\/wp\/v2\/users\/9"}],"replies":[{"embeddable":true,"href":"https:\/\/www.shqiperia.com\/blog\/wp-json\/wp\/v2\/comments?post=105879"}],"version-history":[{"count":1,"href":"https:\/\/www.shqiperia.com\/blog\/wp-json\/wp\/v2\/posts\/105879\/revisions"}],"predecessor-version":[{"id":105881,"href":"https:\/\/www.shqiperia.com\/blog\/wp-json\/wp\/v2\/posts\/105879\/revisions\/105881"}],"wp:featuredmedia":[{"embeddable":true,"href":"https:\/\/www.shqiperia.com\/blog\/wp-json\/wp\/v2\/media\/105880"}],"wp:attachment":[{"href":"https:\/\/www.shqiperia.com\/blog\/wp-json\/wp\/v2\/media?parent=105879"}],"wp:term":[{"taxonomy":"category","embeddable":true,"href":"https:\/\/www.shqiperia.com\/blog\/wp-json\/wp\/v2\/categories?post=105879"},{"taxonomy":"post_tag","embeddable":true,"href":"https:\/\/www.shqiperia.com\/blog\/wp-json\/wp\/v2\/tags?post=105879"}],"curies":[{"name":"wp","href":"https:\/\/api.w.org\/{rel}","templated":true}]}}