{"id":105875,"date":"2026-09-03T16:44:40","date_gmt":"2026-09-03T16:44:40","guid":{"rendered":"https:\/\/www.shqiperia.com\/blog\/?p=105875"},"modified":"2026-09-03T16:44:40","modified_gmt":"2026-09-03T16:44:40","slug":"nga-falsifikimet-e-kadastres-te-plumbat-ne-radhime-prapaskena-e-konfliktit-muca-bedinaj-qeveria-dha-leje-ne-pronen-e-mbivendosur","status":"publish","type":"post","link":"https:\/\/www.shqiperia.com\/blog\/nga-falsifikimet-e-kadastres-te-plumbat-ne-radhime-prapaskena-e-konfliktit-muca-bedinaj-qeveria-dha-leje-ne-pronen-e-mbivendosur\/","title":{"rendered":"Nga falsifikimet e Kadastr\u00ebs, te plumbat n\u00eb Radhim\u00eb: = Prapaskena e konfliktit Mu\u00e7a-Bedinaj, qeveria dha leje n\u00eb pron\u00ebn e mbivendosur"},"content":{"rendered":"<p><img data-recalc-dims=\"1\" loading=\"lazy\" decoding=\"async\" data-attachment-id=\"105877\" data-permalink=\"https:\/\/www.shqiperia.com\/blog\/nga-falsifikimet-e-kadastres-te-plumbat-ne-radhime-prapaskena-e-konfliktit-muca-bedinaj-qeveria-dha-leje-ne-pronen-e-mbivendosur\/screenshot_20260903_182039_samsung-browser\/\" data-orig-file=\"https:\/\/i0.wp.com\/www.shqiperia.com\/blog\/wp-content\/uploads\/2026\/09\/Screenshot_20260903_182039_Samsung-Browser.jpg?fit=672%2C485&amp;ssl=1\" data-orig-size=\"672,485\" data-comments-opened=\"1\" data-image-meta=\"{&quot;aperture&quot;:&quot;0&quot;,&quot;credit&quot;:&quot;&quot;,&quot;camera&quot;:&quot;&quot;,&quot;caption&quot;:&quot;&quot;,&quot;created_timestamp&quot;:&quot;1788453686&quot;,&quot;copyright&quot;:&quot;&quot;,&quot;focal_length&quot;:&quot;0&quot;,&quot;iso&quot;:&quot;0&quot;,&quot;shutter_speed&quot;:&quot;0&quot;,&quot;title&quot;:&quot;&quot;,&quot;orientation&quot;:&quot;0&quot;}\" data-image-title=\"Screenshot_20260903_182039_Samsung-Browser\" data-image-description=\"\" data-image-caption=\"\" data-medium-file=\"https:\/\/i0.wp.com\/www.shqiperia.com\/blog\/wp-content\/uploads\/2026\/09\/Screenshot_20260903_182039_Samsung-Browser.jpg?fit=300%2C217&amp;ssl=1\" data-large-file=\"https:\/\/i0.wp.com\/www.shqiperia.com\/blog\/wp-content\/uploads\/2026\/09\/Screenshot_20260903_182039_Samsung-Browser.jpg?fit=672%2C485&amp;ssl=1\" class=\"alignnone  wp-image-105877\" alt=\"\" src=\"https:\/\/i0.wp.com\/www.shqiperia.com\/blog\/wp-content\/uploads\/2026\/09\/Screenshot_20260903_182039_Samsung-Browser.jpg?resize=682%2C493&#038;ssl=1\" width=\"682\" height=\"493\" srcset=\"https:\/\/i0.wp.com\/www.shqiperia.com\/blog\/wp-content\/uploads\/2026\/09\/Screenshot_20260903_182039_Samsung-Browser.jpg?resize=300%2C217&amp;ssl=1 300w, https:\/\/i0.wp.com\/www.shqiperia.com\/blog\/wp-content\/uploads\/2026\/09\/Screenshot_20260903_182039_Samsung-Browser.jpg?resize=450%2C325&amp;ssl=1 450w, https:\/\/i0.wp.com\/www.shqiperia.com\/blog\/wp-content\/uploads\/2026\/09\/Screenshot_20260903_182039_Samsung-Browser.jpg?resize=600%2C433&amp;ssl=1 600w, https:\/\/i0.wp.com\/www.shqiperia.com\/blog\/wp-content\/uploads\/2026\/09\/Screenshot_20260903_182039_Samsung-Browser.jpg?resize=400%2C289&amp;ssl=1 400w, https:\/\/i0.wp.com\/www.shqiperia.com\/blog\/wp-content\/uploads\/2026\/09\/Screenshot_20260903_182039_Samsung-Browser.jpg?w=672&amp;ssl=1 672w\" sizes=\"auto, (max-width: 682px) 100vw, 682px\" \/><\/p>\n<p><strong>3 Shtator 2026<\/strong><\/p>\n<p><strong>Nga Orgen Peci<\/strong><\/p>\n<p>Nj\u00eb p\u00ebrplasje e ashp\u00ebr p\u00ebr nj\u00eb pron\u00ebsi n\u00eb bregdetin e Palas\u00ebs ka degraduar dit\u00ebn e sotme n\u00eb nj\u00eb ngjarje t\u00eb r\u00ebnd\u00eb me arm\u00eb zjarri n\u00eb zon\u00ebn e Radhim\u00ebs n\u00eb Vlor\u00eb.<\/p>\n<p><em>E v\u00ebrteta e p\u00ebrplasjes n\u00eb Vlor\u00eb: Nuk ka gjob\u00ebv\u00ebnie, Bedinaj q\u00eblloi mbi Mu\u00e7\u00ebn. Prona \u00ebsht\u00eb bler\u00eb dy her\u00eb prej Mu\u00e7\u00ebs, nd\u00ebrsa qeveria p\u00ebrkeq\u00ebsoi situat\u00ebn duke dh\u00ebn\u00eb leje nd\u00ebrtimi. Biznesmeni i njohur aksidentohet pas p\u00ebrplasjes, dh\u00ebndri i tij, n\u00eb gjendje t\u00eb r\u00ebnd\u00eb<\/em><\/p>\n<p>N\u00eb qend\u00ebr jan\u00eb dy emra t\u00eb njohur t\u00eb biznesit: Luan Mu\u00e7a, i njohur gjer\u00ebsisht si \u201cLuani i Delt\u00ebs\u201d dhe Vasil Bedinaj, pronar i disa hoteleve n\u00eb Vlor\u00eb, i p\u00ebrfolur m\u00eb par\u00eb p\u00ebr incidente t\u00eb dhunshme dhe nd\u00ebrtime pa leje.<\/p>\n<p>Raportimet e para mediatike ngrit\u00ebn pretendime se Luan Mu\u00e7a, i shoq\u00ebruar nga nj\u00eb grup prej 10 personash (shif\u00ebr q\u00eb m\u00eb pas u raportua deri n\u00eb 40 persona) t\u00eb mb\u00ebrritur me 8 automjete, ka zbarkuar rreth or\u00ebs 12:30 n\u00eb ambientet e hotel \u201cRegina\u201d n\u00eb pron\u00ebsi t\u00eb Bedinajt.<\/p>\n<p>Sipas k\u00ebtyre pretendimeve, pas nj\u00eb verbalizmi t\u00eb ashp\u00ebr dhe k\u00ebrc\u00ebnimeve direkte, situata ka eskaluar deri n\u00eb nxjerrjen e arm\u00ebve. M\u00eb tej, vet\u00eb Bedinaj ka pretenduar se Mu\u00e7a i ka k\u00ebrkuar nj\u00eb \u201cgjob\u00eb prej 5 milion\u00eb eurosh\u201d ose largimin e tij nga Shqip\u00ebria brenda 48 or\u00ebve.<\/p>\n<p>Por ndryshe nga versioni i gjob\u00ebv\u00ebnies, burimet e para hetimore sugjerojn\u00eb nj\u00eb tablo krejt tjet\u00ebr lidhur me rrjedh\u00ebn e ngjarjes. Sipas t\u00eb dh\u00ebnave t\u00eb para, t\u00eb sht\u00ebnat me arm\u00eb zjarri kan\u00eb ardhur nga brenda vet\u00eb ambienteve t\u00eb hotelit nga grupi i Bedinajt. Dy nga plumbat e l\u00ebshuar prej tyre jan\u00eb gjetur n\u00eb trupin e makin\u00ebs s\u00eb Mu\u00e7ajt, i cili \u00ebsht\u00eb larguar pas t\u00eb sht\u00ebnave, por makina \u00ebsht\u00eb aksidentuar m\u00eb pas.<\/p>\n<p>Nga aksidenti Mu\u00e7a ka mbetur i plagosur. Po ashtu edhe dh\u00ebndri i tij, i cili raportohet se \u00ebsht\u00eb n\u00eb gjendje t\u00eb r\u00ebnd\u00eb.<\/p>\n<p><strong>Genesis e konfliktit: Prona e bler\u00eb tre her\u00eb n\u00eb Palas\u00eb<\/strong><\/p>\n<p>\u200bPas k\u00ebtij incidenti q\u00eb tronditi qytetin bregdetar nuk q\u00ebndron nj\u00eb gjob\u00ebv\u00ebnie e zakonshme, por nj\u00eb p\u00ebrplasje e thell\u00eb interesash p\u00ebr nj\u00eb sip\u00ebrfaqe toke n\u00eb Palas\u00eb, e p\u00ebrcaktuar p\u00ebr nd\u00ebrtimin e nj\u00eb resorti luksoz me vler\u00eb qindra milion\u00eb euro.<\/p>\n<p>Mu\u00e7a ka bler\u00eb fillimisht tok\u00ebn n\u00eb Vlor\u00eb p\u00ebrmes Aktit t\u00eb Marrjes s\u00eb Tok\u00ebs n\u00eb Pron\u00ebsi (AMTP) dhe ka siguruar v\u00ebrtetimin p\u00ebrkat\u00ebs t\u00eb pron\u00ebsis\u00eb. Mir\u00ebpo, menj\u00ebher\u00eb pas p\u00ebrfundimit t\u00eb procedurave, n\u00eb sken\u00eb kan\u00eb dal\u00eb disa banor\u00eb t\u00eb zon\u00ebs si pretendent\u00eb t\u00eb s\u00eb nj\u00ebjt\u00ebs sip\u00ebrfaqe, t\u00eb pajisur gjithashtu me AMTP nga periudha e drejtimit t\u00eb Jorgo Gor\u00ebs. P\u00ebr t\u00eb shmangur ng\u00ebr\u00e7in dhe p\u00ebr t\u00eb vijuar me lejen e zhvillimit, Mu\u00e7a hyri n\u00eb negociata me banor\u00ebt dhe e bleu p\u00ebr her\u00eb t\u00eb dyt\u00eb t\u00eb nj\u00ebjt\u00ebn pron\u00eb.<\/p>\n<p>\u200bPor biznesmeni Vasil Bedinaj ka bler\u00eb m\u00eb pas nj\u00eb sip\u00ebrfaqe tjet\u00ebr ngjitur me k\u00ebt\u00eb pron\u00eb (me dyshime t\u00eb forta se nj\u00eb nga parcelat mbivendoset brenda tok\u00ebs s\u00eb bler\u00eb tashm\u00eb dy her\u00eb nga Mu\u00e7a), duke siguruar gjithashtu nj\u00eb v\u00ebrtetim pron\u00ebsie.<\/p>\n<p><strong>Hijet e krimit t\u00eb organizuar dhe manipulimi n\u00eb Hipotek\u00eb<\/strong><\/p>\n<p>\u200bBurime konfidenciale b\u00ebjn\u00eb me dije se pas k\u00ebsaj q\u00ebndrojn\u00eb dy figura t\u00eb njohura t\u00eb krimit t\u00eb organizuar, t\u00eb cilat aktualisht jan\u00eb shpallur n\u00eb k\u00ebrkim nga SPAK p\u00ebr vepra t\u00eb r\u00ebnda penale.<\/p>\n<p>M\u00ebsohet se procedurat e mbivendosjes\u00a0 jan\u00eb leht\u00ebsuar me ndikimin e nj\u00eb zyrtari t\u00eb lart\u00eb me pushtet n\u00eb Kadast\u00ebr\/Hipotek\u00eb, i cili u arrestua vet\u00ebm pak dit\u00eb m\u00eb par\u00eb nga struktura e posa\u00e7me SPAK.<\/p>\n<p>Nj\u00eb burim pran\u00eb Hipotek\u00ebs konfirmon se ekzistojn\u00eb dyshime t\u00eb forta se koordinatat e pron\u00ebs jan\u00eb manipuluar me dashje, duke e zhvendosur sip\u00ebrfaqen nga zona kodrinore drejtp\u00ebrdrejt mbi tok\u00ebn e bler\u00eb dy her\u00eb nga Luan Mu\u00e7a.<\/p>\n<p>Pavar\u00ebsisht mbivendosjes flagrante ku e nj\u00ebjta tok\u00eb \u00ebsht\u00eb bler\u00eb tre her\u00eb nga pronar\u00eb t\u00eb ndrysh\u00ebm, Vasil Bedinaj ka arritur t\u00eb siguroj\u00eb leje zhvillimi nga qeveria p\u00ebr nj\u00eb \u201cprojekt hi-tech.dhe kompleks vilash\u201d me vler\u00eb t\u00eb deklaruar mbi qindra milion\u00eb euro.<\/p>\n<p>Kjo mbetet edhe pik\u00ebpyetja m\u00eb e madhe e k\u00ebtij skandali. Si \u00ebsht\u00eb e mundur q\u00eb organet shtet\u00ebrore kan\u00eb dh\u00ebn\u00eb leje nd\u00ebrtimi p\u00ebr nj\u00eb projekt gjigant n\u00eb nj\u00eb hap\u00ebsir\u00eb ku pron\u00ebsia \u00ebsht\u00eb e zhytur n\u00eb kaos juridik, mbivendosje koordinatash dhe dyshime p\u00ebr nd\u00ebrhyrje t\u00eb krimit t\u00eb organizuar?<\/p>\n<p>Hetimet e policis\u00eb dhe prokuroris\u00eb vijojn\u00eb p\u00ebr zbardhjen e plot\u00eb t\u00eb rrethanave t\u00eb k\u00ebtij incidenti t\u00eb r\u00ebnd\u00eb.<\/p>\n<p><strong>DITA<\/strong><\/p>\n","protected":false},"excerpt":{"rendered":"<p>3 Shtator 2026 Nga Orgen Peci Nj\u00eb p\u00ebrplasje e ashp\u00ebr p\u00ebr nj\u00eb pron\u00ebsi n\u00eb bregdetin e Palas\u00ebs ka degraduar dit\u00ebn e sotme n\u00eb nj\u00eb ngjarje t\u00eb r\u00ebnd\u00eb me arm\u00eb zjarri n\u00eb zon\u00ebn e Radhim\u00ebs n\u00eb Vlor\u00eb. E v\u00ebrteta e p\u00ebrplasjes n\u00eb Vlor\u00eb: Nuk ka gjob\u00ebv\u00ebnie, Bedinaj q\u00eblloi mbi Mu\u00e7\u00ebn. Prona \u00ebsht\u00eb bler\u00eb dy her\u00eb prej [&hellip;]<\/p>\n","protected":false},"author":9,"featured_media":105877,"comment_status":"open","ping_status":"open","sticky":false,"template":"","format":"standard","meta":{"jetpack_post_was_ever_published":false,"_jetpack_newsletter_access":"","_jetpack_dont_email_post_to_subs":false,"_jetpack_newsletter_tier_id":0,"_jetpack_memberships_contains_paywalled_content":false,"_jetpack_memberships_contains_paid_content":false,"footnotes":"","jetpack_publicize_message":"","jetpack_publicize_feature_enabled":true,"jetpack_social_post_already_shared":true,"jetpack_social_options":{"image_generator_settings":{"template":"highway","default_image_id":0,"font":"","enabled":false},"version":2}},"categories":[27,1,35],"tags":[],"class_list":["post-105875","post","type-post","status-publish","format-standard","has-post-thumbnail","hentry","category-blogu-i-udhetarit","category-njoftime-shtypi","category-shoqerore"],"jetpack_publicize_connections":[],"jetpack_featured_media_url":"https:\/\/i0.wp.com\/www.shqiperia.com\/blog\/wp-content\/uploads\/2026\/09\/Screenshot_20260903_182039_Samsung-Browser.jpg?fit=672%2C485&ssl=1","jetpack_sharing_enabled":true,"jetpack_shortlink":"https:\/\/wp.me\/p5Z6wp-rxF","jetpack-related-posts":[{"id":103554,"url":"https:\/\/www.shqiperia.com\/blog\/behet-zyrtare-qeveria-i-jep-kompanise-qe-promovon-aktori-i-njohur-turk-885-mije-metra-katrore-toke-ne-vlore-per-1-euro\/","url_meta":{"origin":105875,"position":0},"title":"B\u00ebhet zyrtare: Qeveria i jep kompanis\u00eb q\u00eb promovon aktori i njohur turk 885 mij\u00eb metra katror\u00eb tok\u00eb n\u00eb Vlor\u00eb p\u00ebr 1 euro","author":"Kurt Farka","date":"July 31, 2026","format":false,"excerpt":"31 Korrik 2026 Qeveria Rama ka zyrtarizuar nj\u00eb kontrat\u00eb t\u00eb p\u00ebrfolur me turqit p\u00ebr t\u2019u dh\u00ebn\u00eb 885 mij\u00eb metra katror\u00eb tok\u00eb shtet\u00ebrore n\u00eb Vlor\u00eb me tarif\u00ebn simbolike 1 euro. Pas lajmeve t\u00eb para nj\u00eb muaji, n\u00eb mbledhjen e djeshme t\u00eb qeveris\u00eb \u00ebsht\u00eb marr\u00eb vendimi q\u00eb kompania q\u00eb promovon aktori turk\u2026","rel":"","context":"In &quot;Blogu i Udh\u00ebtarit&quot;","block_context":{"text":"Blogu i Udh\u00ebtarit","link":"https:\/\/www.shqiperia.com\/blog\/category\/blogu-i-udhetarit\/"},"img":{"alt_text":"","src":"https:\/\/i0.wp.com\/www.shqiperia.com\/blog\/wp-content\/uploads\/2026\/07\/900-0-1785444253x800-0-1750257058x1dredha7-309-667-1.jpg?fit=900%2C601&ssl=1&resize=350%2C200","width":350,"height":200,"srcset":"https:\/\/i0.wp.com\/www.shqiperia.com\/blog\/wp-content\/uploads\/2026\/07\/900-0-1785444253x800-0-1750257058x1dredha7-309-667-1.jpg?fit=900%2C601&ssl=1&resize=350%2C200 1x, https:\/\/i0.wp.com\/www.shqiperia.com\/blog\/wp-content\/uploads\/2026\/07\/900-0-1785444253x800-0-1750257058x1dredha7-309-667-1.jpg?fit=900%2C601&ssl=1&resize=525%2C300 1.5x, https:\/\/i0.wp.com\/www.shqiperia.com\/blog\/wp-content\/uploads\/2026\/07\/900-0-1785444253x800-0-1750257058x1dredha7-309-667-1.jpg?fit=900%2C601&ssl=1&resize=700%2C400 2x"},"classes":[]},{"id":101142,"url":"https:\/\/www.shqiperia.com\/blog\/sot-ne-oren-18-ne-vlore-dy-protesta-dhe-nje-takim\/","url_meta":{"origin":105875,"position":1},"title":"Sot ne oren 18 ne Vlore dy protesta dhe nje takim.","author":"Kurt Farka","date":"June 5, 2026","format":false,"excerpt":"5 Qershor 2026 Sot ne oren 18 ne Vlore dy protesta dhe nje takim. Tek Teatri eshte paralajmeruar nje proteste qytetare ne frymen dhe perkrahje te Protestes Qytetare te Bulevardit ne Tirane. Partia Demokratik ka lajmeruar nje takim Publik ne mjedise te jashtme, dhe Partia Socialiste tek Sheshi i Flamurit\u2026","rel":"","context":"In &quot;Blogu i Udh\u00ebtarit&quot;","block_context":{"text":"Blogu i Udh\u00ebtarit","link":"https:\/\/www.shqiperia.com\/blog\/category\/blogu-i-udhetarit\/"},"img":{"alt_text":"","src":"https:\/\/i0.wp.com\/www.shqiperia.com\/blog\/wp-content\/uploads\/2026\/06\/Vlora.jpeg?fit=1200%2C675&ssl=1&resize=350%2C200","width":350,"height":200,"srcset":"https:\/\/i0.wp.com\/www.shqiperia.com\/blog\/wp-content\/uploads\/2026\/06\/Vlora.jpeg?fit=1200%2C675&ssl=1&resize=350%2C200 1x, https:\/\/i0.wp.com\/www.shqiperia.com\/blog\/wp-content\/uploads\/2026\/06\/Vlora.jpeg?fit=1200%2C675&ssl=1&resize=525%2C300 1.5x, https:\/\/i0.wp.com\/www.shqiperia.com\/blog\/wp-content\/uploads\/2026\/06\/Vlora.jpeg?fit=1200%2C675&ssl=1&resize=700%2C400 2x, https:\/\/i0.wp.com\/www.shqiperia.com\/blog\/wp-content\/uploads\/2026\/06\/Vlora.jpeg?fit=1200%2C675&ssl=1&resize=1050%2C600 3x"},"classes":[]},{"id":100738,"url":"https:\/\/www.shqiperia.com\/blog\/kush-fshihet-pas-resortit-te-familjes-trump-ne-shqiperi\/","url_meta":{"origin":105875,"position":2},"title":"Kush fshihet pas resortit t\u00eb familjes Trump n\u00eb Shqip\u00ebri","author":"Kurt Farka","date":"May 30, 2026","format":false,"excerpt":"30 Maji 2026 Dhjet\u00ebra banor\u00eb vendas dhe aktivist\u00eb u mblodh\u00ebn t\u00eb shtun\u00ebn, m\u00eb 23 maj, n\u00eb lagun\u00ebn e Nart\u00ebs p\u00ebr t\u00eb protestuar kund\u00ebr rrethimit me tela me gjemba t\u00eb plazhit t\u00eb Pish\u00eb Poros \u2013 pjes\u00eb e peizazhit t\u00eb mbrojtur natyror Vjos\u00eb-Nart\u00eb \u2013 nga nj\u00eb kompani nd\u00ebrtimi, e cila ka siguruar\u2026","rel":"","context":"In &quot;Blogu i Udh\u00ebtarit&quot;","block_context":{"text":"Blogu i Udh\u00ebtarit","link":"https:\/\/www.shqiperia.com\/blog\/category\/blogu-i-udhetarit\/"},"img":{"alt_text":"","src":"https:\/\/i0.wp.com\/www.shqiperia.com\/blog\/wp-content\/uploads\/2026\/05\/Screenshot-2026-05-29-144945.jpg?fit=1200%2C789&ssl=1&resize=350%2C200","width":350,"height":200,"srcset":"https:\/\/i0.wp.com\/www.shqiperia.com\/blog\/wp-content\/uploads\/2026\/05\/Screenshot-2026-05-29-144945.jpg?fit=1200%2C789&ssl=1&resize=350%2C200 1x, https:\/\/i0.wp.com\/www.shqiperia.com\/blog\/wp-content\/uploads\/2026\/05\/Screenshot-2026-05-29-144945.jpg?fit=1200%2C789&ssl=1&resize=525%2C300 1.5x, https:\/\/i0.wp.com\/www.shqiperia.com\/blog\/wp-content\/uploads\/2026\/05\/Screenshot-2026-05-29-144945.jpg?fit=1200%2C789&ssl=1&resize=700%2C400 2x, https:\/\/i0.wp.com\/www.shqiperia.com\/blog\/wp-content\/uploads\/2026\/05\/Screenshot-2026-05-29-144945.jpg?fit=1200%2C789&ssl=1&resize=1050%2C600 3x"},"classes":[]},{"id":105481,"url":"https:\/\/www.shqiperia.com\/blog\/gjirokastra-bashkon-folklorin-e-trevave-shqiptare\/","url_meta":{"origin":105875,"position":3},"title":"Gjirokastra bashkon folklorin e trevave shqiptare","author":"Kurt Farka","date":"August 29, 2026","format":false,"excerpt":"29 Gusht 2026 P\u00ebr dy net\u00eb me radh\u00eb, tradita, muzika dhe folklori u b\u00ebn\u00eb bashk\u00eb n\u00eb edicionin e 12-t\u00eb t\u00eb \u201cDivanit Lunxhot\u201d. N\u00eb fshatrat Kakoz dhe Erind, atmosfera festive u shoq\u00ebrua nga performancat e grupeve folklorike, t\u00eb ardhura nga treva t\u00eb ndryshme, duke sjell\u00eb k\u00ebng\u00eb, valle dhe element\u00eb t\u00eb tradit\u00ebs\u2026","rel":"","context":"In &quot;Arte&quot;","block_context":{"text":"Arte","link":"https:\/\/www.shqiperia.com\/blog\/category\/arte\/"},"img":{"alt_text":"","src":"https:\/\/i0.wp.com\/www.shqiperia.com\/blog\/wp-content\/uploads\/2026\/08\/Netet-e-Divanit-Lunxhot-gusht-2026-1.jpg?fit=1024%2C492&ssl=1&resize=350%2C200","width":350,"height":200,"srcset":"https:\/\/i0.wp.com\/www.shqiperia.com\/blog\/wp-content\/uploads\/2026\/08\/Netet-e-Divanit-Lunxhot-gusht-2026-1.jpg?fit=1024%2C492&ssl=1&resize=350%2C200 1x, https:\/\/i0.wp.com\/www.shqiperia.com\/blog\/wp-content\/uploads\/2026\/08\/Netet-e-Divanit-Lunxhot-gusht-2026-1.jpg?fit=1024%2C492&ssl=1&resize=525%2C300 1.5x, https:\/\/i0.wp.com\/www.shqiperia.com\/blog\/wp-content\/uploads\/2026\/08\/Netet-e-Divanit-Lunxhot-gusht-2026-1.jpg?fit=1024%2C492&ssl=1&resize=700%2C400 2x"},"classes":[]},{"id":103830,"url":"https:\/\/www.shqiperia.com\/blog\/prokuroria-e-vlores-nis-hetimet-per-punime-te-paligjshme-ne-zvernec-nuk-ka-ende-persona-nen-hetim-per-akuza\/","url_meta":{"origin":105875,"position":4},"title":"Prokuroria e Vlor\u00ebs nis hetimet p\u00ebr punime t\u00eb paligjshme n\u00eb Zv\u00ebrnec: &#8211; Nuk ka ende persona n\u00ebn hetim p\u00ebr akuza","author":"Kurt Farka","date":"August 5, 2026","format":false,"excerpt":"Nga Vladimir Karaj Prokuroria e Vlor\u00ebs ka nisur zyrtarisht hetimet p\u00ebr nd\u00ebrhyrjet e paligjshme dhe d\u00ebmtimin e mjedisit n\u00eb zon\u00ebn e mbrojtur t\u00eb Zv\u00ebrnecit, ku planifikohet nd\u00ebrtimi i nj\u00eb resorti luksoz t\u00eb lidhur me familjar\u00ebt e presidentit amerikan, Donald Trump. Tre muaj pasi makinerit\u00eb e r\u00ebnda nd\u00ebrhyn\u00eb n\u00eb zon\u00ebn e\u2026","rel":"","context":"In &quot;Blogu i Udh\u00ebtarit&quot;","block_context":{"text":"Blogu i Udh\u00ebtarit","link":"https:\/\/www.shqiperia.com\/blog\/category\/blogu-i-udhetarit\/"},"img":{"alt_text":"","src":"https:\/\/i0.wp.com\/www.shqiperia.com\/blog\/wp-content\/uploads\/2026\/08\/710537798_1387786336707150_2485825779914567109_n-1-750x422-1.jpg?fit=750%2C422&ssl=1&resize=350%2C200","width":350,"height":200,"srcset":"https:\/\/i0.wp.com\/www.shqiperia.com\/blog\/wp-content\/uploads\/2026\/08\/710537798_1387786336707150_2485825779914567109_n-1-750x422-1.jpg?fit=750%2C422&ssl=1&resize=350%2C200 1x, https:\/\/i0.wp.com\/www.shqiperia.com\/blog\/wp-content\/uploads\/2026\/08\/710537798_1387786336707150_2485825779914567109_n-1-750x422-1.jpg?fit=750%2C422&ssl=1&resize=525%2C300 1.5x, https:\/\/i0.wp.com\/www.shqiperia.com\/blog\/wp-content\/uploads\/2026\/08\/710537798_1387786336707150_2485825779914567109_n-1-750x422-1.jpg?fit=750%2C422&ssl=1&resize=700%2C400 2x"},"classes":[]},{"id":100894,"url":"https:\/\/www.shqiperia.com\/blog\/izraelitet-po-marrin-token-lala-flet-mbi-pretendimin-qe-qarkullon-letrat-e-pronave-jane-falsifikuar-vite-me-pare-nje-rus-dhe-nje-bullgar\/","url_meta":{"origin":105875,"position":5},"title":"\u201cIzraelit\u00ebt po marrin tok\u00ebn\u201d\/ Lala flet mbi pretendimin q\u00eb qarkullon: &#8211; Letrat e pronave jan\u00eb falsifikuar vite m\u00eb par\u00eb! Nj\u00eb rus dhe nj\u00eb bullgar\u2026","author":"Kurt Farka","date":"June 1, 2026","format":false,"excerpt":"1 Qershor 2026 Pas ngjarjeve t\u00eb r\u00ebnda dhe dhun\u00ebs ndaj qytetar\u00ebve n\u00eb Zv\u00ebrnec, gazetarja e njohur e kronik\u00ebs, Klodiana Lala, ka l\u00ebshuar akuza t\u00eb forta n\u00eb emisionin \u201cStudio24\u201d, duke zbuluar se e gjith\u00eb historia e pronave n\u00eb k\u00ebt\u00eb zon\u00eb \u00ebsht\u00eb e p\u00ebrfshir\u00eb n\u00eb falsifikime dhe tashm\u00eb ndodhet n\u00ebn hetim nga\u2026","rel":"","context":"In &quot;Blogu i Udh\u00ebtarit&quot;","block_context":{"text":"Blogu i Udh\u00ebtarit","link":"https:\/\/www.shqiperia.com\/blog\/category\/blogu-i-udhetarit\/"},"img":{"alt_text":"","src":"https:\/\/i0.wp.com\/www.shqiperia.com\/blog\/wp-content\/uploads\/2026\/06\/Etleva-Lala.jpg?fit=1200%2C648&ssl=1&resize=350%2C200","width":350,"height":200,"srcset":"https:\/\/i0.wp.com\/www.shqiperia.com\/blog\/wp-content\/uploads\/2026\/06\/Etleva-Lala.jpg?fit=1200%2C648&ssl=1&resize=350%2C200 1x, https:\/\/i0.wp.com\/www.shqiperia.com\/blog\/wp-content\/uploads\/2026\/06\/Etleva-Lala.jpg?fit=1200%2C648&ssl=1&resize=525%2C300 1.5x, https:\/\/i0.wp.com\/www.shqiperia.com\/blog\/wp-content\/uploads\/2026\/06\/Etleva-Lala.jpg?fit=1200%2C648&ssl=1&resize=700%2C400 2x, https:\/\/i0.wp.com\/www.shqiperia.com\/blog\/wp-content\/uploads\/2026\/06\/Etleva-Lala.jpg?fit=1200%2C648&ssl=1&resize=1050%2C600 3x"},"classes":[]}],"_links":{"self":[{"href":"https:\/\/www.shqiperia.com\/blog\/wp-json\/wp\/v2\/posts\/105875","targetHints":{"allow":["GET"]}}],"collection":[{"href":"https:\/\/www.shqiperia.com\/blog\/wp-json\/wp\/v2\/posts"}],"about":[{"href":"https:\/\/www.shqiperia.com\/blog\/wp-json\/wp\/v2\/types\/post"}],"author":[{"embeddable":true,"href":"https:\/\/www.shqiperia.com\/blog\/wp-json\/wp\/v2\/users\/9"}],"replies":[{"embeddable":true,"href":"https:\/\/www.shqiperia.com\/blog\/wp-json\/wp\/v2\/comments?post=105875"}],"version-history":[{"count":1,"href":"https:\/\/www.shqiperia.com\/blog\/wp-json\/wp\/v2\/posts\/105875\/revisions"}],"predecessor-version":[{"id":105878,"href":"https:\/\/www.shqiperia.com\/blog\/wp-json\/wp\/v2\/posts\/105875\/revisions\/105878"}],"wp:featuredmedia":[{"embeddable":true,"href":"https:\/\/www.shqiperia.com\/blog\/wp-json\/wp\/v2\/media\/105877"}],"wp:attachment":[{"href":"https:\/\/www.shqiperia.com\/blog\/wp-json\/wp\/v2\/media?parent=105875"}],"wp:term":[{"taxonomy":"category","embeddable":true,"href":"https:\/\/www.shqiperia.com\/blog\/wp-json\/wp\/v2\/categories?post=105875"},{"taxonomy":"post_tag","embeddable":true,"href":"https:\/\/www.shqiperia.com\/blog\/wp-json\/wp\/v2\/tags?post=105875"}],"curies":[{"name":"wp","href":"https:\/\/api.w.org\/{rel}","templated":true}]}}