{"id":105871,"date":"2026-09-03T16:39:43","date_gmt":"2026-09-03T16:39:43","guid":{"rendered":"https:\/\/www.shqiperia.com\/blog\/?p=105871"},"modified":"2026-09-03T16:39:43","modified_gmt":"2026-09-03T16:39:43","slug":"artistet-performues-70-e-pages-per-5-vjet-pas-nderprerjes-se-aktivitetit-skenik","status":"publish","type":"post","link":"https:\/\/www.shqiperia.com\/blog\/artistet-performues-70-e-pages-per-5-vjet-pas-nderprerjes-se-aktivitetit-skenik\/","title":{"rendered":"Artist\u00ebt performues, 70% e pag\u00ebs p\u00ebr 5 vjet pas nd\u00ebrprerjes s\u00eb aktivitetit skenik"},"content":{"rendered":"<p><img data-recalc-dims=\"1\" loading=\"lazy\" decoding=\"async\" data-attachment-id=\"105872\" data-permalink=\"https:\/\/www.shqiperia.com\/blog\/artistet-performues-70-e-pages-per-5-vjet-pas-nderprerjes-se-aktivitetit-skenik\/800-0-artistet-faqe-19-2-perfomues-6a9908f21d7d2\/\" data-orig-file=\"https:\/\/i0.wp.com\/www.shqiperia.com\/blog\/wp-content\/uploads\/2026\/09\/800-0-artistet-faqe-19-2-perfomues-6a9908f21d7d2.jpg?fit=800%2C534&amp;ssl=1\" data-orig-size=\"800,534\" data-comments-opened=\"1\" data-image-meta=\"{&quot;aperture&quot;:&quot;0&quot;,&quot;credit&quot;:&quot;&quot;,&quot;camera&quot;:&quot;&quot;,&quot;caption&quot;:&quot;&quot;,&quot;created_timestamp&quot;:&quot;0&quot;,&quot;copyright&quot;:&quot;&quot;,&quot;focal_length&quot;:&quot;0&quot;,&quot;iso&quot;:&quot;0&quot;,&quot;shutter_speed&quot;:&quot;0&quot;,&quot;title&quot;:&quot;&quot;,&quot;orientation&quot;:&quot;0&quot;}\" data-image-title=\"-800-0-artistet-faqe-19-2-perfomues-6a9908f21d7d2\" data-image-description=\"\" data-image-caption=\"\" data-medium-file=\"https:\/\/i0.wp.com\/www.shqiperia.com\/blog\/wp-content\/uploads\/2026\/09\/800-0-artistet-faqe-19-2-perfomues-6a9908f21d7d2.jpg?fit=300%2C200&amp;ssl=1\" data-large-file=\"https:\/\/i0.wp.com\/www.shqiperia.com\/blog\/wp-content\/uploads\/2026\/09\/800-0-artistet-faqe-19-2-perfomues-6a9908f21d7d2.jpg?fit=800%2C534&amp;ssl=1\" class=\"alignnone  wp-image-105872\" alt=\"\" src=\"https:\/\/i0.wp.com\/www.shqiperia.com\/blog\/wp-content\/uploads\/2026\/09\/800-0-artistet-faqe-19-2-perfomues-6a9908f21d7d2.jpg?resize=663%2C442&#038;ssl=1\" width=\"663\" height=\"442\" srcset=\"https:\/\/i0.wp.com\/www.shqiperia.com\/blog\/wp-content\/uploads\/2026\/09\/800-0-artistet-faqe-19-2-perfomues-6a9908f21d7d2.jpg?resize=300%2C200&amp;ssl=1 300w, https:\/\/i0.wp.com\/www.shqiperia.com\/blog\/wp-content\/uploads\/2026\/09\/800-0-artistet-faqe-19-2-perfomues-6a9908f21d7d2.jpg?resize=768%2C513&amp;ssl=1 768w, https:\/\/i0.wp.com\/www.shqiperia.com\/blog\/wp-content\/uploads\/2026\/09\/800-0-artistet-faqe-19-2-perfomues-6a9908f21d7d2.jpg?resize=600%2C401&amp;ssl=1 600w, https:\/\/i0.wp.com\/www.shqiperia.com\/blog\/wp-content\/uploads\/2026\/09\/800-0-artistet-faqe-19-2-perfomues-6a9908f21d7d2.jpg?resize=450%2C300&amp;ssl=1 450w, https:\/\/i0.wp.com\/www.shqiperia.com\/blog\/wp-content\/uploads\/2026\/09\/800-0-artistet-faqe-19-2-perfomues-6a9908f21d7d2.jpg?resize=400%2C267&amp;ssl=1 400w, https:\/\/i0.wp.com\/www.shqiperia.com\/blog\/wp-content\/uploads\/2026\/09\/800-0-artistet-faqe-19-2-perfomues-6a9908f21d7d2.jpg?w=800&amp;ssl=1 800w\" sizes=\"auto, (max-width: 663px) 100vw, 663px\" \/><\/p>\n<p>3 Shtator 2026<\/p>\n<p>Nj\u00eb projektligj i ri parashikon nj\u00eb skem\u00eb financiare p\u00ebr artist\u00ebt performues pas nd\u00ebrprerjes s\u00eb veprimtaris\u00eb s\u00eb tyre artistike skenike dhe deri n\u00eb momentin kur p\u00ebrfitojn\u00eb pensionin. Projektligji \u201cP\u00ebr trajtimin financiar t\u00eb artist\u00ebve performues pas nd\u00ebrprerjes s\u00eb veprimtaris\u00eb artistike skenike\u201d i hedhur p\u00ebr konsultim nga Ministria e Turizmit, Kultur\u00ebs dhe Sportit p\u00ebrcakton kushtet, kriteret dhe procedurat p\u00ebr p\u00ebrfitimin e k\u00ebtij trajtimi nga punonj\u00ebsit q\u00eb kan\u00eb ushtruar profesione artistike performuese n\u00eb institucionet publike t\u00eb artit dhe kultur\u00ebs.<\/p>\n<p>P\u00ebr balerin\u00ebt, valltar\u00ebt dhe akrobat\u00ebt, skema nis n\u00eb mosh\u00ebn 47 vje\u00e7, me t\u00eb pakt\u00ebn 15 vite aktivitet skenik dhe 15 vite sigurime shoq\u00ebrore. P\u00ebr k\u00ebng\u00ebtar\u00ebt lirik\u00eb dhe korist\u00ebt, mosha \u00ebsht\u00eb 57 vje\u00e7, nd\u00ebrsa k\u00ebrkohen t\u00eb pakt\u00ebn 20 vite aktivitet skenik dhe n\u00eb rastin e korist\u00ebve 25 vite sigurime.<\/p>\n<p>P\u00ebr pes\u00eb vitet e para, artist\u00ebt do t\u00eb marrin 70 p\u00ebr qind t\u00eb pag\u00ebs bruto t\u00eb muajit t\u00eb fundit t\u00eb pun\u00ebs. Pas k\u00ebsaj periudhe, p\u00ebrfitimi do t\u00eb jet\u00eb 50 p\u00ebr qind e pag\u00ebs neto t\u00eb referenc\u00ebs p\u00ebr profesionin. Nj\u00eb tjet\u00ebr element i draftit parashikon q\u00eb p\u00ebrfituesit, me k\u00ebrkes\u00eb t\u00eb institucionit publik, mund t\u00eb angazhohen deri n\u00eb 250 or\u00eb n\u00eb vit pa shp\u00ebrblim shtes\u00eb n\u00eb aktivitete trajnuese, promovuese, artistike, kulturore ose n\u00eb mentorim profesional.<\/p>\n<p>Ky angazhim nuk do t\u00eb konsiderohet marr\u00ebdh\u00ebnie pune dhe nuk mund t\u00eb p\u00ebrfshij\u00eb rikthimin e detyruesh\u00ebm n\u00eb ushtrimin e rregullt t\u00eb profesionit skenik. Skema do t\u00eb financohet nga buxheti i shtetit, i cili do t\u00eb mbuloj\u00eb edhe kontributet shoq\u00ebrore dhe sh\u00ebndet\u00ebsore t\u00eb p\u00ebrfituesve.<\/p>\n<p>Projektligji parashikohet t\u00eb hyj\u00eb n\u00eb fuqi m\u00eb 1 janar 2027, nd\u00ebrsa detajet e zbatimit do t\u00eb p\u00ebrcaktohen me vendime t\u00eb K\u00ebshillit t\u00eb Ministrave.<\/p>\n","protected":false},"excerpt":{"rendered":"<p>3 Shtator 2026 Nj\u00eb projektligj i ri parashikon nj\u00eb skem\u00eb financiare p\u00ebr artist\u00ebt performues pas nd\u00ebrprerjes s\u00eb veprimtaris\u00eb s\u00eb tyre artistike skenike dhe deri n\u00eb momentin kur p\u00ebrfitojn\u00eb pensionin. Projektligji \u201cP\u00ebr trajtimin financiar t\u00eb artist\u00ebve performues pas nd\u00ebrprerjes s\u00eb veprimtaris\u00eb artistike skenike\u201d i hedhur p\u00ebr konsultim nga Ministria e Turizmit, Kultur\u00ebs dhe Sportit p\u00ebrcakton kushtet, [&hellip;]<\/p>\n","protected":false},"author":9,"featured_media":105872,"comment_status":"open","ping_status":"open","sticky":false,"template":"","format":"standard","meta":{"jetpack_post_was_ever_published":false,"_jetpack_newsletter_access":"","_jetpack_dont_email_post_to_subs":false,"_jetpack_newsletter_tier_id":0,"_jetpack_memberships_contains_paywalled_content":false,"_jetpack_memberships_contains_paid_content":false,"footnotes":"","jetpack_publicize_message":"","jetpack_publicize_feature_enabled":true,"jetpack_social_post_already_shared":true,"jetpack_social_options":{"image_generator_settings":{"template":"highway","default_image_id":0,"font":"","enabled":false},"version":2}},"categories":[87,27,10,35,86],"tags":[],"class_list":["post-105871","post","type-post","status-publish","format-standard","has-post-thumbnail","hentry","category-arte","category-blogu-i-udhetarit","category-kultura","category-shoqerore","category-trashegimi-kulturore"],"jetpack_publicize_connections":[],"jetpack_featured_media_url":"https:\/\/i0.wp.com\/www.shqiperia.com\/blog\/wp-content\/uploads\/2026\/09\/800-0-artistet-faqe-19-2-perfomues-6a9908f21d7d2.jpg?fit=800%2C534&ssl=1","jetpack_sharing_enabled":true,"jetpack_shortlink":"https:\/\/wp.me\/p5Z6wp-rxB","jetpack-related-posts":[{"id":100168,"url":"https:\/\/www.shqiperia.com\/blog\/gjyzepina-kosturi-pervjetori-i-lindjes\/","url_meta":{"origin":105871,"position":0},"title":"Gjyzepina Kosturi. Pervjetori i lindjes","author":"Kurt Farka","date":"May 12, 2026","format":false,"excerpt":"12 Maji 2026 M\u00eb 12 maj 1912 lindi Gjyzepina Kosturi (1912-1985), soprano dramatike dhe nj\u00eb nga figurat m\u00eb t\u00eb r\u00ebnd\u00ebsishme t\u00eb muzik\u00ebs operistike shqiptare. U lind n\u00eb Tivar, n\u00eb nj\u00eb familje t\u00eb vjet\u00ebr shkodrane, bija e Gjok\u00eb Misloc\u00ebs dhe Paolina Kodhelit (Marubi), nd\u00ebrsa ishte edhe mbesa e fotografit t\u00eb famsh\u00ebm\u2026","rel":"","context":"In &quot;Blogu i Udh\u00ebtarit&quot;","block_context":{"text":"Blogu i Udh\u00ebtarit","link":"https:\/\/www.shqiperia.com\/blog\/category\/blogu-i-udhetarit\/"},"img":{"alt_text":"","src":"https:\/\/i0.wp.com\/www.shqiperia.com\/blog\/wp-content\/uploads\/2026\/05\/Gjyzepina-Kosturi.webp?fit=728%2C430&ssl=1&resize=350%2C200","width":350,"height":200,"srcset":"https:\/\/i0.wp.com\/www.shqiperia.com\/blog\/wp-content\/uploads\/2026\/05\/Gjyzepina-Kosturi.webp?fit=728%2C430&ssl=1&resize=350%2C200 1x, https:\/\/i0.wp.com\/www.shqiperia.com\/blog\/wp-content\/uploads\/2026\/05\/Gjyzepina-Kosturi.webp?fit=728%2C430&ssl=1&resize=525%2C300 1.5x, https:\/\/i0.wp.com\/www.shqiperia.com\/blog\/wp-content\/uploads\/2026\/05\/Gjyzepina-Kosturi.webp?fit=728%2C430&ssl=1&resize=700%2C400 2x"},"classes":[]},{"id":101854,"url":"https:\/\/www.shqiperia.com\/blog\/ndahet-nga-jeta-pal-dedgjonaj-mjeshter-i-folklorit-shqiptar\/","url_meta":{"origin":105871,"position":1},"title":"Ndahet nga jeta Pal Dedgjonaj, Mjeshter i Folklorit Shqiptar","author":"Kurt Farka","date":"June 26, 2026","format":false,"excerpt":"26 Qershor 2026 Bashkia Lezh\u00eb shpreh me pik\u00ebllim t\u00eb thell\u00eb lajmin p\u00ebr ndarjen nga jeta t\u00eb Mjeshtrit t\u00eb Madh t\u00eb artit dhe kultur\u00ebs lezhjane. Ai ishte nj\u00eb figur\u00eb e shquar e trash\u00ebgimis\u00eb son\u00eb kulturore, nj\u00eb mjesht\u00ebr i rrall\u00eb i instrumenteve folklorike frymore t\u00eb trev\u00ebs s\u00eb Lezh\u00ebs, t\u00eb cilat i punoi\u2026","rel":"","context":"In &quot;Arte&quot;","block_context":{"text":"Arte","link":"https:\/\/www.shqiperia.com\/blog\/category\/arte\/"},"img":{"alt_text":"","src":"https:\/\/i0.wp.com\/www.shqiperia.com\/blog\/wp-content\/uploads\/2026\/06\/Pal-Dedgjonaj.jpg?fit=483%2C368&ssl=1&resize=350%2C200","width":350,"height":200},"classes":[]},{"id":102413,"url":"https:\/\/www.shqiperia.com\/blog\/jaho-brahaj-se-pari-muze-te-trashegimise-dhe-artit-kombetar-me-vone-te-qyteterimit-islamik-2\/","url_meta":{"origin":105871,"position":2},"title":"Jaho Brahaj: &#8211; S\u00eb pari muze t\u00eb trash\u00ebgimis\u00eb dhe artit komb\u00ebtar, m\u00eb von\u00eb t\u00eb qytet\u00ebrimit islamik","author":"Kurt Farka","date":"July 9, 2026","format":false,"excerpt":"9 Korrik 2026 ... N\u00eb vitin 2023 me nism\u00ebn e Bashkis\u00eb Tiran\u00eb me parat\u00eb e taksapaguesve t\u00eb qytetar\u00ebve u ble Saraji i Toptan\u00ebve me destinacion Muze Etnografik i Tiran\u00ebs...- Edvin Rama po ja shet nje shoqate per Muze islamik.... Tirana nuk ka nj\u00eb muze etnografik, por mungesa e tij ka\u2026","rel":"","context":"In &quot;Arte&quot;","block_context":{"text":"Arte","link":"https:\/\/www.shqiperia.com\/blog\/category\/arte\/"},"img":{"alt_text":"","src":"https:\/\/i0.wp.com\/www.shqiperia.com\/blog\/wp-content\/uploads\/2026\/07\/Jaho-Brahaj.jpg?fit=610%2C436&ssl=1&resize=350%2C200","width":350,"height":200,"srcset":"https:\/\/i0.wp.com\/www.shqiperia.com\/blog\/wp-content\/uploads\/2026\/07\/Jaho-Brahaj.jpg?fit=610%2C436&ssl=1&resize=350%2C200 1x, https:\/\/i0.wp.com\/www.shqiperia.com\/blog\/wp-content\/uploads\/2026\/07\/Jaho-Brahaj.jpg?fit=610%2C436&ssl=1&resize=525%2C300 1.5x"},"classes":[]},{"id":103326,"url":"https:\/\/www.shqiperia.com\/blog\/piktori-anastas-kostandini-vjen-me-ekspoziten-e-tij-qyteti-i-dehur-frymezohet-nga-copeza-jete-te-pogradecit\/","url_meta":{"origin":105871,"position":3},"title":"Piktori Anastas Kostandini vjen me ekspozit\u00ebn e tij \u201cQyteti i Dehur\u201d frym\u00ebzohet nga cop\u00ebza jete t\u00eb Pogradecit","author":"Kurt Farka","date":"July 28, 2026","format":false,"excerpt":"28 Korrik 2026 Piktori Anastas Kostandini \u00e7eli ekspozit\u00ebn e tij t\u00eb radh\u00ebs. \"Qyteti i Dehur\"p\u00ebrcjell rreth 50 punime n\u00eb pastel si nj\u00eb pasqyrim i qytetit t\u00eb Pogradecit, detaje t\u00eb qytetit t\u00eb dikursh\u00ebm dhe elemente t\u00eb trash\u00ebgimis\u00eb artistike e kulturore. N\u00eb Galerin\u00eb e Arteve n\u00eb\u00a0Pogradec\u00a0\u00ebsht\u00eb \u00e7elur mbr\u00ebmjen e s\u00eb premtes ekspozita\u2026","rel":"","context":"In &quot;Arte&quot;","block_context":{"text":"Arte","link":"https:\/\/www.shqiperia.com\/blog\/category\/arte\/"},"img":{"alt_text":"","src":"https:\/\/i0.wp.com\/www.shqiperia.com\/blog\/wp-content\/uploads\/2026\/07\/Anastas-Kostandini.jpg?fit=780%2C440&ssl=1&resize=350%2C200","width":350,"height":200,"srcset":"https:\/\/i0.wp.com\/www.shqiperia.com\/blog\/wp-content\/uploads\/2026\/07\/Anastas-Kostandini.jpg?fit=780%2C440&ssl=1&resize=350%2C200 1x, https:\/\/i0.wp.com\/www.shqiperia.com\/blog\/wp-content\/uploads\/2026\/07\/Anastas-Kostandini.jpg?fit=780%2C440&ssl=1&resize=525%2C300 1.5x, https:\/\/i0.wp.com\/www.shqiperia.com\/blog\/wp-content\/uploads\/2026\/07\/Anastas-Kostandini.jpg?fit=780%2C440&ssl=1&resize=700%2C400 2x"},"classes":[]},{"id":105132,"url":"https:\/\/www.shqiperia.com\/blog\/bashkim-zahaj-kontrolli-mbi-veprat-e-artit-ne-hapesirat-publike-eshte-i-domosdoshem\/","url_meta":{"origin":105871,"position":4},"title":"Bashkim Zahaj: \u201cKontrolli\u201d mbi veprat e artit n\u00eb hap\u00ebsirat publike \u00ebsht\u00eb i domosdosh\u00ebm","author":"Kurt Farka","date":"August 25, 2026","format":false,"excerpt":"25 Gusht 2026 Vendosja e veprave t\u00eb artit n\u00eb hap\u00ebsirat publike po rikthehet n\u00eb qend\u00ebr t\u00eb debatit, pas nism\u00ebs p\u00ebr krijimin e nj\u00eb Komisioni Shtet\u00ebror t\u00eb Artit q\u00eb do t\u00eb shqyrtoj\u00eb dhe miratoj\u00eb nd\u00ebrhyrjet artistike n\u00eb mjedisin urban. Debati lidhet jo vet\u00ebm me vler\u00ebn artistike t\u00eb veprave, por edhe me\u2026","rel":"","context":"In &quot;Blogu i Udh\u00ebtarit&quot;","block_context":{"text":"Blogu i Udh\u00ebtarit","link":"https:\/\/www.shqiperia.com\/blog\/category\/blogu-i-udhetarit\/"},"img":{"alt_text":"","src":"https:\/\/i0.wp.com\/www.shqiperia.com\/blog\/wp-content\/uploads\/2026\/08\/zahajjj-6a8d31822ab43.png?fit=551%2C415&ssl=1&resize=350%2C200","width":350,"height":200,"srcset":"https:\/\/i0.wp.com\/www.shqiperia.com\/blog\/wp-content\/uploads\/2026\/08\/zahajjj-6a8d31822ab43.png?fit=551%2C415&ssl=1&resize=350%2C200 1x, https:\/\/i0.wp.com\/www.shqiperia.com\/blog\/wp-content\/uploads\/2026\/08\/zahajjj-6a8d31822ab43.png?fit=551%2C415&ssl=1&resize=525%2C300 1.5x"},"classes":[]},{"id":100706,"url":"https:\/\/www.shqiperia.com\/blog\/alarmi-global-per-super-el-nino-sa-eshte-rreziku-i-nderprerjes-se-internetit-ne-mbare-boten\/","url_meta":{"origin":105871,"position":5},"title":"Alarmi global p\u00ebr Super El Ni\u00f1o! Sa \u00ebsht\u00eb rreziku i nd\u00ebrprerjes s\u00eb internetit n\u00eb mbar\u00eb bot\u00ebn","author":"Kurt Farka","date":"May 27, 2026","format":false,"excerpt":"27 Maji 2026 Shkenc\u00ebtar\u00ebt dhe meteorolog\u00ebt po ndjekin me shqet\u00ebsim nj\u00eb zhvillim t\u00eb mundsh\u00ebm klimatik t\u00eb quajtur \u201cSuper El Ni\u00f1o\u201d, p\u00ebr t\u00eb cilin Administrata Komb\u00ebtare Oqeanike dhe Atmosferike e SHBA-s\u00eb (NOAA) ka paralajm\u00ebruar se mund t\u00eb shfaqet n\u00eb korrik t\u00eb k\u00ebtij viti. Fenomeni El Ni\u00f1o lidhet me ngrohjen anormale t\u00eb\u2026","rel":"","context":"In &quot;Njoftime Shtypi&quot;","block_context":{"text":"Njoftime Shtypi","link":"https:\/\/www.shqiperia.com\/blog\/category\/njoftime-shtypi\/"},"img":{"alt_text":"","src":"https:\/\/i0.wp.com\/www.shqiperia.com\/blog\/wp-content\/uploads\/2026\/05\/640-0-e9690afc90d047573a339367160e2c6b.jpg?fit=640%2C384&ssl=1&resize=350%2C200","width":350,"height":200,"srcset":"https:\/\/i0.wp.com\/www.shqiperia.com\/blog\/wp-content\/uploads\/2026\/05\/640-0-e9690afc90d047573a339367160e2c6b.jpg?fit=640%2C384&ssl=1&resize=350%2C200 1x, https:\/\/i0.wp.com\/www.shqiperia.com\/blog\/wp-content\/uploads\/2026\/05\/640-0-e9690afc90d047573a339367160e2c6b.jpg?fit=640%2C384&ssl=1&resize=525%2C300 1.5x"},"classes":[]}],"_links":{"self":[{"href":"https:\/\/www.shqiperia.com\/blog\/wp-json\/wp\/v2\/posts\/105871","targetHints":{"allow":["GET"]}}],"collection":[{"href":"https:\/\/www.shqiperia.com\/blog\/wp-json\/wp\/v2\/posts"}],"about":[{"href":"https:\/\/www.shqiperia.com\/blog\/wp-json\/wp\/v2\/types\/post"}],"author":[{"embeddable":true,"href":"https:\/\/www.shqiperia.com\/blog\/wp-json\/wp\/v2\/users\/9"}],"replies":[{"embeddable":true,"href":"https:\/\/www.shqiperia.com\/blog\/wp-json\/wp\/v2\/comments?post=105871"}],"version-history":[{"count":1,"href":"https:\/\/www.shqiperia.com\/blog\/wp-json\/wp\/v2\/posts\/105871\/revisions"}],"predecessor-version":[{"id":105874,"href":"https:\/\/www.shqiperia.com\/blog\/wp-json\/wp\/v2\/posts\/105871\/revisions\/105874"}],"wp:featuredmedia":[{"embeddable":true,"href":"https:\/\/www.shqiperia.com\/blog\/wp-json\/wp\/v2\/media\/105872"}],"wp:attachment":[{"href":"https:\/\/www.shqiperia.com\/blog\/wp-json\/wp\/v2\/media?parent=105871"}],"wp:term":[{"taxonomy":"category","embeddable":true,"href":"https:\/\/www.shqiperia.com\/blog\/wp-json\/wp\/v2\/categories?post=105871"},{"taxonomy":"post_tag","embeddable":true,"href":"https:\/\/www.shqiperia.com\/blog\/wp-json\/wp\/v2\/tags?post=105871"}],"curies":[{"name":"wp","href":"https:\/\/api.w.org\/{rel}","templated":true}]}}