{"id":105868,"date":"2026-09-03T16:32:26","date_gmt":"2026-09-03T16:32:26","guid":{"rendered":"https:\/\/www.shqiperia.com\/blog\/?p=105868"},"modified":"2026-09-03T16:32:47","modified_gmt":"2026-09-03T16:32:47","slug":"flaket-pushtojne-kalivacin-ne-lezhe-nderhyrje-emergjente-per-te-mbrojtur-zonen-e-banuar","status":"publish","type":"post","link":"https:\/\/www.shqiperia.com\/blog\/flaket-pushtojne-kalivacin-ne-lezhe-nderhyrje-emergjente-per-te-mbrojtur-zonen-e-banuar\/","title":{"rendered":"Flak\u00ebt pushtojn\u00eb Kalivacin n\u00eb Lezh\u00eb, nd\u00ebrhyrje emergjente p\u00ebr t\u00eb mbrojtur zon\u00ebn e banuar"},"content":{"rendered":"<div class=\"firstP\">\n<p><img data-recalc-dims=\"1\" loading=\"lazy\" decoding=\"async\" data-attachment-id=\"105869\" data-permalink=\"https:\/\/www.shqiperia.com\/blog\/flaket-pushtojne-kalivacin-ne-lezhe-nderhyrje-emergjente-per-te-mbrojtur-zonen-e-banuar\/zjarri-ne-kalivac-lezhe\/\" data-orig-file=\"https:\/\/i0.wp.com\/www.shqiperia.com\/blog\/wp-content\/uploads\/2026\/09\/Zjarri-ne-kalivac-Lezhe.webp?fit=1280%2C720&amp;ssl=1\" data-orig-size=\"1280,720\" data-comments-opened=\"1\" data-image-meta=\"{&quot;aperture&quot;:&quot;0&quot;,&quot;credit&quot;:&quot;&quot;,&quot;camera&quot;:&quot;&quot;,&quot;caption&quot;:&quot;&quot;,&quot;created_timestamp&quot;:&quot;0&quot;,&quot;copyright&quot;:&quot;&quot;,&quot;focal_length&quot;:&quot;0&quot;,&quot;iso&quot;:&quot;0&quot;,&quot;shutter_speed&quot;:&quot;0&quot;,&quot;title&quot;:&quot;&quot;,&quot;orientation&quot;:&quot;0&quot;}\" data-image-title=\"Zjarri n\u00eb kalivac, Lezh\u00eb\" data-image-description=\"\" data-image-caption=\"\" data-medium-file=\"https:\/\/i0.wp.com\/www.shqiperia.com\/blog\/wp-content\/uploads\/2026\/09\/Zjarri-ne-kalivac-Lezhe.webp?fit=300%2C169&amp;ssl=1\" data-large-file=\"https:\/\/i0.wp.com\/www.shqiperia.com\/blog\/wp-content\/uploads\/2026\/09\/Zjarri-ne-kalivac-Lezhe.webp?fit=1024%2C576&amp;ssl=1\" class=\"alignnone wp-image-105869\" alt=\"\" src=\"https:\/\/i0.wp.com\/www.shqiperia.com\/blog\/wp-content\/uploads\/2026\/09\/Zjarri-ne-kalivac-Lezhe.webp?resize=641%2C361&#038;ssl=1\" width=\"641\" height=\"361\" srcset=\"https:\/\/i0.wp.com\/www.shqiperia.com\/blog\/wp-content\/uploads\/2026\/09\/Zjarri-ne-kalivac-Lezhe.webp?resize=300%2C169&amp;ssl=1 300w, https:\/\/i0.wp.com\/www.shqiperia.com\/blog\/wp-content\/uploads\/2026\/09\/Zjarri-ne-kalivac-Lezhe.webp?resize=1024%2C576&amp;ssl=1 1024w, https:\/\/i0.wp.com\/www.shqiperia.com\/blog\/wp-content\/uploads\/2026\/09\/Zjarri-ne-kalivac-Lezhe.webp?resize=768%2C432&amp;ssl=1 768w, https:\/\/i0.wp.com\/www.shqiperia.com\/blog\/wp-content\/uploads\/2026\/09\/Zjarri-ne-kalivac-Lezhe.webp?resize=450%2C253&amp;ssl=1 450w, https:\/\/i0.wp.com\/www.shqiperia.com\/blog\/wp-content\/uploads\/2026\/09\/Zjarri-ne-kalivac-Lezhe.webp?resize=600%2C338&amp;ssl=1 600w, https:\/\/i0.wp.com\/www.shqiperia.com\/blog\/wp-content\/uploads\/2026\/09\/Zjarri-ne-kalivac-Lezhe.webp?resize=400%2C225&amp;ssl=1 400w, https:\/\/i0.wp.com\/www.shqiperia.com\/blog\/wp-content\/uploads\/2026\/09\/Zjarri-ne-kalivac-Lezhe.webp?w=1280&amp;ssl=1 1280w\" sizes=\"auto, (max-width: 641px) 100vw, 641px\" \/><\/p>\n<p>3 Shtator 2026<\/p>\n<p>Nj\u00eb zjarr i p\u00ebrmasave t\u00eb m\u00ebdha ka p\u00ebrfshir\u00eb zon\u00ebn e Kalivacit n\u00eb Lezh\u00eb, duke rrezikuar zon\u00ebn e banuar.<\/p>\n<\/div>\n<p>Flak\u00ebt jan\u00eb p\u00ebrhapur me shpejt\u00ebsi n\u00eb disa drejtime, t\u00eb favorizuara edhe nga era e fort\u00eb q\u00eb po p\u00ebrfshin zon\u00ebn. Situata paraqitet e v\u00ebshtir\u00eb, nd\u00ebrsa zjarri vijon t\u00eb zgjeroj\u00eb perimetrin.<\/p>\n<p>N\u00eb terren ndodhen banor\u00eb t\u00eb zon\u00ebs, s\u00eb bashku me strukturat e emergjencave dhe sh\u00ebrbimet zjarrfik\u00ebse, t\u00eb cilat po punojn\u00eb p\u00ebr izolimin dhe v\u00ebnien n\u00ebn kontroll t\u00eb flak\u00ebve.<\/p>\n<p>P\u00ebr shkak t\u00eb p\u00ebrhapjes s\u00eb shpejt\u00eb t\u00eb zjarrit dhe af\u00ebrsis\u00eb me zon\u00ebn e banuar, situata mbetet shqet\u00ebsuese dhe k\u00ebrkon nd\u00ebrhyrje t\u00eb menj\u00ebhershme.<\/p>\n<p class=\"last\"><strong>Top Channel<\/strong><\/p>\n","protected":false},"excerpt":{"rendered":"<p>3 Shtator 2026 Nj\u00eb zjarr i p\u00ebrmasave t\u00eb m\u00ebdha ka p\u00ebrfshir\u00eb zon\u00ebn e Kalivacit n\u00eb Lezh\u00eb, duke rrezikuar zon\u00ebn e banuar. Flak\u00ebt jan\u00eb p\u00ebrhapur me shpejt\u00ebsi n\u00eb disa drejtime, t\u00eb favorizuara edhe nga era e fort\u00eb q\u00eb po p\u00ebrfshin zon\u00ebn. Situata paraqitet e v\u00ebshtir\u00eb, nd\u00ebrsa zjarri vijon t\u00eb zgjeroj\u00eb perimetrin. N\u00eb terren ndodhen banor\u00eb t\u00eb [&hellip;]<\/p>\n","protected":false},"author":9,"featured_media":105869,"comment_status":"open","ping_status":"open","sticky":false,"template":"","format":"standard","meta":{"jetpack_post_was_ever_published":false,"_jetpack_newsletter_access":"","_jetpack_dont_email_post_to_subs":false,"_jetpack_newsletter_tier_id":0,"_jetpack_memberships_contains_paywalled_content":false,"_jetpack_memberships_contains_paid_content":false,"footnotes":"","jetpack_publicize_message":"","jetpack_publicize_feature_enabled":true,"jetpack_social_post_already_shared":true,"jetpack_social_options":{"image_generator_settings":{"template":"highway","default_image_id":0,"font":"","enabled":false},"version":2}},"categories":[27,1,35],"tags":[],"class_list":["post-105868","post","type-post","status-publish","format-standard","has-post-thumbnail","hentry","category-blogu-i-udhetarit","category-njoftime-shtypi","category-shoqerore"],"jetpack_publicize_connections":[],"jetpack_featured_media_url":"https:\/\/i0.wp.com\/www.shqiperia.com\/blog\/wp-content\/uploads\/2026\/09\/Zjarri-ne-kalivac-Lezhe.webp?fit=1280%2C720&ssl=1","jetpack_sharing_enabled":true,"jetpack_shortlink":"https:\/\/wp.me\/p5Z6wp-rxy","jetpack-related-posts":[{"id":105478,"url":"https:\/\/www.shqiperia.com\/blog\/prape-zjarr-ne-malesine-e-krujes-flaket-perhapen-me-shpejtesi-kerkohet-nderhyrja-nga-ajri\/","url_meta":{"origin":105868,"position":0},"title":"Prap\u00eb zjarr n\u00eb Mal\u00ebsin\u00eb e Kruj\u00ebs, flak\u00ebt p\u00ebrhapen me shpejt\u00ebsi! K\u00ebrkohet nd\u00ebrhyrja nga ajri","author":"Kurt Farka","date":"August 29, 2026","format":false,"excerpt":"29 Gusht 2026 Nj\u00eb vat\u00ebr zjarri \u00ebsht\u00eb regjistruar n\u00eb zon\u00ebn mes vendit t\u00eb quajtur \u201cKroi i Madh\u201d dhe fshatit \u00c7udhi, n\u00eb mal\u00ebsin\u00eb e Kruj\u00ebs. Flak\u00ebt kan\u00eb p\u00ebrfshir\u00eb sip\u00ebrfaqe t\u00eb m\u00ebdha me shkurre dhe pem\u00eb t\u00eb ndryshme, nd\u00ebrsa zjarri po p\u00ebrhapet me shpejt\u00ebsi, i favorizuar edhe nga era. Terreni i v\u00ebshtir\u00eb\u2026","rel":"","context":"In &quot;Blogu i Udh\u00ebtarit&quot;","block_context":{"text":"Blogu i Udh\u00ebtarit","link":"https:\/\/www.shqiperia.com\/blog\/category\/blogu-i-udhetarit\/"},"img":{"alt_text":"","src":"https:\/\/i0.wp.com\/www.shqiperia.com\/blog\/wp-content\/uploads\/2026\/08\/zjarr-kruje-1.jpg?fit=622%2C395&ssl=1&resize=350%2C200","width":350,"height":200,"srcset":"https:\/\/i0.wp.com\/www.shqiperia.com\/blog\/wp-content\/uploads\/2026\/08\/zjarr-kruje-1.jpg?fit=622%2C395&ssl=1&resize=350%2C200 1x, https:\/\/i0.wp.com\/www.shqiperia.com\/blog\/wp-content\/uploads\/2026\/08\/zjarr-kruje-1.jpg?fit=622%2C395&ssl=1&resize=525%2C300 1.5x"},"classes":[]},{"id":102252,"url":"https:\/\/www.shqiperia.com\/blog\/zjarri-ne-fier-perhapet-me-shpejtesi-mjetet-zjarrfikese-dhe-efektive-ne-terren-per-te-mbrojtur-banesat-dhe-objektet\/","url_meta":{"origin":105868,"position":1},"title":"Zjarri n\u00eb Fier p\u00ebrhapet me shpejt\u00ebsi, mjetet zjarrfik\u00ebse dhe efektiv\u00eb n\u00eb terren p\u00ebr t\u00eb mbrojtur banesat dhe objektet","author":"Kurt Farka","date":"July 5, 2026","format":false,"excerpt":"5 Korrik 2026 Situata nga zjarri n\u00eb zon\u00ebn e Driz\u00ebs, n\u00eb Fier, paraqitet problematike, pasi flak\u00ebt jan\u00eb p\u00ebrhapur n\u00eb nj\u00eb sip\u00ebrfaqe t\u00eb gjer\u00eb dhe po i afrohen zon\u00ebs s\u00eb banuar. Autoritetet kan\u00eb angazhuar 10 mjete zjarrfik\u00ebse dhe 50 efektiv\u00eb, nd\u00ebrsa prioritet mbetet mbrojtja e banesave dhe objekteve n\u00eb rrezik. P\u00ebrgjegj\u00ebsi\u2026","rel":"","context":"In &quot;Blogu i Udh\u00ebtarit&quot;","block_context":{"text":"Blogu i Udh\u00ebtarit","link":"https:\/\/www.shqiperia.com\/blog\/category\/blogu-i-udhetarit\/"},"img":{"alt_text":"","src":"https:\/\/i0.wp.com\/www.shqiperia.com\/blog\/wp-content\/uploads\/2026\/07\/iier-makina_sd-1140x570-1.webp?fit=1140%2C570&ssl=1&resize=350%2C200","width":350,"height":200,"srcset":"https:\/\/i0.wp.com\/www.shqiperia.com\/blog\/wp-content\/uploads\/2026\/07\/iier-makina_sd-1140x570-1.webp?fit=1140%2C570&ssl=1&resize=350%2C200 1x, https:\/\/i0.wp.com\/www.shqiperia.com\/blog\/wp-content\/uploads\/2026\/07\/iier-makina_sd-1140x570-1.webp?fit=1140%2C570&ssl=1&resize=525%2C300 1.5x, https:\/\/i0.wp.com\/www.shqiperia.com\/blog\/wp-content\/uploads\/2026\/07\/iier-makina_sd-1140x570-1.webp?fit=1140%2C570&ssl=1&resize=700%2C400 2x, https:\/\/i0.wp.com\/www.shqiperia.com\/blog\/wp-content\/uploads\/2026\/07\/iier-makina_sd-1140x570-1.webp?fit=1140%2C570&ssl=1&resize=1050%2C600 3x"},"classes":[]},{"id":104390,"url":"https:\/\/www.shqiperia.com\/blog\/diber-dy-vatra-zjarri-aktive-flaket-perhapen-ne-terren-pyjor-ne-qafe-helmes-situata-jashte-kontrollit\/","url_meta":{"origin":105868,"position":2},"title":"Dib\u00ebr\/ Dy vatra zjarri aktive, flak\u00ebt p\u00ebrhapen n\u00eb terren pyjor, n\u00eb Qaf\u00eb-Helmes situata jasht\u00eb kontrollit","author":"Kurt Farka","date":"August 14, 2026","format":false,"excerpt":"14 Gusht 2026 Situata nga zjarret n\u00eb qarkun e Dibr\u00ebs vijon t\u00eb jet\u00eb problematike, me dy vatra aktive n\u00eb zon\u00ebn e Selisht\u00ebs, n\u00eb Bashkin\u00eb Dib\u00ebr, dhe n\u00eb territorin e Bashkis\u00eb Bulqiz\u00eb. Vatra m\u00eb problematike ndodhet n\u00eb zon\u00ebn e Qaf\u00eb-Helmesit, pran\u00eb kufirit mes Selisht\u00ebs dhe Nj\u00ebsis\u00eb Administrative Fush\u00eb-Bulqiz\u00eb. Zjarri vijon t\u00eb\u2026","rel":"","context":"In &quot;Blogu i Udh\u00ebtarit&quot;","block_context":{"text":"Blogu i Udh\u00ebtarit","link":"https:\/\/www.shqiperia.com\/blog\/category\/blogu-i-udhetarit\/"},"img":{"alt_text":"","src":"https:\/\/i0.wp.com\/www.shqiperia.com\/blog\/wp-content\/uploads\/2026\/08\/6a7c58128bd96kruja-1.jpg?fit=1015%2C567&ssl=1&resize=350%2C200","width":350,"height":200,"srcset":"https:\/\/i0.wp.com\/www.shqiperia.com\/blog\/wp-content\/uploads\/2026\/08\/6a7c58128bd96kruja-1.jpg?fit=1015%2C567&ssl=1&resize=350%2C200 1x, https:\/\/i0.wp.com\/www.shqiperia.com\/blog\/wp-content\/uploads\/2026\/08\/6a7c58128bd96kruja-1.jpg?fit=1015%2C567&ssl=1&resize=525%2C300 1.5x, https:\/\/i0.wp.com\/www.shqiperia.com\/blog\/wp-content\/uploads\/2026\/08\/6a7c58128bd96kruja-1.jpg?fit=1015%2C567&ssl=1&resize=700%2C400 2x"},"classes":[]},{"id":103982,"url":"https:\/\/www.shqiperia.com\/blog\/zjarr-i-permasave-te-medha-ne-klos-flaket-perhapen-ne-zonen-pyjore-rrezikohen-edhe-linjat-e-tensionit-te-larte\/","url_meta":{"origin":105868,"position":3},"title":"Zjarr i p\u00ebrmasave t\u00eb m\u00ebdha n\u00eb Klos, flak\u00ebt p\u00ebrhapen n\u00eb zon\u00ebn pyjore, rrezikohen edhe linjat e tensionit t\u00eb lart\u00eb","author":"Kurt Farka","date":"August 8, 2026","format":false,"excerpt":"8 Gusht 2026 Nj\u00eb zjarr i p\u00ebrmasave t\u00eb m\u00ebdha ka p\u00ebrfshir\u00eb dit\u00ebn e sotme zon\u00ebn n\u00eb Plan t\u00eb Bardh\u00eb t\u00eb Bashkis\u00eb Klos, duke djegur nj\u00eb sip\u00ebrfaqe t\u00eb konsiderueshme toke dhe duke u p\u00ebrhapur edhe n\u00eb nj\u00eb pjes\u00eb pyjore. Si\u00e7 shihet edhe nga pamjet, flak\u00ebt e m\u00ebdha, t\u00eb favorizuara nga era,\u2026","rel":"","context":"In &quot;Blogu i Udh\u00ebtarit&quot;","block_context":{"text":"Blogu i Udh\u00ebtarit","link":"https:\/\/www.shqiperia.com\/blog\/category\/blogu-i-udhetarit\/"},"img":{"alt_text":"","src":"https:\/\/i0.wp.com\/www.shqiperia.com\/blog\/wp-content\/uploads\/2026\/08\/ffjff-350x250-1.jpg?fit=350%2C250&ssl=1&resize=350%2C200","width":350,"height":200},"classes":[]},{"id":104827,"url":"https:\/\/www.shqiperia.com\/blog\/zjarri-po-perpin-kuroren-e-fshatit-rrezikohen-banesat-ne-gojan-te-pukes\/","url_meta":{"origin":105868,"position":4},"title":"Zjarri po p\u00ebrpin kuror\u00ebn e fshatit, rrezikohen banesat n\u00eb Gojan t\u00eb Puk\u00ebs","author":"Kurt Farka","date":"August 20, 2026","format":false,"excerpt":"20 Gusht 2026 Zjarri i p\u00ebrmasave t\u00eb m\u00ebdha ka p\u00ebrfshir\u00eb zon\u00ebn pran\u00eb Gojanit t\u00eb Vog\u00ebl n\u00eb Puk\u00eb, duke p\u00ebrparuar me shpejt\u00ebsi drejt kuror\u00ebs s\u00eb fshatit. Zjarri ka shtat\u00eb dite q\u00eb po shkreti qindea hektar pyje e bim\u00ebsi ne Terbun dhe rreth fshatrave. Flak\u00ebt jan\u00eb afruar pran\u00eb banesave t\u00eb fshatit, nd\u00ebrsa\u2026","rel":"","context":"In &quot;Blogu i Udh\u00ebtarit&quot;","block_context":{"text":"Blogu i Udh\u00ebtarit","link":"https:\/\/www.shqiperia.com\/blog\/category\/blogu-i-udhetarit\/"},"img":{"alt_text":"","src":"https:\/\/i0.wp.com\/www.shqiperia.com\/blog\/wp-content\/uploads\/2026\/08\/Fashati-Gojan-Puke.jpg?fit=900%2C715&ssl=1&resize=350%2C200","width":350,"height":200,"srcset":"https:\/\/i0.wp.com\/www.shqiperia.com\/blog\/wp-content\/uploads\/2026\/08\/Fashati-Gojan-Puke.jpg?fit=900%2C715&ssl=1&resize=350%2C200 1x, https:\/\/i0.wp.com\/www.shqiperia.com\/blog\/wp-content\/uploads\/2026\/08\/Fashati-Gojan-Puke.jpg?fit=900%2C715&ssl=1&resize=525%2C300 1.5x, https:\/\/i0.wp.com\/www.shqiperia.com\/blog\/wp-content\/uploads\/2026\/08\/Fashati-Gojan-Puke.jpg?fit=900%2C715&ssl=1&resize=700%2C400 2x"},"classes":[]},{"id":104956,"url":"https:\/\/www.shqiperia.com\/blog\/vijon-operacioni-per-izolimin-e-vatrave-te-zjarrit-ne-bashkine-puke\/","url_meta":{"origin":105868,"position":5},"title":"Vijon operacioni p\u00ebr izolimin e vatrave t\u00eb zjarrit n\u00eb Bashkin\u00eb Puk\u00eb","author":"Kurt Farka","date":"August 22, 2026","format":false,"excerpt":"22 Gusht 2026 Dit\u00ebn e sotme vijon ende operacioni p\u00ebr izolimin dhe shuarjen e vatrave t\u00eb zjarrit n\u00eb sip\u00ebrfaqet pyjore t\u00eb T\u00ebrbunit, Gojanit, Gjegjanit dhe Prozhmit, Bashkia Puk\u00eb. Situata n\u00eb Gjegjan paraqitet m\u00eb e qet\u00eb dhe aktualisht nuk raportohet p\u00ebrparim i vatr\u00ebs s\u00eb zjarrit. Monitorohet me forcat vendore. N\u00eb Gojan\u2026","rel":"","context":"In &quot;Blogu i Udh\u00ebtarit&quot;","block_context":{"text":"Blogu i Udh\u00ebtarit","link":"https:\/\/www.shqiperia.com\/blog\/category\/blogu-i-udhetarit\/"},"img":{"alt_text":"","src":"https:\/\/i0.wp.com\/www.shqiperia.com\/blog\/wp-content\/uploads\/2026\/08\/776658501_4402682816726239_5525810376488198267_n.jpg?fit=526%2C361&ssl=1&resize=350%2C200","width":350,"height":200,"srcset":"https:\/\/i0.wp.com\/www.shqiperia.com\/blog\/wp-content\/uploads\/2026\/08\/776658501_4402682816726239_5525810376488198267_n.jpg?fit=526%2C361&ssl=1&resize=350%2C200 1x, https:\/\/i0.wp.com\/www.shqiperia.com\/blog\/wp-content\/uploads\/2026\/08\/776658501_4402682816726239_5525810376488198267_n.jpg?fit=526%2C361&ssl=1&resize=525%2C300 1.5x"},"classes":[]}],"_links":{"self":[{"href":"https:\/\/www.shqiperia.com\/blog\/wp-json\/wp\/v2\/posts\/105868","targetHints":{"allow":["GET"]}}],"collection":[{"href":"https:\/\/www.shqiperia.com\/blog\/wp-json\/wp\/v2\/posts"}],"about":[{"href":"https:\/\/www.shqiperia.com\/blog\/wp-json\/wp\/v2\/types\/post"}],"author":[{"embeddable":true,"href":"https:\/\/www.shqiperia.com\/blog\/wp-json\/wp\/v2\/users\/9"}],"replies":[{"embeddable":true,"href":"https:\/\/www.shqiperia.com\/blog\/wp-json\/wp\/v2\/comments?post=105868"}],"version-history":[{"count":1,"href":"https:\/\/www.shqiperia.com\/blog\/wp-json\/wp\/v2\/posts\/105868\/revisions"}],"predecessor-version":[{"id":105870,"href":"https:\/\/www.shqiperia.com\/blog\/wp-json\/wp\/v2\/posts\/105868\/revisions\/105870"}],"wp:featuredmedia":[{"embeddable":true,"href":"https:\/\/www.shqiperia.com\/blog\/wp-json\/wp\/v2\/media\/105869"}],"wp:attachment":[{"href":"https:\/\/www.shqiperia.com\/blog\/wp-json\/wp\/v2\/media?parent=105868"}],"wp:term":[{"taxonomy":"category","embeddable":true,"href":"https:\/\/www.shqiperia.com\/blog\/wp-json\/wp\/v2\/categories?post=105868"},{"taxonomy":"post_tag","embeddable":true,"href":"https:\/\/www.shqiperia.com\/blog\/wp-json\/wp\/v2\/tags?post=105868"}],"curies":[{"name":"wp","href":"https:\/\/api.w.org\/{rel}","templated":true}]}}