{"id":105865,"date":"2026-09-03T10:08:51","date_gmt":"2026-09-03T10:08:51","guid":{"rendered":"https:\/\/www.shqiperia.com\/blog\/?p=105865"},"modified":"2026-09-03T10:08:51","modified_gmt":"2026-09-03T10:08:51","slug":"viti-me-i-keq-per-bletaret-edhe-pervoja-shqiptare-mjalte-nga-sheqeri-po-deshton","status":"publish","type":"post","link":"https:\/\/www.shqiperia.com\/blog\/viti-me-i-keq-per-bletaret-edhe-pervoja-shqiptare-mjalte-nga-sheqeri-po-deshton\/","title":{"rendered":"Viti m\u00eb i keq p\u00ebr bletar\u00ebt. &#8211; Edhe pervoja shqiptare mjalt\u00eb nga sheqeri po d\u00ebshton."},"content":{"rendered":"<div class=\"firstP\">\n<p><img data-recalc-dims=\"1\" loading=\"lazy\" decoding=\"async\" data-attachment-id=\"105866\" data-permalink=\"https:\/\/www.shqiperia.com\/blog\/viti-me-i-keq-per-bletaret-edhe-pervoja-shqiptare-mjalte-nga-sheqeri-po-deshton\/bletet-kolaps\/\" data-orig-file=\"https:\/\/i0.wp.com\/www.shqiperia.com\/blog\/wp-content\/uploads\/2026\/09\/bletet-kolaps.jpg?fit=765%2C543&amp;ssl=1\" data-orig-size=\"765,543\" data-comments-opened=\"1\" data-image-meta=\"{&quot;aperture&quot;:&quot;0&quot;,&quot;credit&quot;:&quot;&quot;,&quot;camera&quot;:&quot;&quot;,&quot;caption&quot;:&quot;&quot;,&quot;created_timestamp&quot;:&quot;0&quot;,&quot;copyright&quot;:&quot;&quot;,&quot;focal_length&quot;:&quot;0&quot;,&quot;iso&quot;:&quot;0&quot;,&quot;shutter_speed&quot;:&quot;0&quot;,&quot;title&quot;:&quot;&quot;,&quot;orientation&quot;:&quot;0&quot;}\" data-image-title=\"bletet-kolaps\" data-image-description=\"\" data-image-caption=\"\" data-medium-file=\"https:\/\/i0.wp.com\/www.shqiperia.com\/blog\/wp-content\/uploads\/2026\/09\/bletet-kolaps.jpg?fit=300%2C213&amp;ssl=1\" data-large-file=\"https:\/\/i0.wp.com\/www.shqiperia.com\/blog\/wp-content\/uploads\/2026\/09\/bletet-kolaps.jpg?fit=765%2C543&amp;ssl=1\" class=\"alignnone  wp-image-105866\" alt=\"\" src=\"https:\/\/i0.wp.com\/www.shqiperia.com\/blog\/wp-content\/uploads\/2026\/09\/bletet-kolaps.jpg?resize=601%2C427&#038;ssl=1\" width=\"601\" height=\"427\" srcset=\"https:\/\/i0.wp.com\/www.shqiperia.com\/blog\/wp-content\/uploads\/2026\/09\/bletet-kolaps.jpg?resize=300%2C213&amp;ssl=1 300w, https:\/\/i0.wp.com\/www.shqiperia.com\/blog\/wp-content\/uploads\/2026\/09\/bletet-kolaps.jpg?resize=450%2C319&amp;ssl=1 450w, https:\/\/i0.wp.com\/www.shqiperia.com\/blog\/wp-content\/uploads\/2026\/09\/bletet-kolaps.jpg?resize=600%2C426&amp;ssl=1 600w, https:\/\/i0.wp.com\/www.shqiperia.com\/blog\/wp-content\/uploads\/2026\/09\/bletet-kolaps.jpg?resize=400%2C284&amp;ssl=1 400w, https:\/\/i0.wp.com\/www.shqiperia.com\/blog\/wp-content\/uploads\/2026\/09\/bletet-kolaps.jpg?w=765&amp;ssl=1 765w\" sizes=\"auto, (max-width: 601px) 100vw, 601px\" \/><\/p>\n<p>3 Shtator 2026<\/p>\n<p>Megjithse ne Shqiperi esht\u00eb rast i rrall\u00eb t\u00eb gjesh mjalt pa sheqer, edhe kjo form\u00eb ku mjalti nuk prodhohet nga nektari q\u00eb mbledhin blet\u00ebt, por \u00ebsht\u00eb\u00a0 l\u00ebng\u00eb i trash\u00eb i emb\u00ebl ka v\u00ebshtirsi nga moti i nxeht\u00eb.<\/p>\n<p>Ky sezon\u00a0 konsiderohet nga m\u00eb t\u00eb v\u00ebshtir\u00ebt p\u00ebr bletarin\u00eb edhe me k\u00ebt\u00eb m\u00ebnyr\u00eb q\u00eb po e zhduk tradit\u00ebn e prodhimit t\u00eb mjaltit nga nektari.<\/p>\n<\/div>\n<p>K\u00ebt\u00eb vit kushtet e pafavorshme klimatike, ve\u00e7an\u00ebrisht temperaturat ekstreme, kan\u00eb ndikuar drejtp\u00ebrdrejt n\u00eb prodhimin e mjaltit, i cili \u00ebsht\u00eb p\u00ebrgjysmuar.<\/p>\n<p>P\u00ebr bletar\u00ebt, ky \u00ebsht\u00eb nj\u00eb tjet\u00ebr tregues se temperaturat ekstreme dhe ndryshimet e klim\u00ebs po ndikojn\u00eb gjithnj\u00eb e m\u00eb shum\u00eb n\u00eb bujq\u00ebsi dhe bletari.<\/p>\n<p>Do shikojm\u00eb a do ti resizistoi bletaria dhe pervoj\u00ebs s\u00eb gabuar q\u00eb ka fituar tradit\u00eb ne Shqiperi q\u00eb blet\u00ebt t\u00eb ushqehen vet\u00ebm me sheqer.<\/p>\n","protected":false},"excerpt":{"rendered":"<p>3 Shtator 2026 Megjithse ne Shqiperi esht\u00eb rast i rrall\u00eb t\u00eb gjesh mjalt pa sheqer, edhe kjo form\u00eb ku mjalti nuk prodhohet nga nektari q\u00eb mbledhin blet\u00ebt, por \u00ebsht\u00eb\u00a0 l\u00ebng\u00eb i trash\u00eb i emb\u00ebl ka v\u00ebshtirsi nga moti i nxeht\u00eb. Ky sezon\u00a0 konsiderohet nga m\u00eb t\u00eb v\u00ebshtir\u00ebt p\u00ebr bletarin\u00eb edhe me k\u00ebt\u00eb m\u00ebnyr\u00eb q\u00eb po [&hellip;]<\/p>\n","protected":false},"author":9,"featured_media":105866,"comment_status":"open","ping_status":"open","sticky":false,"template":"","format":"standard","meta":{"jetpack_post_was_ever_published":false,"_jetpack_newsletter_access":"","_jetpack_dont_email_post_to_subs":false,"_jetpack_newsletter_tier_id":0,"_jetpack_memberships_contains_paywalled_content":false,"_jetpack_memberships_contains_paid_content":false,"footnotes":"","jetpack_publicize_message":"","jetpack_publicize_feature_enabled":true,"jetpack_social_post_already_shared":true,"jetpack_social_options":{"image_generator_settings":{"template":"highway","default_image_id":0,"font":"","enabled":false},"version":2}},"categories":[27,1,35],"tags":[],"class_list":["post-105865","post","type-post","status-publish","format-standard","has-post-thumbnail","hentry","category-blogu-i-udhetarit","category-njoftime-shtypi","category-shoqerore"],"jetpack_publicize_connections":[],"jetpack_featured_media_url":"https:\/\/i0.wp.com\/www.shqiperia.com\/blog\/wp-content\/uploads\/2026\/09\/bletet-kolaps.jpg?fit=765%2C543&ssl=1","jetpack_sharing_enabled":true,"jetpack_shortlink":"https:\/\/wp.me\/p5Z6wp-rxv","jetpack-related-posts":[{"id":104098,"url":"https:\/\/www.shqiperia.com\/blog\/alarm-per-bletet-kimikati-qe-perdoret-per-te-zhdukur-barerat-e-keqija-po-demton-trurin-e-tyre\/","url_meta":{"origin":105865,"position":0},"title":"Alarm p\u00ebr blet\u00ebt: &#8211; Kimikati q\u00eb p\u00ebrdoret p\u00ebr t\u00eb zhdukur bar\u00ebrat e k\u00ebqija po d\u00ebmton trurin e tyre","author":"Kurt Farka","date":"August 10, 2026","format":false,"excerpt":"10 Gusht 2026 Bim\u00ebt me lule n\u00eb kopshtet e pjalmuesve, fushat bujq\u00ebsore dhe peizazhet rezidenciale shpesh rriten s\u00eb bashku me bar\u00ebrat e k\u00ebqija q\u00eb kontrollohen me herbicide. Blet\u00ebt e mjaltit i vizitojn\u00eb rregullisht k\u00ebto zona gjat\u00eb mbledhjes s\u00eb nektarit dhe polenit, duke ngritur pyetje rreth asaj q\u00eb ndodh kur ato\u2026","rel":"","context":"In &quot;Blogu i Udh\u00ebtarit&quot;","block_context":{"text":"Blogu i Udh\u00ebtarit","link":"https:\/\/www.shqiperia.com\/blog\/category\/blogu-i-udhetarit\/"},"img":{"alt_text":"","src":"https:\/\/i0.wp.com\/www.shqiperia.com\/blog\/wp-content\/uploads\/2026\/08\/bleta-780x470-1.png?fit=780%2C470&ssl=1&resize=350%2C200","width":350,"height":200,"srcset":"https:\/\/i0.wp.com\/www.shqiperia.com\/blog\/wp-content\/uploads\/2026\/08\/bleta-780x470-1.png?fit=780%2C470&ssl=1&resize=350%2C200 1x, https:\/\/i0.wp.com\/www.shqiperia.com\/blog\/wp-content\/uploads\/2026\/08\/bleta-780x470-1.png?fit=780%2C470&ssl=1&resize=525%2C300 1.5x, https:\/\/i0.wp.com\/www.shqiperia.com\/blog\/wp-content\/uploads\/2026\/08\/bleta-780x470-1.png?fit=780%2C470&ssl=1&resize=700%2C400 2x"},"classes":[]},{"id":103011,"url":"https:\/\/www.shqiperia.com\/blog\/nje-program-per-bletet-fieraku-nderton-pajisjen-qe-kontrollon-temperaturen-lageshtine-dhe-peshen-e-kosheres\/","url_meta":{"origin":105865,"position":1},"title":"Nj\u00eb program p\u00ebr blet\u00ebt\/ Fieraku nd\u00ebrton pajisjen q\u00eb kontrollon temperatur\u00ebn, lag\u00ebshtin\u00eb dhe pesh\u00ebn e kosheres","author":"Kurt Farka","date":"July 21, 2026","format":false,"excerpt":"21 Korrik 2026 Programuesi 34-vje\u00e7ar nga Fieri, Kadri Manaj, ka krijuar nj\u00eb sistem teknologjik q\u00eb synon t\u00eb leht\u00ebsoj\u00eb pun\u00ebn e bletar\u00ebve dhe t\u00eb kontribuoj\u00eb n\u00eb sigurin\u00eb ushqimore. K\u00ebt\u00eb her\u00eb ai nuk ka krijuar vet\u00ebm nj\u00eb program, por edhe pajisje inteligjente q\u00eb ndihmon blet\u00ebrrit\u00ebsit n\u00eb aktivitetin e tyre t\u00eb p\u00ebrditsh\u00ebm. Puna\u2026","rel":"","context":"In &quot;Njoftime Shtypi&quot;","block_context":{"text":"Njoftime Shtypi","link":"https:\/\/www.shqiperia.com\/blog\/category\/njoftime-shtypi\/"},"img":{"alt_text":"","src":"https:\/\/i0.wp.com\/www.shqiperia.com\/blog\/wp-content\/uploads\/2026\/07\/bletari.webp?fit=1167%2C627&ssl=1&resize=350%2C200","width":350,"height":200,"srcset":"https:\/\/i0.wp.com\/www.shqiperia.com\/blog\/wp-content\/uploads\/2026\/07\/bletari.webp?fit=1167%2C627&ssl=1&resize=350%2C200 1x, https:\/\/i0.wp.com\/www.shqiperia.com\/blog\/wp-content\/uploads\/2026\/07\/bletari.webp?fit=1167%2C627&ssl=1&resize=525%2C300 1.5x, https:\/\/i0.wp.com\/www.shqiperia.com\/blog\/wp-content\/uploads\/2026\/07\/bletari.webp?fit=1167%2C627&ssl=1&resize=700%2C400 2x, https:\/\/i0.wp.com\/www.shqiperia.com\/blog\/wp-content\/uploads\/2026\/07\/bletari.webp?fit=1167%2C627&ssl=1&resize=1050%2C600 3x"},"classes":[]},{"id":102624,"url":"https:\/\/www.shqiperia.com\/blog\/anticikloni-afrikan-sjell-vale-te-forta-te-nxehti-ne-europe-italia-ngre-alarmin-edhe-shqiperia-perfshihet-nga-temperaturat-e-larta\/","url_meta":{"origin":105865,"position":2},"title":"Anticikloni afrikan sjell val\u00eb t\u00eb forta t\u00eb nxehti n\u00eb Europ\u00eb\/ Italia ngre alarmin, edhe Shqip\u00ebria p\u00ebrfshihet nga temperaturat e larta","author":"Kurt Farka","date":"July 13, 2026","format":false,"excerpt":"13 Korrik 2926 Nj\u00eb val\u00eb e fort\u00eb nxeht\u00ebsie po prek pjes\u00eb t\u00eb m\u00ebdha t\u00eb Evrop\u00ebs, nd\u00ebrsa meteorolog\u00ebt shpjegojn\u00eb se shkak kryesor \u00ebsht\u00eb rikthimi i anticiklonit afrikan, nj\u00eb mas\u00eb ajrore e nxeht\u00eb q\u00eb vjen nga Afrika e Veriut dhe sjell temperatura ekstreme. Ky fenomen \u00ebsht\u00eb b\u00ebr\u00eb gjithnj\u00eb e m\u00eb i shpesht\u00eb\u2026","rel":"","context":"In &quot;Blogu i Udh\u00ebtarit&quot;","block_context":{"text":"Blogu i Udh\u00ebtarit","link":"https:\/\/www.shqiperia.com\/blog\/category\/blogu-i-udhetarit\/"},"img":{"alt_text":"","src":"https:\/\/i0.wp.com\/www.shqiperia.com\/blog\/wp-content\/uploads\/2026\/07\/6a54d8a07155c_sd.webp?fit=1200%2C675&ssl=1&resize=350%2C200","width":350,"height":200,"srcset":"https:\/\/i0.wp.com\/www.shqiperia.com\/blog\/wp-content\/uploads\/2026\/07\/6a54d8a07155c_sd.webp?fit=1200%2C675&ssl=1&resize=350%2C200 1x, https:\/\/i0.wp.com\/www.shqiperia.com\/blog\/wp-content\/uploads\/2026\/07\/6a54d8a07155c_sd.webp?fit=1200%2C675&ssl=1&resize=525%2C300 1.5x, https:\/\/i0.wp.com\/www.shqiperia.com\/blog\/wp-content\/uploads\/2026\/07\/6a54d8a07155c_sd.webp?fit=1200%2C675&ssl=1&resize=700%2C400 2x, https:\/\/i0.wp.com\/www.shqiperia.com\/blog\/wp-content\/uploads\/2026\/07\/6a54d8a07155c_sd.webp?fit=1200%2C675&ssl=1&resize=1050%2C600 3x"},"classes":[]},{"id":101236,"url":"https:\/\/www.shqiperia.com\/blog\/shqiperia-nuk-eshte-ne-shitje-lubonja-flet-nga-protesta-sistemi-i-rames-ka-grabitur-vendin-te-permbysim-pushtetin\/","url_meta":{"origin":105865,"position":3},"title":"\u2018Shqip\u00ebria nuk \u00ebsht\u00eb n\u00eb shitje\u2019, Lubonja flet nga protesta: Sistemi i Ram\u00ebs ka grabitur vendin, t\u00eb p\u00ebrmbysim pushtetin","author":"Kurt Farka","date":"June 7, 2026","format":false,"excerpt":"7 Qershor 2026 Dita e tet\u00eb e protest\u00ebs pa s\u00ebrish mij\u00ebra qytetar\u00eb q\u00eb marshuan nga sheshi Sk\u00ebnderbej te Kryeministria ku protestuan s\u00ebrish kund\u00ebr nd\u00ebrtimit t\u00eb resortit n\u00eb Zv\u00ebrnec. Sakaq, n\u00eb podiumin e improvizuar foli edhe analisti Fatos Lubonja. Ai u shpreh se rasti i Zv\u00ebrnecit tregoi se si funksionon sistemi\u2026","rel":"","context":"In &quot;Blogu i Udh\u00ebtarit&quot;","block_context":{"text":"Blogu i Udh\u00ebtarit","link":"https:\/\/www.shqiperia.com\/blog\/category\/blogu-i-udhetarit\/"},"img":{"alt_text":"","src":"https:\/\/i0.wp.com\/www.shqiperia.com\/blog\/wp-content\/uploads\/2026\/06\/luboinja-979x570-1.jpg?fit=979%2C570&ssl=1&resize=350%2C200","width":350,"height":200,"srcset":"https:\/\/i0.wp.com\/www.shqiperia.com\/blog\/wp-content\/uploads\/2026\/06\/luboinja-979x570-1.jpg?fit=979%2C570&ssl=1&resize=350%2C200 1x, https:\/\/i0.wp.com\/www.shqiperia.com\/blog\/wp-content\/uploads\/2026\/06\/luboinja-979x570-1.jpg?fit=979%2C570&ssl=1&resize=525%2C300 1.5x, https:\/\/i0.wp.com\/www.shqiperia.com\/blog\/wp-content\/uploads\/2026\/06\/luboinja-979x570-1.jpg?fit=979%2C570&ssl=1&resize=700%2C400 2x"},"classes":[]},{"id":100588,"url":"https:\/\/www.shqiperia.com\/blog\/jonathan-pano-shpopullimi-nuk-eshte-rastesi-por-nje-axhende-e-qeverise\/","url_meta":{"origin":105865,"position":4},"title":"Jonathan Pano: &#8211; Shpopullimi nuk \u00ebsht\u00eb rast\u00ebsi, por nj\u00eb axhend\u00eb e qeveris\u00eb","author":"Kurt Farka","date":"May 22, 2026","format":false,"excerpt":"22 Maji 2026 I ftuar n\u00eb nj\u00eb studio televizive Jonathan Pano, an\u00ebtar i K\u00ebshillit Bashkiak t\u00eb Tiran\u00ebs nga radh\u00ebt e opozit\u00ebs, ngriti alarmin p\u00ebr ritmet e shpopullimit n\u00eb Shqip\u00ebri, duke iu referuar t\u00eb dh\u00ebnave t\u00eb Eurostat dhe analizave t\u00eb ekspert\u00ebve t\u00eb demografis\u00eb. Sipas Panos, raportimet p\u00ebr rreth 29 mij\u00eb persona\u2026","rel":"","context":"In &quot;Blogu i Udh\u00ebtarit&quot;","block_context":{"text":"Blogu i Udh\u00ebtarit","link":"https:\/\/www.shqiperia.com\/blog\/category\/blogu-i-udhetarit\/"},"img":{"alt_text":"","src":"https:\/\/i0.wp.com\/www.shqiperia.com\/blog\/wp-content\/uploads\/2026\/05\/nfk.jpg?fit=773%2C528&ssl=1&resize=350%2C200","width":350,"height":200,"srcset":"https:\/\/i0.wp.com\/www.shqiperia.com\/blog\/wp-content\/uploads\/2026\/05\/nfk.jpg?fit=773%2C528&ssl=1&resize=350%2C200 1x, https:\/\/i0.wp.com\/www.shqiperia.com\/blog\/wp-content\/uploads\/2026\/05\/nfk.jpg?fit=773%2C528&ssl=1&resize=525%2C300 1.5x, https:\/\/i0.wp.com\/www.shqiperia.com\/blog\/wp-content\/uploads\/2026\/05\/nfk.jpg?fit=773%2C528&ssl=1&resize=700%2C400 2x"},"classes":[]},{"id":104000,"url":"https:\/\/www.shqiperia.com\/blog\/rama-si-putini-lubonja-per-gazeten-franceze-krimi-i-organizuar-eshte-integruar-ne-qeveri-be-mbyll-syte\/","url_meta":{"origin":105865,"position":5},"title":"&#8216;Rama si Putini&#8217;\/ Lubonja p\u00ebr gazet\u00ebn franceze: &#8211; Krimi i organizuar \u00ebsht\u00eb integruar n\u00eb qeveri, BE mbyll syt\u00eb","author":"Kurt Farka","date":"August 8, 2026","format":false,"excerpt":"8 Gusht 2026 \u201cRevolucioni i flamingove\u201d vazhdon n\u00eb Shqip\u00ebri p\u00ebr t\u00eb protestuar kund\u00ebr nj\u00eb projekti imobiliar t\u00eb mb\u00ebshtetur nga Jared Kushner, dh\u00ebndri i Donald Trumpit. Nj\u00eb tjet\u00ebr protest\u00eb \u00ebsht\u00eb parashikuar n\u00eb Tiran\u00eb k\u00ebt\u00eb t\u00eb shtun\u00eb, m\u00eb 8 gusht. Sipas historianit shqiptar Fatos Lubonj\u00ebs, popullsia po shpreh kund\u00ebrshtimin ndaj regjimit kleptokratik\u2026","rel":"","context":"In &quot;Blogu i Udh\u00ebtarit&quot;","block_context":{"text":"Blogu i Udh\u00ebtarit","link":"https:\/\/www.shqiperia.com\/blog\/category\/blogu-i-udhetarit\/"},"img":{"alt_text":"","src":"https:\/\/i0.wp.com\/www.shqiperia.com\/blog\/wp-content\/uploads\/2026\/08\/auto_rama-51786175542.webp?fit=1000%2C600&ssl=1&resize=350%2C200","width":350,"height":200,"srcset":"https:\/\/i0.wp.com\/www.shqiperia.com\/blog\/wp-content\/uploads\/2026\/08\/auto_rama-51786175542.webp?fit=1000%2C600&ssl=1&resize=350%2C200 1x, https:\/\/i0.wp.com\/www.shqiperia.com\/blog\/wp-content\/uploads\/2026\/08\/auto_rama-51786175542.webp?fit=1000%2C600&ssl=1&resize=525%2C300 1.5x, https:\/\/i0.wp.com\/www.shqiperia.com\/blog\/wp-content\/uploads\/2026\/08\/auto_rama-51786175542.webp?fit=1000%2C600&ssl=1&resize=700%2C400 2x"},"classes":[]}],"_links":{"self":[{"href":"https:\/\/www.shqiperia.com\/blog\/wp-json\/wp\/v2\/posts\/105865","targetHints":{"allow":["GET"]}}],"collection":[{"href":"https:\/\/www.shqiperia.com\/blog\/wp-json\/wp\/v2\/posts"}],"about":[{"href":"https:\/\/www.shqiperia.com\/blog\/wp-json\/wp\/v2\/types\/post"}],"author":[{"embeddable":true,"href":"https:\/\/www.shqiperia.com\/blog\/wp-json\/wp\/v2\/users\/9"}],"replies":[{"embeddable":true,"href":"https:\/\/www.shqiperia.com\/blog\/wp-json\/wp\/v2\/comments?post=105865"}],"version-history":[{"count":1,"href":"https:\/\/www.shqiperia.com\/blog\/wp-json\/wp\/v2\/posts\/105865\/revisions"}],"predecessor-version":[{"id":105867,"href":"https:\/\/www.shqiperia.com\/blog\/wp-json\/wp\/v2\/posts\/105865\/revisions\/105867"}],"wp:featuredmedia":[{"embeddable":true,"href":"https:\/\/www.shqiperia.com\/blog\/wp-json\/wp\/v2\/media\/105866"}],"wp:attachment":[{"href":"https:\/\/www.shqiperia.com\/blog\/wp-json\/wp\/v2\/media?parent=105865"}],"wp:term":[{"taxonomy":"category","embeddable":true,"href":"https:\/\/www.shqiperia.com\/blog\/wp-json\/wp\/v2\/categories?post=105865"},{"taxonomy":"post_tag","embeddable":true,"href":"https:\/\/www.shqiperia.com\/blog\/wp-json\/wp\/v2\/tags?post=105865"}],"curies":[{"name":"wp","href":"https:\/\/api.w.org\/{rel}","templated":true}]}}