{"id":105862,"date":"2026-09-03T09:47:14","date_gmt":"2026-09-03T09:47:14","guid":{"rendered":"https:\/\/www.shqiperia.com\/blog\/?p=105862"},"modified":"2026-09-03T09:47:14","modified_gmt":"2026-09-03T09:47:14","slug":"rama-sulmon-institucionet-e-drejtesise-klp-dhe-klgj-jane-fytyra-e-deshtimit-te-reformes-ne-drejtesi","status":"publish","type":"post","link":"https:\/\/www.shqiperia.com\/blog\/rama-sulmon-institucionet-e-drejtesise-klp-dhe-klgj-jane-fytyra-e-deshtimit-te-reformes-ne-drejtesi\/","title":{"rendered":"Rama sulmon institucionet e drejt\u00ebsis\u00eb: &#8211; KLP dhe KLGJ jan\u00eb fytyra e d\u00ebshtimit t\u00eb Reform\u00ebs n\u00eb Drejt\u00ebsi"},"content":{"rendered":"<div id=\"attachment_105863\" style=\"width: 739px\" class=\"wp-caption alignnone\"><img data-recalc-dims=\"1\" loading=\"lazy\" decoding=\"async\" aria-describedby=\"caption-attachment-105863\" data-attachment-id=\"105863\" data-permalink=\"https:\/\/www.shqiperia.com\/blog\/rama-sulmon-institucionet-e-drejtesise-klp-dhe-klgj-jane-fytyra-e-deshtimit-te-reformes-ne-drejtesi\/edi-rama-172\/\" data-orig-file=\"https:\/\/i0.wp.com\/www.shqiperia.com\/blog\/wp-content\/uploads\/2026\/09\/Edi-Rama.jpg?fit=1024%2C603&amp;ssl=1\" data-orig-size=\"1024,603\" data-comments-opened=\"1\" data-image-meta=\"{&quot;aperture&quot;:&quot;0&quot;,&quot;credit&quot;:&quot;&quot;,&quot;camera&quot;:&quot;&quot;,&quot;caption&quot;:&quot;&quot;,&quot;created_timestamp&quot;:&quot;0&quot;,&quot;copyright&quot;:&quot;&quot;,&quot;focal_length&quot;:&quot;0&quot;,&quot;iso&quot;:&quot;0&quot;,&quot;shutter_speed&quot;:&quot;0&quot;,&quot;title&quot;:&quot;&quot;,&quot;orientation&quot;:&quot;0&quot;}\" data-image-title=\"Edi Rama\" data-image-description=\"\" data-image-caption=\"&lt;p&gt;Edi Rama&lt;\/p&gt;\n\" data-medium-file=\"https:\/\/i0.wp.com\/www.shqiperia.com\/blog\/wp-content\/uploads\/2026\/09\/Edi-Rama.jpg?fit=300%2C177&amp;ssl=1\" data-large-file=\"https:\/\/i0.wp.com\/www.shqiperia.com\/blog\/wp-content\/uploads\/2026\/09\/Edi-Rama.jpg?fit=1024%2C603&amp;ssl=1\" class=\" wp-image-105863\" alt=\"\" src=\"https:\/\/i0.wp.com\/www.shqiperia.com\/blog\/wp-content\/uploads\/2026\/09\/Edi-Rama.jpg?resize=729%2C430&#038;ssl=1\" width=\"729\" height=\"430\" srcset=\"https:\/\/i0.wp.com\/www.shqiperia.com\/blog\/wp-content\/uploads\/2026\/09\/Edi-Rama.jpg?resize=300%2C177&amp;ssl=1 300w, https:\/\/i0.wp.com\/www.shqiperia.com\/blog\/wp-content\/uploads\/2026\/09\/Edi-Rama.jpg?resize=768%2C452&amp;ssl=1 768w, https:\/\/i0.wp.com\/www.shqiperia.com\/blog\/wp-content\/uploads\/2026\/09\/Edi-Rama.jpg?resize=450%2C265&amp;ssl=1 450w, https:\/\/i0.wp.com\/www.shqiperia.com\/blog\/wp-content\/uploads\/2026\/09\/Edi-Rama.jpg?resize=600%2C353&amp;ssl=1 600w, https:\/\/i0.wp.com\/www.shqiperia.com\/blog\/wp-content\/uploads\/2026\/09\/Edi-Rama.jpg?resize=400%2C236&amp;ssl=1 400w, https:\/\/i0.wp.com\/www.shqiperia.com\/blog\/wp-content\/uploads\/2026\/09\/Edi-Rama.jpg?w=1024&amp;ssl=1 1024w\" sizes=\"auto, (max-width: 729px) 100vw, 729px\" \/><p id=\"caption-attachment-105863\" class=\"wp-caption-text\">Edi Rama<\/p><\/div>\n<p><strong>3 Shtator 2026<\/strong><\/p>\n<p><strong>Kryeministri Edi Rama ka sulmuar K\u00ebshillin e Lart\u00eb t\u00eb Prokuroris\u00eb (KLP) dhe K\u00ebshillin e Lart\u00eb Gjyq\u00ebsor (KLGJ) p\u00ebr \u00e7\u00ebshtjen e pagave, duke i cil\u00ebsuar k\u00ebto dy institucione si \u201cfytyra t\u00eb d\u00ebshtimit t\u00eb Reform\u00ebs n\u00eb Drejt\u00ebsi\u201d.<\/strong><\/p>\n<p>Rama u shpreh se, n\u00ebse pagat e KLP-s\u00eb dhe KLGJ-s\u00eb, t\u00eb cilat sipas tij jan\u00eb shum\u00eb her\u00eb m\u00eb t\u00eb larta se pagat e tjera n\u00eb sektorin publik, konsiderohen t\u00eb pamjaftueshme, at\u00ebher\u00eb<span>\u00a0<\/span><em>\u201cp\u00ebrfytyroni se \u00e7far\u00eb mund t\u00eb thot\u00eb nj\u00eb n\u00ebpun\u00ebs i administrat\u00ebs publike<\/em>\u201d.<\/p>\n<p><strong>\u201c<\/strong><em>Paga, kuptohet, \u00ebsht\u00eb gjithmon\u00eb e pamjaftueshme p\u00ebr t\u00eb gjith\u00eb. Kur \u00ebsht\u00eb e pamjaftueshme p\u00ebr KLP-n\u00eb dhe KLGJ-n\u00eb, p\u00ebrfytyroni p\u00ebr t\u00eb tjer\u00ebt. KLP-ja dhe KLGJ-ja, q\u00eb jan\u00eb dy fytyra t\u00eb d\u00ebshtimit t\u00eb reform\u00ebs n\u00eb drejt\u00ebsi, n\u00ebse SPAK-u dhe gjykata speciale jan\u00eb fytyra e suksesit, k\u00ebto dy struktura jan\u00eb fytyra e d\u00ebshtimit t\u00eb reform\u00ebs n\u00eb drejt\u00ebsi.<\/em><\/p>\n<p><em>Kur k\u00ebtyre dy trupave, q\u00eb qeverisin gjyq\u00ebsorin m\u00eb pak, u duken t\u00eb pamjaftueshme pagat, t\u00eb cilat jan\u00eb shum\u00eb her\u00eb m\u00eb t\u00eb larta se pagat tona, p\u00ebrfytyro se \u00e7far\u00eb mund t\u00eb thot\u00eb nj\u00eb n\u00ebpun\u00ebs i administrat\u00ebs publike kur i thuhet se paga e tij \u00ebsht\u00eb e mjaftueshme\u201d<span>\u00a0<\/span><\/em>u shpreh ai.<\/p>\n","protected":false},"excerpt":{"rendered":"<p>3 Shtator 2026 Kryeministri Edi Rama ka sulmuar K\u00ebshillin e Lart\u00eb t\u00eb Prokuroris\u00eb (KLP) dhe K\u00ebshillin e Lart\u00eb Gjyq\u00ebsor (KLGJ) p\u00ebr \u00e7\u00ebshtjen e pagave, duke i cil\u00ebsuar k\u00ebto dy institucione si \u201cfytyra t\u00eb d\u00ebshtimit t\u00eb Reform\u00ebs n\u00eb Drejt\u00ebsi\u201d. Rama u shpreh se, n\u00ebse pagat e KLP-s\u00eb dhe KLGJ-s\u00eb, t\u00eb cilat sipas tij jan\u00eb shum\u00eb her\u00eb [&hellip;]<\/p>\n","protected":false},"author":9,"featured_media":105863,"comment_status":"open","ping_status":"open","sticky":false,"template":"","format":"standard","meta":{"jetpack_post_was_ever_published":false,"_jetpack_newsletter_access":"","_jetpack_dont_email_post_to_subs":false,"_jetpack_newsletter_tier_id":0,"_jetpack_memberships_contains_paywalled_content":false,"_jetpack_memberships_contains_paid_content":false,"footnotes":"","jetpack_publicize_message":"","jetpack_publicize_feature_enabled":true,"jetpack_social_post_already_shared":true,"jetpack_social_options":{"image_generator_settings":{"template":"highway","default_image_id":0,"font":"","enabled":false},"version":2}},"categories":[27,1,2,14,35],"tags":[],"class_list":["post-105862","post","type-post","status-publish","format-standard","has-post-thumbnail","hentry","category-blogu-i-udhetarit","category-njoftime-shtypi","category-politika","category-press-releases","category-shoqerore"],"jetpack_publicize_connections":[],"jetpack_featured_media_url":"https:\/\/i0.wp.com\/www.shqiperia.com\/blog\/wp-content\/uploads\/2026\/09\/Edi-Rama.jpg?fit=1024%2C603&ssl=1","jetpack_sharing_enabled":true,"jetpack_shortlink":"https:\/\/wp.me\/p5Z6wp-rxs","jetpack-related-posts":[{"id":100176,"url":"https:\/\/www.shqiperia.com\/blog\/ky-eshte-perdhunim-po-ti-je-cmendur-moj-del-audio-cfare-ka-ndodhur-ne-keshillin-e-larte-te-prokurorise\/","url_meta":{"origin":105862,"position":0},"title":"\u201cKy \u00ebsht\u00eb p\u00ebrdhunim\u2026 Po ti je \u00e7mendur moj\u2026!\u201d Del audio \u00e7far\u00eb ka ndodhur n\u00eb K\u00ebshillin e Lart\u00eb t\u00eb Prokuroris\u00eb","author":"Kurt Farka","date":"May 12, 2026","format":false,"excerpt":"12 Maji 2026 Mbledhja\u00a0n\u00eb K\u00ebshillin e Lart\u00eb t\u00eb Prokuroris\u00eb \u00ebsht\u00eb shoq\u00ebruar me tensione dhe p\u00ebrplasje t\u00eb forta mes an\u00ebtarit Sokol Stojani dhe kryetares Mirela Bogdani. P\u00ebrplasja ka qen\u00eb rreth nj\u00eb vendimi q\u00eb do i d\u00ebrgohej Kuvendit p\u00ebr vendet vakante. Bogdani vendosi kthimin p\u00ebr rishqyrtim t\u00eb k\u00ebtij vendimi, gj\u00eb q\u00eb u\u2026","rel":"","context":"In &quot;Blogu i Udh\u00ebtarit&quot;","block_context":{"text":"Blogu i Udh\u00ebtarit","link":"https:\/\/www.shqiperia.com\/blog\/category\/blogu-i-udhetarit\/"},"img":{"alt_text":"","src":"https:\/\/i0.wp.com\/www.shqiperia.com\/blog\/wp-content\/uploads\/2026\/05\/1778608008_sokolstojanimirelabogdani.jpg?fit=780%2C440&ssl=1&resize=350%2C200","width":350,"height":200,"srcset":"https:\/\/i0.wp.com\/www.shqiperia.com\/blog\/wp-content\/uploads\/2026\/05\/1778608008_sokolstojanimirelabogdani.jpg?fit=780%2C440&ssl=1&resize=350%2C200 1x, https:\/\/i0.wp.com\/www.shqiperia.com\/blog\/wp-content\/uploads\/2026\/05\/1778608008_sokolstojanimirelabogdani.jpg?fit=780%2C440&ssl=1&resize=525%2C300 1.5x, https:\/\/i0.wp.com\/www.shqiperia.com\/blog\/wp-content\/uploads\/2026\/05\/1778608008_sokolstojanimirelabogdani.jpg?fit=780%2C440&ssl=1&resize=700%2C400 2x"},"classes":[]},{"id":67575,"url":"https:\/\/www.shqiperia.com\/blog\/aplikacioni-aktivisti-i-rilindjes-meta-tjeter-skandal-ne-prag-te-zgjedhjeve-te-14-majit-pjese-e-listes-jane-te-pakten-40-prokurore-dhe-27-gjyqtare\/","url_meta":{"origin":105862,"position":1},"title":"Aplikacioni \u201cAktivisti\u201d i &#8220;Rilindjes&#8221;\/ Meta: &#8211; Tjet\u00ebr skandal n\u00eb prag t\u00eb zgjedhjeve t\u00eb 14 majit. &#8211; Pjes\u00eb e list\u00ebs jan\u00eb t\u00eb pakt\u00ebn 40 prokuror\u00eb dhe 27 gjyqtar\u00eb","author":"Kurt Farka","date":"February 8, 2023","format":false,"excerpt":"8 Shkurt 2023 Meta tha se skandali b\u00ebhet edhe m\u00eb i madh \u201ckur zbulohen se pjes\u00eb e list\u00ebs s\u00eb aplikacionit jan\u00eb t\u00eb pakt\u00ebn 40 prokuror\u00eb dhe 27 gjyqtar\u00eb, an\u00ebtar\u00eb t\u00eb KLP, KLGJ, SPAK dhe t\u00eb institucioneve t\u00eb tjera ky\u00e7e t\u00eb reform\u00ebs n\u00eb drejt\u00ebsi, drejtues t\u00eb lart\u00eb t\u00eb Policis\u00eb s\u00eb Shtetit\u2026","rel":"","context":"In &quot;Politika&quot;","block_context":{"text":"Politika","link":"https:\/\/www.shqiperia.com\/blog\/category\/politika\/"},"img":{"alt_text":"","src":"https:\/\/i0.wp.com\/www.shqiperia.com\/blog\/wp-content\/uploads\/2023\/02\/850x600_foto471675009797.jpg?fit=850%2C480&ssl=1&resize=350%2C200","width":350,"height":200,"srcset":"https:\/\/i0.wp.com\/www.shqiperia.com\/blog\/wp-content\/uploads\/2023\/02\/850x600_foto471675009797.jpg?fit=850%2C480&ssl=1&resize=350%2C200 1x, https:\/\/i0.wp.com\/www.shqiperia.com\/blog\/wp-content\/uploads\/2023\/02\/850x600_foto471675009797.jpg?fit=850%2C480&ssl=1&resize=525%2C300 1.5x, https:\/\/i0.wp.com\/www.shqiperia.com\/blog\/wp-content\/uploads\/2023\/02\/850x600_foto471675009797.jpg?fit=850%2C480&ssl=1&resize=700%2C400 2x"},"classes":[]},{"id":102993,"url":"https:\/\/www.shqiperia.com\/blog\/te-kujt-jane-400-mln-euro-te-bllokuara-collaku-cilet-jane-familjaret-e-rames-qe-po-vezhgohen-per-transferta-parash\/","url_meta":{"origin":105862,"position":2},"title":"T\u00eb kujt jan\u00eb 400 mln euro t\u00eb bllokuara? \u00c7ollaku: &#8211; Cil\u00ebt jan\u00eb familjar\u00ebt e Ram\u00ebs q\u00eb po v\u00ebzhgohen p\u00ebr transferta parash.","author":"Kurt Farka","date":"July 20, 2026","format":false,"excerpt":"20 Korrik 2026 Gazetari Basir \u00c7ollaku, i ftuar n\u00eb emisionin 'Task Force' me Sonila Me\u00e7on, foli p\u00ebr zhvillimet e fundit dhe\u00a0deklaratat e sotme t\u00eb eurodeputetit \u00e7ek\u00a0Tom\u00e1\u0161 Zdechovsk\u00fd t\u00eb dh\u00ebna ekskluzivisht n\u00eb emisionin e mengjesit 'Kafe Shqeto',\u00a0n\u00eb SYRI TV, lidhur me pasurit\u00eb dhe transfertat financiare jasht\u00eb vendit t\u00eb familjar\u00ebve t\u00eb Edi\u2026","rel":"","context":"In &quot;Blogu i Udh\u00ebtarit&quot;","block_context":{"text":"Blogu i Udh\u00ebtarit","link":"https:\/\/www.shqiperia.com\/blog\/category\/blogu-i-udhetarit\/"},"img":{"alt_text":"","src":"https:\/\/i0.wp.com\/www.shqiperia.com\/blog\/wp-content\/uploads\/2026\/07\/731983557_2144742882925339_5562525319558845746_n-1.jpg?fit=526%2C469&ssl=1&resize=350%2C200","width":350,"height":200,"srcset":"https:\/\/i0.wp.com\/www.shqiperia.com\/blog\/wp-content\/uploads\/2026\/07\/731983557_2144742882925339_5562525319558845746_n-1.jpg?fit=526%2C469&ssl=1&resize=350%2C200 1x, https:\/\/i0.wp.com\/www.shqiperia.com\/blog\/wp-content\/uploads\/2026\/07\/731983557_2144742882925339_5562525319558845746_n-1.jpg?fit=526%2C469&ssl=1&resize=525%2C300 1.5x"},"classes":[]},{"id":97138,"url":"https:\/\/www.shqiperia.com\/blog\/klgj-nuk-vendos-per-irena-gjoken-rrezohet-raporti-i-prokurorise-se-pergjithshme\/","url_meta":{"origin":105862,"position":3},"title":"KLGJ nuk vendos p\u00ebr Irena Gjok\u00ebn, rr\u00ebzohet raporti i Prokuroris\u00eb s\u00eb P\u00ebrgjithshme","author":"Kurt Farka","date":"January 30, 2026","format":false,"excerpt":"30 Janar 2026 Pasi e zvarriti p\u00ebr 2 vite procesin p\u00ebr verifikimin e figur\u00ebs s\u00eb gjyqtares me 3 mbiemra Irena Gjoka-Maneku-Shpata, sot KLGJ ka marr\u00eb nj\u00eb vendim t\u00eb turpsh\u00ebm, duke mos shqyrtuar faktet e d\u00ebrguara nga Prokuroria e P\u00ebrgjithshme se Irena Gjoka \u00ebsht\u00eb e d\u00ebnuar n\u00eb Greqi dhe se ka\u2026","rel":"","context":"In &quot;Blogu i Udh\u00ebtarit&quot;","block_context":{"text":"Blogu i Udh\u00ebtarit","link":"https:\/\/www.shqiperia.com\/blog\/category\/blogu-i-udhetarit\/"},"img":{"alt_text":"","src":"https:\/\/i0.wp.com\/www.shqiperia.com\/blog\/wp-content\/uploads\/2026\/01\/20200226_105540_260220_1_05-5_37LZwpm-1140x570-1.jpg?fit=1140%2C570&ssl=1&resize=350%2C200","width":350,"height":200,"srcset":"https:\/\/i0.wp.com\/www.shqiperia.com\/blog\/wp-content\/uploads\/2026\/01\/20200226_105540_260220_1_05-5_37LZwpm-1140x570-1.jpg?fit=1140%2C570&ssl=1&resize=350%2C200 1x, https:\/\/i0.wp.com\/www.shqiperia.com\/blog\/wp-content\/uploads\/2026\/01\/20200226_105540_260220_1_05-5_37LZwpm-1140x570-1.jpg?fit=1140%2C570&ssl=1&resize=525%2C300 1.5x, https:\/\/i0.wp.com\/www.shqiperia.com\/blog\/wp-content\/uploads\/2026\/01\/20200226_105540_260220_1_05-5_37LZwpm-1140x570-1.jpg?fit=1140%2C570&ssl=1&resize=700%2C400 2x, https:\/\/i0.wp.com\/www.shqiperia.com\/blog\/wp-content\/uploads\/2026\/01\/20200226_105540_260220_1_05-5_37LZwpm-1140x570-1.jpg?fit=1140%2C570&ssl=1&resize=1050%2C600 3x"},"classes":[]},{"id":96218,"url":"https:\/\/www.shqiperia.com\/blog\/sokol-sadushi-kryetar-i-gjykates-se-larte-sistemi-i-drejtesise-nuk-funksionon-sic-duhet\/","url_meta":{"origin":105862,"position":4},"title":"Sokol Sadushi, kryetar i Gjykat\u00ebs s\u00eb Lart\u00eb: &#8211; Sistemi i Drejtesise nuk funksionon si\u00e7 duhet","author":"Kurt Farka","date":"December 30, 2025","format":false,"excerpt":"30 Dhjetor 2025 Sokol\u00a0Sadushi, kryetar i Gjykat\u00ebs s\u00eb Lart\u00eb, shprehet i pak\u00ebnaqur me m\u00ebnyr\u00ebn e zbatimit t\u00eb reform\u00ebs n\u00eb drejt\u00ebsi.\u00a0N\u00eb konferenc\u00ebn e fundvitit,\u00a0Sadushi\u00a0u shpreh se sistemi nuk po funksionon si\u00e7 duhet, duke ngritur si shqet\u00ebsim numrin e ul\u00ebt t\u00eb gjyqtar\u00ebve dhe prokuror\u00ebve n\u00eb Shkoll\u00ebn e Magjistratur\u00ebs.\u00a0Sadushi\u00a0u shpreh kritik ve\u00e7an\u00ebrisht p\u00ebr\u2026","rel":"","context":"In &quot;Blogu i Udh\u00ebtarit&quot;","block_context":{"text":"Blogu i Udh\u00ebtarit","link":"https:\/\/www.shqiperia.com\/blog\/category\/blogu-i-udhetarit\/"},"img":{"alt_text":"","src":"https:\/\/i0.wp.com\/www.shqiperia.com\/blog\/wp-content\/uploads\/2025\/12\/IMG_3897.jpeg?fit=707%2C508&ssl=1&resize=350%2C200","width":350,"height":200,"srcset":"https:\/\/i0.wp.com\/www.shqiperia.com\/blog\/wp-content\/uploads\/2025\/12\/IMG_3897.jpeg?fit=707%2C508&ssl=1&resize=350%2C200 1x, https:\/\/i0.wp.com\/www.shqiperia.com\/blog\/wp-content\/uploads\/2025\/12\/IMG_3897.jpeg?fit=707%2C508&ssl=1&resize=525%2C300 1.5x, https:\/\/i0.wp.com\/www.shqiperia.com\/blog\/wp-content\/uploads\/2025\/12\/IMG_3897.jpeg?fit=707%2C508&ssl=1&resize=700%2C400 2x"},"classes":[]},{"id":97246,"url":"https:\/\/www.shqiperia.com\/blog\/kercenohen-prokuroret-e-spak-nga-banda-rama-balluku-ja-cfare-fshihet-pas-vendimit-te-fundit-te-klp\/","url_meta":{"origin":105862,"position":5},"title":"K\u00ebrc\u00ebnohen prokuror\u00ebt e SPAK nga banda Rama-Balluku? Ja \u00e7far\u00eb fshihet pas vendimit t\u00eb fundit t\u00eb KLP","author":"Kurt Farka","date":"February 1, 2026","format":false,"excerpt":"1 Shkurt 2026 Nga: Gazeta Sot Jeta e prokuror\u00ebve t\u00eb SPAK ka filluar t\u00eb jet\u00eb n\u00eb rrezik, pasi kan\u00eb l\u00ebshuar urdh\u00ebr arreste ndaj dy grupeve kriminale t\u00eb rrezikshme. Grupi i Ballukut dhe ai i AKSHI, jan\u00eb dy bandat e Edi Ram\u00ebs q\u00eb kan\u00eb operuar n\u00eb m\u00ebnyr\u00eb t\u00eb pavarur brenda struktur\u00ebs\u2026","rel":"","context":"In &quot;Blogu i Udh\u00ebtarit&quot;","block_context":{"text":"Blogu i Udh\u00ebtarit","link":"https:\/\/www.shqiperia.com\/blog\/category\/blogu-i-udhetarit\/"},"img":{"alt_text":"","src":"https:\/\/i0.wp.com\/www.shqiperia.com\/blog\/wp-content\/uploads\/2026\/02\/maxresdefault-1140x570-1.jpg?fit=1140%2C570&ssl=1&resize=350%2C200","width":350,"height":200,"srcset":"https:\/\/i0.wp.com\/www.shqiperia.com\/blog\/wp-content\/uploads\/2026\/02\/maxresdefault-1140x570-1.jpg?fit=1140%2C570&ssl=1&resize=350%2C200 1x, https:\/\/i0.wp.com\/www.shqiperia.com\/blog\/wp-content\/uploads\/2026\/02\/maxresdefault-1140x570-1.jpg?fit=1140%2C570&ssl=1&resize=525%2C300 1.5x, https:\/\/i0.wp.com\/www.shqiperia.com\/blog\/wp-content\/uploads\/2026\/02\/maxresdefault-1140x570-1.jpg?fit=1140%2C570&ssl=1&resize=700%2C400 2x, https:\/\/i0.wp.com\/www.shqiperia.com\/blog\/wp-content\/uploads\/2026\/02\/maxresdefault-1140x570-1.jpg?fit=1140%2C570&ssl=1&resize=1050%2C600 3x"},"classes":[]}],"_links":{"self":[{"href":"https:\/\/www.shqiperia.com\/blog\/wp-json\/wp\/v2\/posts\/105862","targetHints":{"allow":["GET"]}}],"collection":[{"href":"https:\/\/www.shqiperia.com\/blog\/wp-json\/wp\/v2\/posts"}],"about":[{"href":"https:\/\/www.shqiperia.com\/blog\/wp-json\/wp\/v2\/types\/post"}],"author":[{"embeddable":true,"href":"https:\/\/www.shqiperia.com\/blog\/wp-json\/wp\/v2\/users\/9"}],"replies":[{"embeddable":true,"href":"https:\/\/www.shqiperia.com\/blog\/wp-json\/wp\/v2\/comments?post=105862"}],"version-history":[{"count":1,"href":"https:\/\/www.shqiperia.com\/blog\/wp-json\/wp\/v2\/posts\/105862\/revisions"}],"predecessor-version":[{"id":105864,"href":"https:\/\/www.shqiperia.com\/blog\/wp-json\/wp\/v2\/posts\/105862\/revisions\/105864"}],"wp:featuredmedia":[{"embeddable":true,"href":"https:\/\/www.shqiperia.com\/blog\/wp-json\/wp\/v2\/media\/105863"}],"wp:attachment":[{"href":"https:\/\/www.shqiperia.com\/blog\/wp-json\/wp\/v2\/media?parent=105862"}],"wp:term":[{"taxonomy":"category","embeddable":true,"href":"https:\/\/www.shqiperia.com\/blog\/wp-json\/wp\/v2\/categories?post=105862"},{"taxonomy":"post_tag","embeddable":true,"href":"https:\/\/www.shqiperia.com\/blog\/wp-json\/wp\/v2\/tags?post=105862"}],"curies":[{"name":"wp","href":"https:\/\/api.w.org\/{rel}","templated":true}]}}