{"id":105859,"date":"2026-09-03T09:40:41","date_gmt":"2026-09-03T09:40:41","guid":{"rendered":"https:\/\/www.shqiperia.com\/blog\/?p=105859"},"modified":"2026-09-03T09:40:41","modified_gmt":"2026-09-03T09:40:41","slug":"taulant-balla-i-kapur-ne-pergjime-me-bandat-kriminale-nga-nje-shtet-i-be-pritet-nderhyrja-e-spak-per-flete-arrest-ndaj-deputetit-te-rames","status":"publish","type":"post","link":"https:\/\/www.shqiperia.com\/blog\/taulant-balla-i-kapur-ne-pergjime-me-bandat-kriminale-nga-nje-shtet-i-be-pritet-nderhyrja-e-spak-per-flete-arrest-ndaj-deputetit-te-rames\/","title":{"rendered":"Taulant Balla i kapur n\u00eb p\u00ebrgjime me bandat kriminale nga nj\u00eb shtet i BE, pritet nd\u00ebrhyrja e SPAK p\u00ebr flet\u00eb-arrest ndaj deputetit  t\u00eb Ram\u00ebs"},"content":{"rendered":"<p><img data-recalc-dims=\"1\" loading=\"lazy\" decoding=\"async\" data-attachment-id=\"105860\" data-permalink=\"https:\/\/www.shqiperia.com\/blog\/taulant-balla-i-kapur-ne-pergjime-me-bandat-kriminale-nga-nje-shtet-i-be-pritet-nderhyrja-e-spak-per-flete-arrest-ndaj-deputetit-te-rames\/maxresdefault-117\/\" data-orig-file=\"https:\/\/i0.wp.com\/www.shqiperia.com\/blog\/wp-content\/uploads\/2026\/09\/maxresdefault.jpg?fit=1280%2C720&amp;ssl=1\" data-orig-size=\"1280,720\" data-comments-opened=\"1\" data-image-meta=\"{&quot;aperture&quot;:&quot;0&quot;,&quot;credit&quot;:&quot;&quot;,&quot;camera&quot;:&quot;&quot;,&quot;caption&quot;:&quot;&quot;,&quot;created_timestamp&quot;:&quot;0&quot;,&quot;copyright&quot;:&quot;&quot;,&quot;focal_length&quot;:&quot;0&quot;,&quot;iso&quot;:&quot;0&quot;,&quot;shutter_speed&quot;:&quot;0&quot;,&quot;title&quot;:&quot;&quot;,&quot;orientation&quot;:&quot;0&quot;}\" data-image-title=\"maxresdefault\" data-image-description=\"\" data-image-caption=\"\" data-medium-file=\"https:\/\/i0.wp.com\/www.shqiperia.com\/blog\/wp-content\/uploads\/2026\/09\/maxresdefault.jpg?fit=300%2C169&amp;ssl=1\" data-large-file=\"https:\/\/i0.wp.com\/www.shqiperia.com\/blog\/wp-content\/uploads\/2026\/09\/maxresdefault.jpg?fit=1024%2C576&amp;ssl=1\" class=\"alignnone  wp-image-105860\" alt=\"\" src=\"https:\/\/i0.wp.com\/www.shqiperia.com\/blog\/wp-content\/uploads\/2026\/09\/maxresdefault.jpg?resize=726%2C409&#038;ssl=1\" width=\"726\" height=\"409\" srcset=\"https:\/\/i0.wp.com\/www.shqiperia.com\/blog\/wp-content\/uploads\/2026\/09\/maxresdefault.jpg?resize=300%2C169&amp;ssl=1 300w, https:\/\/i0.wp.com\/www.shqiperia.com\/blog\/wp-content\/uploads\/2026\/09\/maxresdefault.jpg?resize=1024%2C576&amp;ssl=1 1024w, https:\/\/i0.wp.com\/www.shqiperia.com\/blog\/wp-content\/uploads\/2026\/09\/maxresdefault.jpg?resize=768%2C432&amp;ssl=1 768w, https:\/\/i0.wp.com\/www.shqiperia.com\/blog\/wp-content\/uploads\/2026\/09\/maxresdefault.jpg?resize=450%2C253&amp;ssl=1 450w, https:\/\/i0.wp.com\/www.shqiperia.com\/blog\/wp-content\/uploads\/2026\/09\/maxresdefault.jpg?resize=600%2C338&amp;ssl=1 600w, https:\/\/i0.wp.com\/www.shqiperia.com\/blog\/wp-content\/uploads\/2026\/09\/maxresdefault.jpg?resize=400%2C225&amp;ssl=1 400w, https:\/\/i0.wp.com\/www.shqiperia.com\/blog\/wp-content\/uploads\/2026\/09\/maxresdefault.jpg?w=1280&amp;ssl=1 1280w\" sizes=\"auto, (max-width: 726px) 100vw, 726px\" \/><\/p>\n<p>3 Shtator 2026<\/p>\n<p>Taulant Balla rrezikon prangat pas p\u00ebrgjimeve q\u00eb e lidhin emrin e deputetit t\u00eb Edi Ram\u00ebs me bot\u00ebn e krimit. N\u00eb materialet hetimore kan\u00eb dal\u00eb biseda ku Balla p\u00ebrmendet me em\u00ebr dhe mbiem\u00ebr, nd\u00ebrsa \u00e7\u00ebshtja ka marr\u00eb edhe p\u00ebrmas\u00eb nd\u00ebrkomb\u00ebtare, pasi n\u00eb t\u00eb \u00ebsht\u00eb p\u00ebrfshir\u00eb nj\u00eb shtet an\u00ebtar i Bashkimit Europian q\u00eb po zhvillon hetime t\u00eb ve\u00e7anta.<\/p>\n<p>Detajet jan\u00eb b\u00ebr\u00eb publike nga Gent Progni, i cili ka th\u00ebn\u00eb s\u00eb fundmi n\u00eb News24 se materialet ndodhen te SPAK dhe prokuror\u00ebt jan\u00eb gati p\u00ebr t\u00eb vepruar. \u201cBalla \u00ebsht\u00eb pjes\u00eb e krimit, \u00ebsht\u00eb e v\u00ebrtetuar. U kap\u00ebn biseda ku flitet me em\u00ebr dhe mbiem\u00ebr. Nuk \u00ebsht\u00eb informacion q\u00eb t\u00eb thuash; ua. SPAK e ka dhe si dosje. N\u00eb dijenin\u00eb time do t\u00eb veproj\u00eb dhe ndaj Taulant Ball\u00ebs. Dosja \u00ebsht\u00eb n\u00ebn hetim. Di q\u00eb \u00ebsht\u00eb p\u00ebrfshir\u00eb dhe nj\u00eb shtet i BE n\u00eb at\u00eb dosje, q\u00eb po heton n\u00eb m\u00ebnyr\u00eb koncize. Shpresoj q\u00eb SPAK ta marr\u00eb guximin p\u00ebr t\u00eb cilin e ka marr\u00eb detyr\u00ebn.\u201d, tha ai.<\/p>\n<p><strong>Paniku i Ball\u00ebs<\/strong><\/p>\n<p>Balla, duket se po ndien nj\u00eb rrezik tejet t\u00eb madh p\u00ebr shkak t\u00eb avancimit t\u00eb hetimeve t\u00eb Prokuroris\u00eb s\u00eb Posa\u00e7me. Dosjet e tij voluminoze q\u00eb ndodhen n\u00eb duart e prokuror\u00ebve special\u00eb kan\u00eb krijuar nj\u00eb situat\u00eb alarmante p\u00ebr zyrtarin e lart\u00eb socialist. Edhe pse prej jav\u00ebsh Balla po shfaqet tejet protagonist n\u00eb rrjetet sociale duke u shtirur sikur gjith\u00e7ka po shkon normalisht, e v\u00ebrteta pas k\u00ebsaj fasade \u00ebsht\u00eb krejt ndryshe.<\/p>\n<p>Ish-ministri i Brendsh\u00ebm, m\u00ebsohet se \u00ebsht\u00eb i terrorizuar dhe n\u00eb panik t\u00eb plot\u00eb nga zhvillimet e drejt\u00ebsis\u00eb p\u00ebr dosjen e tij. Mbi kreun e grupit t\u00eb PS r\u00ebndojn\u00eb akuza t\u00eb forta, nd\u00ebrsa ai cil\u00ebsohet si nj\u00eb &#8220;ushtar&#8221; dhe &#8220;zar&#8221; n\u00eb sh\u00ebrbim t\u00eb bandave kriminale. P\u00ebrve\u00e7 lidhjeve t\u00eb err\u00ebta me bot\u00ebn e krimit, n\u00eb fokus t\u00eb dyshimeve \u00ebsht\u00eb edhe p\u00ebrfshirja e tij n\u00eb afera t\u00eb pastrimit t\u00eb parave.<\/p>\n<p><strong>P\u00ebrgjimet<\/strong><\/p>\n<p>Nd\u00ebrkoh\u00eb n\u00eb vijim t\u00eb t\u00eb dh\u00ebnave trondit\u00ebse mbi k\u00ebt\u00eb dosje, gazetari investigativ Basir \u00c7ollaku dhe ish-kryeministri Sali Berisha disa her\u00eb kan\u00eb hedhur drit\u00eb mbi detaje konkrete t\u00eb p\u00ebrgjimeve, ku implikohet drejtp\u00ebrdrejt Taulant Balla. Gazetari \u00c7ollaku zbuloi se n\u00eb dokumentet zyrtare t\u00eb dosjes pasqyrohet nj\u00eb pazar i friksh\u00ebm, ku kreu i band\u00ebs s\u00eb Elbasanit, Suel \u00c7ela, i ka k\u00ebrkuar &#8220;Taos&#8221; arrestimin e disa emrave specifik\u00eb, duke i premtuar n\u00eb k\u00ebmbim Partis\u00eb Socialiste 9 deputet\u00eb n\u00eb k\u00ebt\u00eb qark.<\/p>\n<p>Sipas \u00c7ollakut, kjo k\u00ebrkes\u00eb mori edhe miratimin e kryeministrit Edi Rama, pasi mesazhi iu p\u00ebrcoll atij n\u00eb nj\u00eb cop\u00eb let\u00ebr dhe mori konfirmim t\u00eb plot\u00eb p\u00ebr t\u00eb burgosur rival\u00ebt n\u00eb shk\u00ebmbim t\u00eb votave. N\u00eb kuad\u00ebr t\u00eb k\u00ebtyre pazareve politike dhe kriminale, zbardhja e aplikacionit \u201cSKY ECC\u201d po nxjerr n\u00eb drit\u00eb se si strukturat e shtetit u vendos\u00ebn plot\u00ebsisht n\u00eb sh\u00ebrbim t\u00eb grupeve t\u00eb strukturuara. P\u00ebrgjimet tregojn\u00eb se &#8220;Tao&#8221; nuk funksiononte thjesht si nj\u00eb zyrtar i korruptuar, por si nj\u00eb garantues i interesave t\u00eb band\u00ebs s\u00eb Suel \u00c7el\u00ebs n\u00eb nivelet m\u00eb t\u00eb larta t\u00eb ekzekutivit.<\/p>\n<p>Kjo skem\u00eb e frikshme, ku policia dhe prokuroria p\u00ebrdoreshin p\u00ebr t\u00eb eliminuar rival\u00ebt e krimit n\u00eb k\u00ebmbim t\u00eb mandateve parlamentare, ka tronditur edhe partner\u00ebt nd\u00ebrkomb\u00ebtar\u00eb q\u00eb monitorojn\u00eb drejt\u00ebsin\u00eb shqiptare. Nga ana tjet\u00ebr, ish-kryeministri Sali Berisha ka denoncuar publikisht pasazhe t\u00eb tjera nga dosja, duke v\u00ebn\u00eb theksin te komunikimet e zbardhura nga aplikacionet e enkriptuara \u201cSKY ECC\u201d dhe \u201cEncroChat\u201d.<\/p>\n<p>Berisha deklaroi se televizioni komb\u00ebtar i Belgjik\u00ebs ia ka nxjerr\u00eb tashm\u00eb emrin zyrtarit socialist, duke e cil\u00ebsuar &#8220;Dosjen 26\/1&#8221; si dosjen e ferrit p\u00ebr dyshen Rama-Balla. Sipas p\u00ebrgjimeve t\u00eb zbardhura nga targeti me PIN-in specifik AM5P80, grupi i Suel \u00c7el\u00ebs nuk i k\u00ebrkoi &#8220;Taos&#8221; tendera publik\u00eb, por vet\u00ebm prangosjen e fisit rival t\u00eb \u00c7apjave.<\/p>\n<p>Kjo marr\u00ebveshje kriminale u zbatua pik\u00ebrisht n\u00eb mars t\u00eb vitit 2021 para zgjedhjeve, kur arrestimi i Ardjan \u00c7apjas b\u00ebri q\u00eb Balla t\u00eb shpallej &#8220;kampion votash&#8221; n\u00eb Elbasan. Implikimi i tij n\u00eb dosjen &#8220;Toyota Yaris&#8221; d\u00ebshmon gjithashtu se pastrimi i parave t\u00eb pista dhe ndikimi mbi oficer\u00ebt e BKH-s\u00eb ishte nj\u00eb praktik\u00eb e shtrir\u00eb n\u00eb koh\u00eb.<\/p>\n<p>P\u00ebrve\u00e7 k\u00ebsaj, lideri i opozit\u00ebs denoncoi nj\u00eb tjet\u00ebr bised\u00eb t\u00eb dat\u00ebs 13 prill 2020, ku sipas kodit &#8220;1FA806&#8221;, Balla kishte marr\u00eb p\u00ebrsip\u00ebr p\u00ebr llogari t\u00eb band\u00ebs q\u00eb t\u00eb pastronte plot\u00ebsisht Komisariatin e Elbasanit dhe t\u00eb d\u00ebbonte t\u00eb gjith\u00eb polic\u00ebt e lidhur me &#8220;Boer\u00ebt&#8221;. Nd\u00ebrhyrjet kirurgjikale n\u00eb em\u00ebrimet dhe shkarkimet brenda Komisariatit t\u00eb Elbasanit konfirmojn\u00eb se asnj\u00eb zyrtar i ndersh\u00ebm policie nuk mund t\u00eb vepronte jasht\u00eb urdhrave t\u00eb kupol\u00ebs politiko-kriminale.<\/p>\n","protected":false},"excerpt":{"rendered":"<p>3 Shtator 2026 Taulant Balla rrezikon prangat pas p\u00ebrgjimeve q\u00eb e lidhin emrin e deputetit t\u00eb Edi Ram\u00ebs me bot\u00ebn e krimit. N\u00eb materialet hetimore kan\u00eb dal\u00eb biseda ku Balla p\u00ebrmendet me em\u00ebr dhe mbiem\u00ebr, nd\u00ebrsa \u00e7\u00ebshtja ka marr\u00eb edhe p\u00ebrmas\u00eb nd\u00ebrkomb\u00ebtare, pasi n\u00eb t\u00eb \u00ebsht\u00eb p\u00ebrfshir\u00eb nj\u00eb shtet an\u00ebtar i Bashkimit Europian q\u00eb po [&hellip;]<\/p>\n","protected":false},"author":9,"featured_media":105860,"comment_status":"open","ping_status":"open","sticky":false,"template":"","format":"standard","meta":{"jetpack_post_was_ever_published":false,"_jetpack_newsletter_access":"","_jetpack_dont_email_post_to_subs":false,"_jetpack_newsletter_tier_id":0,"_jetpack_memberships_contains_paywalled_content":false,"_jetpack_memberships_contains_paid_content":false,"footnotes":"","jetpack_publicize_message":"","jetpack_publicize_feature_enabled":true,"jetpack_social_post_already_shared":true,"jetpack_social_options":{"image_generator_settings":{"template":"highway","default_image_id":0,"font":"","enabled":false},"version":2}},"categories":[27,1,2,35],"tags":[],"class_list":["post-105859","post","type-post","status-publish","format-standard","has-post-thumbnail","hentry","category-blogu-i-udhetarit","category-njoftime-shtypi","category-politika","category-shoqerore"],"jetpack_publicize_connections":[],"jetpack_featured_media_url":"https:\/\/i0.wp.com\/www.shqiperia.com\/blog\/wp-content\/uploads\/2026\/09\/maxresdefault.jpg?fit=1280%2C720&ssl=1","jetpack_sharing_enabled":true,"jetpack_shortlink":"https:\/\/wp.me\/p5Z6wp-rxp","jetpack-related-posts":[{"id":103950,"url":"https:\/\/www.shqiperia.com\/blog\/dosje-ne-spak-per-taulant-ballen-fshehje-pasurie-pastrim-parash-dhe-korrupsion-ja-dokumenti-qe-mund-te-hape\/","url_meta":{"origin":105859,"position":0},"title":"Dosje n\u00eb SPAK p\u00ebr Taulant Ball\u00ebn, fshehje pasurie, pastrim parash dhe korrupsion, ja dokumenti q\u00eb mund t\u00eb hap\u00eb\u2026","author":"Kurt Farka","date":"August 7, 2026","format":false,"excerpt":"7 Gusht 2026 Kreu i Grupit Parlamentar t\u00eb Partis\u00eb Socialiste, Taulant Balla, dyshohet p\u00ebr fshehje pasurie, pastrim parash dhe korrupsion. Nj\u00eb prej organizator\u00ebve t\u00eb protestave qytetare n\u00eb Tiran\u00eb, Gentian Progni, ka publikuar n\u00eb rrjetet sociale nj\u00eb faksimile t\u00eb nj\u00eb dokumenti, ku shfaqet, mes t\u00eb tjer\u00ebve, edhe emri i Taulant Ball\u00ebs.\u2026","rel":"","context":"In &quot;Blogu i Udh\u00ebtarit&quot;","block_context":{"text":"Blogu i Udh\u00ebtarit","link":"https:\/\/www.shqiperia.com\/blog\/category\/blogu-i-udhetarit\/"},"img":{"alt_text":"","src":"https:\/\/i0.wp.com\/www.shqiperia.com\/blog\/wp-content\/uploads\/2026\/08\/foto-3-balla-spak-AI-1140x570-1.jpg?fit=1140%2C570&ssl=1&resize=350%2C200","width":350,"height":200,"srcset":"https:\/\/i0.wp.com\/www.shqiperia.com\/blog\/wp-content\/uploads\/2026\/08\/foto-3-balla-spak-AI-1140x570-1.jpg?fit=1140%2C570&ssl=1&resize=350%2C200 1x, https:\/\/i0.wp.com\/www.shqiperia.com\/blog\/wp-content\/uploads\/2026\/08\/foto-3-balla-spak-AI-1140x570-1.jpg?fit=1140%2C570&ssl=1&resize=525%2C300 1.5x, https:\/\/i0.wp.com\/www.shqiperia.com\/blog\/wp-content\/uploads\/2026\/08\/foto-3-balla-spak-AI-1140x570-1.jpg?fit=1140%2C570&ssl=1&resize=700%2C400 2x, https:\/\/i0.wp.com\/www.shqiperia.com\/blog\/wp-content\/uploads\/2026\/08\/foto-3-balla-spak-AI-1140x570-1.jpg?fit=1140%2C570&ssl=1&resize=1050%2C600 3x"},"classes":[]},{"id":102173,"url":"https:\/\/www.shqiperia.com\/blog\/shteti-i-kapur-prova-eshte-aruba-lubonja-ne-vend-te-arrestojne-ramen-per-korrupsionin-ndalojne-protestuesit-pse-hodhen-veze-balla-provokoi\/","url_meta":{"origin":105859,"position":1},"title":"\u201cShteti i kapur, prova \u00ebsht\u00eb Aruba\u201d- Lubonja: N\u00eb vend t\u00eb arrestojn\u00eb Ram\u00ebn p\u00ebr korrupsionin, ndalojn\u00eb protestuesit pse hodh\u00ebn vez\u00eb! Balla provokoi","author":"Kurt Farka","date":"July 2, 2026","format":false,"excerpt":"2 Korrik 2026 Analisti Fatos Lubonja komentoi protest\u00ebn e qytetar\u00ebve dhe aktivist\u00ebve sot para parlamentit, ku Policia ushtroi dhun\u00eb me gaz lotsjell\u00ebs, spraj me piper dhe topa uji, duke shoq\u00ebruar edhe t\u00eb pakt\u00ebn 20 prej tyre me forc\u00eb. Ai e d\u00ebnoi k\u00ebt\u00eb dhun\u00eb policore dhe shtet\u00ebrore, duke b\u00ebr\u00eb p\u00ebrgjegj\u00ebse qeverin\u00eb,\u2026","rel":"","context":"In &quot;Blogu i Udh\u00ebtarit&quot;","block_context":{"text":"Blogu i Udh\u00ebtarit","link":"https:\/\/www.shqiperia.com\/blog\/category\/blogu-i-udhetarit\/"},"img":{"alt_text":"","src":"https:\/\/i0.wp.com\/www.shqiperia.com\/blog\/wp-content\/uploads\/2026\/07\/fatos-lubonja.jpg?fit=700%2C375&ssl=1&resize=350%2C200","width":350,"height":200,"srcset":"https:\/\/i0.wp.com\/www.shqiperia.com\/blog\/wp-content\/uploads\/2026\/07\/fatos-lubonja.jpg?fit=700%2C375&ssl=1&resize=350%2C200 1x, https:\/\/i0.wp.com\/www.shqiperia.com\/blog\/wp-content\/uploads\/2026\/07\/fatos-lubonja.jpg?fit=700%2C375&ssl=1&resize=525%2C300 1.5x, https:\/\/i0.wp.com\/www.shqiperia.com\/blog\/wp-content\/uploads\/2026\/07\/fatos-lubonja.jpg?fit=700%2C375&ssl=1&resize=700%2C400 2x"},"classes":[]},{"id":102262,"url":"https:\/\/www.shqiperia.com\/blog\/mijera-pergjime-fbi-i-ka-qepur-dosjen-edi-rames-dhe-bashkepunetoreve-te-tij-nen-monitorim\/","url_meta":{"origin":105859,"position":2},"title":"Mij\u00ebra p\u00ebrgjime,  FBI i ka qepur dosjen Edi Ram\u00ebs dhe bashk\u00ebpun\u00ebtor\u00ebve t\u00eb tij, n\u00ebn monitorim\u2026","author":"Kurt Farka","date":"July 5, 2026","format":false,"excerpt":"5 Korrik 2026 Gazetari Robert Papa pretendon se \u00e7do dit\u00eb dalin mij\u00ebra dosje p\u00ebrgjimesh p\u00ebr miliarda dollar\u00eb t\u00eb kapura n\u00eb Zvic\u00ebr e Dubai dhe se libri \u201cAlbanian files\u201d ka si q\u00ebllim d\u00ebrgimin e kryeministrit n\u00eb burg. Papa shprehet se Rama ka futur njer\u00ebz nga Banka e Shqip\u00ebris\u00eb te SPAK p\u00ebr\u2026","rel":"","context":"In &quot;Blogu i Udh\u00ebtarit&quot;","block_context":{"text":"Blogu i Udh\u00ebtarit","link":"https:\/\/www.shqiperia.com\/blog\/category\/blogu-i-udhetarit\/"},"img":{"alt_text":"","src":"https:\/\/i0.wp.com\/www.shqiperia.com\/blog\/wp-content\/uploads\/2026\/07\/foto-2-rama-papa-pergjime-FBI-AI-1140x570-2.jpg?fit=1140%2C570&ssl=1&resize=350%2C200","width":350,"height":200,"srcset":"https:\/\/i0.wp.com\/www.shqiperia.com\/blog\/wp-content\/uploads\/2026\/07\/foto-2-rama-papa-pergjime-FBI-AI-1140x570-2.jpg?fit=1140%2C570&ssl=1&resize=350%2C200 1x, https:\/\/i0.wp.com\/www.shqiperia.com\/blog\/wp-content\/uploads\/2026\/07\/foto-2-rama-papa-pergjime-FBI-AI-1140x570-2.jpg?fit=1140%2C570&ssl=1&resize=525%2C300 1.5x, https:\/\/i0.wp.com\/www.shqiperia.com\/blog\/wp-content\/uploads\/2026\/07\/foto-2-rama-papa-pergjime-FBI-AI-1140x570-2.jpg?fit=1140%2C570&ssl=1&resize=700%2C400 2x, https:\/\/i0.wp.com\/www.shqiperia.com\/blog\/wp-content\/uploads\/2026\/07\/foto-2-rama-papa-pergjime-FBI-AI-1140x570-2.jpg?fit=1140%2C570&ssl=1&resize=1050%2C600 3x"},"classes":[]},{"id":103150,"url":"https:\/\/www.shqiperia.com\/blog\/dosja-e-zeze-e-taulant-balles-nga-akuzat-per-nderhyrje-ne-polici-pergjime-me-krimin-ne-elbasan-asgjesim-provash\/","url_meta":{"origin":105859,"position":3},"title":"\u201cDosja e zez\u00eb\u201d e Taulant Ball\u00ebs, nga akuzat p\u00ebr nd\u00ebrhyrje n\u00eb polici, p\u00ebrgjime me krimin n\u00eb Elbasan, asgj\u00ebsim provash\u2026","author":"Kurt Farka","date":"July 23, 2026","format":false,"excerpt":"23 Korrik 2026 Emri i Taulant Ball\u00ebs vijon t\u00eb jet\u00eb n\u00eb qend\u00ebr t\u00eb debatit publik, i shoq\u00ebruar nga nj\u00eb s\u00ebr\u00eb akuzash dhe \u00e7\u00ebshtjesh q\u00eb kan\u00eb b\u00ebr\u00eb jehon\u00eb nd\u00ebr vite. Nga pretendimet p\u00ebr lidhje me biznesmenin Edmond Bego, akuzat p\u00ebr nd\u00ebrhyrje n\u00eb polici dhe drejt\u00ebsi, p\u00ebrgjimet me grupe kriminale n\u00eb Elbasan,\u2026","rel":"","context":"In &quot;Blogu i Udh\u00ebtarit&quot;","block_context":{"text":"Blogu i Udh\u00ebtarit","link":"https:\/\/www.shqiperia.com\/blog\/category\/blogu-i-udhetarit\/"},"img":{"alt_text":"","src":"https:\/\/i0.wp.com\/www.shqiperia.com\/blog\/wp-content\/uploads\/2026\/07\/taulant-balla-1068x712-1.jpeg?fit=1068%2C712&ssl=1&resize=350%2C200","width":350,"height":200,"srcset":"https:\/\/i0.wp.com\/www.shqiperia.com\/blog\/wp-content\/uploads\/2026\/07\/taulant-balla-1068x712-1.jpeg?fit=1068%2C712&ssl=1&resize=350%2C200 1x, https:\/\/i0.wp.com\/www.shqiperia.com\/blog\/wp-content\/uploads\/2026\/07\/taulant-balla-1068x712-1.jpeg?fit=1068%2C712&ssl=1&resize=525%2C300 1.5x, https:\/\/i0.wp.com\/www.shqiperia.com\/blog\/wp-content\/uploads\/2026\/07\/taulant-balla-1068x712-1.jpeg?fit=1068%2C712&ssl=1&resize=700%2C400 2x, https:\/\/i0.wp.com\/www.shqiperia.com\/blog\/wp-content\/uploads\/2026\/07\/taulant-balla-1068x712-1.jpeg?fit=1068%2C712&ssl=1&resize=1050%2C600 3x"},"classes":[]},{"id":102177,"url":"https:\/\/www.shqiperia.com\/blog\/mijera-pergjime-robert-papa-tregon-si-fbi-i-ka-qepur-dosjen-edi-rames-dhe-bashkepunetoreve-te-tij-nen-monitorim\/","url_meta":{"origin":105859,"position":4},"title":"Mij\u00ebra p\u00ebrgjime, Robert Papa tregon si FBI i ka qepur dosjen Edi Ram\u00ebs dhe bashk\u00ebpun\u00ebtor\u00ebve t\u00eb tij, n\u00ebn monitorim\u2026","author":"Kurt Farka","date":"July 3, 2026","format":false,"excerpt":"3 Korrik 2026 Gazetari i njohur n\u00eb SHBA Robert Papa deklaron se FBI ka n\u00ebn mbik\u00ebqyrje Edi Ram\u00ebn dhe bashk\u00ebpun\u00ebtor\u00ebt e tij, duke p\u00ebrmendur deputetin socialist Taulant Ball\u00ebn dhe bashk\u00ebshorten e kryeministrit, e cila sipas tij \u00ebsht\u00eb mbajtur dy or\u00eb, ashtu si\u00e7 \u00ebsht\u00eb mbajtur edhe Rama nj\u00eb or\u00eb n\u00eb aeroport\u2026","rel":"","context":"In &quot;Blogu i Udh\u00ebtarit&quot;","block_context":{"text":"Blogu i Udh\u00ebtarit","link":"https:\/\/www.shqiperia.com\/blog\/category\/blogu-i-udhetarit\/"},"img":{"alt_text":"","src":"https:\/\/i0.wp.com\/www.shqiperia.com\/blog\/wp-content\/uploads\/2026\/07\/foto-2-rama-papa-pergjime-FBI-AI-1140x570-1.jpg?fit=1140%2C570&ssl=1&resize=350%2C200","width":350,"height":200,"srcset":"https:\/\/i0.wp.com\/www.shqiperia.com\/blog\/wp-content\/uploads\/2026\/07\/foto-2-rama-papa-pergjime-FBI-AI-1140x570-1.jpg?fit=1140%2C570&ssl=1&resize=350%2C200 1x, https:\/\/i0.wp.com\/www.shqiperia.com\/blog\/wp-content\/uploads\/2026\/07\/foto-2-rama-papa-pergjime-FBI-AI-1140x570-1.jpg?fit=1140%2C570&ssl=1&resize=525%2C300 1.5x, https:\/\/i0.wp.com\/www.shqiperia.com\/blog\/wp-content\/uploads\/2026\/07\/foto-2-rama-papa-pergjime-FBI-AI-1140x570-1.jpg?fit=1140%2C570&ssl=1&resize=700%2C400 2x, https:\/\/i0.wp.com\/www.shqiperia.com\/blog\/wp-content\/uploads\/2026\/07\/foto-2-rama-papa-pergjime-FBI-AI-1140x570-1.jpg?fit=1140%2C570&ssl=1&resize=1050%2C600 3x"},"classes":[]},{"id":103063,"url":"https:\/\/www.shqiperia.com\/blog\/spak-te-nise-hetimet-per-kryeministrin-per-pastrim-parash-aktivisti-tepelena-eurodeputeti-gjerman-akuzoi-ramen\/","url_meta":{"origin":105859,"position":5},"title":"\u201cSPAK t\u00eb nis\u00eb hetimet p\u00ebr kryeministrin p\u00ebr pastrim parash\u201d- Aktivisti Tepelena: Eurodeputeti gjerman akuzoi Ram\u00ebn!","author":"Kurt Farka","date":"July 22, 2026","format":false,"excerpt":"22 Korrik 2026 Aktivisti dhe organizatori i protest\u00ebs qytetare, Andi Tepelena, hodhi sot akuza t\u00eb r\u00ebnda ndaj kryeministrit Edi Rama n\u00eb dit\u00ebn e 52-t\u00eb t\u00eb revolt\u00ebs p\u00ebr pastrim parash dhe i b\u00ebri thirrje SPAK-ut t\u00eb niste hetimet ndaj tij Ai shpjegoi se edhe nj\u00eb eurodeputet gjerman ka b\u00ebr\u00eb deklarat\u00ebn e\u2026","rel":"","context":"In &quot;Blogu i Udh\u00ebtarit&quot;","block_context":{"text":"Blogu i Udh\u00ebtarit","link":"https:\/\/www.shqiperia.com\/blog\/category\/blogu-i-udhetarit\/"},"img":{"alt_text":"","src":"https:\/\/i0.wp.com\/www.shqiperia.com\/blog\/wp-content\/uploads\/2026\/07\/andi-tepelena5.jpg?fit=636%2C343&ssl=1&resize=350%2C200","width":350,"height":200,"srcset":"https:\/\/i0.wp.com\/www.shqiperia.com\/blog\/wp-content\/uploads\/2026\/07\/andi-tepelena5.jpg?fit=636%2C343&ssl=1&resize=350%2C200 1x, https:\/\/i0.wp.com\/www.shqiperia.com\/blog\/wp-content\/uploads\/2026\/07\/andi-tepelena5.jpg?fit=636%2C343&ssl=1&resize=525%2C300 1.5x"},"classes":[]}],"_links":{"self":[{"href":"https:\/\/www.shqiperia.com\/blog\/wp-json\/wp\/v2\/posts\/105859","targetHints":{"allow":["GET"]}}],"collection":[{"href":"https:\/\/www.shqiperia.com\/blog\/wp-json\/wp\/v2\/posts"}],"about":[{"href":"https:\/\/www.shqiperia.com\/blog\/wp-json\/wp\/v2\/types\/post"}],"author":[{"embeddable":true,"href":"https:\/\/www.shqiperia.com\/blog\/wp-json\/wp\/v2\/users\/9"}],"replies":[{"embeddable":true,"href":"https:\/\/www.shqiperia.com\/blog\/wp-json\/wp\/v2\/comments?post=105859"}],"version-history":[{"count":1,"href":"https:\/\/www.shqiperia.com\/blog\/wp-json\/wp\/v2\/posts\/105859\/revisions"}],"predecessor-version":[{"id":105861,"href":"https:\/\/www.shqiperia.com\/blog\/wp-json\/wp\/v2\/posts\/105859\/revisions\/105861"}],"wp:featuredmedia":[{"embeddable":true,"href":"https:\/\/www.shqiperia.com\/blog\/wp-json\/wp\/v2\/media\/105860"}],"wp:attachment":[{"href":"https:\/\/www.shqiperia.com\/blog\/wp-json\/wp\/v2\/media?parent=105859"}],"wp:term":[{"taxonomy":"category","embeddable":true,"href":"https:\/\/www.shqiperia.com\/blog\/wp-json\/wp\/v2\/categories?post=105859"},{"taxonomy":"post_tag","embeddable":true,"href":"https:\/\/www.shqiperia.com\/blog\/wp-json\/wp\/v2\/tags?post=105859"}],"curies":[{"name":"wp","href":"https:\/\/api.w.org\/{rel}","templated":true}]}}